{"id":118876,"date":"2021-07-22T13:15:20","date_gmt":"2021-07-22T20:15:20","guid":{"rendered":"https:\/\/www.sonoraenequipo.com.mx\/?p=118876"},"modified":"2021-07-22T14:29:23","modified_gmt":"2021-07-22T21:29:23","slug":"advierte-isssteson-de-sindrome-inflamatorio-sistemico-en-ninos-post-covid","status":"publish","type":"post","link":"https:\/\/www.sonoraenequipo.com.mx\/advierte-isssteson-de-sindrome-inflamatorio-sistemico-en-ninos-post-covid\/","title":{"rendered":"Advierte Isssteson de S\u00edndrome Inflamatorio Sist\u00e9mico en ni\u00f1os post COVID"},"content":{"rendered":"<p>HERMOSILLO, SONORA. MX. \u2014 Aunque se trata de un problema de salud poco com\u00fan, el S\u00edndrome Inflamatorio Sist\u00e9mico puede presentarse principalmente en ni\u00f1os y ni\u00f1as de 6 a 12 a\u00f1os de edad, pero tambi\u00e9n existe el riesgo de que los menores de 6 a\u00f1os puedan contraerlo, inform\u00f3 Mart\u00edn Enrique M\u00e1rquez C\u00f3rdova.<\/p>\n<p>&nbsp;<\/p>\n<p> <\/p>\n<p>&nbsp;<\/p>\n<p>El jefe de epidemiolog\u00eda del Instituto de Seguridad y Servicios Sociales de los Trabajadores del Estado de Sonora (Isssteson), explic\u00f3 que este s\u00edndrome es una enfermedad post COVID que se caracteriza por s\u00edntomas como el decaimiento, agotamiento sin raz\u00f3n y un bajo rendimiento f\u00edsico de los menores, lo que puede hacer sospechar de su presencia en el organismo.<\/p>\n<p>&nbsp;<\/p>\n<p>&nbsp;<\/p>\n<p>M\u00e1rquez C\u00f3rdova, detall\u00f3 que en ocasiones su inicio es muy vago y puede confundirse con el S\u00edndrome de Guillian-Barr\u00e9 o la Enfermedad de Kawasaki, por lo que se deben realizar estudios de cada una para descartarlas.<\/p>\n<p>&nbsp;<\/p>\n<p>&nbsp;<\/p>\n<p><em>\u00abSiempre debemos estar pendiente del comportamiento, del rendimiento del ni\u00f1o, especialmente si estuvo en contacto con personas con COVID-19 y si se comporta diferente, pedir asesor\u00eda a trav\u00e9s de la consulta m\u00e9dica<\/em>\u00ab, explic\u00f3 el especialista del Instituto.<\/p>\n<p>&nbsp;<\/p>\n<p>&nbsp;<\/p>\n<p>Recomend\u00f3 tambi\u00e9n poner en contexto al m\u00e9dico tratante si el ni\u00f1o estuvo en contacto con personas positivas al virus, ya que, destac\u00f3, es un mito aquel de que los peque\u00f1os est\u00e1n protegidos contra el COVID-19, que si bien es cierto el virus no representa el mismo riesgo para ellos como lo es para los adultos, tambi\u00e9n pueden ser portadores y tener secuelas que afecten su salud.<\/p>\n<p>&nbsp;<\/p>\n<p>&nbsp;<\/p>\n<p>Se\u00f1al\u00f3 que el S\u00edndrome Inflamatorio Sist\u00e9mico prende la alarma para que los pap\u00e1s est\u00e9n atentos de los ni\u00f1os y sigan cuid\u00e1ndose y cuid\u00e1ndolos.<\/p>\n<p>&nbsp;<\/p>\n<p>&nbsp;<\/p>\n<p><em>\u00abEstamos hablando que el ni\u00f1o presenta estos s\u00edntomas del S\u00edndrome hasta 20 o 30 d\u00edas despu\u00e9s de que estuvo en contacto con el COVID, no es inmediato, no es en la etapa aguda, sino despu\u00e9s\u00bb<\/em>, coment\u00f3 M\u00e1rquez C\u00f3rdova.<\/p>\n<p>&nbsp;<\/p>\n<p>&nbsp;<\/p>\n<p>Advirti\u00f3 que al padecer la enfermedad inflamatoria, la vida de los menores puede estar en riesgo, por lo que se requiere un diagn\u00f3stico oportuno.<\/p>\n<p>&nbsp;<\/p>\n<p>&nbsp;<\/p>\n<p><em>\u00abAl tener inflamaci\u00f3n hay \u00f3rganos m\u00e1s sensibles a la misma como el cerebro, coraz\u00f3n, ri\u00f1\u00f3n, h\u00edgado, pero al momento de ser sist\u00e9mico, provoca la inflamaci\u00f3n en todo el cuerpo y los efectos pueden ser distintos de un menor a otro\u00bb,<\/em> explic\u00f3 el jefe de epidemiolog\u00eda de Isssteson.<\/p>\n<p>&nbsp;<\/p>\n<p>&nbsp;<\/p>\n<p>Recomend\u00f3 el cuidado general como principal estrategia, es decir, el lavado de manos con agua y jab\u00f3n de manera constante, la sana distancia, el uso de cubrebocas y mantenerse en casa de preferencia, como medidas para prevenir el COVID-19 y evitar posibles problemas de salud derivados del virus, como es el S\u00edndrome Inflamatorio Sist\u00e9mico.<\/p>\n<p>&nbsp;<\/p>\n<p>&nbsp;<\/p>\n<p>&nbsp;<\/p>\n<p>(Publicada el 22\/07\/2021)<\/p>\n","protected":false},"excerpt":{"rendered":"<p>HERMOSILLO, SONORA. MX. \u2014 Aunque se trata de un problema de salud poco com\u00fan, el&#8230;<\/p>\n","protected":false},"author":1,"featured_media":118877,"comment_status":"open","ping_status":"open","sticky":false,"template":"","format":"standard","meta":{"_monsterinsights_skip_tracking":false,"_monsterinsights_sitenote_active":false,"_monsterinsights_sitenote_note":"","_monsterinsights_sitenote_category":0,"footnotes":""},"categories":[5],"tags":[],"class_list":["post"],"yoast_head":" \n<title>Sonora en Equipo. Advierte Isssteson de S\u00edndrome Inflamatorio Sist\u00e9mico en ni\u00f1os post COVID Rep\u00fablica<\/title>\n<meta name=\"description\" content=\"HERMOSILLO, SONORA. MX. \u2014 Aunque se trata de un problema de salud poco com\u00fan, el S\u00edndrome Inflamatorio Sist\u00e9mico puede presentarse principalmente en ni\u00f1os En Sonora en Equipo publicamos toda la informaci\u00f3n de Sonora, M\u00e9xico y el Mundo de manera oportuna y busca que la libertad de expresi\u00f3n sea real. Visita nuestro medio informativo publicado desde Hermosillo, Sonora. %\" \/>\n<meta name=\"robots\" content=\"index, follow, max-snippet:-1, max-image-preview:large, max-video-preview:-1\" \/>\n<link rel=\"canonical\" href=\"https:\/\/www.sonoraenequipo.com.mx\/advierte-isssteson-de-sindrome-inflamatorio-sistemico-en-ninos-post-covid\/\" \/>\n<meta property=\"og:locale\" content=\"es_ES\" \/>\n<meta property=\"og:type\" content=\"article\" \/>\n<meta property=\"og:title\" content=\"Sonora en Equipo. Advierte Isssteson de S\u00edndrome Inflamatorio Sist\u00e9mico en ni\u00f1os post COVID Rep\u00fablica\" \/>\n<meta property=\"og:description\" content=\"HERMOSILLO, SONORA. MX. \u2014 Aunque se trata de un problema de salud poco com\u00fan, el S\u00edndrome Inflamatorio Sist\u00e9mico puede presentarse principalmente en ni\u00f1os En Sonora en Equipo publicamos toda la informaci\u00f3n de Sonora, M\u00e9xico y el Mundo de manera oportuna y busca que la libertad de expresi\u00f3n sea real. Visita nuestro medio informativo publicado desde Hermosillo, Sonora. %\" \/>\n<meta property=\"og:url\" content=\"https:\/\/www.sonoraenequipo.com.mx\/advierte-isssteson-de-sindrome-inflamatorio-sistemico-en-ninos-post-covid\/\" \/>\n<meta property=\"og:site_name\" content=\"Sonora en Equipo.\" \/>\n<meta property=\"article:publisher\" content=\"https:\/\/www.facebook.com\/SonoraEE\/\" \/>\n<meta property=\"article:author\" content=\"https:\/\/www.facebook.com\/SonoraEE\" \/>\n<meta property=\"article:published_time\" content=\"2021-07-22T20:15:20+00:00\" \/>\n<meta property=\"article:modified_time\" content=\"2021-07-22T21:29:23+00:00\" \/>\n<meta property=\"og:image\" content=\"https:\/\/www.sonoraenequipo.com.mx\/storage\/2021\/07\/SindromeInflamatorio-01_opt.jpg\" \/>\n\t<meta property=\"og:image:width\" content=\"700\" \/>\n\t<meta property=\"og:image:height\" content=\"400\" \/>\n\t<meta property=\"og:image:type\" content=\"image\/jpeg\" \/>\n<meta name=\"author\" content=\"enequipo\" \/>\n<meta name=\"twitter:card\" content=\"summary_large_image\" \/>\n<meta name=\"twitter:creator\" content=\"@sonoraenequipo\" \/>\n<meta name=\"twitter:site\" content=\"@sonoraenequipo\" \/>\n<meta name=\"twitter:label1\" content=\"Escrito por\" \/>\n\t<meta name=\"twitter:data1\" content=\"enequipo\" \/>\n\t<meta name=\"twitter:label2\" content=\"Tiempo de lectura\" \/>\n\t<meta name=\"twitter:data2\" content=\"2 minutos\" \/>\n<script type=\"application\/ld+json\" class=\"yoast-schema-graph\">{\"@context\":\"https:\/\/schema.org\",\"@graph\":[{\"@type\":\"Article\",\"@id\":\"https:\/\/www.sonoraenequipo.com.mx\/advierte-isssteson-de-sindrome-inflamatorio-sistemico-en-ninos-post-covid\/#article\",\"isPartOf\":{\"@id\":\"https:\/\/www.sonoraenequipo.com.mx\/advierte-isssteson-de-sindrome-inflamatorio-sistemico-en-ninos-post-covid\/\"},\"author\":{\"name\":\"enequipo\",\"@id\":\"https:\/\/www.sonoraenequipo.com.mx\/#\/schema\/person\/50102df0fb23a8fa9e8effad8fa81386\"},\"headline\":\"Advierte Isssteson de S\u00edndrome Inflamatorio Sist\u00e9mico en ni\u00f1os post COVID\",\"datePublished\":\"2021-07-22T20:15:20+00:00\",\"dateModified\":\"2021-07-22T21:29:23+00:00\",\"mainEntityOfPage\":{\"@id\":\"https:\/\/www.sonoraenequipo.com.mx\/advierte-isssteson-de-sindrome-inflamatorio-sistemico-en-ninos-post-covid\/\"},\"wordCount\":521,\"commentCount\":0,\"publisher\":{\"@id\":\"https:\/\/www.sonoraenequipo.com.mx\/#organization\"},\"image\":{\"@id\":\"https:\/\/www.sonoraenequipo.com.mx\/advierte-isssteson-de-sindrome-inflamatorio-sistemico-en-ninos-post-covid\/#primaryimage\"},\"thumbnailUrl\":\"https:\/\/www.sonoraenequipo.com.mx\/storage\/2021\/07\/SindromeInflamatorio-01_opt.jpg\",\"articleSection\":[\"Rep\u00fablica\"],\"inLanguage\":\"es\",\"potentialAction\":[{\"@type\":\"CommentAction\",\"name\":\"Comment\",\"target\":[\"https:\/\/www.sonoraenequipo.com.mx\/advierte-isssteson-de-sindrome-inflamatorio-sistemico-en-ninos-post-covid\/#respond\"]}]},{\"@type\":\"WebPage\",\"@id\":\"https:\/\/www.sonoraenequipo.com.mx\/advierte-isssteson-de-sindrome-inflamatorio-sistemico-en-ninos-post-covid\/\",\"url\":\"https:\/\/www.sonoraenequipo.com.mx\/advierte-isssteson-de-sindrome-inflamatorio-sistemico-en-ninos-post-covid\/\",\"name\":\"Sonora en Equipo. Advierte Isssteson de S\u00edndrome Inflamatorio Sist\u00e9mico en ni\u00f1os post COVID Rep\u00fablica\",\"isPartOf\":{\"@id\":\"https:\/\/www.sonoraenequipo.com.mx\/#website\"},\"primaryImageOfPage\":{\"@id\":\"https:\/\/www.sonoraenequipo.com.mx\/advierte-isssteson-de-sindrome-inflamatorio-sistemico-en-ninos-post-covid\/#primaryimage\"},\"image\":{\"@id\":\"https:\/\/www.sonoraenequipo.com.mx\/advierte-isssteson-de-sindrome-inflamatorio-sistemico-en-ninos-post-covid\/#primaryimage\"},\"thumbnailUrl\":\"https:\/\/www.sonoraenequipo.com.mx\/storage\/2021\/07\/SindromeInflamatorio-01_opt.jpg\",\"datePublished\":\"2021-07-22T20:15:20+00:00\",\"dateModified\":\"2021-07-22T21:29:23+00:00\",\"description\":\"HERMOSILLO, SONORA. MX. \u2014 Aunque se trata de un problema de salud poco com\u00fan, el S\u00edndrome Inflamatorio Sist\u00e9mico puede presentarse principalmente en ni\u00f1os En Sonora en Equipo publicamos toda la informaci\u00f3n de Sonora, M\u00e9xico y el Mundo de manera oportuna y busca que la libertad de expresi\u00f3n sea real. Visita nuestro medio informativo publicado desde Hermosillo, Sonora. %\",\"breadcrumb\":{\"@id\":\"https:\/\/www.sonoraenequipo.com.mx\/advierte-isssteson-de-sindrome-inflamatorio-sistemico-en-ninos-post-covid\/#breadcrumb\"},\"inLanguage\":\"es\",\"potentialAction\":[{\"@type\":\"ReadAction\",\"target\":[\"https:\/\/www.sonoraenequipo.com.mx\/advierte-isssteson-de-sindrome-inflamatorio-sistemico-en-ninos-post-covid\/\"]}]},{\"@type\":\"ImageObject\",\"inLanguage\":\"es\",\"@id\":\"https:\/\/www.sonoraenequipo.com.mx\/advierte-isssteson-de-sindrome-inflamatorio-sistemico-en-ninos-post-covid\/#primaryimage\",\"url\":\"https:\/\/www.sonoraenequipo.com.mx\/storage\/2021\/07\/SindromeInflamatorio-01_opt.jpg\",\"contentUrl\":\"https:\/\/www.sonoraenequipo.com.mx\/storage\/2021\/07\/SindromeInflamatorio-01_opt.jpg\",\"width\":700,\"height\":400},{\"@type\":\"BreadcrumbList\",\"@id\":\"https:\/\/www.sonoraenequipo.com.mx\/advierte-isssteson-de-sindrome-inflamatorio-sistemico-en-ninos-post-covid\/#breadcrumb\",\"itemListElement\":[{\"@type\":\"ListItem\",\"position\":1,\"name\":\"Portada\",\"item\":\"https:\/\/www.sonoraenequipo.com.mx\/\"},{\"@type\":\"ListItem\",\"position\":2,\"name\":\"Advierte Isssteson de S\u00edndrome Inflamatorio Sist\u00e9mico en ni\u00f1os post COVID\"}]},{\"@type\":\"WebSite\",\"@id\":\"https:\/\/www.sonoraenequipo.com.mx\/#website\",\"url\":\"https:\/\/www.sonoraenequipo.com.mx\/\",\"name\":\"Sonora en Equipo.\",\"description\":\"Diario en l\u00ednea con Noticias desde Hermosillo, Sonora\",\"publisher\":{\"@id\":\"https:\/\/www.sonoraenequipo.com.mx\/#organization\"},\"potentialAction\":[{\"@type\":\"SearchAction\",\"target\":{\"@type\":\"EntryPoint\",\"urlTemplate\":\"https:\/\/www.sonoraenequipo.com.mx\/?s={search_term_string}\"},\"query-input\":{\"@type\":\"PropertyValueSpecification\",\"valueRequired\":true,\"valueName\":\"search_term_string\"}}],\"inLanguage\":\"es\"},{\"@type\":\"Organization\",\"@id\":\"https:\/\/www.sonoraenequipo.com.mx\/#organization\",\"name\":\"Sonoraenequipo.com.mx\",\"url\":\"https:\/\/www.sonoraenequipo.com.mx\/\",\"logo\":{\"@type\":\"ImageObject\",\"inLanguage\":\"es\",\"@id\":\"https:\/\/www.sonoraenequipo.com.mx\/#\/schema\/logo\/image\/\",\"url\":\"https:\/\/www.sonoraenequipo.com.mx\/storage\/2019\/01\/sonoraenequipo_opt.png\",\"contentUrl\":\"https:\/\/www.sonoraenequipo.com.mx\/storage\/2019\/01\/sonoraenequipo_opt.png\",\"width\":375,\"height\":125,\"caption\":\"Sonoraenequipo.com.mx\"},\"image\":{\"@id\":\"https:\/\/www.sonoraenequipo.com.mx\/#\/schema\/logo\/image\/\"},\"sameAs\":[\"https:\/\/www.facebook.com\/SonoraEE\/\",\"https:\/\/x.com\/sonoraenequipo\",\"https:\/\/www.youtube.com\/channel\/UC338nW-lPEYmJQs4ZABQ1SQ\"]},{\"@type\":\"Person\",\"@id\":\"https:\/\/www.sonoraenequipo.com.mx\/#\/schema\/person\/50102df0fb23a8fa9e8effad8fa81386\",\"name\":\"enequipo\",\"image\":{\"@type\":\"ImageObject\",\"inLanguage\":\"es\",\"@id\":\"https:\/\/www.sonoraenequipo.com.mx\/#\/schema\/person\/image\/\",\"url\":\"https:\/\/secure.gravatar.com\/avatar\/049821681b589dabc0bc20695993ccebb09f5b5d4d790cd9251b97faac7c652b?s=96&d=blank&r=g\",\"contentUrl\":\"https:\/\/secure.gravatar.com\/avatar\/049821681b589dabc0bc20695993ccebb09f5b5d4d790cd9251b97faac7c652b?s=96&d=blank&r=g\",\"caption\":\"enequipo\"},\"sameAs\":[\"https:\/\/www.facebook.com\/SonoraEE\"]}]}<\/script>\n ","yoast_head_json":{"title":"Sonora en Equipo. Advierte Isssteson de S\u00edndrome Inflamatorio Sist\u00e9mico en ni\u00f1os post COVID Rep\u00fablica","description":"HERMOSILLO, SONORA. MX. \u2014 Aunque se trata de un problema de salud poco com\u00fan, el S\u00edndrome Inflamatorio Sist\u00e9mico puede presentarse principalmente en ni\u00f1os En Sonora en Equipo publicamos toda la informaci\u00f3n de Sonora, M\u00e9xico y el Mundo de manera oportuna y busca que la libertad de expresi\u00f3n sea real. Visita nuestro medio informativo publicado desde Hermosillo, Sonora. %","robots":{"index":"index","follow":"follow","max-snippet":"max-snippet:-1","max-image-preview":"max-image-preview:large","max-video-preview":"max-video-preview:-1"},"canonical":"https:\/\/www.sonoraenequipo.com.mx\/advierte-isssteson-de-sindrome-inflamatorio-sistemico-en-ninos-post-covid\/","og_locale":"es_ES","og_type":"article","og_title":"Sonora en Equipo. Advierte Isssteson de S\u00edndrome Inflamatorio Sist\u00e9mico en ni\u00f1os post COVID Rep\u00fablica","og_description":"HERMOSILLO, SONORA. MX. \u2014 Aunque se trata de un problema de salud poco com\u00fan, el S\u00edndrome Inflamatorio Sist\u00e9mico puede presentarse principalmente en ni\u00f1os En Sonora en Equipo publicamos toda la informaci\u00f3n de Sonora, M\u00e9xico y el Mundo de manera oportuna y busca que la libertad de expresi\u00f3n sea real. Visita nuestro medio informativo publicado desde Hermosillo, Sonora. %","og_url":"https:\/\/www.sonoraenequipo.com.mx\/advierte-isssteson-de-sindrome-inflamatorio-sistemico-en-ninos-post-covid\/","og_site_name":"Sonora en Equipo.","article_publisher":"https:\/\/www.facebook.com\/SonoraEE\/","article_author":"https:\/\/www.facebook.com\/SonoraEE","article_published_time":"2021-07-22T20:15:20+00:00","article_modified_time":"2021-07-22T21:29:23+00:00","og_image":[{"width":700,"height":400,"url":"https:\/\/www.sonoraenequipo.com.mx\/storage\/2021\/07\/SindromeInflamatorio-01_opt.jpg","type":"image\/jpeg"}],"author":"enequipo","twitter_card":"summary_large_image","twitter_creator":"@sonoraenequipo","twitter_site":"@sonoraenequipo","twitter_misc":{"Escrito por":"enequipo","Tiempo de lectura":"2 minutos"},"schema":{"@context":"https:\/\/schema.org","@graph":[{"@type":"Article","@id":"https:\/\/www.sonoraenequipo.com.mx\/advierte-isssteson-de-sindrome-inflamatorio-sistemico-en-ninos-post-covid\/#article","isPartOf":{"@id":"https:\/\/www.sonoraenequipo.com.mx\/advierte-isssteson-de-sindrome-inflamatorio-sistemico-en-ninos-post-covid\/"},"author":{"name":"enequipo","@id":"https:\/\/www.sonoraenequipo.com.mx\/#\/schema\/person\/50102df0fb23a8fa9e8effad8fa81386"},"headline":"Advierte Isssteson de S\u00edndrome Inflamatorio Sist\u00e9mico en ni\u00f1os post COVID","datePublished":"2021-07-22T20:15:20+00:00","dateModified":"2021-07-22T21:29:23+00:00","mainEntityOfPage":{"@id":"https:\/\/www.sonoraenequipo.com.mx\/advierte-isssteson-de-sindrome-inflamatorio-sistemico-en-ninos-post-covid\/"},"wordCount":521,"commentCount":0,"publisher":{"@id":"https:\/\/www.sonoraenequipo.com.mx\/#organization"},"image":{"@id":"https:\/\/www.sonoraenequipo.com.mx\/advierte-isssteson-de-sindrome-inflamatorio-sistemico-en-ninos-post-covid\/#primaryimage"},"thumbnailUrl":"https:\/\/www.sonoraenequipo.com.mx\/storage\/2021\/07\/SindromeInflamatorio-01_opt.jpg","articleSection":["Rep\u00fablica"],"inLanguage":"es","potentialAction":[{"@type":"CommentAction","name":"Comment","target":["https:\/\/www.sonoraenequipo.com.mx\/advierte-isssteson-de-sindrome-inflamatorio-sistemico-en-ninos-post-covid\/#respond"]}]},{"@type":"WebPage","@id":"https:\/\/www.sonoraenequipo.com.mx\/advierte-isssteson-de-sindrome-inflamatorio-sistemico-en-ninos-post-covid\/","url":"https:\/\/www.sonoraenequipo.com.mx\/advierte-isssteson-de-sindrome-inflamatorio-sistemico-en-ninos-post-covid\/","name":"Sonora en Equipo. Advierte Isssteson de S\u00edndrome Inflamatorio Sist\u00e9mico en ni\u00f1os post COVID Rep\u00fablica","isPartOf":{"@id":"https:\/\/www.sonoraenequipo.com.mx\/#website"},"primaryImageOfPage":{"@id":"https:\/\/www.sonoraenequipo.com.mx\/advierte-isssteson-de-sindrome-inflamatorio-sistemico-en-ninos-post-covid\/#primaryimage"},"image":{"@id":"https:\/\/www.sonoraenequipo.com.mx\/advierte-isssteson-de-sindrome-inflamatorio-sistemico-en-ninos-post-covid\/#primaryimage"},"thumbnailUrl":"https:\/\/www.sonoraenequipo.com.mx\/storage\/2021\/07\/SindromeInflamatorio-01_opt.jpg","datePublished":"2021-07-22T20:15:20+00:00","dateModified":"2021-07-22T21:29:23+00:00","description":"HERMOSILLO, SONORA. MX. \u2014 Aunque se trata de un problema de salud poco com\u00fan, el S\u00edndrome Inflamatorio Sist\u00e9mico puede presentarse principalmente en ni\u00f1os En Sonora en Equipo publicamos toda la informaci\u00f3n de Sonora, M\u00e9xico y el Mundo de manera oportuna y busca que la libertad de expresi\u00f3n sea real. Visita nuestro medio informativo publicado desde Hermosillo, Sonora. %","breadcrumb":{"@id":"https:\/\/www.sonoraenequipo.com.mx\/advierte-isssteson-de-sindrome-inflamatorio-sistemico-en-ninos-post-covid\/#breadcrumb"},"inLanguage":"es","potentialAction":[{"@type":"ReadAction","target":["https:\/\/www.sonoraenequipo.com.mx\/advierte-isssteson-de-sindrome-inflamatorio-sistemico-en-ninos-post-covid\/"]}]},{"@type":"ImageObject","inLanguage":"es","@id":"https:\/\/www.sonoraenequipo.com.mx\/advierte-isssteson-de-sindrome-inflamatorio-sistemico-en-ninos-post-covid\/#primaryimage","url":"https:\/\/www.sonoraenequipo.com.mx\/storage\/2021\/07\/SindromeInflamatorio-01_opt.jpg","contentUrl":"https:\/\/www.sonoraenequipo.com.mx\/storage\/2021\/07\/SindromeInflamatorio-01_opt.jpg","width":700,"height":400},{"@type":"BreadcrumbList","@id":"https:\/\/www.sonoraenequipo.com.mx\/advierte-isssteson-de-sindrome-inflamatorio-sistemico-en-ninos-post-covid\/#breadcrumb","itemListElement":[{"@type":"ListItem","position":1,"name":"Portada","item":"https:\/\/www.sonoraenequipo.com.mx\/"},{"@type":"ListItem","position":2,"name":"Advierte Isssteson de S\u00edndrome Inflamatorio Sist\u00e9mico en ni\u00f1os post COVID"}]},{"@type":"WebSite","@id":"https:\/\/www.sonoraenequipo.com.mx\/#website","url":"https:\/\/www.sonoraenequipo.com.mx\/","name":"Sonora en Equipo.","description":"Diario en l\u00ednea con Noticias desde Hermosillo, Sonora","publisher":{"@id":"https:\/\/www.sonoraenequipo.com.mx\/#organization"},"potentialAction":[{"@type":"SearchAction","target":{"@type":"EntryPoint","urlTemplate":"https:\/\/www.sonoraenequipo.com.mx\/?s={search_term_string}"},"query-input":{"@type":"PropertyValueSpecification","valueRequired":true,"valueName":"search_term_string"}}],"inLanguage":"es"},{"@type":"Organization","@id":"https:\/\/www.sonoraenequipo.com.mx\/#organization","name":"Sonoraenequipo.com.mx","url":"https:\/\/www.sonoraenequipo.com.mx\/","logo":{"@type":"ImageObject","inLanguage":"es","@id":"https:\/\/www.sonoraenequipo.com.mx\/#\/schema\/logo\/image\/","url":"https:\/\/www.sonoraenequipo.com.mx\/storage\/2019\/01\/sonoraenequipo_opt.png","contentUrl":"https:\/\/www.sonoraenequipo.com.mx\/storage\/2019\/01\/sonoraenequipo_opt.png","width":375,"height":125,"caption":"Sonoraenequipo.com.mx"},"image":{"@id":"https:\/\/www.sonoraenequipo.com.mx\/#\/schema\/logo\/image\/"},"sameAs":["https:\/\/www.facebook.com\/SonoraEE\/","https:\/\/x.com\/sonoraenequipo","https:\/\/www.youtube.com\/channel\/UC338nW-lPEYmJQs4ZABQ1SQ"]},{"@type":"Person","@id":"https:\/\/www.sonoraenequipo.com.mx\/#\/schema\/person\/50102df0fb23a8fa9e8effad8fa81386","name":"enequipo","image":{"@type":"ImageObject","inLanguage":"es","@id":"https:\/\/www.sonoraenequipo.com.mx\/#\/schema\/person\/image\/","url":"https:\/\/secure.gravatar.com\/avatar\/049821681b589dabc0bc20695993ccebb09f5b5d4d790cd9251b97faac7c652b?s=96&d=blank&r=g","contentUrl":"https:\/\/secure.gravatar.com\/avatar\/049821681b589dabc0bc20695993ccebb09f5b5d4d790cd9251b97faac7c652b?s=96&d=blank&r=g","caption":"enequipo"},"sameAs":["https:\/\/www.facebook.com\/SonoraEE"]}]}},"jetpack_featured_media_url":"https:\/\/www.sonoraenequipo.com.mx\/storage\/2021\/07\/SindromeInflamatorio-01_opt.jpg","_links":{"self":[{"href":"https:\/\/www.sonoraenequipo.com.mx\/api\/wp\/v2\/posts\/118876","targetHints":{"allow":["GET"]}}],"collection":[{"href":"https:\/\/www.sonoraenequipo.com.mx\/api\/wp\/v2\/posts"}],"about":[{"href":"https:\/\/www.sonoraenequipo.com.mx\/api\/wp\/v2\/types\/post"}],"author":[{"embeddable":true,"href":"https:\/\/www.sonoraenequipo.com.mx\/api\/wp\/v2\/users\/1"}],"replies":[{"embeddable":true,"href":"https:\/\/www.sonoraenequipo.com.mx\/api\/wp\/v2\/comments?post=118876"}],"version-history":[{"count":1,"href":"https:\/\/www.sonoraenequipo.com.mx\/api\/wp\/v2\/posts\/118876\/revisions"}],"predecessor-version":[{"id":118878,"href":"https:\/\/www.sonoraenequipo.com.mx\/api\/wp\/v2\/posts\/118876\/revisions\/118878"}],"wp:featuredmedia":[{"embeddable":true,"href":"https:\/\/www.sonoraenequipo.com.mx\/api\/wp\/v2\/media\/118877"}],"wp:attachment":[{"href":"https:\/\/www.sonoraenequipo.com.mx\/api\/wp\/v2\/media?parent=118876"}],"wp:term":[{"taxonomy":"category","embeddable":true,"href":"https:\/\/www.sonoraenequipo.com.mx\/api\/wp\/v2\/categories?post=118876"},{"taxonomy":"post_tag","embeddable":true,"href":"https:\/\/www.sonoraenequipo.com.mx\/api\/wp\/v2\/tags?post=118876"}],"curies":[{"name":"wp","href":"https:\/\/api.w.org\/{rel}","templated":true}]}}