{"id":118883,"date":"2021-07-22T10:08:35","date_gmt":"2021-07-22T17:08:35","guid":{"rendered":"https:\/\/www.sonoraenequipo.com.mx\/?p=118883"},"modified":"2021-07-22T18:35:03","modified_gmt":"2021-07-23T01:35:03","slug":"registra-sonora-ocho-fallecimientos-y-400-nuevos-casos-de-covid-19","status":"publish","type":"post","link":"https:\/\/www.sonoraenequipo.com.mx\/registra-sonora-ocho-fallecimientos-y-400-nuevos-casos-de-covid-19\/","title":{"rendered":"Registra Sonora ocho fallecimientos y 400 nuevos casos de COVID-19"},"content":{"rendered":"<p>Registra Sonora ocho fallecimientos y 400 nuevos casos de COVID-19<\/p>\n<p>HERMOSILLO, SONORA,MX.\u2500\u2500 La Secretar\u00eda de Salud en Sonora dio a conocer que se confirmaron ocho decesos y 400 nuevos casos de COVID-19, con lo que se acumulan 6 mil 626 defunciones y se acumulan 84 mil 010 casos que han sido positivos en la entidad desde el inicio de la pandemia.<\/p>\n<p>&nbsp;<\/p>\n<p>&nbsp;<\/p>\n<p>&nbsp;<\/p>\n<p>&nbsp;<\/p>\n<p>&nbsp;<\/p>\n<p>Se confirmaron ocho fallecimientos, en cinco hombres y tres mujeres, dos de las personas eran residentes de Caborca; una de Cajeme; una de General Plutarco El\u00edas Calles; una de Hermosillo; una de Navojoa; una de Nogales; y una de San Luis R\u00edo Colorado; cuatro de ellas eran derechohabientes del IMSS y cuatro de la Secretar\u00eda de Salud, acumul\u00e1ndose un total de 6 mil 626 defunciones.<\/p>\n<p>&nbsp;<\/p>\n<p>&nbsp;<\/p>\n<p>&nbsp;<\/p>\n<p>&nbsp;<\/p>\n<p>&nbsp;<\/p>\n<p>Tambi\u00e9n se confirmaron 400 nuevos casos por COVID, en 220 mujeres y 180 hombres, para un total de 84 mil 010 casos en la entidad. De los contagios nuevos, 164 son residentes de Hermosillo; 84 de Cajeme; 39 de Guaymas; 37 de Empalme; 23 de Navojoa; 10 de Caborca; nueve de Huatabampo; ocho de Nogales; ocho de Puerto Pe\u00f1asco; tres de San Ignacio R\u00edo Muerto; dos de San Luis R\u00edo Colorado; dos de Bavi\u00e1cora; dos de General Plutarco El\u00edas Calles; dos en Benjam\u00edn Hill; uno de Nacozari de Garc\u00eda; uno de Pitiquito; uno de Moctezuma; uno de Etchojoa; uno de Santa Ana; uno de Altar y uno de \u00c1lamos.<\/p>\n<p>&nbsp;<\/p>\n<p>&nbsp;<\/p>\n<p>&nbsp;<\/p>\n<p>&nbsp;<\/p>\n<p>&nbsp;<\/p>\n<p>25 casos pedi\u00e1tricos fueron registrados, en 13 ni\u00f1os y 12 ni\u00f1as, acumul\u00e1ndose mil 827; se confirmaron dos casos en mujeres embarazadas, acumul\u00e1ndose 587 casos; 17 de los 400 casos fueron en trabajadores de la salud de distintas instituciones. Se dieron de alta a siete pacientes y hasta el momento 74 mil 631 personas se han recuperado en la entidad.<\/p>\n<p>&nbsp;<\/p>\n<p>&nbsp;<\/p>\n<p>&nbsp;<\/p>\n<p>&nbsp;<\/p>\n<p>&nbsp;<\/p>\n<p>Al momento, se han realizado 154 mil 396 pruebas; se han confirmado 84 mil 010 casos y se han descartado 70 mil 386; en cuadro leve, 13 mil 807 casos, 2 mil 522 activos y 11 mil 285 concluyeron su seguimiento; 63 mil 346 pacientes se han curado y 231 pacientes se encuentran hospitalizados, 32 de ellos estables, 146 graves y 53 cr\u00edticos.<\/p>\n<p>&nbsp;<\/p>\n<p>&nbsp;<\/p>\n<p>&nbsp;<\/p>\n<p>&nbsp;<\/p>\n<p>&nbsp;<\/p>\n<p>Casos COVID-19 en Sonora 84,010 casos confirmados y 6,626 defunciones<\/p>\n<p>Fecha de Publicaci\u00f3n\u00a0\u00a0 jueves \/ 2\u00a0\u00a0 \/ julio \/ 2021<\/p>\n<p>&nbsp;<\/p>\n","protected":false},"excerpt":{"rendered":"<p>Registra Sonora ocho fallecimientos y 400 nuevos casos de COVID-19 HERMOSILLO, SONORA,MX.\u2500\u2500 La Secretar\u00eda de&#8230;<\/p>\n","protected":false},"author":1,"featured_media":118587,"comment_status":"open","ping_status":"open","sticky":false,"template":"","format":"standard","meta":{"_monsterinsights_skip_tracking":false,"_monsterinsights_sitenote_active":false,"_monsterinsights_sitenote_note":"","_monsterinsights_sitenote_category":0,"footnotes":""},"categories":[22],"tags":[4249,15],"class_list":["post"],"yoast_head":" \n<title>Sonora en Equipo. Registra Sonora ocho fallecimientos y 400 nuevos casos de COVID-19 Sonora<\/title>\n<meta name=\"description\" content=\"Registra Sonora ocho fallecimientos y 400 nuevos casos de COVID-19 HERMOSILLO, SONORA,MX.\u2500\u2500 La Secretar\u00eda de Salud en Sonora dio a conocer que se En Sonora en Equipo publicamos toda la informaci\u00f3n de Sonora, M\u00e9xico y el Mundo de manera oportuna y busca que la libertad de expresi\u00f3n sea real. Visita nuestro medio informativo publicado desde Hermosillo, Sonora. %\" \/>\n<meta name=\"robots\" content=\"index, follow, max-snippet:-1, max-image-preview:large, max-video-preview:-1\" \/>\n<link rel=\"canonical\" href=\"https:\/\/www.sonoraenequipo.com.mx\/registra-sonora-ocho-fallecimientos-y-400-nuevos-casos-de-covid-19\/\" \/>\n<meta property=\"og:locale\" content=\"es_ES\" \/>\n<meta property=\"og:type\" content=\"article\" \/>\n<meta property=\"og:title\" content=\"Sonora en Equipo. Registra Sonora ocho fallecimientos y 400 nuevos casos de COVID-19 Sonora\" \/>\n<meta property=\"og:description\" content=\"Registra Sonora ocho fallecimientos y 400 nuevos casos de COVID-19 HERMOSILLO, SONORA,MX.\u2500\u2500 La Secretar\u00eda de Salud en Sonora dio a conocer que se En Sonora en Equipo publicamos toda la informaci\u00f3n de Sonora, M\u00e9xico y el Mundo de manera oportuna y busca que la libertad de expresi\u00f3n sea real. Visita nuestro medio informativo publicado desde Hermosillo, Sonora. %\" \/>\n<meta property=\"og:url\" content=\"https:\/\/www.sonoraenequipo.com.mx\/registra-sonora-ocho-fallecimientos-y-400-nuevos-casos-de-covid-19\/\" \/>\n<meta property=\"og:site_name\" content=\"Sonora en Equipo.\" \/>\n<meta property=\"article:publisher\" content=\"https:\/\/www.facebook.com\/SonoraEE\/\" \/>\n<meta property=\"article:author\" content=\"https:\/\/www.facebook.com\/SonoraEE\" \/>\n<meta property=\"article:published_time\" content=\"2021-07-22T17:08:35+00:00\" \/>\n<meta property=\"article:modified_time\" content=\"2021-07-23T01:35:03+00:00\" \/>\n<meta property=\"og:image\" content=\"https:\/\/www.sonoraenequipo.com.mx\/storage\/2021\/07\/vial-la-vacuna-contra-covid-19-moderna_opt.jpg\" \/>\n\t<meta property=\"og:image:width\" content=\"700\" \/>\n\t<meta property=\"og:image:height\" content=\"400\" \/>\n\t<meta property=\"og:image:type\" content=\"image\/jpeg\" \/>\n<meta name=\"author\" content=\"enequipo\" \/>\n<meta name=\"twitter:card\" content=\"summary_large_image\" \/>\n<meta name=\"twitter:creator\" content=\"@sonoraenequipo\" \/>\n<meta name=\"twitter:site\" content=\"@sonoraenequipo\" \/>\n<meta name=\"twitter:label1\" content=\"Escrito por\" \/>\n\t<meta name=\"twitter:data1\" content=\"enequipo\" \/>\n\t<meta name=\"twitter:label2\" content=\"Tiempo de lectura\" \/>\n\t<meta name=\"twitter:data2\" content=\"2 minutos\" \/>\n<script type=\"application\/ld+json\" class=\"yoast-schema-graph\">{\"@context\":\"https:\/\/schema.org\",\"@graph\":[{\"@type\":\"Article\",\"@id\":\"https:\/\/www.sonoraenequipo.com.mx\/registra-sonora-ocho-fallecimientos-y-400-nuevos-casos-de-covid-19\/#article\",\"isPartOf\":{\"@id\":\"https:\/\/www.sonoraenequipo.com.mx\/registra-sonora-ocho-fallecimientos-y-400-nuevos-casos-de-covid-19\/\"},\"author\":{\"name\":\"enequipo\",\"@id\":\"https:\/\/www.sonoraenequipo.com.mx\/#\/schema\/person\/50102df0fb23a8fa9e8effad8fa81386\"},\"headline\":\"Registra Sonora ocho fallecimientos y 400 nuevos casos de COVID-19\",\"datePublished\":\"2021-07-22T17:08:35+00:00\",\"dateModified\":\"2021-07-23T01:35:03+00:00\",\"mainEntityOfPage\":{\"@id\":\"https:\/\/www.sonoraenequipo.com.mx\/registra-sonora-ocho-fallecimientos-y-400-nuevos-casos-de-covid-19\/\"},\"wordCount\":380,\"commentCount\":0,\"publisher\":{\"@id\":\"https:\/\/www.sonoraenequipo.com.mx\/#organization\"},\"image\":{\"@id\":\"https:\/\/www.sonoraenequipo.com.mx\/registra-sonora-ocho-fallecimientos-y-400-nuevos-casos-de-covid-19\/#primaryimage\"},\"thumbnailUrl\":\"https:\/\/www.sonoraenequipo.com.mx\/storage\/2021\/07\/vial-la-vacuna-contra-covid-19-moderna_opt.jpg\",\"keywords\":[\"covid\",\"Sonora\"],\"articleSection\":[\"Sonora\"],\"inLanguage\":\"es\",\"potentialAction\":[{\"@type\":\"CommentAction\",\"name\":\"Comment\",\"target\":[\"https:\/\/www.sonoraenequipo.com.mx\/registra-sonora-ocho-fallecimientos-y-400-nuevos-casos-de-covid-19\/#respond\"]}]},{\"@type\":\"WebPage\",\"@id\":\"https:\/\/www.sonoraenequipo.com.mx\/registra-sonora-ocho-fallecimientos-y-400-nuevos-casos-de-covid-19\/\",\"url\":\"https:\/\/www.sonoraenequipo.com.mx\/registra-sonora-ocho-fallecimientos-y-400-nuevos-casos-de-covid-19\/\",\"name\":\"Sonora en Equipo. Registra Sonora ocho fallecimientos y 400 nuevos casos de COVID-19 Sonora\",\"isPartOf\":{\"@id\":\"https:\/\/www.sonoraenequipo.com.mx\/#website\"},\"primaryImageOfPage\":{\"@id\":\"https:\/\/www.sonoraenequipo.com.mx\/registra-sonora-ocho-fallecimientos-y-400-nuevos-casos-de-covid-19\/#primaryimage\"},\"image\":{\"@id\":\"https:\/\/www.sonoraenequipo.com.mx\/registra-sonora-ocho-fallecimientos-y-400-nuevos-casos-de-covid-19\/#primaryimage\"},\"thumbnailUrl\":\"https:\/\/www.sonoraenequipo.com.mx\/storage\/2021\/07\/vial-la-vacuna-contra-covid-19-moderna_opt.jpg\",\"datePublished\":\"2021-07-22T17:08:35+00:00\",\"dateModified\":\"2021-07-23T01:35:03+00:00\",\"description\":\"Registra Sonora ocho fallecimientos y 400 nuevos casos de COVID-19 HERMOSILLO, SONORA,MX.\u2500\u2500 La Secretar\u00eda de Salud en Sonora dio a conocer que se En Sonora en Equipo publicamos toda la informaci\u00f3n de Sonora, M\u00e9xico y el Mundo de manera oportuna y busca que la libertad de expresi\u00f3n sea real. Visita nuestro medio informativo publicado desde Hermosillo, Sonora. %\",\"breadcrumb\":{\"@id\":\"https:\/\/www.sonoraenequipo.com.mx\/registra-sonora-ocho-fallecimientos-y-400-nuevos-casos-de-covid-19\/#breadcrumb\"},\"inLanguage\":\"es\",\"potentialAction\":[{\"@type\":\"ReadAction\",\"target\":[\"https:\/\/www.sonoraenequipo.com.mx\/registra-sonora-ocho-fallecimientos-y-400-nuevos-casos-de-covid-19\/\"]}]},{\"@type\":\"ImageObject\",\"inLanguage\":\"es\",\"@id\":\"https:\/\/www.sonoraenequipo.com.mx\/registra-sonora-ocho-fallecimientos-y-400-nuevos-casos-de-covid-19\/#primaryimage\",\"url\":\"https:\/\/www.sonoraenequipo.com.mx\/storage\/2021\/07\/vial-la-vacuna-contra-covid-19-moderna_opt.jpg\",\"contentUrl\":\"https:\/\/www.sonoraenequipo.com.mx\/storage\/2021\/07\/vial-la-vacuna-contra-covid-19-moderna_opt.jpg\",\"width\":700,\"height\":400},{\"@type\":\"BreadcrumbList\",\"@id\":\"https:\/\/www.sonoraenequipo.com.mx\/registra-sonora-ocho-fallecimientos-y-400-nuevos-casos-de-covid-19\/#breadcrumb\",\"itemListElement\":[{\"@type\":\"ListItem\",\"position\":1,\"name\":\"Portada\",\"item\":\"https:\/\/www.sonoraenequipo.com.mx\/\"},{\"@type\":\"ListItem\",\"position\":2,\"name\":\"Registra Sonora ocho fallecimientos y 400 nuevos casos de COVID-19\"}]},{\"@type\":\"WebSite\",\"@id\":\"https:\/\/www.sonoraenequipo.com.mx\/#website\",\"url\":\"https:\/\/www.sonoraenequipo.com.mx\/\",\"name\":\"Sonora en Equipo.\",\"description\":\"Diario en l\u00ednea con Noticias desde Hermosillo, Sonora\",\"publisher\":{\"@id\":\"https:\/\/www.sonoraenequipo.com.mx\/#organization\"},\"potentialAction\":[{\"@type\":\"SearchAction\",\"target\":{\"@type\":\"EntryPoint\",\"urlTemplate\":\"https:\/\/www.sonoraenequipo.com.mx\/?s={search_term_string}\"},\"query-input\":{\"@type\":\"PropertyValueSpecification\",\"valueRequired\":true,\"valueName\":\"search_term_string\"}}],\"inLanguage\":\"es\"},{\"@type\":\"Organization\",\"@id\":\"https:\/\/www.sonoraenequipo.com.mx\/#organization\",\"name\":\"Sonoraenequipo.com.mx\",\"url\":\"https:\/\/www.sonoraenequipo.com.mx\/\",\"logo\":{\"@type\":\"ImageObject\",\"inLanguage\":\"es\",\"@id\":\"https:\/\/www.sonoraenequipo.com.mx\/#\/schema\/logo\/image\/\",\"url\":\"https:\/\/www.sonoraenequipo.com.mx\/storage\/2019\/01\/sonoraenequipo_opt.png\",\"contentUrl\":\"https:\/\/www.sonoraenequipo.com.mx\/storage\/2019\/01\/sonoraenequipo_opt.png\",\"width\":375,\"height\":125,\"caption\":\"Sonoraenequipo.com.mx\"},\"image\":{\"@id\":\"https:\/\/www.sonoraenequipo.com.mx\/#\/schema\/logo\/image\/\"},\"sameAs\":[\"https:\/\/www.facebook.com\/SonoraEE\/\",\"https:\/\/x.com\/sonoraenequipo\",\"https:\/\/www.youtube.com\/channel\/UC338nW-lPEYmJQs4ZABQ1SQ\"]},{\"@type\":\"Person\",\"@id\":\"https:\/\/www.sonoraenequipo.com.mx\/#\/schema\/person\/50102df0fb23a8fa9e8effad8fa81386\",\"name\":\"enequipo\",\"image\":{\"@type\":\"ImageObject\",\"inLanguage\":\"es\",\"@id\":\"https:\/\/www.sonoraenequipo.com.mx\/#\/schema\/person\/image\/\",\"url\":\"https:\/\/secure.gravatar.com\/avatar\/049821681b589dabc0bc20695993ccebb09f5b5d4d790cd9251b97faac7c652b?s=96&d=blank&r=g\",\"contentUrl\":\"https:\/\/secure.gravatar.com\/avatar\/049821681b589dabc0bc20695993ccebb09f5b5d4d790cd9251b97faac7c652b?s=96&d=blank&r=g\",\"caption\":\"enequipo\"},\"sameAs\":[\"https:\/\/www.facebook.com\/SonoraEE\"]}]}<\/script>\n ","yoast_head_json":{"title":"Sonora en Equipo. Registra Sonora ocho fallecimientos y 400 nuevos casos de COVID-19 Sonora","description":"Registra Sonora ocho fallecimientos y 400 nuevos casos de COVID-19 HERMOSILLO, SONORA,MX.\u2500\u2500 La Secretar\u00eda de Salud en Sonora dio a conocer que se En Sonora en Equipo publicamos toda la informaci\u00f3n de Sonora, M\u00e9xico y el Mundo de manera oportuna y busca que la libertad de expresi\u00f3n sea real. Visita nuestro medio informativo publicado desde Hermosillo, Sonora. %","robots":{"index":"index","follow":"follow","max-snippet":"max-snippet:-1","max-image-preview":"max-image-preview:large","max-video-preview":"max-video-preview:-1"},"canonical":"https:\/\/www.sonoraenequipo.com.mx\/registra-sonora-ocho-fallecimientos-y-400-nuevos-casos-de-covid-19\/","og_locale":"es_ES","og_type":"article","og_title":"Sonora en Equipo. Registra Sonora ocho fallecimientos y 400 nuevos casos de COVID-19 Sonora","og_description":"Registra Sonora ocho fallecimientos y 400 nuevos casos de COVID-19 HERMOSILLO, SONORA,MX.\u2500\u2500 La Secretar\u00eda de Salud en Sonora dio a conocer que se En Sonora en Equipo publicamos toda la informaci\u00f3n de Sonora, M\u00e9xico y el Mundo de manera oportuna y busca que la libertad de expresi\u00f3n sea real. Visita nuestro medio informativo publicado desde Hermosillo, Sonora. %","og_url":"https:\/\/www.sonoraenequipo.com.mx\/registra-sonora-ocho-fallecimientos-y-400-nuevos-casos-de-covid-19\/","og_site_name":"Sonora en Equipo.","article_publisher":"https:\/\/www.facebook.com\/SonoraEE\/","article_author":"https:\/\/www.facebook.com\/SonoraEE","article_published_time":"2021-07-22T17:08:35+00:00","article_modified_time":"2021-07-23T01:35:03+00:00","og_image":[{"width":700,"height":400,"url":"https:\/\/www.sonoraenequipo.com.mx\/storage\/2021\/07\/vial-la-vacuna-contra-covid-19-moderna_opt.jpg","type":"image\/jpeg"}],"author":"enequipo","twitter_card":"summary_large_image","twitter_creator":"@sonoraenequipo","twitter_site":"@sonoraenequipo","twitter_misc":{"Escrito por":"enequipo","Tiempo de lectura":"2 minutos"},"schema":{"@context":"https:\/\/schema.org","@graph":[{"@type":"Article","@id":"https:\/\/www.sonoraenequipo.com.mx\/registra-sonora-ocho-fallecimientos-y-400-nuevos-casos-de-covid-19\/#article","isPartOf":{"@id":"https:\/\/www.sonoraenequipo.com.mx\/registra-sonora-ocho-fallecimientos-y-400-nuevos-casos-de-covid-19\/"},"author":{"name":"enequipo","@id":"https:\/\/www.sonoraenequipo.com.mx\/#\/schema\/person\/50102df0fb23a8fa9e8effad8fa81386"},"headline":"Registra Sonora ocho fallecimientos y 400 nuevos casos de COVID-19","datePublished":"2021-07-22T17:08:35+00:00","dateModified":"2021-07-23T01:35:03+00:00","mainEntityOfPage":{"@id":"https:\/\/www.sonoraenequipo.com.mx\/registra-sonora-ocho-fallecimientos-y-400-nuevos-casos-de-covid-19\/"},"wordCount":380,"commentCount":0,"publisher":{"@id":"https:\/\/www.sonoraenequipo.com.mx\/#organization"},"image":{"@id":"https:\/\/www.sonoraenequipo.com.mx\/registra-sonora-ocho-fallecimientos-y-400-nuevos-casos-de-covid-19\/#primaryimage"},"thumbnailUrl":"https:\/\/www.sonoraenequipo.com.mx\/storage\/2021\/07\/vial-la-vacuna-contra-covid-19-moderna_opt.jpg","keywords":["covid","Sonora"],"articleSection":["Sonora"],"inLanguage":"es","potentialAction":[{"@type":"CommentAction","name":"Comment","target":["https:\/\/www.sonoraenequipo.com.mx\/registra-sonora-ocho-fallecimientos-y-400-nuevos-casos-de-covid-19\/#respond"]}]},{"@type":"WebPage","@id":"https:\/\/www.sonoraenequipo.com.mx\/registra-sonora-ocho-fallecimientos-y-400-nuevos-casos-de-covid-19\/","url":"https:\/\/www.sonoraenequipo.com.mx\/registra-sonora-ocho-fallecimientos-y-400-nuevos-casos-de-covid-19\/","name":"Sonora en Equipo. Registra Sonora ocho fallecimientos y 400 nuevos casos de COVID-19 Sonora","isPartOf":{"@id":"https:\/\/www.sonoraenequipo.com.mx\/#website"},"primaryImageOfPage":{"@id":"https:\/\/www.sonoraenequipo.com.mx\/registra-sonora-ocho-fallecimientos-y-400-nuevos-casos-de-covid-19\/#primaryimage"},"image":{"@id":"https:\/\/www.sonoraenequipo.com.mx\/registra-sonora-ocho-fallecimientos-y-400-nuevos-casos-de-covid-19\/#primaryimage"},"thumbnailUrl":"https:\/\/www.sonoraenequipo.com.mx\/storage\/2021\/07\/vial-la-vacuna-contra-covid-19-moderna_opt.jpg","datePublished":"2021-07-22T17:08:35+00:00","dateModified":"2021-07-23T01:35:03+00:00","description":"Registra Sonora ocho fallecimientos y 400 nuevos casos de COVID-19 HERMOSILLO, SONORA,MX.\u2500\u2500 La Secretar\u00eda de Salud en Sonora dio a conocer que se En Sonora en Equipo publicamos toda la informaci\u00f3n de Sonora, M\u00e9xico y el Mundo de manera oportuna y busca que la libertad de expresi\u00f3n sea real. Visita nuestro medio informativo publicado desde Hermosillo, Sonora. %","breadcrumb":{"@id":"https:\/\/www.sonoraenequipo.com.mx\/registra-sonora-ocho-fallecimientos-y-400-nuevos-casos-de-covid-19\/#breadcrumb"},"inLanguage":"es","potentialAction":[{"@type":"ReadAction","target":["https:\/\/www.sonoraenequipo.com.mx\/registra-sonora-ocho-fallecimientos-y-400-nuevos-casos-de-covid-19\/"]}]},{"@type":"ImageObject","inLanguage":"es","@id":"https:\/\/www.sonoraenequipo.com.mx\/registra-sonora-ocho-fallecimientos-y-400-nuevos-casos-de-covid-19\/#primaryimage","url":"https:\/\/www.sonoraenequipo.com.mx\/storage\/2021\/07\/vial-la-vacuna-contra-covid-19-moderna_opt.jpg","contentUrl":"https:\/\/www.sonoraenequipo.com.mx\/storage\/2021\/07\/vial-la-vacuna-contra-covid-19-moderna_opt.jpg","width":700,"height":400},{"@type":"BreadcrumbList","@id":"https:\/\/www.sonoraenequipo.com.mx\/registra-sonora-ocho-fallecimientos-y-400-nuevos-casos-de-covid-19\/#breadcrumb","itemListElement":[{"@type":"ListItem","position":1,"name":"Portada","item":"https:\/\/www.sonoraenequipo.com.mx\/"},{"@type":"ListItem","position":2,"name":"Registra Sonora ocho fallecimientos y 400 nuevos casos de COVID-19"}]},{"@type":"WebSite","@id":"https:\/\/www.sonoraenequipo.com.mx\/#website","url":"https:\/\/www.sonoraenequipo.com.mx\/","name":"Sonora en Equipo.","description":"Diario en l\u00ednea con Noticias desde Hermosillo, Sonora","publisher":{"@id":"https:\/\/www.sonoraenequipo.com.mx\/#organization"},"potentialAction":[{"@type":"SearchAction","target":{"@type":"EntryPoint","urlTemplate":"https:\/\/www.sonoraenequipo.com.mx\/?s={search_term_string}"},"query-input":{"@type":"PropertyValueSpecification","valueRequired":true,"valueName":"search_term_string"}}],"inLanguage":"es"},{"@type":"Organization","@id":"https:\/\/www.sonoraenequipo.com.mx\/#organization","name":"Sonoraenequipo.com.mx","url":"https:\/\/www.sonoraenequipo.com.mx\/","logo":{"@type":"ImageObject","inLanguage":"es","@id":"https:\/\/www.sonoraenequipo.com.mx\/#\/schema\/logo\/image\/","url":"https:\/\/www.sonoraenequipo.com.mx\/storage\/2019\/01\/sonoraenequipo_opt.png","contentUrl":"https:\/\/www.sonoraenequipo.com.mx\/storage\/2019\/01\/sonoraenequipo_opt.png","width":375,"height":125,"caption":"Sonoraenequipo.com.mx"},"image":{"@id":"https:\/\/www.sonoraenequipo.com.mx\/#\/schema\/logo\/image\/"},"sameAs":["https:\/\/www.facebook.com\/SonoraEE\/","https:\/\/x.com\/sonoraenequipo","https:\/\/www.youtube.com\/channel\/UC338nW-lPEYmJQs4ZABQ1SQ"]},{"@type":"Person","@id":"https:\/\/www.sonoraenequipo.com.mx\/#\/schema\/person\/50102df0fb23a8fa9e8effad8fa81386","name":"enequipo","image":{"@type":"ImageObject","inLanguage":"es","@id":"https:\/\/www.sonoraenequipo.com.mx\/#\/schema\/person\/image\/","url":"https:\/\/secure.gravatar.com\/avatar\/049821681b589dabc0bc20695993ccebb09f5b5d4d790cd9251b97faac7c652b?s=96&d=blank&r=g","contentUrl":"https:\/\/secure.gravatar.com\/avatar\/049821681b589dabc0bc20695993ccebb09f5b5d4d790cd9251b97faac7c652b?s=96&d=blank&r=g","caption":"enequipo"},"sameAs":["https:\/\/www.facebook.com\/SonoraEE"]}]}},"jetpack_featured_media_url":"https:\/\/www.sonoraenequipo.com.mx\/storage\/2021\/07\/vial-la-vacuna-contra-covid-19-moderna_opt.jpg","_links":{"self":[{"href":"https:\/\/www.sonoraenequipo.com.mx\/api\/wp\/v2\/posts\/118883","targetHints":{"allow":["GET"]}}],"collection":[{"href":"https:\/\/www.sonoraenequipo.com.mx\/api\/wp\/v2\/posts"}],"about":[{"href":"https:\/\/www.sonoraenequipo.com.mx\/api\/wp\/v2\/types\/post"}],"author":[{"embeddable":true,"href":"https:\/\/www.sonoraenequipo.com.mx\/api\/wp\/v2\/users\/1"}],"replies":[{"embeddable":true,"href":"https:\/\/www.sonoraenequipo.com.mx\/api\/wp\/v2\/comments?post=118883"}],"version-history":[{"count":1,"href":"https:\/\/www.sonoraenequipo.com.mx\/api\/wp\/v2\/posts\/118883\/revisions"}],"predecessor-version":[{"id":118884,"href":"https:\/\/www.sonoraenequipo.com.mx\/api\/wp\/v2\/posts\/118883\/revisions\/118884"}],"wp:featuredmedia":[{"embeddable":true,"href":"https:\/\/www.sonoraenequipo.com.mx\/api\/wp\/v2\/media\/118587"}],"wp:attachment":[{"href":"https:\/\/www.sonoraenequipo.com.mx\/api\/wp\/v2\/media?parent=118883"}],"wp:term":[{"taxonomy":"category","embeddable":true,"href":"https:\/\/www.sonoraenequipo.com.mx\/api\/wp\/v2\/categories?post=118883"},{"taxonomy":"post_tag","embeddable":true,"href":"https:\/\/www.sonoraenequipo.com.mx\/api\/wp\/v2\/tags?post=118883"}],"curies":[{"name":"wp","href":"https:\/\/api.w.org\/{rel}","templated":true}]}}