{"id":118890,"date":"2021-07-22T15:46:59","date_gmt":"2021-07-22T22:46:59","guid":{"rendered":"https:\/\/www.sonoraenequipo.com.mx\/?p=118890"},"modified":"2021-07-22T18:36:53","modified_gmt":"2021-07-23T01:36:53","slug":"campus-cajeme-de-unison-sera-sede-del-ii-congreso-virtual-en-ciencias-nutricionales","status":"publish","type":"post","link":"https:\/\/www.sonoraenequipo.com.mx\/campus-cajeme-de-unison-sera-sede-del-ii-congreso-virtual-en-ciencias-nutricionales\/","title":{"rendered":"Campus Cajeme de Unison \u00a0ser\u00e1 sede del II Congreso Virtual en Ciencias Nutricionales"},"content":{"rendered":"<p>&nbsp;<\/p>\n<p>&nbsp;<\/p>\n<p>&nbsp;<\/p>\n<p>Campus Cajeme de Unison \u00a0ser\u00e1 sede del II Congreso Virtual en Ciencias Nutricionales<\/p>\n<p>&nbsp;<\/p>\n<p>HERMOSILLO, SONORA,MX.\u2500\u2500 Para constituir un espacio de actualizaci\u00f3n acad\u00e9mica e intercambio de ideas entre todos aquellos que comparten sus intereses por esta \u00e1rea del conocimiento, del 4 al 6 de agosto, el campus Cajeme de la Universidad de Sonora realizar\u00e1 el II Congreso Virtual en Ciencias Nutricionales.<\/p>\n<p>Ante la pandemia actual por SARS-CoV-2 el comit\u00e9 organizador decidi\u00f3 nuevamente llevarlo a cabo en formato virtual en su edici\u00f3n 2021, el cual incluye doce conferencias, un concurso de carteles, nivel licenciatura y posgrado, as\u00ed como seis cursos precongreso.<\/p>\n<p>El programa de actividades integra las conferencias Tendencia decremental de la deficiencia de zinc en ni\u00f1os mexicanos de 1-4 a\u00f1os de edad: 1999-2018, a cargo de Salvador Villalpando Hern\u00e1ndez, del Instituto Nacional de Salud P\u00fablica; Nutrici\u00f3n en la prematurez: Conceptos actuales, a cargo del investigador Jos\u00e9 Guzm\u00e1n B\u00e1rcenas, adscrito al Instituto Nacional de Perinatolog\u00eda; La importancia de la nutrici\u00f3n en el adulto mayor, por Heliodoro Alem\u00e1n Mateo, y Alimentos ultraprocesados: Efectos en ni\u00f1os y adolescentes, por Ana Mar\u00eda Calder\u00f3n de la Barca, investigadores del Centro de Investigaci\u00f3n en Alimentaci\u00f3n y Desarrollo (CIAD), entre otras.<\/p>\n<p>Sobre el concurso de carteles, la convocatoria invita a estudiantes de licenciatura y posgrado a participar en la presentaci\u00f3n de carteles de trabajos de revisi\u00f3n cr\u00edtica e in\u00e9ditos sobre t\u00f3picos en materia de las ciencias nutricionales, los cuales estar\u00e1n disponibles para los asistentes del congreso.<\/p>\n<p>Las bases estipulan que la participaci\u00f3n puede ser de manera individual o grupal, con un m\u00e1ximo de tres integrantes por equipo; las categor\u00edas van desde carteles cient\u00edficos de estudiantes de licenciatura y posgrado en \u00e1reas de nutrici\u00f3n poblacional, nutrici\u00f3n cl\u00ednica y servicios de alimentos.<\/p>\n<p>El orden de presentaci\u00f3n y las instrucciones para la sesi\u00f3n de interacci\u00f3n ser\u00e1n enviados a los autores una vez finalizado el per\u00edodo de registro; los carteles estar\u00e1n disponibles electr\u00f3nicamente desde el 4 de agosto de 2021 y permanecer\u00e1n accesibles para que todos los asistentes al congreso puedan visualizarlos. Asimismo, los participantes dispondr\u00e1n de diez minutos para presentar sus carteles durante el segundo y tercer d\u00eda del congreso, as\u00ed como diez minutos adicionales de preguntas por parte del comit\u00e9 evaluador.<\/p>\n<p>Se premiar\u00e1 al primer lugar de cada una de las \u00e1reas de participaci\u00f3n por categor\u00eda, con un est\u00edmulo econ\u00f3mico, mientras que los segundos y terceros lugares se har\u00e1n acreedores de un reconocimiento; todos los trabajos registrados recibir\u00e1n constancia de participaci\u00f3n en el evento, y los resultados del concurso se dar\u00e1n a conocer a m\u00e1s tardar el 9 de agosto de 2021, a trav\u00e9s de una transmisi\u00f3n en vivo, previa notificaci\u00f3n a los ganadores y participantes.<\/p>\n<p>Los trabajos ser\u00e1n sometidos a revisi\u00f3n por evaluadores externos al comit\u00e9 organizador, y valorados tanto en dise\u00f1o, originalidad, calidad de figuras e informaci\u00f3n contenida, as\u00ed como la capacidad de s\u00edntesis e informaci\u00f3n expresada en la sesi\u00f3n de interacci\u00f3n.<\/p>\n<p>&nbsp;<\/p>\n<p>Cursos precongreso<\/p>\n<p>&nbsp;<\/p>\n<p>En el marco de las actividades, tambi\u00e9n se convoca a estudiantes, docentes y profesionistas de la salud a inscribirse en los diferentes cursos-talleres precongreso que se ofertar\u00e1n durante el desarrollo de este encuentro de actualizaci\u00f3n acad\u00e9mica.<\/p>\n<p>Las tem\u00e1ticas son: Actualizaci\u00f3n en m\u00e9todos para la evaluaci\u00f3n de la composici\u00f3n corporal, Destino gastrointestinal de nutrac\u00e9uticos: fisiolog\u00eda y mecanismos, Suplementos y nanotecnolog\u00eda para el alto rendimiento deportivo en \u00e9poca covid, Ejercicio de baja intensidad para el control de peso, Generalidades del desarrollo de nuevos productos alimenticios, Generalidades y aplicaci\u00f3n del soporte nutricional artificial.<\/p>\n<p>Cada curso tendr\u00e1 un costo de $250.00 pesos, con un cupo m\u00ednimo de 12 y m\u00e1ximo de 25 participantes. La modalidad de impartici\u00f3n ser\u00e1 v\u00eda remota a trav\u00e9s de una plataforma digital.<\/p>\n<p>Todos los interesados en los cursos precongreso deber\u00e1n inscribirse como asistentes del II Congreso Virtual en Ciencias Nutricionales y recibir\u00e1n constancia de participaci\u00f3n con valor curricular. La fecha l\u00edmite para el registro es el 25 de julio.<\/p>\n<p>El comit\u00e9 organizador de este evento est\u00e1 integrado por Mario Hiram Uriarte Montoya, Francisco Javier Olivas Aguirre, Edith Valbuena Gregorio, Humberto Astiazar\u00e1n Garc\u00eda, Adriana Alejandra M\u00e1rquez Ibarra, todos acad\u00e9micos de la alma mater, y la Sociedad de Alumnos de la Licenciatura en Ciencias Nutricionales del campus Cajeme.<\/p>\n<p>Para mayores informes del programa acad\u00e9mico y registro de participaci\u00f3n se puede ingresar a <a href=\"https:\/\/congresocienciasnutricionales.unison.mx\">https:\/\/congresocienciasnutricionales.unison.mx<\/a><\/p>\n<p>Fecha de Publicaci\u00f3n\u00a0\u00a0 jueves \/ 2\u00a0\u00a0 \/ julio \/ 2021<\/p>\n<p>&nbsp;<\/p>\n<p>&nbsp;<\/p>\n<p>&nbsp;<\/p>\n<p>&nbsp;<\/p>\n<p>&nbsp;<\/p>\n<p>&nbsp;<\/p>\n<p>&nbsp;<\/p>\n","protected":false},"excerpt":{"rendered":"<p>&nbsp; &nbsp; &nbsp; Campus Cajeme de Unison \u00a0ser\u00e1 sede del II Congreso Virtual en Ciencias&#8230;<\/p>\n","protected":false},"author":1,"featured_media":25369,"comment_status":"open","ping_status":"open","sticky":false,"template":"","format":"standard","meta":{"_monsterinsights_skip_tracking":false,"_monsterinsights_sitenote_active":false,"_monsterinsights_sitenote_note":"","_monsterinsights_sitenote_category":0,"footnotes":""},"categories":[2216],"tags":[5934],"class_list":["post"],"yoast_head":" \n<title>Sonora en Equipo. Campus Cajeme de Unison \u00a0ser\u00e1 sede del II Congreso Virtual en Ciencias Nutricionales Ciencia y Tecnolog\u00eda<\/title>\n<meta name=\"description\" content=\"&nbsp; &nbsp; &nbsp; Campus Cajeme de Unison \u00a0ser\u00e1 sede del II Congreso Virtual en Ciencias Nutricionales &nbsp; HERMOSILLO, SONORA,MX.\u2500\u2500 Para constituir En Sonora en Equipo publicamos toda la informaci\u00f3n de Sonora, M\u00e9xico y el Mundo de manera oportuna y busca que la libertad de expresi\u00f3n sea real. Visita nuestro medio informativo publicado desde Hermosillo, Sonora. %\" \/>\n<meta name=\"robots\" content=\"index, follow, max-snippet:-1, max-image-preview:large, max-video-preview:-1\" \/>\n<link rel=\"canonical\" href=\"https:\/\/www.sonoraenequipo.com.mx\/campus-cajeme-de-unison-sera-sede-del-ii-congreso-virtual-en-ciencias-nutricionales\/\" \/>\n<meta property=\"og:locale\" content=\"es_ES\" \/>\n<meta property=\"og:type\" content=\"article\" \/>\n<meta property=\"og:title\" content=\"Sonora en Equipo. Campus Cajeme de Unison \u00a0ser\u00e1 sede del II Congreso Virtual en Ciencias Nutricionales Ciencia y Tecnolog\u00eda\" \/>\n<meta property=\"og:description\" content=\"&nbsp; &nbsp; &nbsp; Campus Cajeme de Unison \u00a0ser\u00e1 sede del II Congreso Virtual en Ciencias Nutricionales &nbsp; HERMOSILLO, SONORA,MX.\u2500\u2500 Para constituir En Sonora en Equipo publicamos toda la informaci\u00f3n de Sonora, M\u00e9xico y el Mundo de manera oportuna y busca que la libertad de expresi\u00f3n sea real. Visita nuestro medio informativo publicado desde Hermosillo, Sonora. %\" \/>\n<meta property=\"og:url\" content=\"https:\/\/www.sonoraenequipo.com.mx\/campus-cajeme-de-unison-sera-sede-del-ii-congreso-virtual-en-ciencias-nutricionales\/\" \/>\n<meta property=\"og:site_name\" content=\"Sonora en Equipo.\" \/>\n<meta property=\"article:publisher\" content=\"https:\/\/www.facebook.com\/SonoraEE\/\" \/>\n<meta property=\"article:author\" content=\"https:\/\/www.facebook.com\/SonoraEE\" \/>\n<meta property=\"article:published_time\" content=\"2021-07-22T22:46:59+00:00\" \/>\n<meta property=\"article:modified_time\" content=\"2021-07-23T01:36:53+00:00\" \/>\n<meta property=\"og:image\" content=\"https:\/\/www.sonoraenequipo.com.mx\/storage\/2017\/09\/nueva-piramide-alimentacion_opt.jpg\" \/>\n\t<meta property=\"og:image:width\" content=\"680\" \/>\n\t<meta property=\"og:image:height\" content=\"450\" \/>\n\t<meta property=\"og:image:type\" content=\"image\/jpeg\" \/>\n<meta name=\"author\" content=\"enequipo\" \/>\n<meta name=\"twitter:card\" content=\"summary_large_image\" \/>\n<meta name=\"twitter:creator\" content=\"@sonoraenequipo\" \/>\n<meta name=\"twitter:site\" content=\"@sonoraenequipo\" \/>\n<meta name=\"twitter:label1\" content=\"Escrito por\" \/>\n\t<meta name=\"twitter:data1\" content=\"enequipo\" \/>\n\t<meta name=\"twitter:label2\" content=\"Tiempo de lectura\" \/>\n\t<meta name=\"twitter:data2\" content=\"4 minutos\" \/>\n<script type=\"application\/ld+json\" class=\"yoast-schema-graph\">{\"@context\":\"https:\/\/schema.org\",\"@graph\":[{\"@type\":\"Article\",\"@id\":\"https:\/\/www.sonoraenequipo.com.mx\/campus-cajeme-de-unison-sera-sede-del-ii-congreso-virtual-en-ciencias-nutricionales\/#article\",\"isPartOf\":{\"@id\":\"https:\/\/www.sonoraenequipo.com.mx\/campus-cajeme-de-unison-sera-sede-del-ii-congreso-virtual-en-ciencias-nutricionales\/\"},\"author\":{\"name\":\"enequipo\",\"@id\":\"https:\/\/www.sonoraenequipo.com.mx\/#\/schema\/person\/50102df0fb23a8fa9e8effad8fa81386\"},\"headline\":\"Campus Cajeme de Unison \u00a0ser\u00e1 sede del II Congreso Virtual en Ciencias Nutricionales\",\"datePublished\":\"2021-07-22T22:46:59+00:00\",\"dateModified\":\"2021-07-23T01:36:53+00:00\",\"mainEntityOfPage\":{\"@id\":\"https:\/\/www.sonoraenequipo.com.mx\/campus-cajeme-de-unison-sera-sede-del-ii-congreso-virtual-en-ciencias-nutricionales\/\"},\"wordCount\":811,\"commentCount\":0,\"publisher\":{\"@id\":\"https:\/\/www.sonoraenequipo.com.mx\/#organization\"},\"image\":{\"@id\":\"https:\/\/www.sonoraenequipo.com.mx\/campus-cajeme-de-unison-sera-sede-del-ii-congreso-virtual-en-ciencias-nutricionales\/#primaryimage\"},\"thumbnailUrl\":\"https:\/\/www.sonoraenequipo.com.mx\/storage\/2017\/09\/nueva-piramide-alimentacion_opt.jpg\",\"keywords\":[\"alimentaci\u00f3n unison\"],\"articleSection\":[\"Ciencia y Tecnolog\u00eda\"],\"inLanguage\":\"es\",\"potentialAction\":[{\"@type\":\"CommentAction\",\"name\":\"Comment\",\"target\":[\"https:\/\/www.sonoraenequipo.com.mx\/campus-cajeme-de-unison-sera-sede-del-ii-congreso-virtual-en-ciencias-nutricionales\/#respond\"]}]},{\"@type\":\"WebPage\",\"@id\":\"https:\/\/www.sonoraenequipo.com.mx\/campus-cajeme-de-unison-sera-sede-del-ii-congreso-virtual-en-ciencias-nutricionales\/\",\"url\":\"https:\/\/www.sonoraenequipo.com.mx\/campus-cajeme-de-unison-sera-sede-del-ii-congreso-virtual-en-ciencias-nutricionales\/\",\"name\":\"Sonora en Equipo. Campus Cajeme de Unison \u00a0ser\u00e1 sede del II Congreso Virtual en Ciencias Nutricionales Ciencia y Tecnolog\u00eda\",\"isPartOf\":{\"@id\":\"https:\/\/www.sonoraenequipo.com.mx\/#website\"},\"primaryImageOfPage\":{\"@id\":\"https:\/\/www.sonoraenequipo.com.mx\/campus-cajeme-de-unison-sera-sede-del-ii-congreso-virtual-en-ciencias-nutricionales\/#primaryimage\"},\"image\":{\"@id\":\"https:\/\/www.sonoraenequipo.com.mx\/campus-cajeme-de-unison-sera-sede-del-ii-congreso-virtual-en-ciencias-nutricionales\/#primaryimage\"},\"thumbnailUrl\":\"https:\/\/www.sonoraenequipo.com.mx\/storage\/2017\/09\/nueva-piramide-alimentacion_opt.jpg\",\"datePublished\":\"2021-07-22T22:46:59+00:00\",\"dateModified\":\"2021-07-23T01:36:53+00:00\",\"description\":\"&nbsp; &nbsp; &nbsp; Campus Cajeme de Unison \u00a0ser\u00e1 sede del II Congreso Virtual en Ciencias Nutricionales &nbsp; HERMOSILLO, SONORA,MX.\u2500\u2500 Para constituir En Sonora en Equipo publicamos toda la informaci\u00f3n de Sonora, M\u00e9xico y el Mundo de manera oportuna y busca que la libertad de expresi\u00f3n sea real. Visita nuestro medio informativo publicado desde Hermosillo, Sonora. %\",\"breadcrumb\":{\"@id\":\"https:\/\/www.sonoraenequipo.com.mx\/campus-cajeme-de-unison-sera-sede-del-ii-congreso-virtual-en-ciencias-nutricionales\/#breadcrumb\"},\"inLanguage\":\"es\",\"potentialAction\":[{\"@type\":\"ReadAction\",\"target\":[\"https:\/\/www.sonoraenequipo.com.mx\/campus-cajeme-de-unison-sera-sede-del-ii-congreso-virtual-en-ciencias-nutricionales\/\"]}]},{\"@type\":\"ImageObject\",\"inLanguage\":\"es\",\"@id\":\"https:\/\/www.sonoraenequipo.com.mx\/campus-cajeme-de-unison-sera-sede-del-ii-congreso-virtual-en-ciencias-nutricionales\/#primaryimage\",\"url\":\"https:\/\/www.sonoraenequipo.com.mx\/storage\/2017\/09\/nueva-piramide-alimentacion_opt.jpg\",\"contentUrl\":\"https:\/\/www.sonoraenequipo.com.mx\/storage\/2017\/09\/nueva-piramide-alimentacion_opt.jpg\",\"width\":680,\"height\":450,\"caption\":\"Balanced diet, healthy food concept on wooden background. View from above\"},{\"@type\":\"BreadcrumbList\",\"@id\":\"https:\/\/www.sonoraenequipo.com.mx\/campus-cajeme-de-unison-sera-sede-del-ii-congreso-virtual-en-ciencias-nutricionales\/#breadcrumb\",\"itemListElement\":[{\"@type\":\"ListItem\",\"position\":1,\"name\":\"Portada\",\"item\":\"https:\/\/www.sonoraenequipo.com.mx\/\"},{\"@type\":\"ListItem\",\"position\":2,\"name\":\"Campus Cajeme de Unison \u00a0ser\u00e1 sede del II Congreso Virtual en Ciencias Nutricionales\"}]},{\"@type\":\"WebSite\",\"@id\":\"https:\/\/www.sonoraenequipo.com.mx\/#website\",\"url\":\"https:\/\/www.sonoraenequipo.com.mx\/\",\"name\":\"Sonora en Equipo.\",\"description\":\"Diario en l\u00ednea con Noticias desde Hermosillo, Sonora\",\"publisher\":{\"@id\":\"https:\/\/www.sonoraenequipo.com.mx\/#organization\"},\"potentialAction\":[{\"@type\":\"SearchAction\",\"target\":{\"@type\":\"EntryPoint\",\"urlTemplate\":\"https:\/\/www.sonoraenequipo.com.mx\/?s={search_term_string}\"},\"query-input\":{\"@type\":\"PropertyValueSpecification\",\"valueRequired\":true,\"valueName\":\"search_term_string\"}}],\"inLanguage\":\"es\"},{\"@type\":\"Organization\",\"@id\":\"https:\/\/www.sonoraenequipo.com.mx\/#organization\",\"name\":\"Sonoraenequipo.com.mx\",\"url\":\"https:\/\/www.sonoraenequipo.com.mx\/\",\"logo\":{\"@type\":\"ImageObject\",\"inLanguage\":\"es\",\"@id\":\"https:\/\/www.sonoraenequipo.com.mx\/#\/schema\/logo\/image\/\",\"url\":\"https:\/\/www.sonoraenequipo.com.mx\/storage\/2019\/01\/sonoraenequipo_opt.png\",\"contentUrl\":\"https:\/\/www.sonoraenequipo.com.mx\/storage\/2019\/01\/sonoraenequipo_opt.png\",\"width\":375,\"height\":125,\"caption\":\"Sonoraenequipo.com.mx\"},\"image\":{\"@id\":\"https:\/\/www.sonoraenequipo.com.mx\/#\/schema\/logo\/image\/\"},\"sameAs\":[\"https:\/\/www.facebook.com\/SonoraEE\/\",\"https:\/\/x.com\/sonoraenequipo\",\"https:\/\/www.youtube.com\/channel\/UC338nW-lPEYmJQs4ZABQ1SQ\"]},{\"@type\":\"Person\",\"@id\":\"https:\/\/www.sonoraenequipo.com.mx\/#\/schema\/person\/50102df0fb23a8fa9e8effad8fa81386\",\"name\":\"enequipo\",\"image\":{\"@type\":\"ImageObject\",\"inLanguage\":\"es\",\"@id\":\"https:\/\/www.sonoraenequipo.com.mx\/#\/schema\/person\/image\/\",\"url\":\"https:\/\/secure.gravatar.com\/avatar\/049821681b589dabc0bc20695993ccebb09f5b5d4d790cd9251b97faac7c652b?s=96&d=blank&r=g\",\"contentUrl\":\"https:\/\/secure.gravatar.com\/avatar\/049821681b589dabc0bc20695993ccebb09f5b5d4d790cd9251b97faac7c652b?s=96&d=blank&r=g\",\"caption\":\"enequipo\"},\"sameAs\":[\"https:\/\/www.facebook.com\/SonoraEE\"]}]}<\/script>\n ","yoast_head_json":{"title":"Sonora en Equipo. Campus Cajeme de Unison \u00a0ser\u00e1 sede del II Congreso Virtual en Ciencias Nutricionales Ciencia y Tecnolog\u00eda","description":"&nbsp; &nbsp; &nbsp; Campus Cajeme de Unison \u00a0ser\u00e1 sede del II Congreso Virtual en Ciencias Nutricionales &nbsp; HERMOSILLO, SONORA,MX.\u2500\u2500 Para constituir En Sonora en Equipo publicamos toda la informaci\u00f3n de Sonora, M\u00e9xico y el Mundo de manera oportuna y busca que la libertad de expresi\u00f3n sea real. Visita nuestro medio informativo publicado desde Hermosillo, Sonora. %","robots":{"index":"index","follow":"follow","max-snippet":"max-snippet:-1","max-image-preview":"max-image-preview:large","max-video-preview":"max-video-preview:-1"},"canonical":"https:\/\/www.sonoraenequipo.com.mx\/campus-cajeme-de-unison-sera-sede-del-ii-congreso-virtual-en-ciencias-nutricionales\/","og_locale":"es_ES","og_type":"article","og_title":"Sonora en Equipo. Campus Cajeme de Unison \u00a0ser\u00e1 sede del II Congreso Virtual en Ciencias Nutricionales Ciencia y Tecnolog\u00eda","og_description":"&nbsp; &nbsp; &nbsp; Campus Cajeme de Unison \u00a0ser\u00e1 sede del II Congreso Virtual en Ciencias Nutricionales &nbsp; HERMOSILLO, SONORA,MX.\u2500\u2500 Para constituir En Sonora en Equipo publicamos toda la informaci\u00f3n de Sonora, M\u00e9xico y el Mundo de manera oportuna y busca que la libertad de expresi\u00f3n sea real. Visita nuestro medio informativo publicado desde Hermosillo, Sonora. %","og_url":"https:\/\/www.sonoraenequipo.com.mx\/campus-cajeme-de-unison-sera-sede-del-ii-congreso-virtual-en-ciencias-nutricionales\/","og_site_name":"Sonora en Equipo.","article_publisher":"https:\/\/www.facebook.com\/SonoraEE\/","article_author":"https:\/\/www.facebook.com\/SonoraEE","article_published_time":"2021-07-22T22:46:59+00:00","article_modified_time":"2021-07-23T01:36:53+00:00","og_image":[{"width":680,"height":450,"url":"https:\/\/www.sonoraenequipo.com.mx\/storage\/2017\/09\/nueva-piramide-alimentacion_opt.jpg","type":"image\/jpeg"}],"author":"enequipo","twitter_card":"summary_large_image","twitter_creator":"@sonoraenequipo","twitter_site":"@sonoraenequipo","twitter_misc":{"Escrito por":"enequipo","Tiempo de lectura":"4 minutos"},"schema":{"@context":"https:\/\/schema.org","@graph":[{"@type":"Article","@id":"https:\/\/www.sonoraenequipo.com.mx\/campus-cajeme-de-unison-sera-sede-del-ii-congreso-virtual-en-ciencias-nutricionales\/#article","isPartOf":{"@id":"https:\/\/www.sonoraenequipo.com.mx\/campus-cajeme-de-unison-sera-sede-del-ii-congreso-virtual-en-ciencias-nutricionales\/"},"author":{"name":"enequipo","@id":"https:\/\/www.sonoraenequipo.com.mx\/#\/schema\/person\/50102df0fb23a8fa9e8effad8fa81386"},"headline":"Campus Cajeme de Unison \u00a0ser\u00e1 sede del II Congreso Virtual en Ciencias Nutricionales","datePublished":"2021-07-22T22:46:59+00:00","dateModified":"2021-07-23T01:36:53+00:00","mainEntityOfPage":{"@id":"https:\/\/www.sonoraenequipo.com.mx\/campus-cajeme-de-unison-sera-sede-del-ii-congreso-virtual-en-ciencias-nutricionales\/"},"wordCount":811,"commentCount":0,"publisher":{"@id":"https:\/\/www.sonoraenequipo.com.mx\/#organization"},"image":{"@id":"https:\/\/www.sonoraenequipo.com.mx\/campus-cajeme-de-unison-sera-sede-del-ii-congreso-virtual-en-ciencias-nutricionales\/#primaryimage"},"thumbnailUrl":"https:\/\/www.sonoraenequipo.com.mx\/storage\/2017\/09\/nueva-piramide-alimentacion_opt.jpg","keywords":["alimentaci\u00f3n unison"],"articleSection":["Ciencia y Tecnolog\u00eda"],"inLanguage":"es","potentialAction":[{"@type":"CommentAction","name":"Comment","target":["https:\/\/www.sonoraenequipo.com.mx\/campus-cajeme-de-unison-sera-sede-del-ii-congreso-virtual-en-ciencias-nutricionales\/#respond"]}]},{"@type":"WebPage","@id":"https:\/\/www.sonoraenequipo.com.mx\/campus-cajeme-de-unison-sera-sede-del-ii-congreso-virtual-en-ciencias-nutricionales\/","url":"https:\/\/www.sonoraenequipo.com.mx\/campus-cajeme-de-unison-sera-sede-del-ii-congreso-virtual-en-ciencias-nutricionales\/","name":"Sonora en Equipo. Campus Cajeme de Unison \u00a0ser\u00e1 sede del II Congreso Virtual en Ciencias Nutricionales Ciencia y Tecnolog\u00eda","isPartOf":{"@id":"https:\/\/www.sonoraenequipo.com.mx\/#website"},"primaryImageOfPage":{"@id":"https:\/\/www.sonoraenequipo.com.mx\/campus-cajeme-de-unison-sera-sede-del-ii-congreso-virtual-en-ciencias-nutricionales\/#primaryimage"},"image":{"@id":"https:\/\/www.sonoraenequipo.com.mx\/campus-cajeme-de-unison-sera-sede-del-ii-congreso-virtual-en-ciencias-nutricionales\/#primaryimage"},"thumbnailUrl":"https:\/\/www.sonoraenequipo.com.mx\/storage\/2017\/09\/nueva-piramide-alimentacion_opt.jpg","datePublished":"2021-07-22T22:46:59+00:00","dateModified":"2021-07-23T01:36:53+00:00","description":"&nbsp; &nbsp; &nbsp; Campus Cajeme de Unison \u00a0ser\u00e1 sede del II Congreso Virtual en Ciencias Nutricionales &nbsp; HERMOSILLO, SONORA,MX.\u2500\u2500 Para constituir En Sonora en Equipo publicamos toda la informaci\u00f3n de Sonora, M\u00e9xico y el Mundo de manera oportuna y busca que la libertad de expresi\u00f3n sea real. Visita nuestro medio informativo publicado desde Hermosillo, Sonora. %","breadcrumb":{"@id":"https:\/\/www.sonoraenequipo.com.mx\/campus-cajeme-de-unison-sera-sede-del-ii-congreso-virtual-en-ciencias-nutricionales\/#breadcrumb"},"inLanguage":"es","potentialAction":[{"@type":"ReadAction","target":["https:\/\/www.sonoraenequipo.com.mx\/campus-cajeme-de-unison-sera-sede-del-ii-congreso-virtual-en-ciencias-nutricionales\/"]}]},{"@type":"ImageObject","inLanguage":"es","@id":"https:\/\/www.sonoraenequipo.com.mx\/campus-cajeme-de-unison-sera-sede-del-ii-congreso-virtual-en-ciencias-nutricionales\/#primaryimage","url":"https:\/\/www.sonoraenequipo.com.mx\/storage\/2017\/09\/nueva-piramide-alimentacion_opt.jpg","contentUrl":"https:\/\/www.sonoraenequipo.com.mx\/storage\/2017\/09\/nueva-piramide-alimentacion_opt.jpg","width":680,"height":450,"caption":"Balanced diet, healthy food concept on wooden background. View from above"},{"@type":"BreadcrumbList","@id":"https:\/\/www.sonoraenequipo.com.mx\/campus-cajeme-de-unison-sera-sede-del-ii-congreso-virtual-en-ciencias-nutricionales\/#breadcrumb","itemListElement":[{"@type":"ListItem","position":1,"name":"Portada","item":"https:\/\/www.sonoraenequipo.com.mx\/"},{"@type":"ListItem","position":2,"name":"Campus Cajeme de Unison \u00a0ser\u00e1 sede del II Congreso Virtual en Ciencias Nutricionales"}]},{"@type":"WebSite","@id":"https:\/\/www.sonoraenequipo.com.mx\/#website","url":"https:\/\/www.sonoraenequipo.com.mx\/","name":"Sonora en Equipo.","description":"Diario en l\u00ednea con Noticias desde Hermosillo, Sonora","publisher":{"@id":"https:\/\/www.sonoraenequipo.com.mx\/#organization"},"potentialAction":[{"@type":"SearchAction","target":{"@type":"EntryPoint","urlTemplate":"https:\/\/www.sonoraenequipo.com.mx\/?s={search_term_string}"},"query-input":{"@type":"PropertyValueSpecification","valueRequired":true,"valueName":"search_term_string"}}],"inLanguage":"es"},{"@type":"Organization","@id":"https:\/\/www.sonoraenequipo.com.mx\/#organization","name":"Sonoraenequipo.com.mx","url":"https:\/\/www.sonoraenequipo.com.mx\/","logo":{"@type":"ImageObject","inLanguage":"es","@id":"https:\/\/www.sonoraenequipo.com.mx\/#\/schema\/logo\/image\/","url":"https:\/\/www.sonoraenequipo.com.mx\/storage\/2019\/01\/sonoraenequipo_opt.png","contentUrl":"https:\/\/www.sonoraenequipo.com.mx\/storage\/2019\/01\/sonoraenequipo_opt.png","width":375,"height":125,"caption":"Sonoraenequipo.com.mx"},"image":{"@id":"https:\/\/www.sonoraenequipo.com.mx\/#\/schema\/logo\/image\/"},"sameAs":["https:\/\/www.facebook.com\/SonoraEE\/","https:\/\/x.com\/sonoraenequipo","https:\/\/www.youtube.com\/channel\/UC338nW-lPEYmJQs4ZABQ1SQ"]},{"@type":"Person","@id":"https:\/\/www.sonoraenequipo.com.mx\/#\/schema\/person\/50102df0fb23a8fa9e8effad8fa81386","name":"enequipo","image":{"@type":"ImageObject","inLanguage":"es","@id":"https:\/\/www.sonoraenequipo.com.mx\/#\/schema\/person\/image\/","url":"https:\/\/secure.gravatar.com\/avatar\/049821681b589dabc0bc20695993ccebb09f5b5d4d790cd9251b97faac7c652b?s=96&d=blank&r=g","contentUrl":"https:\/\/secure.gravatar.com\/avatar\/049821681b589dabc0bc20695993ccebb09f5b5d4d790cd9251b97faac7c652b?s=96&d=blank&r=g","caption":"enequipo"},"sameAs":["https:\/\/www.facebook.com\/SonoraEE"]}]}},"jetpack_featured_media_url":"https:\/\/www.sonoraenequipo.com.mx\/storage\/2017\/09\/nueva-piramide-alimentacion_opt.jpg","_links":{"self":[{"href":"https:\/\/www.sonoraenequipo.com.mx\/api\/wp\/v2\/posts\/118890","targetHints":{"allow":["GET"]}}],"collection":[{"href":"https:\/\/www.sonoraenequipo.com.mx\/api\/wp\/v2\/posts"}],"about":[{"href":"https:\/\/www.sonoraenequipo.com.mx\/api\/wp\/v2\/types\/post"}],"author":[{"embeddable":true,"href":"https:\/\/www.sonoraenequipo.com.mx\/api\/wp\/v2\/users\/1"}],"replies":[{"embeddable":true,"href":"https:\/\/www.sonoraenequipo.com.mx\/api\/wp\/v2\/comments?post=118890"}],"version-history":[{"count":1,"href":"https:\/\/www.sonoraenequipo.com.mx\/api\/wp\/v2\/posts\/118890\/revisions"}],"predecessor-version":[{"id":118891,"href":"https:\/\/www.sonoraenequipo.com.mx\/api\/wp\/v2\/posts\/118890\/revisions\/118891"}],"wp:featuredmedia":[{"embeddable":true,"href":"https:\/\/www.sonoraenequipo.com.mx\/api\/wp\/v2\/media\/25369"}],"wp:attachment":[{"href":"https:\/\/www.sonoraenequipo.com.mx\/api\/wp\/v2\/media?parent=118890"}],"wp:term":[{"taxonomy":"category","embeddable":true,"href":"https:\/\/www.sonoraenequipo.com.mx\/api\/wp\/v2\/categories?post=118890"},{"taxonomy":"post_tag","embeddable":true,"href":"https:\/\/www.sonoraenequipo.com.mx\/api\/wp\/v2\/tags?post=118890"}],"curies":[{"name":"wp","href":"https:\/\/api.w.org\/{rel}","templated":true}]}}