{"id":118895,"date":"2021-07-22T14:32:57","date_gmt":"2021-07-22T21:32:57","guid":{"rendered":"https:\/\/www.sonoraenequipo.com.mx\/?p=118895"},"modified":"2021-07-22T19:49:28","modified_gmt":"2021-07-23T02:49:28","slug":"ine-multa-a-samuel-garcia-por-publicaciones-de-mariana-rodriguez-durante-campana","status":"publish","type":"post","link":"https:\/\/www.sonoraenequipo.com.mx\/ine-multa-a-samuel-garcia-por-publicaciones-de-mariana-rodriguez-durante-campana\/","title":{"rendered":"INE multa a Samuel Garc\u00eda por publicaciones de Mariana Rodr\u00edguez durante campa\u00f1a"},"content":{"rendered":"<p>CIUDAD DE M\u00c9XICO. MX. \u2014 Por tratarse de una persona f\u00edsica con actividad empresarial que registr\u00f3 su nombre, su imagen y su cuenta de Instagram como su fuente de ingreso, Mariana Rodr\u00edguez tiene expresamente prohibido realizar donaciones a partidos pol\u00edticos o candidaturas, por lo que el Consejo General del INE aprob\u00f3 multar a Movimiento Ciudadano y al gobernador electo de Nuevo Le\u00f3n, Samuel Garc\u00eda, por aportaciones indebidas.<\/p>\n<p>&nbsp;<\/p>\n<p> <\/p>\n<p>&nbsp;<\/p>\n<p>Adriana Favela, consejera presidenta de la Comisi\u00f3n de Fiscalizaci\u00f3n del INE, explic\u00f3 que se concluy\u00f3 en sancionar con 55 millones 351 mil 821.36 pesos a Movimiento Ciudadano y m\u00e1s de 400 mil pesos a Samuel Garc\u00eda, as\u00ed como sumarle 27 millones 860 mil pesos a los gastos de campa\u00f1a del candidato a la gubernatura tras acreditar que Mariana Rodr\u00edguez, esposa del ahora gobernador electo, lo benefici\u00f3 como influencer, igual que en el caso del Partido Verde Ecologista de M\u00e9xico.<\/p>\n<p>&nbsp;<\/p>\n<p>&nbsp;<\/p>\n<p>El proyecto detalla que Rodr\u00edguez es una influencer que realiz\u00f3 publicaciones diarias y en tiempo real desde su cuenta de Instagram con 1.8 millones de seguidores, en un total de mil 300 historias y 45 fotograf\u00edas desde el inicio de campa\u00f1a y durante 90 d\u00edas en el periodo del 5 de marzo al 2 de junio.<\/p>\n<p>&nbsp;<\/p>\n<p>&nbsp;<\/p>\n<p>\u201cRealiz\u00f3 llamado al voto, promovi\u00f3 e incluso hizo suya la campa\u00f1a estableciendo una especie de fusi\u00f3n con su marca al hacer expresiones como &#8216;vota por nosotros&#8217; cuando en ning\u00fan momento tuvo figura de candidata, apoy\u00f3 de forma sistem\u00e1tica lo que se tradujo en aportaciones en especie de un ente prohibido. Se trata de una estrategia y no de acciones espont\u00e1neas.<\/p>\n<p>&nbsp;<\/p>\n<p><em>\u201cNo se puede considerar que esta amparada por la libertad de expresi\u00f3n porque va m\u00e1s all\u00e1 de la simple difusi\u00f3n de ideas y opiniones, pues su actividad es promocionar art\u00edculos y marcas\u201d,<\/em> detall\u00f3 la consejera Adriana Favela.<\/p>\n<p>&nbsp;<\/p>\n<p>Ante las explicaciones de Samuel Garc\u00eda y Movimiento Ciudadano respecto a que hay un antecedente de su campa\u00f1a como senador cuando la Sala Superior del Tribunal Electoral resolvi\u00f3 la participaci\u00f3n de su esposa, la consejera Claudia Zavala explic\u00f3 claramente que las situaciones no son iguales y se busca caer en un abuso al derecho o fraude a la ley intentando cobijarse con ese antecedente que no tiene comparaci\u00f3n.<\/p>\n<p>&nbsp;<\/p>\n<p>&nbsp;<\/p>\n<p><em>\u201cA m\u00ed lo que se me hace ominoso son los fraudes a la ley y las simulaciones. Vayamos a las evidencias, en 2018 la persona no estaba registrada ante el IMPI con nombre y su imagen como una marca, en 2018 era una condici\u00f3n f\u00e1ctica diferente porque no estaba comprobado que su imagen generara ingresos, en este ejercicio est\u00e1 plenamente demostrado que desde 2018 se dio de alta con un nombre, con su imagen y dio de alta en el SAT su actividad empresarial publicitaria, que cobra por ello, que tiene m\u00e1rgenes y que vive de ello.<\/em><\/p>\n<p>&nbsp;<\/p>\n<p><em>\u201cTenemos una estrategia publicitaria y no creo que sea gratis que la mayor\u00eda de los partidos pol\u00edticos hayan interpuesto denuncias porque es una clara estrategia para beneficiar al candidato a la gubernatura. Eso es una estrategia, con los colores, con el emblema del partido y la imagen de la persona que ocupa la candidatura, no podemos dejarlo de cuantificar\u201d.<\/em><\/p>\n<p>&nbsp;<\/p>\n<p>El consejero presidente Lorenzo C\u00f3rdova agreg\u00f3 que la discusi\u00f3n se ha desvirtuado de lo que en verdad se est\u00e1 juzgando que es si se trata de un gasto de campa\u00f1a no reportado y si es o no aportaci\u00f3n de un ente prohibido.<\/p>\n<p>&nbsp;<\/p>\n<p><em>\u201cSe ha hablado de much\u00edsimas cosas y parad\u00f3jicamente de lo que menos se ha hablado es de la materia jur\u00eddica que sustenta el proyecto, se ha hablado de las relaciones familiares, de las relaciones afectivas, de si hay o no un deber moral o religioso de los c\u00f3nyuges de apoyarse, se ha hablado de si hay derecho o no de los c\u00f3nyuges de ser solidarios entre s\u00ed; se ha llegado a hablar incluso, f\u00edjense los extremos, de cosificaci\u00f3n de la mujer, se ha llegado a hablar que en este tema se est\u00e1 cosificando, se ha hablado hasta de violencia de g\u00e9nero y se han presentado hasta denuncias contra esta instituci\u00f3n por violencia de g\u00e9nero, pero de lo que es el verdadero fondo no se habla.<\/em><\/p>\n<p>&nbsp;<\/p>\n<p><em>\u201cPor supuesto que puede participar y aparecer, lo que no puede es usar la fuente de su ingreso que la convierte en empresaria y en actividad mercantil para usarlo en una campa\u00f1a. Si tuviera una red privada y otra en la que cobra, pues por supuesto que ser\u00eda libertad de expresi\u00f3n, es una red donde mezcla cuestiones privadas y p\u00fablicas, el problema es que esa es la fuente de su ingreso, as\u00ed se registr\u00f3 ante el SAT y registr\u00f3 su nombre porque tambi\u00e9n su nombre es su fuente de ingreso y eso no lo gener\u00f3 esta autoridad electoral\u201d.<\/em><\/p>\n<p>&nbsp;<\/p>\n<p>Los \u00fanicos que no estuvieron de acuerdo fueron los consejeros Jos\u00e9 Roberto Ruiz y Dania Ravel, quienes desataron un debate con los partidos pol\u00edticos que estaban en contra de la sanci\u00f3n como Movimiento Ciudadano y los que ped\u00edan ser m\u00e1s severos como Morena y el PVEM.<\/p>\n<p>&nbsp;<\/p>\n<p>Ruiz Salda\u00f1a calific\u00f3 como <em>\u201craro\u201d<\/em> el proyecto y acus\u00f3, al igual que la Ravel, que se coloca a Mariana Rodr\u00edguez como un objeto y en una posici\u00f3n de mera marca, no como una mujer que toma la decisi\u00f3n propia de apoyar a su esposo.<\/p>\n<p>&nbsp;<\/p>\n<p><em>\u201cDe aprobarse quedar\u00e1 registrado como una de las decisiones m\u00e1s ominosas de la historia de esta instituci\u00f3n, \u00bfqu\u00e9 pretenden sancionar? \u00bfQue su esposa fue solidaria? \u00bfQue hizo todo lo que estuvo en sus manos para respaldar a su esposo? \u00bfQuieren sancionar a una mujer que decidi\u00f3 apoyar las aspiraciones de su esposo? Es prohibir a una esposa que apoye a su marido.<\/em><\/p>\n<p>&nbsp;<\/p>\n<p><em>\u201cNo se dan cuenta del error que est\u00e1n cometiendo, no se dan cuenta que los esposos no se cobran, se cuidan y se procuran, nos equivoquen, de consumarse ser\u00e1 uno de los episodios m\u00e1s vergonzosos para este Consejo General\u201d,<\/em> se\u00f1al\u00f3 el representante de MC a nombre del presidente del partido Dante Delgado.<\/p>\n<p>&nbsp;<\/p>\n<p>El representante de Morena, el diputado Sergio Guti\u00e9rrez Luna, agreg\u00f3 que esto <em>\u201cno es un debate sobre el amor. Aqu\u00ed no venimos a debatir sobre el amor sino sobre un asunto jur\u00eddico, es evidente que hay una estrategia sistem\u00e1tica y armada de una persona que est\u00e1 registrada ante el SAT con sus redes sociales como comercializaci\u00f3n de productos que en este caso es Samuel Garc\u00eda \u00bfVamos a permitir esa simulaci\u00f3n?.<\/em><\/p>\n<p>&nbsp;<\/p>\n<p><em>\u201cA m\u00ed no me interesa si es su esposo o no, es que recibi\u00f3 propaganda que no report\u00f3 por una persona que es ente prohibido, el debate del amor no viene a colaci\u00f3n, aqu\u00ed estamos por el debate jur\u00eddico. Quien no quiera reconoce que es estrategia de campa\u00f1a estar\u00e1 cegado. Esta fue una queja que nosotros promovimos y les pedimos que vayan a fondo en esta simulaci\u00f3n, que si van a hacer el trabajo lo hagan completo, no a medias, ya reconocieron que los gastos no fueron reportados, queremos la actualizaci\u00f3n de los montos para que se aplique la ley por igual\u201d.<\/em><\/p>\n<p>&nbsp;<\/p>\n<p>En la discusi\u00f3n, Morena acus\u00f3 que Mariana Rodr\u00edguez estaba lanzando descalificativos en sus historias de Instagram en contra del Consejo General, lo que el PVEM acus\u00f3 como una acci\u00f3n <em>\u201cpara alentar reacciones violentas hacia mi persona\u201d.<\/em><\/p>\n<p>&nbsp;<\/p>\n<p>&nbsp;<\/p>\n<p>(Publicada el 22\/07\/2021)<\/p>\n","protected":false},"excerpt":{"rendered":"<p>CIUDAD DE M\u00c9XICO. MX. \u2014 Por tratarse de una persona f\u00edsica con actividad empresarial que&#8230;<\/p>\n","protected":false},"author":1,"featured_media":118896,"comment_status":"open","ping_status":"open","sticky":false,"template":"","format":"standard","meta":{"_monsterinsights_skip_tracking":false,"_monsterinsights_sitenote_active":false,"_monsterinsights_sitenote_note":"","_monsterinsights_sitenote_category":0,"footnotes":""},"categories":[5],"tags":[],"class_list":["post"],"yoast_head":" \n<title>Sonora en Equipo. INE multa a Samuel Garc\u00eda por publicaciones de Mariana Rodr\u00edguez durante campa\u00f1a Rep\u00fablica<\/title>\n<meta name=\"description\" content=\"CIUDAD DE M\u00c9XICO. MX. \u2014 Por tratarse de una persona f\u00edsica con actividad empresarial que registr\u00f3 su nombre, su imagen y su cuenta de Instagram como su En Sonora en Equipo publicamos toda la informaci\u00f3n de Sonora, M\u00e9xico y el Mundo de manera oportuna y busca que la libertad de expresi\u00f3n sea real. Visita nuestro medio informativo publicado desde Hermosillo, Sonora. %\" \/>\n<meta name=\"robots\" content=\"index, follow, max-snippet:-1, max-image-preview:large, max-video-preview:-1\" \/>\n<link rel=\"canonical\" href=\"https:\/\/www.sonoraenequipo.com.mx\/ine-multa-a-samuel-garcia-por-publicaciones-de-mariana-rodriguez-durante-campana\/\" \/>\n<meta property=\"og:locale\" content=\"es_ES\" \/>\n<meta property=\"og:type\" content=\"article\" \/>\n<meta property=\"og:title\" content=\"Sonora en Equipo. INE multa a Samuel Garc\u00eda por publicaciones de Mariana Rodr\u00edguez durante campa\u00f1a Rep\u00fablica\" \/>\n<meta property=\"og:description\" content=\"CIUDAD DE M\u00c9XICO. MX. \u2014 Por tratarse de una persona f\u00edsica con actividad empresarial que registr\u00f3 su nombre, su imagen y su cuenta de Instagram como su En Sonora en Equipo publicamos toda la informaci\u00f3n de Sonora, M\u00e9xico y el Mundo de manera oportuna y busca que la libertad de expresi\u00f3n sea real. Visita nuestro medio informativo publicado desde Hermosillo, Sonora. %\" \/>\n<meta property=\"og:url\" content=\"https:\/\/www.sonoraenequipo.com.mx\/ine-multa-a-samuel-garcia-por-publicaciones-de-mariana-rodriguez-durante-campana\/\" \/>\n<meta property=\"og:site_name\" content=\"Sonora en Equipo.\" \/>\n<meta property=\"article:publisher\" content=\"https:\/\/www.facebook.com\/SonoraEE\/\" \/>\n<meta property=\"article:author\" content=\"https:\/\/www.facebook.com\/SonoraEE\" \/>\n<meta property=\"article:published_time\" content=\"2021-07-22T21:32:57+00:00\" \/>\n<meta property=\"article:modified_time\" content=\"2021-07-23T02:49:28+00:00\" \/>\n<meta property=\"og:image\" content=\"https:\/\/www.sonoraenequipo.com.mx\/storage\/2021\/07\/Mariana-Rodri\u0301guez_opt.jpg\" \/>\n\t<meta property=\"og:image:width\" content=\"700\" \/>\n\t<meta property=\"og:image:height\" content=\"400\" \/>\n\t<meta property=\"og:image:type\" content=\"image\/jpeg\" \/>\n<meta name=\"author\" content=\"enequipo\" \/>\n<meta name=\"twitter:card\" content=\"summary_large_image\" \/>\n<meta name=\"twitter:creator\" content=\"@sonoraenequipo\" \/>\n<meta name=\"twitter:site\" content=\"@sonoraenequipo\" \/>\n<meta name=\"twitter:label1\" content=\"Escrito por\" \/>\n\t<meta name=\"twitter:data1\" content=\"enequipo\" \/>\n\t<meta name=\"twitter:label2\" content=\"Tiempo de lectura\" \/>\n\t<meta name=\"twitter:data2\" content=\"6 minutos\" \/>\n<script type=\"application\/ld+json\" class=\"yoast-schema-graph\">{\"@context\":\"https:\/\/schema.org\",\"@graph\":[{\"@type\":\"Article\",\"@id\":\"https:\/\/www.sonoraenequipo.com.mx\/ine-multa-a-samuel-garcia-por-publicaciones-de-mariana-rodriguez-durante-campana\/#article\",\"isPartOf\":{\"@id\":\"https:\/\/www.sonoraenequipo.com.mx\/ine-multa-a-samuel-garcia-por-publicaciones-de-mariana-rodriguez-durante-campana\/\"},\"author\":{\"name\":\"enequipo\",\"@id\":\"https:\/\/www.sonoraenequipo.com.mx\/#\/schema\/person\/50102df0fb23a8fa9e8effad8fa81386\"},\"headline\":\"INE multa a Samuel Garc\u00eda por publicaciones de Mariana Rodr\u00edguez durante campa\u00f1a\",\"datePublished\":\"2021-07-22T21:32:57+00:00\",\"dateModified\":\"2021-07-23T02:49:28+00:00\",\"mainEntityOfPage\":{\"@id\":\"https:\/\/www.sonoraenequipo.com.mx\/ine-multa-a-samuel-garcia-por-publicaciones-de-mariana-rodriguez-durante-campana\/\"},\"wordCount\":1305,\"commentCount\":0,\"publisher\":{\"@id\":\"https:\/\/www.sonoraenequipo.com.mx\/#organization\"},\"image\":{\"@id\":\"https:\/\/www.sonoraenequipo.com.mx\/ine-multa-a-samuel-garcia-por-publicaciones-de-mariana-rodriguez-durante-campana\/#primaryimage\"},\"thumbnailUrl\":\"https:\/\/www.sonoraenequipo.com.mx\/storage\/2021\/07\/Mariana-Rodri\u0301guez_opt.jpg\",\"articleSection\":[\"Rep\u00fablica\"],\"inLanguage\":\"es\",\"potentialAction\":[{\"@type\":\"CommentAction\",\"name\":\"Comment\",\"target\":[\"https:\/\/www.sonoraenequipo.com.mx\/ine-multa-a-samuel-garcia-por-publicaciones-de-mariana-rodriguez-durante-campana\/#respond\"]}]},{\"@type\":\"WebPage\",\"@id\":\"https:\/\/www.sonoraenequipo.com.mx\/ine-multa-a-samuel-garcia-por-publicaciones-de-mariana-rodriguez-durante-campana\/\",\"url\":\"https:\/\/www.sonoraenequipo.com.mx\/ine-multa-a-samuel-garcia-por-publicaciones-de-mariana-rodriguez-durante-campana\/\",\"name\":\"Sonora en Equipo. INE multa a Samuel Garc\u00eda por publicaciones de Mariana Rodr\u00edguez durante campa\u00f1a Rep\u00fablica\",\"isPartOf\":{\"@id\":\"https:\/\/www.sonoraenequipo.com.mx\/#website\"},\"primaryImageOfPage\":{\"@id\":\"https:\/\/www.sonoraenequipo.com.mx\/ine-multa-a-samuel-garcia-por-publicaciones-de-mariana-rodriguez-durante-campana\/#primaryimage\"},\"image\":{\"@id\":\"https:\/\/www.sonoraenequipo.com.mx\/ine-multa-a-samuel-garcia-por-publicaciones-de-mariana-rodriguez-durante-campana\/#primaryimage\"},\"thumbnailUrl\":\"https:\/\/www.sonoraenequipo.com.mx\/storage\/2021\/07\/Mariana-Rodri\u0301guez_opt.jpg\",\"datePublished\":\"2021-07-22T21:32:57+00:00\",\"dateModified\":\"2021-07-23T02:49:28+00:00\",\"description\":\"CIUDAD DE M\u00c9XICO. MX. \u2014 Por tratarse de una persona f\u00edsica con actividad empresarial que registr\u00f3 su nombre, su imagen y su cuenta de Instagram como su En Sonora en Equipo publicamos toda la informaci\u00f3n de Sonora, M\u00e9xico y el Mundo de manera oportuna y busca que la libertad de expresi\u00f3n sea real. Visita nuestro medio informativo publicado desde Hermosillo, Sonora. %\",\"breadcrumb\":{\"@id\":\"https:\/\/www.sonoraenequipo.com.mx\/ine-multa-a-samuel-garcia-por-publicaciones-de-mariana-rodriguez-durante-campana\/#breadcrumb\"},\"inLanguage\":\"es\",\"potentialAction\":[{\"@type\":\"ReadAction\",\"target\":[\"https:\/\/www.sonoraenequipo.com.mx\/ine-multa-a-samuel-garcia-por-publicaciones-de-mariana-rodriguez-durante-campana\/\"]}]},{\"@type\":\"ImageObject\",\"inLanguage\":\"es\",\"@id\":\"https:\/\/www.sonoraenequipo.com.mx\/ine-multa-a-samuel-garcia-por-publicaciones-de-mariana-rodriguez-durante-campana\/#primaryimage\",\"url\":\"https:\/\/www.sonoraenequipo.com.mx\/storage\/2021\/07\/Mariana-Rodri\u0301guez_opt.jpg\",\"contentUrl\":\"https:\/\/www.sonoraenequipo.com.mx\/storage\/2021\/07\/Mariana-Rodri\u0301guez_opt.jpg\",\"width\":700,\"height\":400},{\"@type\":\"BreadcrumbList\",\"@id\":\"https:\/\/www.sonoraenequipo.com.mx\/ine-multa-a-samuel-garcia-por-publicaciones-de-mariana-rodriguez-durante-campana\/#breadcrumb\",\"itemListElement\":[{\"@type\":\"ListItem\",\"position\":1,\"name\":\"Portada\",\"item\":\"https:\/\/www.sonoraenequipo.com.mx\/\"},{\"@type\":\"ListItem\",\"position\":2,\"name\":\"INE multa a Samuel Garc\u00eda por publicaciones de Mariana Rodr\u00edguez durante campa\u00f1a\"}]},{\"@type\":\"WebSite\",\"@id\":\"https:\/\/www.sonoraenequipo.com.mx\/#website\",\"url\":\"https:\/\/www.sonoraenequipo.com.mx\/\",\"name\":\"Sonora en Equipo.\",\"description\":\"Diario en l\u00ednea con Noticias desde Hermosillo, Sonora\",\"publisher\":{\"@id\":\"https:\/\/www.sonoraenequipo.com.mx\/#organization\"},\"potentialAction\":[{\"@type\":\"SearchAction\",\"target\":{\"@type\":\"EntryPoint\",\"urlTemplate\":\"https:\/\/www.sonoraenequipo.com.mx\/?s={search_term_string}\"},\"query-input\":{\"@type\":\"PropertyValueSpecification\",\"valueRequired\":true,\"valueName\":\"search_term_string\"}}],\"inLanguage\":\"es\"},{\"@type\":\"Organization\",\"@id\":\"https:\/\/www.sonoraenequipo.com.mx\/#organization\",\"name\":\"Sonoraenequipo.com.mx\",\"url\":\"https:\/\/www.sonoraenequipo.com.mx\/\",\"logo\":{\"@type\":\"ImageObject\",\"inLanguage\":\"es\",\"@id\":\"https:\/\/www.sonoraenequipo.com.mx\/#\/schema\/logo\/image\/\",\"url\":\"https:\/\/www.sonoraenequipo.com.mx\/storage\/2019\/01\/sonoraenequipo_opt.png\",\"contentUrl\":\"https:\/\/www.sonoraenequipo.com.mx\/storage\/2019\/01\/sonoraenequipo_opt.png\",\"width\":375,\"height\":125,\"caption\":\"Sonoraenequipo.com.mx\"},\"image\":{\"@id\":\"https:\/\/www.sonoraenequipo.com.mx\/#\/schema\/logo\/image\/\"},\"sameAs\":[\"https:\/\/www.facebook.com\/SonoraEE\/\",\"https:\/\/x.com\/sonoraenequipo\",\"https:\/\/www.youtube.com\/channel\/UC338nW-lPEYmJQs4ZABQ1SQ\"]},{\"@type\":\"Person\",\"@id\":\"https:\/\/www.sonoraenequipo.com.mx\/#\/schema\/person\/50102df0fb23a8fa9e8effad8fa81386\",\"name\":\"enequipo\",\"image\":{\"@type\":\"ImageObject\",\"inLanguage\":\"es\",\"@id\":\"https:\/\/www.sonoraenequipo.com.mx\/#\/schema\/person\/image\/\",\"url\":\"https:\/\/secure.gravatar.com\/avatar\/049821681b589dabc0bc20695993ccebb09f5b5d4d790cd9251b97faac7c652b?s=96&d=blank&r=g\",\"contentUrl\":\"https:\/\/secure.gravatar.com\/avatar\/049821681b589dabc0bc20695993ccebb09f5b5d4d790cd9251b97faac7c652b?s=96&d=blank&r=g\",\"caption\":\"enequipo\"},\"sameAs\":[\"https:\/\/www.facebook.com\/SonoraEE\"]}]}<\/script>\n ","yoast_head_json":{"title":"Sonora en Equipo. INE multa a Samuel Garc\u00eda por publicaciones de Mariana Rodr\u00edguez durante campa\u00f1a Rep\u00fablica","description":"CIUDAD DE M\u00c9XICO. MX. \u2014 Por tratarse de una persona f\u00edsica con actividad empresarial que registr\u00f3 su nombre, su imagen y su cuenta de Instagram como su En Sonora en Equipo publicamos toda la informaci\u00f3n de Sonora, M\u00e9xico y el Mundo de manera oportuna y busca que la libertad de expresi\u00f3n sea real. Visita nuestro medio informativo publicado desde Hermosillo, Sonora. %","robots":{"index":"index","follow":"follow","max-snippet":"max-snippet:-1","max-image-preview":"max-image-preview:large","max-video-preview":"max-video-preview:-1"},"canonical":"https:\/\/www.sonoraenequipo.com.mx\/ine-multa-a-samuel-garcia-por-publicaciones-de-mariana-rodriguez-durante-campana\/","og_locale":"es_ES","og_type":"article","og_title":"Sonora en Equipo. INE multa a Samuel Garc\u00eda por publicaciones de Mariana Rodr\u00edguez durante campa\u00f1a Rep\u00fablica","og_description":"CIUDAD DE M\u00c9XICO. MX. \u2014 Por tratarse de una persona f\u00edsica con actividad empresarial que registr\u00f3 su nombre, su imagen y su cuenta de Instagram como su En Sonora en Equipo publicamos toda la informaci\u00f3n de Sonora, M\u00e9xico y el Mundo de manera oportuna y busca que la libertad de expresi\u00f3n sea real. Visita nuestro medio informativo publicado desde Hermosillo, Sonora. %","og_url":"https:\/\/www.sonoraenequipo.com.mx\/ine-multa-a-samuel-garcia-por-publicaciones-de-mariana-rodriguez-durante-campana\/","og_site_name":"Sonora en Equipo.","article_publisher":"https:\/\/www.facebook.com\/SonoraEE\/","article_author":"https:\/\/www.facebook.com\/SonoraEE","article_published_time":"2021-07-22T21:32:57+00:00","article_modified_time":"2021-07-23T02:49:28+00:00","og_image":[{"width":700,"height":400,"url":"https:\/\/www.sonoraenequipo.com.mx\/storage\/2021\/07\/Mariana-Rodri\u0301guez_opt.jpg","type":"image\/jpeg"}],"author":"enequipo","twitter_card":"summary_large_image","twitter_creator":"@sonoraenequipo","twitter_site":"@sonoraenequipo","twitter_misc":{"Escrito por":"enequipo","Tiempo de lectura":"6 minutos"},"schema":{"@context":"https:\/\/schema.org","@graph":[{"@type":"Article","@id":"https:\/\/www.sonoraenequipo.com.mx\/ine-multa-a-samuel-garcia-por-publicaciones-de-mariana-rodriguez-durante-campana\/#article","isPartOf":{"@id":"https:\/\/www.sonoraenequipo.com.mx\/ine-multa-a-samuel-garcia-por-publicaciones-de-mariana-rodriguez-durante-campana\/"},"author":{"name":"enequipo","@id":"https:\/\/www.sonoraenequipo.com.mx\/#\/schema\/person\/50102df0fb23a8fa9e8effad8fa81386"},"headline":"INE multa a Samuel Garc\u00eda por publicaciones de Mariana Rodr\u00edguez durante campa\u00f1a","datePublished":"2021-07-22T21:32:57+00:00","dateModified":"2021-07-23T02:49:28+00:00","mainEntityOfPage":{"@id":"https:\/\/www.sonoraenequipo.com.mx\/ine-multa-a-samuel-garcia-por-publicaciones-de-mariana-rodriguez-durante-campana\/"},"wordCount":1305,"commentCount":0,"publisher":{"@id":"https:\/\/www.sonoraenequipo.com.mx\/#organization"},"image":{"@id":"https:\/\/www.sonoraenequipo.com.mx\/ine-multa-a-samuel-garcia-por-publicaciones-de-mariana-rodriguez-durante-campana\/#primaryimage"},"thumbnailUrl":"https:\/\/www.sonoraenequipo.com.mx\/storage\/2021\/07\/Mariana-Rodri\u0301guez_opt.jpg","articleSection":["Rep\u00fablica"],"inLanguage":"es","potentialAction":[{"@type":"CommentAction","name":"Comment","target":["https:\/\/www.sonoraenequipo.com.mx\/ine-multa-a-samuel-garcia-por-publicaciones-de-mariana-rodriguez-durante-campana\/#respond"]}]},{"@type":"WebPage","@id":"https:\/\/www.sonoraenequipo.com.mx\/ine-multa-a-samuel-garcia-por-publicaciones-de-mariana-rodriguez-durante-campana\/","url":"https:\/\/www.sonoraenequipo.com.mx\/ine-multa-a-samuel-garcia-por-publicaciones-de-mariana-rodriguez-durante-campana\/","name":"Sonora en Equipo. INE multa a Samuel Garc\u00eda por publicaciones de Mariana Rodr\u00edguez durante campa\u00f1a Rep\u00fablica","isPartOf":{"@id":"https:\/\/www.sonoraenequipo.com.mx\/#website"},"primaryImageOfPage":{"@id":"https:\/\/www.sonoraenequipo.com.mx\/ine-multa-a-samuel-garcia-por-publicaciones-de-mariana-rodriguez-durante-campana\/#primaryimage"},"image":{"@id":"https:\/\/www.sonoraenequipo.com.mx\/ine-multa-a-samuel-garcia-por-publicaciones-de-mariana-rodriguez-durante-campana\/#primaryimage"},"thumbnailUrl":"https:\/\/www.sonoraenequipo.com.mx\/storage\/2021\/07\/Mariana-Rodri\u0301guez_opt.jpg","datePublished":"2021-07-22T21:32:57+00:00","dateModified":"2021-07-23T02:49:28+00:00","description":"CIUDAD DE M\u00c9XICO. MX. \u2014 Por tratarse de una persona f\u00edsica con actividad empresarial que registr\u00f3 su nombre, su imagen y su cuenta de Instagram como su En Sonora en Equipo publicamos toda la informaci\u00f3n de Sonora, M\u00e9xico y el Mundo de manera oportuna y busca que la libertad de expresi\u00f3n sea real. Visita nuestro medio informativo publicado desde Hermosillo, Sonora. %","breadcrumb":{"@id":"https:\/\/www.sonoraenequipo.com.mx\/ine-multa-a-samuel-garcia-por-publicaciones-de-mariana-rodriguez-durante-campana\/#breadcrumb"},"inLanguage":"es","potentialAction":[{"@type":"ReadAction","target":["https:\/\/www.sonoraenequipo.com.mx\/ine-multa-a-samuel-garcia-por-publicaciones-de-mariana-rodriguez-durante-campana\/"]}]},{"@type":"ImageObject","inLanguage":"es","@id":"https:\/\/www.sonoraenequipo.com.mx\/ine-multa-a-samuel-garcia-por-publicaciones-de-mariana-rodriguez-durante-campana\/#primaryimage","url":"https:\/\/www.sonoraenequipo.com.mx\/storage\/2021\/07\/Mariana-Rodri\u0301guez_opt.jpg","contentUrl":"https:\/\/www.sonoraenequipo.com.mx\/storage\/2021\/07\/Mariana-Rodri\u0301guez_opt.jpg","width":700,"height":400},{"@type":"BreadcrumbList","@id":"https:\/\/www.sonoraenequipo.com.mx\/ine-multa-a-samuel-garcia-por-publicaciones-de-mariana-rodriguez-durante-campana\/#breadcrumb","itemListElement":[{"@type":"ListItem","position":1,"name":"Portada","item":"https:\/\/www.sonoraenequipo.com.mx\/"},{"@type":"ListItem","position":2,"name":"INE multa a Samuel Garc\u00eda por publicaciones de Mariana Rodr\u00edguez durante campa\u00f1a"}]},{"@type":"WebSite","@id":"https:\/\/www.sonoraenequipo.com.mx\/#website","url":"https:\/\/www.sonoraenequipo.com.mx\/","name":"Sonora en Equipo.","description":"Diario en l\u00ednea con Noticias desde Hermosillo, Sonora","publisher":{"@id":"https:\/\/www.sonoraenequipo.com.mx\/#organization"},"potentialAction":[{"@type":"SearchAction","target":{"@type":"EntryPoint","urlTemplate":"https:\/\/www.sonoraenequipo.com.mx\/?s={search_term_string}"},"query-input":{"@type":"PropertyValueSpecification","valueRequired":true,"valueName":"search_term_string"}}],"inLanguage":"es"},{"@type":"Organization","@id":"https:\/\/www.sonoraenequipo.com.mx\/#organization","name":"Sonoraenequipo.com.mx","url":"https:\/\/www.sonoraenequipo.com.mx\/","logo":{"@type":"ImageObject","inLanguage":"es","@id":"https:\/\/www.sonoraenequipo.com.mx\/#\/schema\/logo\/image\/","url":"https:\/\/www.sonoraenequipo.com.mx\/storage\/2019\/01\/sonoraenequipo_opt.png","contentUrl":"https:\/\/www.sonoraenequipo.com.mx\/storage\/2019\/01\/sonoraenequipo_opt.png","width":375,"height":125,"caption":"Sonoraenequipo.com.mx"},"image":{"@id":"https:\/\/www.sonoraenequipo.com.mx\/#\/schema\/logo\/image\/"},"sameAs":["https:\/\/www.facebook.com\/SonoraEE\/","https:\/\/x.com\/sonoraenequipo","https:\/\/www.youtube.com\/channel\/UC338nW-lPEYmJQs4ZABQ1SQ"]},{"@type":"Person","@id":"https:\/\/www.sonoraenequipo.com.mx\/#\/schema\/person\/50102df0fb23a8fa9e8effad8fa81386","name":"enequipo","image":{"@type":"ImageObject","inLanguage":"es","@id":"https:\/\/www.sonoraenequipo.com.mx\/#\/schema\/person\/image\/","url":"https:\/\/secure.gravatar.com\/avatar\/049821681b589dabc0bc20695993ccebb09f5b5d4d790cd9251b97faac7c652b?s=96&d=blank&r=g","contentUrl":"https:\/\/secure.gravatar.com\/avatar\/049821681b589dabc0bc20695993ccebb09f5b5d4d790cd9251b97faac7c652b?s=96&d=blank&r=g","caption":"enequipo"},"sameAs":["https:\/\/www.facebook.com\/SonoraEE"]}]}},"jetpack_featured_media_url":"https:\/\/www.sonoraenequipo.com.mx\/storage\/2021\/07\/Mariana-Rodri\u0301guez_opt.jpg","_links":{"self":[{"href":"https:\/\/www.sonoraenequipo.com.mx\/api\/wp\/v2\/posts\/118895","targetHints":{"allow":["GET"]}}],"collection":[{"href":"https:\/\/www.sonoraenequipo.com.mx\/api\/wp\/v2\/posts"}],"about":[{"href":"https:\/\/www.sonoraenequipo.com.mx\/api\/wp\/v2\/types\/post"}],"author":[{"embeddable":true,"href":"https:\/\/www.sonoraenequipo.com.mx\/api\/wp\/v2\/users\/1"}],"replies":[{"embeddable":true,"href":"https:\/\/www.sonoraenequipo.com.mx\/api\/wp\/v2\/comments?post=118895"}],"version-history":[{"count":1,"href":"https:\/\/www.sonoraenequipo.com.mx\/api\/wp\/v2\/posts\/118895\/revisions"}],"predecessor-version":[{"id":118897,"href":"https:\/\/www.sonoraenequipo.com.mx\/api\/wp\/v2\/posts\/118895\/revisions\/118897"}],"wp:featuredmedia":[{"embeddable":true,"href":"https:\/\/www.sonoraenequipo.com.mx\/api\/wp\/v2\/media\/118896"}],"wp:attachment":[{"href":"https:\/\/www.sonoraenequipo.com.mx\/api\/wp\/v2\/media?parent=118895"}],"wp:term":[{"taxonomy":"category","embeddable":true,"href":"https:\/\/www.sonoraenequipo.com.mx\/api\/wp\/v2\/categories?post=118895"},{"taxonomy":"post_tag","embeddable":true,"href":"https:\/\/www.sonoraenequipo.com.mx\/api\/wp\/v2\/tags?post=118895"}],"curies":[{"name":"wp","href":"https:\/\/api.w.org\/{rel}","templated":true}]}}