{"id":118900,"date":"2021-07-22T08:28:42","date_gmt":"2021-07-22T15:28:42","guid":{"rendered":"https:\/\/www.sonoraenequipo.com.mx\/?p=118900"},"modified":"2021-07-22T20:00:13","modified_gmt":"2021-07-23T03:00:13","slug":"economia-mejora-y-hay-recuperacion-de-empleos","status":"publish","type":"post","link":"https:\/\/www.sonoraenequipo.com.mx\/economia-mejora-y-hay-recuperacion-de-empleos\/","title":{"rendered":"Econom\u00eda mejora y hay recuperaci\u00f3n de empleos."},"content":{"rendered":"<p>CIUDAD DE M\u00c9XICO.MX. \u2014 El presidente Andr\u00e9s Manuel L\u00f3pez Obrador afirm\u00f3 que la econom\u00eda mexicana se mantiene estable, los pron\u00f3sticos de crecimiento son favorables y aumenta la recuperaci\u00f3n de empleos formales.<\/p>\n<p>&nbsp;<\/p>\n<p> <\/p>\n<p>&nbsp;<\/p>\n<p>En conferencia de prensa matutina, el mandatario indic\u00f3 que la contrataci\u00f3n de personas en puestos de trabajo inscritos al Instituto Mexicano de Seguro Social (IMSS), est\u00e1 cerca de ser similar a la situaci\u00f3n previa a la epidemia de COVID-19.<\/p>\n<p>&nbsp;<\/p>\n<p><em>\u201cYa debemos de estar como a 200 mil empleos para llegar a los cerca de 20 millones 500 mil que ten\u00edamos. Perdimos como un mill\u00f3n 500 mil con la pandemia y hemos ido recuperando y ya nos deben faltar como 200 mil del mill\u00f3n 500 mil que perdimos. (\u2026) Ya pronto vamos a estar como antes de la pandemia y vamos a crecer y en lo econ\u00f3mico lo mismo, de haber ca\u00eddo 8.5 por ciento, estamos ya para este a\u00f1o con un crecimiento del 6 y son buenos los pron\u00f3sticos\u201d,<\/em> explic\u00f3.<\/p>\n<p>&nbsp;<\/p>\n<p>Record\u00f3 que, de acuerdo con las modificaciones a la ley en materia de subcontrataci\u00f3n, las y los trabajadores deben tener contratos que estipulen sus derechos laborales.<\/p>\n<p>&nbsp;<\/p>\n<p><em>\u201cYo estoy constatando que la mayor\u00eda de los empresarios est\u00e1 aceptando ajustarse a la nueva legislaci\u00f3n. Lo estamos constatando, ellos est\u00e1n ayudando en esto. (\u2026) Ojal\u00e1 y se busque que no queden trabajadores sin ser inscritos en las empresas\u201d,<\/em> remarc\u00f3.<\/p>\n<p>&nbsp;<\/p>\n<p>El jefe del Ejecutivo destac\u00f3 la importancia de la llegada de inversi\u00f3n extranjera al pa\u00eds favorecida por el T-MEC.<\/p>\n<p>&nbsp;<\/p>\n<p><em>\u201cM\u00e9xico es de los pa\u00edses con m\u00e1s oportunidades para la inversi\u00f3n en el mundo. Est\u00e1 entre los diez pa\u00edses del mundo m\u00e1s atractivos para la inversi\u00f3n. (\u2026) La situaci\u00f3n de M\u00e9xico es inmejorable para la inversi\u00f3n\u201d<\/em>, enfatiz\u00f3.<\/p>\n<p>&nbsp;<\/p>\n<p>Anunci\u00f3 que en breve se dar\u00e1 a conocer un nuevo paquete de proyectos relacionados con el sector energ\u00e9tico, las comunicaciones y otras actividades econ\u00f3micas que abonar\u00e1n al desarrollo, la creaci\u00f3n de empleos y el crecimiento econ\u00f3mico.<\/p>\n<p>&nbsp;<\/p>\n<p>Indic\u00f3 que hasta este d\u00eda hay avances sustanciales en las obras que se realizan de manera conjunta con la iniciativa privada.<\/p>\n<p>&nbsp;<\/p>\n<p><em>\u201cNos vamos a seguir recuperando en lo econ\u00f3mico y procurando que no haya crisis de bienestar social y que haya expectativas para vivir mejor en el pa\u00eds\u201d, c<\/em>oncluy\u00f3.<\/p>\n<p>&nbsp;<\/p>\n<p>(Publicada el 22\/07\/2021)<\/p>\n","protected":false},"excerpt":{"rendered":"<p>CIUDAD DE M\u00c9XICO.MX. \u2014 El presidente Andr\u00e9s Manuel L\u00f3pez Obrador afirm\u00f3 que la econom\u00eda mexicana&#8230;<\/p>\n","protected":false},"author":1,"featured_media":118901,"comment_status":"open","ping_status":"open","sticky":false,"template":"","format":"standard","meta":{"_monsterinsights_skip_tracking":false,"_monsterinsights_sitenote_active":false,"_monsterinsights_sitenote_note":"","_monsterinsights_sitenote_category":0,"footnotes":""},"categories":[5],"tags":[],"class_list":["post"],"yoast_head":" \n<title>Sonora en Equipo. Econom\u00eda mejora y hay recuperaci\u00f3n de empleos. Rep\u00fablica<\/title>\n<meta name=\"description\" content=\"CIUDAD DE M\u00c9XICO.MX. \u2014 El presidente Andr\u00e9s Manuel L\u00f3pez Obrador afirm\u00f3 que la econom\u00eda mexicana se mantiene estable, los pron\u00f3sticos de crecimiento son En Sonora en Equipo publicamos toda la informaci\u00f3n de Sonora, M\u00e9xico y el Mundo de manera oportuna y busca que la libertad de expresi\u00f3n sea real. Visita nuestro medio informativo publicado desde Hermosillo, Sonora. %\" \/>\n<meta name=\"robots\" content=\"index, follow, max-snippet:-1, max-image-preview:large, max-video-preview:-1\" \/>\n<link rel=\"canonical\" href=\"https:\/\/www.sonoraenequipo.com.mx\/economia-mejora-y-hay-recuperacion-de-empleos\/\" \/>\n<meta property=\"og:locale\" content=\"es_ES\" \/>\n<meta property=\"og:type\" content=\"article\" \/>\n<meta property=\"og:title\" content=\"Sonora en Equipo. Econom\u00eda mejora y hay recuperaci\u00f3n de empleos. Rep\u00fablica\" \/>\n<meta property=\"og:description\" content=\"CIUDAD DE M\u00c9XICO.MX. \u2014 El presidente Andr\u00e9s Manuel L\u00f3pez Obrador afirm\u00f3 que la econom\u00eda mexicana se mantiene estable, los pron\u00f3sticos de crecimiento son En Sonora en Equipo publicamos toda la informaci\u00f3n de Sonora, M\u00e9xico y el Mundo de manera oportuna y busca que la libertad de expresi\u00f3n sea real. Visita nuestro medio informativo publicado desde Hermosillo, Sonora. %\" \/>\n<meta property=\"og:url\" content=\"https:\/\/www.sonoraenequipo.com.mx\/economia-mejora-y-hay-recuperacion-de-empleos\/\" \/>\n<meta property=\"og:site_name\" content=\"Sonora en Equipo.\" \/>\n<meta property=\"article:publisher\" content=\"https:\/\/www.facebook.com\/SonoraEE\/\" \/>\n<meta property=\"article:author\" content=\"https:\/\/www.facebook.com\/SonoraEE\" \/>\n<meta property=\"article:published_time\" content=\"2021-07-22T15:28:42+00:00\" \/>\n<meta property=\"article:modified_time\" content=\"2021-07-23T03:00:13+00:00\" \/>\n<meta property=\"og:image\" content=\"https:\/\/www.sonoraenequipo.com.mx\/storage\/2021\/07\/conferencia-del-2207_opt.jpg\" \/>\n\t<meta property=\"og:image:width\" content=\"700\" \/>\n\t<meta property=\"og:image:height\" content=\"400\" \/>\n\t<meta property=\"og:image:type\" content=\"image\/jpeg\" \/>\n<meta name=\"author\" content=\"enequipo\" \/>\n<meta name=\"twitter:card\" content=\"summary_large_image\" \/>\n<meta name=\"twitter:creator\" content=\"@sonoraenequipo\" \/>\n<meta name=\"twitter:site\" content=\"@sonoraenequipo\" \/>\n<meta name=\"twitter:label1\" content=\"Escrito por\" \/>\n\t<meta name=\"twitter:data1\" content=\"enequipo\" \/>\n\t<meta name=\"twitter:label2\" content=\"Tiempo de lectura\" \/>\n\t<meta name=\"twitter:data2\" content=\"2 minutos\" \/>\n<script type=\"application\/ld+json\" class=\"yoast-schema-graph\">{\"@context\":\"https:\/\/schema.org\",\"@graph\":[{\"@type\":\"Article\",\"@id\":\"https:\/\/www.sonoraenequipo.com.mx\/economia-mejora-y-hay-recuperacion-de-empleos\/#article\",\"isPartOf\":{\"@id\":\"https:\/\/www.sonoraenequipo.com.mx\/economia-mejora-y-hay-recuperacion-de-empleos\/\"},\"author\":{\"name\":\"enequipo\",\"@id\":\"https:\/\/www.sonoraenequipo.com.mx\/#\/schema\/person\/50102df0fb23a8fa9e8effad8fa81386\"},\"headline\":\"Econom\u00eda mejora y hay recuperaci\u00f3n de empleos.\",\"datePublished\":\"2021-07-22T15:28:42+00:00\",\"dateModified\":\"2021-07-23T03:00:13+00:00\",\"mainEntityOfPage\":{\"@id\":\"https:\/\/www.sonoraenequipo.com.mx\/economia-mejora-y-hay-recuperacion-de-empleos\/\"},\"wordCount\":418,\"commentCount\":0,\"publisher\":{\"@id\":\"https:\/\/www.sonoraenequipo.com.mx\/#organization\"},\"image\":{\"@id\":\"https:\/\/www.sonoraenequipo.com.mx\/economia-mejora-y-hay-recuperacion-de-empleos\/#primaryimage\"},\"thumbnailUrl\":\"https:\/\/www.sonoraenequipo.com.mx\/storage\/2021\/07\/conferencia-del-2207_opt.jpg\",\"articleSection\":[\"Rep\u00fablica\"],\"inLanguage\":\"es\",\"potentialAction\":[{\"@type\":\"CommentAction\",\"name\":\"Comment\",\"target\":[\"https:\/\/www.sonoraenequipo.com.mx\/economia-mejora-y-hay-recuperacion-de-empleos\/#respond\"]}]},{\"@type\":\"WebPage\",\"@id\":\"https:\/\/www.sonoraenequipo.com.mx\/economia-mejora-y-hay-recuperacion-de-empleos\/\",\"url\":\"https:\/\/www.sonoraenequipo.com.mx\/economia-mejora-y-hay-recuperacion-de-empleos\/\",\"name\":\"Sonora en Equipo. Econom\u00eda mejora y hay recuperaci\u00f3n de empleos. Rep\u00fablica\",\"isPartOf\":{\"@id\":\"https:\/\/www.sonoraenequipo.com.mx\/#website\"},\"primaryImageOfPage\":{\"@id\":\"https:\/\/www.sonoraenequipo.com.mx\/economia-mejora-y-hay-recuperacion-de-empleos\/#primaryimage\"},\"image\":{\"@id\":\"https:\/\/www.sonoraenequipo.com.mx\/economia-mejora-y-hay-recuperacion-de-empleos\/#primaryimage\"},\"thumbnailUrl\":\"https:\/\/www.sonoraenequipo.com.mx\/storage\/2021\/07\/conferencia-del-2207_opt.jpg\",\"datePublished\":\"2021-07-22T15:28:42+00:00\",\"dateModified\":\"2021-07-23T03:00:13+00:00\",\"description\":\"CIUDAD DE M\u00c9XICO.MX. \u2014 El presidente Andr\u00e9s Manuel L\u00f3pez Obrador afirm\u00f3 que la econom\u00eda mexicana se mantiene estable, los pron\u00f3sticos de crecimiento son En Sonora en Equipo publicamos toda la informaci\u00f3n de Sonora, M\u00e9xico y el Mundo de manera oportuna y busca que la libertad de expresi\u00f3n sea real. Visita nuestro medio informativo publicado desde Hermosillo, Sonora. %\",\"breadcrumb\":{\"@id\":\"https:\/\/www.sonoraenequipo.com.mx\/economia-mejora-y-hay-recuperacion-de-empleos\/#breadcrumb\"},\"inLanguage\":\"es\",\"potentialAction\":[{\"@type\":\"ReadAction\",\"target\":[\"https:\/\/www.sonoraenequipo.com.mx\/economia-mejora-y-hay-recuperacion-de-empleos\/\"]}]},{\"@type\":\"ImageObject\",\"inLanguage\":\"es\",\"@id\":\"https:\/\/www.sonoraenequipo.com.mx\/economia-mejora-y-hay-recuperacion-de-empleos\/#primaryimage\",\"url\":\"https:\/\/www.sonoraenequipo.com.mx\/storage\/2021\/07\/conferencia-del-2207_opt.jpg\",\"contentUrl\":\"https:\/\/www.sonoraenequipo.com.mx\/storage\/2021\/07\/conferencia-del-2207_opt.jpg\",\"width\":700,\"height\":400},{\"@type\":\"BreadcrumbList\",\"@id\":\"https:\/\/www.sonoraenequipo.com.mx\/economia-mejora-y-hay-recuperacion-de-empleos\/#breadcrumb\",\"itemListElement\":[{\"@type\":\"ListItem\",\"position\":1,\"name\":\"Portada\",\"item\":\"https:\/\/www.sonoraenequipo.com.mx\/\"},{\"@type\":\"ListItem\",\"position\":2,\"name\":\"Econom\u00eda mejora y hay recuperaci\u00f3n de empleos.\"}]},{\"@type\":\"WebSite\",\"@id\":\"https:\/\/www.sonoraenequipo.com.mx\/#website\",\"url\":\"https:\/\/www.sonoraenequipo.com.mx\/\",\"name\":\"Sonora en Equipo.\",\"description\":\"Diario en l\u00ednea con Noticias desde Hermosillo, Sonora\",\"publisher\":{\"@id\":\"https:\/\/www.sonoraenequipo.com.mx\/#organization\"},\"potentialAction\":[{\"@type\":\"SearchAction\",\"target\":{\"@type\":\"EntryPoint\",\"urlTemplate\":\"https:\/\/www.sonoraenequipo.com.mx\/?s={search_term_string}\"},\"query-input\":{\"@type\":\"PropertyValueSpecification\",\"valueRequired\":true,\"valueName\":\"search_term_string\"}}],\"inLanguage\":\"es\"},{\"@type\":\"Organization\",\"@id\":\"https:\/\/www.sonoraenequipo.com.mx\/#organization\",\"name\":\"Sonoraenequipo.com.mx\",\"url\":\"https:\/\/www.sonoraenequipo.com.mx\/\",\"logo\":{\"@type\":\"ImageObject\",\"inLanguage\":\"es\",\"@id\":\"https:\/\/www.sonoraenequipo.com.mx\/#\/schema\/logo\/image\/\",\"url\":\"https:\/\/www.sonoraenequipo.com.mx\/storage\/2019\/01\/sonoraenequipo_opt.png\",\"contentUrl\":\"https:\/\/www.sonoraenequipo.com.mx\/storage\/2019\/01\/sonoraenequipo_opt.png\",\"width\":375,\"height\":125,\"caption\":\"Sonoraenequipo.com.mx\"},\"image\":{\"@id\":\"https:\/\/www.sonoraenequipo.com.mx\/#\/schema\/logo\/image\/\"},\"sameAs\":[\"https:\/\/www.facebook.com\/SonoraEE\/\",\"https:\/\/x.com\/sonoraenequipo\",\"https:\/\/www.youtube.com\/channel\/UC338nW-lPEYmJQs4ZABQ1SQ\"]},{\"@type\":\"Person\",\"@id\":\"https:\/\/www.sonoraenequipo.com.mx\/#\/schema\/person\/50102df0fb23a8fa9e8effad8fa81386\",\"name\":\"enequipo\",\"image\":{\"@type\":\"ImageObject\",\"inLanguage\":\"es\",\"@id\":\"https:\/\/www.sonoraenequipo.com.mx\/#\/schema\/person\/image\/\",\"url\":\"https:\/\/secure.gravatar.com\/avatar\/049821681b589dabc0bc20695993ccebb09f5b5d4d790cd9251b97faac7c652b?s=96&d=blank&r=g\",\"contentUrl\":\"https:\/\/secure.gravatar.com\/avatar\/049821681b589dabc0bc20695993ccebb09f5b5d4d790cd9251b97faac7c652b?s=96&d=blank&r=g\",\"caption\":\"enequipo\"},\"sameAs\":[\"https:\/\/www.facebook.com\/SonoraEE\"]}]}<\/script>\n ","yoast_head_json":{"title":"Sonora en Equipo. Econom\u00eda mejora y hay recuperaci\u00f3n de empleos. Rep\u00fablica","description":"CIUDAD DE M\u00c9XICO.MX. \u2014 El presidente Andr\u00e9s Manuel L\u00f3pez Obrador afirm\u00f3 que la econom\u00eda mexicana se mantiene estable, los pron\u00f3sticos de crecimiento son En Sonora en Equipo publicamos toda la informaci\u00f3n de Sonora, M\u00e9xico y el Mundo de manera oportuna y busca que la libertad de expresi\u00f3n sea real. Visita nuestro medio informativo publicado desde Hermosillo, Sonora. %","robots":{"index":"index","follow":"follow","max-snippet":"max-snippet:-1","max-image-preview":"max-image-preview:large","max-video-preview":"max-video-preview:-1"},"canonical":"https:\/\/www.sonoraenequipo.com.mx\/economia-mejora-y-hay-recuperacion-de-empleos\/","og_locale":"es_ES","og_type":"article","og_title":"Sonora en Equipo. Econom\u00eda mejora y hay recuperaci\u00f3n de empleos. Rep\u00fablica","og_description":"CIUDAD DE M\u00c9XICO.MX. \u2014 El presidente Andr\u00e9s Manuel L\u00f3pez Obrador afirm\u00f3 que la econom\u00eda mexicana se mantiene estable, los pron\u00f3sticos de crecimiento son En Sonora en Equipo publicamos toda la informaci\u00f3n de Sonora, M\u00e9xico y el Mundo de manera oportuna y busca que la libertad de expresi\u00f3n sea real. Visita nuestro medio informativo publicado desde Hermosillo, Sonora. %","og_url":"https:\/\/www.sonoraenequipo.com.mx\/economia-mejora-y-hay-recuperacion-de-empleos\/","og_site_name":"Sonora en Equipo.","article_publisher":"https:\/\/www.facebook.com\/SonoraEE\/","article_author":"https:\/\/www.facebook.com\/SonoraEE","article_published_time":"2021-07-22T15:28:42+00:00","article_modified_time":"2021-07-23T03:00:13+00:00","og_image":[{"width":700,"height":400,"url":"https:\/\/www.sonoraenequipo.com.mx\/storage\/2021\/07\/conferencia-del-2207_opt.jpg","type":"image\/jpeg"}],"author":"enequipo","twitter_card":"summary_large_image","twitter_creator":"@sonoraenequipo","twitter_site":"@sonoraenequipo","twitter_misc":{"Escrito por":"enequipo","Tiempo de lectura":"2 minutos"},"schema":{"@context":"https:\/\/schema.org","@graph":[{"@type":"Article","@id":"https:\/\/www.sonoraenequipo.com.mx\/economia-mejora-y-hay-recuperacion-de-empleos\/#article","isPartOf":{"@id":"https:\/\/www.sonoraenequipo.com.mx\/economia-mejora-y-hay-recuperacion-de-empleos\/"},"author":{"name":"enequipo","@id":"https:\/\/www.sonoraenequipo.com.mx\/#\/schema\/person\/50102df0fb23a8fa9e8effad8fa81386"},"headline":"Econom\u00eda mejora y hay recuperaci\u00f3n de empleos.","datePublished":"2021-07-22T15:28:42+00:00","dateModified":"2021-07-23T03:00:13+00:00","mainEntityOfPage":{"@id":"https:\/\/www.sonoraenequipo.com.mx\/economia-mejora-y-hay-recuperacion-de-empleos\/"},"wordCount":418,"commentCount":0,"publisher":{"@id":"https:\/\/www.sonoraenequipo.com.mx\/#organization"},"image":{"@id":"https:\/\/www.sonoraenequipo.com.mx\/economia-mejora-y-hay-recuperacion-de-empleos\/#primaryimage"},"thumbnailUrl":"https:\/\/www.sonoraenequipo.com.mx\/storage\/2021\/07\/conferencia-del-2207_opt.jpg","articleSection":["Rep\u00fablica"],"inLanguage":"es","potentialAction":[{"@type":"CommentAction","name":"Comment","target":["https:\/\/www.sonoraenequipo.com.mx\/economia-mejora-y-hay-recuperacion-de-empleos\/#respond"]}]},{"@type":"WebPage","@id":"https:\/\/www.sonoraenequipo.com.mx\/economia-mejora-y-hay-recuperacion-de-empleos\/","url":"https:\/\/www.sonoraenequipo.com.mx\/economia-mejora-y-hay-recuperacion-de-empleos\/","name":"Sonora en Equipo. Econom\u00eda mejora y hay recuperaci\u00f3n de empleos. Rep\u00fablica","isPartOf":{"@id":"https:\/\/www.sonoraenequipo.com.mx\/#website"},"primaryImageOfPage":{"@id":"https:\/\/www.sonoraenequipo.com.mx\/economia-mejora-y-hay-recuperacion-de-empleos\/#primaryimage"},"image":{"@id":"https:\/\/www.sonoraenequipo.com.mx\/economia-mejora-y-hay-recuperacion-de-empleos\/#primaryimage"},"thumbnailUrl":"https:\/\/www.sonoraenequipo.com.mx\/storage\/2021\/07\/conferencia-del-2207_opt.jpg","datePublished":"2021-07-22T15:28:42+00:00","dateModified":"2021-07-23T03:00:13+00:00","description":"CIUDAD DE M\u00c9XICO.MX. \u2014 El presidente Andr\u00e9s Manuel L\u00f3pez Obrador afirm\u00f3 que la econom\u00eda mexicana se mantiene estable, los pron\u00f3sticos de crecimiento son En Sonora en Equipo publicamos toda la informaci\u00f3n de Sonora, M\u00e9xico y el Mundo de manera oportuna y busca que la libertad de expresi\u00f3n sea real. Visita nuestro medio informativo publicado desde Hermosillo, Sonora. %","breadcrumb":{"@id":"https:\/\/www.sonoraenequipo.com.mx\/economia-mejora-y-hay-recuperacion-de-empleos\/#breadcrumb"},"inLanguage":"es","potentialAction":[{"@type":"ReadAction","target":["https:\/\/www.sonoraenequipo.com.mx\/economia-mejora-y-hay-recuperacion-de-empleos\/"]}]},{"@type":"ImageObject","inLanguage":"es","@id":"https:\/\/www.sonoraenequipo.com.mx\/economia-mejora-y-hay-recuperacion-de-empleos\/#primaryimage","url":"https:\/\/www.sonoraenequipo.com.mx\/storage\/2021\/07\/conferencia-del-2207_opt.jpg","contentUrl":"https:\/\/www.sonoraenequipo.com.mx\/storage\/2021\/07\/conferencia-del-2207_opt.jpg","width":700,"height":400},{"@type":"BreadcrumbList","@id":"https:\/\/www.sonoraenequipo.com.mx\/economia-mejora-y-hay-recuperacion-de-empleos\/#breadcrumb","itemListElement":[{"@type":"ListItem","position":1,"name":"Portada","item":"https:\/\/www.sonoraenequipo.com.mx\/"},{"@type":"ListItem","position":2,"name":"Econom\u00eda mejora y hay recuperaci\u00f3n de empleos."}]},{"@type":"WebSite","@id":"https:\/\/www.sonoraenequipo.com.mx\/#website","url":"https:\/\/www.sonoraenequipo.com.mx\/","name":"Sonora en Equipo.","description":"Diario en l\u00ednea con Noticias desde Hermosillo, Sonora","publisher":{"@id":"https:\/\/www.sonoraenequipo.com.mx\/#organization"},"potentialAction":[{"@type":"SearchAction","target":{"@type":"EntryPoint","urlTemplate":"https:\/\/www.sonoraenequipo.com.mx\/?s={search_term_string}"},"query-input":{"@type":"PropertyValueSpecification","valueRequired":true,"valueName":"search_term_string"}}],"inLanguage":"es"},{"@type":"Organization","@id":"https:\/\/www.sonoraenequipo.com.mx\/#organization","name":"Sonoraenequipo.com.mx","url":"https:\/\/www.sonoraenequipo.com.mx\/","logo":{"@type":"ImageObject","inLanguage":"es","@id":"https:\/\/www.sonoraenequipo.com.mx\/#\/schema\/logo\/image\/","url":"https:\/\/www.sonoraenequipo.com.mx\/storage\/2019\/01\/sonoraenequipo_opt.png","contentUrl":"https:\/\/www.sonoraenequipo.com.mx\/storage\/2019\/01\/sonoraenequipo_opt.png","width":375,"height":125,"caption":"Sonoraenequipo.com.mx"},"image":{"@id":"https:\/\/www.sonoraenequipo.com.mx\/#\/schema\/logo\/image\/"},"sameAs":["https:\/\/www.facebook.com\/SonoraEE\/","https:\/\/x.com\/sonoraenequipo","https:\/\/www.youtube.com\/channel\/UC338nW-lPEYmJQs4ZABQ1SQ"]},{"@type":"Person","@id":"https:\/\/www.sonoraenequipo.com.mx\/#\/schema\/person\/50102df0fb23a8fa9e8effad8fa81386","name":"enequipo","image":{"@type":"ImageObject","inLanguage":"es","@id":"https:\/\/www.sonoraenequipo.com.mx\/#\/schema\/person\/image\/","url":"https:\/\/secure.gravatar.com\/avatar\/049821681b589dabc0bc20695993ccebb09f5b5d4d790cd9251b97faac7c652b?s=96&d=blank&r=g","contentUrl":"https:\/\/secure.gravatar.com\/avatar\/049821681b589dabc0bc20695993ccebb09f5b5d4d790cd9251b97faac7c652b?s=96&d=blank&r=g","caption":"enequipo"},"sameAs":["https:\/\/www.facebook.com\/SonoraEE"]}]}},"jetpack_featured_media_url":"https:\/\/www.sonoraenequipo.com.mx\/storage\/2021\/07\/conferencia-del-2207_opt.jpg","_links":{"self":[{"href":"https:\/\/www.sonoraenequipo.com.mx\/api\/wp\/v2\/posts\/118900","targetHints":{"allow":["GET"]}}],"collection":[{"href":"https:\/\/www.sonoraenequipo.com.mx\/api\/wp\/v2\/posts"}],"about":[{"href":"https:\/\/www.sonoraenequipo.com.mx\/api\/wp\/v2\/types\/post"}],"author":[{"embeddable":true,"href":"https:\/\/www.sonoraenequipo.com.mx\/api\/wp\/v2\/users\/1"}],"replies":[{"embeddable":true,"href":"https:\/\/www.sonoraenequipo.com.mx\/api\/wp\/v2\/comments?post=118900"}],"version-history":[{"count":1,"href":"https:\/\/www.sonoraenequipo.com.mx\/api\/wp\/v2\/posts\/118900\/revisions"}],"predecessor-version":[{"id":118902,"href":"https:\/\/www.sonoraenequipo.com.mx\/api\/wp\/v2\/posts\/118900\/revisions\/118902"}],"wp:featuredmedia":[{"embeddable":true,"href":"https:\/\/www.sonoraenequipo.com.mx\/api\/wp\/v2\/media\/118901"}],"wp:attachment":[{"href":"https:\/\/www.sonoraenequipo.com.mx\/api\/wp\/v2\/media?parent=118900"}],"wp:term":[{"taxonomy":"category","embeddable":true,"href":"https:\/\/www.sonoraenequipo.com.mx\/api\/wp\/v2\/categories?post=118900"},{"taxonomy":"post_tag","embeddable":true,"href":"https:\/\/www.sonoraenequipo.com.mx\/api\/wp\/v2\/tags?post=118900"}],"curies":[{"name":"wp","href":"https:\/\/api.w.org\/{rel}","templated":true}]}}