{"id":118912,"date":"2021-07-22T09:28:44","date_gmt":"2021-07-22T16:28:44","guid":{"rendered":"https:\/\/www.sonoraenequipo.com.mx\/?p=118912"},"modified":"2021-07-22T21:19:00","modified_gmt":"2021-07-23T04:19:00","slug":"nombran-a-raul-rodriguez-marquez-como-nuevo-presidente-del-consejo-consultivo-del-agua","status":"publish","type":"post","link":"https:\/\/www.sonoraenequipo.com.mx\/nombran-a-raul-rodriguez-marquez-como-nuevo-presidente-del-consejo-consultivo-del-agua\/","title":{"rendered":"Nombran a Ra\u00fal Rodr\u00edguez M\u00e1rquez como nuevo Presidente del Consejo Consultivo del Agua"},"content":{"rendered":"<p>CIUDAD DE M\u00c9XICO. MX. \u2014 En Asamblea General celebrada el d\u00eda de hoy, Ra\u00fal Rodr\u00edguez M\u00e1rquez fue nombrado por unanimidad como nuevo presidente del Consejo Consultivo del Agua AC (CCA) para el periodo 2021 \u2013 2023, relevando as\u00ed a V\u00edctor Lichtinger, quien ha fungido como Presidente del Consejo desde junio del a\u00f1o 2018.<\/p>\n<p>&nbsp;<\/p>\n<p> <\/p>\n<p>Ra\u00fal Rodr\u00edguez es miembro y vicepresidente del CCA y cuenta con una amplia trayectoria en el sector p\u00fablico y privado, en donde se ha desempa\u00f1ado como Secretario de Finanzas y Planeaci\u00f3n del Estado de Zacatecas, y actualmente es su representante en la Ciudad de M\u00e9xico.<\/p>\n<p>&nbsp;<\/p>\n<p>En el sector privado se desempe\u00f1a como socio director de GCI; como Tesorero del Sector de Alimentos, Bebidas y Tabaco de CANACINTRA, como Consejero Nacional de la Asociaci\u00f3n a Favor de lo Mejor y Colaborador de el Financiero Bloomberg.<\/p>\n<p>&nbsp;<\/p>\n<p>Fue presidente del Consejo de Administraci\u00f3n de Impulsora Agr\u00edcola S.A., de 2008-2010. En el a\u00f1o 2013 fungi\u00f3 como Consejero Nacional y Miembro del Comit\u00e9 Ejecutivo de la Confederaci\u00f3n Patronal de la Rep\u00fablica Mexicana, COPARMEX (2009-2013). Tambi\u00e9n particip\u00f3 como Vicepresidente de CONCAMIN y Vicepresidente Nacional de Enlace Legislstivo de CANACINTRA; as\u00ed como vicepresidente de los comit\u00e9s de agroindustria y de asuntos fiscales de la American Chamber, M\u00e9xico (2008-2013).<\/p>\n<p>&nbsp;<\/p>\n<p>En el sector privado, Ra\u00fal Rodr\u00edguez se ha desempe\u00f1ado como Director de Relaciones Corporativas de Grupo Modelo de 2002-2015; Presidente y Director general de grupo constructor GARUMI SA. (1998-2002) y Asesor del Director; y ex Presidente de Procab.<\/p>\n<p>&nbsp;<\/p>\n<p>En su mensaje a los miembros del Consejo Consultivo del Agua A.C, agradeci\u00f3 la votaci\u00f3n por unanimidad y ratific\u00f3 su compromiso de seguir impulsando acciones a favor de una mejor cultura del agua en el pa\u00eds; as\u00ed como el seguir apoyando a la Comisi\u00f3n Nacional del Agua en la mejora del sector h\u00eddrico.<\/p>\n<p>&nbsp;<\/p>\n<p>La misi\u00f3n del el Consejo Consultivo del Agua (CCA) CCA es coadyuvar en la formulaci\u00f3n de pol\u00edticas p\u00fablicas en materia de aguas. Fundado en el a\u00f1o 2000, es una asociaci\u00f3n civil, plural, e independiente integrada por personas de reconocido prestigio y organizaciones de los sectores social, acad\u00e9mico, econ\u00f3mico y por grandes usuarios del agua en M\u00e9xico.<\/p>\n<p>&nbsp;<\/p>\n<p>Para m\u00e1s informaci\u00f3n<strong><a href=\"http:\/\/www.aguas.org.mx\"> www.aguas.org.mx<\/a><\/strong>, s\u00edganos en<strong> Twitter @ConsejoAguaMX y Facebook @consejoAGUA<\/strong><\/p>\n<p>&nbsp;<\/p>\n<p>(Publicada el 22\/07\/2021)<\/p>\n","protected":false},"excerpt":{"rendered":"<p>CIUDAD DE M\u00c9XICO. MX. \u2014 En Asamblea General celebrada el d\u00eda de hoy, Ra\u00fal Rodr\u00edguez&#8230;<\/p>\n","protected":false},"author":1,"featured_media":118913,"comment_status":"open","ping_status":"open","sticky":false,"template":"","format":"standard","meta":{"_monsterinsights_skip_tracking":false,"_monsterinsights_sitenote_active":false,"_monsterinsights_sitenote_note":"","_monsterinsights_sitenote_category":0,"footnotes":""},"categories":[5],"tags":[],"class_list":["post"],"yoast_head":" \n<title>Sonora en Equipo. Nombran a Ra\u00fal Rodr\u00edguez M\u00e1rquez como nuevo Presidente del Consejo Consultivo del Agua Rep\u00fablica<\/title>\n<meta name=\"description\" content=\"CIUDAD DE M\u00c9XICO. MX. \u2014 En Asamblea General celebrada el d\u00eda de hoy, Ra\u00fal Rodr\u00edguez M\u00e1rquez fue nombrado por unanimidad como nuevo presidente del Consejo En Sonora en Equipo publicamos toda la informaci\u00f3n de Sonora, M\u00e9xico y el Mundo de manera oportuna y busca que la libertad de expresi\u00f3n sea real. Visita nuestro medio informativo publicado desde Hermosillo, Sonora. %\" \/>\n<meta name=\"robots\" content=\"index, follow, max-snippet:-1, max-image-preview:large, max-video-preview:-1\" \/>\n<link rel=\"canonical\" href=\"https:\/\/www.sonoraenequipo.com.mx\/nombran-a-raul-rodriguez-marquez-como-nuevo-presidente-del-consejo-consultivo-del-agua\/\" \/>\n<meta property=\"og:locale\" content=\"es_ES\" \/>\n<meta property=\"og:type\" content=\"article\" \/>\n<meta property=\"og:title\" content=\"Sonora en Equipo. Nombran a Ra\u00fal Rodr\u00edguez M\u00e1rquez como nuevo Presidente del Consejo Consultivo del Agua Rep\u00fablica\" \/>\n<meta property=\"og:description\" content=\"CIUDAD DE M\u00c9XICO. MX. \u2014 En Asamblea General celebrada el d\u00eda de hoy, Ra\u00fal Rodr\u00edguez M\u00e1rquez fue nombrado por unanimidad como nuevo presidente del Consejo En Sonora en Equipo publicamos toda la informaci\u00f3n de Sonora, M\u00e9xico y el Mundo de manera oportuna y busca que la libertad de expresi\u00f3n sea real. Visita nuestro medio informativo publicado desde Hermosillo, Sonora. %\" \/>\n<meta property=\"og:url\" content=\"https:\/\/www.sonoraenequipo.com.mx\/nombran-a-raul-rodriguez-marquez-como-nuevo-presidente-del-consejo-consultivo-del-agua\/\" \/>\n<meta property=\"og:site_name\" content=\"Sonora en Equipo.\" \/>\n<meta property=\"article:publisher\" content=\"https:\/\/www.facebook.com\/SonoraEE\/\" \/>\n<meta property=\"article:author\" content=\"https:\/\/www.facebook.com\/SonoraEE\" \/>\n<meta property=\"article:published_time\" content=\"2021-07-22T16:28:44+00:00\" \/>\n<meta property=\"article:modified_time\" content=\"2021-07-23T04:19:00+00:00\" \/>\n<meta property=\"og:image\" content=\"https:\/\/www.sonoraenequipo.com.mx\/storage\/2021\/07\/Raul-Rodriguez-Marquez-Presidente-del-Consejo-Consultivo-del-Agua.jpg\" \/>\n\t<meta property=\"og:image:width\" content=\"1000\" \/>\n\t<meta property=\"og:image:height\" content=\"667\" \/>\n\t<meta property=\"og:image:type\" content=\"image\/jpeg\" \/>\n<meta name=\"author\" content=\"enequipo\" \/>\n<meta name=\"twitter:card\" content=\"summary_large_image\" \/>\n<meta name=\"twitter:creator\" content=\"@sonoraenequipo\" \/>\n<meta name=\"twitter:site\" content=\"@sonoraenequipo\" \/>\n<meta name=\"twitter:label1\" content=\"Escrito por\" \/>\n\t<meta name=\"twitter:data1\" content=\"enequipo\" \/>\n\t<meta name=\"twitter:label2\" content=\"Tiempo de lectura\" \/>\n\t<meta name=\"twitter:data2\" content=\"2 minutos\" \/>\n<script type=\"application\/ld+json\" class=\"yoast-schema-graph\">{\"@context\":\"https:\/\/schema.org\",\"@graph\":[{\"@type\":\"Article\",\"@id\":\"https:\/\/www.sonoraenequipo.com.mx\/nombran-a-raul-rodriguez-marquez-como-nuevo-presidente-del-consejo-consultivo-del-agua\/#article\",\"isPartOf\":{\"@id\":\"https:\/\/www.sonoraenequipo.com.mx\/nombran-a-raul-rodriguez-marquez-como-nuevo-presidente-del-consejo-consultivo-del-agua\/\"},\"author\":{\"name\":\"enequipo\",\"@id\":\"https:\/\/www.sonoraenequipo.com.mx\/#\/schema\/person\/50102df0fb23a8fa9e8effad8fa81386\"},\"headline\":\"Nombran a Ra\u00fal Rodr\u00edguez M\u00e1rquez como nuevo Presidente del Consejo Consultivo del Agua\",\"datePublished\":\"2021-07-22T16:28:44+00:00\",\"dateModified\":\"2021-07-23T04:19:00+00:00\",\"mainEntityOfPage\":{\"@id\":\"https:\/\/www.sonoraenequipo.com.mx\/nombran-a-raul-rodriguez-marquez-como-nuevo-presidente-del-consejo-consultivo-del-agua\/\"},\"wordCount\":428,\"commentCount\":0,\"publisher\":{\"@id\":\"https:\/\/www.sonoraenequipo.com.mx\/#organization\"},\"image\":{\"@id\":\"https:\/\/www.sonoraenequipo.com.mx\/nombran-a-raul-rodriguez-marquez-como-nuevo-presidente-del-consejo-consultivo-del-agua\/#primaryimage\"},\"thumbnailUrl\":\"https:\/\/www.sonoraenequipo.com.mx\/storage\/2021\/07\/Raul-Rodriguez-Marquez-Presidente-del-Consejo-Consultivo-del-Agua.jpg\",\"articleSection\":[\"Rep\u00fablica\"],\"inLanguage\":\"es\",\"potentialAction\":[{\"@type\":\"CommentAction\",\"name\":\"Comment\",\"target\":[\"https:\/\/www.sonoraenequipo.com.mx\/nombran-a-raul-rodriguez-marquez-como-nuevo-presidente-del-consejo-consultivo-del-agua\/#respond\"]}]},{\"@type\":\"WebPage\",\"@id\":\"https:\/\/www.sonoraenequipo.com.mx\/nombran-a-raul-rodriguez-marquez-como-nuevo-presidente-del-consejo-consultivo-del-agua\/\",\"url\":\"https:\/\/www.sonoraenequipo.com.mx\/nombran-a-raul-rodriguez-marquez-como-nuevo-presidente-del-consejo-consultivo-del-agua\/\",\"name\":\"Sonora en Equipo. Nombran a Ra\u00fal Rodr\u00edguez M\u00e1rquez como nuevo Presidente del Consejo Consultivo del Agua Rep\u00fablica\",\"isPartOf\":{\"@id\":\"https:\/\/www.sonoraenequipo.com.mx\/#website\"},\"primaryImageOfPage\":{\"@id\":\"https:\/\/www.sonoraenequipo.com.mx\/nombran-a-raul-rodriguez-marquez-como-nuevo-presidente-del-consejo-consultivo-del-agua\/#primaryimage\"},\"image\":{\"@id\":\"https:\/\/www.sonoraenequipo.com.mx\/nombran-a-raul-rodriguez-marquez-como-nuevo-presidente-del-consejo-consultivo-del-agua\/#primaryimage\"},\"thumbnailUrl\":\"https:\/\/www.sonoraenequipo.com.mx\/storage\/2021\/07\/Raul-Rodriguez-Marquez-Presidente-del-Consejo-Consultivo-del-Agua.jpg\",\"datePublished\":\"2021-07-22T16:28:44+00:00\",\"dateModified\":\"2021-07-23T04:19:00+00:00\",\"description\":\"CIUDAD DE M\u00c9XICO. MX. \u2014 En Asamblea General celebrada el d\u00eda de hoy, Ra\u00fal Rodr\u00edguez M\u00e1rquez fue nombrado por unanimidad como nuevo presidente del Consejo En Sonora en Equipo publicamos toda la informaci\u00f3n de Sonora, M\u00e9xico y el Mundo de manera oportuna y busca que la libertad de expresi\u00f3n sea real. Visita nuestro medio informativo publicado desde Hermosillo, Sonora. %\",\"breadcrumb\":{\"@id\":\"https:\/\/www.sonoraenequipo.com.mx\/nombran-a-raul-rodriguez-marquez-como-nuevo-presidente-del-consejo-consultivo-del-agua\/#breadcrumb\"},\"inLanguage\":\"es\",\"potentialAction\":[{\"@type\":\"ReadAction\",\"target\":[\"https:\/\/www.sonoraenequipo.com.mx\/nombran-a-raul-rodriguez-marquez-como-nuevo-presidente-del-consejo-consultivo-del-agua\/\"]}]},{\"@type\":\"ImageObject\",\"inLanguage\":\"es\",\"@id\":\"https:\/\/www.sonoraenequipo.com.mx\/nombran-a-raul-rodriguez-marquez-como-nuevo-presidente-del-consejo-consultivo-del-agua\/#primaryimage\",\"url\":\"https:\/\/www.sonoraenequipo.com.mx\/storage\/2021\/07\/Raul-Rodriguez-Marquez-Presidente-del-Consejo-Consultivo-del-Agua.jpg\",\"contentUrl\":\"https:\/\/www.sonoraenequipo.com.mx\/storage\/2021\/07\/Raul-Rodriguez-Marquez-Presidente-del-Consejo-Consultivo-del-Agua.jpg\",\"width\":1000,\"height\":667},{\"@type\":\"BreadcrumbList\",\"@id\":\"https:\/\/www.sonoraenequipo.com.mx\/nombran-a-raul-rodriguez-marquez-como-nuevo-presidente-del-consejo-consultivo-del-agua\/#breadcrumb\",\"itemListElement\":[{\"@type\":\"ListItem\",\"position\":1,\"name\":\"Portada\",\"item\":\"https:\/\/www.sonoraenequipo.com.mx\/\"},{\"@type\":\"ListItem\",\"position\":2,\"name\":\"Nombran a Ra\u00fal Rodr\u00edguez M\u00e1rquez como nuevo Presidente del Consejo Consultivo del Agua\"}]},{\"@type\":\"WebSite\",\"@id\":\"https:\/\/www.sonoraenequipo.com.mx\/#website\",\"url\":\"https:\/\/www.sonoraenequipo.com.mx\/\",\"name\":\"Sonora en Equipo.\",\"description\":\"Diario en l\u00ednea con Noticias desde Hermosillo, Sonora\",\"publisher\":{\"@id\":\"https:\/\/www.sonoraenequipo.com.mx\/#organization\"},\"potentialAction\":[{\"@type\":\"SearchAction\",\"target\":{\"@type\":\"EntryPoint\",\"urlTemplate\":\"https:\/\/www.sonoraenequipo.com.mx\/?s={search_term_string}\"},\"query-input\":{\"@type\":\"PropertyValueSpecification\",\"valueRequired\":true,\"valueName\":\"search_term_string\"}}],\"inLanguage\":\"es\"},{\"@type\":\"Organization\",\"@id\":\"https:\/\/www.sonoraenequipo.com.mx\/#organization\",\"name\":\"Sonoraenequipo.com.mx\",\"url\":\"https:\/\/www.sonoraenequipo.com.mx\/\",\"logo\":{\"@type\":\"ImageObject\",\"inLanguage\":\"es\",\"@id\":\"https:\/\/www.sonoraenequipo.com.mx\/#\/schema\/logo\/image\/\",\"url\":\"https:\/\/www.sonoraenequipo.com.mx\/storage\/2019\/01\/sonoraenequipo_opt.png\",\"contentUrl\":\"https:\/\/www.sonoraenequipo.com.mx\/storage\/2019\/01\/sonoraenequipo_opt.png\",\"width\":375,\"height\":125,\"caption\":\"Sonoraenequipo.com.mx\"},\"image\":{\"@id\":\"https:\/\/www.sonoraenequipo.com.mx\/#\/schema\/logo\/image\/\"},\"sameAs\":[\"https:\/\/www.facebook.com\/SonoraEE\/\",\"https:\/\/x.com\/sonoraenequipo\",\"https:\/\/www.youtube.com\/channel\/UC338nW-lPEYmJQs4ZABQ1SQ\"]},{\"@type\":\"Person\",\"@id\":\"https:\/\/www.sonoraenequipo.com.mx\/#\/schema\/person\/50102df0fb23a8fa9e8effad8fa81386\",\"name\":\"enequipo\",\"image\":{\"@type\":\"ImageObject\",\"inLanguage\":\"es\",\"@id\":\"https:\/\/www.sonoraenequipo.com.mx\/#\/schema\/person\/image\/\",\"url\":\"https:\/\/secure.gravatar.com\/avatar\/049821681b589dabc0bc20695993ccebb09f5b5d4d790cd9251b97faac7c652b?s=96&d=blank&r=g\",\"contentUrl\":\"https:\/\/secure.gravatar.com\/avatar\/049821681b589dabc0bc20695993ccebb09f5b5d4d790cd9251b97faac7c652b?s=96&d=blank&r=g\",\"caption\":\"enequipo\"},\"sameAs\":[\"https:\/\/www.facebook.com\/SonoraEE\"]}]}<\/script>\n ","yoast_head_json":{"title":"Sonora en Equipo. Nombran a Ra\u00fal Rodr\u00edguez M\u00e1rquez como nuevo Presidente del Consejo Consultivo del Agua Rep\u00fablica","description":"CIUDAD DE M\u00c9XICO. MX. \u2014 En Asamblea General celebrada el d\u00eda de hoy, Ra\u00fal Rodr\u00edguez M\u00e1rquez fue nombrado por unanimidad como nuevo presidente del Consejo En Sonora en Equipo publicamos toda la informaci\u00f3n de Sonora, M\u00e9xico y el Mundo de manera oportuna y busca que la libertad de expresi\u00f3n sea real. Visita nuestro medio informativo publicado desde Hermosillo, Sonora. %","robots":{"index":"index","follow":"follow","max-snippet":"max-snippet:-1","max-image-preview":"max-image-preview:large","max-video-preview":"max-video-preview:-1"},"canonical":"https:\/\/www.sonoraenequipo.com.mx\/nombran-a-raul-rodriguez-marquez-como-nuevo-presidente-del-consejo-consultivo-del-agua\/","og_locale":"es_ES","og_type":"article","og_title":"Sonora en Equipo. Nombran a Ra\u00fal Rodr\u00edguez M\u00e1rquez como nuevo Presidente del Consejo Consultivo del Agua Rep\u00fablica","og_description":"CIUDAD DE M\u00c9XICO. MX. \u2014 En Asamblea General celebrada el d\u00eda de hoy, Ra\u00fal Rodr\u00edguez M\u00e1rquez fue nombrado por unanimidad como nuevo presidente del Consejo En Sonora en Equipo publicamos toda la informaci\u00f3n de Sonora, M\u00e9xico y el Mundo de manera oportuna y busca que la libertad de expresi\u00f3n sea real. Visita nuestro medio informativo publicado desde Hermosillo, Sonora. %","og_url":"https:\/\/www.sonoraenequipo.com.mx\/nombran-a-raul-rodriguez-marquez-como-nuevo-presidente-del-consejo-consultivo-del-agua\/","og_site_name":"Sonora en Equipo.","article_publisher":"https:\/\/www.facebook.com\/SonoraEE\/","article_author":"https:\/\/www.facebook.com\/SonoraEE","article_published_time":"2021-07-22T16:28:44+00:00","article_modified_time":"2021-07-23T04:19:00+00:00","og_image":[{"width":1000,"height":667,"url":"https:\/\/www.sonoraenequipo.com.mx\/storage\/2021\/07\/Raul-Rodriguez-Marquez-Presidente-del-Consejo-Consultivo-del-Agua.jpg","type":"image\/jpeg"}],"author":"enequipo","twitter_card":"summary_large_image","twitter_creator":"@sonoraenequipo","twitter_site":"@sonoraenequipo","twitter_misc":{"Escrito por":"enequipo","Tiempo de lectura":"2 minutos"},"schema":{"@context":"https:\/\/schema.org","@graph":[{"@type":"Article","@id":"https:\/\/www.sonoraenequipo.com.mx\/nombran-a-raul-rodriguez-marquez-como-nuevo-presidente-del-consejo-consultivo-del-agua\/#article","isPartOf":{"@id":"https:\/\/www.sonoraenequipo.com.mx\/nombran-a-raul-rodriguez-marquez-como-nuevo-presidente-del-consejo-consultivo-del-agua\/"},"author":{"name":"enequipo","@id":"https:\/\/www.sonoraenequipo.com.mx\/#\/schema\/person\/50102df0fb23a8fa9e8effad8fa81386"},"headline":"Nombran a Ra\u00fal Rodr\u00edguez M\u00e1rquez como nuevo Presidente del Consejo Consultivo del Agua","datePublished":"2021-07-22T16:28:44+00:00","dateModified":"2021-07-23T04:19:00+00:00","mainEntityOfPage":{"@id":"https:\/\/www.sonoraenequipo.com.mx\/nombran-a-raul-rodriguez-marquez-como-nuevo-presidente-del-consejo-consultivo-del-agua\/"},"wordCount":428,"commentCount":0,"publisher":{"@id":"https:\/\/www.sonoraenequipo.com.mx\/#organization"},"image":{"@id":"https:\/\/www.sonoraenequipo.com.mx\/nombran-a-raul-rodriguez-marquez-como-nuevo-presidente-del-consejo-consultivo-del-agua\/#primaryimage"},"thumbnailUrl":"https:\/\/www.sonoraenequipo.com.mx\/storage\/2021\/07\/Raul-Rodriguez-Marquez-Presidente-del-Consejo-Consultivo-del-Agua.jpg","articleSection":["Rep\u00fablica"],"inLanguage":"es","potentialAction":[{"@type":"CommentAction","name":"Comment","target":["https:\/\/www.sonoraenequipo.com.mx\/nombran-a-raul-rodriguez-marquez-como-nuevo-presidente-del-consejo-consultivo-del-agua\/#respond"]}]},{"@type":"WebPage","@id":"https:\/\/www.sonoraenequipo.com.mx\/nombran-a-raul-rodriguez-marquez-como-nuevo-presidente-del-consejo-consultivo-del-agua\/","url":"https:\/\/www.sonoraenequipo.com.mx\/nombran-a-raul-rodriguez-marquez-como-nuevo-presidente-del-consejo-consultivo-del-agua\/","name":"Sonora en Equipo. Nombran a Ra\u00fal Rodr\u00edguez M\u00e1rquez como nuevo Presidente del Consejo Consultivo del Agua Rep\u00fablica","isPartOf":{"@id":"https:\/\/www.sonoraenequipo.com.mx\/#website"},"primaryImageOfPage":{"@id":"https:\/\/www.sonoraenequipo.com.mx\/nombran-a-raul-rodriguez-marquez-como-nuevo-presidente-del-consejo-consultivo-del-agua\/#primaryimage"},"image":{"@id":"https:\/\/www.sonoraenequipo.com.mx\/nombran-a-raul-rodriguez-marquez-como-nuevo-presidente-del-consejo-consultivo-del-agua\/#primaryimage"},"thumbnailUrl":"https:\/\/www.sonoraenequipo.com.mx\/storage\/2021\/07\/Raul-Rodriguez-Marquez-Presidente-del-Consejo-Consultivo-del-Agua.jpg","datePublished":"2021-07-22T16:28:44+00:00","dateModified":"2021-07-23T04:19:00+00:00","description":"CIUDAD DE M\u00c9XICO. MX. \u2014 En Asamblea General celebrada el d\u00eda de hoy, Ra\u00fal Rodr\u00edguez M\u00e1rquez fue nombrado por unanimidad como nuevo presidente del Consejo En Sonora en Equipo publicamos toda la informaci\u00f3n de Sonora, M\u00e9xico y el Mundo de manera oportuna y busca que la libertad de expresi\u00f3n sea real. Visita nuestro medio informativo publicado desde Hermosillo, Sonora. %","breadcrumb":{"@id":"https:\/\/www.sonoraenequipo.com.mx\/nombran-a-raul-rodriguez-marquez-como-nuevo-presidente-del-consejo-consultivo-del-agua\/#breadcrumb"},"inLanguage":"es","potentialAction":[{"@type":"ReadAction","target":["https:\/\/www.sonoraenequipo.com.mx\/nombran-a-raul-rodriguez-marquez-como-nuevo-presidente-del-consejo-consultivo-del-agua\/"]}]},{"@type":"ImageObject","inLanguage":"es","@id":"https:\/\/www.sonoraenequipo.com.mx\/nombran-a-raul-rodriguez-marquez-como-nuevo-presidente-del-consejo-consultivo-del-agua\/#primaryimage","url":"https:\/\/www.sonoraenequipo.com.mx\/storage\/2021\/07\/Raul-Rodriguez-Marquez-Presidente-del-Consejo-Consultivo-del-Agua.jpg","contentUrl":"https:\/\/www.sonoraenequipo.com.mx\/storage\/2021\/07\/Raul-Rodriguez-Marquez-Presidente-del-Consejo-Consultivo-del-Agua.jpg","width":1000,"height":667},{"@type":"BreadcrumbList","@id":"https:\/\/www.sonoraenequipo.com.mx\/nombran-a-raul-rodriguez-marquez-como-nuevo-presidente-del-consejo-consultivo-del-agua\/#breadcrumb","itemListElement":[{"@type":"ListItem","position":1,"name":"Portada","item":"https:\/\/www.sonoraenequipo.com.mx\/"},{"@type":"ListItem","position":2,"name":"Nombran a Ra\u00fal Rodr\u00edguez M\u00e1rquez como nuevo Presidente del Consejo Consultivo del Agua"}]},{"@type":"WebSite","@id":"https:\/\/www.sonoraenequipo.com.mx\/#website","url":"https:\/\/www.sonoraenequipo.com.mx\/","name":"Sonora en Equipo.","description":"Diario en l\u00ednea con Noticias desde Hermosillo, Sonora","publisher":{"@id":"https:\/\/www.sonoraenequipo.com.mx\/#organization"},"potentialAction":[{"@type":"SearchAction","target":{"@type":"EntryPoint","urlTemplate":"https:\/\/www.sonoraenequipo.com.mx\/?s={search_term_string}"},"query-input":{"@type":"PropertyValueSpecification","valueRequired":true,"valueName":"search_term_string"}}],"inLanguage":"es"},{"@type":"Organization","@id":"https:\/\/www.sonoraenequipo.com.mx\/#organization","name":"Sonoraenequipo.com.mx","url":"https:\/\/www.sonoraenequipo.com.mx\/","logo":{"@type":"ImageObject","inLanguage":"es","@id":"https:\/\/www.sonoraenequipo.com.mx\/#\/schema\/logo\/image\/","url":"https:\/\/www.sonoraenequipo.com.mx\/storage\/2019\/01\/sonoraenequipo_opt.png","contentUrl":"https:\/\/www.sonoraenequipo.com.mx\/storage\/2019\/01\/sonoraenequipo_opt.png","width":375,"height":125,"caption":"Sonoraenequipo.com.mx"},"image":{"@id":"https:\/\/www.sonoraenequipo.com.mx\/#\/schema\/logo\/image\/"},"sameAs":["https:\/\/www.facebook.com\/SonoraEE\/","https:\/\/x.com\/sonoraenequipo","https:\/\/www.youtube.com\/channel\/UC338nW-lPEYmJQs4ZABQ1SQ"]},{"@type":"Person","@id":"https:\/\/www.sonoraenequipo.com.mx\/#\/schema\/person\/50102df0fb23a8fa9e8effad8fa81386","name":"enequipo","image":{"@type":"ImageObject","inLanguage":"es","@id":"https:\/\/www.sonoraenequipo.com.mx\/#\/schema\/person\/image\/","url":"https:\/\/secure.gravatar.com\/avatar\/049821681b589dabc0bc20695993ccebb09f5b5d4d790cd9251b97faac7c652b?s=96&d=blank&r=g","contentUrl":"https:\/\/secure.gravatar.com\/avatar\/049821681b589dabc0bc20695993ccebb09f5b5d4d790cd9251b97faac7c652b?s=96&d=blank&r=g","caption":"enequipo"},"sameAs":["https:\/\/www.facebook.com\/SonoraEE"]}]}},"jetpack_featured_media_url":"https:\/\/www.sonoraenequipo.com.mx\/storage\/2021\/07\/Raul-Rodriguez-Marquez-Presidente-del-Consejo-Consultivo-del-Agua.jpg","_links":{"self":[{"href":"https:\/\/www.sonoraenequipo.com.mx\/api\/wp\/v2\/posts\/118912","targetHints":{"allow":["GET"]}}],"collection":[{"href":"https:\/\/www.sonoraenequipo.com.mx\/api\/wp\/v2\/posts"}],"about":[{"href":"https:\/\/www.sonoraenequipo.com.mx\/api\/wp\/v2\/types\/post"}],"author":[{"embeddable":true,"href":"https:\/\/www.sonoraenequipo.com.mx\/api\/wp\/v2\/users\/1"}],"replies":[{"embeddable":true,"href":"https:\/\/www.sonoraenequipo.com.mx\/api\/wp\/v2\/comments?post=118912"}],"version-history":[{"count":1,"href":"https:\/\/www.sonoraenequipo.com.mx\/api\/wp\/v2\/posts\/118912\/revisions"}],"predecessor-version":[{"id":118914,"href":"https:\/\/www.sonoraenequipo.com.mx\/api\/wp\/v2\/posts\/118912\/revisions\/118914"}],"wp:featuredmedia":[{"embeddable":true,"href":"https:\/\/www.sonoraenequipo.com.mx\/api\/wp\/v2\/media\/118913"}],"wp:attachment":[{"href":"https:\/\/www.sonoraenequipo.com.mx\/api\/wp\/v2\/media?parent=118912"}],"wp:term":[{"taxonomy":"category","embeddable":true,"href":"https:\/\/www.sonoraenequipo.com.mx\/api\/wp\/v2\/categories?post=118912"},{"taxonomy":"post_tag","embeddable":true,"href":"https:\/\/www.sonoraenequipo.com.mx\/api\/wp\/v2\/tags?post=118912"}],"curies":[{"name":"wp","href":"https:\/\/api.w.org\/{rel}","templated":true}]}}