{"id":118959,"date":"2021-07-23T13:30:39","date_gmt":"2021-07-23T20:30:39","guid":{"rendered":"https:\/\/www.sonoraenequipo.com.mx\/?p=118959"},"modified":"2021-07-23T19:23:51","modified_gmt":"2021-07-24T02:23:51","slug":"cierre-de-fronteras-afecta-mas-a-eua-clouthier","status":"publish","type":"post","link":"https:\/\/www.sonoraenequipo.com.mx\/cierre-de-fronteras-afecta-mas-a-eua-clouthier\/","title":{"rendered":"Cierre de fronteras afecta m\u00e1s a EUA: Clouthier"},"content":{"rendered":"<p>CIUDAD DE M\u00c9XICO. MX. \u2014 La titular de la Secretar\u00eda de Econom\u00eda, Tatiana Clouthier, asegur\u00f3 que el cierre de la frontera entre M\u00e9xico y Estados Unidos afectar\u00e1 m\u00e1s a las ciudades del pa\u00eds vecino a los municipios mexicanos.<\/p>\n<p>&nbsp;<\/p>\n<p> <\/p>\n<p>&nbsp;<\/p>\n<p>En videoconferencia desde Washington, Clouthier destac\u00f3 que la extensi\u00f3n del cierre no fue un tema tratado en su primer viaje a EUA, realizado por el primer aniversario del Tratado entre M\u00e9xico, Estados Unidos y Canad\u00e1.<\/p>\n<p>&nbsp;<\/p>\n<p>No obstante, precis\u00f3 que respetar\u00e1n la postura que el gobierno de Joe Biden ha tomado respecto al cierre.<\/p>\n<p>&nbsp;<\/p>\n<p><em>\u201cCreemos que esto afecta un poco m\u00e1s a las ciudades de Estados Unidos que a las nuestras, sin embargo, es una decisi\u00f3n que el gobierno americano tiene, y a nosotros no nos toca tomar decisiones en ese campo<\/em>\u201d, dijo.<\/p>\n<p>&nbsp;<\/p>\n<p>En la v\u00edspera, el exembajador de EUA en M\u00e9xico, Christopher Landau, tach\u00f3 de <em>\u201carbitraria\u201d<\/em> la decisi\u00f3n de Estados Unidos sobre mantener el cierre a los viajes no esenciales.<\/p>\n<p>&nbsp;<\/p>\n<p>Debido a la nueva ampliaci\u00f3n de las restricciones en la frontera entre M\u00e9xico y Estados Unidos, el canciller Marcelo Ebrard reconoci\u00f3 que la principal raz\u00f3n por la que se tom\u00f3 esa decisi\u00f3n es la aparici\u00f3n de la variante Delta de covid-19, y el incremento de casos en ambos pa\u00edses.<\/p>\n<p>&nbsp;<\/p>\n<p>Ambos pa\u00edses acordaron el cierre a los viajes no esenciales desde el 21 de marzo de 2021 debido a los contagios de coronavirus, pero pese al esfuerzo de M\u00e9xico por vacunar a las personas mayores de 18 a\u00f1os que viven en los municipios fronterizos, el Departamento de Seguridad anunci\u00f3 la extensi\u00f3n del cierre otra vez.<\/p>\n<p>&nbsp;<\/p>\n<p>La frontera de M\u00e9xico con Estados Unidos, que se extiende a lo largo de m\u00e1s de 3 mil kil\u00f3metros, es una de las m\u00e1s activas en el mundo con m\u00e1s de un mill\u00f3n de personas que cruzan al d\u00eda y se intercambian bienes y servicios por un valor de mil 700 millones de d\u00f3lares diarios.<\/p>\n<p>&nbsp;<\/p>\n<p>Econom\u00eda de M\u00e9xico tendr\u00e1 un incremento de 6% en 2021: Encuesta Citibanamex<\/p>\n<p>&nbsp;<\/p>\n<p>&nbsp;<\/p>\n<p>(Publicada el 23\/07\/2021)<\/p>\n","protected":false},"excerpt":{"rendered":"<p>CIUDAD DE M\u00c9XICO. MX. \u2014 La titular de la Secretar\u00eda de Econom\u00eda, Tatiana Clouthier, asegur\u00f3&#8230;<\/p>\n","protected":false},"author":1,"featured_media":118960,"comment_status":"open","ping_status":"open","sticky":false,"template":"","format":"standard","meta":{"_monsterinsights_skip_tracking":false,"_monsterinsights_sitenote_active":false,"_monsterinsights_sitenote_note":"","_monsterinsights_sitenote_category":0,"footnotes":""},"categories":[5],"tags":[],"class_list":["post"],"yoast_head":" \n<title>Sonora en Equipo. Cierre de fronteras afecta m\u00e1s a EUA: Clouthier Rep\u00fablica<\/title>\n<meta name=\"description\" content=\"CIUDAD DE M\u00c9XICO. MX. \u2014 La titular de la Secretar\u00eda de Econom\u00eda, Tatiana Clouthier, asegur\u00f3 que el cierre de la frontera entre M\u00e9xico y Estados Unidos En Sonora en Equipo publicamos toda la informaci\u00f3n de Sonora, M\u00e9xico y el Mundo de manera oportuna y busca que la libertad de expresi\u00f3n sea real. Visita nuestro medio informativo publicado desde Hermosillo, Sonora. %\" \/>\n<meta name=\"robots\" content=\"index, follow, max-snippet:-1, max-image-preview:large, max-video-preview:-1\" \/>\n<link rel=\"canonical\" href=\"https:\/\/www.sonoraenequipo.com.mx\/cierre-de-fronteras-afecta-mas-a-eua-clouthier\/\" \/>\n<meta property=\"og:locale\" content=\"es_ES\" \/>\n<meta property=\"og:type\" content=\"article\" \/>\n<meta property=\"og:title\" content=\"Sonora en Equipo. Cierre de fronteras afecta m\u00e1s a EUA: Clouthier Rep\u00fablica\" \/>\n<meta property=\"og:description\" content=\"CIUDAD DE M\u00c9XICO. MX. \u2014 La titular de la Secretar\u00eda de Econom\u00eda, Tatiana Clouthier, asegur\u00f3 que el cierre de la frontera entre M\u00e9xico y Estados Unidos En Sonora en Equipo publicamos toda la informaci\u00f3n de Sonora, M\u00e9xico y el Mundo de manera oportuna y busca que la libertad de expresi\u00f3n sea real. Visita nuestro medio informativo publicado desde Hermosillo, Sonora. %\" \/>\n<meta property=\"og:url\" content=\"https:\/\/www.sonoraenequipo.com.mx\/cierre-de-fronteras-afecta-mas-a-eua-clouthier\/\" \/>\n<meta property=\"og:site_name\" content=\"Sonora en Equipo.\" \/>\n<meta property=\"article:publisher\" content=\"https:\/\/www.facebook.com\/SonoraEE\/\" \/>\n<meta property=\"article:author\" content=\"https:\/\/www.facebook.com\/SonoraEE\" \/>\n<meta property=\"article:published_time\" content=\"2021-07-23T20:30:39+00:00\" \/>\n<meta property=\"article:modified_time\" content=\"2021-07-24T02:23:51+00:00\" \/>\n<meta property=\"og:image\" content=\"https:\/\/www.sonoraenequipo.com.mx\/storage\/2021\/07\/tatiana-clouthier_opt.jpg\" \/>\n\t<meta property=\"og:image:width\" content=\"700\" \/>\n\t<meta property=\"og:image:height\" content=\"400\" \/>\n\t<meta property=\"og:image:type\" content=\"image\/jpeg\" \/>\n<meta name=\"author\" content=\"enequipo\" \/>\n<meta name=\"twitter:card\" content=\"summary_large_image\" \/>\n<meta name=\"twitter:creator\" content=\"@sonoraenequipo\" \/>\n<meta name=\"twitter:site\" content=\"@sonoraenequipo\" \/>\n<meta name=\"twitter:label1\" content=\"Escrito por\" \/>\n\t<meta name=\"twitter:data1\" content=\"enequipo\" \/>\n\t<meta name=\"twitter:label2\" content=\"Tiempo de lectura\" \/>\n\t<meta name=\"twitter:data2\" content=\"2 minutos\" \/>\n<script type=\"application\/ld+json\" class=\"yoast-schema-graph\">{\"@context\":\"https:\/\/schema.org\",\"@graph\":[{\"@type\":\"Article\",\"@id\":\"https:\/\/www.sonoraenequipo.com.mx\/cierre-de-fronteras-afecta-mas-a-eua-clouthier\/#article\",\"isPartOf\":{\"@id\":\"https:\/\/www.sonoraenequipo.com.mx\/cierre-de-fronteras-afecta-mas-a-eua-clouthier\/\"},\"author\":{\"name\":\"enequipo\",\"@id\":\"https:\/\/www.sonoraenequipo.com.mx\/#\/schema\/person\/50102df0fb23a8fa9e8effad8fa81386\"},\"headline\":\"Cierre de fronteras afecta m\u00e1s a EUA: Clouthier\",\"datePublished\":\"2021-07-23T20:30:39+00:00\",\"dateModified\":\"2021-07-24T02:23:51+00:00\",\"mainEntityOfPage\":{\"@id\":\"https:\/\/www.sonoraenequipo.com.mx\/cierre-de-fronteras-afecta-mas-a-eua-clouthier\/\"},\"wordCount\":377,\"commentCount\":0,\"publisher\":{\"@id\":\"https:\/\/www.sonoraenequipo.com.mx\/#organization\"},\"image\":{\"@id\":\"https:\/\/www.sonoraenequipo.com.mx\/cierre-de-fronteras-afecta-mas-a-eua-clouthier\/#primaryimage\"},\"thumbnailUrl\":\"https:\/\/www.sonoraenequipo.com.mx\/storage\/2021\/07\/tatiana-clouthier_opt.jpg\",\"articleSection\":[\"Rep\u00fablica\"],\"inLanguage\":\"es\",\"potentialAction\":[{\"@type\":\"CommentAction\",\"name\":\"Comment\",\"target\":[\"https:\/\/www.sonoraenequipo.com.mx\/cierre-de-fronteras-afecta-mas-a-eua-clouthier\/#respond\"]}]},{\"@type\":\"WebPage\",\"@id\":\"https:\/\/www.sonoraenequipo.com.mx\/cierre-de-fronteras-afecta-mas-a-eua-clouthier\/\",\"url\":\"https:\/\/www.sonoraenequipo.com.mx\/cierre-de-fronteras-afecta-mas-a-eua-clouthier\/\",\"name\":\"Sonora en Equipo. Cierre de fronteras afecta m\u00e1s a EUA: Clouthier Rep\u00fablica\",\"isPartOf\":{\"@id\":\"https:\/\/www.sonoraenequipo.com.mx\/#website\"},\"primaryImageOfPage\":{\"@id\":\"https:\/\/www.sonoraenequipo.com.mx\/cierre-de-fronteras-afecta-mas-a-eua-clouthier\/#primaryimage\"},\"image\":{\"@id\":\"https:\/\/www.sonoraenequipo.com.mx\/cierre-de-fronteras-afecta-mas-a-eua-clouthier\/#primaryimage\"},\"thumbnailUrl\":\"https:\/\/www.sonoraenequipo.com.mx\/storage\/2021\/07\/tatiana-clouthier_opt.jpg\",\"datePublished\":\"2021-07-23T20:30:39+00:00\",\"dateModified\":\"2021-07-24T02:23:51+00:00\",\"description\":\"CIUDAD DE M\u00c9XICO. MX. \u2014 La titular de la Secretar\u00eda de Econom\u00eda, Tatiana Clouthier, asegur\u00f3 que el cierre de la frontera entre M\u00e9xico y Estados Unidos En Sonora en Equipo publicamos toda la informaci\u00f3n de Sonora, M\u00e9xico y el Mundo de manera oportuna y busca que la libertad de expresi\u00f3n sea real. Visita nuestro medio informativo publicado desde Hermosillo, Sonora. %\",\"breadcrumb\":{\"@id\":\"https:\/\/www.sonoraenequipo.com.mx\/cierre-de-fronteras-afecta-mas-a-eua-clouthier\/#breadcrumb\"},\"inLanguage\":\"es\",\"potentialAction\":[{\"@type\":\"ReadAction\",\"target\":[\"https:\/\/www.sonoraenequipo.com.mx\/cierre-de-fronteras-afecta-mas-a-eua-clouthier\/\"]}]},{\"@type\":\"ImageObject\",\"inLanguage\":\"es\",\"@id\":\"https:\/\/www.sonoraenequipo.com.mx\/cierre-de-fronteras-afecta-mas-a-eua-clouthier\/#primaryimage\",\"url\":\"https:\/\/www.sonoraenequipo.com.mx\/storage\/2021\/07\/tatiana-clouthier_opt.jpg\",\"contentUrl\":\"https:\/\/www.sonoraenequipo.com.mx\/storage\/2021\/07\/tatiana-clouthier_opt.jpg\",\"width\":700,\"height\":400},{\"@type\":\"BreadcrumbList\",\"@id\":\"https:\/\/www.sonoraenequipo.com.mx\/cierre-de-fronteras-afecta-mas-a-eua-clouthier\/#breadcrumb\",\"itemListElement\":[{\"@type\":\"ListItem\",\"position\":1,\"name\":\"Portada\",\"item\":\"https:\/\/www.sonoraenequipo.com.mx\/\"},{\"@type\":\"ListItem\",\"position\":2,\"name\":\"Cierre de fronteras afecta m\u00e1s a EUA: Clouthier\"}]},{\"@type\":\"WebSite\",\"@id\":\"https:\/\/www.sonoraenequipo.com.mx\/#website\",\"url\":\"https:\/\/www.sonoraenequipo.com.mx\/\",\"name\":\"Sonora en Equipo.\",\"description\":\"Diario en l\u00ednea con Noticias desde Hermosillo, Sonora\",\"publisher\":{\"@id\":\"https:\/\/www.sonoraenequipo.com.mx\/#organization\"},\"potentialAction\":[{\"@type\":\"SearchAction\",\"target\":{\"@type\":\"EntryPoint\",\"urlTemplate\":\"https:\/\/www.sonoraenequipo.com.mx\/?s={search_term_string}\"},\"query-input\":{\"@type\":\"PropertyValueSpecification\",\"valueRequired\":true,\"valueName\":\"search_term_string\"}}],\"inLanguage\":\"es\"},{\"@type\":\"Organization\",\"@id\":\"https:\/\/www.sonoraenequipo.com.mx\/#organization\",\"name\":\"Sonoraenequipo.com.mx\",\"url\":\"https:\/\/www.sonoraenequipo.com.mx\/\",\"logo\":{\"@type\":\"ImageObject\",\"inLanguage\":\"es\",\"@id\":\"https:\/\/www.sonoraenequipo.com.mx\/#\/schema\/logo\/image\/\",\"url\":\"https:\/\/www.sonoraenequipo.com.mx\/storage\/2019\/01\/sonoraenequipo_opt.png\",\"contentUrl\":\"https:\/\/www.sonoraenequipo.com.mx\/storage\/2019\/01\/sonoraenequipo_opt.png\",\"width\":375,\"height\":125,\"caption\":\"Sonoraenequipo.com.mx\"},\"image\":{\"@id\":\"https:\/\/www.sonoraenequipo.com.mx\/#\/schema\/logo\/image\/\"},\"sameAs\":[\"https:\/\/www.facebook.com\/SonoraEE\/\",\"https:\/\/x.com\/sonoraenequipo\",\"https:\/\/www.youtube.com\/channel\/UC338nW-lPEYmJQs4ZABQ1SQ\"]},{\"@type\":\"Person\",\"@id\":\"https:\/\/www.sonoraenequipo.com.mx\/#\/schema\/person\/50102df0fb23a8fa9e8effad8fa81386\",\"name\":\"enequipo\",\"image\":{\"@type\":\"ImageObject\",\"inLanguage\":\"es\",\"@id\":\"https:\/\/www.sonoraenequipo.com.mx\/#\/schema\/person\/image\/\",\"url\":\"https:\/\/secure.gravatar.com\/avatar\/049821681b589dabc0bc20695993ccebb09f5b5d4d790cd9251b97faac7c652b?s=96&d=blank&r=g\",\"contentUrl\":\"https:\/\/secure.gravatar.com\/avatar\/049821681b589dabc0bc20695993ccebb09f5b5d4d790cd9251b97faac7c652b?s=96&d=blank&r=g\",\"caption\":\"enequipo\"},\"sameAs\":[\"https:\/\/www.facebook.com\/SonoraEE\"]}]}<\/script>\n ","yoast_head_json":{"title":"Sonora en Equipo. Cierre de fronteras afecta m\u00e1s a EUA: Clouthier Rep\u00fablica","description":"CIUDAD DE M\u00c9XICO. MX. \u2014 La titular de la Secretar\u00eda de Econom\u00eda, Tatiana Clouthier, asegur\u00f3 que el cierre de la frontera entre M\u00e9xico y Estados Unidos En Sonora en Equipo publicamos toda la informaci\u00f3n de Sonora, M\u00e9xico y el Mundo de manera oportuna y busca que la libertad de expresi\u00f3n sea real. Visita nuestro medio informativo publicado desde Hermosillo, Sonora. %","robots":{"index":"index","follow":"follow","max-snippet":"max-snippet:-1","max-image-preview":"max-image-preview:large","max-video-preview":"max-video-preview:-1"},"canonical":"https:\/\/www.sonoraenequipo.com.mx\/cierre-de-fronteras-afecta-mas-a-eua-clouthier\/","og_locale":"es_ES","og_type":"article","og_title":"Sonora en Equipo. Cierre de fronteras afecta m\u00e1s a EUA: Clouthier Rep\u00fablica","og_description":"CIUDAD DE M\u00c9XICO. MX. \u2014 La titular de la Secretar\u00eda de Econom\u00eda, Tatiana Clouthier, asegur\u00f3 que el cierre de la frontera entre M\u00e9xico y Estados Unidos En Sonora en Equipo publicamos toda la informaci\u00f3n de Sonora, M\u00e9xico y el Mundo de manera oportuna y busca que la libertad de expresi\u00f3n sea real. Visita nuestro medio informativo publicado desde Hermosillo, Sonora. %","og_url":"https:\/\/www.sonoraenequipo.com.mx\/cierre-de-fronteras-afecta-mas-a-eua-clouthier\/","og_site_name":"Sonora en Equipo.","article_publisher":"https:\/\/www.facebook.com\/SonoraEE\/","article_author":"https:\/\/www.facebook.com\/SonoraEE","article_published_time":"2021-07-23T20:30:39+00:00","article_modified_time":"2021-07-24T02:23:51+00:00","og_image":[{"width":700,"height":400,"url":"https:\/\/www.sonoraenequipo.com.mx\/storage\/2021\/07\/tatiana-clouthier_opt.jpg","type":"image\/jpeg"}],"author":"enequipo","twitter_card":"summary_large_image","twitter_creator":"@sonoraenequipo","twitter_site":"@sonoraenequipo","twitter_misc":{"Escrito por":"enequipo","Tiempo de lectura":"2 minutos"},"schema":{"@context":"https:\/\/schema.org","@graph":[{"@type":"Article","@id":"https:\/\/www.sonoraenequipo.com.mx\/cierre-de-fronteras-afecta-mas-a-eua-clouthier\/#article","isPartOf":{"@id":"https:\/\/www.sonoraenequipo.com.mx\/cierre-de-fronteras-afecta-mas-a-eua-clouthier\/"},"author":{"name":"enequipo","@id":"https:\/\/www.sonoraenequipo.com.mx\/#\/schema\/person\/50102df0fb23a8fa9e8effad8fa81386"},"headline":"Cierre de fronteras afecta m\u00e1s a EUA: Clouthier","datePublished":"2021-07-23T20:30:39+00:00","dateModified":"2021-07-24T02:23:51+00:00","mainEntityOfPage":{"@id":"https:\/\/www.sonoraenequipo.com.mx\/cierre-de-fronteras-afecta-mas-a-eua-clouthier\/"},"wordCount":377,"commentCount":0,"publisher":{"@id":"https:\/\/www.sonoraenequipo.com.mx\/#organization"},"image":{"@id":"https:\/\/www.sonoraenequipo.com.mx\/cierre-de-fronteras-afecta-mas-a-eua-clouthier\/#primaryimage"},"thumbnailUrl":"https:\/\/www.sonoraenequipo.com.mx\/storage\/2021\/07\/tatiana-clouthier_opt.jpg","articleSection":["Rep\u00fablica"],"inLanguage":"es","potentialAction":[{"@type":"CommentAction","name":"Comment","target":["https:\/\/www.sonoraenequipo.com.mx\/cierre-de-fronteras-afecta-mas-a-eua-clouthier\/#respond"]}]},{"@type":"WebPage","@id":"https:\/\/www.sonoraenequipo.com.mx\/cierre-de-fronteras-afecta-mas-a-eua-clouthier\/","url":"https:\/\/www.sonoraenequipo.com.mx\/cierre-de-fronteras-afecta-mas-a-eua-clouthier\/","name":"Sonora en Equipo. Cierre de fronteras afecta m\u00e1s a EUA: Clouthier Rep\u00fablica","isPartOf":{"@id":"https:\/\/www.sonoraenequipo.com.mx\/#website"},"primaryImageOfPage":{"@id":"https:\/\/www.sonoraenequipo.com.mx\/cierre-de-fronteras-afecta-mas-a-eua-clouthier\/#primaryimage"},"image":{"@id":"https:\/\/www.sonoraenequipo.com.mx\/cierre-de-fronteras-afecta-mas-a-eua-clouthier\/#primaryimage"},"thumbnailUrl":"https:\/\/www.sonoraenequipo.com.mx\/storage\/2021\/07\/tatiana-clouthier_opt.jpg","datePublished":"2021-07-23T20:30:39+00:00","dateModified":"2021-07-24T02:23:51+00:00","description":"CIUDAD DE M\u00c9XICO. MX. \u2014 La titular de la Secretar\u00eda de Econom\u00eda, Tatiana Clouthier, asegur\u00f3 que el cierre de la frontera entre M\u00e9xico y Estados Unidos En Sonora en Equipo publicamos toda la informaci\u00f3n de Sonora, M\u00e9xico y el Mundo de manera oportuna y busca que la libertad de expresi\u00f3n sea real. Visita nuestro medio informativo publicado desde Hermosillo, Sonora. %","breadcrumb":{"@id":"https:\/\/www.sonoraenequipo.com.mx\/cierre-de-fronteras-afecta-mas-a-eua-clouthier\/#breadcrumb"},"inLanguage":"es","potentialAction":[{"@type":"ReadAction","target":["https:\/\/www.sonoraenequipo.com.mx\/cierre-de-fronteras-afecta-mas-a-eua-clouthier\/"]}]},{"@type":"ImageObject","inLanguage":"es","@id":"https:\/\/www.sonoraenequipo.com.mx\/cierre-de-fronteras-afecta-mas-a-eua-clouthier\/#primaryimage","url":"https:\/\/www.sonoraenequipo.com.mx\/storage\/2021\/07\/tatiana-clouthier_opt.jpg","contentUrl":"https:\/\/www.sonoraenequipo.com.mx\/storage\/2021\/07\/tatiana-clouthier_opt.jpg","width":700,"height":400},{"@type":"BreadcrumbList","@id":"https:\/\/www.sonoraenequipo.com.mx\/cierre-de-fronteras-afecta-mas-a-eua-clouthier\/#breadcrumb","itemListElement":[{"@type":"ListItem","position":1,"name":"Portada","item":"https:\/\/www.sonoraenequipo.com.mx\/"},{"@type":"ListItem","position":2,"name":"Cierre de fronteras afecta m\u00e1s a EUA: Clouthier"}]},{"@type":"WebSite","@id":"https:\/\/www.sonoraenequipo.com.mx\/#website","url":"https:\/\/www.sonoraenequipo.com.mx\/","name":"Sonora en Equipo.","description":"Diario en l\u00ednea con Noticias desde Hermosillo, Sonora","publisher":{"@id":"https:\/\/www.sonoraenequipo.com.mx\/#organization"},"potentialAction":[{"@type":"SearchAction","target":{"@type":"EntryPoint","urlTemplate":"https:\/\/www.sonoraenequipo.com.mx\/?s={search_term_string}"},"query-input":{"@type":"PropertyValueSpecification","valueRequired":true,"valueName":"search_term_string"}}],"inLanguage":"es"},{"@type":"Organization","@id":"https:\/\/www.sonoraenequipo.com.mx\/#organization","name":"Sonoraenequipo.com.mx","url":"https:\/\/www.sonoraenequipo.com.mx\/","logo":{"@type":"ImageObject","inLanguage":"es","@id":"https:\/\/www.sonoraenequipo.com.mx\/#\/schema\/logo\/image\/","url":"https:\/\/www.sonoraenequipo.com.mx\/storage\/2019\/01\/sonoraenequipo_opt.png","contentUrl":"https:\/\/www.sonoraenequipo.com.mx\/storage\/2019\/01\/sonoraenequipo_opt.png","width":375,"height":125,"caption":"Sonoraenequipo.com.mx"},"image":{"@id":"https:\/\/www.sonoraenequipo.com.mx\/#\/schema\/logo\/image\/"},"sameAs":["https:\/\/www.facebook.com\/SonoraEE\/","https:\/\/x.com\/sonoraenequipo","https:\/\/www.youtube.com\/channel\/UC338nW-lPEYmJQs4ZABQ1SQ"]},{"@type":"Person","@id":"https:\/\/www.sonoraenequipo.com.mx\/#\/schema\/person\/50102df0fb23a8fa9e8effad8fa81386","name":"enequipo","image":{"@type":"ImageObject","inLanguage":"es","@id":"https:\/\/www.sonoraenequipo.com.mx\/#\/schema\/person\/image\/","url":"https:\/\/secure.gravatar.com\/avatar\/049821681b589dabc0bc20695993ccebb09f5b5d4d790cd9251b97faac7c652b?s=96&d=blank&r=g","contentUrl":"https:\/\/secure.gravatar.com\/avatar\/049821681b589dabc0bc20695993ccebb09f5b5d4d790cd9251b97faac7c652b?s=96&d=blank&r=g","caption":"enequipo"},"sameAs":["https:\/\/www.facebook.com\/SonoraEE"]}]}},"jetpack_featured_media_url":"https:\/\/www.sonoraenequipo.com.mx\/storage\/2021\/07\/tatiana-clouthier_opt.jpg","_links":{"self":[{"href":"https:\/\/www.sonoraenequipo.com.mx\/api\/wp\/v2\/posts\/118959","targetHints":{"allow":["GET"]}}],"collection":[{"href":"https:\/\/www.sonoraenequipo.com.mx\/api\/wp\/v2\/posts"}],"about":[{"href":"https:\/\/www.sonoraenequipo.com.mx\/api\/wp\/v2\/types\/post"}],"author":[{"embeddable":true,"href":"https:\/\/www.sonoraenequipo.com.mx\/api\/wp\/v2\/users\/1"}],"replies":[{"embeddable":true,"href":"https:\/\/www.sonoraenequipo.com.mx\/api\/wp\/v2\/comments?post=118959"}],"version-history":[{"count":1,"href":"https:\/\/www.sonoraenequipo.com.mx\/api\/wp\/v2\/posts\/118959\/revisions"}],"predecessor-version":[{"id":118962,"href":"https:\/\/www.sonoraenequipo.com.mx\/api\/wp\/v2\/posts\/118959\/revisions\/118962"}],"wp:featuredmedia":[{"embeddable":true,"href":"https:\/\/www.sonoraenequipo.com.mx\/api\/wp\/v2\/media\/118960"}],"wp:attachment":[{"href":"https:\/\/www.sonoraenequipo.com.mx\/api\/wp\/v2\/media?parent=118959"}],"wp:term":[{"taxonomy":"category","embeddable":true,"href":"https:\/\/www.sonoraenequipo.com.mx\/api\/wp\/v2\/categories?post=118959"},{"taxonomy":"post_tag","embeddable":true,"href":"https:\/\/www.sonoraenequipo.com.mx\/api\/wp\/v2\/tags?post=118959"}],"curies":[{"name":"wp","href":"https:\/\/api.w.org\/{rel}","templated":true}]}}