{"id":118966,"date":"2021-07-23T14:39:20","date_gmt":"2021-07-23T21:39:20","guid":{"rendered":"https:\/\/www.sonoraenequipo.com.mx\/?p=118966"},"modified":"2021-07-23T19:50:38","modified_gmt":"2021-07-24T02:50:38","slug":"alerta-jonathan-heath-sobre-alza-inflacionaria","status":"publish","type":"post","link":"https:\/\/www.sonoraenequipo.com.mx\/alerta-jonathan-heath-sobre-alza-inflacionaria\/","title":{"rendered":"Alerta Jonathan Heath sobre alza inflacionaria"},"content":{"rendered":"<p>CIUDAD DE M\u00c9XICO. MX. \u2014 El subgobernador del Banco de M\u00e9xico, Jonathan Heath, advirti\u00f3 que la m\u00e1s reciente actualizaci\u00f3n del Inegi sobre la inflaci\u00f3n es <em>\u201cdefinitivamente mala\u201d.<\/em><\/p>\n<p>&nbsp;<\/p>\n<p> <\/p>\n<p>&nbsp;<\/p>\n<p>El jueves el Instituto Nacional de Estad\u00edstica y Geograf\u00eda inform\u00f3 que en la primera quincena de julio de 2021 el \u00cdndice Nacional de Precios al Consumidor (INPC) tuvo una inflaci\u00f3n de 0.37 por ciento respecto a la quincena inmediata anterior; con este resultado la inflaci\u00f3n anual se ubic\u00f3 en 5.75 por ciento.<\/p>\n<p>&nbsp;<\/p>\n<p>&nbsp;<\/p>\n<p>A trav\u00e9s de sus redes sociales, Heath apunt\u00f3 que apunt\u00f3 que la tasa subyacente de la primera quincena de julio es la m\u00e1s elevada para una quincena similar desde 1999.<\/p>\n<p>&nbsp;<\/p>\n<p>La inflaci\u00f3n subyacente es el indicador que muestra la variabilidad de los precios de consumo a corto plazo en aquellos productos cuyos precios son m\u00e1s vol\u00e1tiles por factores que pueden no controlarse, como aquellos que se ven afectados por sequ\u00eda o producci\u00f3n.<\/p>\n<p>&nbsp;<\/p>\n<p>Seg\u00fan el informe del Inegi, la Inflaci\u00f3n subyacente aument\u00f3 en la quincena 0.31%, mientras que a tasa anual fue de 4.64 por ciento.<\/p>\n<p>&nbsp;<\/p>\n<p>Dentro del \u00edndice de precios no subyacente, los precios de los productos agropecuarios crecieron 0.33 por ciento y los de los energ\u00e9ticos y tarifas autorizadas por el gobierno lo hicieron en 0.72 por ciento quincenal.<\/p>\n<p>&nbsp;<\/p>\n<p>En tanto, la inflaci\u00f3n general anual fue de 5.75% en la primera quincena de julio, con lo que hila su novena quincena fuera del rango de Banxico que es de 3% -\/+ un punto porcentual.<\/p>\n<p>&nbsp;<\/p>\n<p><a class=\"twitter-timeline\" data-width=\"640\" data-height=\"960\" data-dnt=\"true\" href=\"https:\/\/twitter.com\/JonathanHeath54?ref_src=twsrc%5Etfw\">Tweets by JonathanHeath54<\/a><script async src=\"https:\/\/platform.twitter.com\/widgets.js\" charset=\"utf-8\"><\/script><\/p>\n<p>(Publicada el 23\/07\/2021)<\/p>\n","protected":false},"excerpt":{"rendered":"<p>CIUDAD DE M\u00c9XICO. MX. \u2014 El subgobernador del Banco de M\u00e9xico, Jonathan Heath, advirti\u00f3 que&#8230;<\/p>\n","protected":false},"author":1,"featured_media":118967,"comment_status":"open","ping_status":"open","sticky":false,"template":"","format":"standard","meta":{"_monsterinsights_skip_tracking":false,"_monsterinsights_sitenote_active":false,"_monsterinsights_sitenote_note":"","_monsterinsights_sitenote_category":0,"footnotes":""},"categories":[5],"tags":[],"class_list":["post"],"yoast_head":" \n<title>Sonora en Equipo. Alerta Jonathan Heath sobre alza inflacionaria Rep\u00fablica<\/title>\n<meta name=\"description\" content=\"CIUDAD DE M\u00c9XICO. MX. \u2014 El subgobernador del Banco de M\u00e9xico, Jonathan Heath, advirti\u00f3 que la m\u00e1s reciente actualizaci\u00f3n del Inegi sobre la inflaci\u00f3n es En Sonora en Equipo publicamos toda la informaci\u00f3n de Sonora, M\u00e9xico y el Mundo de manera oportuna y busca que la libertad de expresi\u00f3n sea real. Visita nuestro medio informativo publicado desde Hermosillo, Sonora. %\" \/>\n<meta name=\"robots\" content=\"index, follow, max-snippet:-1, max-image-preview:large, max-video-preview:-1\" \/>\n<link rel=\"canonical\" href=\"https:\/\/www.sonoraenequipo.com.mx\/alerta-jonathan-heath-sobre-alza-inflacionaria\/\" \/>\n<meta property=\"og:locale\" content=\"es_ES\" \/>\n<meta property=\"og:type\" content=\"article\" \/>\n<meta property=\"og:title\" content=\"Sonora en Equipo. Alerta Jonathan Heath sobre alza inflacionaria Rep\u00fablica\" \/>\n<meta property=\"og:description\" content=\"CIUDAD DE M\u00c9XICO. MX. \u2014 El subgobernador del Banco de M\u00e9xico, Jonathan Heath, advirti\u00f3 que la m\u00e1s reciente actualizaci\u00f3n del Inegi sobre la inflaci\u00f3n es En Sonora en Equipo publicamos toda la informaci\u00f3n de Sonora, M\u00e9xico y el Mundo de manera oportuna y busca que la libertad de expresi\u00f3n sea real. Visita nuestro medio informativo publicado desde Hermosillo, Sonora. %\" \/>\n<meta property=\"og:url\" content=\"https:\/\/www.sonoraenequipo.com.mx\/alerta-jonathan-heath-sobre-alza-inflacionaria\/\" \/>\n<meta property=\"og:site_name\" content=\"Sonora en Equipo.\" \/>\n<meta property=\"article:publisher\" content=\"https:\/\/www.facebook.com\/SonoraEE\/\" \/>\n<meta property=\"article:author\" content=\"https:\/\/www.facebook.com\/SonoraEE\" \/>\n<meta property=\"article:published_time\" content=\"2021-07-23T21:39:20+00:00\" \/>\n<meta property=\"article:modified_time\" content=\"2021-07-24T02:50:38+00:00\" \/>\n<meta property=\"og:image\" content=\"https:\/\/www.sonoraenequipo.com.mx\/storage\/2021\/07\/Alerta-Jonathan-Heath-sobre-alza-inflacionaria_opt.jpg\" \/>\n\t<meta property=\"og:image:width\" content=\"700\" \/>\n\t<meta property=\"og:image:height\" content=\"400\" \/>\n\t<meta property=\"og:image:type\" content=\"image\/jpeg\" \/>\n<meta name=\"author\" content=\"enequipo\" \/>\n<meta name=\"twitter:card\" content=\"summary_large_image\" \/>\n<meta name=\"twitter:creator\" content=\"@sonoraenequipo\" \/>\n<meta name=\"twitter:site\" content=\"@sonoraenequipo\" \/>\n<meta name=\"twitter:label1\" content=\"Escrito por\" \/>\n\t<meta name=\"twitter:data1\" content=\"enequipo\" \/>\n\t<meta name=\"twitter:label2\" content=\"Tiempo de lectura\" \/>\n\t<meta name=\"twitter:data2\" content=\"2 minutos\" \/>\n<script type=\"application\/ld+json\" class=\"yoast-schema-graph\">{\"@context\":\"https:\/\/schema.org\",\"@graph\":[{\"@type\":\"Article\",\"@id\":\"https:\/\/www.sonoraenequipo.com.mx\/alerta-jonathan-heath-sobre-alza-inflacionaria\/#article\",\"isPartOf\":{\"@id\":\"https:\/\/www.sonoraenequipo.com.mx\/alerta-jonathan-heath-sobre-alza-inflacionaria\/\"},\"author\":{\"name\":\"enequipo\",\"@id\":\"https:\/\/www.sonoraenequipo.com.mx\/#\/schema\/person\/50102df0fb23a8fa9e8effad8fa81386\"},\"headline\":\"Alerta Jonathan Heath sobre alza inflacionaria\",\"datePublished\":\"2021-07-23T21:39:20+00:00\",\"dateModified\":\"2021-07-24T02:50:38+00:00\",\"mainEntityOfPage\":{\"@id\":\"https:\/\/www.sonoraenequipo.com.mx\/alerta-jonathan-heath-sobre-alza-inflacionaria\/\"},\"wordCount\":274,\"commentCount\":0,\"publisher\":{\"@id\":\"https:\/\/www.sonoraenequipo.com.mx\/#organization\"},\"image\":{\"@id\":\"https:\/\/www.sonoraenequipo.com.mx\/alerta-jonathan-heath-sobre-alza-inflacionaria\/#primaryimage\"},\"thumbnailUrl\":\"https:\/\/www.sonoraenequipo.com.mx\/storage\/2021\/07\/Alerta-Jonathan-Heath-sobre-alza-inflacionaria_opt.jpg\",\"articleSection\":[\"Rep\u00fablica\"],\"inLanguage\":\"es\",\"potentialAction\":[{\"@type\":\"CommentAction\",\"name\":\"Comment\",\"target\":[\"https:\/\/www.sonoraenequipo.com.mx\/alerta-jonathan-heath-sobre-alza-inflacionaria\/#respond\"]}]},{\"@type\":\"WebPage\",\"@id\":\"https:\/\/www.sonoraenequipo.com.mx\/alerta-jonathan-heath-sobre-alza-inflacionaria\/\",\"url\":\"https:\/\/www.sonoraenequipo.com.mx\/alerta-jonathan-heath-sobre-alza-inflacionaria\/\",\"name\":\"Sonora en Equipo. Alerta Jonathan Heath sobre alza inflacionaria Rep\u00fablica\",\"isPartOf\":{\"@id\":\"https:\/\/www.sonoraenequipo.com.mx\/#website\"},\"primaryImageOfPage\":{\"@id\":\"https:\/\/www.sonoraenequipo.com.mx\/alerta-jonathan-heath-sobre-alza-inflacionaria\/#primaryimage\"},\"image\":{\"@id\":\"https:\/\/www.sonoraenequipo.com.mx\/alerta-jonathan-heath-sobre-alza-inflacionaria\/#primaryimage\"},\"thumbnailUrl\":\"https:\/\/www.sonoraenequipo.com.mx\/storage\/2021\/07\/Alerta-Jonathan-Heath-sobre-alza-inflacionaria_opt.jpg\",\"datePublished\":\"2021-07-23T21:39:20+00:00\",\"dateModified\":\"2021-07-24T02:50:38+00:00\",\"description\":\"CIUDAD DE M\u00c9XICO. MX. \u2014 El subgobernador del Banco de M\u00e9xico, Jonathan Heath, advirti\u00f3 que la m\u00e1s reciente actualizaci\u00f3n del Inegi sobre la inflaci\u00f3n es En Sonora en Equipo publicamos toda la informaci\u00f3n de Sonora, M\u00e9xico y el Mundo de manera oportuna y busca que la libertad de expresi\u00f3n sea real. Visita nuestro medio informativo publicado desde Hermosillo, Sonora. %\",\"breadcrumb\":{\"@id\":\"https:\/\/www.sonoraenequipo.com.mx\/alerta-jonathan-heath-sobre-alza-inflacionaria\/#breadcrumb\"},\"inLanguage\":\"es\",\"potentialAction\":[{\"@type\":\"ReadAction\",\"target\":[\"https:\/\/www.sonoraenequipo.com.mx\/alerta-jonathan-heath-sobre-alza-inflacionaria\/\"]}]},{\"@type\":\"ImageObject\",\"inLanguage\":\"es\",\"@id\":\"https:\/\/www.sonoraenequipo.com.mx\/alerta-jonathan-heath-sobre-alza-inflacionaria\/#primaryimage\",\"url\":\"https:\/\/www.sonoraenequipo.com.mx\/storage\/2021\/07\/Alerta-Jonathan-Heath-sobre-alza-inflacionaria_opt.jpg\",\"contentUrl\":\"https:\/\/www.sonoraenequipo.com.mx\/storage\/2021\/07\/Alerta-Jonathan-Heath-sobre-alza-inflacionaria_opt.jpg\",\"width\":700,\"height\":400},{\"@type\":\"BreadcrumbList\",\"@id\":\"https:\/\/www.sonoraenequipo.com.mx\/alerta-jonathan-heath-sobre-alza-inflacionaria\/#breadcrumb\",\"itemListElement\":[{\"@type\":\"ListItem\",\"position\":1,\"name\":\"Portada\",\"item\":\"https:\/\/www.sonoraenequipo.com.mx\/\"},{\"@type\":\"ListItem\",\"position\":2,\"name\":\"Alerta Jonathan Heath sobre alza inflacionaria\"}]},{\"@type\":\"WebSite\",\"@id\":\"https:\/\/www.sonoraenequipo.com.mx\/#website\",\"url\":\"https:\/\/www.sonoraenequipo.com.mx\/\",\"name\":\"Sonora en Equipo.\",\"description\":\"Diario en l\u00ednea con Noticias desde Hermosillo, Sonora\",\"publisher\":{\"@id\":\"https:\/\/www.sonoraenequipo.com.mx\/#organization\"},\"potentialAction\":[{\"@type\":\"SearchAction\",\"target\":{\"@type\":\"EntryPoint\",\"urlTemplate\":\"https:\/\/www.sonoraenequipo.com.mx\/?s={search_term_string}\"},\"query-input\":{\"@type\":\"PropertyValueSpecification\",\"valueRequired\":true,\"valueName\":\"search_term_string\"}}],\"inLanguage\":\"es\"},{\"@type\":\"Organization\",\"@id\":\"https:\/\/www.sonoraenequipo.com.mx\/#organization\",\"name\":\"Sonoraenequipo.com.mx\",\"url\":\"https:\/\/www.sonoraenequipo.com.mx\/\",\"logo\":{\"@type\":\"ImageObject\",\"inLanguage\":\"es\",\"@id\":\"https:\/\/www.sonoraenequipo.com.mx\/#\/schema\/logo\/image\/\",\"url\":\"https:\/\/www.sonoraenequipo.com.mx\/storage\/2019\/01\/sonoraenequipo_opt.png\",\"contentUrl\":\"https:\/\/www.sonoraenequipo.com.mx\/storage\/2019\/01\/sonoraenequipo_opt.png\",\"width\":375,\"height\":125,\"caption\":\"Sonoraenequipo.com.mx\"},\"image\":{\"@id\":\"https:\/\/www.sonoraenequipo.com.mx\/#\/schema\/logo\/image\/\"},\"sameAs\":[\"https:\/\/www.facebook.com\/SonoraEE\/\",\"https:\/\/x.com\/sonoraenequipo\",\"https:\/\/www.youtube.com\/channel\/UC338nW-lPEYmJQs4ZABQ1SQ\"]},{\"@type\":\"Person\",\"@id\":\"https:\/\/www.sonoraenequipo.com.mx\/#\/schema\/person\/50102df0fb23a8fa9e8effad8fa81386\",\"name\":\"enequipo\",\"image\":{\"@type\":\"ImageObject\",\"inLanguage\":\"es\",\"@id\":\"https:\/\/www.sonoraenequipo.com.mx\/#\/schema\/person\/image\/\",\"url\":\"https:\/\/secure.gravatar.com\/avatar\/049821681b589dabc0bc20695993ccebb09f5b5d4d790cd9251b97faac7c652b?s=96&d=blank&r=g\",\"contentUrl\":\"https:\/\/secure.gravatar.com\/avatar\/049821681b589dabc0bc20695993ccebb09f5b5d4d790cd9251b97faac7c652b?s=96&d=blank&r=g\",\"caption\":\"enequipo\"},\"sameAs\":[\"https:\/\/www.facebook.com\/SonoraEE\"]}]}<\/script>\n ","yoast_head_json":{"title":"Sonora en Equipo. Alerta Jonathan Heath sobre alza inflacionaria Rep\u00fablica","description":"CIUDAD DE M\u00c9XICO. MX. \u2014 El subgobernador del Banco de M\u00e9xico, Jonathan Heath, advirti\u00f3 que la m\u00e1s reciente actualizaci\u00f3n del Inegi sobre la inflaci\u00f3n es En Sonora en Equipo publicamos toda la informaci\u00f3n de Sonora, M\u00e9xico y el Mundo de manera oportuna y busca que la libertad de expresi\u00f3n sea real. Visita nuestro medio informativo publicado desde Hermosillo, Sonora. %","robots":{"index":"index","follow":"follow","max-snippet":"max-snippet:-1","max-image-preview":"max-image-preview:large","max-video-preview":"max-video-preview:-1"},"canonical":"https:\/\/www.sonoraenequipo.com.mx\/alerta-jonathan-heath-sobre-alza-inflacionaria\/","og_locale":"es_ES","og_type":"article","og_title":"Sonora en Equipo. Alerta Jonathan Heath sobre alza inflacionaria Rep\u00fablica","og_description":"CIUDAD DE M\u00c9XICO. MX. \u2014 El subgobernador del Banco de M\u00e9xico, Jonathan Heath, advirti\u00f3 que la m\u00e1s reciente actualizaci\u00f3n del Inegi sobre la inflaci\u00f3n es En Sonora en Equipo publicamos toda la informaci\u00f3n de Sonora, M\u00e9xico y el Mundo de manera oportuna y busca que la libertad de expresi\u00f3n sea real. Visita nuestro medio informativo publicado desde Hermosillo, Sonora. %","og_url":"https:\/\/www.sonoraenequipo.com.mx\/alerta-jonathan-heath-sobre-alza-inflacionaria\/","og_site_name":"Sonora en Equipo.","article_publisher":"https:\/\/www.facebook.com\/SonoraEE\/","article_author":"https:\/\/www.facebook.com\/SonoraEE","article_published_time":"2021-07-23T21:39:20+00:00","article_modified_time":"2021-07-24T02:50:38+00:00","og_image":[{"width":700,"height":400,"url":"https:\/\/www.sonoraenequipo.com.mx\/storage\/2021\/07\/Alerta-Jonathan-Heath-sobre-alza-inflacionaria_opt.jpg","type":"image\/jpeg"}],"author":"enequipo","twitter_card":"summary_large_image","twitter_creator":"@sonoraenequipo","twitter_site":"@sonoraenequipo","twitter_misc":{"Escrito por":"enequipo","Tiempo de lectura":"2 minutos"},"schema":{"@context":"https:\/\/schema.org","@graph":[{"@type":"Article","@id":"https:\/\/www.sonoraenequipo.com.mx\/alerta-jonathan-heath-sobre-alza-inflacionaria\/#article","isPartOf":{"@id":"https:\/\/www.sonoraenequipo.com.mx\/alerta-jonathan-heath-sobre-alza-inflacionaria\/"},"author":{"name":"enequipo","@id":"https:\/\/www.sonoraenequipo.com.mx\/#\/schema\/person\/50102df0fb23a8fa9e8effad8fa81386"},"headline":"Alerta Jonathan Heath sobre alza inflacionaria","datePublished":"2021-07-23T21:39:20+00:00","dateModified":"2021-07-24T02:50:38+00:00","mainEntityOfPage":{"@id":"https:\/\/www.sonoraenequipo.com.mx\/alerta-jonathan-heath-sobre-alza-inflacionaria\/"},"wordCount":274,"commentCount":0,"publisher":{"@id":"https:\/\/www.sonoraenequipo.com.mx\/#organization"},"image":{"@id":"https:\/\/www.sonoraenequipo.com.mx\/alerta-jonathan-heath-sobre-alza-inflacionaria\/#primaryimage"},"thumbnailUrl":"https:\/\/www.sonoraenequipo.com.mx\/storage\/2021\/07\/Alerta-Jonathan-Heath-sobre-alza-inflacionaria_opt.jpg","articleSection":["Rep\u00fablica"],"inLanguage":"es","potentialAction":[{"@type":"CommentAction","name":"Comment","target":["https:\/\/www.sonoraenequipo.com.mx\/alerta-jonathan-heath-sobre-alza-inflacionaria\/#respond"]}]},{"@type":"WebPage","@id":"https:\/\/www.sonoraenequipo.com.mx\/alerta-jonathan-heath-sobre-alza-inflacionaria\/","url":"https:\/\/www.sonoraenequipo.com.mx\/alerta-jonathan-heath-sobre-alza-inflacionaria\/","name":"Sonora en Equipo. Alerta Jonathan Heath sobre alza inflacionaria Rep\u00fablica","isPartOf":{"@id":"https:\/\/www.sonoraenequipo.com.mx\/#website"},"primaryImageOfPage":{"@id":"https:\/\/www.sonoraenequipo.com.mx\/alerta-jonathan-heath-sobre-alza-inflacionaria\/#primaryimage"},"image":{"@id":"https:\/\/www.sonoraenequipo.com.mx\/alerta-jonathan-heath-sobre-alza-inflacionaria\/#primaryimage"},"thumbnailUrl":"https:\/\/www.sonoraenequipo.com.mx\/storage\/2021\/07\/Alerta-Jonathan-Heath-sobre-alza-inflacionaria_opt.jpg","datePublished":"2021-07-23T21:39:20+00:00","dateModified":"2021-07-24T02:50:38+00:00","description":"CIUDAD DE M\u00c9XICO. MX. \u2014 El subgobernador del Banco de M\u00e9xico, Jonathan Heath, advirti\u00f3 que la m\u00e1s reciente actualizaci\u00f3n del Inegi sobre la inflaci\u00f3n es En Sonora en Equipo publicamos toda la informaci\u00f3n de Sonora, M\u00e9xico y el Mundo de manera oportuna y busca que la libertad de expresi\u00f3n sea real. Visita nuestro medio informativo publicado desde Hermosillo, Sonora. %","breadcrumb":{"@id":"https:\/\/www.sonoraenequipo.com.mx\/alerta-jonathan-heath-sobre-alza-inflacionaria\/#breadcrumb"},"inLanguage":"es","potentialAction":[{"@type":"ReadAction","target":["https:\/\/www.sonoraenequipo.com.mx\/alerta-jonathan-heath-sobre-alza-inflacionaria\/"]}]},{"@type":"ImageObject","inLanguage":"es","@id":"https:\/\/www.sonoraenequipo.com.mx\/alerta-jonathan-heath-sobre-alza-inflacionaria\/#primaryimage","url":"https:\/\/www.sonoraenequipo.com.mx\/storage\/2021\/07\/Alerta-Jonathan-Heath-sobre-alza-inflacionaria_opt.jpg","contentUrl":"https:\/\/www.sonoraenequipo.com.mx\/storage\/2021\/07\/Alerta-Jonathan-Heath-sobre-alza-inflacionaria_opt.jpg","width":700,"height":400},{"@type":"BreadcrumbList","@id":"https:\/\/www.sonoraenequipo.com.mx\/alerta-jonathan-heath-sobre-alza-inflacionaria\/#breadcrumb","itemListElement":[{"@type":"ListItem","position":1,"name":"Portada","item":"https:\/\/www.sonoraenequipo.com.mx\/"},{"@type":"ListItem","position":2,"name":"Alerta Jonathan Heath sobre alza inflacionaria"}]},{"@type":"WebSite","@id":"https:\/\/www.sonoraenequipo.com.mx\/#website","url":"https:\/\/www.sonoraenequipo.com.mx\/","name":"Sonora en Equipo.","description":"Diario en l\u00ednea con Noticias desde Hermosillo, Sonora","publisher":{"@id":"https:\/\/www.sonoraenequipo.com.mx\/#organization"},"potentialAction":[{"@type":"SearchAction","target":{"@type":"EntryPoint","urlTemplate":"https:\/\/www.sonoraenequipo.com.mx\/?s={search_term_string}"},"query-input":{"@type":"PropertyValueSpecification","valueRequired":true,"valueName":"search_term_string"}}],"inLanguage":"es"},{"@type":"Organization","@id":"https:\/\/www.sonoraenequipo.com.mx\/#organization","name":"Sonoraenequipo.com.mx","url":"https:\/\/www.sonoraenequipo.com.mx\/","logo":{"@type":"ImageObject","inLanguage":"es","@id":"https:\/\/www.sonoraenequipo.com.mx\/#\/schema\/logo\/image\/","url":"https:\/\/www.sonoraenequipo.com.mx\/storage\/2019\/01\/sonoraenequipo_opt.png","contentUrl":"https:\/\/www.sonoraenequipo.com.mx\/storage\/2019\/01\/sonoraenequipo_opt.png","width":375,"height":125,"caption":"Sonoraenequipo.com.mx"},"image":{"@id":"https:\/\/www.sonoraenequipo.com.mx\/#\/schema\/logo\/image\/"},"sameAs":["https:\/\/www.facebook.com\/SonoraEE\/","https:\/\/x.com\/sonoraenequipo","https:\/\/www.youtube.com\/channel\/UC338nW-lPEYmJQs4ZABQ1SQ"]},{"@type":"Person","@id":"https:\/\/www.sonoraenequipo.com.mx\/#\/schema\/person\/50102df0fb23a8fa9e8effad8fa81386","name":"enequipo","image":{"@type":"ImageObject","inLanguage":"es","@id":"https:\/\/www.sonoraenequipo.com.mx\/#\/schema\/person\/image\/","url":"https:\/\/secure.gravatar.com\/avatar\/049821681b589dabc0bc20695993ccebb09f5b5d4d790cd9251b97faac7c652b?s=96&d=blank&r=g","contentUrl":"https:\/\/secure.gravatar.com\/avatar\/049821681b589dabc0bc20695993ccebb09f5b5d4d790cd9251b97faac7c652b?s=96&d=blank&r=g","caption":"enequipo"},"sameAs":["https:\/\/www.facebook.com\/SonoraEE"]}]}},"jetpack_featured_media_url":"https:\/\/www.sonoraenequipo.com.mx\/storage\/2021\/07\/Alerta-Jonathan-Heath-sobre-alza-inflacionaria_opt.jpg","_links":{"self":[{"href":"https:\/\/www.sonoraenequipo.com.mx\/api\/wp\/v2\/posts\/118966","targetHints":{"allow":["GET"]}}],"collection":[{"href":"https:\/\/www.sonoraenequipo.com.mx\/api\/wp\/v2\/posts"}],"about":[{"href":"https:\/\/www.sonoraenequipo.com.mx\/api\/wp\/v2\/types\/post"}],"author":[{"embeddable":true,"href":"https:\/\/www.sonoraenequipo.com.mx\/api\/wp\/v2\/users\/1"}],"replies":[{"embeddable":true,"href":"https:\/\/www.sonoraenequipo.com.mx\/api\/wp\/v2\/comments?post=118966"}],"version-history":[{"count":1,"href":"https:\/\/www.sonoraenequipo.com.mx\/api\/wp\/v2\/posts\/118966\/revisions"}],"predecessor-version":[{"id":118968,"href":"https:\/\/www.sonoraenequipo.com.mx\/api\/wp\/v2\/posts\/118966\/revisions\/118968"}],"wp:featuredmedia":[{"embeddable":true,"href":"https:\/\/www.sonoraenequipo.com.mx\/api\/wp\/v2\/media\/118967"}],"wp:attachment":[{"href":"https:\/\/www.sonoraenequipo.com.mx\/api\/wp\/v2\/media?parent=118966"}],"wp:term":[{"taxonomy":"category","embeddable":true,"href":"https:\/\/www.sonoraenequipo.com.mx\/api\/wp\/v2\/categories?post=118966"},{"taxonomy":"post_tag","embeddable":true,"href":"https:\/\/www.sonoraenequipo.com.mx\/api\/wp\/v2\/tags?post=118966"}],"curies":[{"name":"wp","href":"https:\/\/api.w.org\/{rel}","templated":true}]}}