{"id":118973,"date":"2021-07-23T11:30:52","date_gmt":"2021-07-23T18:30:52","guid":{"rendered":"https:\/\/www.sonoraenequipo.com.mx\/?p=118973"},"modified":"2021-07-23T22:36:58","modified_gmt":"2021-07-24T05:36:58","slug":"el-gas-y-la-tortilla-disparan-la-inflacion-a-5-75-en-la-primera-mitad-de-julio","status":"publish","type":"post","link":"https:\/\/www.sonoraenequipo.com.mx\/el-gas-y-la-tortilla-disparan-la-inflacion-a-5-75-en-la-primera-mitad-de-julio\/","title":{"rendered":"El gas y la tortilla disparan la inflaci\u00f3n a 5.75% en la primera mitad de julio"},"content":{"rendered":"<p>CIUDAD DE M\u00c9XICO. MX. \u2014 El bolsillo y los planes de compras futuras de los mexicanos contin\u00faan presionados por el alza de precios, ya que la inflaci\u00f3n de la primera quincena de julio se ubic\u00f3 5.75% a tasa anual, un nivel nuevamente por encima del objetivo del Banco de M\u00e9xico (Banxico) y por el esperado de los analistas, inform\u00f3 este jueves el Instituto Nacional de Estad\u00edstica y Geograf\u00eda (Inegi).<\/p>\n<p>&nbsp;<\/p>\n<p> <\/p>\n<p>&nbsp;<\/p>\n<p>Se trata de la inflaci\u00f3n quincenal m\u00e1s alta para un periodo similar desde el 2012. El repunte eleva las presiones para que Banxico encarezca el precio del dinero en su pr\u00f3xima reuni\u00f3n del 12 de agosto. En la primera mitad de junio, la inflaci\u00f3n fue de 5.74%.<\/p>\n<p>&nbsp;<\/p>\n<p>Los productos que tuvieron un mayor aumento fueron el gas dom\u00e9stico, la tortilla de ma\u00edz, la cebolla y la carne de res, detall\u00f3 el Inegi.<\/p>\n<p>&nbsp;<\/p>\n<p>Cabe recordar que el presidente Andr\u00e9s Manuel L\u00f3pez Obrador dijo recientemente que contemplaba permitir la importaci\u00f3n de ma\u00edz para que bajara el precio de la tortilla , cuyo kilogramo alcanza hasta los 20 pesos en algunas zonas del pa\u00eds.<\/p>\n<p>&nbsp;<\/p>\n<p>El pol\u00edtico tabasque\u00f1o tambi\u00e9n anunci\u00f3 la creaci\u00f3n de Gas Bienestar para ofrecer el precio del energ\u00e9tico a precios m\u00e1s bajos de los actuales, sin embargo, el pa\u00eds importa casi el 70% del gas LP que consume.<\/p>\n<p>&nbsp;<\/p>\n<p>La inflaci\u00f3n no solo impacta el consumo habitual de bienes y servicios, pues las personas que tienen una cuenta de ahorro para el retiro, invierten o planean hacer una compra a cr\u00e9dito en las siguientes semanas tambi\u00e9n resienten este fen\u00f3meno.<\/p>\n<p>&nbsp;<\/p>\n<p>Adem\u00e1s, existen riesgos de que M\u00e9xico importe inflaci\u00f3n de su principal socio comercial, ya que Estados Unidos registra su aumento de precios m\u00e1s alto desde 2018.<\/p>\n<p>&nbsp;<\/p>\n<p>M\u00e9xico se puede ver afectado por el aumento de precios en Estados Unidos, ya que los productos de importaci\u00f3n como insumos, productos terminados y combustibles tienden a encarecerse, se\u00f1al\u00f3 recientemente Pablo L\u00f3pez Sarabia, profesor e investigador del Tecnol\u00f3gico de Monterrey.<\/p>\n<p>&nbsp;<\/p>\n<p>En los primeros 15 d\u00edas de julio, el \u00edndice general de precios registr\u00f3 un aumento del 0.37%, mientras que la inflaci\u00f3n subyacente, considerada un mejor par\u00e1metro para medir la trayectoria de los precios porque elimina art\u00edculos de alta volatilidad, fue de un 0.31%.<\/p>\n<p>&nbsp;<\/p>\n<h3>A tasa anual, la inflaci\u00f3n subyacente se ubic\u00f3 en un 4.64%.<\/h3>\n<p>&nbsp;<\/p>\n<p>Gabriela Siller, directora de an\u00e1lisis econ\u00f3mico financiero de Banco Base, coment\u00f3 en un reporte que hacia adelante se espera que contin\u00faen las presiones inflacionarias debido a 5 factores principales: 1) la reactivaci\u00f3n econ\u00f3mica, 2) los cuellos de botella en centros de log\u00edstica, 3) la escasez relativa de productos a nivel internacional, 4) alza en precios de transportaci\u00f3n mar\u00edtima y 5) alza en los precios internacionales de commodities.<\/p>\n<p>&nbsp;<\/p>\n<p>\u00abLa nueva ola de contagios tambi\u00e9n amenaza con crear nuevas presiones en la formaci\u00f3n de precios a nivel global, pues algunos centros de transportaci\u00f3n han tenido que limitar su operaci\u00f3n ante brotes del virus\u00bb, dijo.<\/p>\n<p>&nbsp;<\/p>\n<p>&nbsp;<\/p>\n<p>(Publicada el 23\/07\/2021)<\/p>\n","protected":false},"excerpt":{"rendered":"<p>CIUDAD DE M\u00c9XICO. MX. \u2014 El bolsillo y los planes de compras futuras de los&#8230;<\/p>\n","protected":false},"author":1,"featured_media":118974,"comment_status":"open","ping_status":"open","sticky":false,"template":"","format":"standard","meta":{"_monsterinsights_skip_tracking":false,"_monsterinsights_sitenote_active":false,"_monsterinsights_sitenote_note":"","_monsterinsights_sitenote_category":0,"footnotes":""},"categories":[5],"tags":[],"class_list":["post"],"yoast_head":" \n<title>Sonora en Equipo. El gas y la tortilla disparan la inflaci\u00f3n a 5.75% en la primera mitad de julio Rep\u00fablica<\/title>\n<meta name=\"description\" content=\"CIUDAD DE M\u00c9XICO. MX. \u2014 El bolsillo y los planes de compras futuras de los mexicanos contin\u00faan presionados por el alza de precios, ya que la inflaci\u00f3n de En Sonora en Equipo publicamos toda la informaci\u00f3n de Sonora, M\u00e9xico y el Mundo de manera oportuna y busca que la libertad de expresi\u00f3n sea real. Visita nuestro medio informativo publicado desde Hermosillo, Sonora. %\" \/>\n<meta name=\"robots\" content=\"index, follow, max-snippet:-1, max-image-preview:large, max-video-preview:-1\" \/>\n<link rel=\"canonical\" href=\"https:\/\/www.sonoraenequipo.com.mx\/el-gas-y-la-tortilla-disparan-la-inflacion-a-5-75-en-la-primera-mitad-de-julio\/\" \/>\n<meta property=\"og:locale\" content=\"es_ES\" \/>\n<meta property=\"og:type\" content=\"article\" \/>\n<meta property=\"og:title\" content=\"Sonora en Equipo. El gas y la tortilla disparan la inflaci\u00f3n a 5.75% en la primera mitad de julio Rep\u00fablica\" \/>\n<meta property=\"og:description\" content=\"CIUDAD DE M\u00c9XICO. MX. \u2014 El bolsillo y los planes de compras futuras de los mexicanos contin\u00faan presionados por el alza de precios, ya que la inflaci\u00f3n de En Sonora en Equipo publicamos toda la informaci\u00f3n de Sonora, M\u00e9xico y el Mundo de manera oportuna y busca que la libertad de expresi\u00f3n sea real. Visita nuestro medio informativo publicado desde Hermosillo, Sonora. %\" \/>\n<meta property=\"og:url\" content=\"https:\/\/www.sonoraenequipo.com.mx\/el-gas-y-la-tortilla-disparan-la-inflacion-a-5-75-en-la-primera-mitad-de-julio\/\" \/>\n<meta property=\"og:site_name\" content=\"Sonora en Equipo.\" \/>\n<meta property=\"article:publisher\" content=\"https:\/\/www.facebook.com\/SonoraEE\/\" \/>\n<meta property=\"article:author\" content=\"https:\/\/www.facebook.com\/SonoraEE\" \/>\n<meta property=\"article:published_time\" content=\"2021-07-23T18:30:52+00:00\" \/>\n<meta property=\"article:modified_time\" content=\"2021-07-24T05:36:58+00:00\" \/>\n<meta property=\"og:image\" content=\"https:\/\/www.sonoraenequipo.com.mx\/storage\/2021\/07\/tortilla-inflacion_opt.jpg\" \/>\n\t<meta property=\"og:image:width\" content=\"700\" \/>\n\t<meta property=\"og:image:height\" content=\"400\" \/>\n\t<meta property=\"og:image:type\" content=\"image\/jpeg\" \/>\n<meta name=\"author\" content=\"enequipo\" \/>\n<meta name=\"twitter:card\" content=\"summary_large_image\" \/>\n<meta name=\"twitter:creator\" content=\"@sonoraenequipo\" \/>\n<meta name=\"twitter:site\" content=\"@sonoraenequipo\" \/>\n<meta name=\"twitter:label1\" content=\"Escrito por\" \/>\n\t<meta name=\"twitter:data1\" content=\"enequipo\" \/>\n\t<meta name=\"twitter:label2\" content=\"Tiempo de lectura\" \/>\n\t<meta name=\"twitter:data2\" content=\"3 minutos\" \/>\n<script type=\"application\/ld+json\" class=\"yoast-schema-graph\">{\"@context\":\"https:\/\/schema.org\",\"@graph\":[{\"@type\":\"Article\",\"@id\":\"https:\/\/www.sonoraenequipo.com.mx\/el-gas-y-la-tortilla-disparan-la-inflacion-a-5-75-en-la-primera-mitad-de-julio\/#article\",\"isPartOf\":{\"@id\":\"https:\/\/www.sonoraenequipo.com.mx\/el-gas-y-la-tortilla-disparan-la-inflacion-a-5-75-en-la-primera-mitad-de-julio\/\"},\"author\":{\"name\":\"enequipo\",\"@id\":\"https:\/\/www.sonoraenequipo.com.mx\/#\/schema\/person\/50102df0fb23a8fa9e8effad8fa81386\"},\"headline\":\"El gas y la tortilla disparan la inflaci\u00f3n a 5.75% en la primera mitad de julio\",\"datePublished\":\"2021-07-23T18:30:52+00:00\",\"dateModified\":\"2021-07-24T05:36:58+00:00\",\"mainEntityOfPage\":{\"@id\":\"https:\/\/www.sonoraenequipo.com.mx\/el-gas-y-la-tortilla-disparan-la-inflacion-a-5-75-en-la-primera-mitad-de-julio\/\"},\"wordCount\":546,\"commentCount\":0,\"publisher\":{\"@id\":\"https:\/\/www.sonoraenequipo.com.mx\/#organization\"},\"image\":{\"@id\":\"https:\/\/www.sonoraenequipo.com.mx\/el-gas-y-la-tortilla-disparan-la-inflacion-a-5-75-en-la-primera-mitad-de-julio\/#primaryimage\"},\"thumbnailUrl\":\"https:\/\/www.sonoraenequipo.com.mx\/storage\/2021\/07\/tortilla-inflacion_opt.jpg\",\"articleSection\":[\"Rep\u00fablica\"],\"inLanguage\":\"es\",\"potentialAction\":[{\"@type\":\"CommentAction\",\"name\":\"Comment\",\"target\":[\"https:\/\/www.sonoraenequipo.com.mx\/el-gas-y-la-tortilla-disparan-la-inflacion-a-5-75-en-la-primera-mitad-de-julio\/#respond\"]}]},{\"@type\":\"WebPage\",\"@id\":\"https:\/\/www.sonoraenequipo.com.mx\/el-gas-y-la-tortilla-disparan-la-inflacion-a-5-75-en-la-primera-mitad-de-julio\/\",\"url\":\"https:\/\/www.sonoraenequipo.com.mx\/el-gas-y-la-tortilla-disparan-la-inflacion-a-5-75-en-la-primera-mitad-de-julio\/\",\"name\":\"Sonora en Equipo. El gas y la tortilla disparan la inflaci\u00f3n a 5.75% en la primera mitad de julio Rep\u00fablica\",\"isPartOf\":{\"@id\":\"https:\/\/www.sonoraenequipo.com.mx\/#website\"},\"primaryImageOfPage\":{\"@id\":\"https:\/\/www.sonoraenequipo.com.mx\/el-gas-y-la-tortilla-disparan-la-inflacion-a-5-75-en-la-primera-mitad-de-julio\/#primaryimage\"},\"image\":{\"@id\":\"https:\/\/www.sonoraenequipo.com.mx\/el-gas-y-la-tortilla-disparan-la-inflacion-a-5-75-en-la-primera-mitad-de-julio\/#primaryimage\"},\"thumbnailUrl\":\"https:\/\/www.sonoraenequipo.com.mx\/storage\/2021\/07\/tortilla-inflacion_opt.jpg\",\"datePublished\":\"2021-07-23T18:30:52+00:00\",\"dateModified\":\"2021-07-24T05:36:58+00:00\",\"description\":\"CIUDAD DE M\u00c9XICO. MX. \u2014 El bolsillo y los planes de compras futuras de los mexicanos contin\u00faan presionados por el alza de precios, ya que la inflaci\u00f3n de En Sonora en Equipo publicamos toda la informaci\u00f3n de Sonora, M\u00e9xico y el Mundo de manera oportuna y busca que la libertad de expresi\u00f3n sea real. Visita nuestro medio informativo publicado desde Hermosillo, Sonora. %\",\"breadcrumb\":{\"@id\":\"https:\/\/www.sonoraenequipo.com.mx\/el-gas-y-la-tortilla-disparan-la-inflacion-a-5-75-en-la-primera-mitad-de-julio\/#breadcrumb\"},\"inLanguage\":\"es\",\"potentialAction\":[{\"@type\":\"ReadAction\",\"target\":[\"https:\/\/www.sonoraenequipo.com.mx\/el-gas-y-la-tortilla-disparan-la-inflacion-a-5-75-en-la-primera-mitad-de-julio\/\"]}]},{\"@type\":\"ImageObject\",\"inLanguage\":\"es\",\"@id\":\"https:\/\/www.sonoraenequipo.com.mx\/el-gas-y-la-tortilla-disparan-la-inflacion-a-5-75-en-la-primera-mitad-de-julio\/#primaryimage\",\"url\":\"https:\/\/www.sonoraenequipo.com.mx\/storage\/2021\/07\/tortilla-inflacion_opt.jpg\",\"contentUrl\":\"https:\/\/www.sonoraenequipo.com.mx\/storage\/2021\/07\/tortilla-inflacion_opt.jpg\",\"width\":700,\"height\":400},{\"@type\":\"BreadcrumbList\",\"@id\":\"https:\/\/www.sonoraenequipo.com.mx\/el-gas-y-la-tortilla-disparan-la-inflacion-a-5-75-en-la-primera-mitad-de-julio\/#breadcrumb\",\"itemListElement\":[{\"@type\":\"ListItem\",\"position\":1,\"name\":\"Portada\",\"item\":\"https:\/\/www.sonoraenequipo.com.mx\/\"},{\"@type\":\"ListItem\",\"position\":2,\"name\":\"El gas y la tortilla disparan la inflaci\u00f3n a 5.75% en la primera mitad de julio\"}]},{\"@type\":\"WebSite\",\"@id\":\"https:\/\/www.sonoraenequipo.com.mx\/#website\",\"url\":\"https:\/\/www.sonoraenequipo.com.mx\/\",\"name\":\"Sonora en Equipo.\",\"description\":\"Diario en l\u00ednea con Noticias desde Hermosillo, Sonora\",\"publisher\":{\"@id\":\"https:\/\/www.sonoraenequipo.com.mx\/#organization\"},\"potentialAction\":[{\"@type\":\"SearchAction\",\"target\":{\"@type\":\"EntryPoint\",\"urlTemplate\":\"https:\/\/www.sonoraenequipo.com.mx\/?s={search_term_string}\"},\"query-input\":{\"@type\":\"PropertyValueSpecification\",\"valueRequired\":true,\"valueName\":\"search_term_string\"}}],\"inLanguage\":\"es\"},{\"@type\":\"Organization\",\"@id\":\"https:\/\/www.sonoraenequipo.com.mx\/#organization\",\"name\":\"Sonoraenequipo.com.mx\",\"url\":\"https:\/\/www.sonoraenequipo.com.mx\/\",\"logo\":{\"@type\":\"ImageObject\",\"inLanguage\":\"es\",\"@id\":\"https:\/\/www.sonoraenequipo.com.mx\/#\/schema\/logo\/image\/\",\"url\":\"https:\/\/www.sonoraenequipo.com.mx\/storage\/2019\/01\/sonoraenequipo_opt.png\",\"contentUrl\":\"https:\/\/www.sonoraenequipo.com.mx\/storage\/2019\/01\/sonoraenequipo_opt.png\",\"width\":375,\"height\":125,\"caption\":\"Sonoraenequipo.com.mx\"},\"image\":{\"@id\":\"https:\/\/www.sonoraenequipo.com.mx\/#\/schema\/logo\/image\/\"},\"sameAs\":[\"https:\/\/www.facebook.com\/SonoraEE\/\",\"https:\/\/x.com\/sonoraenequipo\",\"https:\/\/www.youtube.com\/channel\/UC338nW-lPEYmJQs4ZABQ1SQ\"]},{\"@type\":\"Person\",\"@id\":\"https:\/\/www.sonoraenequipo.com.mx\/#\/schema\/person\/50102df0fb23a8fa9e8effad8fa81386\",\"name\":\"enequipo\",\"image\":{\"@type\":\"ImageObject\",\"inLanguage\":\"es\",\"@id\":\"https:\/\/www.sonoraenequipo.com.mx\/#\/schema\/person\/image\/\",\"url\":\"https:\/\/secure.gravatar.com\/avatar\/049821681b589dabc0bc20695993ccebb09f5b5d4d790cd9251b97faac7c652b?s=96&d=blank&r=g\",\"contentUrl\":\"https:\/\/secure.gravatar.com\/avatar\/049821681b589dabc0bc20695993ccebb09f5b5d4d790cd9251b97faac7c652b?s=96&d=blank&r=g\",\"caption\":\"enequipo\"},\"sameAs\":[\"https:\/\/www.facebook.com\/SonoraEE\"]}]}<\/script>\n ","yoast_head_json":{"title":"Sonora en Equipo. El gas y la tortilla disparan la inflaci\u00f3n a 5.75% en la primera mitad de julio Rep\u00fablica","description":"CIUDAD DE M\u00c9XICO. MX. \u2014 El bolsillo y los planes de compras futuras de los mexicanos contin\u00faan presionados por el alza de precios, ya que la inflaci\u00f3n de En Sonora en Equipo publicamos toda la informaci\u00f3n de Sonora, M\u00e9xico y el Mundo de manera oportuna y busca que la libertad de expresi\u00f3n sea real. Visita nuestro medio informativo publicado desde Hermosillo, Sonora. %","robots":{"index":"index","follow":"follow","max-snippet":"max-snippet:-1","max-image-preview":"max-image-preview:large","max-video-preview":"max-video-preview:-1"},"canonical":"https:\/\/www.sonoraenequipo.com.mx\/el-gas-y-la-tortilla-disparan-la-inflacion-a-5-75-en-la-primera-mitad-de-julio\/","og_locale":"es_ES","og_type":"article","og_title":"Sonora en Equipo. El gas y la tortilla disparan la inflaci\u00f3n a 5.75% en la primera mitad de julio Rep\u00fablica","og_description":"CIUDAD DE M\u00c9XICO. MX. \u2014 El bolsillo y los planes de compras futuras de los mexicanos contin\u00faan presionados por el alza de precios, ya que la inflaci\u00f3n de En Sonora en Equipo publicamos toda la informaci\u00f3n de Sonora, M\u00e9xico y el Mundo de manera oportuna y busca que la libertad de expresi\u00f3n sea real. Visita nuestro medio informativo publicado desde Hermosillo, Sonora. %","og_url":"https:\/\/www.sonoraenequipo.com.mx\/el-gas-y-la-tortilla-disparan-la-inflacion-a-5-75-en-la-primera-mitad-de-julio\/","og_site_name":"Sonora en Equipo.","article_publisher":"https:\/\/www.facebook.com\/SonoraEE\/","article_author":"https:\/\/www.facebook.com\/SonoraEE","article_published_time":"2021-07-23T18:30:52+00:00","article_modified_time":"2021-07-24T05:36:58+00:00","og_image":[{"width":700,"height":400,"url":"https:\/\/www.sonoraenequipo.com.mx\/storage\/2021\/07\/tortilla-inflacion_opt.jpg","type":"image\/jpeg"}],"author":"enequipo","twitter_card":"summary_large_image","twitter_creator":"@sonoraenequipo","twitter_site":"@sonoraenequipo","twitter_misc":{"Escrito por":"enequipo","Tiempo de lectura":"3 minutos"},"schema":{"@context":"https:\/\/schema.org","@graph":[{"@type":"Article","@id":"https:\/\/www.sonoraenequipo.com.mx\/el-gas-y-la-tortilla-disparan-la-inflacion-a-5-75-en-la-primera-mitad-de-julio\/#article","isPartOf":{"@id":"https:\/\/www.sonoraenequipo.com.mx\/el-gas-y-la-tortilla-disparan-la-inflacion-a-5-75-en-la-primera-mitad-de-julio\/"},"author":{"name":"enequipo","@id":"https:\/\/www.sonoraenequipo.com.mx\/#\/schema\/person\/50102df0fb23a8fa9e8effad8fa81386"},"headline":"El gas y la tortilla disparan la inflaci\u00f3n a 5.75% en la primera mitad de julio","datePublished":"2021-07-23T18:30:52+00:00","dateModified":"2021-07-24T05:36:58+00:00","mainEntityOfPage":{"@id":"https:\/\/www.sonoraenequipo.com.mx\/el-gas-y-la-tortilla-disparan-la-inflacion-a-5-75-en-la-primera-mitad-de-julio\/"},"wordCount":546,"commentCount":0,"publisher":{"@id":"https:\/\/www.sonoraenequipo.com.mx\/#organization"},"image":{"@id":"https:\/\/www.sonoraenequipo.com.mx\/el-gas-y-la-tortilla-disparan-la-inflacion-a-5-75-en-la-primera-mitad-de-julio\/#primaryimage"},"thumbnailUrl":"https:\/\/www.sonoraenequipo.com.mx\/storage\/2021\/07\/tortilla-inflacion_opt.jpg","articleSection":["Rep\u00fablica"],"inLanguage":"es","potentialAction":[{"@type":"CommentAction","name":"Comment","target":["https:\/\/www.sonoraenequipo.com.mx\/el-gas-y-la-tortilla-disparan-la-inflacion-a-5-75-en-la-primera-mitad-de-julio\/#respond"]}]},{"@type":"WebPage","@id":"https:\/\/www.sonoraenequipo.com.mx\/el-gas-y-la-tortilla-disparan-la-inflacion-a-5-75-en-la-primera-mitad-de-julio\/","url":"https:\/\/www.sonoraenequipo.com.mx\/el-gas-y-la-tortilla-disparan-la-inflacion-a-5-75-en-la-primera-mitad-de-julio\/","name":"Sonora en Equipo. El gas y la tortilla disparan la inflaci\u00f3n a 5.75% en la primera mitad de julio Rep\u00fablica","isPartOf":{"@id":"https:\/\/www.sonoraenequipo.com.mx\/#website"},"primaryImageOfPage":{"@id":"https:\/\/www.sonoraenequipo.com.mx\/el-gas-y-la-tortilla-disparan-la-inflacion-a-5-75-en-la-primera-mitad-de-julio\/#primaryimage"},"image":{"@id":"https:\/\/www.sonoraenequipo.com.mx\/el-gas-y-la-tortilla-disparan-la-inflacion-a-5-75-en-la-primera-mitad-de-julio\/#primaryimage"},"thumbnailUrl":"https:\/\/www.sonoraenequipo.com.mx\/storage\/2021\/07\/tortilla-inflacion_opt.jpg","datePublished":"2021-07-23T18:30:52+00:00","dateModified":"2021-07-24T05:36:58+00:00","description":"CIUDAD DE M\u00c9XICO. MX. \u2014 El bolsillo y los planes de compras futuras de los mexicanos contin\u00faan presionados por el alza de precios, ya que la inflaci\u00f3n de En Sonora en Equipo publicamos toda la informaci\u00f3n de Sonora, M\u00e9xico y el Mundo de manera oportuna y busca que la libertad de expresi\u00f3n sea real. Visita nuestro medio informativo publicado desde Hermosillo, Sonora. %","breadcrumb":{"@id":"https:\/\/www.sonoraenequipo.com.mx\/el-gas-y-la-tortilla-disparan-la-inflacion-a-5-75-en-la-primera-mitad-de-julio\/#breadcrumb"},"inLanguage":"es","potentialAction":[{"@type":"ReadAction","target":["https:\/\/www.sonoraenequipo.com.mx\/el-gas-y-la-tortilla-disparan-la-inflacion-a-5-75-en-la-primera-mitad-de-julio\/"]}]},{"@type":"ImageObject","inLanguage":"es","@id":"https:\/\/www.sonoraenequipo.com.mx\/el-gas-y-la-tortilla-disparan-la-inflacion-a-5-75-en-la-primera-mitad-de-julio\/#primaryimage","url":"https:\/\/www.sonoraenequipo.com.mx\/storage\/2021\/07\/tortilla-inflacion_opt.jpg","contentUrl":"https:\/\/www.sonoraenequipo.com.mx\/storage\/2021\/07\/tortilla-inflacion_opt.jpg","width":700,"height":400},{"@type":"BreadcrumbList","@id":"https:\/\/www.sonoraenequipo.com.mx\/el-gas-y-la-tortilla-disparan-la-inflacion-a-5-75-en-la-primera-mitad-de-julio\/#breadcrumb","itemListElement":[{"@type":"ListItem","position":1,"name":"Portada","item":"https:\/\/www.sonoraenequipo.com.mx\/"},{"@type":"ListItem","position":2,"name":"El gas y la tortilla disparan la inflaci\u00f3n a 5.75% en la primera mitad de julio"}]},{"@type":"WebSite","@id":"https:\/\/www.sonoraenequipo.com.mx\/#website","url":"https:\/\/www.sonoraenequipo.com.mx\/","name":"Sonora en Equipo.","description":"Diario en l\u00ednea con Noticias desde Hermosillo, Sonora","publisher":{"@id":"https:\/\/www.sonoraenequipo.com.mx\/#organization"},"potentialAction":[{"@type":"SearchAction","target":{"@type":"EntryPoint","urlTemplate":"https:\/\/www.sonoraenequipo.com.mx\/?s={search_term_string}"},"query-input":{"@type":"PropertyValueSpecification","valueRequired":true,"valueName":"search_term_string"}}],"inLanguage":"es"},{"@type":"Organization","@id":"https:\/\/www.sonoraenequipo.com.mx\/#organization","name":"Sonoraenequipo.com.mx","url":"https:\/\/www.sonoraenequipo.com.mx\/","logo":{"@type":"ImageObject","inLanguage":"es","@id":"https:\/\/www.sonoraenequipo.com.mx\/#\/schema\/logo\/image\/","url":"https:\/\/www.sonoraenequipo.com.mx\/storage\/2019\/01\/sonoraenequipo_opt.png","contentUrl":"https:\/\/www.sonoraenequipo.com.mx\/storage\/2019\/01\/sonoraenequipo_opt.png","width":375,"height":125,"caption":"Sonoraenequipo.com.mx"},"image":{"@id":"https:\/\/www.sonoraenequipo.com.mx\/#\/schema\/logo\/image\/"},"sameAs":["https:\/\/www.facebook.com\/SonoraEE\/","https:\/\/x.com\/sonoraenequipo","https:\/\/www.youtube.com\/channel\/UC338nW-lPEYmJQs4ZABQ1SQ"]},{"@type":"Person","@id":"https:\/\/www.sonoraenequipo.com.mx\/#\/schema\/person\/50102df0fb23a8fa9e8effad8fa81386","name":"enequipo","image":{"@type":"ImageObject","inLanguage":"es","@id":"https:\/\/www.sonoraenequipo.com.mx\/#\/schema\/person\/image\/","url":"https:\/\/secure.gravatar.com\/avatar\/049821681b589dabc0bc20695993ccebb09f5b5d4d790cd9251b97faac7c652b?s=96&d=blank&r=g","contentUrl":"https:\/\/secure.gravatar.com\/avatar\/049821681b589dabc0bc20695993ccebb09f5b5d4d790cd9251b97faac7c652b?s=96&d=blank&r=g","caption":"enequipo"},"sameAs":["https:\/\/www.facebook.com\/SonoraEE"]}]}},"jetpack_featured_media_url":"https:\/\/www.sonoraenequipo.com.mx\/storage\/2021\/07\/tortilla-inflacion_opt.jpg","_links":{"self":[{"href":"https:\/\/www.sonoraenequipo.com.mx\/api\/wp\/v2\/posts\/118973","targetHints":{"allow":["GET"]}}],"collection":[{"href":"https:\/\/www.sonoraenequipo.com.mx\/api\/wp\/v2\/posts"}],"about":[{"href":"https:\/\/www.sonoraenequipo.com.mx\/api\/wp\/v2\/types\/post"}],"author":[{"embeddable":true,"href":"https:\/\/www.sonoraenequipo.com.mx\/api\/wp\/v2\/users\/1"}],"replies":[{"embeddable":true,"href":"https:\/\/www.sonoraenequipo.com.mx\/api\/wp\/v2\/comments?post=118973"}],"version-history":[{"count":1,"href":"https:\/\/www.sonoraenequipo.com.mx\/api\/wp\/v2\/posts\/118973\/revisions"}],"predecessor-version":[{"id":118975,"href":"https:\/\/www.sonoraenequipo.com.mx\/api\/wp\/v2\/posts\/118973\/revisions\/118975"}],"wp:featuredmedia":[{"embeddable":true,"href":"https:\/\/www.sonoraenequipo.com.mx\/api\/wp\/v2\/media\/118974"}],"wp:attachment":[{"href":"https:\/\/www.sonoraenequipo.com.mx\/api\/wp\/v2\/media?parent=118973"}],"wp:term":[{"taxonomy":"category","embeddable":true,"href":"https:\/\/www.sonoraenequipo.com.mx\/api\/wp\/v2\/categories?post=118973"},{"taxonomy":"post_tag","embeddable":true,"href":"https:\/\/www.sonoraenequipo.com.mx\/api\/wp\/v2\/tags?post=118973"}],"curies":[{"name":"wp","href":"https:\/\/api.w.org\/{rel}","templated":true}]}}