{"id":118977,"date":"2021-07-24T07:40:37","date_gmt":"2021-07-24T14:40:37","guid":{"rendered":"https:\/\/www.sonoraenequipo.com.mx\/?p=118977"},"modified":"2021-07-24T11:01:24","modified_gmt":"2021-07-24T18:01:24","slug":"notas-sueltas-restringidos-como-en-francia","status":"publish","type":"post","link":"https:\/\/www.sonoraenequipo.com.mx\/notas-sueltas-restringidos-como-en-francia\/","title":{"rendered":"NOTAS SUELTAS. Restringidos como en Francia"},"content":{"rendered":"<p><em>\u201cEl primer cambio geopol\u00edtico es mental e individual, es saber y aceptar que los milagros no nos devolver\u00e1n un mundo que ya no existe y que el que hay que construir es uno sobre valores como son sociedades libres y fuertes\u201d<\/em> <strong>(Antonio Naval\u00f3n)<\/strong>.<\/p>\n<p> <\/p>\n<p>Seguramente imaginando que las antenas que coronan el Cerro de la Campana se parecen a la Torre Eiffel, nuestros funcionarios naranjeros suponen que el mismo comportamiento que exhibe el presidente de Francia respecto a Covid-19 puede ser asumido por ellos.<\/p>\n<p>&nbsp;<\/p>\n<p>Amenazan con la posibilidad de tomar <em>\u201cmedidas m\u00e1s en\u00e9rgicas, tal como en Francia\u201d<\/em> (gobernada por un falderillo coyuntural de Mr. Biden), ignorando que estamos en un pa\u00eds soberano, con un gobierno legalmente constituido, con sus propias autoridades de salud, sus propias medidas de pol\u00edtica sanitaria y, sobre todo, con valores democr\u00e1ticos y de respeto a las libertades y a la ley (El Imparcial, 22.07.21).<\/p>\n<p>&nbsp;<\/p>\n<p>La amenaza que pesa sobre los j\u00f3venes <em>\u201cque evadan el uso del cubrebocas y la vacunaci\u00f3n\u201d<\/em> suena como garrotazo anticipado, como acelere sanitario, como pujos inquisitoriales de los<em> \u201cprimeros respondientes\u201d<\/em> que parecen evadir el contexto legal y pol\u00edtico nacional y, hasta donde se sabe, local.<\/p>\n<p>&nbsp;<\/p>\n<p>Llama la atenci\u00f3n que desde el inicio de la epidemia Hermosillo tom\u00f3 acciones que incluso eran violatorias de los derechos humanos, de las disposiciones constitucionales, de las propias recomendaciones generales emitidas por la m\u00e1xima autoridad sanitaria y que, como el Borras, establecieron filtros, sanciones, mecanismos intimidatorios, cancioncitas mamonas, mensajes con fuerte olor autoritario y, sin embargo, la epidemia sigui\u00f3 su curso: la curva de contagios hizo su trazo de subibaja comport\u00e1ndose como se espera en un fen\u00f3meno como este.<\/p>\n<p>&nbsp;<\/p>\n<p>Tras la feroz actividad medi\u00e1tica y coactiva de<em> \u201clos primeros respondientes\u201d l<\/em>as medidas se fueron relajando, volviendo la movilidad: se dio la apertura de gimnasios (considerados por alguien esenciales), el comercio ampli\u00f3 sus horarios y los lugares de esparcimiento nuevamente se vieron colmados en un estire y afloje digno de estudio particular.<\/p>\n<p>&nbsp;<\/p>\n<p>Se implement\u00f3 un demencial operativo de <em>\u201csanitizaci\u00f3n\u201d<\/em> (probablemente queriendo decir desinfecci\u00f3n) en las calles, rociando alguna substancia en el pavimento, se instalaron tapetes sanitarios sin utilidad probada, se restringi\u00f3 fallidamente la venta de cerveza, entre otras medidas que, sin duda, surten efectos en la conciencia del que no sabe qu\u00e9 hacer pero que se siente obligado a hacer porque \u201c<em>ni modo de quedarse con los brazos cruzados\u201d.<\/em><\/p>\n<p>&nbsp;<\/p>\n<p>En su momento, advertimos que las normas de seguridad sanitaria estaban claramente establecidas por la Secretar\u00eda de Salud y que no ten\u00eda utilidad andar busc\u00e1ndole las mangas al chaleco, que Sonora y el municipio deb\u00edan acatar las disposiciones federales de la mejor manera, es decir, coordinadamente y sin violar las garant\u00edas y derechos ciudadanos.<\/p>\n<p>&nbsp;<\/p>\n<p>Actualmente, tras las medidas de relajamiento emocional y fortalecimiento comercial (campa\u00f1a electoral incluida), nos enteramos de que tenemos una tercera ola o repunte de la enfermedad con nuevas variantes del virus.<\/p>\n<p>&nbsp;<\/p>\n<p>Algunos, haciendo honor a la sensatez, insisten en que las medidas precautorias realmente efectivas son la sana distancia, el lavado frecuente de manos y el uso del cubrebocas en lugares cerrados y concurridos, y la recomendaci\u00f3n de ventilar la casa, no recibir visitas y evitar reuniones.<\/p>\n<p>&nbsp;<\/p>\n<p><img loading=\"lazy\" decoding=\"async\" class=\"  x-right\" src=\"https:\/\/www.sonoraenequipo.com.mx\/storage\/2021\/07\/Filtro-quedate-en-casa_carlos-Villalba_opt-639x365.jpg\" alt=\"\" width=\"579\" height=\"331\" \/>Parece que se nos olvida que el virus penetra por v\u00edas respiratorias y ojos, de manera que la protecci\u00f3n debe centrarse ah\u00ed donde m\u00e1s importa; tambi\u00e9n se nos escapa que las vacunas actualmente en uso han sido autorizadas por razones de emergencia, no porque hayan demostrado plenamente su eficacia ni la ausencia de eventuales efectos colaterales nocivos o, de plano, desconocidos.<\/p>\n<p>&nbsp;<\/p>\n<p>Es cada vez m\u00e1s evidente que la mayor\u00eda de los asustados ciudadanos que levantan antorchas encendidas de miedo y agresividad, ahora contra los \u201c<em>j\u00f3venes y no vacunados\u201d,<\/em> pasan por alto que una verdadera vacuna sirve para evitar la enfermedad (como por ejemplo la de la viruela, la poliomielitis, entre otras) y que las actuales a\u00fan no re\u00fanen esa caracter\u00edstica esencial.<\/p>\n<p>&nbsp;<\/p>\n<p>Todav\u00eda no se entiende que la inoculaci\u00f3n en curso no impide que la gente se siga enfermando ni que siga contagiando a los dem\u00e1s, asunto que las propias autoridades de salud nacionales y locales han tenido que aclarar.<\/p>\n<p>&nbsp;<\/p>\n<p>As\u00ed que, a las autoridades aficionadas al garrote es pertinente recordarles que en el M\u00e9xico post 2018 se privilegian las libertades, se respetan los derechos humanos y que las recomendaciones generales de prevenci\u00f3n de los contagios deben apelar a la raz\u00f3n antes que a la coacci\u00f3n.<\/p>\n<p>&nbsp;<\/p>\n<p>Por cierto, a prop\u00f3sito de parecernos a Francia en lo restrictivos, cabe recordar que en M\u00e9xico la vacunaci\u00f3n es voluntaria y que Sonora es parte de la Federaci\u00f3n, \u00bfo qu\u00e9 entiende usted cuando AMLO se\u00f1ala que \u201cla vacunaci\u00f3n de Covid no ser\u00e1 obligatoria\u201d (Forbes, 22.12.20). Para algunos, parece que la \u00e9poca de la Inquisici\u00f3n no pas\u00f3.<\/p>\n<p>&nbsp;<\/p>\n<p><a href=\"http:\/\/jdarredondo.blogspot.com\"><strong>http:\/\/jdarredondo.blogspot.com<\/strong><\/a><\/p>\n<p>&nbsp;<\/p>\n<p>&nbsp;<\/p>\n<p>(Publicada el 24\/07\/2021)<\/p>\n","protected":false},"excerpt":{"rendered":"<p>\u201cEl primer cambio geopol\u00edtico es mental e individual, es saber y aceptar que los milagros&#8230;<\/p>\n","protected":false},"author":8,"featured_media":118979,"comment_status":"open","ping_status":"open","sticky":false,"template":"","format":"standard","meta":{"_monsterinsights_skip_tracking":false,"_monsterinsights_sitenote_active":false,"_monsterinsights_sitenote_note":"","_monsterinsights_sitenote_category":0,"footnotes":""},"categories":[14],"tags":[],"class_list":["post"],"yoast_head":" \n<title>Sonora en Equipo. NOTAS SUELTAS. Restringidos como en Francia Voces<\/title>\n<meta name=\"description\" content=\"\u201cEl primer cambio geopol\u00edtico es mental e individual, es saber y aceptar que los milagros no nos devolver\u00e1n un mundo que ya no existe y que el que hay que En Sonora en Equipo publicamos toda la informaci\u00f3n de Sonora, M\u00e9xico y el Mundo de manera oportuna y busca que la libertad de expresi\u00f3n sea real. Visita nuestro medio informativo publicado desde Hermosillo, Sonora. %\" \/>\n<meta name=\"robots\" content=\"index, follow, max-snippet:-1, max-image-preview:large, max-video-preview:-1\" \/>\n<link rel=\"canonical\" href=\"https:\/\/www.sonoraenequipo.com.mx\/notas-sueltas-restringidos-como-en-francia\/\" \/>\n<meta property=\"og:locale\" content=\"es_ES\" \/>\n<meta property=\"og:type\" content=\"article\" \/>\n<meta property=\"og:title\" content=\"Sonora en Equipo. NOTAS SUELTAS. Restringidos como en Francia Voces\" \/>\n<meta property=\"og:description\" content=\"\u201cEl primer cambio geopol\u00edtico es mental e individual, es saber y aceptar que los milagros no nos devolver\u00e1n un mundo que ya no existe y que el que hay que En Sonora en Equipo publicamos toda la informaci\u00f3n de Sonora, M\u00e9xico y el Mundo de manera oportuna y busca que la libertad de expresi\u00f3n sea real. Visita nuestro medio informativo publicado desde Hermosillo, Sonora. %\" \/>\n<meta property=\"og:url\" content=\"https:\/\/www.sonoraenequipo.com.mx\/notas-sueltas-restringidos-como-en-francia\/\" \/>\n<meta property=\"og:site_name\" content=\"Sonora en Equipo.\" \/>\n<meta property=\"article:publisher\" content=\"https:\/\/www.facebook.com\/SonoraEE\/\" \/>\n<meta property=\"article:published_time\" content=\"2021-07-24T14:40:37+00:00\" \/>\n<meta property=\"article:modified_time\" content=\"2021-07-24T18:01:24+00:00\" \/>\n<meta property=\"og:image\" content=\"https:\/\/www.sonoraenequipo.com.mx\/storage\/2021\/07\/francia-medidas_opt.jpg\" \/>\n\t<meta property=\"og:image:width\" content=\"700\" \/>\n\t<meta property=\"og:image:height\" content=\"400\" \/>\n\t<meta property=\"og:image:type\" content=\"image\/jpeg\" \/>\n<meta name=\"author\" content=\"Jos\u00e9 Dar\u00edo Arredondo L\u00f3pez\" \/>\n<meta name=\"twitter:card\" content=\"summary_large_image\" \/>\n<meta name=\"twitter:creator\" content=\"@sonoraenequipo\" \/>\n<meta name=\"twitter:site\" content=\"@sonoraenequipo\" \/>\n<meta name=\"twitter:label1\" content=\"Escrito por\" \/>\n\t<meta name=\"twitter:data1\" content=\"Jos\u00e9 Dar\u00edo Arredondo L\u00f3pez\" \/>\n\t<meta name=\"twitter:label2\" content=\"Tiempo de lectura\" \/>\n\t<meta name=\"twitter:data2\" content=\"4 minutos\" \/>\n<script type=\"application\/ld+json\" class=\"yoast-schema-graph\">{\"@context\":\"https:\/\/schema.org\",\"@graph\":[{\"@type\":\"Article\",\"@id\":\"https:\/\/www.sonoraenequipo.com.mx\/notas-sueltas-restringidos-como-en-francia\/#article\",\"isPartOf\":{\"@id\":\"https:\/\/www.sonoraenequipo.com.mx\/notas-sueltas-restringidos-como-en-francia\/\"},\"author\":{\"name\":\"Jos\u00e9 Dar\u00edo Arredondo L\u00f3pez\",\"@id\":\"https:\/\/www.sonoraenequipo.com.mx\/#\/schema\/person\/b2f7d4b3e5504aad00b5aca5d6793968\"},\"headline\":\"NOTAS SUELTAS. Restringidos como en Francia\",\"datePublished\":\"2021-07-24T14:40:37+00:00\",\"dateModified\":\"2021-07-24T18:01:24+00:00\",\"mainEntityOfPage\":{\"@id\":\"https:\/\/www.sonoraenequipo.com.mx\/notas-sueltas-restringidos-como-en-francia\/\"},\"wordCount\":856,\"commentCount\":0,\"publisher\":{\"@id\":\"https:\/\/www.sonoraenequipo.com.mx\/#organization\"},\"image\":{\"@id\":\"https:\/\/www.sonoraenequipo.com.mx\/notas-sueltas-restringidos-como-en-francia\/#primaryimage\"},\"thumbnailUrl\":\"https:\/\/www.sonoraenequipo.com.mx\/storage\/2021\/07\/francia-medidas_opt.jpg\",\"articleSection\":[\"Voces\"],\"inLanguage\":\"es\",\"potentialAction\":[{\"@type\":\"CommentAction\",\"name\":\"Comment\",\"target\":[\"https:\/\/www.sonoraenequipo.com.mx\/notas-sueltas-restringidos-como-en-francia\/#respond\"]}]},{\"@type\":\"WebPage\",\"@id\":\"https:\/\/www.sonoraenequipo.com.mx\/notas-sueltas-restringidos-como-en-francia\/\",\"url\":\"https:\/\/www.sonoraenequipo.com.mx\/notas-sueltas-restringidos-como-en-francia\/\",\"name\":\"Sonora en Equipo. NOTAS SUELTAS. Restringidos como en Francia Voces\",\"isPartOf\":{\"@id\":\"https:\/\/www.sonoraenequipo.com.mx\/#website\"},\"primaryImageOfPage\":{\"@id\":\"https:\/\/www.sonoraenequipo.com.mx\/notas-sueltas-restringidos-como-en-francia\/#primaryimage\"},\"image\":{\"@id\":\"https:\/\/www.sonoraenequipo.com.mx\/notas-sueltas-restringidos-como-en-francia\/#primaryimage\"},\"thumbnailUrl\":\"https:\/\/www.sonoraenequipo.com.mx\/storage\/2021\/07\/francia-medidas_opt.jpg\",\"datePublished\":\"2021-07-24T14:40:37+00:00\",\"dateModified\":\"2021-07-24T18:01:24+00:00\",\"description\":\"\u201cEl primer cambio geopol\u00edtico es mental e individual, es saber y aceptar que los milagros no nos devolver\u00e1n un mundo que ya no existe y que el que hay que En Sonora en Equipo publicamos toda la informaci\u00f3n de Sonora, M\u00e9xico y el Mundo de manera oportuna y busca que la libertad de expresi\u00f3n sea real. Visita nuestro medio informativo publicado desde Hermosillo, Sonora. %\",\"breadcrumb\":{\"@id\":\"https:\/\/www.sonoraenequipo.com.mx\/notas-sueltas-restringidos-como-en-francia\/#breadcrumb\"},\"inLanguage\":\"es\",\"potentialAction\":[{\"@type\":\"ReadAction\",\"target\":[\"https:\/\/www.sonoraenequipo.com.mx\/notas-sueltas-restringidos-como-en-francia\/\"]}]},{\"@type\":\"ImageObject\",\"inLanguage\":\"es\",\"@id\":\"https:\/\/www.sonoraenequipo.com.mx\/notas-sueltas-restringidos-como-en-francia\/#primaryimage\",\"url\":\"https:\/\/www.sonoraenequipo.com.mx\/storage\/2021\/07\/francia-medidas_opt.jpg\",\"contentUrl\":\"https:\/\/www.sonoraenequipo.com.mx\/storage\/2021\/07\/francia-medidas_opt.jpg\",\"width\":700,\"height\":400},{\"@type\":\"BreadcrumbList\",\"@id\":\"https:\/\/www.sonoraenequipo.com.mx\/notas-sueltas-restringidos-como-en-francia\/#breadcrumb\",\"itemListElement\":[{\"@type\":\"ListItem\",\"position\":1,\"name\":\"Portada\",\"item\":\"https:\/\/www.sonoraenequipo.com.mx\/\"},{\"@type\":\"ListItem\",\"position\":2,\"name\":\"NOTAS SUELTAS. Restringidos como en Francia\"}]},{\"@type\":\"WebSite\",\"@id\":\"https:\/\/www.sonoraenequipo.com.mx\/#website\",\"url\":\"https:\/\/www.sonoraenequipo.com.mx\/\",\"name\":\"Sonora en Equipo.\",\"description\":\"Diario en l\u00ednea con Noticias desde Hermosillo, Sonora\",\"publisher\":{\"@id\":\"https:\/\/www.sonoraenequipo.com.mx\/#organization\"},\"potentialAction\":[{\"@type\":\"SearchAction\",\"target\":{\"@type\":\"EntryPoint\",\"urlTemplate\":\"https:\/\/www.sonoraenequipo.com.mx\/?s={search_term_string}\"},\"query-input\":{\"@type\":\"PropertyValueSpecification\",\"valueRequired\":true,\"valueName\":\"search_term_string\"}}],\"inLanguage\":\"es\"},{\"@type\":\"Organization\",\"@id\":\"https:\/\/www.sonoraenequipo.com.mx\/#organization\",\"name\":\"Sonoraenequipo.com.mx\",\"url\":\"https:\/\/www.sonoraenequipo.com.mx\/\",\"logo\":{\"@type\":\"ImageObject\",\"inLanguage\":\"es\",\"@id\":\"https:\/\/www.sonoraenequipo.com.mx\/#\/schema\/logo\/image\/\",\"url\":\"https:\/\/www.sonoraenequipo.com.mx\/storage\/2019\/01\/sonoraenequipo_opt.png\",\"contentUrl\":\"https:\/\/www.sonoraenequipo.com.mx\/storage\/2019\/01\/sonoraenequipo_opt.png\",\"width\":375,\"height\":125,\"caption\":\"Sonoraenequipo.com.mx\"},\"image\":{\"@id\":\"https:\/\/www.sonoraenequipo.com.mx\/#\/schema\/logo\/image\/\"},\"sameAs\":[\"https:\/\/www.facebook.com\/SonoraEE\/\",\"https:\/\/x.com\/sonoraenequipo\",\"https:\/\/www.youtube.com\/channel\/UC338nW-lPEYmJQs4ZABQ1SQ\"]},{\"@type\":\"Person\",\"@id\":\"https:\/\/www.sonoraenequipo.com.mx\/#\/schema\/person\/b2f7d4b3e5504aad00b5aca5d6793968\",\"name\":\"Jos\u00e9 Dar\u00edo Arredondo L\u00f3pez\",\"image\":{\"@type\":\"ImageObject\",\"inLanguage\":\"es\",\"@id\":\"https:\/\/www.sonoraenequipo.com.mx\/#\/schema\/person\/image\/\",\"url\":\"https:\/\/secure.gravatar.com\/avatar\/f2045d0fa3f125a8f9d8560826b10fdcf77b66c7124667565c680e91be13a925?s=96&d=blank&r=g\",\"contentUrl\":\"https:\/\/secure.gravatar.com\/avatar\/f2045d0fa3f125a8f9d8560826b10fdcf77b66c7124667565c680e91be13a925?s=96&d=blank&r=g\",\"caption\":\"Jos\u00e9 Dar\u00edo Arredondo L\u00f3pez\"},\"sameAs\":[\"http:\/\/sonoraenequipo.com.mx\"]}]}<\/script>\n ","yoast_head_json":{"title":"Sonora en Equipo. NOTAS SUELTAS. Restringidos como en Francia Voces","description":"\u201cEl primer cambio geopol\u00edtico es mental e individual, es saber y aceptar que los milagros no nos devolver\u00e1n un mundo que ya no existe y que el que hay que En Sonora en Equipo publicamos toda la informaci\u00f3n de Sonora, M\u00e9xico y el Mundo de manera oportuna y busca que la libertad de expresi\u00f3n sea real. Visita nuestro medio informativo publicado desde Hermosillo, Sonora. %","robots":{"index":"index","follow":"follow","max-snippet":"max-snippet:-1","max-image-preview":"max-image-preview:large","max-video-preview":"max-video-preview:-1"},"canonical":"https:\/\/www.sonoraenequipo.com.mx\/notas-sueltas-restringidos-como-en-francia\/","og_locale":"es_ES","og_type":"article","og_title":"Sonora en Equipo. NOTAS SUELTAS. Restringidos como en Francia Voces","og_description":"\u201cEl primer cambio geopol\u00edtico es mental e individual, es saber y aceptar que los milagros no nos devolver\u00e1n un mundo que ya no existe y que el que hay que En Sonora en Equipo publicamos toda la informaci\u00f3n de Sonora, M\u00e9xico y el Mundo de manera oportuna y busca que la libertad de expresi\u00f3n sea real. Visita nuestro medio informativo publicado desde Hermosillo, Sonora. %","og_url":"https:\/\/www.sonoraenequipo.com.mx\/notas-sueltas-restringidos-como-en-francia\/","og_site_name":"Sonora en Equipo.","article_publisher":"https:\/\/www.facebook.com\/SonoraEE\/","article_published_time":"2021-07-24T14:40:37+00:00","article_modified_time":"2021-07-24T18:01:24+00:00","og_image":[{"width":700,"height":400,"url":"https:\/\/www.sonoraenequipo.com.mx\/storage\/2021\/07\/francia-medidas_opt.jpg","type":"image\/jpeg"}],"author":"Jos\u00e9 Dar\u00edo Arredondo L\u00f3pez","twitter_card":"summary_large_image","twitter_creator":"@sonoraenequipo","twitter_site":"@sonoraenequipo","twitter_misc":{"Escrito por":"Jos\u00e9 Dar\u00edo Arredondo L\u00f3pez","Tiempo de lectura":"4 minutos"},"schema":{"@context":"https:\/\/schema.org","@graph":[{"@type":"Article","@id":"https:\/\/www.sonoraenequipo.com.mx\/notas-sueltas-restringidos-como-en-francia\/#article","isPartOf":{"@id":"https:\/\/www.sonoraenequipo.com.mx\/notas-sueltas-restringidos-como-en-francia\/"},"author":{"name":"Jos\u00e9 Dar\u00edo Arredondo L\u00f3pez","@id":"https:\/\/www.sonoraenequipo.com.mx\/#\/schema\/person\/b2f7d4b3e5504aad00b5aca5d6793968"},"headline":"NOTAS SUELTAS. Restringidos como en Francia","datePublished":"2021-07-24T14:40:37+00:00","dateModified":"2021-07-24T18:01:24+00:00","mainEntityOfPage":{"@id":"https:\/\/www.sonoraenequipo.com.mx\/notas-sueltas-restringidos-como-en-francia\/"},"wordCount":856,"commentCount":0,"publisher":{"@id":"https:\/\/www.sonoraenequipo.com.mx\/#organization"},"image":{"@id":"https:\/\/www.sonoraenequipo.com.mx\/notas-sueltas-restringidos-como-en-francia\/#primaryimage"},"thumbnailUrl":"https:\/\/www.sonoraenequipo.com.mx\/storage\/2021\/07\/francia-medidas_opt.jpg","articleSection":["Voces"],"inLanguage":"es","potentialAction":[{"@type":"CommentAction","name":"Comment","target":["https:\/\/www.sonoraenequipo.com.mx\/notas-sueltas-restringidos-como-en-francia\/#respond"]}]},{"@type":"WebPage","@id":"https:\/\/www.sonoraenequipo.com.mx\/notas-sueltas-restringidos-como-en-francia\/","url":"https:\/\/www.sonoraenequipo.com.mx\/notas-sueltas-restringidos-como-en-francia\/","name":"Sonora en Equipo. NOTAS SUELTAS. Restringidos como en Francia Voces","isPartOf":{"@id":"https:\/\/www.sonoraenequipo.com.mx\/#website"},"primaryImageOfPage":{"@id":"https:\/\/www.sonoraenequipo.com.mx\/notas-sueltas-restringidos-como-en-francia\/#primaryimage"},"image":{"@id":"https:\/\/www.sonoraenequipo.com.mx\/notas-sueltas-restringidos-como-en-francia\/#primaryimage"},"thumbnailUrl":"https:\/\/www.sonoraenequipo.com.mx\/storage\/2021\/07\/francia-medidas_opt.jpg","datePublished":"2021-07-24T14:40:37+00:00","dateModified":"2021-07-24T18:01:24+00:00","description":"\u201cEl primer cambio geopol\u00edtico es mental e individual, es saber y aceptar que los milagros no nos devolver\u00e1n un mundo que ya no existe y que el que hay que En Sonora en Equipo publicamos toda la informaci\u00f3n de Sonora, M\u00e9xico y el Mundo de manera oportuna y busca que la libertad de expresi\u00f3n sea real. Visita nuestro medio informativo publicado desde Hermosillo, Sonora. %","breadcrumb":{"@id":"https:\/\/www.sonoraenequipo.com.mx\/notas-sueltas-restringidos-como-en-francia\/#breadcrumb"},"inLanguage":"es","potentialAction":[{"@type":"ReadAction","target":["https:\/\/www.sonoraenequipo.com.mx\/notas-sueltas-restringidos-como-en-francia\/"]}]},{"@type":"ImageObject","inLanguage":"es","@id":"https:\/\/www.sonoraenequipo.com.mx\/notas-sueltas-restringidos-como-en-francia\/#primaryimage","url":"https:\/\/www.sonoraenequipo.com.mx\/storage\/2021\/07\/francia-medidas_opt.jpg","contentUrl":"https:\/\/www.sonoraenequipo.com.mx\/storage\/2021\/07\/francia-medidas_opt.jpg","width":700,"height":400},{"@type":"BreadcrumbList","@id":"https:\/\/www.sonoraenequipo.com.mx\/notas-sueltas-restringidos-como-en-francia\/#breadcrumb","itemListElement":[{"@type":"ListItem","position":1,"name":"Portada","item":"https:\/\/www.sonoraenequipo.com.mx\/"},{"@type":"ListItem","position":2,"name":"NOTAS SUELTAS. Restringidos como en Francia"}]},{"@type":"WebSite","@id":"https:\/\/www.sonoraenequipo.com.mx\/#website","url":"https:\/\/www.sonoraenequipo.com.mx\/","name":"Sonora en Equipo.","description":"Diario en l\u00ednea con Noticias desde Hermosillo, Sonora","publisher":{"@id":"https:\/\/www.sonoraenequipo.com.mx\/#organization"},"potentialAction":[{"@type":"SearchAction","target":{"@type":"EntryPoint","urlTemplate":"https:\/\/www.sonoraenequipo.com.mx\/?s={search_term_string}"},"query-input":{"@type":"PropertyValueSpecification","valueRequired":true,"valueName":"search_term_string"}}],"inLanguage":"es"},{"@type":"Organization","@id":"https:\/\/www.sonoraenequipo.com.mx\/#organization","name":"Sonoraenequipo.com.mx","url":"https:\/\/www.sonoraenequipo.com.mx\/","logo":{"@type":"ImageObject","inLanguage":"es","@id":"https:\/\/www.sonoraenequipo.com.mx\/#\/schema\/logo\/image\/","url":"https:\/\/www.sonoraenequipo.com.mx\/storage\/2019\/01\/sonoraenequipo_opt.png","contentUrl":"https:\/\/www.sonoraenequipo.com.mx\/storage\/2019\/01\/sonoraenequipo_opt.png","width":375,"height":125,"caption":"Sonoraenequipo.com.mx"},"image":{"@id":"https:\/\/www.sonoraenequipo.com.mx\/#\/schema\/logo\/image\/"},"sameAs":["https:\/\/www.facebook.com\/SonoraEE\/","https:\/\/x.com\/sonoraenequipo","https:\/\/www.youtube.com\/channel\/UC338nW-lPEYmJQs4ZABQ1SQ"]},{"@type":"Person","@id":"https:\/\/www.sonoraenequipo.com.mx\/#\/schema\/person\/b2f7d4b3e5504aad00b5aca5d6793968","name":"Jos\u00e9 Dar\u00edo Arredondo L\u00f3pez","image":{"@type":"ImageObject","inLanguage":"es","@id":"https:\/\/www.sonoraenequipo.com.mx\/#\/schema\/person\/image\/","url":"https:\/\/secure.gravatar.com\/avatar\/f2045d0fa3f125a8f9d8560826b10fdcf77b66c7124667565c680e91be13a925?s=96&d=blank&r=g","contentUrl":"https:\/\/secure.gravatar.com\/avatar\/f2045d0fa3f125a8f9d8560826b10fdcf77b66c7124667565c680e91be13a925?s=96&d=blank&r=g","caption":"Jos\u00e9 Dar\u00edo Arredondo L\u00f3pez"},"sameAs":["http:\/\/sonoraenequipo.com.mx"]}]}},"jetpack_featured_media_url":"https:\/\/www.sonoraenequipo.com.mx\/storage\/2021\/07\/francia-medidas_opt.jpg","_links":{"self":[{"href":"https:\/\/www.sonoraenequipo.com.mx\/api\/wp\/v2\/posts\/118977","targetHints":{"allow":["GET"]}}],"collection":[{"href":"https:\/\/www.sonoraenequipo.com.mx\/api\/wp\/v2\/posts"}],"about":[{"href":"https:\/\/www.sonoraenequipo.com.mx\/api\/wp\/v2\/types\/post"}],"author":[{"embeddable":true,"href":"https:\/\/www.sonoraenequipo.com.mx\/api\/wp\/v2\/users\/8"}],"replies":[{"embeddable":true,"href":"https:\/\/www.sonoraenequipo.com.mx\/api\/wp\/v2\/comments?post=118977"}],"version-history":[{"count":2,"href":"https:\/\/www.sonoraenequipo.com.mx\/api\/wp\/v2\/posts\/118977\/revisions"}],"predecessor-version":[{"id":118981,"href":"https:\/\/www.sonoraenequipo.com.mx\/api\/wp\/v2\/posts\/118977\/revisions\/118981"}],"wp:featuredmedia":[{"embeddable":true,"href":"https:\/\/www.sonoraenequipo.com.mx\/api\/wp\/v2\/media\/118979"}],"wp:attachment":[{"href":"https:\/\/www.sonoraenequipo.com.mx\/api\/wp\/v2\/media?parent=118977"}],"wp:term":[{"taxonomy":"category","embeddable":true,"href":"https:\/\/www.sonoraenequipo.com.mx\/api\/wp\/v2\/categories?post=118977"},{"taxonomy":"post_tag","embeddable":true,"href":"https:\/\/www.sonoraenequipo.com.mx\/api\/wp\/v2\/tags?post=118977"}],"curies":[{"name":"wp","href":"https:\/\/api.w.org\/{rel}","templated":true}]}}