{"id":118993,"date":"2021-07-23T22:00:36","date_gmt":"2021-07-24T05:00:36","guid":{"rendered":"https:\/\/www.sonoraenequipo.com.mx\/?p=118993"},"modified":"2021-07-24T11:47:52","modified_gmt":"2021-07-24T18:47:52","slug":"regresa-el-rojo-al-semaforo-covid-19-ya-solo-hay-tres-estados-en-verde","status":"publish","type":"post","link":"https:\/\/www.sonoraenequipo.com.mx\/regresa-el-rojo-al-semaforo-covid-19-ya-solo-hay-tres-estados-en-verde\/","title":{"rendered":"Regresa el rojo al sem\u00e1foro covid-19: ya solo hay tres estados en verde"},"content":{"rendered":"<p>CIUDAD DE M\u00c9XICO.MX. \u2014 La Secretar\u00eda de Salud actualiz\u00f3 el Sem\u00e1foro Epidemiol\u00f3gico Nacional de COVID-19, destacando que a partir del pr\u00f3ximo lunes 26 de julio, M\u00e9xico tendr\u00e1 nuevamente un estado en color rojo, mientras que solo tres permanecer\u00e1n en verde.<\/p>\n<p>&nbsp;<\/p>\n<p> <\/p>\n<p>De acuerdo con la dependencia, hay 13 entidades federativas en color naranja, mientras que 15 permanecer\u00e1n en color amarillo.<\/p>\n<p>&nbsp;<\/p>\n<p>Sinaloa es la entidad que regresa a sem\u00e1foro color rojo, es decir, que registra un nivel de riesgo m\u00e1ximo de contagio.<\/p>\n<p>&nbsp;<\/p>\n<p>Las entidades que se encuentran en color naranja debido a que presentan un riesgo alto de transmisi\u00f3n del virus, son: Baja California Sur, Ciudad de M\u00e9xico, Colima, Estado de M\u00e9xico, Guerrero, Hidalgo, Jalisco, Nayarit, Nuevo Le\u00f3n, Oaxaca, Quintana Roo, Tamaulipas y Veracruz<\/p>\n<p>&nbsp;<\/p>\n<p>En sem\u00e1foro amarillo hay 15 estados, mismos que registran un riesgo medio de contagio: Baja California, Campeche,Chihuahua, Durango, Guanajuato, Michoac\u00e1n, Morelos, Nuevo Le\u00f3n, Puebla, Quer\u00e9taro, San Luis Potos\u00ed, Sonora, Tabasco, Tlaxcala, Yucat\u00e1n y Zacatecas<\/p>\n<p>&nbsp;<\/p>\n<p>Y en color verde, es decir, aquellas entidades que se mantienen con un riesgo bajo de contagio de coronavirus, son 3: Aguascalientes, Chiapas y Coahuila.<\/p>\n<p>&nbsp;<\/p>\n<p>M\u00e9xico sum\u00f3 este viernes 16 mil 421 nuevos casos de Covid-19 en las \u00faltimas 24 horas, la cifra m\u00e1s alta desde el 28 de enero, con lo que suman 2 millones 726 mil 160 contagios en total.<\/p>\n<p>&nbsp;<\/p>\n<p>Adem\u00e1s, se reportaron 328 nuevas muertes, para un acumulado de 237 mil 954 decesos en el pa\u00eds.<\/p>\n<p>&nbsp;<\/p>\n<p>(Publicada el 23\/07\/2021)<\/p>\n","protected":false},"excerpt":{"rendered":"<p>CIUDAD DE M\u00c9XICO.MX. \u2014 La Secretar\u00eda de Salud actualiz\u00f3 el Sem\u00e1foro Epidemiol\u00f3gico Nacional de COVID-19,&#8230;<\/p>\n","protected":false},"author":1,"featured_media":118991,"comment_status":"open","ping_status":"open","sticky":false,"template":"","format":"standard","meta":{"_monsterinsights_skip_tracking":false,"_monsterinsights_sitenote_active":false,"_monsterinsights_sitenote_note":"","_monsterinsights_sitenote_category":0,"footnotes":""},"categories":[5],"tags":[],"class_list":["post"],"yoast_head":" \n<title>Sonora en Equipo. Regresa el rojo al sem\u00e1foro covid-19: ya solo hay tres estados en verde Rep\u00fablica<\/title>\n<meta name=\"description\" content=\"CIUDAD DE M\u00c9XICO.MX. \u2014 La Secretar\u00eda de Salud actualiz\u00f3 el Sem\u00e1foro Epidemiol\u00f3gico Nacional de COVID-19, destacando que a partir del pr\u00f3ximo lunes 26 de En Sonora en Equipo publicamos toda la informaci\u00f3n de Sonora, M\u00e9xico y el Mundo de manera oportuna y busca que la libertad de expresi\u00f3n sea real. Visita nuestro medio informativo publicado desde Hermosillo, Sonora. %\" \/>\n<meta name=\"robots\" content=\"index, follow, max-snippet:-1, max-image-preview:large, max-video-preview:-1\" \/>\n<link rel=\"canonical\" href=\"https:\/\/www.sonoraenequipo.com.mx\/regresa-el-rojo-al-semaforo-covid-19-ya-solo-hay-tres-estados-en-verde\/\" \/>\n<meta property=\"og:locale\" content=\"es_ES\" \/>\n<meta property=\"og:type\" content=\"article\" \/>\n<meta property=\"og:title\" content=\"Sonora en Equipo. Regresa el rojo al sem\u00e1foro covid-19: ya solo hay tres estados en verde Rep\u00fablica\" \/>\n<meta property=\"og:description\" content=\"CIUDAD DE M\u00c9XICO.MX. \u2014 La Secretar\u00eda de Salud actualiz\u00f3 el Sem\u00e1foro Epidemiol\u00f3gico Nacional de COVID-19, destacando que a partir del pr\u00f3ximo lunes 26 de En Sonora en Equipo publicamos toda la informaci\u00f3n de Sonora, M\u00e9xico y el Mundo de manera oportuna y busca que la libertad de expresi\u00f3n sea real. Visita nuestro medio informativo publicado desde Hermosillo, Sonora. %\" \/>\n<meta property=\"og:url\" content=\"https:\/\/www.sonoraenequipo.com.mx\/regresa-el-rojo-al-semaforo-covid-19-ya-solo-hay-tres-estados-en-verde\/\" \/>\n<meta property=\"og:site_name\" content=\"Sonora en Equipo.\" \/>\n<meta property=\"article:publisher\" content=\"https:\/\/www.facebook.com\/SonoraEE\/\" \/>\n<meta property=\"article:author\" content=\"https:\/\/www.facebook.com\/SonoraEE\" \/>\n<meta property=\"article:published_time\" content=\"2021-07-24T05:00:36+00:00\" \/>\n<meta property=\"article:modified_time\" content=\"2021-07-24T18:47:52+00:00\" \/>\n<meta property=\"og:image\" content=\"https:\/\/www.sonoraenequipo.com.mx\/storage\/2021\/07\/Mapa-covid_opt.jpg\" \/>\n\t<meta property=\"og:image:width\" content=\"700\" \/>\n\t<meta property=\"og:image:height\" content=\"400\" \/>\n\t<meta property=\"og:image:type\" content=\"image\/jpeg\" \/>\n<meta name=\"author\" content=\"enequipo\" \/>\n<meta name=\"twitter:card\" content=\"summary_large_image\" \/>\n<meta name=\"twitter:creator\" content=\"@sonoraenequipo\" \/>\n<meta name=\"twitter:site\" content=\"@sonoraenequipo\" \/>\n<meta name=\"twitter:label1\" content=\"Escrito por\" \/>\n\t<meta name=\"twitter:data1\" content=\"enequipo\" \/>\n\t<meta name=\"twitter:label2\" content=\"Tiempo de lectura\" \/>\n\t<meta name=\"twitter:data2\" content=\"2 minutos\" \/>\n<script type=\"application\/ld+json\" class=\"yoast-schema-graph\">{\"@context\":\"https:\/\/schema.org\",\"@graph\":[{\"@type\":\"Article\",\"@id\":\"https:\/\/www.sonoraenequipo.com.mx\/regresa-el-rojo-al-semaforo-covid-19-ya-solo-hay-tres-estados-en-verde\/#article\",\"isPartOf\":{\"@id\":\"https:\/\/www.sonoraenequipo.com.mx\/regresa-el-rojo-al-semaforo-covid-19-ya-solo-hay-tres-estados-en-verde\/\"},\"author\":{\"name\":\"enequipo\",\"@id\":\"https:\/\/www.sonoraenequipo.com.mx\/#\/schema\/person\/50102df0fb23a8fa9e8effad8fa81386\"},\"headline\":\"Regresa el rojo al sem\u00e1foro covid-19: ya solo hay tres estados en verde\",\"datePublished\":\"2021-07-24T05:00:36+00:00\",\"dateModified\":\"2021-07-24T18:47:52+00:00\",\"mainEntityOfPage\":{\"@id\":\"https:\/\/www.sonoraenequipo.com.mx\/regresa-el-rojo-al-semaforo-covid-19-ya-solo-hay-tres-estados-en-verde\/\"},\"wordCount\":268,\"commentCount\":0,\"publisher\":{\"@id\":\"https:\/\/www.sonoraenequipo.com.mx\/#organization\"},\"image\":{\"@id\":\"https:\/\/www.sonoraenequipo.com.mx\/regresa-el-rojo-al-semaforo-covid-19-ya-solo-hay-tres-estados-en-verde\/#primaryimage\"},\"thumbnailUrl\":\"https:\/\/www.sonoraenequipo.com.mx\/storage\/2021\/07\/Mapa-covid_opt.jpg\",\"articleSection\":[\"Rep\u00fablica\"],\"inLanguage\":\"es\",\"potentialAction\":[{\"@type\":\"CommentAction\",\"name\":\"Comment\",\"target\":[\"https:\/\/www.sonoraenequipo.com.mx\/regresa-el-rojo-al-semaforo-covid-19-ya-solo-hay-tres-estados-en-verde\/#respond\"]}]},{\"@type\":\"WebPage\",\"@id\":\"https:\/\/www.sonoraenequipo.com.mx\/regresa-el-rojo-al-semaforo-covid-19-ya-solo-hay-tres-estados-en-verde\/\",\"url\":\"https:\/\/www.sonoraenequipo.com.mx\/regresa-el-rojo-al-semaforo-covid-19-ya-solo-hay-tres-estados-en-verde\/\",\"name\":\"Sonora en Equipo. Regresa el rojo al sem\u00e1foro covid-19: ya solo hay tres estados en verde Rep\u00fablica\",\"isPartOf\":{\"@id\":\"https:\/\/www.sonoraenequipo.com.mx\/#website\"},\"primaryImageOfPage\":{\"@id\":\"https:\/\/www.sonoraenequipo.com.mx\/regresa-el-rojo-al-semaforo-covid-19-ya-solo-hay-tres-estados-en-verde\/#primaryimage\"},\"image\":{\"@id\":\"https:\/\/www.sonoraenequipo.com.mx\/regresa-el-rojo-al-semaforo-covid-19-ya-solo-hay-tres-estados-en-verde\/#primaryimage\"},\"thumbnailUrl\":\"https:\/\/www.sonoraenequipo.com.mx\/storage\/2021\/07\/Mapa-covid_opt.jpg\",\"datePublished\":\"2021-07-24T05:00:36+00:00\",\"dateModified\":\"2021-07-24T18:47:52+00:00\",\"description\":\"CIUDAD DE M\u00c9XICO.MX. \u2014 La Secretar\u00eda de Salud actualiz\u00f3 el Sem\u00e1foro Epidemiol\u00f3gico Nacional de COVID-19, destacando que a partir del pr\u00f3ximo lunes 26 de En Sonora en Equipo publicamos toda la informaci\u00f3n de Sonora, M\u00e9xico y el Mundo de manera oportuna y busca que la libertad de expresi\u00f3n sea real. Visita nuestro medio informativo publicado desde Hermosillo, Sonora. %\",\"breadcrumb\":{\"@id\":\"https:\/\/www.sonoraenequipo.com.mx\/regresa-el-rojo-al-semaforo-covid-19-ya-solo-hay-tres-estados-en-verde\/#breadcrumb\"},\"inLanguage\":\"es\",\"potentialAction\":[{\"@type\":\"ReadAction\",\"target\":[\"https:\/\/www.sonoraenequipo.com.mx\/regresa-el-rojo-al-semaforo-covid-19-ya-solo-hay-tres-estados-en-verde\/\"]}]},{\"@type\":\"ImageObject\",\"inLanguage\":\"es\",\"@id\":\"https:\/\/www.sonoraenequipo.com.mx\/regresa-el-rojo-al-semaforo-covid-19-ya-solo-hay-tres-estados-en-verde\/#primaryimage\",\"url\":\"https:\/\/www.sonoraenequipo.com.mx\/storage\/2021\/07\/Mapa-covid_opt.jpg\",\"contentUrl\":\"https:\/\/www.sonoraenequipo.com.mx\/storage\/2021\/07\/Mapa-covid_opt.jpg\",\"width\":700,\"height\":400},{\"@type\":\"BreadcrumbList\",\"@id\":\"https:\/\/www.sonoraenequipo.com.mx\/regresa-el-rojo-al-semaforo-covid-19-ya-solo-hay-tres-estados-en-verde\/#breadcrumb\",\"itemListElement\":[{\"@type\":\"ListItem\",\"position\":1,\"name\":\"Portada\",\"item\":\"https:\/\/www.sonoraenequipo.com.mx\/\"},{\"@type\":\"ListItem\",\"position\":2,\"name\":\"Regresa el rojo al sem\u00e1foro covid-19: ya solo hay tres estados en verde\"}]},{\"@type\":\"WebSite\",\"@id\":\"https:\/\/www.sonoraenequipo.com.mx\/#website\",\"url\":\"https:\/\/www.sonoraenequipo.com.mx\/\",\"name\":\"Sonora en Equipo.\",\"description\":\"Diario en l\u00ednea con Noticias desde Hermosillo, Sonora\",\"publisher\":{\"@id\":\"https:\/\/www.sonoraenequipo.com.mx\/#organization\"},\"potentialAction\":[{\"@type\":\"SearchAction\",\"target\":{\"@type\":\"EntryPoint\",\"urlTemplate\":\"https:\/\/www.sonoraenequipo.com.mx\/?s={search_term_string}\"},\"query-input\":{\"@type\":\"PropertyValueSpecification\",\"valueRequired\":true,\"valueName\":\"search_term_string\"}}],\"inLanguage\":\"es\"},{\"@type\":\"Organization\",\"@id\":\"https:\/\/www.sonoraenequipo.com.mx\/#organization\",\"name\":\"Sonoraenequipo.com.mx\",\"url\":\"https:\/\/www.sonoraenequipo.com.mx\/\",\"logo\":{\"@type\":\"ImageObject\",\"inLanguage\":\"es\",\"@id\":\"https:\/\/www.sonoraenequipo.com.mx\/#\/schema\/logo\/image\/\",\"url\":\"https:\/\/www.sonoraenequipo.com.mx\/storage\/2019\/01\/sonoraenequipo_opt.png\",\"contentUrl\":\"https:\/\/www.sonoraenequipo.com.mx\/storage\/2019\/01\/sonoraenequipo_opt.png\",\"width\":375,\"height\":125,\"caption\":\"Sonoraenequipo.com.mx\"},\"image\":{\"@id\":\"https:\/\/www.sonoraenequipo.com.mx\/#\/schema\/logo\/image\/\"},\"sameAs\":[\"https:\/\/www.facebook.com\/SonoraEE\/\",\"https:\/\/x.com\/sonoraenequipo\",\"https:\/\/www.youtube.com\/channel\/UC338nW-lPEYmJQs4ZABQ1SQ\"]},{\"@type\":\"Person\",\"@id\":\"https:\/\/www.sonoraenequipo.com.mx\/#\/schema\/person\/50102df0fb23a8fa9e8effad8fa81386\",\"name\":\"enequipo\",\"image\":{\"@type\":\"ImageObject\",\"inLanguage\":\"es\",\"@id\":\"https:\/\/www.sonoraenequipo.com.mx\/#\/schema\/person\/image\/\",\"url\":\"https:\/\/secure.gravatar.com\/avatar\/049821681b589dabc0bc20695993ccebb09f5b5d4d790cd9251b97faac7c652b?s=96&d=blank&r=g\",\"contentUrl\":\"https:\/\/secure.gravatar.com\/avatar\/049821681b589dabc0bc20695993ccebb09f5b5d4d790cd9251b97faac7c652b?s=96&d=blank&r=g\",\"caption\":\"enequipo\"},\"sameAs\":[\"https:\/\/www.facebook.com\/SonoraEE\"]}]}<\/script>\n ","yoast_head_json":{"title":"Sonora en Equipo. Regresa el rojo al sem\u00e1foro covid-19: ya solo hay tres estados en verde Rep\u00fablica","description":"CIUDAD DE M\u00c9XICO.MX. \u2014 La Secretar\u00eda de Salud actualiz\u00f3 el Sem\u00e1foro Epidemiol\u00f3gico Nacional de COVID-19, destacando que a partir del pr\u00f3ximo lunes 26 de En Sonora en Equipo publicamos toda la informaci\u00f3n de Sonora, M\u00e9xico y el Mundo de manera oportuna y busca que la libertad de expresi\u00f3n sea real. Visita nuestro medio informativo publicado desde Hermosillo, Sonora. %","robots":{"index":"index","follow":"follow","max-snippet":"max-snippet:-1","max-image-preview":"max-image-preview:large","max-video-preview":"max-video-preview:-1"},"canonical":"https:\/\/www.sonoraenequipo.com.mx\/regresa-el-rojo-al-semaforo-covid-19-ya-solo-hay-tres-estados-en-verde\/","og_locale":"es_ES","og_type":"article","og_title":"Sonora en Equipo. Regresa el rojo al sem\u00e1foro covid-19: ya solo hay tres estados en verde Rep\u00fablica","og_description":"CIUDAD DE M\u00c9XICO.MX. \u2014 La Secretar\u00eda de Salud actualiz\u00f3 el Sem\u00e1foro Epidemiol\u00f3gico Nacional de COVID-19, destacando que a partir del pr\u00f3ximo lunes 26 de En Sonora en Equipo publicamos toda la informaci\u00f3n de Sonora, M\u00e9xico y el Mundo de manera oportuna y busca que la libertad de expresi\u00f3n sea real. Visita nuestro medio informativo publicado desde Hermosillo, Sonora. %","og_url":"https:\/\/www.sonoraenequipo.com.mx\/regresa-el-rojo-al-semaforo-covid-19-ya-solo-hay-tres-estados-en-verde\/","og_site_name":"Sonora en Equipo.","article_publisher":"https:\/\/www.facebook.com\/SonoraEE\/","article_author":"https:\/\/www.facebook.com\/SonoraEE","article_published_time":"2021-07-24T05:00:36+00:00","article_modified_time":"2021-07-24T18:47:52+00:00","og_image":[{"width":700,"height":400,"url":"https:\/\/www.sonoraenequipo.com.mx\/storage\/2021\/07\/Mapa-covid_opt.jpg","type":"image\/jpeg"}],"author":"enequipo","twitter_card":"summary_large_image","twitter_creator":"@sonoraenequipo","twitter_site":"@sonoraenequipo","twitter_misc":{"Escrito por":"enequipo","Tiempo de lectura":"2 minutos"},"schema":{"@context":"https:\/\/schema.org","@graph":[{"@type":"Article","@id":"https:\/\/www.sonoraenequipo.com.mx\/regresa-el-rojo-al-semaforo-covid-19-ya-solo-hay-tres-estados-en-verde\/#article","isPartOf":{"@id":"https:\/\/www.sonoraenequipo.com.mx\/regresa-el-rojo-al-semaforo-covid-19-ya-solo-hay-tres-estados-en-verde\/"},"author":{"name":"enequipo","@id":"https:\/\/www.sonoraenequipo.com.mx\/#\/schema\/person\/50102df0fb23a8fa9e8effad8fa81386"},"headline":"Regresa el rojo al sem\u00e1foro covid-19: ya solo hay tres estados en verde","datePublished":"2021-07-24T05:00:36+00:00","dateModified":"2021-07-24T18:47:52+00:00","mainEntityOfPage":{"@id":"https:\/\/www.sonoraenequipo.com.mx\/regresa-el-rojo-al-semaforo-covid-19-ya-solo-hay-tres-estados-en-verde\/"},"wordCount":268,"commentCount":0,"publisher":{"@id":"https:\/\/www.sonoraenequipo.com.mx\/#organization"},"image":{"@id":"https:\/\/www.sonoraenequipo.com.mx\/regresa-el-rojo-al-semaforo-covid-19-ya-solo-hay-tres-estados-en-verde\/#primaryimage"},"thumbnailUrl":"https:\/\/www.sonoraenequipo.com.mx\/storage\/2021\/07\/Mapa-covid_opt.jpg","articleSection":["Rep\u00fablica"],"inLanguage":"es","potentialAction":[{"@type":"CommentAction","name":"Comment","target":["https:\/\/www.sonoraenequipo.com.mx\/regresa-el-rojo-al-semaforo-covid-19-ya-solo-hay-tres-estados-en-verde\/#respond"]}]},{"@type":"WebPage","@id":"https:\/\/www.sonoraenequipo.com.mx\/regresa-el-rojo-al-semaforo-covid-19-ya-solo-hay-tres-estados-en-verde\/","url":"https:\/\/www.sonoraenequipo.com.mx\/regresa-el-rojo-al-semaforo-covid-19-ya-solo-hay-tres-estados-en-verde\/","name":"Sonora en Equipo. Regresa el rojo al sem\u00e1foro covid-19: ya solo hay tres estados en verde Rep\u00fablica","isPartOf":{"@id":"https:\/\/www.sonoraenequipo.com.mx\/#website"},"primaryImageOfPage":{"@id":"https:\/\/www.sonoraenequipo.com.mx\/regresa-el-rojo-al-semaforo-covid-19-ya-solo-hay-tres-estados-en-verde\/#primaryimage"},"image":{"@id":"https:\/\/www.sonoraenequipo.com.mx\/regresa-el-rojo-al-semaforo-covid-19-ya-solo-hay-tres-estados-en-verde\/#primaryimage"},"thumbnailUrl":"https:\/\/www.sonoraenequipo.com.mx\/storage\/2021\/07\/Mapa-covid_opt.jpg","datePublished":"2021-07-24T05:00:36+00:00","dateModified":"2021-07-24T18:47:52+00:00","description":"CIUDAD DE M\u00c9XICO.MX. \u2014 La Secretar\u00eda de Salud actualiz\u00f3 el Sem\u00e1foro Epidemiol\u00f3gico Nacional de COVID-19, destacando que a partir del pr\u00f3ximo lunes 26 de En Sonora en Equipo publicamos toda la informaci\u00f3n de Sonora, M\u00e9xico y el Mundo de manera oportuna y busca que la libertad de expresi\u00f3n sea real. Visita nuestro medio informativo publicado desde Hermosillo, Sonora. %","breadcrumb":{"@id":"https:\/\/www.sonoraenequipo.com.mx\/regresa-el-rojo-al-semaforo-covid-19-ya-solo-hay-tres-estados-en-verde\/#breadcrumb"},"inLanguage":"es","potentialAction":[{"@type":"ReadAction","target":["https:\/\/www.sonoraenequipo.com.mx\/regresa-el-rojo-al-semaforo-covid-19-ya-solo-hay-tres-estados-en-verde\/"]}]},{"@type":"ImageObject","inLanguage":"es","@id":"https:\/\/www.sonoraenequipo.com.mx\/regresa-el-rojo-al-semaforo-covid-19-ya-solo-hay-tres-estados-en-verde\/#primaryimage","url":"https:\/\/www.sonoraenequipo.com.mx\/storage\/2021\/07\/Mapa-covid_opt.jpg","contentUrl":"https:\/\/www.sonoraenequipo.com.mx\/storage\/2021\/07\/Mapa-covid_opt.jpg","width":700,"height":400},{"@type":"BreadcrumbList","@id":"https:\/\/www.sonoraenequipo.com.mx\/regresa-el-rojo-al-semaforo-covid-19-ya-solo-hay-tres-estados-en-verde\/#breadcrumb","itemListElement":[{"@type":"ListItem","position":1,"name":"Portada","item":"https:\/\/www.sonoraenequipo.com.mx\/"},{"@type":"ListItem","position":2,"name":"Regresa el rojo al sem\u00e1foro covid-19: ya solo hay tres estados en verde"}]},{"@type":"WebSite","@id":"https:\/\/www.sonoraenequipo.com.mx\/#website","url":"https:\/\/www.sonoraenequipo.com.mx\/","name":"Sonora en Equipo.","description":"Diario en l\u00ednea con Noticias desde Hermosillo, Sonora","publisher":{"@id":"https:\/\/www.sonoraenequipo.com.mx\/#organization"},"potentialAction":[{"@type":"SearchAction","target":{"@type":"EntryPoint","urlTemplate":"https:\/\/www.sonoraenequipo.com.mx\/?s={search_term_string}"},"query-input":{"@type":"PropertyValueSpecification","valueRequired":true,"valueName":"search_term_string"}}],"inLanguage":"es"},{"@type":"Organization","@id":"https:\/\/www.sonoraenequipo.com.mx\/#organization","name":"Sonoraenequipo.com.mx","url":"https:\/\/www.sonoraenequipo.com.mx\/","logo":{"@type":"ImageObject","inLanguage":"es","@id":"https:\/\/www.sonoraenequipo.com.mx\/#\/schema\/logo\/image\/","url":"https:\/\/www.sonoraenequipo.com.mx\/storage\/2019\/01\/sonoraenequipo_opt.png","contentUrl":"https:\/\/www.sonoraenequipo.com.mx\/storage\/2019\/01\/sonoraenequipo_opt.png","width":375,"height":125,"caption":"Sonoraenequipo.com.mx"},"image":{"@id":"https:\/\/www.sonoraenequipo.com.mx\/#\/schema\/logo\/image\/"},"sameAs":["https:\/\/www.facebook.com\/SonoraEE\/","https:\/\/x.com\/sonoraenequipo","https:\/\/www.youtube.com\/channel\/UC338nW-lPEYmJQs4ZABQ1SQ"]},{"@type":"Person","@id":"https:\/\/www.sonoraenequipo.com.mx\/#\/schema\/person\/50102df0fb23a8fa9e8effad8fa81386","name":"enequipo","image":{"@type":"ImageObject","inLanguage":"es","@id":"https:\/\/www.sonoraenequipo.com.mx\/#\/schema\/person\/image\/","url":"https:\/\/secure.gravatar.com\/avatar\/049821681b589dabc0bc20695993ccebb09f5b5d4d790cd9251b97faac7c652b?s=96&d=blank&r=g","contentUrl":"https:\/\/secure.gravatar.com\/avatar\/049821681b589dabc0bc20695993ccebb09f5b5d4d790cd9251b97faac7c652b?s=96&d=blank&r=g","caption":"enequipo"},"sameAs":["https:\/\/www.facebook.com\/SonoraEE"]}]}},"jetpack_featured_media_url":"https:\/\/www.sonoraenequipo.com.mx\/storage\/2021\/07\/Mapa-covid_opt.jpg","_links":{"self":[{"href":"https:\/\/www.sonoraenequipo.com.mx\/api\/wp\/v2\/posts\/118993","targetHints":{"allow":["GET"]}}],"collection":[{"href":"https:\/\/www.sonoraenequipo.com.mx\/api\/wp\/v2\/posts"}],"about":[{"href":"https:\/\/www.sonoraenequipo.com.mx\/api\/wp\/v2\/types\/post"}],"author":[{"embeddable":true,"href":"https:\/\/www.sonoraenequipo.com.mx\/api\/wp\/v2\/users\/1"}],"replies":[{"embeddable":true,"href":"https:\/\/www.sonoraenequipo.com.mx\/api\/wp\/v2\/comments?post=118993"}],"version-history":[{"count":1,"href":"https:\/\/www.sonoraenequipo.com.mx\/api\/wp\/v2\/posts\/118993\/revisions"}],"predecessor-version":[{"id":118994,"href":"https:\/\/www.sonoraenequipo.com.mx\/api\/wp\/v2\/posts\/118993\/revisions\/118994"}],"wp:featuredmedia":[{"embeddable":true,"href":"https:\/\/www.sonoraenequipo.com.mx\/api\/wp\/v2\/media\/118991"}],"wp:attachment":[{"href":"https:\/\/www.sonoraenequipo.com.mx\/api\/wp\/v2\/media?parent=118993"}],"wp:term":[{"taxonomy":"category","embeddable":true,"href":"https:\/\/www.sonoraenequipo.com.mx\/api\/wp\/v2\/categories?post=118993"},{"taxonomy":"post_tag","embeddable":true,"href":"https:\/\/www.sonoraenequipo.com.mx\/api\/wp\/v2\/tags?post=118993"}],"curies":[{"name":"wp","href":"https:\/\/api.w.org\/{rel}","templated":true}]}}