{"id":118997,"date":"2021-07-24T12:10:53","date_gmt":"2021-07-24T19:10:53","guid":{"rendered":"https:\/\/www.sonoraenequipo.com.mx\/?p=118997"},"modified":"2021-07-24T14:30:24","modified_gmt":"2021-07-24T21:30:24","slug":"richard-carapaz-hace-historia-para-ecuador-obtuvo-el-oro-en-tokio-2020-en-ciclismo","status":"publish","type":"post","link":"https:\/\/www.sonoraenequipo.com.mx\/richard-carapaz-hace-historia-para-ecuador-obtuvo-el-oro-en-tokio-2020-en-ciclismo\/","title":{"rendered":"Richard Carapaz hace historia para Ecuador; obtuvo el oro en Tokio 2020 en ciclismo."},"content":{"rendered":"<p>OYAMA, JAP\u00d3N. \u2014 La valent\u00eda de Richard Carapaz vale un oro ol\u00edmpico. El ataque a 5 kil\u00f3metros de la meta del bravo corredor del Carchi ecuatoriano sobre el estadounidense Brandon McNulty le permiti\u00f3 entrar en solitario en el Circuito Internacional de Fuji y proclamarse campe\u00f3n de ciclismo en ruta en los Juegos Ol\u00edmpicos.<\/p>\n<p>&nbsp;<\/p>\n<p> <\/p>\n<p>&nbsp;<\/p>\n<p>Tras el podio del Tour de Francia, esta vez el ecuatoriano ocupar\u00e1 el primer caj\u00f3n de privilegio. Con paciencia, tras aguantar un estacazo del esloveno Tadej Pogacar, en el paso del Mikuni, sabedor que la carrera era larga, muy larga. El esloveno, intratable en la \u2018Grande Boucle\u2019 francesa, se tuvo que contentar con el bronce, tras quedar por detr\u00e1s en el esprint del grupo perseguidor del belga Wout Van Aert, que obtuvo la plata.<\/p>\n<p>&nbsp;<\/p>\n<p>Un triunfo que supone la tercera medalla ol\u00edmpica de Ecuador y el \u00e9xito m\u00e1s destacado de Carapaz tras la general del Giro de Italia, pero sobre todo es un premio a la audacia del ciclista del Carchi, que supo esperar su momento para atacar de lejos en el \u00faltimo puerto, y tuvo la calidad para escaparse de McNulty antes de entrar en el circuito de velocidad nip\u00f3n.<\/p>\n<p>Antes que \u00e9l, solo otro ecuatoriano hab\u00eda subido al podio ol\u00edmpico: el atleta Jefferson P\u00e9rez, campe\u00f3n de 20 km marcha en Atlanta 96 y plata en Pek\u00edn 2008.<\/p>\n<p>En Tokio Carapaz se consagr\u00f3 en la recta final del Circuito Internacional de Fuji, que ofreci\u00f3 una de las primeras fotos con espectadores de los Juegos Ol\u00edmpicos, ya que el trazado se encuentra en la prefectura de Shizuoka, que no est\u00e1 afectada por el estado de emergencia que afecta a la capital, un m\u00e1ximo de 600 espectadores.<\/p>\n<p>La prueba ol\u00edmpica se inici\u00f3 con un recorrido por la ciudad, con bastante gente en las calles de Tokio viendo la salida de los ciclistas, entre parques, cementerios y templos, la oportunidad de la capital nipona para mostrarse en unos Juegos deslucidos por la pandemia.<\/p>\n<p>En la pelea por cerrar la primera fuga, se llevaron el gato al agua en los primeros 10 minutos ocho corredores: el sudafricano Nicholas Dlamini, el checo Michael Kukrle, el eslovaco Juraj Sagan, el rumano Eduardo-Michael Grosu, el griego Polychronis Tzortzakis, el venezolano Oluis Aular, el burkin\u00e9s Paul Dumont y el azer\u00ed Elchin Asadov.<\/p>\n<p>El pelot\u00f3n los dej\u00f3 hacer, adoptando una marcha suave y sabedores los favoritos de que quedaba mucho desnivel por delante. Tanto que los escapados llegaron a superar los 18 minutos de renta antes de iniciar la primera ascensi\u00f3n a Doshi. En el grupo, un peque\u00f1o susto para los brit\u00e1nicos: Geraint Thomas y Tao Geoghegan Hart se vieron involucrados en una ca\u00edda, sin consecuencias graves. Tambi\u00e9n para el colombiano Nairo Quintana, por un fallo mec\u00e1nico.<\/p>\n<p>En el ecuador de la prueba, los favoritos dijeron basta. Eslovenia y B\u00e9lgica se pusieron a tirar, nada menos que con el vigente campe\u00f3n ol\u00edmpico, Greg Van Avermaet, al frente. Reduc\u00edan poco a poco, en una jornada agotadora por el calor y la humedad, que reflejaba un Primoz Roglic sediento, bajando al coche a por botellas de agua helada.<\/p>\n<p>La marcha impuesta por eslovenos y belgas, y a la que se sum\u00f3 Italia con el escalador Giulio Ciccone, para subir el Fuji Sanroku gener\u00f3 v\u00edctimas insospechadas, especialmente en el bando espa\u00f1ol, donde cedi\u00f3 primero Omar Fraile y despu\u00e9s lo hizo Alejandro Valverde, en las \u00faltimas rampas, haciendo desvanecer la ilusi\u00f3n de la medalla en sus quintos Juegos Ol\u00edmpicos.<\/p>\n<p>&nbsp;<\/p>\n<p>El murciano, dolorido en la espalda pero curtido en mil batallas, aguant\u00f3 el mal rato y consigui\u00f3 sumarse al grupo en la bajada para llegar con ellos a los pasos intermedios del circuito de Fuji.<\/p>\n<p>&nbsp;<\/p>\n<p>&nbsp;<\/p>\n<p>Al segundo paso por el trazado se acab\u00f3 el sue\u00f1o de los escapados y comenzaron las escaramuzas. Remco Evenepoel, Rigoberto Ur\u00e1n y el irland\u00e9s Edward Dunbar dieron el primer aviso a navegantes. Luego Francia tom\u00f3 el mando del pelot\u00f3n, desbancando moment\u00e1neamente a Eslovenia. Valverde sobreviv\u00eda en la parte baja.<\/p>\n<p>&nbsp;<\/p>\n<p>Quedaba el temido paso del Mikuni. Italia apost\u00f3 en la aproximaci\u00f3n, y B\u00e9lgica acab\u00f3 de reventar la carrera, dejando un reguero de v\u00edctimas: de nuevo Valverde, Nairo Quintana, Vicenzo Nibali, incluso Remco Evenepoel no pudo resistir.<\/p>\n<p>&nbsp;<\/p>\n<p>Tampoco ninguno de los ciclistas espa\u00f1oles pudo aguantar el arranque del puerto m\u00e1s temido de estos Juegos. Una noche de tensi\u00f3n por el positivo de un miembro del equipo espa\u00f1ol hab\u00eda dado al traste con su concentraci\u00f3n y en la carrera no pudieron dar m\u00e1s de s\u00ed.<\/p>\n<p>&nbsp;<\/p>\n<p>Y ah\u00ed, apareci\u00f3 Pogacar, el nuevo can\u00edbal del ciclismo. A 37,4 kil\u00f3metros de meta, en lo m\u00e1s duro del Mikuni Pogacar desat\u00f3 su l\u00e1tigo. Solo le siguieron el canadiense Michael Woods y el estadounidense Brandon McNulty.<\/p>\n<p>&nbsp;<\/p>\n<p>Por detr\u00e1s, Van Aert lideraba al resto, aunque el polivalente corredor belga acab\u00f3 perdiendo fuelle y vio c\u00f3mo el ecuatoriano Richard Carapaz, el italiano Alberto Bettiol y el polaco Michal Kwiatkoswki tiraban hacia adelante en buscar de Pogacar y sus secuaces. Tambi\u00e9n el colombiano Rigoberto Ur\u00e1n se meti\u00f3 ah\u00ed, y acabaron entrando el resto. Vuelta a empezar.<\/p>\n<p>&nbsp;<\/p>\n<p>El reagrupamiento provoc\u00f3 que nuevos contendientes entraran a la lucha: Carapaz hizo su apuesta y le sigui\u00f3 McNulty, de nuevo atent\u00edsimo a todo y a todos. Llegaron a tener 45 segundos al final de la bajada, con unos 15 kil\u00f3metros por delante, pero por detr\u00e1s apretaban, con Van Aert y Ur\u00e1n liderando la caza. Pogacar guardaba mientras la ventaja de los escapados se reduc\u00eda inexorablemente.<\/p>\n<p>&nbsp;<\/p>\n<p>&nbsp;<\/p>\n<p>En las inmediaciones del circuito, a 5,8 kil\u00f3metros para la meta, Carapaz dio el hachazo. Su ataque, imposible para McNulty, le pon\u00eda solo en el circuito. Ya solo era cuesti\u00f3n de rematar, y el ecuatoriano finaliz\u00f3 con la fe y la clase que lo caracterizan. Pogacar y Van Aert tuvieron que contentarse con luchar por la plata y el bronce, y se impuso la vocaci\u00f3n de espr\u00ednter del belga en un final ajustad\u00edsimo. Seguramente los tres estar\u00e1n de nuevo en la pelea en Par\u00eds 2024.<\/p>\n<p>&nbsp;<\/p>\n<p>&nbsp;<\/p>\n<p>(Publicada el 24\/07\/2021)<\/p>\n","protected":false},"excerpt":{"rendered":"<p>OYAMA, JAP\u00d3N. \u2014 La valent\u00eda de Richard Carapaz vale un oro ol\u00edmpico. El ataque a&#8230;<\/p>\n","protected":false},"author":1,"featured_media":119002,"comment_status":"open","ping_status":"open","sticky":false,"template":"","format":"standard","meta":{"_monsterinsights_skip_tracking":false,"_monsterinsights_sitenote_active":false,"_monsterinsights_sitenote_note":"","_monsterinsights_sitenote_category":0,"footnotes":""},"categories":[10],"tags":[],"class_list":["post"],"yoast_head":" \n<title>Sonora en Equipo. Richard Carapaz hace historia para Ecuador; obtuvo el oro en Tokio 2020 en ciclismo. Deportes<\/title>\n<meta name=\"description\" content=\"OYAMA, JAP\u00d3N. \u2014 La valent\u00eda de Richard Carapaz vale un oro ol\u00edmpico. El ataque a 5 kil\u00f3metros de la meta del bravo corredor del Carchi ecuatoriano sobre En Sonora en Equipo publicamos toda la informaci\u00f3n de Sonora, M\u00e9xico y el Mundo de manera oportuna y busca que la libertad de expresi\u00f3n sea real. Visita nuestro medio informativo publicado desde Hermosillo, Sonora. %\" \/>\n<meta name=\"robots\" content=\"index, follow, max-snippet:-1, max-image-preview:large, max-video-preview:-1\" \/>\n<link rel=\"canonical\" href=\"https:\/\/www.sonoraenequipo.com.mx\/richard-carapaz-hace-historia-para-ecuador-obtuvo-el-oro-en-tokio-2020-en-ciclismo\/\" \/>\n<meta property=\"og:locale\" content=\"es_ES\" \/>\n<meta property=\"og:type\" content=\"article\" \/>\n<meta property=\"og:title\" content=\"Sonora en Equipo. Richard Carapaz hace historia para Ecuador; obtuvo el oro en Tokio 2020 en ciclismo. Deportes\" \/>\n<meta property=\"og:description\" content=\"OYAMA, JAP\u00d3N. \u2014 La valent\u00eda de Richard Carapaz vale un oro ol\u00edmpico. El ataque a 5 kil\u00f3metros de la meta del bravo corredor del Carchi ecuatoriano sobre En Sonora en Equipo publicamos toda la informaci\u00f3n de Sonora, M\u00e9xico y el Mundo de manera oportuna y busca que la libertad de expresi\u00f3n sea real. Visita nuestro medio informativo publicado desde Hermosillo, Sonora. %\" \/>\n<meta property=\"og:url\" content=\"https:\/\/www.sonoraenequipo.com.mx\/richard-carapaz-hace-historia-para-ecuador-obtuvo-el-oro-en-tokio-2020-en-ciclismo\/\" \/>\n<meta property=\"og:site_name\" content=\"Sonora en Equipo.\" \/>\n<meta property=\"article:publisher\" content=\"https:\/\/www.facebook.com\/SonoraEE\/\" \/>\n<meta property=\"article:author\" content=\"https:\/\/www.facebook.com\/SonoraEE\" \/>\n<meta property=\"article:published_time\" content=\"2021-07-24T19:10:53+00:00\" \/>\n<meta property=\"article:modified_time\" content=\"2021-07-24T21:30:24+00:00\" \/>\n<meta property=\"og:image\" content=\"https:\/\/www.sonoraenequipo.com.mx\/storage\/2021\/07\/ecuatoriano-Ricard-Carapaz-medallla-de-oro-ciclismo_opt.jpg\" \/>\n\t<meta property=\"og:image:width\" content=\"700\" \/>\n\t<meta property=\"og:image:height\" content=\"400\" \/>\n\t<meta property=\"og:image:type\" content=\"image\/jpeg\" \/>\n<meta name=\"author\" content=\"enequipo\" \/>\n<meta name=\"twitter:card\" content=\"summary_large_image\" \/>\n<meta name=\"twitter:creator\" content=\"@sonoraenequipo\" \/>\n<meta name=\"twitter:site\" content=\"@sonoraenequipo\" \/>\n<meta name=\"twitter:label1\" content=\"Escrito por\" \/>\n\t<meta name=\"twitter:data1\" content=\"enequipo\" \/>\n\t<meta name=\"twitter:label2\" content=\"Tiempo de lectura\" \/>\n\t<meta name=\"twitter:data2\" content=\"5 minutos\" \/>\n<script type=\"application\/ld+json\" class=\"yoast-schema-graph\">{\"@context\":\"https:\/\/schema.org\",\"@graph\":[{\"@type\":\"Article\",\"@id\":\"https:\/\/www.sonoraenequipo.com.mx\/richard-carapaz-hace-historia-para-ecuador-obtuvo-el-oro-en-tokio-2020-en-ciclismo\/#article\",\"isPartOf\":{\"@id\":\"https:\/\/www.sonoraenequipo.com.mx\/richard-carapaz-hace-historia-para-ecuador-obtuvo-el-oro-en-tokio-2020-en-ciclismo\/\"},\"author\":{\"name\":\"enequipo\",\"@id\":\"https:\/\/www.sonoraenequipo.com.mx\/#\/schema\/person\/50102df0fb23a8fa9e8effad8fa81386\"},\"headline\":\"Richard Carapaz hace historia para Ecuador; obtuvo el oro en Tokio 2020 en ciclismo.\",\"datePublished\":\"2021-07-24T19:10:53+00:00\",\"dateModified\":\"2021-07-24T21:30:24+00:00\",\"mainEntityOfPage\":{\"@id\":\"https:\/\/www.sonoraenequipo.com.mx\/richard-carapaz-hace-historia-para-ecuador-obtuvo-el-oro-en-tokio-2020-en-ciclismo\/\"},\"wordCount\":1070,\"commentCount\":0,\"publisher\":{\"@id\":\"https:\/\/www.sonoraenequipo.com.mx\/#organization\"},\"image\":{\"@id\":\"https:\/\/www.sonoraenequipo.com.mx\/richard-carapaz-hace-historia-para-ecuador-obtuvo-el-oro-en-tokio-2020-en-ciclismo\/#primaryimage\"},\"thumbnailUrl\":\"https:\/\/www.sonoraenequipo.com.mx\/storage\/2021\/07\/ecuatoriano-Ricard-Carapaz-medallla-de-oro-ciclismo_opt.jpg\",\"articleSection\":[\"Deportes\"],\"inLanguage\":\"es\",\"potentialAction\":[{\"@type\":\"CommentAction\",\"name\":\"Comment\",\"target\":[\"https:\/\/www.sonoraenequipo.com.mx\/richard-carapaz-hace-historia-para-ecuador-obtuvo-el-oro-en-tokio-2020-en-ciclismo\/#respond\"]}]},{\"@type\":\"WebPage\",\"@id\":\"https:\/\/www.sonoraenequipo.com.mx\/richard-carapaz-hace-historia-para-ecuador-obtuvo-el-oro-en-tokio-2020-en-ciclismo\/\",\"url\":\"https:\/\/www.sonoraenequipo.com.mx\/richard-carapaz-hace-historia-para-ecuador-obtuvo-el-oro-en-tokio-2020-en-ciclismo\/\",\"name\":\"Sonora en Equipo. Richard Carapaz hace historia para Ecuador; obtuvo el oro en Tokio 2020 en ciclismo. Deportes\",\"isPartOf\":{\"@id\":\"https:\/\/www.sonoraenequipo.com.mx\/#website\"},\"primaryImageOfPage\":{\"@id\":\"https:\/\/www.sonoraenequipo.com.mx\/richard-carapaz-hace-historia-para-ecuador-obtuvo-el-oro-en-tokio-2020-en-ciclismo\/#primaryimage\"},\"image\":{\"@id\":\"https:\/\/www.sonoraenequipo.com.mx\/richard-carapaz-hace-historia-para-ecuador-obtuvo-el-oro-en-tokio-2020-en-ciclismo\/#primaryimage\"},\"thumbnailUrl\":\"https:\/\/www.sonoraenequipo.com.mx\/storage\/2021\/07\/ecuatoriano-Ricard-Carapaz-medallla-de-oro-ciclismo_opt.jpg\",\"datePublished\":\"2021-07-24T19:10:53+00:00\",\"dateModified\":\"2021-07-24T21:30:24+00:00\",\"description\":\"OYAMA, JAP\u00d3N. \u2014 La valent\u00eda de Richard Carapaz vale un oro ol\u00edmpico. El ataque a 5 kil\u00f3metros de la meta del bravo corredor del Carchi ecuatoriano sobre En Sonora en Equipo publicamos toda la informaci\u00f3n de Sonora, M\u00e9xico y el Mundo de manera oportuna y busca que la libertad de expresi\u00f3n sea real. Visita nuestro medio informativo publicado desde Hermosillo, Sonora. %\",\"breadcrumb\":{\"@id\":\"https:\/\/www.sonoraenequipo.com.mx\/richard-carapaz-hace-historia-para-ecuador-obtuvo-el-oro-en-tokio-2020-en-ciclismo\/#breadcrumb\"},\"inLanguage\":\"es\",\"potentialAction\":[{\"@type\":\"ReadAction\",\"target\":[\"https:\/\/www.sonoraenequipo.com.mx\/richard-carapaz-hace-historia-para-ecuador-obtuvo-el-oro-en-tokio-2020-en-ciclismo\/\"]}]},{\"@type\":\"ImageObject\",\"inLanguage\":\"es\",\"@id\":\"https:\/\/www.sonoraenequipo.com.mx\/richard-carapaz-hace-historia-para-ecuador-obtuvo-el-oro-en-tokio-2020-en-ciclismo\/#primaryimage\",\"url\":\"https:\/\/www.sonoraenequipo.com.mx\/storage\/2021\/07\/ecuatoriano-Ricard-Carapaz-medallla-de-oro-ciclismo_opt.jpg\",\"contentUrl\":\"https:\/\/www.sonoraenequipo.com.mx\/storage\/2021\/07\/ecuatoriano-Ricard-Carapaz-medallla-de-oro-ciclismo_opt.jpg\",\"width\":700,\"height\":400},{\"@type\":\"BreadcrumbList\",\"@id\":\"https:\/\/www.sonoraenequipo.com.mx\/richard-carapaz-hace-historia-para-ecuador-obtuvo-el-oro-en-tokio-2020-en-ciclismo\/#breadcrumb\",\"itemListElement\":[{\"@type\":\"ListItem\",\"position\":1,\"name\":\"Portada\",\"item\":\"https:\/\/www.sonoraenequipo.com.mx\/\"},{\"@type\":\"ListItem\",\"position\":2,\"name\":\"Richard Carapaz hace historia para Ecuador; obtuvo el oro en Tokio 2020 en ciclismo.\"}]},{\"@type\":\"WebSite\",\"@id\":\"https:\/\/www.sonoraenequipo.com.mx\/#website\",\"url\":\"https:\/\/www.sonoraenequipo.com.mx\/\",\"name\":\"Sonora en Equipo.\",\"description\":\"Diario en l\u00ednea con Noticias desde Hermosillo, Sonora\",\"publisher\":{\"@id\":\"https:\/\/www.sonoraenequipo.com.mx\/#organization\"},\"potentialAction\":[{\"@type\":\"SearchAction\",\"target\":{\"@type\":\"EntryPoint\",\"urlTemplate\":\"https:\/\/www.sonoraenequipo.com.mx\/?s={search_term_string}\"},\"query-input\":{\"@type\":\"PropertyValueSpecification\",\"valueRequired\":true,\"valueName\":\"search_term_string\"}}],\"inLanguage\":\"es\"},{\"@type\":\"Organization\",\"@id\":\"https:\/\/www.sonoraenequipo.com.mx\/#organization\",\"name\":\"Sonoraenequipo.com.mx\",\"url\":\"https:\/\/www.sonoraenequipo.com.mx\/\",\"logo\":{\"@type\":\"ImageObject\",\"inLanguage\":\"es\",\"@id\":\"https:\/\/www.sonoraenequipo.com.mx\/#\/schema\/logo\/image\/\",\"url\":\"https:\/\/www.sonoraenequipo.com.mx\/storage\/2019\/01\/sonoraenequipo_opt.png\",\"contentUrl\":\"https:\/\/www.sonoraenequipo.com.mx\/storage\/2019\/01\/sonoraenequipo_opt.png\",\"width\":375,\"height\":125,\"caption\":\"Sonoraenequipo.com.mx\"},\"image\":{\"@id\":\"https:\/\/www.sonoraenequipo.com.mx\/#\/schema\/logo\/image\/\"},\"sameAs\":[\"https:\/\/www.facebook.com\/SonoraEE\/\",\"https:\/\/x.com\/sonoraenequipo\",\"https:\/\/www.youtube.com\/channel\/UC338nW-lPEYmJQs4ZABQ1SQ\"]},{\"@type\":\"Person\",\"@id\":\"https:\/\/www.sonoraenequipo.com.mx\/#\/schema\/person\/50102df0fb23a8fa9e8effad8fa81386\",\"name\":\"enequipo\",\"image\":{\"@type\":\"ImageObject\",\"inLanguage\":\"es\",\"@id\":\"https:\/\/www.sonoraenequipo.com.mx\/#\/schema\/person\/image\/\",\"url\":\"https:\/\/secure.gravatar.com\/avatar\/049821681b589dabc0bc20695993ccebb09f5b5d4d790cd9251b97faac7c652b?s=96&d=blank&r=g\",\"contentUrl\":\"https:\/\/secure.gravatar.com\/avatar\/049821681b589dabc0bc20695993ccebb09f5b5d4d790cd9251b97faac7c652b?s=96&d=blank&r=g\",\"caption\":\"enequipo\"},\"sameAs\":[\"https:\/\/www.facebook.com\/SonoraEE\"]}]}<\/script>\n ","yoast_head_json":{"title":"Sonora en Equipo. Richard Carapaz hace historia para Ecuador; obtuvo el oro en Tokio 2020 en ciclismo. Deportes","description":"OYAMA, JAP\u00d3N. \u2014 La valent\u00eda de Richard Carapaz vale un oro ol\u00edmpico. El ataque a 5 kil\u00f3metros de la meta del bravo corredor del Carchi ecuatoriano sobre En Sonora en Equipo publicamos toda la informaci\u00f3n de Sonora, M\u00e9xico y el Mundo de manera oportuna y busca que la libertad de expresi\u00f3n sea real. Visita nuestro medio informativo publicado desde Hermosillo, Sonora. %","robots":{"index":"index","follow":"follow","max-snippet":"max-snippet:-1","max-image-preview":"max-image-preview:large","max-video-preview":"max-video-preview:-1"},"canonical":"https:\/\/www.sonoraenequipo.com.mx\/richard-carapaz-hace-historia-para-ecuador-obtuvo-el-oro-en-tokio-2020-en-ciclismo\/","og_locale":"es_ES","og_type":"article","og_title":"Sonora en Equipo. Richard Carapaz hace historia para Ecuador; obtuvo el oro en Tokio 2020 en ciclismo. Deportes","og_description":"OYAMA, JAP\u00d3N. \u2014 La valent\u00eda de Richard Carapaz vale un oro ol\u00edmpico. El ataque a 5 kil\u00f3metros de la meta del bravo corredor del Carchi ecuatoriano sobre En Sonora en Equipo publicamos toda la informaci\u00f3n de Sonora, M\u00e9xico y el Mundo de manera oportuna y busca que la libertad de expresi\u00f3n sea real. Visita nuestro medio informativo publicado desde Hermosillo, Sonora. %","og_url":"https:\/\/www.sonoraenequipo.com.mx\/richard-carapaz-hace-historia-para-ecuador-obtuvo-el-oro-en-tokio-2020-en-ciclismo\/","og_site_name":"Sonora en Equipo.","article_publisher":"https:\/\/www.facebook.com\/SonoraEE\/","article_author":"https:\/\/www.facebook.com\/SonoraEE","article_published_time":"2021-07-24T19:10:53+00:00","article_modified_time":"2021-07-24T21:30:24+00:00","og_image":[{"width":700,"height":400,"url":"https:\/\/www.sonoraenequipo.com.mx\/storage\/2021\/07\/ecuatoriano-Ricard-Carapaz-medallla-de-oro-ciclismo_opt.jpg","type":"image\/jpeg"}],"author":"enequipo","twitter_card":"summary_large_image","twitter_creator":"@sonoraenequipo","twitter_site":"@sonoraenequipo","twitter_misc":{"Escrito por":"enequipo","Tiempo de lectura":"5 minutos"},"schema":{"@context":"https:\/\/schema.org","@graph":[{"@type":"Article","@id":"https:\/\/www.sonoraenequipo.com.mx\/richard-carapaz-hace-historia-para-ecuador-obtuvo-el-oro-en-tokio-2020-en-ciclismo\/#article","isPartOf":{"@id":"https:\/\/www.sonoraenequipo.com.mx\/richard-carapaz-hace-historia-para-ecuador-obtuvo-el-oro-en-tokio-2020-en-ciclismo\/"},"author":{"name":"enequipo","@id":"https:\/\/www.sonoraenequipo.com.mx\/#\/schema\/person\/50102df0fb23a8fa9e8effad8fa81386"},"headline":"Richard Carapaz hace historia para Ecuador; obtuvo el oro en Tokio 2020 en ciclismo.","datePublished":"2021-07-24T19:10:53+00:00","dateModified":"2021-07-24T21:30:24+00:00","mainEntityOfPage":{"@id":"https:\/\/www.sonoraenequipo.com.mx\/richard-carapaz-hace-historia-para-ecuador-obtuvo-el-oro-en-tokio-2020-en-ciclismo\/"},"wordCount":1070,"commentCount":0,"publisher":{"@id":"https:\/\/www.sonoraenequipo.com.mx\/#organization"},"image":{"@id":"https:\/\/www.sonoraenequipo.com.mx\/richard-carapaz-hace-historia-para-ecuador-obtuvo-el-oro-en-tokio-2020-en-ciclismo\/#primaryimage"},"thumbnailUrl":"https:\/\/www.sonoraenequipo.com.mx\/storage\/2021\/07\/ecuatoriano-Ricard-Carapaz-medallla-de-oro-ciclismo_opt.jpg","articleSection":["Deportes"],"inLanguage":"es","potentialAction":[{"@type":"CommentAction","name":"Comment","target":["https:\/\/www.sonoraenequipo.com.mx\/richard-carapaz-hace-historia-para-ecuador-obtuvo-el-oro-en-tokio-2020-en-ciclismo\/#respond"]}]},{"@type":"WebPage","@id":"https:\/\/www.sonoraenequipo.com.mx\/richard-carapaz-hace-historia-para-ecuador-obtuvo-el-oro-en-tokio-2020-en-ciclismo\/","url":"https:\/\/www.sonoraenequipo.com.mx\/richard-carapaz-hace-historia-para-ecuador-obtuvo-el-oro-en-tokio-2020-en-ciclismo\/","name":"Sonora en Equipo. Richard Carapaz hace historia para Ecuador; obtuvo el oro en Tokio 2020 en ciclismo. Deportes","isPartOf":{"@id":"https:\/\/www.sonoraenequipo.com.mx\/#website"},"primaryImageOfPage":{"@id":"https:\/\/www.sonoraenequipo.com.mx\/richard-carapaz-hace-historia-para-ecuador-obtuvo-el-oro-en-tokio-2020-en-ciclismo\/#primaryimage"},"image":{"@id":"https:\/\/www.sonoraenequipo.com.mx\/richard-carapaz-hace-historia-para-ecuador-obtuvo-el-oro-en-tokio-2020-en-ciclismo\/#primaryimage"},"thumbnailUrl":"https:\/\/www.sonoraenequipo.com.mx\/storage\/2021\/07\/ecuatoriano-Ricard-Carapaz-medallla-de-oro-ciclismo_opt.jpg","datePublished":"2021-07-24T19:10:53+00:00","dateModified":"2021-07-24T21:30:24+00:00","description":"OYAMA, JAP\u00d3N. \u2014 La valent\u00eda de Richard Carapaz vale un oro ol\u00edmpico. El ataque a 5 kil\u00f3metros de la meta del bravo corredor del Carchi ecuatoriano sobre En Sonora en Equipo publicamos toda la informaci\u00f3n de Sonora, M\u00e9xico y el Mundo de manera oportuna y busca que la libertad de expresi\u00f3n sea real. Visita nuestro medio informativo publicado desde Hermosillo, Sonora. %","breadcrumb":{"@id":"https:\/\/www.sonoraenequipo.com.mx\/richard-carapaz-hace-historia-para-ecuador-obtuvo-el-oro-en-tokio-2020-en-ciclismo\/#breadcrumb"},"inLanguage":"es","potentialAction":[{"@type":"ReadAction","target":["https:\/\/www.sonoraenequipo.com.mx\/richard-carapaz-hace-historia-para-ecuador-obtuvo-el-oro-en-tokio-2020-en-ciclismo\/"]}]},{"@type":"ImageObject","inLanguage":"es","@id":"https:\/\/www.sonoraenequipo.com.mx\/richard-carapaz-hace-historia-para-ecuador-obtuvo-el-oro-en-tokio-2020-en-ciclismo\/#primaryimage","url":"https:\/\/www.sonoraenequipo.com.mx\/storage\/2021\/07\/ecuatoriano-Ricard-Carapaz-medallla-de-oro-ciclismo_opt.jpg","contentUrl":"https:\/\/www.sonoraenequipo.com.mx\/storage\/2021\/07\/ecuatoriano-Ricard-Carapaz-medallla-de-oro-ciclismo_opt.jpg","width":700,"height":400},{"@type":"BreadcrumbList","@id":"https:\/\/www.sonoraenequipo.com.mx\/richard-carapaz-hace-historia-para-ecuador-obtuvo-el-oro-en-tokio-2020-en-ciclismo\/#breadcrumb","itemListElement":[{"@type":"ListItem","position":1,"name":"Portada","item":"https:\/\/www.sonoraenequipo.com.mx\/"},{"@type":"ListItem","position":2,"name":"Richard Carapaz hace historia para Ecuador; obtuvo el oro en Tokio 2020 en ciclismo."}]},{"@type":"WebSite","@id":"https:\/\/www.sonoraenequipo.com.mx\/#website","url":"https:\/\/www.sonoraenequipo.com.mx\/","name":"Sonora en Equipo.","description":"Diario en l\u00ednea con Noticias desde Hermosillo, Sonora","publisher":{"@id":"https:\/\/www.sonoraenequipo.com.mx\/#organization"},"potentialAction":[{"@type":"SearchAction","target":{"@type":"EntryPoint","urlTemplate":"https:\/\/www.sonoraenequipo.com.mx\/?s={search_term_string}"},"query-input":{"@type":"PropertyValueSpecification","valueRequired":true,"valueName":"search_term_string"}}],"inLanguage":"es"},{"@type":"Organization","@id":"https:\/\/www.sonoraenequipo.com.mx\/#organization","name":"Sonoraenequipo.com.mx","url":"https:\/\/www.sonoraenequipo.com.mx\/","logo":{"@type":"ImageObject","inLanguage":"es","@id":"https:\/\/www.sonoraenequipo.com.mx\/#\/schema\/logo\/image\/","url":"https:\/\/www.sonoraenequipo.com.mx\/storage\/2019\/01\/sonoraenequipo_opt.png","contentUrl":"https:\/\/www.sonoraenequipo.com.mx\/storage\/2019\/01\/sonoraenequipo_opt.png","width":375,"height":125,"caption":"Sonoraenequipo.com.mx"},"image":{"@id":"https:\/\/www.sonoraenequipo.com.mx\/#\/schema\/logo\/image\/"},"sameAs":["https:\/\/www.facebook.com\/SonoraEE\/","https:\/\/x.com\/sonoraenequipo","https:\/\/www.youtube.com\/channel\/UC338nW-lPEYmJQs4ZABQ1SQ"]},{"@type":"Person","@id":"https:\/\/www.sonoraenequipo.com.mx\/#\/schema\/person\/50102df0fb23a8fa9e8effad8fa81386","name":"enequipo","image":{"@type":"ImageObject","inLanguage":"es","@id":"https:\/\/www.sonoraenequipo.com.mx\/#\/schema\/person\/image\/","url":"https:\/\/secure.gravatar.com\/avatar\/049821681b589dabc0bc20695993ccebb09f5b5d4d790cd9251b97faac7c652b?s=96&d=blank&r=g","contentUrl":"https:\/\/secure.gravatar.com\/avatar\/049821681b589dabc0bc20695993ccebb09f5b5d4d790cd9251b97faac7c652b?s=96&d=blank&r=g","caption":"enequipo"},"sameAs":["https:\/\/www.facebook.com\/SonoraEE"]}]}},"jetpack_featured_media_url":"https:\/\/www.sonoraenequipo.com.mx\/storage\/2021\/07\/ecuatoriano-Ricard-Carapaz-medallla-de-oro-ciclismo_opt.jpg","_links":{"self":[{"href":"https:\/\/www.sonoraenequipo.com.mx\/api\/wp\/v2\/posts\/118997","targetHints":{"allow":["GET"]}}],"collection":[{"href":"https:\/\/www.sonoraenequipo.com.mx\/api\/wp\/v2\/posts"}],"about":[{"href":"https:\/\/www.sonoraenequipo.com.mx\/api\/wp\/v2\/types\/post"}],"author":[{"embeddable":true,"href":"https:\/\/www.sonoraenequipo.com.mx\/api\/wp\/v2\/users\/1"}],"replies":[{"embeddable":true,"href":"https:\/\/www.sonoraenequipo.com.mx\/api\/wp\/v2\/comments?post=118997"}],"version-history":[{"count":1,"href":"https:\/\/www.sonoraenequipo.com.mx\/api\/wp\/v2\/posts\/118997\/revisions"}],"predecessor-version":[{"id":119005,"href":"https:\/\/www.sonoraenequipo.com.mx\/api\/wp\/v2\/posts\/118997\/revisions\/119005"}],"wp:featuredmedia":[{"embeddable":true,"href":"https:\/\/www.sonoraenequipo.com.mx\/api\/wp\/v2\/media\/119002"}],"wp:attachment":[{"href":"https:\/\/www.sonoraenequipo.com.mx\/api\/wp\/v2\/media?parent=118997"}],"wp:term":[{"taxonomy":"category","embeddable":true,"href":"https:\/\/www.sonoraenequipo.com.mx\/api\/wp\/v2\/categories?post=118997"},{"taxonomy":"post_tag","embeddable":true,"href":"https:\/\/www.sonoraenequipo.com.mx\/api\/wp\/v2\/tags?post=118997"}],"curies":[{"name":"wp","href":"https:\/\/api.w.org\/{rel}","templated":true}]}}