{"id":119011,"date":"2021-07-24T10:10:14","date_gmt":"2021-07-24T17:10:14","guid":{"rendered":"https:\/\/www.sonoraenequipo.com.mx\/?p=119011"},"modified":"2021-07-24T15:49:27","modified_gmt":"2021-07-24T22:49:27","slug":"mexico-propone-sustituir-a-la-oea-por-un-organismo-de-integracion-regional-semejante-a-la-union-europea","status":"publish","type":"post","link":"https:\/\/www.sonoraenequipo.com.mx\/mexico-propone-sustituir-a-la-oea-por-un-organismo-de-integracion-regional-semejante-a-la-union-europea\/","title":{"rendered":"M\u00e9xico propone sustituir a la OEA por un organismo de integraci\u00f3n regional semejante a la Uni\u00f3n Europea"},"content":{"rendered":"<p>CIUDAD DE M\u00c9XICO. MX. \u2014 El presidente de M\u00e9xico, Andr\u00e9s Manuel L\u00f3pez Obrador, propuso este s\u00e1bado la creaci\u00f3n de un organismo de integraci\u00f3n para Am\u00e9rica Latina que sustituya a la Organizaci\u00f3n de los Estados Americanos (OEA).<\/p>\n<p>&nbsp;<\/p>\n<p> <\/p>\n<p><em>\u201cLa propuesta es ni m\u00e1s ni menos que construir algo semejante a la Uni\u00f3n Europea, pero apegado a nuestra historia, a nuestra realidad y a nuestras identidades\u201d,<\/em> dijo L\u00f3pez Obrador durante la reuni\u00f3n de cancilleres de la Comunidad de Estados Latinoamericanos y Caribe\u00f1os (Celac).<\/p>\n<p>&nbsp;<\/p>\n<p>El encuentro de la Celac, de la que M\u00e9xico es presidente pro tempore, pretende encontrar mecanismos para la adquisici\u00f3n de vacunas anticovid-19 para la regi\u00f3n.<\/p>\n<p>&nbsp;<\/p>\n<p>Pero el mandatario mexicano aprovech\u00f3 para pedir el reemplazo de la OEA, a cuyo secretario general, el uruguayo Luis Almagro, ha criticado duramente por su gesti\u00f3n a la que considera \u201cuna de las peores\u201d en la historia del organismo.<\/p>\n<p>&nbsp;<\/p>\n<p><em>\u201cEn ese esp\u00edritu no debe descartarse la sustituci\u00f3n de la OEA por un organismo verdaderamente aut\u00f3nomo, no lacayo de nadie, sino mediador, a petici\u00f3n y aceptaci\u00f3n de las partes en conflicto\u201d,<\/em> sostuvo L\u00f3pez Obrador sin dar detalles sobre su propuesta.<\/p>\n<p>&nbsp;<\/p>\n<p><em>\u201cSe trata de un asunto complejo, que requiere de una nueva visi\u00f3n pol\u00edtica y econ\u00f3mica\u201d, afirm\u00f3 el mandatario, pero dijo que \u201ces una gran tarea para buenos diplom\u00e1ticos y pol\u00edticos\u201d<\/em> en Am\u00e9rica Latina.<\/p>\n<p>&nbsp;<\/p>\n<p>El planteamiento del presidente mexicano surge en medio del rechazo de Cuba a las sanciones anunciadas el jueves por Estados Unidos, entre otras, contra altos funcionarios cubanos por la \u201crepresi\u00f3n\u201d de las recientes manifestaciones populares en la isla.<\/p>\n<p>&nbsp;<\/p>\n<p>Tras las protestas del 11 y 12 de julio pasados, L\u00f3pez Obrador se expres\u00f3 en contra de cualquier forma de \u201cintervencionismo\u201d en la crisis cubana, y ofreci\u00f3 enviar ayuda humanitaria al pa\u00eds.<\/p>\n<p>&nbsp;<\/p>\n<p>M\u00e9xico enviar\u00e1 este domingo dos barcos con insumos m\u00e9dicos, alimentos y gasolina a Cuba.<\/p>\n<p>&nbsp;<\/p>\n<p>(Publicada el 24\/07\/2021)<\/p>\n","protected":false},"excerpt":{"rendered":"<p>CIUDAD DE M\u00c9XICO. MX. \u2014 El presidente de M\u00e9xico, Andr\u00e9s Manuel L\u00f3pez Obrador, propuso este&#8230;<\/p>\n","protected":false},"author":1,"featured_media":119012,"comment_status":"open","ping_status":"open","sticky":false,"template":"","format":"standard","meta":{"_monsterinsights_skip_tracking":false,"_monsterinsights_sitenote_active":false,"_monsterinsights_sitenote_note":"","_monsterinsights_sitenote_category":0,"footnotes":""},"categories":[3],"tags":[],"class_list":["post"],"yoast_head":" \n<title>Sonora en Equipo. M\u00e9xico propone sustituir a la OEA por un organismo de integraci\u00f3n regional semejante a la Uni\u00f3n Europea MUNDO<\/title>\n<meta name=\"description\" content=\"CIUDAD DE M\u00c9XICO. MX. \u2014 El presidente de M\u00e9xico, Andr\u00e9s Manuel L\u00f3pez Obrador, propuso este s\u00e1bado la creaci\u00f3n de un organismo de integraci\u00f3n para Am\u00e9rica En Sonora en Equipo publicamos toda la informaci\u00f3n de Sonora, M\u00e9xico y el Mundo de manera oportuna y busca que la libertad de expresi\u00f3n sea real. Visita nuestro medio informativo publicado desde Hermosillo, Sonora. %\" \/>\n<meta name=\"robots\" content=\"index, follow, max-snippet:-1, max-image-preview:large, max-video-preview:-1\" \/>\n<link rel=\"canonical\" href=\"https:\/\/www.sonoraenequipo.com.mx\/mexico-propone-sustituir-a-la-oea-por-un-organismo-de-integracion-regional-semejante-a-la-union-europea\/\" \/>\n<meta property=\"og:locale\" content=\"es_ES\" \/>\n<meta property=\"og:type\" content=\"article\" \/>\n<meta property=\"og:title\" content=\"Sonora en Equipo. M\u00e9xico propone sustituir a la OEA por un organismo de integraci\u00f3n regional semejante a la Uni\u00f3n Europea MUNDO\" \/>\n<meta property=\"og:description\" content=\"CIUDAD DE M\u00c9XICO. MX. \u2014 El presidente de M\u00e9xico, Andr\u00e9s Manuel L\u00f3pez Obrador, propuso este s\u00e1bado la creaci\u00f3n de un organismo de integraci\u00f3n para Am\u00e9rica En Sonora en Equipo publicamos toda la informaci\u00f3n de Sonora, M\u00e9xico y el Mundo de manera oportuna y busca que la libertad de expresi\u00f3n sea real. Visita nuestro medio informativo publicado desde Hermosillo, Sonora. %\" \/>\n<meta property=\"og:url\" content=\"https:\/\/www.sonoraenequipo.com.mx\/mexico-propone-sustituir-a-la-oea-por-un-organismo-de-integracion-regional-semejante-a-la-union-europea\/\" \/>\n<meta property=\"og:site_name\" content=\"Sonora en Equipo.\" \/>\n<meta property=\"article:publisher\" content=\"https:\/\/www.facebook.com\/SonoraEE\/\" \/>\n<meta property=\"article:author\" content=\"https:\/\/www.facebook.com\/SonoraEE\" \/>\n<meta property=\"article:published_time\" content=\"2021-07-24T17:10:14+00:00\" \/>\n<meta property=\"article:modified_time\" content=\"2021-07-24T22:49:27+00:00\" \/>\n<meta property=\"og:image\" content=\"https:\/\/www.sonoraenequipo.com.mx\/storage\/2021\/07\/Celac-Mexico_opt.jpg\" \/>\n\t<meta property=\"og:image:width\" content=\"700\" \/>\n\t<meta property=\"og:image:height\" content=\"400\" \/>\n\t<meta property=\"og:image:type\" content=\"image\/jpeg\" \/>\n<meta name=\"author\" content=\"enequipo\" \/>\n<meta name=\"twitter:card\" content=\"summary_large_image\" \/>\n<meta name=\"twitter:creator\" content=\"@sonoraenequipo\" \/>\n<meta name=\"twitter:site\" content=\"@sonoraenequipo\" \/>\n<meta name=\"twitter:label1\" content=\"Escrito por\" \/>\n\t<meta name=\"twitter:data1\" content=\"enequipo\" \/>\n\t<meta name=\"twitter:label2\" content=\"Tiempo de lectura\" \/>\n\t<meta name=\"twitter:data2\" content=\"2 minutos\" \/>\n<script type=\"application\/ld+json\" class=\"yoast-schema-graph\">{\"@context\":\"https:\/\/schema.org\",\"@graph\":[{\"@type\":\"Article\",\"@id\":\"https:\/\/www.sonoraenequipo.com.mx\/mexico-propone-sustituir-a-la-oea-por-un-organismo-de-integracion-regional-semejante-a-la-union-europea\/#article\",\"isPartOf\":{\"@id\":\"https:\/\/www.sonoraenequipo.com.mx\/mexico-propone-sustituir-a-la-oea-por-un-organismo-de-integracion-regional-semejante-a-la-union-europea\/\"},\"author\":{\"name\":\"enequipo\",\"@id\":\"https:\/\/www.sonoraenequipo.com.mx\/#\/schema\/person\/50102df0fb23a8fa9e8effad8fa81386\"},\"headline\":\"M\u00e9xico propone sustituir a la OEA por un organismo de integraci\u00f3n regional semejante a la Uni\u00f3n Europea\",\"datePublished\":\"2021-07-24T17:10:14+00:00\",\"dateModified\":\"2021-07-24T22:49:27+00:00\",\"mainEntityOfPage\":{\"@id\":\"https:\/\/www.sonoraenequipo.com.mx\/mexico-propone-sustituir-a-la-oea-por-un-organismo-de-integracion-regional-semejante-a-la-union-europea\/\"},\"wordCount\":364,\"commentCount\":0,\"publisher\":{\"@id\":\"https:\/\/www.sonoraenequipo.com.mx\/#organization\"},\"image\":{\"@id\":\"https:\/\/www.sonoraenequipo.com.mx\/mexico-propone-sustituir-a-la-oea-por-un-organismo-de-integracion-regional-semejante-a-la-union-europea\/#primaryimage\"},\"thumbnailUrl\":\"https:\/\/www.sonoraenequipo.com.mx\/storage\/2021\/07\/Celac-Mexico_opt.jpg\",\"articleSection\":[\"MUNDO\"],\"inLanguage\":\"es\",\"potentialAction\":[{\"@type\":\"CommentAction\",\"name\":\"Comment\",\"target\":[\"https:\/\/www.sonoraenequipo.com.mx\/mexico-propone-sustituir-a-la-oea-por-un-organismo-de-integracion-regional-semejante-a-la-union-europea\/#respond\"]}]},{\"@type\":\"WebPage\",\"@id\":\"https:\/\/www.sonoraenequipo.com.mx\/mexico-propone-sustituir-a-la-oea-por-un-organismo-de-integracion-regional-semejante-a-la-union-europea\/\",\"url\":\"https:\/\/www.sonoraenequipo.com.mx\/mexico-propone-sustituir-a-la-oea-por-un-organismo-de-integracion-regional-semejante-a-la-union-europea\/\",\"name\":\"Sonora en Equipo. M\u00e9xico propone sustituir a la OEA por un organismo de integraci\u00f3n regional semejante a la Uni\u00f3n Europea MUNDO\",\"isPartOf\":{\"@id\":\"https:\/\/www.sonoraenequipo.com.mx\/#website\"},\"primaryImageOfPage\":{\"@id\":\"https:\/\/www.sonoraenequipo.com.mx\/mexico-propone-sustituir-a-la-oea-por-un-organismo-de-integracion-regional-semejante-a-la-union-europea\/#primaryimage\"},\"image\":{\"@id\":\"https:\/\/www.sonoraenequipo.com.mx\/mexico-propone-sustituir-a-la-oea-por-un-organismo-de-integracion-regional-semejante-a-la-union-europea\/#primaryimage\"},\"thumbnailUrl\":\"https:\/\/www.sonoraenequipo.com.mx\/storage\/2021\/07\/Celac-Mexico_opt.jpg\",\"datePublished\":\"2021-07-24T17:10:14+00:00\",\"dateModified\":\"2021-07-24T22:49:27+00:00\",\"description\":\"CIUDAD DE M\u00c9XICO. MX. \u2014 El presidente de M\u00e9xico, Andr\u00e9s Manuel L\u00f3pez Obrador, propuso este s\u00e1bado la creaci\u00f3n de un organismo de integraci\u00f3n para Am\u00e9rica En Sonora en Equipo publicamos toda la informaci\u00f3n de Sonora, M\u00e9xico y el Mundo de manera oportuna y busca que la libertad de expresi\u00f3n sea real. Visita nuestro medio informativo publicado desde Hermosillo, Sonora. %\",\"breadcrumb\":{\"@id\":\"https:\/\/www.sonoraenequipo.com.mx\/mexico-propone-sustituir-a-la-oea-por-un-organismo-de-integracion-regional-semejante-a-la-union-europea\/#breadcrumb\"},\"inLanguage\":\"es\",\"potentialAction\":[{\"@type\":\"ReadAction\",\"target\":[\"https:\/\/www.sonoraenequipo.com.mx\/mexico-propone-sustituir-a-la-oea-por-un-organismo-de-integracion-regional-semejante-a-la-union-europea\/\"]}]},{\"@type\":\"ImageObject\",\"inLanguage\":\"es\",\"@id\":\"https:\/\/www.sonoraenequipo.com.mx\/mexico-propone-sustituir-a-la-oea-por-un-organismo-de-integracion-regional-semejante-a-la-union-europea\/#primaryimage\",\"url\":\"https:\/\/www.sonoraenequipo.com.mx\/storage\/2021\/07\/Celac-Mexico_opt.jpg\",\"contentUrl\":\"https:\/\/www.sonoraenequipo.com.mx\/storage\/2021\/07\/Celac-Mexico_opt.jpg\",\"width\":700,\"height\":400},{\"@type\":\"BreadcrumbList\",\"@id\":\"https:\/\/www.sonoraenequipo.com.mx\/mexico-propone-sustituir-a-la-oea-por-un-organismo-de-integracion-regional-semejante-a-la-union-europea\/#breadcrumb\",\"itemListElement\":[{\"@type\":\"ListItem\",\"position\":1,\"name\":\"Portada\",\"item\":\"https:\/\/www.sonoraenequipo.com.mx\/\"},{\"@type\":\"ListItem\",\"position\":2,\"name\":\"M\u00e9xico propone sustituir a la OEA por un organismo de integraci\u00f3n regional semejante a la Uni\u00f3n Europea\"}]},{\"@type\":\"WebSite\",\"@id\":\"https:\/\/www.sonoraenequipo.com.mx\/#website\",\"url\":\"https:\/\/www.sonoraenequipo.com.mx\/\",\"name\":\"Sonora en Equipo.\",\"description\":\"Diario en l\u00ednea con Noticias desde Hermosillo, Sonora\",\"publisher\":{\"@id\":\"https:\/\/www.sonoraenequipo.com.mx\/#organization\"},\"potentialAction\":[{\"@type\":\"SearchAction\",\"target\":{\"@type\":\"EntryPoint\",\"urlTemplate\":\"https:\/\/www.sonoraenequipo.com.mx\/?s={search_term_string}\"},\"query-input\":{\"@type\":\"PropertyValueSpecification\",\"valueRequired\":true,\"valueName\":\"search_term_string\"}}],\"inLanguage\":\"es\"},{\"@type\":\"Organization\",\"@id\":\"https:\/\/www.sonoraenequipo.com.mx\/#organization\",\"name\":\"Sonoraenequipo.com.mx\",\"url\":\"https:\/\/www.sonoraenequipo.com.mx\/\",\"logo\":{\"@type\":\"ImageObject\",\"inLanguage\":\"es\",\"@id\":\"https:\/\/www.sonoraenequipo.com.mx\/#\/schema\/logo\/image\/\",\"url\":\"https:\/\/www.sonoraenequipo.com.mx\/storage\/2019\/01\/sonoraenequipo_opt.png\",\"contentUrl\":\"https:\/\/www.sonoraenequipo.com.mx\/storage\/2019\/01\/sonoraenequipo_opt.png\",\"width\":375,\"height\":125,\"caption\":\"Sonoraenequipo.com.mx\"},\"image\":{\"@id\":\"https:\/\/www.sonoraenequipo.com.mx\/#\/schema\/logo\/image\/\"},\"sameAs\":[\"https:\/\/www.facebook.com\/SonoraEE\/\",\"https:\/\/x.com\/sonoraenequipo\",\"https:\/\/www.youtube.com\/channel\/UC338nW-lPEYmJQs4ZABQ1SQ\"]},{\"@type\":\"Person\",\"@id\":\"https:\/\/www.sonoraenequipo.com.mx\/#\/schema\/person\/50102df0fb23a8fa9e8effad8fa81386\",\"name\":\"enequipo\",\"image\":{\"@type\":\"ImageObject\",\"inLanguage\":\"es\",\"@id\":\"https:\/\/www.sonoraenequipo.com.mx\/#\/schema\/person\/image\/\",\"url\":\"https:\/\/secure.gravatar.com\/avatar\/049821681b589dabc0bc20695993ccebb09f5b5d4d790cd9251b97faac7c652b?s=96&d=blank&r=g\",\"contentUrl\":\"https:\/\/secure.gravatar.com\/avatar\/049821681b589dabc0bc20695993ccebb09f5b5d4d790cd9251b97faac7c652b?s=96&d=blank&r=g\",\"caption\":\"enequipo\"},\"sameAs\":[\"https:\/\/www.facebook.com\/SonoraEE\"]}]}<\/script>\n ","yoast_head_json":{"title":"Sonora en Equipo. M\u00e9xico propone sustituir a la OEA por un organismo de integraci\u00f3n regional semejante a la Uni\u00f3n Europea MUNDO","description":"CIUDAD DE M\u00c9XICO. MX. \u2014 El presidente de M\u00e9xico, Andr\u00e9s Manuel L\u00f3pez Obrador, propuso este s\u00e1bado la creaci\u00f3n de un organismo de integraci\u00f3n para Am\u00e9rica En Sonora en Equipo publicamos toda la informaci\u00f3n de Sonora, M\u00e9xico y el Mundo de manera oportuna y busca que la libertad de expresi\u00f3n sea real. Visita nuestro medio informativo publicado desde Hermosillo, Sonora. %","robots":{"index":"index","follow":"follow","max-snippet":"max-snippet:-1","max-image-preview":"max-image-preview:large","max-video-preview":"max-video-preview:-1"},"canonical":"https:\/\/www.sonoraenequipo.com.mx\/mexico-propone-sustituir-a-la-oea-por-un-organismo-de-integracion-regional-semejante-a-la-union-europea\/","og_locale":"es_ES","og_type":"article","og_title":"Sonora en Equipo. M\u00e9xico propone sustituir a la OEA por un organismo de integraci\u00f3n regional semejante a la Uni\u00f3n Europea MUNDO","og_description":"CIUDAD DE M\u00c9XICO. MX. \u2014 El presidente de M\u00e9xico, Andr\u00e9s Manuel L\u00f3pez Obrador, propuso este s\u00e1bado la creaci\u00f3n de un organismo de integraci\u00f3n para Am\u00e9rica En Sonora en Equipo publicamos toda la informaci\u00f3n de Sonora, M\u00e9xico y el Mundo de manera oportuna y busca que la libertad de expresi\u00f3n sea real. Visita nuestro medio informativo publicado desde Hermosillo, Sonora. %","og_url":"https:\/\/www.sonoraenequipo.com.mx\/mexico-propone-sustituir-a-la-oea-por-un-organismo-de-integracion-regional-semejante-a-la-union-europea\/","og_site_name":"Sonora en Equipo.","article_publisher":"https:\/\/www.facebook.com\/SonoraEE\/","article_author":"https:\/\/www.facebook.com\/SonoraEE","article_published_time":"2021-07-24T17:10:14+00:00","article_modified_time":"2021-07-24T22:49:27+00:00","og_image":[{"width":700,"height":400,"url":"https:\/\/www.sonoraenequipo.com.mx\/storage\/2021\/07\/Celac-Mexico_opt.jpg","type":"image\/jpeg"}],"author":"enequipo","twitter_card":"summary_large_image","twitter_creator":"@sonoraenequipo","twitter_site":"@sonoraenequipo","twitter_misc":{"Escrito por":"enequipo","Tiempo de lectura":"2 minutos"},"schema":{"@context":"https:\/\/schema.org","@graph":[{"@type":"Article","@id":"https:\/\/www.sonoraenequipo.com.mx\/mexico-propone-sustituir-a-la-oea-por-un-organismo-de-integracion-regional-semejante-a-la-union-europea\/#article","isPartOf":{"@id":"https:\/\/www.sonoraenequipo.com.mx\/mexico-propone-sustituir-a-la-oea-por-un-organismo-de-integracion-regional-semejante-a-la-union-europea\/"},"author":{"name":"enequipo","@id":"https:\/\/www.sonoraenequipo.com.mx\/#\/schema\/person\/50102df0fb23a8fa9e8effad8fa81386"},"headline":"M\u00e9xico propone sustituir a la OEA por un organismo de integraci\u00f3n regional semejante a la Uni\u00f3n Europea","datePublished":"2021-07-24T17:10:14+00:00","dateModified":"2021-07-24T22:49:27+00:00","mainEntityOfPage":{"@id":"https:\/\/www.sonoraenequipo.com.mx\/mexico-propone-sustituir-a-la-oea-por-un-organismo-de-integracion-regional-semejante-a-la-union-europea\/"},"wordCount":364,"commentCount":0,"publisher":{"@id":"https:\/\/www.sonoraenequipo.com.mx\/#organization"},"image":{"@id":"https:\/\/www.sonoraenequipo.com.mx\/mexico-propone-sustituir-a-la-oea-por-un-organismo-de-integracion-regional-semejante-a-la-union-europea\/#primaryimage"},"thumbnailUrl":"https:\/\/www.sonoraenequipo.com.mx\/storage\/2021\/07\/Celac-Mexico_opt.jpg","articleSection":["MUNDO"],"inLanguage":"es","potentialAction":[{"@type":"CommentAction","name":"Comment","target":["https:\/\/www.sonoraenequipo.com.mx\/mexico-propone-sustituir-a-la-oea-por-un-organismo-de-integracion-regional-semejante-a-la-union-europea\/#respond"]}]},{"@type":"WebPage","@id":"https:\/\/www.sonoraenequipo.com.mx\/mexico-propone-sustituir-a-la-oea-por-un-organismo-de-integracion-regional-semejante-a-la-union-europea\/","url":"https:\/\/www.sonoraenequipo.com.mx\/mexico-propone-sustituir-a-la-oea-por-un-organismo-de-integracion-regional-semejante-a-la-union-europea\/","name":"Sonora en Equipo. M\u00e9xico propone sustituir a la OEA por un organismo de integraci\u00f3n regional semejante a la Uni\u00f3n Europea MUNDO","isPartOf":{"@id":"https:\/\/www.sonoraenequipo.com.mx\/#website"},"primaryImageOfPage":{"@id":"https:\/\/www.sonoraenequipo.com.mx\/mexico-propone-sustituir-a-la-oea-por-un-organismo-de-integracion-regional-semejante-a-la-union-europea\/#primaryimage"},"image":{"@id":"https:\/\/www.sonoraenequipo.com.mx\/mexico-propone-sustituir-a-la-oea-por-un-organismo-de-integracion-regional-semejante-a-la-union-europea\/#primaryimage"},"thumbnailUrl":"https:\/\/www.sonoraenequipo.com.mx\/storage\/2021\/07\/Celac-Mexico_opt.jpg","datePublished":"2021-07-24T17:10:14+00:00","dateModified":"2021-07-24T22:49:27+00:00","description":"CIUDAD DE M\u00c9XICO. MX. \u2014 El presidente de M\u00e9xico, Andr\u00e9s Manuel L\u00f3pez Obrador, propuso este s\u00e1bado la creaci\u00f3n de un organismo de integraci\u00f3n para Am\u00e9rica En Sonora en Equipo publicamos toda la informaci\u00f3n de Sonora, M\u00e9xico y el Mundo de manera oportuna y busca que la libertad de expresi\u00f3n sea real. Visita nuestro medio informativo publicado desde Hermosillo, Sonora. %","breadcrumb":{"@id":"https:\/\/www.sonoraenequipo.com.mx\/mexico-propone-sustituir-a-la-oea-por-un-organismo-de-integracion-regional-semejante-a-la-union-europea\/#breadcrumb"},"inLanguage":"es","potentialAction":[{"@type":"ReadAction","target":["https:\/\/www.sonoraenequipo.com.mx\/mexico-propone-sustituir-a-la-oea-por-un-organismo-de-integracion-regional-semejante-a-la-union-europea\/"]}]},{"@type":"ImageObject","inLanguage":"es","@id":"https:\/\/www.sonoraenequipo.com.mx\/mexico-propone-sustituir-a-la-oea-por-un-organismo-de-integracion-regional-semejante-a-la-union-europea\/#primaryimage","url":"https:\/\/www.sonoraenequipo.com.mx\/storage\/2021\/07\/Celac-Mexico_opt.jpg","contentUrl":"https:\/\/www.sonoraenequipo.com.mx\/storage\/2021\/07\/Celac-Mexico_opt.jpg","width":700,"height":400},{"@type":"BreadcrumbList","@id":"https:\/\/www.sonoraenequipo.com.mx\/mexico-propone-sustituir-a-la-oea-por-un-organismo-de-integracion-regional-semejante-a-la-union-europea\/#breadcrumb","itemListElement":[{"@type":"ListItem","position":1,"name":"Portada","item":"https:\/\/www.sonoraenequipo.com.mx\/"},{"@type":"ListItem","position":2,"name":"M\u00e9xico propone sustituir a la OEA por un organismo de integraci\u00f3n regional semejante a la Uni\u00f3n Europea"}]},{"@type":"WebSite","@id":"https:\/\/www.sonoraenequipo.com.mx\/#website","url":"https:\/\/www.sonoraenequipo.com.mx\/","name":"Sonora en Equipo.","description":"Diario en l\u00ednea con Noticias desde Hermosillo, Sonora","publisher":{"@id":"https:\/\/www.sonoraenequipo.com.mx\/#organization"},"potentialAction":[{"@type":"SearchAction","target":{"@type":"EntryPoint","urlTemplate":"https:\/\/www.sonoraenequipo.com.mx\/?s={search_term_string}"},"query-input":{"@type":"PropertyValueSpecification","valueRequired":true,"valueName":"search_term_string"}}],"inLanguage":"es"},{"@type":"Organization","@id":"https:\/\/www.sonoraenequipo.com.mx\/#organization","name":"Sonoraenequipo.com.mx","url":"https:\/\/www.sonoraenequipo.com.mx\/","logo":{"@type":"ImageObject","inLanguage":"es","@id":"https:\/\/www.sonoraenequipo.com.mx\/#\/schema\/logo\/image\/","url":"https:\/\/www.sonoraenequipo.com.mx\/storage\/2019\/01\/sonoraenequipo_opt.png","contentUrl":"https:\/\/www.sonoraenequipo.com.mx\/storage\/2019\/01\/sonoraenequipo_opt.png","width":375,"height":125,"caption":"Sonoraenequipo.com.mx"},"image":{"@id":"https:\/\/www.sonoraenequipo.com.mx\/#\/schema\/logo\/image\/"},"sameAs":["https:\/\/www.facebook.com\/SonoraEE\/","https:\/\/x.com\/sonoraenequipo","https:\/\/www.youtube.com\/channel\/UC338nW-lPEYmJQs4ZABQ1SQ"]},{"@type":"Person","@id":"https:\/\/www.sonoraenequipo.com.mx\/#\/schema\/person\/50102df0fb23a8fa9e8effad8fa81386","name":"enequipo","image":{"@type":"ImageObject","inLanguage":"es","@id":"https:\/\/www.sonoraenequipo.com.mx\/#\/schema\/person\/image\/","url":"https:\/\/secure.gravatar.com\/avatar\/049821681b589dabc0bc20695993ccebb09f5b5d4d790cd9251b97faac7c652b?s=96&d=blank&r=g","contentUrl":"https:\/\/secure.gravatar.com\/avatar\/049821681b589dabc0bc20695993ccebb09f5b5d4d790cd9251b97faac7c652b?s=96&d=blank&r=g","caption":"enequipo"},"sameAs":["https:\/\/www.facebook.com\/SonoraEE"]}]}},"jetpack_featured_media_url":"https:\/\/www.sonoraenequipo.com.mx\/storage\/2021\/07\/Celac-Mexico_opt.jpg","_links":{"self":[{"href":"https:\/\/www.sonoraenequipo.com.mx\/api\/wp\/v2\/posts\/119011","targetHints":{"allow":["GET"]}}],"collection":[{"href":"https:\/\/www.sonoraenequipo.com.mx\/api\/wp\/v2\/posts"}],"about":[{"href":"https:\/\/www.sonoraenequipo.com.mx\/api\/wp\/v2\/types\/post"}],"author":[{"embeddable":true,"href":"https:\/\/www.sonoraenequipo.com.mx\/api\/wp\/v2\/users\/1"}],"replies":[{"embeddable":true,"href":"https:\/\/www.sonoraenequipo.com.mx\/api\/wp\/v2\/comments?post=119011"}],"version-history":[{"count":1,"href":"https:\/\/www.sonoraenequipo.com.mx\/api\/wp\/v2\/posts\/119011\/revisions"}],"predecessor-version":[{"id":119013,"href":"https:\/\/www.sonoraenequipo.com.mx\/api\/wp\/v2\/posts\/119011\/revisions\/119013"}],"wp:featuredmedia":[{"embeddable":true,"href":"https:\/\/www.sonoraenequipo.com.mx\/api\/wp\/v2\/media\/119012"}],"wp:attachment":[{"href":"https:\/\/www.sonoraenequipo.com.mx\/api\/wp\/v2\/media?parent=119011"}],"wp:term":[{"taxonomy":"category","embeddable":true,"href":"https:\/\/www.sonoraenequipo.com.mx\/api\/wp\/v2\/categories?post=119011"},{"taxonomy":"post_tag","embeddable":true,"href":"https:\/\/www.sonoraenequipo.com.mx\/api\/wp\/v2\/tags?post=119011"}],"curies":[{"name":"wp","href":"https:\/\/api.w.org\/{rel}","templated":true}]}}