{"id":119017,"date":"2021-07-24T16:23:38","date_gmt":"2021-07-24T23:23:38","guid":{"rendered":"https:\/\/www.sonoraenequipo.com.mx\/?p=119017"},"modified":"2021-07-24T16:48:59","modified_gmt":"2021-07-24T23:48:59","slug":"discurso-en-el-238-aniversario-del-natalicio-de-simon-bolivar","status":"publish","type":"post","link":"https:\/\/www.sonoraenequipo.com.mx\/discurso-en-el-238-aniversario-del-natalicio-de-simon-bolivar\/","title":{"rendered":"Encabeza presidente de M\u00e9xico conmemoraci\u00f3n del Natalicio de Sim\u00f3n Bol\u00edvar"},"content":{"rendered":"<p>CIUDAD DE M\u00c9XICO. MX. \u2014 El presidente Andr\u00e9s Manuel L\u00f3pez Obrador encabez\u00f3 la conmemoraci\u00f3n del 238 Aniversario del Nacimiento de Sim\u00f3n Bol\u00edvar en el Castillo de Chapultepec.<\/p>\n<p>&nbsp;<\/p>\n<p> <\/p>\n<p>&nbsp;<\/p>\n<p>Por parte del gobierno federal asistieron la secretaria de Cultura, Alejandra Frausto Guerrero y los secretarios de Relaciones Exteriores, Marcelo Ebrard Casaub\u00f3n; el secretario de la Defensa Nacional, Luis Cresencio Sandoval Gonz\u00e1lez; el secretario de Marina, Jos\u00e9 Rafael Ojeda Dur\u00e1n y el presidente de la Comisi\u00f3n Presidencial para la Conmemoraci\u00f3n de Hechos, Procesos y Personajes Hist\u00f3ricos de M\u00e9xico, Zo\u00e9 Robledo Aburto.<\/p>\n<p>&nbsp;<\/p>\n<p>El jefe del Ejecutivo estuvo acompa\u00f1ado de la doctora Beatriz Guti\u00e9rrez M\u00fcller; de la jefa de Gobierno de la Ciudad de M\u00e9xico, Claudia Sheinbaum Pardo; de la escritora Isabel Ang\u00e9lica Allende Llona; de la diputada y presidenta de la Mesa Directiva de la C\u00e1mara de Diputados, Dulce Mar\u00eda Sauri Riancho; del senador y presidente de la Mesa Directiva del Senado de la Rep\u00fablica, Eduardo Ram\u00edrez Aguilar; del alcalde en Miguel Hidalgo, Abraham Borden Camacho y de la cantante Lila Downs S\u00e1nchez.<\/p>\n<p><iframe loading=\"lazy\" title=\"Discurso en el 238 Aniversario del Natalicio de Simo\u0301n Boli\u0301var\" width=\"640\" height=\"360\" src=\"https:\/\/www.youtube.com\/embed\/JrvSTSyk2WE?feature=oembed\" frameborder=\"0\" allow=\"accelerometer; autoplay; clipboard-write; encrypted-media; gyroscope; picture-in-picture; web-share\" referrerpolicy=\"strict-origin-when-cross-origin\" allowfullscreen><\/iframe><\/p>\n<p>&nbsp;<\/p>\n<p>&nbsp;<\/p>\n<p>(Publicada el 24\/07\/2021)<\/p>\n","protected":false},"excerpt":{"rendered":"<p>CIUDAD DE M\u00c9XICO. MX. \u2014 El presidente Andr\u00e9s Manuel L\u00f3pez Obrador encabez\u00f3 la conmemoraci\u00f3n del&#8230;<\/p>\n","protected":false},"author":1,"featured_media":119018,"comment_status":"open","ping_status":"open","sticky":false,"template":"","format":"standard","meta":{"_monsterinsights_skip_tracking":false,"_monsterinsights_sitenote_active":false,"_monsterinsights_sitenote_note":"","_monsterinsights_sitenote_category":0,"footnotes":""},"categories":[5],"tags":[],"class_list":["post"],"yoast_head":" \n<title>Sonora en Equipo. Encabeza presidente de M\u00e9xico conmemoraci\u00f3n del Natalicio de Sim\u00f3n Bol\u00edvar Rep\u00fablica<\/title>\n<meta name=\"description\" content=\"CIUDAD DE M\u00c9XICO. MX. \u2014 El presidente Andr\u00e9s Manuel L\u00f3pez Obrador encabez\u00f3 la conmemoraci\u00f3n del 238 Aniversario del Nacimiento de Sim\u00f3n Bol\u00edvar en el En Sonora en Equipo publicamos toda la informaci\u00f3n de Sonora, M\u00e9xico y el Mundo de manera oportuna y busca que la libertad de expresi\u00f3n sea real. Visita nuestro medio informativo publicado desde Hermosillo, Sonora. %\" \/>\n<meta name=\"robots\" content=\"index, follow, max-snippet:-1, max-image-preview:large, max-video-preview:-1\" \/>\n<link rel=\"canonical\" href=\"https:\/\/www.sonoraenequipo.com.mx\/discurso-en-el-238-aniversario-del-natalicio-de-simon-bolivar\/\" \/>\n<meta property=\"og:locale\" content=\"es_ES\" \/>\n<meta property=\"og:type\" content=\"article\" \/>\n<meta property=\"og:title\" content=\"Sonora en Equipo. Encabeza presidente de M\u00e9xico conmemoraci\u00f3n del Natalicio de Sim\u00f3n Bol\u00edvar Rep\u00fablica\" \/>\n<meta property=\"og:description\" content=\"CIUDAD DE M\u00c9XICO. MX. \u2014 El presidente Andr\u00e9s Manuel L\u00f3pez Obrador encabez\u00f3 la conmemoraci\u00f3n del 238 Aniversario del Nacimiento de Sim\u00f3n Bol\u00edvar en el En Sonora en Equipo publicamos toda la informaci\u00f3n de Sonora, M\u00e9xico y el Mundo de manera oportuna y busca que la libertad de expresi\u00f3n sea real. Visita nuestro medio informativo publicado desde Hermosillo, Sonora. %\" \/>\n<meta property=\"og:url\" content=\"https:\/\/www.sonoraenequipo.com.mx\/discurso-en-el-238-aniversario-del-natalicio-de-simon-bolivar\/\" \/>\n<meta property=\"og:site_name\" content=\"Sonora en Equipo.\" \/>\n<meta property=\"article:publisher\" content=\"https:\/\/www.facebook.com\/SonoraEE\/\" \/>\n<meta property=\"article:author\" content=\"https:\/\/www.facebook.com\/SonoraEE\" \/>\n<meta property=\"article:published_time\" content=\"2021-07-24T23:23:38+00:00\" \/>\n<meta property=\"article:modified_time\" content=\"2021-07-24T23:48:59+00:00\" \/>\n<meta property=\"og:image\" content=\"https:\/\/www.sonoraenequipo.com.mx\/storage\/2021\/07\/discurso-238-Aniversario-del-Natalicio-de-Simo\u0301n-Boli\u0301var_opt.jpg\" \/>\n\t<meta property=\"og:image:width\" content=\"700\" \/>\n\t<meta property=\"og:image:height\" content=\"400\" \/>\n\t<meta property=\"og:image:type\" content=\"image\/jpeg\" \/>\n<meta name=\"author\" content=\"enequipo\" \/>\n<meta name=\"twitter:card\" content=\"summary_large_image\" \/>\n<meta name=\"twitter:creator\" content=\"@sonoraenequipo\" \/>\n<meta name=\"twitter:site\" content=\"@sonoraenequipo\" \/>\n<meta name=\"twitter:label1\" content=\"Escrito por\" \/>\n\t<meta name=\"twitter:data1\" content=\"enequipo\" \/>\n\t<meta name=\"twitter:label2\" content=\"Tiempo de lectura\" \/>\n\t<meta name=\"twitter:data2\" content=\"1 minuto\" \/>\n<script type=\"application\/ld+json\" class=\"yoast-schema-graph\">{\"@context\":\"https:\/\/schema.org\",\"@graph\":[{\"@type\":\"Article\",\"@id\":\"https:\/\/www.sonoraenequipo.com.mx\/discurso-en-el-238-aniversario-del-natalicio-de-simon-bolivar\/#article\",\"isPartOf\":{\"@id\":\"https:\/\/www.sonoraenequipo.com.mx\/discurso-en-el-238-aniversario-del-natalicio-de-simon-bolivar\/\"},\"author\":{\"name\":\"enequipo\",\"@id\":\"https:\/\/www.sonoraenequipo.com.mx\/#\/schema\/person\/50102df0fb23a8fa9e8effad8fa81386\"},\"headline\":\"Encabeza presidente de M\u00e9xico conmemoraci\u00f3n del Natalicio de Sim\u00f3n Bol\u00edvar\",\"datePublished\":\"2021-07-24T23:23:38+00:00\",\"dateModified\":\"2021-07-24T23:48:59+00:00\",\"mainEntityOfPage\":{\"@id\":\"https:\/\/www.sonoraenequipo.com.mx\/discurso-en-el-238-aniversario-del-natalicio-de-simon-bolivar\/\"},\"wordCount\":219,\"commentCount\":0,\"publisher\":{\"@id\":\"https:\/\/www.sonoraenequipo.com.mx\/#organization\"},\"image\":{\"@id\":\"https:\/\/www.sonoraenequipo.com.mx\/discurso-en-el-238-aniversario-del-natalicio-de-simon-bolivar\/#primaryimage\"},\"thumbnailUrl\":\"https:\/\/www.sonoraenequipo.com.mx\/storage\/2021\/07\/discurso-238-Aniversario-del-Natalicio-de-Simo\u0301n-Boli\u0301var_opt.jpg\",\"articleSection\":[\"Rep\u00fablica\"],\"inLanguage\":\"es\",\"potentialAction\":[{\"@type\":\"CommentAction\",\"name\":\"Comment\",\"target\":[\"https:\/\/www.sonoraenequipo.com.mx\/discurso-en-el-238-aniversario-del-natalicio-de-simon-bolivar\/#respond\"]}]},{\"@type\":\"WebPage\",\"@id\":\"https:\/\/www.sonoraenequipo.com.mx\/discurso-en-el-238-aniversario-del-natalicio-de-simon-bolivar\/\",\"url\":\"https:\/\/www.sonoraenequipo.com.mx\/discurso-en-el-238-aniversario-del-natalicio-de-simon-bolivar\/\",\"name\":\"Sonora en Equipo. Encabeza presidente de M\u00e9xico conmemoraci\u00f3n del Natalicio de Sim\u00f3n Bol\u00edvar Rep\u00fablica\",\"isPartOf\":{\"@id\":\"https:\/\/www.sonoraenequipo.com.mx\/#website\"},\"primaryImageOfPage\":{\"@id\":\"https:\/\/www.sonoraenequipo.com.mx\/discurso-en-el-238-aniversario-del-natalicio-de-simon-bolivar\/#primaryimage\"},\"image\":{\"@id\":\"https:\/\/www.sonoraenequipo.com.mx\/discurso-en-el-238-aniversario-del-natalicio-de-simon-bolivar\/#primaryimage\"},\"thumbnailUrl\":\"https:\/\/www.sonoraenequipo.com.mx\/storage\/2021\/07\/discurso-238-Aniversario-del-Natalicio-de-Simo\u0301n-Boli\u0301var_opt.jpg\",\"datePublished\":\"2021-07-24T23:23:38+00:00\",\"dateModified\":\"2021-07-24T23:48:59+00:00\",\"description\":\"CIUDAD DE M\u00c9XICO. MX. \u2014 El presidente Andr\u00e9s Manuel L\u00f3pez Obrador encabez\u00f3 la conmemoraci\u00f3n del 238 Aniversario del Nacimiento de Sim\u00f3n Bol\u00edvar en el En Sonora en Equipo publicamos toda la informaci\u00f3n de Sonora, M\u00e9xico y el Mundo de manera oportuna y busca que la libertad de expresi\u00f3n sea real. Visita nuestro medio informativo publicado desde Hermosillo, Sonora. %\",\"breadcrumb\":{\"@id\":\"https:\/\/www.sonoraenequipo.com.mx\/discurso-en-el-238-aniversario-del-natalicio-de-simon-bolivar\/#breadcrumb\"},\"inLanguage\":\"es\",\"potentialAction\":[{\"@type\":\"ReadAction\",\"target\":[\"https:\/\/www.sonoraenequipo.com.mx\/discurso-en-el-238-aniversario-del-natalicio-de-simon-bolivar\/\"]}]},{\"@type\":\"ImageObject\",\"inLanguage\":\"es\",\"@id\":\"https:\/\/www.sonoraenequipo.com.mx\/discurso-en-el-238-aniversario-del-natalicio-de-simon-bolivar\/#primaryimage\",\"url\":\"https:\/\/www.sonoraenequipo.com.mx\/storage\/2021\/07\/discurso-238-Aniversario-del-Natalicio-de-Simo\u0301n-Boli\u0301var_opt.jpg\",\"contentUrl\":\"https:\/\/www.sonoraenequipo.com.mx\/storage\/2021\/07\/discurso-238-Aniversario-del-Natalicio-de-Simo\u0301n-Boli\u0301var_opt.jpg\",\"width\":700,\"height\":400},{\"@type\":\"BreadcrumbList\",\"@id\":\"https:\/\/www.sonoraenequipo.com.mx\/discurso-en-el-238-aniversario-del-natalicio-de-simon-bolivar\/#breadcrumb\",\"itemListElement\":[{\"@type\":\"ListItem\",\"position\":1,\"name\":\"Portada\",\"item\":\"https:\/\/www.sonoraenequipo.com.mx\/\"},{\"@type\":\"ListItem\",\"position\":2,\"name\":\"Encabeza presidente de M\u00e9xico conmemoraci\u00f3n del Natalicio de Sim\u00f3n Bol\u00edvar\"}]},{\"@type\":\"WebSite\",\"@id\":\"https:\/\/www.sonoraenequipo.com.mx\/#website\",\"url\":\"https:\/\/www.sonoraenequipo.com.mx\/\",\"name\":\"Sonora en Equipo.\",\"description\":\"Diario en l\u00ednea con Noticias desde Hermosillo, Sonora\",\"publisher\":{\"@id\":\"https:\/\/www.sonoraenequipo.com.mx\/#organization\"},\"potentialAction\":[{\"@type\":\"SearchAction\",\"target\":{\"@type\":\"EntryPoint\",\"urlTemplate\":\"https:\/\/www.sonoraenequipo.com.mx\/?s={search_term_string}\"},\"query-input\":{\"@type\":\"PropertyValueSpecification\",\"valueRequired\":true,\"valueName\":\"search_term_string\"}}],\"inLanguage\":\"es\"},{\"@type\":\"Organization\",\"@id\":\"https:\/\/www.sonoraenequipo.com.mx\/#organization\",\"name\":\"Sonoraenequipo.com.mx\",\"url\":\"https:\/\/www.sonoraenequipo.com.mx\/\",\"logo\":{\"@type\":\"ImageObject\",\"inLanguage\":\"es\",\"@id\":\"https:\/\/www.sonoraenequipo.com.mx\/#\/schema\/logo\/image\/\",\"url\":\"https:\/\/www.sonoraenequipo.com.mx\/storage\/2019\/01\/sonoraenequipo_opt.png\",\"contentUrl\":\"https:\/\/www.sonoraenequipo.com.mx\/storage\/2019\/01\/sonoraenequipo_opt.png\",\"width\":375,\"height\":125,\"caption\":\"Sonoraenequipo.com.mx\"},\"image\":{\"@id\":\"https:\/\/www.sonoraenequipo.com.mx\/#\/schema\/logo\/image\/\"},\"sameAs\":[\"https:\/\/www.facebook.com\/SonoraEE\/\",\"https:\/\/x.com\/sonoraenequipo\",\"https:\/\/www.youtube.com\/channel\/UC338nW-lPEYmJQs4ZABQ1SQ\"]},{\"@type\":\"Person\",\"@id\":\"https:\/\/www.sonoraenequipo.com.mx\/#\/schema\/person\/50102df0fb23a8fa9e8effad8fa81386\",\"name\":\"enequipo\",\"image\":{\"@type\":\"ImageObject\",\"inLanguage\":\"es\",\"@id\":\"https:\/\/www.sonoraenequipo.com.mx\/#\/schema\/person\/image\/\",\"url\":\"https:\/\/secure.gravatar.com\/avatar\/049821681b589dabc0bc20695993ccebb09f5b5d4d790cd9251b97faac7c652b?s=96&d=blank&r=g\",\"contentUrl\":\"https:\/\/secure.gravatar.com\/avatar\/049821681b589dabc0bc20695993ccebb09f5b5d4d790cd9251b97faac7c652b?s=96&d=blank&r=g\",\"caption\":\"enequipo\"},\"sameAs\":[\"https:\/\/www.facebook.com\/SonoraEE\"]}]}<\/script>\n ","yoast_head_json":{"title":"Sonora en Equipo. Encabeza presidente de M\u00e9xico conmemoraci\u00f3n del Natalicio de Sim\u00f3n Bol\u00edvar Rep\u00fablica","description":"CIUDAD DE M\u00c9XICO. MX. \u2014 El presidente Andr\u00e9s Manuel L\u00f3pez Obrador encabez\u00f3 la conmemoraci\u00f3n del 238 Aniversario del Nacimiento de Sim\u00f3n Bol\u00edvar en el En Sonora en Equipo publicamos toda la informaci\u00f3n de Sonora, M\u00e9xico y el Mundo de manera oportuna y busca que la libertad de expresi\u00f3n sea real. Visita nuestro medio informativo publicado desde Hermosillo, Sonora. %","robots":{"index":"index","follow":"follow","max-snippet":"max-snippet:-1","max-image-preview":"max-image-preview:large","max-video-preview":"max-video-preview:-1"},"canonical":"https:\/\/www.sonoraenequipo.com.mx\/discurso-en-el-238-aniversario-del-natalicio-de-simon-bolivar\/","og_locale":"es_ES","og_type":"article","og_title":"Sonora en Equipo. Encabeza presidente de M\u00e9xico conmemoraci\u00f3n del Natalicio de Sim\u00f3n Bol\u00edvar Rep\u00fablica","og_description":"CIUDAD DE M\u00c9XICO. MX. \u2014 El presidente Andr\u00e9s Manuel L\u00f3pez Obrador encabez\u00f3 la conmemoraci\u00f3n del 238 Aniversario del Nacimiento de Sim\u00f3n Bol\u00edvar en el En Sonora en Equipo publicamos toda la informaci\u00f3n de Sonora, M\u00e9xico y el Mundo de manera oportuna y busca que la libertad de expresi\u00f3n sea real. Visita nuestro medio informativo publicado desde Hermosillo, Sonora. %","og_url":"https:\/\/www.sonoraenequipo.com.mx\/discurso-en-el-238-aniversario-del-natalicio-de-simon-bolivar\/","og_site_name":"Sonora en Equipo.","article_publisher":"https:\/\/www.facebook.com\/SonoraEE\/","article_author":"https:\/\/www.facebook.com\/SonoraEE","article_published_time":"2021-07-24T23:23:38+00:00","article_modified_time":"2021-07-24T23:48:59+00:00","og_image":[{"width":700,"height":400,"url":"https:\/\/www.sonoraenequipo.com.mx\/storage\/2021\/07\/discurso-238-Aniversario-del-Natalicio-de-Simo\u0301n-Boli\u0301var_opt.jpg","type":"image\/jpeg"}],"author":"enequipo","twitter_card":"summary_large_image","twitter_creator":"@sonoraenequipo","twitter_site":"@sonoraenequipo","twitter_misc":{"Escrito por":"enequipo","Tiempo de lectura":"1 minuto"},"schema":{"@context":"https:\/\/schema.org","@graph":[{"@type":"Article","@id":"https:\/\/www.sonoraenequipo.com.mx\/discurso-en-el-238-aniversario-del-natalicio-de-simon-bolivar\/#article","isPartOf":{"@id":"https:\/\/www.sonoraenequipo.com.mx\/discurso-en-el-238-aniversario-del-natalicio-de-simon-bolivar\/"},"author":{"name":"enequipo","@id":"https:\/\/www.sonoraenequipo.com.mx\/#\/schema\/person\/50102df0fb23a8fa9e8effad8fa81386"},"headline":"Encabeza presidente de M\u00e9xico conmemoraci\u00f3n del Natalicio de Sim\u00f3n Bol\u00edvar","datePublished":"2021-07-24T23:23:38+00:00","dateModified":"2021-07-24T23:48:59+00:00","mainEntityOfPage":{"@id":"https:\/\/www.sonoraenequipo.com.mx\/discurso-en-el-238-aniversario-del-natalicio-de-simon-bolivar\/"},"wordCount":219,"commentCount":0,"publisher":{"@id":"https:\/\/www.sonoraenequipo.com.mx\/#organization"},"image":{"@id":"https:\/\/www.sonoraenequipo.com.mx\/discurso-en-el-238-aniversario-del-natalicio-de-simon-bolivar\/#primaryimage"},"thumbnailUrl":"https:\/\/www.sonoraenequipo.com.mx\/storage\/2021\/07\/discurso-238-Aniversario-del-Natalicio-de-Simo\u0301n-Boli\u0301var_opt.jpg","articleSection":["Rep\u00fablica"],"inLanguage":"es","potentialAction":[{"@type":"CommentAction","name":"Comment","target":["https:\/\/www.sonoraenequipo.com.mx\/discurso-en-el-238-aniversario-del-natalicio-de-simon-bolivar\/#respond"]}]},{"@type":"WebPage","@id":"https:\/\/www.sonoraenequipo.com.mx\/discurso-en-el-238-aniversario-del-natalicio-de-simon-bolivar\/","url":"https:\/\/www.sonoraenequipo.com.mx\/discurso-en-el-238-aniversario-del-natalicio-de-simon-bolivar\/","name":"Sonora en Equipo. Encabeza presidente de M\u00e9xico conmemoraci\u00f3n del Natalicio de Sim\u00f3n Bol\u00edvar Rep\u00fablica","isPartOf":{"@id":"https:\/\/www.sonoraenequipo.com.mx\/#website"},"primaryImageOfPage":{"@id":"https:\/\/www.sonoraenequipo.com.mx\/discurso-en-el-238-aniversario-del-natalicio-de-simon-bolivar\/#primaryimage"},"image":{"@id":"https:\/\/www.sonoraenequipo.com.mx\/discurso-en-el-238-aniversario-del-natalicio-de-simon-bolivar\/#primaryimage"},"thumbnailUrl":"https:\/\/www.sonoraenequipo.com.mx\/storage\/2021\/07\/discurso-238-Aniversario-del-Natalicio-de-Simo\u0301n-Boli\u0301var_opt.jpg","datePublished":"2021-07-24T23:23:38+00:00","dateModified":"2021-07-24T23:48:59+00:00","description":"CIUDAD DE M\u00c9XICO. MX. \u2014 El presidente Andr\u00e9s Manuel L\u00f3pez Obrador encabez\u00f3 la conmemoraci\u00f3n del 238 Aniversario del Nacimiento de Sim\u00f3n Bol\u00edvar en el En Sonora en Equipo publicamos toda la informaci\u00f3n de Sonora, M\u00e9xico y el Mundo de manera oportuna y busca que la libertad de expresi\u00f3n sea real. Visita nuestro medio informativo publicado desde Hermosillo, Sonora. %","breadcrumb":{"@id":"https:\/\/www.sonoraenequipo.com.mx\/discurso-en-el-238-aniversario-del-natalicio-de-simon-bolivar\/#breadcrumb"},"inLanguage":"es","potentialAction":[{"@type":"ReadAction","target":["https:\/\/www.sonoraenequipo.com.mx\/discurso-en-el-238-aniversario-del-natalicio-de-simon-bolivar\/"]}]},{"@type":"ImageObject","inLanguage":"es","@id":"https:\/\/www.sonoraenequipo.com.mx\/discurso-en-el-238-aniversario-del-natalicio-de-simon-bolivar\/#primaryimage","url":"https:\/\/www.sonoraenequipo.com.mx\/storage\/2021\/07\/discurso-238-Aniversario-del-Natalicio-de-Simo\u0301n-Boli\u0301var_opt.jpg","contentUrl":"https:\/\/www.sonoraenequipo.com.mx\/storage\/2021\/07\/discurso-238-Aniversario-del-Natalicio-de-Simo\u0301n-Boli\u0301var_opt.jpg","width":700,"height":400},{"@type":"BreadcrumbList","@id":"https:\/\/www.sonoraenequipo.com.mx\/discurso-en-el-238-aniversario-del-natalicio-de-simon-bolivar\/#breadcrumb","itemListElement":[{"@type":"ListItem","position":1,"name":"Portada","item":"https:\/\/www.sonoraenequipo.com.mx\/"},{"@type":"ListItem","position":2,"name":"Encabeza presidente de M\u00e9xico conmemoraci\u00f3n del Natalicio de Sim\u00f3n Bol\u00edvar"}]},{"@type":"WebSite","@id":"https:\/\/www.sonoraenequipo.com.mx\/#website","url":"https:\/\/www.sonoraenequipo.com.mx\/","name":"Sonora en Equipo.","description":"Diario en l\u00ednea con Noticias desde Hermosillo, Sonora","publisher":{"@id":"https:\/\/www.sonoraenequipo.com.mx\/#organization"},"potentialAction":[{"@type":"SearchAction","target":{"@type":"EntryPoint","urlTemplate":"https:\/\/www.sonoraenequipo.com.mx\/?s={search_term_string}"},"query-input":{"@type":"PropertyValueSpecification","valueRequired":true,"valueName":"search_term_string"}}],"inLanguage":"es"},{"@type":"Organization","@id":"https:\/\/www.sonoraenequipo.com.mx\/#organization","name":"Sonoraenequipo.com.mx","url":"https:\/\/www.sonoraenequipo.com.mx\/","logo":{"@type":"ImageObject","inLanguage":"es","@id":"https:\/\/www.sonoraenequipo.com.mx\/#\/schema\/logo\/image\/","url":"https:\/\/www.sonoraenequipo.com.mx\/storage\/2019\/01\/sonoraenequipo_opt.png","contentUrl":"https:\/\/www.sonoraenequipo.com.mx\/storage\/2019\/01\/sonoraenequipo_opt.png","width":375,"height":125,"caption":"Sonoraenequipo.com.mx"},"image":{"@id":"https:\/\/www.sonoraenequipo.com.mx\/#\/schema\/logo\/image\/"},"sameAs":["https:\/\/www.facebook.com\/SonoraEE\/","https:\/\/x.com\/sonoraenequipo","https:\/\/www.youtube.com\/channel\/UC338nW-lPEYmJQs4ZABQ1SQ"]},{"@type":"Person","@id":"https:\/\/www.sonoraenequipo.com.mx\/#\/schema\/person\/50102df0fb23a8fa9e8effad8fa81386","name":"enequipo","image":{"@type":"ImageObject","inLanguage":"es","@id":"https:\/\/www.sonoraenequipo.com.mx\/#\/schema\/person\/image\/","url":"https:\/\/secure.gravatar.com\/avatar\/049821681b589dabc0bc20695993ccebb09f5b5d4d790cd9251b97faac7c652b?s=96&d=blank&r=g","contentUrl":"https:\/\/secure.gravatar.com\/avatar\/049821681b589dabc0bc20695993ccebb09f5b5d4d790cd9251b97faac7c652b?s=96&d=blank&r=g","caption":"enequipo"},"sameAs":["https:\/\/www.facebook.com\/SonoraEE"]}]}},"jetpack_featured_media_url":"https:\/\/www.sonoraenequipo.com.mx\/storage\/2021\/07\/discurso-238-Aniversario-del-Natalicio-de-Simo\u0301n-Boli\u0301var_opt.jpg","_links":{"self":[{"href":"https:\/\/www.sonoraenequipo.com.mx\/api\/wp\/v2\/posts\/119017","targetHints":{"allow":["GET"]}}],"collection":[{"href":"https:\/\/www.sonoraenequipo.com.mx\/api\/wp\/v2\/posts"}],"about":[{"href":"https:\/\/www.sonoraenequipo.com.mx\/api\/wp\/v2\/types\/post"}],"author":[{"embeddable":true,"href":"https:\/\/www.sonoraenequipo.com.mx\/api\/wp\/v2\/users\/1"}],"replies":[{"embeddable":true,"href":"https:\/\/www.sonoraenequipo.com.mx\/api\/wp\/v2\/comments?post=119017"}],"version-history":[{"count":2,"href":"https:\/\/www.sonoraenequipo.com.mx\/api\/wp\/v2\/posts\/119017\/revisions"}],"predecessor-version":[{"id":119024,"href":"https:\/\/www.sonoraenequipo.com.mx\/api\/wp\/v2\/posts\/119017\/revisions\/119024"}],"wp:featuredmedia":[{"embeddable":true,"href":"https:\/\/www.sonoraenequipo.com.mx\/api\/wp\/v2\/media\/119018"}],"wp:attachment":[{"href":"https:\/\/www.sonoraenequipo.com.mx\/api\/wp\/v2\/media?parent=119017"}],"wp:term":[{"taxonomy":"category","embeddable":true,"href":"https:\/\/www.sonoraenequipo.com.mx\/api\/wp\/v2\/categories?post=119017"},{"taxonomy":"post_tag","embeddable":true,"href":"https:\/\/www.sonoraenequipo.com.mx\/api\/wp\/v2\/tags?post=119017"}],"curies":[{"name":"wp","href":"https:\/\/api.w.org\/{rel}","templated":true}]}}