{"id":119025,"date":"2021-07-24T14:27:26","date_gmt":"2021-07-24T21:27:26","guid":{"rendered":"https:\/\/www.sonoraenequipo.com.mx\/?p=119025"},"modified":"2021-07-24T16:56:34","modified_gmt":"2021-07-24T23:56:34","slug":"colombia-confirmo-su-primer-caso-de-la-variante-delta","status":"publish","type":"post","link":"https:\/\/www.sonoraenequipo.com.mx\/colombia-confirmo-su-primer-caso-de-la-variante-delta\/","title":{"rendered":"Colombia confirm\u00f3 su primer caso de la variante Delta"},"content":{"rendered":"<p>BOGOT\u00c1, COLOMBIA. \u2014 El Gobierno colombiano comunic\u00f3 la llegada de la mutaci\u00f3n, presente por ahora en una persona que hab\u00eda viajado a Estados Unidos para ver a familiares. Mientras que en Australia y Francia hubo marchas contra la imposici\u00f3n de medidas restrictivas y la obligatoriedad del pase sanitario, respectivamente. Por su parte, en Vietnam, en sinton\u00eda con S\u00eddney, se aplic\u00f3 una cuarentena en la capital.<\/p>\n<p>&nbsp;<\/p>\n<p> <\/p>\n<p>&nbsp;<\/p>\n<p>La pandemia de coronavirus sigue causando estragos y cierres perif\u00e9ricos en numerosos pa\u00edses a pesar de que la mayor\u00eda ha comenzado sus planes de vacunaci\u00f3n. Incluso en los sitios donde m\u00e1s se ha avanzado en el suministro de vacunas se registran datos altos de infecci\u00f3n entre la poblaci\u00f3n, que a\u00fan no ha recibido la pauta completa.<\/p>\n<p>&nbsp;<\/p>\n<p>Esta situaci\u00f3n preocupa especialmente debido a las posibles mutaciones que pueden generar los contagios y como pueden afectar a la efectividad de las dosis. Hasta ahora, no se tiene constancia de que ninguna de las cepas localizadas a lo largo del mundo haya podido suponer un peligro real para las vacunas.<\/p>\n<p>&nbsp;<\/p>\n<p>Asimismo, preocupa el aumento de los casos en las naciones que conforman el sudeste asi\u00e1tico, que ha propiciado que los confinamientos perif\u00e9ricos regresen.<\/p>\n<p>&nbsp;<\/p>\n<p>Hasta la fecha, se sabe que 193,1 millones de personas se han contagiado de la enfermedad, de las que 4,1 millones han fallecido, seg\u00fan la Universidad Johns Hopkins. El dato positivo es que 3.808 millones de personas de todo el mundo ya han sido inoculadas.<\/p>\n<p>&nbsp;<\/p>\n<p>&nbsp;<\/p>\n<p>(Publicada el 24\/07\/2021)<\/p>\n","protected":false},"excerpt":{"rendered":"<p>BOGOT\u00c1, COLOMBIA. \u2014 El Gobierno colombiano comunic\u00f3 la llegada de la mutaci\u00f3n, presente por ahora&#8230;<\/p>\n","protected":false},"author":1,"featured_media":119026,"comment_status":"open","ping_status":"open","sticky":false,"template":"","format":"standard","meta":{"_monsterinsights_skip_tracking":false,"_monsterinsights_sitenote_active":false,"_monsterinsights_sitenote_note":"","_monsterinsights_sitenote_category":0,"footnotes":""},"categories":[3],"tags":[],"class_list":["post"],"yoast_head":" \n<title>Sonora en Equipo. Colombia confirm\u00f3 su primer caso de la variante Delta MUNDO<\/title>\n<meta name=\"description\" content=\"BOGOT\u00c1, COLOMBIA. \u2014 El Gobierno colombiano comunic\u00f3 la llegada de la mutaci\u00f3n, presente por ahora en una persona que hab\u00eda viajado a Estados Unidos para En Sonora en Equipo publicamos toda la informaci\u00f3n de Sonora, M\u00e9xico y el Mundo de manera oportuna y busca que la libertad de expresi\u00f3n sea real. Visita nuestro medio informativo publicado desde Hermosillo, Sonora. %\" \/>\n<meta name=\"robots\" content=\"index, follow, max-snippet:-1, max-image-preview:large, max-video-preview:-1\" \/>\n<link rel=\"canonical\" href=\"https:\/\/www.sonoraenequipo.com.mx\/colombia-confirmo-su-primer-caso-de-la-variante-delta\/\" \/>\n<meta property=\"og:locale\" content=\"es_ES\" \/>\n<meta property=\"og:type\" content=\"article\" \/>\n<meta property=\"og:title\" content=\"Sonora en Equipo. Colombia confirm\u00f3 su primer caso de la variante Delta MUNDO\" \/>\n<meta property=\"og:description\" content=\"BOGOT\u00c1, COLOMBIA. \u2014 El Gobierno colombiano comunic\u00f3 la llegada de la mutaci\u00f3n, presente por ahora en una persona que hab\u00eda viajado a Estados Unidos para En Sonora en Equipo publicamos toda la informaci\u00f3n de Sonora, M\u00e9xico y el Mundo de manera oportuna y busca que la libertad de expresi\u00f3n sea real. Visita nuestro medio informativo publicado desde Hermosillo, Sonora. %\" \/>\n<meta property=\"og:url\" content=\"https:\/\/www.sonoraenequipo.com.mx\/colombia-confirmo-su-primer-caso-de-la-variante-delta\/\" \/>\n<meta property=\"og:site_name\" content=\"Sonora en Equipo.\" \/>\n<meta property=\"article:publisher\" content=\"https:\/\/www.facebook.com\/SonoraEE\/\" \/>\n<meta property=\"article:author\" content=\"https:\/\/www.facebook.com\/SonoraEE\" \/>\n<meta property=\"article:published_time\" content=\"2021-07-24T21:27:26+00:00\" \/>\n<meta property=\"article:modified_time\" content=\"2021-07-24T23:56:34+00:00\" \/>\n<meta property=\"og:image\" content=\"https:\/\/www.sonoraenequipo.com.mx\/storage\/2021\/07\/Colombia-variante-Delta_opt.jpg\" \/>\n\t<meta property=\"og:image:width\" content=\"700\" \/>\n\t<meta property=\"og:image:height\" content=\"400\" \/>\n\t<meta property=\"og:image:type\" content=\"image\/jpeg\" \/>\n<meta name=\"author\" content=\"enequipo\" \/>\n<meta name=\"twitter:card\" content=\"summary_large_image\" \/>\n<meta name=\"twitter:creator\" content=\"@sonoraenequipo\" \/>\n<meta name=\"twitter:site\" content=\"@sonoraenequipo\" \/>\n<meta name=\"twitter:label1\" content=\"Escrito por\" \/>\n\t<meta name=\"twitter:data1\" content=\"enequipo\" \/>\n\t<meta name=\"twitter:label2\" content=\"Tiempo de lectura\" \/>\n\t<meta name=\"twitter:data2\" content=\"2 minutos\" \/>\n<script type=\"application\/ld+json\" class=\"yoast-schema-graph\">{\"@context\":\"https:\/\/schema.org\",\"@graph\":[{\"@type\":\"Article\",\"@id\":\"https:\/\/www.sonoraenequipo.com.mx\/colombia-confirmo-su-primer-caso-de-la-variante-delta\/#article\",\"isPartOf\":{\"@id\":\"https:\/\/www.sonoraenequipo.com.mx\/colombia-confirmo-su-primer-caso-de-la-variante-delta\/\"},\"author\":{\"name\":\"enequipo\",\"@id\":\"https:\/\/www.sonoraenequipo.com.mx\/#\/schema\/person\/50102df0fb23a8fa9e8effad8fa81386\"},\"headline\":\"Colombia confirm\u00f3 su primer caso de la variante Delta\",\"datePublished\":\"2021-07-24T21:27:26+00:00\",\"dateModified\":\"2021-07-24T23:56:34+00:00\",\"mainEntityOfPage\":{\"@id\":\"https:\/\/www.sonoraenequipo.com.mx\/colombia-confirmo-su-primer-caso-de-la-variante-delta\/\"},\"wordCount\":271,\"commentCount\":0,\"publisher\":{\"@id\":\"https:\/\/www.sonoraenequipo.com.mx\/#organization\"},\"image\":{\"@id\":\"https:\/\/www.sonoraenequipo.com.mx\/colombia-confirmo-su-primer-caso-de-la-variante-delta\/#primaryimage\"},\"thumbnailUrl\":\"https:\/\/www.sonoraenequipo.com.mx\/storage\/2021\/07\/Colombia-variante-Delta_opt.jpg\",\"articleSection\":[\"MUNDO\"],\"inLanguage\":\"es\",\"potentialAction\":[{\"@type\":\"CommentAction\",\"name\":\"Comment\",\"target\":[\"https:\/\/www.sonoraenequipo.com.mx\/colombia-confirmo-su-primer-caso-de-la-variante-delta\/#respond\"]}]},{\"@type\":\"WebPage\",\"@id\":\"https:\/\/www.sonoraenequipo.com.mx\/colombia-confirmo-su-primer-caso-de-la-variante-delta\/\",\"url\":\"https:\/\/www.sonoraenequipo.com.mx\/colombia-confirmo-su-primer-caso-de-la-variante-delta\/\",\"name\":\"Sonora en Equipo. Colombia confirm\u00f3 su primer caso de la variante Delta MUNDO\",\"isPartOf\":{\"@id\":\"https:\/\/www.sonoraenequipo.com.mx\/#website\"},\"primaryImageOfPage\":{\"@id\":\"https:\/\/www.sonoraenequipo.com.mx\/colombia-confirmo-su-primer-caso-de-la-variante-delta\/#primaryimage\"},\"image\":{\"@id\":\"https:\/\/www.sonoraenequipo.com.mx\/colombia-confirmo-su-primer-caso-de-la-variante-delta\/#primaryimage\"},\"thumbnailUrl\":\"https:\/\/www.sonoraenequipo.com.mx\/storage\/2021\/07\/Colombia-variante-Delta_opt.jpg\",\"datePublished\":\"2021-07-24T21:27:26+00:00\",\"dateModified\":\"2021-07-24T23:56:34+00:00\",\"description\":\"BOGOT\u00c1, COLOMBIA. \u2014 El Gobierno colombiano comunic\u00f3 la llegada de la mutaci\u00f3n, presente por ahora en una persona que hab\u00eda viajado a Estados Unidos para En Sonora en Equipo publicamos toda la informaci\u00f3n de Sonora, M\u00e9xico y el Mundo de manera oportuna y busca que la libertad de expresi\u00f3n sea real. Visita nuestro medio informativo publicado desde Hermosillo, Sonora. %\",\"breadcrumb\":{\"@id\":\"https:\/\/www.sonoraenequipo.com.mx\/colombia-confirmo-su-primer-caso-de-la-variante-delta\/#breadcrumb\"},\"inLanguage\":\"es\",\"potentialAction\":[{\"@type\":\"ReadAction\",\"target\":[\"https:\/\/www.sonoraenequipo.com.mx\/colombia-confirmo-su-primer-caso-de-la-variante-delta\/\"]}]},{\"@type\":\"ImageObject\",\"inLanguage\":\"es\",\"@id\":\"https:\/\/www.sonoraenequipo.com.mx\/colombia-confirmo-su-primer-caso-de-la-variante-delta\/#primaryimage\",\"url\":\"https:\/\/www.sonoraenequipo.com.mx\/storage\/2021\/07\/Colombia-variante-Delta_opt.jpg\",\"contentUrl\":\"https:\/\/www.sonoraenequipo.com.mx\/storage\/2021\/07\/Colombia-variante-Delta_opt.jpg\",\"width\":700,\"height\":400},{\"@type\":\"BreadcrumbList\",\"@id\":\"https:\/\/www.sonoraenequipo.com.mx\/colombia-confirmo-su-primer-caso-de-la-variante-delta\/#breadcrumb\",\"itemListElement\":[{\"@type\":\"ListItem\",\"position\":1,\"name\":\"Portada\",\"item\":\"https:\/\/www.sonoraenequipo.com.mx\/\"},{\"@type\":\"ListItem\",\"position\":2,\"name\":\"Colombia confirm\u00f3 su primer caso de la variante Delta\"}]},{\"@type\":\"WebSite\",\"@id\":\"https:\/\/www.sonoraenequipo.com.mx\/#website\",\"url\":\"https:\/\/www.sonoraenequipo.com.mx\/\",\"name\":\"Sonora en Equipo.\",\"description\":\"Diario en l\u00ednea con Noticias desde Hermosillo, Sonora\",\"publisher\":{\"@id\":\"https:\/\/www.sonoraenequipo.com.mx\/#organization\"},\"potentialAction\":[{\"@type\":\"SearchAction\",\"target\":{\"@type\":\"EntryPoint\",\"urlTemplate\":\"https:\/\/www.sonoraenequipo.com.mx\/?s={search_term_string}\"},\"query-input\":{\"@type\":\"PropertyValueSpecification\",\"valueRequired\":true,\"valueName\":\"search_term_string\"}}],\"inLanguage\":\"es\"},{\"@type\":\"Organization\",\"@id\":\"https:\/\/www.sonoraenequipo.com.mx\/#organization\",\"name\":\"Sonoraenequipo.com.mx\",\"url\":\"https:\/\/www.sonoraenequipo.com.mx\/\",\"logo\":{\"@type\":\"ImageObject\",\"inLanguage\":\"es\",\"@id\":\"https:\/\/www.sonoraenequipo.com.mx\/#\/schema\/logo\/image\/\",\"url\":\"https:\/\/www.sonoraenequipo.com.mx\/storage\/2019\/01\/sonoraenequipo_opt.png\",\"contentUrl\":\"https:\/\/www.sonoraenequipo.com.mx\/storage\/2019\/01\/sonoraenequipo_opt.png\",\"width\":375,\"height\":125,\"caption\":\"Sonoraenequipo.com.mx\"},\"image\":{\"@id\":\"https:\/\/www.sonoraenequipo.com.mx\/#\/schema\/logo\/image\/\"},\"sameAs\":[\"https:\/\/www.facebook.com\/SonoraEE\/\",\"https:\/\/x.com\/sonoraenequipo\",\"https:\/\/www.youtube.com\/channel\/UC338nW-lPEYmJQs4ZABQ1SQ\"]},{\"@type\":\"Person\",\"@id\":\"https:\/\/www.sonoraenequipo.com.mx\/#\/schema\/person\/50102df0fb23a8fa9e8effad8fa81386\",\"name\":\"enequipo\",\"image\":{\"@type\":\"ImageObject\",\"inLanguage\":\"es\",\"@id\":\"https:\/\/www.sonoraenequipo.com.mx\/#\/schema\/person\/image\/\",\"url\":\"https:\/\/secure.gravatar.com\/avatar\/049821681b589dabc0bc20695993ccebb09f5b5d4d790cd9251b97faac7c652b?s=96&d=blank&r=g\",\"contentUrl\":\"https:\/\/secure.gravatar.com\/avatar\/049821681b589dabc0bc20695993ccebb09f5b5d4d790cd9251b97faac7c652b?s=96&d=blank&r=g\",\"caption\":\"enequipo\"},\"sameAs\":[\"https:\/\/www.facebook.com\/SonoraEE\"]}]}<\/script>\n ","yoast_head_json":{"title":"Sonora en Equipo. Colombia confirm\u00f3 su primer caso de la variante Delta MUNDO","description":"BOGOT\u00c1, COLOMBIA. \u2014 El Gobierno colombiano comunic\u00f3 la llegada de la mutaci\u00f3n, presente por ahora en una persona que hab\u00eda viajado a Estados Unidos para En Sonora en Equipo publicamos toda la informaci\u00f3n de Sonora, M\u00e9xico y el Mundo de manera oportuna y busca que la libertad de expresi\u00f3n sea real. Visita nuestro medio informativo publicado desde Hermosillo, Sonora. %","robots":{"index":"index","follow":"follow","max-snippet":"max-snippet:-1","max-image-preview":"max-image-preview:large","max-video-preview":"max-video-preview:-1"},"canonical":"https:\/\/www.sonoraenequipo.com.mx\/colombia-confirmo-su-primer-caso-de-la-variante-delta\/","og_locale":"es_ES","og_type":"article","og_title":"Sonora en Equipo. Colombia confirm\u00f3 su primer caso de la variante Delta MUNDO","og_description":"BOGOT\u00c1, COLOMBIA. \u2014 El Gobierno colombiano comunic\u00f3 la llegada de la mutaci\u00f3n, presente por ahora en una persona que hab\u00eda viajado a Estados Unidos para En Sonora en Equipo publicamos toda la informaci\u00f3n de Sonora, M\u00e9xico y el Mundo de manera oportuna y busca que la libertad de expresi\u00f3n sea real. Visita nuestro medio informativo publicado desde Hermosillo, Sonora. %","og_url":"https:\/\/www.sonoraenequipo.com.mx\/colombia-confirmo-su-primer-caso-de-la-variante-delta\/","og_site_name":"Sonora en Equipo.","article_publisher":"https:\/\/www.facebook.com\/SonoraEE\/","article_author":"https:\/\/www.facebook.com\/SonoraEE","article_published_time":"2021-07-24T21:27:26+00:00","article_modified_time":"2021-07-24T23:56:34+00:00","og_image":[{"width":700,"height":400,"url":"https:\/\/www.sonoraenequipo.com.mx\/storage\/2021\/07\/Colombia-variante-Delta_opt.jpg","type":"image\/jpeg"}],"author":"enequipo","twitter_card":"summary_large_image","twitter_creator":"@sonoraenequipo","twitter_site":"@sonoraenequipo","twitter_misc":{"Escrito por":"enequipo","Tiempo de lectura":"2 minutos"},"schema":{"@context":"https:\/\/schema.org","@graph":[{"@type":"Article","@id":"https:\/\/www.sonoraenequipo.com.mx\/colombia-confirmo-su-primer-caso-de-la-variante-delta\/#article","isPartOf":{"@id":"https:\/\/www.sonoraenequipo.com.mx\/colombia-confirmo-su-primer-caso-de-la-variante-delta\/"},"author":{"name":"enequipo","@id":"https:\/\/www.sonoraenequipo.com.mx\/#\/schema\/person\/50102df0fb23a8fa9e8effad8fa81386"},"headline":"Colombia confirm\u00f3 su primer caso de la variante Delta","datePublished":"2021-07-24T21:27:26+00:00","dateModified":"2021-07-24T23:56:34+00:00","mainEntityOfPage":{"@id":"https:\/\/www.sonoraenequipo.com.mx\/colombia-confirmo-su-primer-caso-de-la-variante-delta\/"},"wordCount":271,"commentCount":0,"publisher":{"@id":"https:\/\/www.sonoraenequipo.com.mx\/#organization"},"image":{"@id":"https:\/\/www.sonoraenequipo.com.mx\/colombia-confirmo-su-primer-caso-de-la-variante-delta\/#primaryimage"},"thumbnailUrl":"https:\/\/www.sonoraenequipo.com.mx\/storage\/2021\/07\/Colombia-variante-Delta_opt.jpg","articleSection":["MUNDO"],"inLanguage":"es","potentialAction":[{"@type":"CommentAction","name":"Comment","target":["https:\/\/www.sonoraenequipo.com.mx\/colombia-confirmo-su-primer-caso-de-la-variante-delta\/#respond"]}]},{"@type":"WebPage","@id":"https:\/\/www.sonoraenequipo.com.mx\/colombia-confirmo-su-primer-caso-de-la-variante-delta\/","url":"https:\/\/www.sonoraenequipo.com.mx\/colombia-confirmo-su-primer-caso-de-la-variante-delta\/","name":"Sonora en Equipo. Colombia confirm\u00f3 su primer caso de la variante Delta MUNDO","isPartOf":{"@id":"https:\/\/www.sonoraenequipo.com.mx\/#website"},"primaryImageOfPage":{"@id":"https:\/\/www.sonoraenequipo.com.mx\/colombia-confirmo-su-primer-caso-de-la-variante-delta\/#primaryimage"},"image":{"@id":"https:\/\/www.sonoraenequipo.com.mx\/colombia-confirmo-su-primer-caso-de-la-variante-delta\/#primaryimage"},"thumbnailUrl":"https:\/\/www.sonoraenequipo.com.mx\/storage\/2021\/07\/Colombia-variante-Delta_opt.jpg","datePublished":"2021-07-24T21:27:26+00:00","dateModified":"2021-07-24T23:56:34+00:00","description":"BOGOT\u00c1, COLOMBIA. \u2014 El Gobierno colombiano comunic\u00f3 la llegada de la mutaci\u00f3n, presente por ahora en una persona que hab\u00eda viajado a Estados Unidos para En Sonora en Equipo publicamos toda la informaci\u00f3n de Sonora, M\u00e9xico y el Mundo de manera oportuna y busca que la libertad de expresi\u00f3n sea real. Visita nuestro medio informativo publicado desde Hermosillo, Sonora. %","breadcrumb":{"@id":"https:\/\/www.sonoraenequipo.com.mx\/colombia-confirmo-su-primer-caso-de-la-variante-delta\/#breadcrumb"},"inLanguage":"es","potentialAction":[{"@type":"ReadAction","target":["https:\/\/www.sonoraenequipo.com.mx\/colombia-confirmo-su-primer-caso-de-la-variante-delta\/"]}]},{"@type":"ImageObject","inLanguage":"es","@id":"https:\/\/www.sonoraenequipo.com.mx\/colombia-confirmo-su-primer-caso-de-la-variante-delta\/#primaryimage","url":"https:\/\/www.sonoraenequipo.com.mx\/storage\/2021\/07\/Colombia-variante-Delta_opt.jpg","contentUrl":"https:\/\/www.sonoraenequipo.com.mx\/storage\/2021\/07\/Colombia-variante-Delta_opt.jpg","width":700,"height":400},{"@type":"BreadcrumbList","@id":"https:\/\/www.sonoraenequipo.com.mx\/colombia-confirmo-su-primer-caso-de-la-variante-delta\/#breadcrumb","itemListElement":[{"@type":"ListItem","position":1,"name":"Portada","item":"https:\/\/www.sonoraenequipo.com.mx\/"},{"@type":"ListItem","position":2,"name":"Colombia confirm\u00f3 su primer caso de la variante Delta"}]},{"@type":"WebSite","@id":"https:\/\/www.sonoraenequipo.com.mx\/#website","url":"https:\/\/www.sonoraenequipo.com.mx\/","name":"Sonora en Equipo.","description":"Diario en l\u00ednea con Noticias desde Hermosillo, Sonora","publisher":{"@id":"https:\/\/www.sonoraenequipo.com.mx\/#organization"},"potentialAction":[{"@type":"SearchAction","target":{"@type":"EntryPoint","urlTemplate":"https:\/\/www.sonoraenequipo.com.mx\/?s={search_term_string}"},"query-input":{"@type":"PropertyValueSpecification","valueRequired":true,"valueName":"search_term_string"}}],"inLanguage":"es"},{"@type":"Organization","@id":"https:\/\/www.sonoraenequipo.com.mx\/#organization","name":"Sonoraenequipo.com.mx","url":"https:\/\/www.sonoraenequipo.com.mx\/","logo":{"@type":"ImageObject","inLanguage":"es","@id":"https:\/\/www.sonoraenequipo.com.mx\/#\/schema\/logo\/image\/","url":"https:\/\/www.sonoraenequipo.com.mx\/storage\/2019\/01\/sonoraenequipo_opt.png","contentUrl":"https:\/\/www.sonoraenequipo.com.mx\/storage\/2019\/01\/sonoraenequipo_opt.png","width":375,"height":125,"caption":"Sonoraenequipo.com.mx"},"image":{"@id":"https:\/\/www.sonoraenequipo.com.mx\/#\/schema\/logo\/image\/"},"sameAs":["https:\/\/www.facebook.com\/SonoraEE\/","https:\/\/x.com\/sonoraenequipo","https:\/\/www.youtube.com\/channel\/UC338nW-lPEYmJQs4ZABQ1SQ"]},{"@type":"Person","@id":"https:\/\/www.sonoraenequipo.com.mx\/#\/schema\/person\/50102df0fb23a8fa9e8effad8fa81386","name":"enequipo","image":{"@type":"ImageObject","inLanguage":"es","@id":"https:\/\/www.sonoraenequipo.com.mx\/#\/schema\/person\/image\/","url":"https:\/\/secure.gravatar.com\/avatar\/049821681b589dabc0bc20695993ccebb09f5b5d4d790cd9251b97faac7c652b?s=96&d=blank&r=g","contentUrl":"https:\/\/secure.gravatar.com\/avatar\/049821681b589dabc0bc20695993ccebb09f5b5d4d790cd9251b97faac7c652b?s=96&d=blank&r=g","caption":"enequipo"},"sameAs":["https:\/\/www.facebook.com\/SonoraEE"]}]}},"jetpack_featured_media_url":"https:\/\/www.sonoraenequipo.com.mx\/storage\/2021\/07\/Colombia-variante-Delta_opt.jpg","_links":{"self":[{"href":"https:\/\/www.sonoraenequipo.com.mx\/api\/wp\/v2\/posts\/119025","targetHints":{"allow":["GET"]}}],"collection":[{"href":"https:\/\/www.sonoraenequipo.com.mx\/api\/wp\/v2\/posts"}],"about":[{"href":"https:\/\/www.sonoraenequipo.com.mx\/api\/wp\/v2\/types\/post"}],"author":[{"embeddable":true,"href":"https:\/\/www.sonoraenequipo.com.mx\/api\/wp\/v2\/users\/1"}],"replies":[{"embeddable":true,"href":"https:\/\/www.sonoraenequipo.com.mx\/api\/wp\/v2\/comments?post=119025"}],"version-history":[{"count":1,"href":"https:\/\/www.sonoraenequipo.com.mx\/api\/wp\/v2\/posts\/119025\/revisions"}],"predecessor-version":[{"id":119027,"href":"https:\/\/www.sonoraenequipo.com.mx\/api\/wp\/v2\/posts\/119025\/revisions\/119027"}],"wp:featuredmedia":[{"embeddable":true,"href":"https:\/\/www.sonoraenequipo.com.mx\/api\/wp\/v2\/media\/119026"}],"wp:attachment":[{"href":"https:\/\/www.sonoraenequipo.com.mx\/api\/wp\/v2\/media?parent=119025"}],"wp:term":[{"taxonomy":"category","embeddable":true,"href":"https:\/\/www.sonoraenequipo.com.mx\/api\/wp\/v2\/categories?post=119025"},{"taxonomy":"post_tag","embeddable":true,"href":"https:\/\/www.sonoraenequipo.com.mx\/api\/wp\/v2\/tags?post=119025"}],"curies":[{"name":"wp","href":"https:\/\/api.w.org\/{rel}","templated":true}]}}