{"id":119028,"date":"2021-07-24T23:55:44","date_gmt":"2021-07-25T06:55:44","guid":{"rendered":"https:\/\/www.sonoraenequipo.com.mx\/?p=119028"},"modified":"2021-07-24T17:31:45","modified_gmt":"2021-07-25T00:31:45","slug":"las-noticias-mas-destacadas-sobre-el-covid-19-de-este-sabado-24-de-julio-de-2021","status":"publish","type":"post","link":"https:\/\/www.sonoraenequipo.com.mx\/las-noticias-mas-destacadas-sobre-el-covid-19-de-este-sabado-24-de-julio-de-2021\/","title":{"rendered":"Las noticias m\u00e1s destacadas sobre el Covid-19 de este s\u00e1bado 24 de julio de 2021"},"content":{"rendered":"<h3>Colombia se une al centenar de naciones que cuentan con la variante Delta<\/h3>\n<p>&nbsp;<\/p>\n<p>El Gobierno confirm\u00f3 la presencia en el pa\u00eds de la variante Delta (B.1.617.2), linaje detectado por primera vez en India, que est\u00e1 afectando gravemente a m\u00e1s de cien naciones debido a su mayor transmisi\u00f3n.<\/p>\n<p>&nbsp;<\/p>\n<p><em>\u00abEl Instituto Nacional de Salud (INS) ha identificado la presencia de la variante Delta en (Colombia) en un caso que fue sometido a examen en la ciudad de Cali\u00bb<\/em>, inform\u00f3 el presidente Iv\u00e1n Duque.<\/p>\n<p>&nbsp;<\/p>\n<p>Se trata de una persona que viaj\u00f3 en junio a Estados Unidos para visitar a familiares y que regres\u00f3 al pa\u00eds a inicios de este mes de julio. Fue d\u00edas despu\u00e9s de aterrizar que present\u00f3 s\u00edntomas de Delta, de acuerdo a las informaciones de la directora del INS, Martha Luc\u00eda Ospina.<\/p>\n<p><em>\u00abEsa persona cumpli\u00f3 el protocolo de aislamiento\u00bb,<\/em> tranquiliz\u00f3 Ospina, agregando que su test fue analizado en un laboratorio porque <em>\u00abcumpl\u00eda caracter\u00edsticas para secuenciaci\u00f3n\u00bb.<\/em><\/p>\n<p>&nbsp;<\/p>\n<p>As\u00ed las cosas, y pese a tener la situaci\u00f3n bajo control, no deja ser una alarma para Colombia que justo est\u00e1 logrando salir de su tercer y m\u00e1s letal pico de la pandemia. Durante al menos tres meses, los hospitales de la naci\u00f3n estuvieron colapsados, registrando m\u00e1s de 600 fallecidos d\u00eda tras d\u00eda. Esto dentro de una cifra a nivel nacional de m\u00e1s de 118.000 p\u00e9rdidas desde el inicio de la pandemia.<\/p>\n<p>&nbsp;<\/p>\n<p>Si bien, las variantes con m\u00e1s afectaci\u00f3n, por ahora, son Alfa \u2013detectada originalmente en Reino Unido\u2013 y Gamma, hallada en Brasil, donde Delta ha provocado dos fallecidos conocidos, causando adem\u00e1s que un estudio hable ya de transmisi\u00f3n comunitaria, tras unas muestras del 16 y 17 de junio que no hab\u00edan tenido contacto previo ni historial de viajes en los 14 d\u00edas anteriores al inicio de los s\u00edntomas.<\/p>\n<p>&nbsp;<\/p>\n<p><em>\u00abEsta variante (Delta) tiene la posibilidad de seguirse propagando; en Am\u00e9rica Latina ya hay 14 pa\u00edses que la tienen\u00bb,<\/em> alert\u00f3 Duque, que a su vez alent\u00f3 a no alarmarse y seguir todos los protocolos de bioseguridad, as\u00ed como acudir a vacunarse.<\/p>\n<p>&nbsp;<\/p>\n<p>Hoy Colombia contabilizar\u00e1 m\u00e1s de 25 millones de dosis aplicadas. 10.889.063 personas ya tienen la pauta completa, lo que se traduce en un 21,6% de la poblaci\u00f3n.<\/p>\n<h3>\nDetenciones en S\u00eddney, en el marco de protestas contra nuevos encierros<\/h3>\n<p>El aumento de los casos en Australia ha provocado la reacci\u00f3n de las autoridades y el cierre de gran parte de las actividades esenciales. Esta situaci\u00f3n ha causado a su vez la ira de cientos de ciudadanos que este s\u00e1bado salieron a las calles del pa\u00eds ante lo que consideran una vulneraci\u00f3n de su libertad, protagonizando en S\u00eddney \u2013la ciudad m\u00e1s poblada\u2013 las marchas m\u00e1s numerosas.<\/p>\n<p>&nbsp;<\/p>\n<p>Australia se ha caracterizado por su fuerte aislamiento frente a la epidemia, lo que ha permitido que el pa\u00eds no sufra como otras naciones, que se han visto al borde del colapso. E incluso, a\u00fan con restricciones desde el 27 de junio, que proh\u00edben a sus ciudadanos salir de casa, S\u00eddney ha registrado datos negativos. Durante estas medidas, cualquier tipo de reuni\u00f3n de personas est\u00e1 estrictamente prohibido.<\/p>\n<p>&nbsp;<\/p>\n<p>Esa es una de las razones por las que miles marcharon, derivando la protesta en enfrentamientos directos con la polic\u00eda. En la jornada, adem\u00e1s, se registraron bloqueos de v\u00edas en toda la urbe.<\/p>\n<p>&nbsp;<\/p>\n<p>Los ciudadanos que salieron a manifestarse denunciaron lo que consideran que es una violaci\u00f3n de sus derechos de libertad y manifestaci\u00f3n. Si bien, la polic\u00eda local respondi\u00f3 asegurando que, aunque \u00abrespeta\u00bb esos derechos b\u00e1sicos, las actuales normas sanitarias los restringen de forma temporal.<\/p>\n<p>&nbsp;<\/p>\n<p>Los participantes desenmascarados marcharon desde el Victoria Park de S\u00eddney hasta el Ayuntamiento en el distrito central de negocios, portando carteles que ped\u00edan<em> &#8216;libertad&#8217; y &#8216;verdad&#8217;.<\/em><\/p>\n<p>&nbsp;<\/p>\n<p>A los comentarios respondi\u00f3 el ministro de Salud australiano, Brad Hazzard: <em>\u00abVivimos en una democracia y normalmente soy uno que apoya los derechos de la gente a protestar. Pero en este momento tenemos casos por las nubes y tenemos a gente que piensa que est\u00e1 bien salir y posiblemente estar cerca el uno al otro en una manifestaci\u00f3n\u00bb.<\/em><\/p>\n<p>&nbsp;<\/p>\n<p>La autoridad de Nueva Gales del Sur, estado al que pertenece S\u00eddney, confirm\u00f3 el r\u00e9cord de 163 contagios diarios. Adem\u00e1s de este estado, m\u00e1s de la mitad de los 25 millones de habitantes que posee el pa\u00eds se encuentra bajo normas extraordinarias de confinamiento, especialmente en las grandes ciudades.<\/p>\n<p>&nbsp;<\/p>\n<h3>\nMiles de franceses vuelven a protestar contra el certificado sanitario<\/h3>\n<p>Las calles de Francia volvieron a concentrar a las personas reticentes a la extensi\u00f3n del uso de la vacuna contra el Covid-19. Miles de ciudadanos clamaron contra la aprobaci\u00f3n en la Asamblea Nacional el pasado viernes de la extensi\u00f3n del uso del pase sanitario para realizar numerosas actividades cotidianas, especialmente culturales y de ocio.<\/p>\n<p>&nbsp;<\/p>\n<p>Las autoridades francesas tienen previsto dar el visto bueno al pase sanitario a partir de agosto. Con esto ser\u00e1 obligatorio tener la pauta de vacunaci\u00f3n completa o una prueba negativa reciente para poder acceder a restaurantes, bares, cines, teatros, estadios, discotecas o incluso medios de transporte de larga distancia como aviones o trenes de alta velocidad.<\/p>\n<p>&nbsp;<\/p>\n<p>La extensi\u00f3n de estas medidas tambi\u00e9n contempla la vacunaci\u00f3n obligatoria a determinados sectores considerados esenciales, como el sanitario. En un principio, el presidente Emmanuel Macron dej\u00f3 como opcional la posibilidad de vacunarse, pero ahora quiere imponer esto en profesiones de alto riesgo.<\/p>\n<p>&nbsp;<\/p>\n<p>A pesar de que una mayor\u00eda de franceses consideraron <em>\u00abcorrecto\u00bb<\/em> la imposici\u00f3n de este certificado sanitario, el movimiento antivacunas en el pa\u00eds es de los m\u00e1s fuertes de Europa. Con medidas como esta el actual Gobierno galo busca restringir al m\u00e1ximo el \u00e1rea de circulaci\u00f3n del virus penalizando a aquellos que no quieran inmunizarse contra la enfermedad.<\/p>\n<p>&nbsp;<\/p>\n<p>En su intento, Macron ha contado con la abstenci\u00f3n de Los Republicanos y la oposici\u00f3n de socialistas y comunistas, que son m\u00e1s exigentes y quieren que la vacunaci\u00f3n sea obligatoria para toda la poblaci\u00f3n. Los reclamos de los manifestantes antivacunas solamente han tenido el apoyo de la extrema derecha francesa, que s\u00ed que ha considerado la medida como un <em>\u00abataque\u00bb<\/em> a las libertades individuales.<\/p>\n<p>&nbsp;<\/p>\n<p>&nbsp;<\/p>\n<p>Adem\u00e1s de los contrarios a las vacunas, en estas manifestaciones se pudo ver a personas que van m\u00e1s all\u00e1 y se muestran reticentes a usar mascarilla o a que se efect\u00faen confinamientos e incluso que dudan de la existencia real de la pandemia.<\/p>\n<p>&nbsp;<\/p>\n<p>A falta de que el Senado d\u00e9 el visto bueno definitivo, esta ley es la principal herramienta presentada por el Ejecutivo para frenar el r\u00e1pido avance de la variante Delta de la enfermedad, especialmente entre la gente joven. Sanidad pretende evitar llegar a la cifra de 50.000 contagios confirmados diarios que podr\u00eda poner en peligro la estabilidad hospitalaria.<\/p>\n<p>&nbsp;<\/p>\n<p>Otros pa\u00edses europeos como Italia, B\u00e9lgica o Portugal han impuesto medidas similares a los ciudadanos, aunque la presentada por Macron es de las m\u00e1s estrictas del continente. La legislaci\u00f3n abre la puerta incluso a la posibilidad de despido autom\u00e1tico a trabajadores de cara al p\u00fablico que se nieguen a portar su pase sanitario de vacunas.<\/p>\n<p>&nbsp;<\/p>\n<h3>\nVietnam enfrenta la peor ola del virus desde el inicio de la pandemia<\/h3>\n<p>&nbsp;<\/p>\n<p>La variante Delta de la enfermedad est\u00e1 causando estragos en Vietnam. La capital de pa\u00eds asi\u00e1tico, Hanoi, tuvo que ser totalmente confinada ante la ola de contagios m\u00e1s alta desde que comenz\u00f3 la pandemia, hace ya un a\u00f1o y medio.<\/p>\n<p>&nbsp;<\/p>\n<p>Las \u00faltimas 48 horas han sido muy negativas en cuanto al aumento de los casos y hospitalizaciones, por lo que las autoridades anunciaron en la noche del viernes \u2013de una forma imprevista\u2013, que la capital quedaba totalmente cerrada durante las pr\u00f3ximas semanas. Esto supone que 4,6 millones de ciudadanos no tendr\u00e1n permiso para circular libremente.<\/p>\n<p>&nbsp;<\/p>\n<p>Las medidas son las habituales: prohibici\u00f3n de salir de casa salvo para situaciones excepcionales, cierre de sectores no esenciales y veto a las reuniones que superen las dos personas. Estas normas son parecidas a las que vive la ciudad de Ho Chi Minh, desde el pasado 9 de julio.<\/p>\n<p>&nbsp;<\/p>\n<p>Aunque Vietnam logr\u00f3 contener supuestamente con \u00e9xito el virus durante las primeras olas de la pandemia, ahora se est\u00e1 enfrentando a los peores momentos mientras observa que su proceso de vacunaci\u00f3n no est\u00e1 yendo tan acelerado como deber\u00eda para intentar contener los casos. Solo 324.000 personas de 97 millones de habitantes con los que cuenta el pa\u00eds han sido inmunizadas de forma completa.<\/p>\n<p>&nbsp;<\/p>\n<h3>\nRusia registra 799 muertes, manteniendo como epicentro a Mosc\u00fa<\/h3>\n<p>&nbsp;<\/p>\n<p>Rusia sigue contabilizando datos altos de fallecidos diarios por el Covid-19, a pesar del aparente descenso de los casos diarios a nivel general. Mosc\u00fa contin\u00faa siendo el epicentro nacional de esta crisis sanitaria, al tener 105 decesos.<\/p>\n<p>&nbsp;<\/p>\n<p>Las autoridades rusas se muestran seguras de que la naci\u00f3n ya ha superado el pico de esta ola, una de las peores desde que comenz\u00f3 la pandemia, y consideran que la vacunaci\u00f3n evitar\u00e1 que las pr\u00f3ximas olas del virus causen m\u00e1s muertos.<\/p>\n<p>&nbsp;<\/p>\n<p>Rusia ha confiado la mayor\u00eda de su programa a la vacuna nacional Sputnik V y, por el momento, unos 35 millones de rusos han sido inoculados con al menos una dosis. Cifras que a\u00fan no sirven para amortiguar el impacto del actual coronavirus.<\/p>\n<p>&nbsp;<\/p>\n<p>En Mosc\u00fa, seg\u00fan las autoridades locales, diariamente se inoculan cerca de 90.000 personas. Rusia espera que el 80% de su poblaci\u00f3n este inmunizada contra el Covid-19 el 1 de noviembre.<\/p>\n<p>&nbsp;<\/p>\n<h3>\nCon 317 muertes, T\u00fanez observa su cifra m\u00e1s alta de fallecidos<\/h3>\n<p>&nbsp;<\/p>\n<p>La situaci\u00f3n tampoco parece ser la mejor en el norte de \u00c1frica, donde T\u00fanez \u2013uno de los estados mejor posicionados del continente en cuanto al acceso de vacunas se refiere\u2013, rompi\u00f3 registros de fallecimientos diarios a causa de la enfermedad. En las \u00faltimas 24 horas, el pa\u00eds sufri\u00f3 317 muertes, superando un total de 18.000 p\u00e9rdidas.<\/p>\n<p>&nbsp;<\/p>\n<p>En cuanto a las infecciones, el \u00faltimo balance oficial report\u00f3 5.600 nuevos casos, elevando el total a m\u00e1s de 563.000 positivos.<\/p>\n<p>&nbsp;<\/p>\n<p>Las autoridades aseguran que todos los esfuerzos est\u00e1n centrados en la adquisici\u00f3n de nuevas vacunas. El presidente de la naci\u00f3n, Ka\u00efs Saied, afirm\u00f3 que en las pr\u00f3ximas semanas 5 millones de tunecinos recibir\u00e1n inmunizaci\u00f3n. T\u00fanez recibi\u00f3 hace poco una donaci\u00f3n de 4,5 millones de dosis de la Uni\u00f3n Europea, Arabia Saudita y China.<\/p>\n<p>&nbsp;<\/p>\n<p>Pese a estos datos, el Gobierno descarta un confinamiento general debido a las repercusiones que tendr\u00eda econ\u00f3micamente para un pa\u00eds que vive del turismo y que afronta una grave crisis desde hace a\u00f1os. No obstante, 21 de 24 regiones s\u00ed han actuado, cerrando totalmente a causa del virus.<\/p>\n<p>&nbsp;<\/p>\n<p>T\u00fanez afronta un grave problema de sensibilizaci\u00f3n a la ciudadan\u00eda para que se vacune. Desde marzo, tan solo 4 millones de personas se han inscrito al programa que permite inocular a la poblaci\u00f3n contra el virus.<\/p>\n<p>&nbsp;<\/p>\n<p>&nbsp;<\/p>\n<p>(Publicada el 24\/07\/2021 \/AP Y EFE)<\/p>\n<p>&nbsp;<\/p>\n","protected":false},"excerpt":{"rendered":"<p>Colombia se une al centenar de naciones que cuentan con la variante Delta &nbsp; El&#8230;<\/p>\n","protected":false},"author":1,"featured_media":119029,"comment_status":"open","ping_status":"open","sticky":false,"template":"","format":"standard","meta":{"_monsterinsights_skip_tracking":false,"_monsterinsights_sitenote_active":false,"_monsterinsights_sitenote_note":"","_monsterinsights_sitenote_category":0,"footnotes":""},"categories":[3],"tags":[],"class_list":["post"],"yoast_head":" \n<title>Sonora en Equipo. Las noticias m\u00e1s destacadas sobre el Covid-19 de este s\u00e1bado 24 de julio de 2021 MUNDO<\/title>\n<meta name=\"description\" content=\"Colombia se une al centenar de naciones que cuentan con la variante Delta &nbsp; El Gobierno confirm\u00f3 la presencia en el pa\u00eds de la variante Delta En Sonora en Equipo publicamos toda la informaci\u00f3n de Sonora, M\u00e9xico y el Mundo de manera oportuna y busca que la libertad de expresi\u00f3n sea real. Visita nuestro medio informativo publicado desde Hermosillo, Sonora. %\" \/>\n<meta name=\"robots\" content=\"index, follow, max-snippet:-1, max-image-preview:large, max-video-preview:-1\" \/>\n<link rel=\"canonical\" href=\"https:\/\/www.sonoraenequipo.com.mx\/las-noticias-mas-destacadas-sobre-el-covid-19-de-este-sabado-24-de-julio-de-2021\/\" \/>\n<meta property=\"og:locale\" content=\"es_ES\" \/>\n<meta property=\"og:type\" content=\"article\" \/>\n<meta property=\"og:title\" content=\"Sonora en Equipo. Las noticias m\u00e1s destacadas sobre el Covid-19 de este s\u00e1bado 24 de julio de 2021 MUNDO\" \/>\n<meta property=\"og:description\" content=\"Colombia se une al centenar de naciones que cuentan con la variante Delta &nbsp; El Gobierno confirm\u00f3 la presencia en el pa\u00eds de la variante Delta En Sonora en Equipo publicamos toda la informaci\u00f3n de Sonora, M\u00e9xico y el Mundo de manera oportuna y busca que la libertad de expresi\u00f3n sea real. Visita nuestro medio informativo publicado desde Hermosillo, Sonora. %\" \/>\n<meta property=\"og:url\" content=\"https:\/\/www.sonoraenequipo.com.mx\/las-noticias-mas-destacadas-sobre-el-covid-19-de-este-sabado-24-de-julio-de-2021\/\" \/>\n<meta property=\"og:site_name\" content=\"Sonora en Equipo.\" \/>\n<meta property=\"article:publisher\" content=\"https:\/\/www.facebook.com\/SonoraEE\/\" \/>\n<meta property=\"article:author\" content=\"https:\/\/www.facebook.com\/SonoraEE\" \/>\n<meta property=\"article:published_time\" content=\"2021-07-25T06:55:44+00:00\" \/>\n<meta property=\"og:image\" content=\"https:\/\/www.sonoraenequipo.com.mx\/storage\/2021\/07\/Rusia-vacuna-sputnik-V_opt.jpg\" \/>\n\t<meta property=\"og:image:width\" content=\"700\" \/>\n\t<meta property=\"og:image:height\" content=\"400\" \/>\n\t<meta property=\"og:image:type\" content=\"image\/jpeg\" \/>\n<meta name=\"author\" content=\"enequipo\" \/>\n<meta name=\"twitter:card\" content=\"summary_large_image\" \/>\n<meta name=\"twitter:creator\" content=\"@sonoraenequipo\" \/>\n<meta name=\"twitter:site\" content=\"@sonoraenequipo\" \/>\n<meta name=\"twitter:label1\" content=\"Escrito por\" \/>\n\t<meta name=\"twitter:data1\" content=\"enequipo\" \/>\n\t<meta name=\"twitter:label2\" content=\"Tiempo de lectura\" \/>\n\t<meta name=\"twitter:data2\" content=\"8 minutos\" \/>\n<script type=\"application\/ld+json\" class=\"yoast-schema-graph\">{\"@context\":\"https:\/\/schema.org\",\"@graph\":[{\"@type\":\"Article\",\"@id\":\"https:\/\/www.sonoraenequipo.com.mx\/las-noticias-mas-destacadas-sobre-el-covid-19-de-este-sabado-24-de-julio-de-2021\/#article\",\"isPartOf\":{\"@id\":\"https:\/\/www.sonoraenequipo.com.mx\/las-noticias-mas-destacadas-sobre-el-covid-19-de-este-sabado-24-de-julio-de-2021\/\"},\"author\":{\"name\":\"enequipo\",\"@id\":\"https:\/\/www.sonoraenequipo.com.mx\/#\/schema\/person\/50102df0fb23a8fa9e8effad8fa81386\"},\"headline\":\"Las noticias m\u00e1s destacadas sobre el Covid-19 de este s\u00e1bado 24 de julio de 2021\",\"datePublished\":\"2021-07-25T06:55:44+00:00\",\"mainEntityOfPage\":{\"@id\":\"https:\/\/www.sonoraenequipo.com.mx\/las-noticias-mas-destacadas-sobre-el-covid-19-de-este-sabado-24-de-julio-de-2021\/\"},\"wordCount\":1919,\"commentCount\":0,\"publisher\":{\"@id\":\"https:\/\/www.sonoraenequipo.com.mx\/#organization\"},\"image\":{\"@id\":\"https:\/\/www.sonoraenequipo.com.mx\/las-noticias-mas-destacadas-sobre-el-covid-19-de-este-sabado-24-de-julio-de-2021\/#primaryimage\"},\"thumbnailUrl\":\"https:\/\/www.sonoraenequipo.com.mx\/storage\/2021\/07\/Rusia-vacuna-sputnik-V_opt.jpg\",\"articleSection\":[\"MUNDO\"],\"inLanguage\":\"es\",\"potentialAction\":[{\"@type\":\"CommentAction\",\"name\":\"Comment\",\"target\":[\"https:\/\/www.sonoraenequipo.com.mx\/las-noticias-mas-destacadas-sobre-el-covid-19-de-este-sabado-24-de-julio-de-2021\/#respond\"]}]},{\"@type\":\"WebPage\",\"@id\":\"https:\/\/www.sonoraenequipo.com.mx\/las-noticias-mas-destacadas-sobre-el-covid-19-de-este-sabado-24-de-julio-de-2021\/\",\"url\":\"https:\/\/www.sonoraenequipo.com.mx\/las-noticias-mas-destacadas-sobre-el-covid-19-de-este-sabado-24-de-julio-de-2021\/\",\"name\":\"Sonora en Equipo. Las noticias m\u00e1s destacadas sobre el Covid-19 de este s\u00e1bado 24 de julio de 2021 MUNDO\",\"isPartOf\":{\"@id\":\"https:\/\/www.sonoraenequipo.com.mx\/#website\"},\"primaryImageOfPage\":{\"@id\":\"https:\/\/www.sonoraenequipo.com.mx\/las-noticias-mas-destacadas-sobre-el-covid-19-de-este-sabado-24-de-julio-de-2021\/#primaryimage\"},\"image\":{\"@id\":\"https:\/\/www.sonoraenequipo.com.mx\/las-noticias-mas-destacadas-sobre-el-covid-19-de-este-sabado-24-de-julio-de-2021\/#primaryimage\"},\"thumbnailUrl\":\"https:\/\/www.sonoraenequipo.com.mx\/storage\/2021\/07\/Rusia-vacuna-sputnik-V_opt.jpg\",\"datePublished\":\"2021-07-25T06:55:44+00:00\",\"description\":\"Colombia se une al centenar de naciones que cuentan con la variante Delta &nbsp; El Gobierno confirm\u00f3 la presencia en el pa\u00eds de la variante Delta En Sonora en Equipo publicamos toda la informaci\u00f3n de Sonora, M\u00e9xico y el Mundo de manera oportuna y busca que la libertad de expresi\u00f3n sea real. Visita nuestro medio informativo publicado desde Hermosillo, Sonora. %\",\"breadcrumb\":{\"@id\":\"https:\/\/www.sonoraenequipo.com.mx\/las-noticias-mas-destacadas-sobre-el-covid-19-de-este-sabado-24-de-julio-de-2021\/#breadcrumb\"},\"inLanguage\":\"es\",\"potentialAction\":[{\"@type\":\"ReadAction\",\"target\":[\"https:\/\/www.sonoraenequipo.com.mx\/las-noticias-mas-destacadas-sobre-el-covid-19-de-este-sabado-24-de-julio-de-2021\/\"]}]},{\"@type\":\"ImageObject\",\"inLanguage\":\"es\",\"@id\":\"https:\/\/www.sonoraenequipo.com.mx\/las-noticias-mas-destacadas-sobre-el-covid-19-de-este-sabado-24-de-julio-de-2021\/#primaryimage\",\"url\":\"https:\/\/www.sonoraenequipo.com.mx\/storage\/2021\/07\/Rusia-vacuna-sputnik-V_opt.jpg\",\"contentUrl\":\"https:\/\/www.sonoraenequipo.com.mx\/storage\/2021\/07\/Rusia-vacuna-sputnik-V_opt.jpg\",\"width\":700,\"height\":400},{\"@type\":\"BreadcrumbList\",\"@id\":\"https:\/\/www.sonoraenequipo.com.mx\/las-noticias-mas-destacadas-sobre-el-covid-19-de-este-sabado-24-de-julio-de-2021\/#breadcrumb\",\"itemListElement\":[{\"@type\":\"ListItem\",\"position\":1,\"name\":\"Portada\",\"item\":\"https:\/\/www.sonoraenequipo.com.mx\/\"},{\"@type\":\"ListItem\",\"position\":2,\"name\":\"Las noticias m\u00e1s destacadas sobre el Covid-19 de este s\u00e1bado 24 de julio de 2021\"}]},{\"@type\":\"WebSite\",\"@id\":\"https:\/\/www.sonoraenequipo.com.mx\/#website\",\"url\":\"https:\/\/www.sonoraenequipo.com.mx\/\",\"name\":\"Sonora en Equipo.\",\"description\":\"Diario en l\u00ednea con Noticias desde Hermosillo, Sonora\",\"publisher\":{\"@id\":\"https:\/\/www.sonoraenequipo.com.mx\/#organization\"},\"potentialAction\":[{\"@type\":\"SearchAction\",\"target\":{\"@type\":\"EntryPoint\",\"urlTemplate\":\"https:\/\/www.sonoraenequipo.com.mx\/?s={search_term_string}\"},\"query-input\":{\"@type\":\"PropertyValueSpecification\",\"valueRequired\":true,\"valueName\":\"search_term_string\"}}],\"inLanguage\":\"es\"},{\"@type\":\"Organization\",\"@id\":\"https:\/\/www.sonoraenequipo.com.mx\/#organization\",\"name\":\"Sonoraenequipo.com.mx\",\"url\":\"https:\/\/www.sonoraenequipo.com.mx\/\",\"logo\":{\"@type\":\"ImageObject\",\"inLanguage\":\"es\",\"@id\":\"https:\/\/www.sonoraenequipo.com.mx\/#\/schema\/logo\/image\/\",\"url\":\"https:\/\/www.sonoraenequipo.com.mx\/storage\/2019\/01\/sonoraenequipo_opt.png\",\"contentUrl\":\"https:\/\/www.sonoraenequipo.com.mx\/storage\/2019\/01\/sonoraenequipo_opt.png\",\"width\":375,\"height\":125,\"caption\":\"Sonoraenequipo.com.mx\"},\"image\":{\"@id\":\"https:\/\/www.sonoraenequipo.com.mx\/#\/schema\/logo\/image\/\"},\"sameAs\":[\"https:\/\/www.facebook.com\/SonoraEE\/\",\"https:\/\/x.com\/sonoraenequipo\",\"https:\/\/www.youtube.com\/channel\/UC338nW-lPEYmJQs4ZABQ1SQ\"]},{\"@type\":\"Person\",\"@id\":\"https:\/\/www.sonoraenequipo.com.mx\/#\/schema\/person\/50102df0fb23a8fa9e8effad8fa81386\",\"name\":\"enequipo\",\"image\":{\"@type\":\"ImageObject\",\"inLanguage\":\"es\",\"@id\":\"https:\/\/www.sonoraenequipo.com.mx\/#\/schema\/person\/image\/\",\"url\":\"https:\/\/secure.gravatar.com\/avatar\/049821681b589dabc0bc20695993ccebb09f5b5d4d790cd9251b97faac7c652b?s=96&d=blank&r=g\",\"contentUrl\":\"https:\/\/secure.gravatar.com\/avatar\/049821681b589dabc0bc20695993ccebb09f5b5d4d790cd9251b97faac7c652b?s=96&d=blank&r=g\",\"caption\":\"enequipo\"},\"sameAs\":[\"https:\/\/www.facebook.com\/SonoraEE\"]}]}<\/script>\n ","yoast_head_json":{"title":"Sonora en Equipo. Las noticias m\u00e1s destacadas sobre el Covid-19 de este s\u00e1bado 24 de julio de 2021 MUNDO","description":"Colombia se une al centenar de naciones que cuentan con la variante Delta &nbsp; El Gobierno confirm\u00f3 la presencia en el pa\u00eds de la variante Delta En Sonora en Equipo publicamos toda la informaci\u00f3n de Sonora, M\u00e9xico y el Mundo de manera oportuna y busca que la libertad de expresi\u00f3n sea real. Visita nuestro medio informativo publicado desde Hermosillo, Sonora. %","robots":{"index":"index","follow":"follow","max-snippet":"max-snippet:-1","max-image-preview":"max-image-preview:large","max-video-preview":"max-video-preview:-1"},"canonical":"https:\/\/www.sonoraenequipo.com.mx\/las-noticias-mas-destacadas-sobre-el-covid-19-de-este-sabado-24-de-julio-de-2021\/","og_locale":"es_ES","og_type":"article","og_title":"Sonora en Equipo. Las noticias m\u00e1s destacadas sobre el Covid-19 de este s\u00e1bado 24 de julio de 2021 MUNDO","og_description":"Colombia se une al centenar de naciones que cuentan con la variante Delta &nbsp; El Gobierno confirm\u00f3 la presencia en el pa\u00eds de la variante Delta En Sonora en Equipo publicamos toda la informaci\u00f3n de Sonora, M\u00e9xico y el Mundo de manera oportuna y busca que la libertad de expresi\u00f3n sea real. Visita nuestro medio informativo publicado desde Hermosillo, Sonora. %","og_url":"https:\/\/www.sonoraenequipo.com.mx\/las-noticias-mas-destacadas-sobre-el-covid-19-de-este-sabado-24-de-julio-de-2021\/","og_site_name":"Sonora en Equipo.","article_publisher":"https:\/\/www.facebook.com\/SonoraEE\/","article_author":"https:\/\/www.facebook.com\/SonoraEE","article_published_time":"2021-07-25T06:55:44+00:00","og_image":[{"width":700,"height":400,"url":"https:\/\/www.sonoraenequipo.com.mx\/storage\/2021\/07\/Rusia-vacuna-sputnik-V_opt.jpg","type":"image\/jpeg"}],"author":"enequipo","twitter_card":"summary_large_image","twitter_creator":"@sonoraenequipo","twitter_site":"@sonoraenequipo","twitter_misc":{"Escrito por":"enequipo","Tiempo de lectura":"8 minutos"},"schema":{"@context":"https:\/\/schema.org","@graph":[{"@type":"Article","@id":"https:\/\/www.sonoraenequipo.com.mx\/las-noticias-mas-destacadas-sobre-el-covid-19-de-este-sabado-24-de-julio-de-2021\/#article","isPartOf":{"@id":"https:\/\/www.sonoraenequipo.com.mx\/las-noticias-mas-destacadas-sobre-el-covid-19-de-este-sabado-24-de-julio-de-2021\/"},"author":{"name":"enequipo","@id":"https:\/\/www.sonoraenequipo.com.mx\/#\/schema\/person\/50102df0fb23a8fa9e8effad8fa81386"},"headline":"Las noticias m\u00e1s destacadas sobre el Covid-19 de este s\u00e1bado 24 de julio de 2021","datePublished":"2021-07-25T06:55:44+00:00","mainEntityOfPage":{"@id":"https:\/\/www.sonoraenequipo.com.mx\/las-noticias-mas-destacadas-sobre-el-covid-19-de-este-sabado-24-de-julio-de-2021\/"},"wordCount":1919,"commentCount":0,"publisher":{"@id":"https:\/\/www.sonoraenequipo.com.mx\/#organization"},"image":{"@id":"https:\/\/www.sonoraenequipo.com.mx\/las-noticias-mas-destacadas-sobre-el-covid-19-de-este-sabado-24-de-julio-de-2021\/#primaryimage"},"thumbnailUrl":"https:\/\/www.sonoraenequipo.com.mx\/storage\/2021\/07\/Rusia-vacuna-sputnik-V_opt.jpg","articleSection":["MUNDO"],"inLanguage":"es","potentialAction":[{"@type":"CommentAction","name":"Comment","target":["https:\/\/www.sonoraenequipo.com.mx\/las-noticias-mas-destacadas-sobre-el-covid-19-de-este-sabado-24-de-julio-de-2021\/#respond"]}]},{"@type":"WebPage","@id":"https:\/\/www.sonoraenequipo.com.mx\/las-noticias-mas-destacadas-sobre-el-covid-19-de-este-sabado-24-de-julio-de-2021\/","url":"https:\/\/www.sonoraenequipo.com.mx\/las-noticias-mas-destacadas-sobre-el-covid-19-de-este-sabado-24-de-julio-de-2021\/","name":"Sonora en Equipo. Las noticias m\u00e1s destacadas sobre el Covid-19 de este s\u00e1bado 24 de julio de 2021 MUNDO","isPartOf":{"@id":"https:\/\/www.sonoraenequipo.com.mx\/#website"},"primaryImageOfPage":{"@id":"https:\/\/www.sonoraenequipo.com.mx\/las-noticias-mas-destacadas-sobre-el-covid-19-de-este-sabado-24-de-julio-de-2021\/#primaryimage"},"image":{"@id":"https:\/\/www.sonoraenequipo.com.mx\/las-noticias-mas-destacadas-sobre-el-covid-19-de-este-sabado-24-de-julio-de-2021\/#primaryimage"},"thumbnailUrl":"https:\/\/www.sonoraenequipo.com.mx\/storage\/2021\/07\/Rusia-vacuna-sputnik-V_opt.jpg","datePublished":"2021-07-25T06:55:44+00:00","description":"Colombia se une al centenar de naciones que cuentan con la variante Delta &nbsp; El Gobierno confirm\u00f3 la presencia en el pa\u00eds de la variante Delta En Sonora en Equipo publicamos toda la informaci\u00f3n de Sonora, M\u00e9xico y el Mundo de manera oportuna y busca que la libertad de expresi\u00f3n sea real. Visita nuestro medio informativo publicado desde Hermosillo, Sonora. %","breadcrumb":{"@id":"https:\/\/www.sonoraenequipo.com.mx\/las-noticias-mas-destacadas-sobre-el-covid-19-de-este-sabado-24-de-julio-de-2021\/#breadcrumb"},"inLanguage":"es","potentialAction":[{"@type":"ReadAction","target":["https:\/\/www.sonoraenequipo.com.mx\/las-noticias-mas-destacadas-sobre-el-covid-19-de-este-sabado-24-de-julio-de-2021\/"]}]},{"@type":"ImageObject","inLanguage":"es","@id":"https:\/\/www.sonoraenequipo.com.mx\/las-noticias-mas-destacadas-sobre-el-covid-19-de-este-sabado-24-de-julio-de-2021\/#primaryimage","url":"https:\/\/www.sonoraenequipo.com.mx\/storage\/2021\/07\/Rusia-vacuna-sputnik-V_opt.jpg","contentUrl":"https:\/\/www.sonoraenequipo.com.mx\/storage\/2021\/07\/Rusia-vacuna-sputnik-V_opt.jpg","width":700,"height":400},{"@type":"BreadcrumbList","@id":"https:\/\/www.sonoraenequipo.com.mx\/las-noticias-mas-destacadas-sobre-el-covid-19-de-este-sabado-24-de-julio-de-2021\/#breadcrumb","itemListElement":[{"@type":"ListItem","position":1,"name":"Portada","item":"https:\/\/www.sonoraenequipo.com.mx\/"},{"@type":"ListItem","position":2,"name":"Las noticias m\u00e1s destacadas sobre el Covid-19 de este s\u00e1bado 24 de julio de 2021"}]},{"@type":"WebSite","@id":"https:\/\/www.sonoraenequipo.com.mx\/#website","url":"https:\/\/www.sonoraenequipo.com.mx\/","name":"Sonora en Equipo.","description":"Diario en l\u00ednea con Noticias desde Hermosillo, Sonora","publisher":{"@id":"https:\/\/www.sonoraenequipo.com.mx\/#organization"},"potentialAction":[{"@type":"SearchAction","target":{"@type":"EntryPoint","urlTemplate":"https:\/\/www.sonoraenequipo.com.mx\/?s={search_term_string}"},"query-input":{"@type":"PropertyValueSpecification","valueRequired":true,"valueName":"search_term_string"}}],"inLanguage":"es"},{"@type":"Organization","@id":"https:\/\/www.sonoraenequipo.com.mx\/#organization","name":"Sonoraenequipo.com.mx","url":"https:\/\/www.sonoraenequipo.com.mx\/","logo":{"@type":"ImageObject","inLanguage":"es","@id":"https:\/\/www.sonoraenequipo.com.mx\/#\/schema\/logo\/image\/","url":"https:\/\/www.sonoraenequipo.com.mx\/storage\/2019\/01\/sonoraenequipo_opt.png","contentUrl":"https:\/\/www.sonoraenequipo.com.mx\/storage\/2019\/01\/sonoraenequipo_opt.png","width":375,"height":125,"caption":"Sonoraenequipo.com.mx"},"image":{"@id":"https:\/\/www.sonoraenequipo.com.mx\/#\/schema\/logo\/image\/"},"sameAs":["https:\/\/www.facebook.com\/SonoraEE\/","https:\/\/x.com\/sonoraenequipo","https:\/\/www.youtube.com\/channel\/UC338nW-lPEYmJQs4ZABQ1SQ"]},{"@type":"Person","@id":"https:\/\/www.sonoraenequipo.com.mx\/#\/schema\/person\/50102df0fb23a8fa9e8effad8fa81386","name":"enequipo","image":{"@type":"ImageObject","inLanguage":"es","@id":"https:\/\/www.sonoraenequipo.com.mx\/#\/schema\/person\/image\/","url":"https:\/\/secure.gravatar.com\/avatar\/049821681b589dabc0bc20695993ccebb09f5b5d4d790cd9251b97faac7c652b?s=96&d=blank&r=g","contentUrl":"https:\/\/secure.gravatar.com\/avatar\/049821681b589dabc0bc20695993ccebb09f5b5d4d790cd9251b97faac7c652b?s=96&d=blank&r=g","caption":"enequipo"},"sameAs":["https:\/\/www.facebook.com\/SonoraEE"]}]}},"jetpack_featured_media_url":"https:\/\/www.sonoraenequipo.com.mx\/storage\/2021\/07\/Rusia-vacuna-sputnik-V_opt.jpg","_links":{"self":[{"href":"https:\/\/www.sonoraenequipo.com.mx\/api\/wp\/v2\/posts\/119028","targetHints":{"allow":["GET"]}}],"collection":[{"href":"https:\/\/www.sonoraenequipo.com.mx\/api\/wp\/v2\/posts"}],"about":[{"href":"https:\/\/www.sonoraenequipo.com.mx\/api\/wp\/v2\/types\/post"}],"author":[{"embeddable":true,"href":"https:\/\/www.sonoraenequipo.com.mx\/api\/wp\/v2\/users\/1"}],"replies":[{"embeddable":true,"href":"https:\/\/www.sonoraenequipo.com.mx\/api\/wp\/v2\/comments?post=119028"}],"version-history":[{"count":1,"href":"https:\/\/www.sonoraenequipo.com.mx\/api\/wp\/v2\/posts\/119028\/revisions"}],"predecessor-version":[{"id":119030,"href":"https:\/\/www.sonoraenequipo.com.mx\/api\/wp\/v2\/posts\/119028\/revisions\/119030"}],"wp:featuredmedia":[{"embeddable":true,"href":"https:\/\/www.sonoraenequipo.com.mx\/api\/wp\/v2\/media\/119029"}],"wp:attachment":[{"href":"https:\/\/www.sonoraenequipo.com.mx\/api\/wp\/v2\/media?parent=119028"}],"wp:term":[{"taxonomy":"category","embeddable":true,"href":"https:\/\/www.sonoraenequipo.com.mx\/api\/wp\/v2\/categories?post=119028"},{"taxonomy":"post_tag","embeddable":true,"href":"https:\/\/www.sonoraenequipo.com.mx\/api\/wp\/v2\/tags?post=119028"}],"curies":[{"name":"wp","href":"https:\/\/api.w.org\/{rel}","templated":true}]}}