{"id":119031,"date":"2021-07-24T17:50:25","date_gmt":"2021-07-25T00:50:25","guid":{"rendered":"https:\/\/www.sonoraenequipo.com.mx\/?p=119031"},"modified":"2021-07-24T20:11:07","modified_gmt":"2021-07-25T03:11:07","slug":"recomienda-dif-sonora-fortalecer-union-familiar-en-periodo-vacacional","status":"publish","type":"post","link":"https:\/\/www.sonoraenequipo.com.mx\/recomienda-dif-sonora-fortalecer-union-familiar-en-periodo-vacacional\/","title":{"rendered":"Recomienda DIF Sonora fortalecer uni\u00f3n familiar en periodo vacacional."},"content":{"rendered":"<p>HERMOSILLO, SONORA. MX. \u2014 Un respetuoso llamado a fortalecer la uni\u00f3n y convivencia familiar durante el presente periodo vacacional de verano hizo Wenceslao Cota Amador.<\/p>\n<p>&nbsp;<\/p>\n<p>&nbsp;<\/p>\n<p> <\/p>\n<p>El director general de DIF Sonora dijo que ni\u00f1os, ni\u00f1as y adolescentes han pasado un ciclo escolar dif\u00edcil debido a la contingencia sanitaria por COVID-19, por lo que es importante priorizar la cercan\u00eda y comunicaci\u00f3n entre padres y madres con sus hijas e hijos.<\/p>\n<p>&nbsp;<\/p>\n<p><em>\u201cEste verano es ideal para disfrutar en familia, las y los alumnos han tenido un a\u00f1o escolar complicado realizando nuevas exigencias acad\u00e9micas, tomando clases en l\u00ednea y aislados de sus iguales, por ello es importante fomentar la diversi\u00f3n, el descanso y la convivencia. Lleg\u00f3 el momento para disfrutar de pl\u00e1ticas, juegos y reuniones\u201d<\/em>, agreg\u00f3.<\/p>\n<p>&nbsp;<\/p>\n<p>Por su parte, la psic\u00f3loga Mar\u00eda Ruiz Ram\u00edrez comparti\u00f3 algunas opciones de actividades familiares que contemplan las medidas de salud correspondientes para evitar el contagio por COVID-19.<\/p>\n<p>&nbsp;<\/p>\n<p><em>\u201cEn vacaciones debemos aplicar rutinas que no sean estrictas y contemplen pr\u00e1cticas l\u00fadicas, descansos y charlas. Podemos hacer un picnic al aire libre, preparar un platillo especial o ver una pel\u00edcula. Es importante involucrar a todas las partes para el funcionamiento familiar y aprovechar el tiempo libre para trabajar en la estabilidad emocional\u201d,<\/em> mencion\u00f3.<\/p>\n<p>&nbsp;<\/p>\n<p>Una opci\u00f3n para sus rutinas en estas vacaciones es integrarlos y pedirles colaborar en casa, algunas de estas contribuciones pueden ser: a partir de 3 a\u00f1os de edad pedir tiren cosas en la basura o recojan sus juguetes, otra actividad puede ser regar las plantas del hogar, supervisados en todo momento.<\/p>\n<p>&nbsp;<\/p>\n<p>De 8 a 10 a\u00f1os: tienen la capacidad para cuidar de la mascota, barrer y trapear el piso, elegir su ropa, limpiar y organizar toda su habitaci\u00f3n; de 11 a\u00f1os en adelante: son capaces de tender ropa, limpiar varias \u00e1reas de la casa, organizar su ropa y objetos personales, cuidar de las mascotas, del jard\u00edn y hacer compras.<\/p>\n<p>&nbsp;<\/p>\n<p><em>\u201cNo olvides reconocerle con un gracias, lo hiciste muy bien o gracias por tu esfuerzo en cada actividad que realicen, esto los har\u00e1 sentirse \u00fatiles y capaces lo que fomentar\u00e1 su autoestima, es importante promover un periodo de sue\u00f1o satisfactorio\u201d,<\/em> apunt\u00f3.<\/p>\n<p>&nbsp;<\/p>\n<p>Permitirles jugar, relacionarse y disfrutar de la compa\u00f1\u00eda de otros ni\u00f1os ser\u00e1 muy satisfactorio para su desarrollo integral, pero sin olvidar mantener siempre las medidas de seguridad, jugar al aire libre y observar que no haya s\u00edntomas compatibles con el coronavirus, puntualiz\u00f3 Ruiz Ram\u00edrez.<\/p>\n<p>&nbsp;<\/p>\n<p>&nbsp;<\/p>\n<p>(Publicada el 24\/07\/2021)<\/p>\n","protected":false},"excerpt":{"rendered":"<p>HERMOSILLO, SONORA. MX. \u2014 Un respetuoso llamado a fortalecer la uni\u00f3n y convivencia familiar durante&#8230;<\/p>\n","protected":false},"author":1,"featured_media":119032,"comment_status":"open","ping_status":"open","sticky":false,"template":"","format":"standard","meta":{"_monsterinsights_skip_tracking":false,"_monsterinsights_sitenote_active":false,"_monsterinsights_sitenote_note":"","_monsterinsights_sitenote_category":0,"footnotes":""},"categories":[22],"tags":[],"class_list":["post"],"yoast_head":" \n<title>Sonora en Equipo. Recomienda DIF Sonora fortalecer uni\u00f3n familiar en periodo vacacional. Sonora<\/title>\n<meta name=\"description\" content=\"HERMOSILLO, SONORA. MX. \u2014 Un respetuoso llamado a fortalecer la uni\u00f3n y convivencia familiar durante el presente periodo vacacional de verano hizo En Sonora en Equipo publicamos toda la informaci\u00f3n de Sonora, M\u00e9xico y el Mundo de manera oportuna y busca que la libertad de expresi\u00f3n sea real. Visita nuestro medio informativo publicado desde Hermosillo, Sonora. %\" \/>\n<meta name=\"robots\" content=\"index, follow, max-snippet:-1, max-image-preview:large, max-video-preview:-1\" \/>\n<link rel=\"canonical\" href=\"https:\/\/www.sonoraenequipo.com.mx\/recomienda-dif-sonora-fortalecer-union-familiar-en-periodo-vacacional\/\" \/>\n<meta property=\"og:locale\" content=\"es_ES\" \/>\n<meta property=\"og:type\" content=\"article\" \/>\n<meta property=\"og:title\" content=\"Sonora en Equipo. Recomienda DIF Sonora fortalecer uni\u00f3n familiar en periodo vacacional. Sonora\" \/>\n<meta property=\"og:description\" content=\"HERMOSILLO, SONORA. MX. \u2014 Un respetuoso llamado a fortalecer la uni\u00f3n y convivencia familiar durante el presente periodo vacacional de verano hizo En Sonora en Equipo publicamos toda la informaci\u00f3n de Sonora, M\u00e9xico y el Mundo de manera oportuna y busca que la libertad de expresi\u00f3n sea real. Visita nuestro medio informativo publicado desde Hermosillo, Sonora. %\" \/>\n<meta property=\"og:url\" content=\"https:\/\/www.sonoraenequipo.com.mx\/recomienda-dif-sonora-fortalecer-union-familiar-en-periodo-vacacional\/\" \/>\n<meta property=\"og:site_name\" content=\"Sonora en Equipo.\" \/>\n<meta property=\"article:publisher\" content=\"https:\/\/www.facebook.com\/SonoraEE\/\" \/>\n<meta property=\"article:author\" content=\"https:\/\/www.facebook.com\/SonoraEE\" \/>\n<meta property=\"article:published_time\" content=\"2021-07-25T00:50:25+00:00\" \/>\n<meta property=\"article:modified_time\" content=\"2021-07-25T03:11:07+00:00\" \/>\n<meta property=\"og:image\" content=\"https:\/\/www.sonoraenequipo.com.mx\/storage\/2021\/07\/dif-Sonora_opt-1.jpg\" \/>\n\t<meta property=\"og:image:width\" content=\"700\" \/>\n\t<meta property=\"og:image:height\" content=\"400\" \/>\n\t<meta property=\"og:image:type\" content=\"image\/jpeg\" \/>\n<meta name=\"author\" content=\"enequipo\" \/>\n<meta name=\"twitter:card\" content=\"summary_large_image\" \/>\n<meta name=\"twitter:creator\" content=\"@sonoraenequipo\" \/>\n<meta name=\"twitter:site\" content=\"@sonoraenequipo\" \/>\n<meta name=\"twitter:label1\" content=\"Escrito por\" \/>\n\t<meta name=\"twitter:data1\" content=\"enequipo\" \/>\n\t<meta name=\"twitter:label2\" content=\"Tiempo de lectura\" \/>\n\t<meta name=\"twitter:data2\" content=\"2 minutos\" \/>\n<script type=\"application\/ld+json\" class=\"yoast-schema-graph\">{\"@context\":\"https:\/\/schema.org\",\"@graph\":[{\"@type\":\"Article\",\"@id\":\"https:\/\/www.sonoraenequipo.com.mx\/recomienda-dif-sonora-fortalecer-union-familiar-en-periodo-vacacional\/#article\",\"isPartOf\":{\"@id\":\"https:\/\/www.sonoraenequipo.com.mx\/recomienda-dif-sonora-fortalecer-union-familiar-en-periodo-vacacional\/\"},\"author\":{\"name\":\"enequipo\",\"@id\":\"https:\/\/www.sonoraenequipo.com.mx\/#\/schema\/person\/50102df0fb23a8fa9e8effad8fa81386\"},\"headline\":\"Recomienda DIF Sonora fortalecer uni\u00f3n familiar en periodo vacacional.\",\"datePublished\":\"2021-07-25T00:50:25+00:00\",\"dateModified\":\"2021-07-25T03:11:07+00:00\",\"mainEntityOfPage\":{\"@id\":\"https:\/\/www.sonoraenequipo.com.mx\/recomienda-dif-sonora-fortalecer-union-familiar-en-periodo-vacacional\/\"},\"wordCount\":444,\"commentCount\":0,\"publisher\":{\"@id\":\"https:\/\/www.sonoraenequipo.com.mx\/#organization\"},\"image\":{\"@id\":\"https:\/\/www.sonoraenequipo.com.mx\/recomienda-dif-sonora-fortalecer-union-familiar-en-periodo-vacacional\/#primaryimage\"},\"thumbnailUrl\":\"https:\/\/www.sonoraenequipo.com.mx\/storage\/2021\/07\/dif-Sonora_opt-1.jpg\",\"articleSection\":[\"Sonora\"],\"inLanguage\":\"es\",\"potentialAction\":[{\"@type\":\"CommentAction\",\"name\":\"Comment\",\"target\":[\"https:\/\/www.sonoraenequipo.com.mx\/recomienda-dif-sonora-fortalecer-union-familiar-en-periodo-vacacional\/#respond\"]}]},{\"@type\":\"WebPage\",\"@id\":\"https:\/\/www.sonoraenequipo.com.mx\/recomienda-dif-sonora-fortalecer-union-familiar-en-periodo-vacacional\/\",\"url\":\"https:\/\/www.sonoraenequipo.com.mx\/recomienda-dif-sonora-fortalecer-union-familiar-en-periodo-vacacional\/\",\"name\":\"Sonora en Equipo. Recomienda DIF Sonora fortalecer uni\u00f3n familiar en periodo vacacional. Sonora\",\"isPartOf\":{\"@id\":\"https:\/\/www.sonoraenequipo.com.mx\/#website\"},\"primaryImageOfPage\":{\"@id\":\"https:\/\/www.sonoraenequipo.com.mx\/recomienda-dif-sonora-fortalecer-union-familiar-en-periodo-vacacional\/#primaryimage\"},\"image\":{\"@id\":\"https:\/\/www.sonoraenequipo.com.mx\/recomienda-dif-sonora-fortalecer-union-familiar-en-periodo-vacacional\/#primaryimage\"},\"thumbnailUrl\":\"https:\/\/www.sonoraenequipo.com.mx\/storage\/2021\/07\/dif-Sonora_opt-1.jpg\",\"datePublished\":\"2021-07-25T00:50:25+00:00\",\"dateModified\":\"2021-07-25T03:11:07+00:00\",\"description\":\"HERMOSILLO, SONORA. MX. \u2014 Un respetuoso llamado a fortalecer la uni\u00f3n y convivencia familiar durante el presente periodo vacacional de verano hizo En Sonora en Equipo publicamos toda la informaci\u00f3n de Sonora, M\u00e9xico y el Mundo de manera oportuna y busca que la libertad de expresi\u00f3n sea real. Visita nuestro medio informativo publicado desde Hermosillo, Sonora. %\",\"breadcrumb\":{\"@id\":\"https:\/\/www.sonoraenequipo.com.mx\/recomienda-dif-sonora-fortalecer-union-familiar-en-periodo-vacacional\/#breadcrumb\"},\"inLanguage\":\"es\",\"potentialAction\":[{\"@type\":\"ReadAction\",\"target\":[\"https:\/\/www.sonoraenequipo.com.mx\/recomienda-dif-sonora-fortalecer-union-familiar-en-periodo-vacacional\/\"]}]},{\"@type\":\"ImageObject\",\"inLanguage\":\"es\",\"@id\":\"https:\/\/www.sonoraenequipo.com.mx\/recomienda-dif-sonora-fortalecer-union-familiar-en-periodo-vacacional\/#primaryimage\",\"url\":\"https:\/\/www.sonoraenequipo.com.mx\/storage\/2021\/07\/dif-Sonora_opt-1.jpg\",\"contentUrl\":\"https:\/\/www.sonoraenequipo.com.mx\/storage\/2021\/07\/dif-Sonora_opt-1.jpg\",\"width\":700,\"height\":400},{\"@type\":\"BreadcrumbList\",\"@id\":\"https:\/\/www.sonoraenequipo.com.mx\/recomienda-dif-sonora-fortalecer-union-familiar-en-periodo-vacacional\/#breadcrumb\",\"itemListElement\":[{\"@type\":\"ListItem\",\"position\":1,\"name\":\"Portada\",\"item\":\"https:\/\/www.sonoraenequipo.com.mx\/\"},{\"@type\":\"ListItem\",\"position\":2,\"name\":\"Recomienda DIF Sonora fortalecer uni\u00f3n familiar en periodo vacacional.\"}]},{\"@type\":\"WebSite\",\"@id\":\"https:\/\/www.sonoraenequipo.com.mx\/#website\",\"url\":\"https:\/\/www.sonoraenequipo.com.mx\/\",\"name\":\"Sonora en Equipo.\",\"description\":\"Diario en l\u00ednea con Noticias desde Hermosillo, Sonora\",\"publisher\":{\"@id\":\"https:\/\/www.sonoraenequipo.com.mx\/#organization\"},\"potentialAction\":[{\"@type\":\"SearchAction\",\"target\":{\"@type\":\"EntryPoint\",\"urlTemplate\":\"https:\/\/www.sonoraenequipo.com.mx\/?s={search_term_string}\"},\"query-input\":{\"@type\":\"PropertyValueSpecification\",\"valueRequired\":true,\"valueName\":\"search_term_string\"}}],\"inLanguage\":\"es\"},{\"@type\":\"Organization\",\"@id\":\"https:\/\/www.sonoraenequipo.com.mx\/#organization\",\"name\":\"Sonoraenequipo.com.mx\",\"url\":\"https:\/\/www.sonoraenequipo.com.mx\/\",\"logo\":{\"@type\":\"ImageObject\",\"inLanguage\":\"es\",\"@id\":\"https:\/\/www.sonoraenequipo.com.mx\/#\/schema\/logo\/image\/\",\"url\":\"https:\/\/www.sonoraenequipo.com.mx\/storage\/2019\/01\/sonoraenequipo_opt.png\",\"contentUrl\":\"https:\/\/www.sonoraenequipo.com.mx\/storage\/2019\/01\/sonoraenequipo_opt.png\",\"width\":375,\"height\":125,\"caption\":\"Sonoraenequipo.com.mx\"},\"image\":{\"@id\":\"https:\/\/www.sonoraenequipo.com.mx\/#\/schema\/logo\/image\/\"},\"sameAs\":[\"https:\/\/www.facebook.com\/SonoraEE\/\",\"https:\/\/x.com\/sonoraenequipo\",\"https:\/\/www.youtube.com\/channel\/UC338nW-lPEYmJQs4ZABQ1SQ\"]},{\"@type\":\"Person\",\"@id\":\"https:\/\/www.sonoraenequipo.com.mx\/#\/schema\/person\/50102df0fb23a8fa9e8effad8fa81386\",\"name\":\"enequipo\",\"image\":{\"@type\":\"ImageObject\",\"inLanguage\":\"es\",\"@id\":\"https:\/\/www.sonoraenequipo.com.mx\/#\/schema\/person\/image\/\",\"url\":\"https:\/\/secure.gravatar.com\/avatar\/049821681b589dabc0bc20695993ccebb09f5b5d4d790cd9251b97faac7c652b?s=96&d=blank&r=g\",\"contentUrl\":\"https:\/\/secure.gravatar.com\/avatar\/049821681b589dabc0bc20695993ccebb09f5b5d4d790cd9251b97faac7c652b?s=96&d=blank&r=g\",\"caption\":\"enequipo\"},\"sameAs\":[\"https:\/\/www.facebook.com\/SonoraEE\"]}]}<\/script>\n ","yoast_head_json":{"title":"Sonora en Equipo. Recomienda DIF Sonora fortalecer uni\u00f3n familiar en periodo vacacional. Sonora","description":"HERMOSILLO, SONORA. MX. \u2014 Un respetuoso llamado a fortalecer la uni\u00f3n y convivencia familiar durante el presente periodo vacacional de verano hizo En Sonora en Equipo publicamos toda la informaci\u00f3n de Sonora, M\u00e9xico y el Mundo de manera oportuna y busca que la libertad de expresi\u00f3n sea real. Visita nuestro medio informativo publicado desde Hermosillo, Sonora. %","robots":{"index":"index","follow":"follow","max-snippet":"max-snippet:-1","max-image-preview":"max-image-preview:large","max-video-preview":"max-video-preview:-1"},"canonical":"https:\/\/www.sonoraenequipo.com.mx\/recomienda-dif-sonora-fortalecer-union-familiar-en-periodo-vacacional\/","og_locale":"es_ES","og_type":"article","og_title":"Sonora en Equipo. Recomienda DIF Sonora fortalecer uni\u00f3n familiar en periodo vacacional. Sonora","og_description":"HERMOSILLO, SONORA. MX. \u2014 Un respetuoso llamado a fortalecer la uni\u00f3n y convivencia familiar durante el presente periodo vacacional de verano hizo En Sonora en Equipo publicamos toda la informaci\u00f3n de Sonora, M\u00e9xico y el Mundo de manera oportuna y busca que la libertad de expresi\u00f3n sea real. Visita nuestro medio informativo publicado desde Hermosillo, Sonora. %","og_url":"https:\/\/www.sonoraenequipo.com.mx\/recomienda-dif-sonora-fortalecer-union-familiar-en-periodo-vacacional\/","og_site_name":"Sonora en Equipo.","article_publisher":"https:\/\/www.facebook.com\/SonoraEE\/","article_author":"https:\/\/www.facebook.com\/SonoraEE","article_published_time":"2021-07-25T00:50:25+00:00","article_modified_time":"2021-07-25T03:11:07+00:00","og_image":[{"width":700,"height":400,"url":"https:\/\/www.sonoraenequipo.com.mx\/storage\/2021\/07\/dif-Sonora_opt-1.jpg","type":"image\/jpeg"}],"author":"enequipo","twitter_card":"summary_large_image","twitter_creator":"@sonoraenequipo","twitter_site":"@sonoraenequipo","twitter_misc":{"Escrito por":"enequipo","Tiempo de lectura":"2 minutos"},"schema":{"@context":"https:\/\/schema.org","@graph":[{"@type":"Article","@id":"https:\/\/www.sonoraenequipo.com.mx\/recomienda-dif-sonora-fortalecer-union-familiar-en-periodo-vacacional\/#article","isPartOf":{"@id":"https:\/\/www.sonoraenequipo.com.mx\/recomienda-dif-sonora-fortalecer-union-familiar-en-periodo-vacacional\/"},"author":{"name":"enequipo","@id":"https:\/\/www.sonoraenequipo.com.mx\/#\/schema\/person\/50102df0fb23a8fa9e8effad8fa81386"},"headline":"Recomienda DIF Sonora fortalecer uni\u00f3n familiar en periodo vacacional.","datePublished":"2021-07-25T00:50:25+00:00","dateModified":"2021-07-25T03:11:07+00:00","mainEntityOfPage":{"@id":"https:\/\/www.sonoraenequipo.com.mx\/recomienda-dif-sonora-fortalecer-union-familiar-en-periodo-vacacional\/"},"wordCount":444,"commentCount":0,"publisher":{"@id":"https:\/\/www.sonoraenequipo.com.mx\/#organization"},"image":{"@id":"https:\/\/www.sonoraenequipo.com.mx\/recomienda-dif-sonora-fortalecer-union-familiar-en-periodo-vacacional\/#primaryimage"},"thumbnailUrl":"https:\/\/www.sonoraenequipo.com.mx\/storage\/2021\/07\/dif-Sonora_opt-1.jpg","articleSection":["Sonora"],"inLanguage":"es","potentialAction":[{"@type":"CommentAction","name":"Comment","target":["https:\/\/www.sonoraenequipo.com.mx\/recomienda-dif-sonora-fortalecer-union-familiar-en-periodo-vacacional\/#respond"]}]},{"@type":"WebPage","@id":"https:\/\/www.sonoraenequipo.com.mx\/recomienda-dif-sonora-fortalecer-union-familiar-en-periodo-vacacional\/","url":"https:\/\/www.sonoraenequipo.com.mx\/recomienda-dif-sonora-fortalecer-union-familiar-en-periodo-vacacional\/","name":"Sonora en Equipo. Recomienda DIF Sonora fortalecer uni\u00f3n familiar en periodo vacacional. Sonora","isPartOf":{"@id":"https:\/\/www.sonoraenequipo.com.mx\/#website"},"primaryImageOfPage":{"@id":"https:\/\/www.sonoraenequipo.com.mx\/recomienda-dif-sonora-fortalecer-union-familiar-en-periodo-vacacional\/#primaryimage"},"image":{"@id":"https:\/\/www.sonoraenequipo.com.mx\/recomienda-dif-sonora-fortalecer-union-familiar-en-periodo-vacacional\/#primaryimage"},"thumbnailUrl":"https:\/\/www.sonoraenequipo.com.mx\/storage\/2021\/07\/dif-Sonora_opt-1.jpg","datePublished":"2021-07-25T00:50:25+00:00","dateModified":"2021-07-25T03:11:07+00:00","description":"HERMOSILLO, SONORA. MX. \u2014 Un respetuoso llamado a fortalecer la uni\u00f3n y convivencia familiar durante el presente periodo vacacional de verano hizo En Sonora en Equipo publicamos toda la informaci\u00f3n de Sonora, M\u00e9xico y el Mundo de manera oportuna y busca que la libertad de expresi\u00f3n sea real. Visita nuestro medio informativo publicado desde Hermosillo, Sonora. %","breadcrumb":{"@id":"https:\/\/www.sonoraenequipo.com.mx\/recomienda-dif-sonora-fortalecer-union-familiar-en-periodo-vacacional\/#breadcrumb"},"inLanguage":"es","potentialAction":[{"@type":"ReadAction","target":["https:\/\/www.sonoraenequipo.com.mx\/recomienda-dif-sonora-fortalecer-union-familiar-en-periodo-vacacional\/"]}]},{"@type":"ImageObject","inLanguage":"es","@id":"https:\/\/www.sonoraenequipo.com.mx\/recomienda-dif-sonora-fortalecer-union-familiar-en-periodo-vacacional\/#primaryimage","url":"https:\/\/www.sonoraenequipo.com.mx\/storage\/2021\/07\/dif-Sonora_opt-1.jpg","contentUrl":"https:\/\/www.sonoraenequipo.com.mx\/storage\/2021\/07\/dif-Sonora_opt-1.jpg","width":700,"height":400},{"@type":"BreadcrumbList","@id":"https:\/\/www.sonoraenequipo.com.mx\/recomienda-dif-sonora-fortalecer-union-familiar-en-periodo-vacacional\/#breadcrumb","itemListElement":[{"@type":"ListItem","position":1,"name":"Portada","item":"https:\/\/www.sonoraenequipo.com.mx\/"},{"@type":"ListItem","position":2,"name":"Recomienda DIF Sonora fortalecer uni\u00f3n familiar en periodo vacacional."}]},{"@type":"WebSite","@id":"https:\/\/www.sonoraenequipo.com.mx\/#website","url":"https:\/\/www.sonoraenequipo.com.mx\/","name":"Sonora en Equipo.","description":"Diario en l\u00ednea con Noticias desde Hermosillo, Sonora","publisher":{"@id":"https:\/\/www.sonoraenequipo.com.mx\/#organization"},"potentialAction":[{"@type":"SearchAction","target":{"@type":"EntryPoint","urlTemplate":"https:\/\/www.sonoraenequipo.com.mx\/?s={search_term_string}"},"query-input":{"@type":"PropertyValueSpecification","valueRequired":true,"valueName":"search_term_string"}}],"inLanguage":"es"},{"@type":"Organization","@id":"https:\/\/www.sonoraenequipo.com.mx\/#organization","name":"Sonoraenequipo.com.mx","url":"https:\/\/www.sonoraenequipo.com.mx\/","logo":{"@type":"ImageObject","inLanguage":"es","@id":"https:\/\/www.sonoraenequipo.com.mx\/#\/schema\/logo\/image\/","url":"https:\/\/www.sonoraenequipo.com.mx\/storage\/2019\/01\/sonoraenequipo_opt.png","contentUrl":"https:\/\/www.sonoraenequipo.com.mx\/storage\/2019\/01\/sonoraenequipo_opt.png","width":375,"height":125,"caption":"Sonoraenequipo.com.mx"},"image":{"@id":"https:\/\/www.sonoraenequipo.com.mx\/#\/schema\/logo\/image\/"},"sameAs":["https:\/\/www.facebook.com\/SonoraEE\/","https:\/\/x.com\/sonoraenequipo","https:\/\/www.youtube.com\/channel\/UC338nW-lPEYmJQs4ZABQ1SQ"]},{"@type":"Person","@id":"https:\/\/www.sonoraenequipo.com.mx\/#\/schema\/person\/50102df0fb23a8fa9e8effad8fa81386","name":"enequipo","image":{"@type":"ImageObject","inLanguage":"es","@id":"https:\/\/www.sonoraenequipo.com.mx\/#\/schema\/person\/image\/","url":"https:\/\/secure.gravatar.com\/avatar\/049821681b589dabc0bc20695993ccebb09f5b5d4d790cd9251b97faac7c652b?s=96&d=blank&r=g","contentUrl":"https:\/\/secure.gravatar.com\/avatar\/049821681b589dabc0bc20695993ccebb09f5b5d4d790cd9251b97faac7c652b?s=96&d=blank&r=g","caption":"enequipo"},"sameAs":["https:\/\/www.facebook.com\/SonoraEE"]}]}},"jetpack_featured_media_url":"https:\/\/www.sonoraenequipo.com.mx\/storage\/2021\/07\/dif-Sonora_opt-1.jpg","_links":{"self":[{"href":"https:\/\/www.sonoraenequipo.com.mx\/api\/wp\/v2\/posts\/119031","targetHints":{"allow":["GET"]}}],"collection":[{"href":"https:\/\/www.sonoraenequipo.com.mx\/api\/wp\/v2\/posts"}],"about":[{"href":"https:\/\/www.sonoraenequipo.com.mx\/api\/wp\/v2\/types\/post"}],"author":[{"embeddable":true,"href":"https:\/\/www.sonoraenequipo.com.mx\/api\/wp\/v2\/users\/1"}],"replies":[{"embeddable":true,"href":"https:\/\/www.sonoraenequipo.com.mx\/api\/wp\/v2\/comments?post=119031"}],"version-history":[{"count":1,"href":"https:\/\/www.sonoraenequipo.com.mx\/api\/wp\/v2\/posts\/119031\/revisions"}],"predecessor-version":[{"id":119034,"href":"https:\/\/www.sonoraenequipo.com.mx\/api\/wp\/v2\/posts\/119031\/revisions\/119034"}],"wp:featuredmedia":[{"embeddable":true,"href":"https:\/\/www.sonoraenequipo.com.mx\/api\/wp\/v2\/media\/119032"}],"wp:attachment":[{"href":"https:\/\/www.sonoraenequipo.com.mx\/api\/wp\/v2\/media?parent=119031"}],"wp:term":[{"taxonomy":"category","embeddable":true,"href":"https:\/\/www.sonoraenequipo.com.mx\/api\/wp\/v2\/categories?post=119031"},{"taxonomy":"post_tag","embeddable":true,"href":"https:\/\/www.sonoraenequipo.com.mx\/api\/wp\/v2\/tags?post=119031"}],"curies":[{"name":"wp","href":"https:\/\/api.w.org\/{rel}","templated":true}]}}