{"id":119035,"date":"2021-07-24T19:15:20","date_gmt":"2021-07-25T02:15:20","guid":{"rendered":"https:\/\/www.sonoraenequipo.com.mx\/?p=119035"},"modified":"2021-07-24T20:25:46","modified_gmt":"2021-07-25T03:25:46","slug":"tercera-ola-de-covid-19-en-sonora-pega-a-ninos-adolescentes-y-adultos-jovenes","status":"publish","type":"post","link":"https:\/\/www.sonoraenequipo.com.mx\/tercera-ola-de-covid-19-en-sonora-pega-a-ninos-adolescentes-y-adultos-jovenes\/","title":{"rendered":"Tercera ola de COVID-19 en Sonora pega a ni\u00f1os, adolescentes y adultos j\u00f3venes"},"content":{"rendered":"<p>HERMOSILLO, SONORA. MX. \u2014 En la tercera ola de COVID-19 en Sonora predominan los casos del virus en personas no vacunadas, particularmente ni\u00f1os, adolescentes y adultos j\u00f3venes, por lo que es fundamental proteger a este grupo de poblaci\u00f3n mediante la realizaci\u00f3n de las medidas contra el Sars-Cov2, recalc\u00f3 Enrique Clausen Iberri.<\/p>\n<p>&nbsp;<\/p>\n<p> <\/p>\n<p>&nbsp;<\/p>\n<p>El secretario de Salud en Sonora comparti\u00f3 que se tiene una menor tasa de hospitalizaciones y mortalidad en relaci\u00f3n a las dos primeras olas, y esto puede asociarse al rango de edad de las personas que actualmente se est\u00e1n contagiando, sin embargo, dijo, es primordial cortar la transmisi\u00f3n del virus que ha venido en incremento por las \u00faltimas seis semanas de manera consistente.<\/p>\n<p>&nbsp;<\/p>\n<p><em>\u2018\u2019Fomentemos en nuestras ni\u00f1as, ni\u00f1os y adolescentes las acciones para protegerse del COVID-19, protej\u00e1moslos evitando acudir a lugares no esenciales, limitemos nuestras visitas sociales para cortar la transmisi\u00f3n del Coronavirus\u2019,<\/em> declar\u00f3.<\/p>\n<p>&nbsp;<\/p>\n<p>En la actualizaci\u00f3n del Mapa Sonora Anticipa, realizada con base en la nueva metodolog\u00eda, que se reevalu\u00f3 en el sem\u00e1foro de riesgo epid\u00e9mico COVID-19 a nivel federal, en la entidad del 26 de julio al 1 de agosto de 2021, inform\u00f3 que se encuentra en Riesgo M\u00e1ximo, Guaymas; Riesgo Alto, Caborca, Hermosillo, Empalme, Cajeme y Navojoa.<\/p>\n<p>&nbsp;<\/p>\n<p>Mientras que en Riesgo Medio; Puerto Pe\u00f1asco, Nogales, Cananea, Huatabampo, San Luis R\u00edo Colorado; y en Riesgo Bajo, Agua Prieta.<\/p>\n<p>&nbsp;<\/p>\n<p>Clausen Iberri llam\u00f3 a las personas que tienen la edad para acudir a vacunarse contra COVID-19 en sus municipios, al reiterar que todas las vacunas son seguras y abonan a mitigar la transmisi\u00f3n comunitaria del Coronavirus.<\/p>\n<p>&nbsp;<\/p>\n<p>Record\u00f3 a las personas ya vacunadas contra el Sars-Cov2 no olvidar las medidas de higiene para aumentar su protecci\u00f3n contra contagios con las acciones como el uso de cubrebocas, lavado de manos, sana distancia, evitar aglomeraciones y ventilar espacios.<\/p>\n<p>&nbsp;<\/p>\n<p>En cuanto al puntaje de riesgos, comparti\u00f3 que aumentaron en este 4 municipios; Guaymas de 26 a 30 puntos; Cajeme de 25 a 29 puntos; Empalme de 25 a 26 puntos y Hermosillo de 24 a 25 puntos.<\/p>\n<p>&nbsp;<\/p>\n<p>Bajaron en riesgos: Navojoa de 24 a 21 puntos; Caborca de 23 a 21 puntos; Nogales de 21 a 17 puntos; Huatabampo de 20 a 17 puntos; Puerto Pe\u00f1asco de 15 a 11 puntos; San Luis R\u00edo Colorado de 14 a 10 y Agua Prieta de 9 a 4 puntos; Cananea se mantiene en 11 puntos.<\/p>\n<p>&nbsp;<\/p>\n<p>&nbsp;<\/p>\n<p><em>\u2018\u2019Debemos ser muy responsables y no olvidar las acciones contra contagios, solo as\u00ed evitaremos que esta tercer ola en la entidad ocasione m\u00e1s contagios y muertes por COVID-19\u2019\u2019<\/em>, dijo.<\/p>\n<p>&nbsp;<\/p>\n<h3>Riesgos por municipio y Zona Cero;<\/h3>\n<p>Riesgo M\u00e1ximo<\/p>\n<p>-Guaymas: El Rastro, Centro, Luis Donaldo Colosio.<\/p>\n<p>Riesgo Alto<\/p>\n<p>-Cajeme: Morelos, Montecarlo, Hidalgo.<\/p>\n<p>-Empalme: Moderna.<\/p>\n<p>-Hermosillo: Centro, Montecarlo, Lomas de Madrid, Palo Verde, Balderrama, San Diego.<\/p>\n<p>-Navojoa: Centro, Laureles, Infonavit.<\/p>\n<p>-Caborca: Ni\u00f1os H\u00e9roes, Centro, Industrial.<\/p>\n<p>Riesgo Medio:<\/p>\n<p>-Nogales: Centro, Embarcadero, Buena Vista, Nuevo Nogales.<\/p>\n<p>-Huatabampo: D\u00edaz, Obreg\u00f3n.<\/p>\n<p>-Puerto Pe\u00f1asco: Oriente, Centro.<\/p>\n<p>-San Luis R\u00edo Colorado: Jalisco, Residencias, Bur\u00f3crata.<\/p>\n<p>-Cananea: Leyes de Reforma.<\/p>\n<p>Riesgo Bajo:<\/p>\n<p>-Agua Prieta: Magisterial, Deportiva, Infonavit.<\/p>\n<p>&nbsp;<\/p>\n<p>(Publicada el 24\/07\/2021)<\/p>\n","protected":false},"excerpt":{"rendered":"<p>HERMOSILLO, SONORA. MX. \u2014 En la tercera ola de COVID-19 en Sonora predominan los casos&#8230;<\/p>\n","protected":false},"author":1,"featured_media":119036,"comment_status":"open","ping_status":"open","sticky":false,"template":"","format":"standard","meta":{"_monsterinsights_skip_tracking":false,"_monsterinsights_sitenote_active":false,"_monsterinsights_sitenote_note":"","_monsterinsights_sitenote_category":0,"footnotes":""},"categories":[22],"tags":[],"class_list":["post"],"yoast_head":" \n<title>Sonora en Equipo. Tercera ola de COVID-19 en Sonora pega a ni\u00f1os, adolescentes y adultos j\u00f3venes Sonora<\/title>\n<meta name=\"description\" content=\"HERMOSILLO, SONORA. MX. \u2014 En la tercera ola de COVID-19 en Sonora predominan los casos del virus en personas no vacunadas, particularmente ni\u00f1os, En Sonora en Equipo publicamos toda la informaci\u00f3n de Sonora, M\u00e9xico y el Mundo de manera oportuna y busca que la libertad de expresi\u00f3n sea real. Visita nuestro medio informativo publicado desde Hermosillo, Sonora. %\" \/>\n<meta name=\"robots\" content=\"index, follow, max-snippet:-1, max-image-preview:large, max-video-preview:-1\" \/>\n<link rel=\"canonical\" href=\"https:\/\/www.sonoraenequipo.com.mx\/tercera-ola-de-covid-19-en-sonora-pega-a-ninos-adolescentes-y-adultos-jovenes\/\" \/>\n<meta property=\"og:locale\" content=\"es_ES\" \/>\n<meta property=\"og:type\" content=\"article\" \/>\n<meta property=\"og:title\" content=\"Sonora en Equipo. Tercera ola de COVID-19 en Sonora pega a ni\u00f1os, adolescentes y adultos j\u00f3venes Sonora\" \/>\n<meta property=\"og:description\" content=\"HERMOSILLO, SONORA. MX. \u2014 En la tercera ola de COVID-19 en Sonora predominan los casos del virus en personas no vacunadas, particularmente ni\u00f1os, En Sonora en Equipo publicamos toda la informaci\u00f3n de Sonora, M\u00e9xico y el Mundo de manera oportuna y busca que la libertad de expresi\u00f3n sea real. Visita nuestro medio informativo publicado desde Hermosillo, Sonora. %\" \/>\n<meta property=\"og:url\" content=\"https:\/\/www.sonoraenequipo.com.mx\/tercera-ola-de-covid-19-en-sonora-pega-a-ninos-adolescentes-y-adultos-jovenes\/\" \/>\n<meta property=\"og:site_name\" content=\"Sonora en Equipo.\" \/>\n<meta property=\"article:publisher\" content=\"https:\/\/www.facebook.com\/SonoraEE\/\" \/>\n<meta property=\"article:author\" content=\"https:\/\/www.facebook.com\/SonoraEE\" \/>\n<meta property=\"article:published_time\" content=\"2021-07-25T02:15:20+00:00\" \/>\n<meta property=\"article:modified_time\" content=\"2021-07-25T03:25:46+00:00\" \/>\n<meta property=\"og:image\" content=\"https:\/\/www.sonoraenequipo.com.mx\/storage\/2021\/07\/sonora-anticipa_opt.jpg\" \/>\n\t<meta property=\"og:image:width\" content=\"700\" \/>\n\t<meta property=\"og:image:height\" content=\"400\" \/>\n\t<meta property=\"og:image:type\" content=\"image\/jpeg\" \/>\n<meta name=\"author\" content=\"enequipo\" \/>\n<meta name=\"twitter:card\" content=\"summary_large_image\" \/>\n<meta name=\"twitter:creator\" content=\"@sonoraenequipo\" \/>\n<meta name=\"twitter:site\" content=\"@sonoraenequipo\" \/>\n<meta name=\"twitter:label1\" content=\"Escrito por\" \/>\n\t<meta name=\"twitter:data1\" content=\"enequipo\" \/>\n\t<meta name=\"twitter:label2\" content=\"Tiempo de lectura\" \/>\n\t<meta name=\"twitter:data2\" content=\"3 minutos\" \/>\n<script type=\"application\/ld+json\" class=\"yoast-schema-graph\">{\"@context\":\"https:\/\/schema.org\",\"@graph\":[{\"@type\":\"Article\",\"@id\":\"https:\/\/www.sonoraenequipo.com.mx\/tercera-ola-de-covid-19-en-sonora-pega-a-ninos-adolescentes-y-adultos-jovenes\/#article\",\"isPartOf\":{\"@id\":\"https:\/\/www.sonoraenequipo.com.mx\/tercera-ola-de-covid-19-en-sonora-pega-a-ninos-adolescentes-y-adultos-jovenes\/\"},\"author\":{\"name\":\"enequipo\",\"@id\":\"https:\/\/www.sonoraenequipo.com.mx\/#\/schema\/person\/50102df0fb23a8fa9e8effad8fa81386\"},\"headline\":\"Tercera ola de COVID-19 en Sonora pega a ni\u00f1os, adolescentes y adultos j\u00f3venes\",\"datePublished\":\"2021-07-25T02:15:20+00:00\",\"dateModified\":\"2021-07-25T03:25:46+00:00\",\"mainEntityOfPage\":{\"@id\":\"https:\/\/www.sonoraenequipo.com.mx\/tercera-ola-de-covid-19-en-sonora-pega-a-ninos-adolescentes-y-adultos-jovenes\/\"},\"wordCount\":529,\"commentCount\":0,\"publisher\":{\"@id\":\"https:\/\/www.sonoraenequipo.com.mx\/#organization\"},\"image\":{\"@id\":\"https:\/\/www.sonoraenequipo.com.mx\/tercera-ola-de-covid-19-en-sonora-pega-a-ninos-adolescentes-y-adultos-jovenes\/#primaryimage\"},\"thumbnailUrl\":\"https:\/\/www.sonoraenequipo.com.mx\/storage\/2021\/07\/sonora-anticipa_opt.jpg\",\"articleSection\":[\"Sonora\"],\"inLanguage\":\"es\",\"potentialAction\":[{\"@type\":\"CommentAction\",\"name\":\"Comment\",\"target\":[\"https:\/\/www.sonoraenequipo.com.mx\/tercera-ola-de-covid-19-en-sonora-pega-a-ninos-adolescentes-y-adultos-jovenes\/#respond\"]}]},{\"@type\":\"WebPage\",\"@id\":\"https:\/\/www.sonoraenequipo.com.mx\/tercera-ola-de-covid-19-en-sonora-pega-a-ninos-adolescentes-y-adultos-jovenes\/\",\"url\":\"https:\/\/www.sonoraenequipo.com.mx\/tercera-ola-de-covid-19-en-sonora-pega-a-ninos-adolescentes-y-adultos-jovenes\/\",\"name\":\"Sonora en Equipo. Tercera ola de COVID-19 en Sonora pega a ni\u00f1os, adolescentes y adultos j\u00f3venes Sonora\",\"isPartOf\":{\"@id\":\"https:\/\/www.sonoraenequipo.com.mx\/#website\"},\"primaryImageOfPage\":{\"@id\":\"https:\/\/www.sonoraenequipo.com.mx\/tercera-ola-de-covid-19-en-sonora-pega-a-ninos-adolescentes-y-adultos-jovenes\/#primaryimage\"},\"image\":{\"@id\":\"https:\/\/www.sonoraenequipo.com.mx\/tercera-ola-de-covid-19-en-sonora-pega-a-ninos-adolescentes-y-adultos-jovenes\/#primaryimage\"},\"thumbnailUrl\":\"https:\/\/www.sonoraenequipo.com.mx\/storage\/2021\/07\/sonora-anticipa_opt.jpg\",\"datePublished\":\"2021-07-25T02:15:20+00:00\",\"dateModified\":\"2021-07-25T03:25:46+00:00\",\"description\":\"HERMOSILLO, SONORA. MX. \u2014 En la tercera ola de COVID-19 en Sonora predominan los casos del virus en personas no vacunadas, particularmente ni\u00f1os, En Sonora en Equipo publicamos toda la informaci\u00f3n de Sonora, M\u00e9xico y el Mundo de manera oportuna y busca que la libertad de expresi\u00f3n sea real. Visita nuestro medio informativo publicado desde Hermosillo, Sonora. %\",\"breadcrumb\":{\"@id\":\"https:\/\/www.sonoraenequipo.com.mx\/tercera-ola-de-covid-19-en-sonora-pega-a-ninos-adolescentes-y-adultos-jovenes\/#breadcrumb\"},\"inLanguage\":\"es\",\"potentialAction\":[{\"@type\":\"ReadAction\",\"target\":[\"https:\/\/www.sonoraenequipo.com.mx\/tercera-ola-de-covid-19-en-sonora-pega-a-ninos-adolescentes-y-adultos-jovenes\/\"]}]},{\"@type\":\"ImageObject\",\"inLanguage\":\"es\",\"@id\":\"https:\/\/www.sonoraenequipo.com.mx\/tercera-ola-de-covid-19-en-sonora-pega-a-ninos-adolescentes-y-adultos-jovenes\/#primaryimage\",\"url\":\"https:\/\/www.sonoraenequipo.com.mx\/storage\/2021\/07\/sonora-anticipa_opt.jpg\",\"contentUrl\":\"https:\/\/www.sonoraenequipo.com.mx\/storage\/2021\/07\/sonora-anticipa_opt.jpg\",\"width\":700,\"height\":400},{\"@type\":\"BreadcrumbList\",\"@id\":\"https:\/\/www.sonoraenequipo.com.mx\/tercera-ola-de-covid-19-en-sonora-pega-a-ninos-adolescentes-y-adultos-jovenes\/#breadcrumb\",\"itemListElement\":[{\"@type\":\"ListItem\",\"position\":1,\"name\":\"Portada\",\"item\":\"https:\/\/www.sonoraenequipo.com.mx\/\"},{\"@type\":\"ListItem\",\"position\":2,\"name\":\"Tercera ola de COVID-19 en Sonora pega a ni\u00f1os, adolescentes y adultos j\u00f3venes\"}]},{\"@type\":\"WebSite\",\"@id\":\"https:\/\/www.sonoraenequipo.com.mx\/#website\",\"url\":\"https:\/\/www.sonoraenequipo.com.mx\/\",\"name\":\"Sonora en Equipo.\",\"description\":\"Diario en l\u00ednea con Noticias desde Hermosillo, Sonora\",\"publisher\":{\"@id\":\"https:\/\/www.sonoraenequipo.com.mx\/#organization\"},\"potentialAction\":[{\"@type\":\"SearchAction\",\"target\":{\"@type\":\"EntryPoint\",\"urlTemplate\":\"https:\/\/www.sonoraenequipo.com.mx\/?s={search_term_string}\"},\"query-input\":{\"@type\":\"PropertyValueSpecification\",\"valueRequired\":true,\"valueName\":\"search_term_string\"}}],\"inLanguage\":\"es\"},{\"@type\":\"Organization\",\"@id\":\"https:\/\/www.sonoraenequipo.com.mx\/#organization\",\"name\":\"Sonoraenequipo.com.mx\",\"url\":\"https:\/\/www.sonoraenequipo.com.mx\/\",\"logo\":{\"@type\":\"ImageObject\",\"inLanguage\":\"es\",\"@id\":\"https:\/\/www.sonoraenequipo.com.mx\/#\/schema\/logo\/image\/\",\"url\":\"https:\/\/www.sonoraenequipo.com.mx\/storage\/2019\/01\/sonoraenequipo_opt.png\",\"contentUrl\":\"https:\/\/www.sonoraenequipo.com.mx\/storage\/2019\/01\/sonoraenequipo_opt.png\",\"width\":375,\"height\":125,\"caption\":\"Sonoraenequipo.com.mx\"},\"image\":{\"@id\":\"https:\/\/www.sonoraenequipo.com.mx\/#\/schema\/logo\/image\/\"},\"sameAs\":[\"https:\/\/www.facebook.com\/SonoraEE\/\",\"https:\/\/x.com\/sonoraenequipo\",\"https:\/\/www.youtube.com\/channel\/UC338nW-lPEYmJQs4ZABQ1SQ\"]},{\"@type\":\"Person\",\"@id\":\"https:\/\/www.sonoraenequipo.com.mx\/#\/schema\/person\/50102df0fb23a8fa9e8effad8fa81386\",\"name\":\"enequipo\",\"image\":{\"@type\":\"ImageObject\",\"inLanguage\":\"es\",\"@id\":\"https:\/\/www.sonoraenequipo.com.mx\/#\/schema\/person\/image\/\",\"url\":\"https:\/\/secure.gravatar.com\/avatar\/049821681b589dabc0bc20695993ccebb09f5b5d4d790cd9251b97faac7c652b?s=96&d=blank&r=g\",\"contentUrl\":\"https:\/\/secure.gravatar.com\/avatar\/049821681b589dabc0bc20695993ccebb09f5b5d4d790cd9251b97faac7c652b?s=96&d=blank&r=g\",\"caption\":\"enequipo\"},\"sameAs\":[\"https:\/\/www.facebook.com\/SonoraEE\"]}]}<\/script>\n ","yoast_head_json":{"title":"Sonora en Equipo. Tercera ola de COVID-19 en Sonora pega a ni\u00f1os, adolescentes y adultos j\u00f3venes Sonora","description":"HERMOSILLO, SONORA. MX. \u2014 En la tercera ola de COVID-19 en Sonora predominan los casos del virus en personas no vacunadas, particularmente ni\u00f1os, En Sonora en Equipo publicamos toda la informaci\u00f3n de Sonora, M\u00e9xico y el Mundo de manera oportuna y busca que la libertad de expresi\u00f3n sea real. Visita nuestro medio informativo publicado desde Hermosillo, Sonora. %","robots":{"index":"index","follow":"follow","max-snippet":"max-snippet:-1","max-image-preview":"max-image-preview:large","max-video-preview":"max-video-preview:-1"},"canonical":"https:\/\/www.sonoraenequipo.com.mx\/tercera-ola-de-covid-19-en-sonora-pega-a-ninos-adolescentes-y-adultos-jovenes\/","og_locale":"es_ES","og_type":"article","og_title":"Sonora en Equipo. Tercera ola de COVID-19 en Sonora pega a ni\u00f1os, adolescentes y adultos j\u00f3venes Sonora","og_description":"HERMOSILLO, SONORA. MX. \u2014 En la tercera ola de COVID-19 en Sonora predominan los casos del virus en personas no vacunadas, particularmente ni\u00f1os, En Sonora en Equipo publicamos toda la informaci\u00f3n de Sonora, M\u00e9xico y el Mundo de manera oportuna y busca que la libertad de expresi\u00f3n sea real. Visita nuestro medio informativo publicado desde Hermosillo, Sonora. %","og_url":"https:\/\/www.sonoraenequipo.com.mx\/tercera-ola-de-covid-19-en-sonora-pega-a-ninos-adolescentes-y-adultos-jovenes\/","og_site_name":"Sonora en Equipo.","article_publisher":"https:\/\/www.facebook.com\/SonoraEE\/","article_author":"https:\/\/www.facebook.com\/SonoraEE","article_published_time":"2021-07-25T02:15:20+00:00","article_modified_time":"2021-07-25T03:25:46+00:00","og_image":[{"width":700,"height":400,"url":"https:\/\/www.sonoraenequipo.com.mx\/storage\/2021\/07\/sonora-anticipa_opt.jpg","type":"image\/jpeg"}],"author":"enequipo","twitter_card":"summary_large_image","twitter_creator":"@sonoraenequipo","twitter_site":"@sonoraenequipo","twitter_misc":{"Escrito por":"enequipo","Tiempo de lectura":"3 minutos"},"schema":{"@context":"https:\/\/schema.org","@graph":[{"@type":"Article","@id":"https:\/\/www.sonoraenequipo.com.mx\/tercera-ola-de-covid-19-en-sonora-pega-a-ninos-adolescentes-y-adultos-jovenes\/#article","isPartOf":{"@id":"https:\/\/www.sonoraenequipo.com.mx\/tercera-ola-de-covid-19-en-sonora-pega-a-ninos-adolescentes-y-adultos-jovenes\/"},"author":{"name":"enequipo","@id":"https:\/\/www.sonoraenequipo.com.mx\/#\/schema\/person\/50102df0fb23a8fa9e8effad8fa81386"},"headline":"Tercera ola de COVID-19 en Sonora pega a ni\u00f1os, adolescentes y adultos j\u00f3venes","datePublished":"2021-07-25T02:15:20+00:00","dateModified":"2021-07-25T03:25:46+00:00","mainEntityOfPage":{"@id":"https:\/\/www.sonoraenequipo.com.mx\/tercera-ola-de-covid-19-en-sonora-pega-a-ninos-adolescentes-y-adultos-jovenes\/"},"wordCount":529,"commentCount":0,"publisher":{"@id":"https:\/\/www.sonoraenequipo.com.mx\/#organization"},"image":{"@id":"https:\/\/www.sonoraenequipo.com.mx\/tercera-ola-de-covid-19-en-sonora-pega-a-ninos-adolescentes-y-adultos-jovenes\/#primaryimage"},"thumbnailUrl":"https:\/\/www.sonoraenequipo.com.mx\/storage\/2021\/07\/sonora-anticipa_opt.jpg","articleSection":["Sonora"],"inLanguage":"es","potentialAction":[{"@type":"CommentAction","name":"Comment","target":["https:\/\/www.sonoraenequipo.com.mx\/tercera-ola-de-covid-19-en-sonora-pega-a-ninos-adolescentes-y-adultos-jovenes\/#respond"]}]},{"@type":"WebPage","@id":"https:\/\/www.sonoraenequipo.com.mx\/tercera-ola-de-covid-19-en-sonora-pega-a-ninos-adolescentes-y-adultos-jovenes\/","url":"https:\/\/www.sonoraenequipo.com.mx\/tercera-ola-de-covid-19-en-sonora-pega-a-ninos-adolescentes-y-adultos-jovenes\/","name":"Sonora en Equipo. Tercera ola de COVID-19 en Sonora pega a ni\u00f1os, adolescentes y adultos j\u00f3venes Sonora","isPartOf":{"@id":"https:\/\/www.sonoraenequipo.com.mx\/#website"},"primaryImageOfPage":{"@id":"https:\/\/www.sonoraenequipo.com.mx\/tercera-ola-de-covid-19-en-sonora-pega-a-ninos-adolescentes-y-adultos-jovenes\/#primaryimage"},"image":{"@id":"https:\/\/www.sonoraenequipo.com.mx\/tercera-ola-de-covid-19-en-sonora-pega-a-ninos-adolescentes-y-adultos-jovenes\/#primaryimage"},"thumbnailUrl":"https:\/\/www.sonoraenequipo.com.mx\/storage\/2021\/07\/sonora-anticipa_opt.jpg","datePublished":"2021-07-25T02:15:20+00:00","dateModified":"2021-07-25T03:25:46+00:00","description":"HERMOSILLO, SONORA. MX. \u2014 En la tercera ola de COVID-19 en Sonora predominan los casos del virus en personas no vacunadas, particularmente ni\u00f1os, En Sonora en Equipo publicamos toda la informaci\u00f3n de Sonora, M\u00e9xico y el Mundo de manera oportuna y busca que la libertad de expresi\u00f3n sea real. Visita nuestro medio informativo publicado desde Hermosillo, Sonora. %","breadcrumb":{"@id":"https:\/\/www.sonoraenequipo.com.mx\/tercera-ola-de-covid-19-en-sonora-pega-a-ninos-adolescentes-y-adultos-jovenes\/#breadcrumb"},"inLanguage":"es","potentialAction":[{"@type":"ReadAction","target":["https:\/\/www.sonoraenequipo.com.mx\/tercera-ola-de-covid-19-en-sonora-pega-a-ninos-adolescentes-y-adultos-jovenes\/"]}]},{"@type":"ImageObject","inLanguage":"es","@id":"https:\/\/www.sonoraenequipo.com.mx\/tercera-ola-de-covid-19-en-sonora-pega-a-ninos-adolescentes-y-adultos-jovenes\/#primaryimage","url":"https:\/\/www.sonoraenequipo.com.mx\/storage\/2021\/07\/sonora-anticipa_opt.jpg","contentUrl":"https:\/\/www.sonoraenequipo.com.mx\/storage\/2021\/07\/sonora-anticipa_opt.jpg","width":700,"height":400},{"@type":"BreadcrumbList","@id":"https:\/\/www.sonoraenequipo.com.mx\/tercera-ola-de-covid-19-en-sonora-pega-a-ninos-adolescentes-y-adultos-jovenes\/#breadcrumb","itemListElement":[{"@type":"ListItem","position":1,"name":"Portada","item":"https:\/\/www.sonoraenequipo.com.mx\/"},{"@type":"ListItem","position":2,"name":"Tercera ola de COVID-19 en Sonora pega a ni\u00f1os, adolescentes y adultos j\u00f3venes"}]},{"@type":"WebSite","@id":"https:\/\/www.sonoraenequipo.com.mx\/#website","url":"https:\/\/www.sonoraenequipo.com.mx\/","name":"Sonora en Equipo.","description":"Diario en l\u00ednea con Noticias desde Hermosillo, Sonora","publisher":{"@id":"https:\/\/www.sonoraenequipo.com.mx\/#organization"},"potentialAction":[{"@type":"SearchAction","target":{"@type":"EntryPoint","urlTemplate":"https:\/\/www.sonoraenequipo.com.mx\/?s={search_term_string}"},"query-input":{"@type":"PropertyValueSpecification","valueRequired":true,"valueName":"search_term_string"}}],"inLanguage":"es"},{"@type":"Organization","@id":"https:\/\/www.sonoraenequipo.com.mx\/#organization","name":"Sonoraenequipo.com.mx","url":"https:\/\/www.sonoraenequipo.com.mx\/","logo":{"@type":"ImageObject","inLanguage":"es","@id":"https:\/\/www.sonoraenequipo.com.mx\/#\/schema\/logo\/image\/","url":"https:\/\/www.sonoraenequipo.com.mx\/storage\/2019\/01\/sonoraenequipo_opt.png","contentUrl":"https:\/\/www.sonoraenequipo.com.mx\/storage\/2019\/01\/sonoraenequipo_opt.png","width":375,"height":125,"caption":"Sonoraenequipo.com.mx"},"image":{"@id":"https:\/\/www.sonoraenequipo.com.mx\/#\/schema\/logo\/image\/"},"sameAs":["https:\/\/www.facebook.com\/SonoraEE\/","https:\/\/x.com\/sonoraenequipo","https:\/\/www.youtube.com\/channel\/UC338nW-lPEYmJQs4ZABQ1SQ"]},{"@type":"Person","@id":"https:\/\/www.sonoraenequipo.com.mx\/#\/schema\/person\/50102df0fb23a8fa9e8effad8fa81386","name":"enequipo","image":{"@type":"ImageObject","inLanguage":"es","@id":"https:\/\/www.sonoraenequipo.com.mx\/#\/schema\/person\/image\/","url":"https:\/\/secure.gravatar.com\/avatar\/049821681b589dabc0bc20695993ccebb09f5b5d4d790cd9251b97faac7c652b?s=96&d=blank&r=g","contentUrl":"https:\/\/secure.gravatar.com\/avatar\/049821681b589dabc0bc20695993ccebb09f5b5d4d790cd9251b97faac7c652b?s=96&d=blank&r=g","caption":"enequipo"},"sameAs":["https:\/\/www.facebook.com\/SonoraEE"]}]}},"jetpack_featured_media_url":"https:\/\/www.sonoraenequipo.com.mx\/storage\/2021\/07\/sonora-anticipa_opt.jpg","_links":{"self":[{"href":"https:\/\/www.sonoraenequipo.com.mx\/api\/wp\/v2\/posts\/119035","targetHints":{"allow":["GET"]}}],"collection":[{"href":"https:\/\/www.sonoraenequipo.com.mx\/api\/wp\/v2\/posts"}],"about":[{"href":"https:\/\/www.sonoraenequipo.com.mx\/api\/wp\/v2\/types\/post"}],"author":[{"embeddable":true,"href":"https:\/\/www.sonoraenequipo.com.mx\/api\/wp\/v2\/users\/1"}],"replies":[{"embeddable":true,"href":"https:\/\/www.sonoraenequipo.com.mx\/api\/wp\/v2\/comments?post=119035"}],"version-history":[{"count":2,"href":"https:\/\/www.sonoraenequipo.com.mx\/api\/wp\/v2\/posts\/119035\/revisions"}],"predecessor-version":[{"id":119038,"href":"https:\/\/www.sonoraenequipo.com.mx\/api\/wp\/v2\/posts\/119035\/revisions\/119038"}],"wp:featuredmedia":[{"embeddable":true,"href":"https:\/\/www.sonoraenequipo.com.mx\/api\/wp\/v2\/media\/119036"}],"wp:attachment":[{"href":"https:\/\/www.sonoraenequipo.com.mx\/api\/wp\/v2\/media?parent=119035"}],"wp:term":[{"taxonomy":"category","embeddable":true,"href":"https:\/\/www.sonoraenequipo.com.mx\/api\/wp\/v2\/categories?post=119035"},{"taxonomy":"post_tag","embeddable":true,"href":"https:\/\/www.sonoraenequipo.com.mx\/api\/wp\/v2\/tags?post=119035"}],"curies":[{"name":"wp","href":"https:\/\/api.w.org\/{rel}","templated":true}]}}