{"id":119039,"date":"2021-07-24T09:15:05","date_gmt":"2021-07-24T16:15:05","guid":{"rendered":"https:\/\/www.sonoraenequipo.com.mx\/?p=119039"},"modified":"2021-07-24T20:33:22","modified_gmt":"2021-07-25T03:33:22","slug":"se-confirmaron-12-decesos-y-416-nuevos-casos-positivos-en-sonora","status":"publish","type":"post","link":"https:\/\/www.sonoraenequipo.com.mx\/se-confirmaron-12-decesos-y-416-nuevos-casos-positivos-en-sonora\/","title":{"rendered":"Se confirmaron 12 decesos y 416 nuevos casos positivos en Sonora"},"content":{"rendered":"<p>HERMOSILLO, SONORA. MX. \u2014 No es momento para cansarse, es momento para seguir siendo solidarios, responsables, no bajar la guardia y seguir cuid\u00e1ndose con las medidas sanitarias, indic\u00f3 Enrique Clausen Iberri, tras informarse que este d\u00eda se confirmaron 12 decesos por esta enfermedad y se contabilizaron 416 nuevos casos en el estado.<\/p>\n<p>&nbsp;<\/p>\n<p>&nbsp;<\/p>\n<p> <\/p>\n<p>&nbsp;<\/p>\n<p><em>\u201cNo podemos cansarnos, tenemos que seguir siendo solidarios y responsables, tenemos que seguir cumpliendo con las medidas sanitarias; \u00e9chale ganas, aunque andes de vacaciones por favor no te quites el cubrebocas, lava bien tus manos y no vayas a lugares que no est\u00e9n ventilados\u201d,<\/em> dijo.<\/p>\n<p>&nbsp;<\/p>\n<p>&nbsp;<\/p>\n<p>Se confirmaron 12 fallecimientos, en siete hombres y cinco mujeres, cuatro de las personas eran residentes de Hermosillo; cuatro de Cajeme; dos de Nogales; una de Guaymas y una de General Plutarco El\u00edas Calles; ocho de ellas eran derechohabientes del IMSS; tres de Isssteson y una de la Secretar\u00eda de Salud, acumul\u00e1ndose un total de 6 mil 644 defunciones.<\/p>\n<p>&nbsp;<\/p>\n<p>&nbsp;<\/p>\n<p>As\u00ed mismo, se registraron 416 nuevos casos por COVID, en 224 mujeres y 192 hombres, para un total de 84 mil 782 casos en la entidad. De los contagios nuevos, 160 son residentes de Hermosillo; 101 de Cajeme; 35 de Guaymas; 25 de Empalme; 20 de Caborca; 16 de Navojoa; 13 de Nogales; 10 de Puerto Pe\u00f1asco; nueve de Huatabampo; cuatro de Nacozari de Garc\u00eda; cuatro de Ban\u00e1michi y cuatro de Etchojoa; tres de \u00c1lamos; dos de San Luis R\u00edo Colorado; dos de Ray\u00f3n; dos de San Miguel de Horcasitas; dos de B\u00e1cum; dos de Carb\u00f3; uno de Santa Ana y uno de Magdalena de Kino.<\/p>\n<p>&nbsp;<\/p>\n<p>&nbsp;<\/p>\n<p>Hoy se confirmaron 20 casos pedi\u00e1tricos, en 11 ni\u00f1os y nueve ni\u00f1as, acumul\u00e1ndose mil 862; se confirmaron dos casos en mujeres embarazadas, acumul\u00e1ndose 592 casos; ocho de los 416 casos fueron en trabajadores de la salud de distintas instituciones. Este viernes, se dieron de alta a 26 pacientes y hasta el momento 74 mil 634 personas se han recuperado en la entidad.<\/p>\n<p>&nbsp;<\/p>\n<p>&nbsp;<\/p>\n<p>Al momento, se han realizado 155 mil 917 pruebas; se han confirmado 84 mil 782 casos y se han descartado 71 mil 135; en cuadro leve, 14 mil 536 casos, 3 mil 248 activos y 11 mil 288 concluyeron su seguimiento; 63 mil 346 pacientes se han curado y 256 pacientes se encuentran hospitalizados, 38 de ellos estables, 155 graves y 63 cr\u00edticos.<\/p>\n<p>&nbsp;<\/p>\n<p>&nbsp;<\/p>\n<h3>Casos COVID-19 en Sonora 84,782 casos confirmados y 6,644 defunciones<\/h3>\n<p>&nbsp;<\/p>\n<p>Defunciones registradas 23 de julio de 2021: 12<\/p>\n<p>Hermosillo: 4<\/p>\n<p>Cajeme: 4<\/p>\n<p>Nogales: 2<\/p>\n<p>San Luis R\u00edo Colorado: 1<\/p>\n<p>Guaymas: 1<\/p>\n<p>Mujeres: 5\/ Hombres: 7<\/p>\n<p>Instituci\u00f3n M\u00e9dica<\/p>\n<p>IMSS: 8<\/p>\n<p>Isssteson: 3<\/p>\n<p>Secretar\u00eda de Salud: 1<\/p>\n<p>&nbsp;<\/p>\n<p>Casos confirmados 23 de julio de 2021: 416<\/p>\n<p>Hermosillo: 160<\/p>\n<p>Cajeme: 101<\/p>\n<p>Guaymas: 35<\/p>\n<p>Empalme: 25<\/p>\n<p>Caborca: 20<\/p>\n<p>Navojoa: 16<\/p>\n<p>Nogales: 13<\/p>\n<p>Puerto Pe\u00f1asco: 10<\/p>\n<p>Huatabampo: 9<\/p>\n<p>Nacozari de Garc\u00eda: 4<\/p>\n<p>Ban\u00e1michi: 4<\/p>\n<p>Etchojoa: 4<\/p>\n<p>\u00c1lamos: 3<\/p>\n<p>San Luis R\u00edo Colorado: 2<\/p>\n<p>Ray\u00f3n: 2<\/p>\n<p>San Miguel de Horcasitas: 2<\/p>\n<p>B\u00e1cum: 2<\/p>\n<p>Carb\u00f3: 2<\/p>\n<p>Santa Ana: 1<\/p>\n<p>Magdalena: 1<\/p>\n<p>Mujeres: 224\/ Hombres: 192<\/p>\n<p>Instituci\u00f3n M\u00e9dica<\/p>\n<p>Secretar\u00eda de Salud: 189<\/p>\n<p>IMSS: 180<\/p>\n<p>Isssteson: 44<\/p>\n<p>Issste: 3<\/p>\n<p>&nbsp;<\/p>\n<p>Acumulados<\/p>\n<p>Defunciones: 6,644<\/p>\n<p>Hermosillo: 2,177<\/p>\n<p>Cajeme: 1,145<\/p>\n<p>San Luis R\u00edo Colorado: 528<\/p>\n<p>Nogales: 527<\/p>\n<p>Guaymas: 395<\/p>\n<p>Navojoa: 307<\/p>\n<p>Agua Prieta: 226<\/p>\n<p>Caborca: 189<\/p>\n<p>Huatabampo: 165<\/p>\n<p>Empalme: 121<\/p>\n<p>Cananea: 120<\/p>\n<p>Etchojoa: 98<\/p>\n<p>Puerto Pe\u00f1asco: 81<\/p>\n<p>Magdalena: 77<\/p>\n<p>Nacozari de Garc\u00eda: 56<\/p>\n<p>Benito Ju\u00e1rez: 53<\/p>\n<p>Santa Ana: 45<\/p>\n<p>B\u00e1cum: 45<\/p>\n<p>San Ignacio R\u00edo Muerto: 26<\/p>\n<p>Gral. Plutarco El\u00edas Calles: 25<\/p>\n<p>\u00c1lamos: 24<\/p>\n<p>\u00cdmuris: 23<\/p>\n<p>Pitiquito: 20<\/p>\n<p>Fronteras: 17<\/p>\n<p>Cumpas: 16<\/p>\n<p>Naco: 11<\/p>\n<p>Moctezuma: 10<\/p>\n<p>Ures: 9<\/p>\n<p>Rosario: 9<\/p>\n<p>Sahuaripa: 8<\/p>\n<p>Villa Hidalgo: 7<\/p>\n<p>Bavi\u00e1cora: 7<\/p>\n<p>Bacoachi: 7<\/p>\n<p>Altar: 8<\/p>\n<p>Benjam\u00edn Hill: 6<\/p>\n<p>San Miguel de Horcasitas: 5<\/p>\n<p>Aconchi: 5<\/p>\n<p>S\u00e1ric: 4<\/p>\n<p>Ray\u00f3n: 3<\/p>\n<p>Carb\u00f3: 3<\/p>\n<p>Quiriego: 5<\/p>\n<p>Bacerac: 3<\/p>\n<p>Arizpe: 3<\/p>\n<p>Ban\u00e1michi: 3<\/p>\n<p>Bavispe: 2<\/p>\n<p>N\u00e1cori Chico: 2<\/p>\n<p>San Pedro de la Cueva: 2<\/p>\n<p>Arivechi: 2<\/p>\n<p>Cucurpe: 2<\/p>\n<p>Hu\u00e9pac: 2<\/p>\n<p>Tepache: 2<\/p>\n<p>Y\u00e9cora: 2<\/p>\n<p>Opodepe: 1<\/p>\n<p>San Felipe de Jes\u00fas: 1<\/p>\n<p>Granados: 1<\/p>\n<p>Oquitoa: 1<\/p>\n<p>Santa Cruz: 1<\/p>\n<p>Mazat\u00e1n: 1<\/p>\n<p>Hombres: 3,792\/ Mujeres: 2,852<\/p>\n<p>Instituci\u00f3n M\u00e9dica<\/p>\n<p>IMSS: 4,210<\/p>\n<p>Secretar\u00eda de Salud: 1,855<\/p>\n<p>Isssteson: 428<\/p>\n<p>Issste: 142<\/p>\n<p>Sedena: 5<\/p>\n<p>Semar: 4<\/p>\n<p>&nbsp;<\/p>\n<p>Total de casos confirmados: 84,782<\/p>\n<p>Hermosillo: 38,412 municipio con mayor incidencia con un 46% del total.<\/p>\n<p>Cajeme: 12,276 que representan el 14% del total.<\/p>\n<p>Nogales: 5,118 que representan el 6% del total<\/p>\n<p>Guaymas: 4,222<\/p>\n<p>Caborca: 4,136<\/p>\n<p>Navojoa: 4,010<\/p>\n<p>San Luis R\u00edo Colorado: 3,349<\/p>\n<p>Cananea: 1,965<\/p>\n<p>Huatabampo: 1,755<\/p>\n<p>Empalme: 1,630<\/p>\n<p>Agua Prieta: 1,330<\/p>\n<p>Etchojoa: 753<\/p>\n<p>Puerto Pe\u00f1asco: 723<\/p>\n<p>Magdalena: 681<\/p>\n<p>Santa Ana: 457<\/p>\n<p>\u00c1lamos: 405<\/p>\n<p>Benito Ju\u00e1rez: 386<\/p>\n<p>Nacozari de Garc\u00eda: 364<\/p>\n<p>B\u00e1cum: 328<\/p>\n<p>Pitiquito: 317<\/p>\n<p>Gral. Plutarco El\u00edas Calles: 254<\/p>\n<p>San Ignacio R\u00edo Muerto: 209<\/p>\n<p>Sahuaripa: 155<\/p>\n<p>Bavi\u00e1cora: 145<\/p>\n<p>Altar: 131<\/p>\n<p>\u00cdmuris: 123<\/p>\n<p>Ures: 96<\/p>\n<p>Moctezuma: 89<\/p>\n<p>Rosario: 81<\/p>\n<p>Cumpas: 77<\/p>\n<p>N\u00e1cori Chico: 66<\/p>\n<p>Benjam\u00edn Hill: 58<\/p>\n<p>Y\u00e9cora: 57<\/p>\n<p>Bacoachi: 51<\/p>\n<p>Fronteras: 45<\/p>\n<p>Granados: 44<\/p>\n<p>Naco: 43<\/p>\n<p>Aconchi: 36<\/p>\n<p>Carb\u00f3: 34<\/p>\n<p>Arizpe: 33<\/p>\n<p>S\u00e1ric: 29<\/p>\n<p>San Miguel de Horcasitas: 26<\/p>\n<p>Ban\u00e1michi: 25<\/p>\n<p>Arivechi: 23<\/p>\n<p>Quiriego: 23<\/p>\n<p>Villa Hidalgo: 16<\/p>\n<p>Ray\u00f3n: 14<\/p>\n<p>Trincheras: 14<\/p>\n<p>San Pedro de la Cueva: 14<\/p>\n<p>Cucurpe: 13<\/p>\n<p>Bacanora: 13<\/p>\n<p>Hu\u00e1sabas: 12<\/p>\n<p>Tepache: 11<\/p>\n<p>\u00c1til: 10<\/p>\n<p>Bacerac: 8<\/p>\n<p>Huachinera: 7<\/p>\n<p>Bavispe: 7<\/p>\n<p>Tubutama: 7<\/p>\n<p>Villa Pesqueira: 7<\/p>\n<p>\u00d3navas: 6<\/p>\n<p>San Javier: 6<\/p>\n<p>Divisaderos: 6<\/p>\n<p>Oquitoa: 6<\/p>\n<p>San Felipe de Jes\u00fas: 6<\/p>\n<p>Bacad\u00e9huachi: 5<\/p>\n<p>Hu\u00e9pac: 5<\/p>\n<p>Mazat\u00e1n: 5<\/p>\n<p>Opodepe: 5<\/p>\n<p>Santa Cruz: 4<\/p>\n<p>La Colorada: 2<\/p>\n<p>Soyopa: 2<\/p>\n<p>Suaqui Grande: 1<\/p>\n<p>Mujeres: 45,641\/Hombres: 39,141<\/p>\n<p>Instituci\u00f3n M\u00e9dica<\/p>\n<p>Secretar\u00eda de Salud: 56,879<\/p>\n<p>IMSS: 19,883<\/p>\n<p>Isssteson: 6,584<\/p>\n<p>Issste: 1,192<\/p>\n<p>Sedena: 229<\/p>\n<p>Semar: 15<\/p>\n<p>&nbsp;<\/p>\n<p>Casos estudiados: 155,917<\/p>\n<p>Confirmados: 84,782<\/p>\n<p>Descartados: 71,135<\/p>\n<p>Cuadro leve: 14,536<\/p>\n<p>Pacientes activos: 3,248<\/p>\n<p>Pacientes en seguimiento terminado: 11,288<\/p>\n<p>Curados: 63,346<\/p>\n<p>Hospitalizados: 256<\/p>\n<p>Estables: 38<\/p>\n<p>Graves: 155<\/p>\n<p>Pacientes graves con ventilaci\u00f3n mec\u00e1nica invasiva: 63<\/p>\n<p>&nbsp;<\/p>\n<p>&nbsp;<\/p>\n<p>(Publicada el 24\/07\/2021)<\/p>\n","protected":false},"excerpt":{"rendered":"<p>HERMOSILLO, SONORA. MX. \u2014 No es momento para cansarse, es momento para seguir siendo solidarios,&#8230;<\/p>\n","protected":false},"author":1,"featured_media":119040,"comment_status":"open","ping_status":"open","sticky":false,"template":"","format":"standard","meta":{"_monsterinsights_skip_tracking":false,"_monsterinsights_sitenote_active":false,"_monsterinsights_sitenote_note":"","_monsterinsights_sitenote_category":0,"footnotes":""},"categories":[22],"tags":[],"class_list":["post"],"yoast_head":" \n<title>Sonora en Equipo. Se confirmaron 12 decesos y 416 nuevos casos positivos en Sonora Sonora<\/title>\n<meta name=\"description\" content=\"HERMOSILLO, SONORA. MX. \u2014 No es momento para cansarse, es momento para seguir siendo solidarios, responsables, no bajar la guardia y seguir cuid\u00e1ndose con En Sonora en Equipo publicamos toda la informaci\u00f3n de Sonora, M\u00e9xico y el Mundo de manera oportuna y busca que la libertad de expresi\u00f3n sea real. Visita nuestro medio informativo publicado desde Hermosillo, Sonora. %\" \/>\n<meta name=\"robots\" content=\"index, follow, max-snippet:-1, max-image-preview:large, max-video-preview:-1\" \/>\n<link rel=\"canonical\" href=\"https:\/\/www.sonoraenequipo.com.mx\/se-confirmaron-12-decesos-y-416-nuevos-casos-positivos-en-sonora\/\" \/>\n<meta property=\"og:locale\" content=\"es_ES\" \/>\n<meta property=\"og:type\" content=\"article\" \/>\n<meta property=\"og:title\" content=\"Sonora en Equipo. Se confirmaron 12 decesos y 416 nuevos casos positivos en Sonora Sonora\" \/>\n<meta property=\"og:description\" content=\"HERMOSILLO, SONORA. MX. \u2014 No es momento para cansarse, es momento para seguir siendo solidarios, responsables, no bajar la guardia y seguir cuid\u00e1ndose con En Sonora en Equipo publicamos toda la informaci\u00f3n de Sonora, M\u00e9xico y el Mundo de manera oportuna y busca que la libertad de expresi\u00f3n sea real. Visita nuestro medio informativo publicado desde Hermosillo, Sonora. %\" \/>\n<meta property=\"og:url\" content=\"https:\/\/www.sonoraenequipo.com.mx\/se-confirmaron-12-decesos-y-416-nuevos-casos-positivos-en-sonora\/\" \/>\n<meta property=\"og:site_name\" content=\"Sonora en Equipo.\" \/>\n<meta property=\"article:publisher\" content=\"https:\/\/www.facebook.com\/SonoraEE\/\" \/>\n<meta property=\"article:author\" content=\"https:\/\/www.facebook.com\/SonoraEE\" \/>\n<meta property=\"article:published_time\" content=\"2021-07-24T16:15:05+00:00\" \/>\n<meta property=\"article:modified_time\" content=\"2021-07-25T03:33:22+00:00\" \/>\n<meta property=\"og:image\" content=\"https:\/\/www.sonoraenequipo.com.mx\/storage\/2021\/07\/salva-vidas_opt-2.jpg\" \/>\n\t<meta property=\"og:image:width\" content=\"700\" \/>\n\t<meta property=\"og:image:height\" content=\"400\" \/>\n\t<meta property=\"og:image:type\" content=\"image\/jpeg\" \/>\n<meta name=\"author\" content=\"enequipo\" \/>\n<meta name=\"twitter:card\" content=\"summary_large_image\" \/>\n<meta name=\"twitter:creator\" content=\"@sonoraenequipo\" \/>\n<meta name=\"twitter:site\" content=\"@sonoraenequipo\" \/>\n<meta name=\"twitter:label1\" content=\"Escrito por\" \/>\n\t<meta name=\"twitter:data1\" content=\"enequipo\" \/>\n\t<meta name=\"twitter:label2\" content=\"Tiempo de lectura\" \/>\n\t<meta name=\"twitter:data2\" content=\"5 minutos\" \/>\n<script type=\"application\/ld+json\" class=\"yoast-schema-graph\">{\"@context\":\"https:\/\/schema.org\",\"@graph\":[{\"@type\":\"Article\",\"@id\":\"https:\/\/www.sonoraenequipo.com.mx\/se-confirmaron-12-decesos-y-416-nuevos-casos-positivos-en-sonora\/#article\",\"isPartOf\":{\"@id\":\"https:\/\/www.sonoraenequipo.com.mx\/se-confirmaron-12-decesos-y-416-nuevos-casos-positivos-en-sonora\/\"},\"author\":{\"name\":\"enequipo\",\"@id\":\"https:\/\/www.sonoraenequipo.com.mx\/#\/schema\/person\/50102df0fb23a8fa9e8effad8fa81386\"},\"headline\":\"Se confirmaron 12 decesos y 416 nuevos casos positivos en Sonora\",\"datePublished\":\"2021-07-24T16:15:05+00:00\",\"dateModified\":\"2021-07-25T03:33:22+00:00\",\"mainEntityOfPage\":{\"@id\":\"https:\/\/www.sonoraenequipo.com.mx\/se-confirmaron-12-decesos-y-416-nuevos-casos-positivos-en-sonora\/\"},\"wordCount\":785,\"commentCount\":0,\"publisher\":{\"@id\":\"https:\/\/www.sonoraenequipo.com.mx\/#organization\"},\"image\":{\"@id\":\"https:\/\/www.sonoraenequipo.com.mx\/se-confirmaron-12-decesos-y-416-nuevos-casos-positivos-en-sonora\/#primaryimage\"},\"thumbnailUrl\":\"https:\/\/www.sonoraenequipo.com.mx\/storage\/2021\/07\/salva-vidas_opt-2.jpg\",\"articleSection\":[\"Sonora\"],\"inLanguage\":\"es\",\"potentialAction\":[{\"@type\":\"CommentAction\",\"name\":\"Comment\",\"target\":[\"https:\/\/www.sonoraenequipo.com.mx\/se-confirmaron-12-decesos-y-416-nuevos-casos-positivos-en-sonora\/#respond\"]}]},{\"@type\":\"WebPage\",\"@id\":\"https:\/\/www.sonoraenequipo.com.mx\/se-confirmaron-12-decesos-y-416-nuevos-casos-positivos-en-sonora\/\",\"url\":\"https:\/\/www.sonoraenequipo.com.mx\/se-confirmaron-12-decesos-y-416-nuevos-casos-positivos-en-sonora\/\",\"name\":\"Sonora en Equipo. Se confirmaron 12 decesos y 416 nuevos casos positivos en Sonora Sonora\",\"isPartOf\":{\"@id\":\"https:\/\/www.sonoraenequipo.com.mx\/#website\"},\"primaryImageOfPage\":{\"@id\":\"https:\/\/www.sonoraenequipo.com.mx\/se-confirmaron-12-decesos-y-416-nuevos-casos-positivos-en-sonora\/#primaryimage\"},\"image\":{\"@id\":\"https:\/\/www.sonoraenequipo.com.mx\/se-confirmaron-12-decesos-y-416-nuevos-casos-positivos-en-sonora\/#primaryimage\"},\"thumbnailUrl\":\"https:\/\/www.sonoraenequipo.com.mx\/storage\/2021\/07\/salva-vidas_opt-2.jpg\",\"datePublished\":\"2021-07-24T16:15:05+00:00\",\"dateModified\":\"2021-07-25T03:33:22+00:00\",\"description\":\"HERMOSILLO, SONORA. MX. \u2014 No es momento para cansarse, es momento para seguir siendo solidarios, responsables, no bajar la guardia y seguir cuid\u00e1ndose con En Sonora en Equipo publicamos toda la informaci\u00f3n de Sonora, M\u00e9xico y el Mundo de manera oportuna y busca que la libertad de expresi\u00f3n sea real. Visita nuestro medio informativo publicado desde Hermosillo, Sonora. %\",\"breadcrumb\":{\"@id\":\"https:\/\/www.sonoraenequipo.com.mx\/se-confirmaron-12-decesos-y-416-nuevos-casos-positivos-en-sonora\/#breadcrumb\"},\"inLanguage\":\"es\",\"potentialAction\":[{\"@type\":\"ReadAction\",\"target\":[\"https:\/\/www.sonoraenequipo.com.mx\/se-confirmaron-12-decesos-y-416-nuevos-casos-positivos-en-sonora\/\"]}]},{\"@type\":\"ImageObject\",\"inLanguage\":\"es\",\"@id\":\"https:\/\/www.sonoraenequipo.com.mx\/se-confirmaron-12-decesos-y-416-nuevos-casos-positivos-en-sonora\/#primaryimage\",\"url\":\"https:\/\/www.sonoraenequipo.com.mx\/storage\/2021\/07\/salva-vidas_opt-2.jpg\",\"contentUrl\":\"https:\/\/www.sonoraenequipo.com.mx\/storage\/2021\/07\/salva-vidas_opt-2.jpg\",\"width\":700,\"height\":400},{\"@type\":\"BreadcrumbList\",\"@id\":\"https:\/\/www.sonoraenequipo.com.mx\/se-confirmaron-12-decesos-y-416-nuevos-casos-positivos-en-sonora\/#breadcrumb\",\"itemListElement\":[{\"@type\":\"ListItem\",\"position\":1,\"name\":\"Portada\",\"item\":\"https:\/\/www.sonoraenequipo.com.mx\/\"},{\"@type\":\"ListItem\",\"position\":2,\"name\":\"Se confirmaron 12 decesos y 416 nuevos casos positivos en Sonora\"}]},{\"@type\":\"WebSite\",\"@id\":\"https:\/\/www.sonoraenequipo.com.mx\/#website\",\"url\":\"https:\/\/www.sonoraenequipo.com.mx\/\",\"name\":\"Sonora en Equipo.\",\"description\":\"Diario en l\u00ednea con Noticias desde Hermosillo, Sonora\",\"publisher\":{\"@id\":\"https:\/\/www.sonoraenequipo.com.mx\/#organization\"},\"potentialAction\":[{\"@type\":\"SearchAction\",\"target\":{\"@type\":\"EntryPoint\",\"urlTemplate\":\"https:\/\/www.sonoraenequipo.com.mx\/?s={search_term_string}\"},\"query-input\":{\"@type\":\"PropertyValueSpecification\",\"valueRequired\":true,\"valueName\":\"search_term_string\"}}],\"inLanguage\":\"es\"},{\"@type\":\"Organization\",\"@id\":\"https:\/\/www.sonoraenequipo.com.mx\/#organization\",\"name\":\"Sonoraenequipo.com.mx\",\"url\":\"https:\/\/www.sonoraenequipo.com.mx\/\",\"logo\":{\"@type\":\"ImageObject\",\"inLanguage\":\"es\",\"@id\":\"https:\/\/www.sonoraenequipo.com.mx\/#\/schema\/logo\/image\/\",\"url\":\"https:\/\/www.sonoraenequipo.com.mx\/storage\/2019\/01\/sonoraenequipo_opt.png\",\"contentUrl\":\"https:\/\/www.sonoraenequipo.com.mx\/storage\/2019\/01\/sonoraenequipo_opt.png\",\"width\":375,\"height\":125,\"caption\":\"Sonoraenequipo.com.mx\"},\"image\":{\"@id\":\"https:\/\/www.sonoraenequipo.com.mx\/#\/schema\/logo\/image\/\"},\"sameAs\":[\"https:\/\/www.facebook.com\/SonoraEE\/\",\"https:\/\/x.com\/sonoraenequipo\",\"https:\/\/www.youtube.com\/channel\/UC338nW-lPEYmJQs4ZABQ1SQ\"]},{\"@type\":\"Person\",\"@id\":\"https:\/\/www.sonoraenequipo.com.mx\/#\/schema\/person\/50102df0fb23a8fa9e8effad8fa81386\",\"name\":\"enequipo\",\"image\":{\"@type\":\"ImageObject\",\"inLanguage\":\"es\",\"@id\":\"https:\/\/www.sonoraenequipo.com.mx\/#\/schema\/person\/image\/\",\"url\":\"https:\/\/secure.gravatar.com\/avatar\/049821681b589dabc0bc20695993ccebb09f5b5d4d790cd9251b97faac7c652b?s=96&d=blank&r=g\",\"contentUrl\":\"https:\/\/secure.gravatar.com\/avatar\/049821681b589dabc0bc20695993ccebb09f5b5d4d790cd9251b97faac7c652b?s=96&d=blank&r=g\",\"caption\":\"enequipo\"},\"sameAs\":[\"https:\/\/www.facebook.com\/SonoraEE\"]}]}<\/script>\n ","yoast_head_json":{"title":"Sonora en Equipo. Se confirmaron 12 decesos y 416 nuevos casos positivos en Sonora Sonora","description":"HERMOSILLO, SONORA. MX. \u2014 No es momento para cansarse, es momento para seguir siendo solidarios, responsables, no bajar la guardia y seguir cuid\u00e1ndose con En Sonora en Equipo publicamos toda la informaci\u00f3n de Sonora, M\u00e9xico y el Mundo de manera oportuna y busca que la libertad de expresi\u00f3n sea real. Visita nuestro medio informativo publicado desde Hermosillo, Sonora. %","robots":{"index":"index","follow":"follow","max-snippet":"max-snippet:-1","max-image-preview":"max-image-preview:large","max-video-preview":"max-video-preview:-1"},"canonical":"https:\/\/www.sonoraenequipo.com.mx\/se-confirmaron-12-decesos-y-416-nuevos-casos-positivos-en-sonora\/","og_locale":"es_ES","og_type":"article","og_title":"Sonora en Equipo. Se confirmaron 12 decesos y 416 nuevos casos positivos en Sonora Sonora","og_description":"HERMOSILLO, SONORA. MX. \u2014 No es momento para cansarse, es momento para seguir siendo solidarios, responsables, no bajar la guardia y seguir cuid\u00e1ndose con En Sonora en Equipo publicamos toda la informaci\u00f3n de Sonora, M\u00e9xico y el Mundo de manera oportuna y busca que la libertad de expresi\u00f3n sea real. Visita nuestro medio informativo publicado desde Hermosillo, Sonora. %","og_url":"https:\/\/www.sonoraenequipo.com.mx\/se-confirmaron-12-decesos-y-416-nuevos-casos-positivos-en-sonora\/","og_site_name":"Sonora en Equipo.","article_publisher":"https:\/\/www.facebook.com\/SonoraEE\/","article_author":"https:\/\/www.facebook.com\/SonoraEE","article_published_time":"2021-07-24T16:15:05+00:00","article_modified_time":"2021-07-25T03:33:22+00:00","og_image":[{"width":700,"height":400,"url":"https:\/\/www.sonoraenequipo.com.mx\/storage\/2021\/07\/salva-vidas_opt-2.jpg","type":"image\/jpeg"}],"author":"enequipo","twitter_card":"summary_large_image","twitter_creator":"@sonoraenequipo","twitter_site":"@sonoraenequipo","twitter_misc":{"Escrito por":"enequipo","Tiempo de lectura":"5 minutos"},"schema":{"@context":"https:\/\/schema.org","@graph":[{"@type":"Article","@id":"https:\/\/www.sonoraenequipo.com.mx\/se-confirmaron-12-decesos-y-416-nuevos-casos-positivos-en-sonora\/#article","isPartOf":{"@id":"https:\/\/www.sonoraenequipo.com.mx\/se-confirmaron-12-decesos-y-416-nuevos-casos-positivos-en-sonora\/"},"author":{"name":"enequipo","@id":"https:\/\/www.sonoraenequipo.com.mx\/#\/schema\/person\/50102df0fb23a8fa9e8effad8fa81386"},"headline":"Se confirmaron 12 decesos y 416 nuevos casos positivos en Sonora","datePublished":"2021-07-24T16:15:05+00:00","dateModified":"2021-07-25T03:33:22+00:00","mainEntityOfPage":{"@id":"https:\/\/www.sonoraenequipo.com.mx\/se-confirmaron-12-decesos-y-416-nuevos-casos-positivos-en-sonora\/"},"wordCount":785,"commentCount":0,"publisher":{"@id":"https:\/\/www.sonoraenequipo.com.mx\/#organization"},"image":{"@id":"https:\/\/www.sonoraenequipo.com.mx\/se-confirmaron-12-decesos-y-416-nuevos-casos-positivos-en-sonora\/#primaryimage"},"thumbnailUrl":"https:\/\/www.sonoraenequipo.com.mx\/storage\/2021\/07\/salva-vidas_opt-2.jpg","articleSection":["Sonora"],"inLanguage":"es","potentialAction":[{"@type":"CommentAction","name":"Comment","target":["https:\/\/www.sonoraenequipo.com.mx\/se-confirmaron-12-decesos-y-416-nuevos-casos-positivos-en-sonora\/#respond"]}]},{"@type":"WebPage","@id":"https:\/\/www.sonoraenequipo.com.mx\/se-confirmaron-12-decesos-y-416-nuevos-casos-positivos-en-sonora\/","url":"https:\/\/www.sonoraenequipo.com.mx\/se-confirmaron-12-decesos-y-416-nuevos-casos-positivos-en-sonora\/","name":"Sonora en Equipo. Se confirmaron 12 decesos y 416 nuevos casos positivos en Sonora Sonora","isPartOf":{"@id":"https:\/\/www.sonoraenequipo.com.mx\/#website"},"primaryImageOfPage":{"@id":"https:\/\/www.sonoraenequipo.com.mx\/se-confirmaron-12-decesos-y-416-nuevos-casos-positivos-en-sonora\/#primaryimage"},"image":{"@id":"https:\/\/www.sonoraenequipo.com.mx\/se-confirmaron-12-decesos-y-416-nuevos-casos-positivos-en-sonora\/#primaryimage"},"thumbnailUrl":"https:\/\/www.sonoraenequipo.com.mx\/storage\/2021\/07\/salva-vidas_opt-2.jpg","datePublished":"2021-07-24T16:15:05+00:00","dateModified":"2021-07-25T03:33:22+00:00","description":"HERMOSILLO, SONORA. MX. \u2014 No es momento para cansarse, es momento para seguir siendo solidarios, responsables, no bajar la guardia y seguir cuid\u00e1ndose con En Sonora en Equipo publicamos toda la informaci\u00f3n de Sonora, M\u00e9xico y el Mundo de manera oportuna y busca que la libertad de expresi\u00f3n sea real. Visita nuestro medio informativo publicado desde Hermosillo, Sonora. %","breadcrumb":{"@id":"https:\/\/www.sonoraenequipo.com.mx\/se-confirmaron-12-decesos-y-416-nuevos-casos-positivos-en-sonora\/#breadcrumb"},"inLanguage":"es","potentialAction":[{"@type":"ReadAction","target":["https:\/\/www.sonoraenequipo.com.mx\/se-confirmaron-12-decesos-y-416-nuevos-casos-positivos-en-sonora\/"]}]},{"@type":"ImageObject","inLanguage":"es","@id":"https:\/\/www.sonoraenequipo.com.mx\/se-confirmaron-12-decesos-y-416-nuevos-casos-positivos-en-sonora\/#primaryimage","url":"https:\/\/www.sonoraenequipo.com.mx\/storage\/2021\/07\/salva-vidas_opt-2.jpg","contentUrl":"https:\/\/www.sonoraenequipo.com.mx\/storage\/2021\/07\/salva-vidas_opt-2.jpg","width":700,"height":400},{"@type":"BreadcrumbList","@id":"https:\/\/www.sonoraenequipo.com.mx\/se-confirmaron-12-decesos-y-416-nuevos-casos-positivos-en-sonora\/#breadcrumb","itemListElement":[{"@type":"ListItem","position":1,"name":"Portada","item":"https:\/\/www.sonoraenequipo.com.mx\/"},{"@type":"ListItem","position":2,"name":"Se confirmaron 12 decesos y 416 nuevos casos positivos en Sonora"}]},{"@type":"WebSite","@id":"https:\/\/www.sonoraenequipo.com.mx\/#website","url":"https:\/\/www.sonoraenequipo.com.mx\/","name":"Sonora en Equipo.","description":"Diario en l\u00ednea con Noticias desde Hermosillo, Sonora","publisher":{"@id":"https:\/\/www.sonoraenequipo.com.mx\/#organization"},"potentialAction":[{"@type":"SearchAction","target":{"@type":"EntryPoint","urlTemplate":"https:\/\/www.sonoraenequipo.com.mx\/?s={search_term_string}"},"query-input":{"@type":"PropertyValueSpecification","valueRequired":true,"valueName":"search_term_string"}}],"inLanguage":"es"},{"@type":"Organization","@id":"https:\/\/www.sonoraenequipo.com.mx\/#organization","name":"Sonoraenequipo.com.mx","url":"https:\/\/www.sonoraenequipo.com.mx\/","logo":{"@type":"ImageObject","inLanguage":"es","@id":"https:\/\/www.sonoraenequipo.com.mx\/#\/schema\/logo\/image\/","url":"https:\/\/www.sonoraenequipo.com.mx\/storage\/2019\/01\/sonoraenequipo_opt.png","contentUrl":"https:\/\/www.sonoraenequipo.com.mx\/storage\/2019\/01\/sonoraenequipo_opt.png","width":375,"height":125,"caption":"Sonoraenequipo.com.mx"},"image":{"@id":"https:\/\/www.sonoraenequipo.com.mx\/#\/schema\/logo\/image\/"},"sameAs":["https:\/\/www.facebook.com\/SonoraEE\/","https:\/\/x.com\/sonoraenequipo","https:\/\/www.youtube.com\/channel\/UC338nW-lPEYmJQs4ZABQ1SQ"]},{"@type":"Person","@id":"https:\/\/www.sonoraenequipo.com.mx\/#\/schema\/person\/50102df0fb23a8fa9e8effad8fa81386","name":"enequipo","image":{"@type":"ImageObject","inLanguage":"es","@id":"https:\/\/www.sonoraenequipo.com.mx\/#\/schema\/person\/image\/","url":"https:\/\/secure.gravatar.com\/avatar\/049821681b589dabc0bc20695993ccebb09f5b5d4d790cd9251b97faac7c652b?s=96&d=blank&r=g","contentUrl":"https:\/\/secure.gravatar.com\/avatar\/049821681b589dabc0bc20695993ccebb09f5b5d4d790cd9251b97faac7c652b?s=96&d=blank&r=g","caption":"enequipo"},"sameAs":["https:\/\/www.facebook.com\/SonoraEE"]}]}},"jetpack_featured_media_url":"https:\/\/www.sonoraenequipo.com.mx\/storage\/2021\/07\/salva-vidas_opt-2.jpg","_links":{"self":[{"href":"https:\/\/www.sonoraenequipo.com.mx\/api\/wp\/v2\/posts\/119039","targetHints":{"allow":["GET"]}}],"collection":[{"href":"https:\/\/www.sonoraenequipo.com.mx\/api\/wp\/v2\/posts"}],"about":[{"href":"https:\/\/www.sonoraenequipo.com.mx\/api\/wp\/v2\/types\/post"}],"author":[{"embeddable":true,"href":"https:\/\/www.sonoraenequipo.com.mx\/api\/wp\/v2\/users\/1"}],"replies":[{"embeddable":true,"href":"https:\/\/www.sonoraenequipo.com.mx\/api\/wp\/v2\/comments?post=119039"}],"version-history":[{"count":1,"href":"https:\/\/www.sonoraenequipo.com.mx\/api\/wp\/v2\/posts\/119039\/revisions"}],"predecessor-version":[{"id":119041,"href":"https:\/\/www.sonoraenequipo.com.mx\/api\/wp\/v2\/posts\/119039\/revisions\/119041"}],"wp:featuredmedia":[{"embeddable":true,"href":"https:\/\/www.sonoraenequipo.com.mx\/api\/wp\/v2\/media\/119040"}],"wp:attachment":[{"href":"https:\/\/www.sonoraenequipo.com.mx\/api\/wp\/v2\/media?parent=119039"}],"wp:term":[{"taxonomy":"category","embeddable":true,"href":"https:\/\/www.sonoraenequipo.com.mx\/api\/wp\/v2\/categories?post=119039"},{"taxonomy":"post_tag","embeddable":true,"href":"https:\/\/www.sonoraenequipo.com.mx\/api\/wp\/v2\/tags?post=119039"}],"curies":[{"name":"wp","href":"https:\/\/api.w.org\/{rel}","templated":true}]}}