{"id":119042,"date":"2021-07-24T13:45:23","date_gmt":"2021-07-24T20:45:23","guid":{"rendered":"https:\/\/www.sonoraenequipo.com.mx\/?p=119042"},"modified":"2021-07-24T20:41:12","modified_gmt":"2021-07-25T03:41:12","slug":"alumnos-recrean-personajes-de-su-libro-favorito","status":"publish","type":"post","link":"https:\/\/www.sonoraenequipo.com.mx\/alumnos-recrean-personajes-de-su-libro-favorito\/","title":{"rendered":"Alumnos recrean personajes de su libro favorito"},"content":{"rendered":"<p>HERMOSILLO, SONORA. MX. \u2014\u00a0 Estudiantes de la Comunidad Educativa Cima, perteneciente a la zona XVIII de Primarias Federales de Puerto Pe\u00f1asco, llevaron a cabo la caracterizaci\u00f3n de personajes del libro \u201c<em>La historia del Peque\u00f1o Lir\u00f3n que no pod\u00eda dormir\u201d,<\/em> como parte de las actividades que docentes implementan en la modalidad a distancia.<\/p>\n<p>&nbsp;<\/p>\n<p> <\/p>\n<p>&nbsp;<\/p>\n<p>H\u00e9ctor Miguel Barraza Beltr\u00e1n, maestro de cuatro grado en el plantel, manifest\u00f3 que el libro forma parte del material de lectura \u201cLeo y Aprendo en Casa\u201d, donde cada estudiante escogi\u00f3 un personaje de esta lectura con el que se identificaron, para caracterizarse como tal.<\/p>\n<p>&nbsp;<\/p>\n<p><em>\u201cExplicaron por qu\u00e9 escogieron dicho personaje, se vistieron como \u00e9l y compartieron su experiencia de lectura. Actividades como \u00e9stas motivan a los escolares ya que hacen el aprendizaje m\u00e1s vivencial y significativo, adem\u00e1s de divertirse\u201d,<\/em> dijo el docente.<\/p>\n<p>&nbsp;<\/p>\n<p>Tambi\u00e9n ni\u00f1os y ni\u00f1as de cuarto grado a cargo de la maestra Cinthia Guadalupe Quijada Murrieta realizaron una moraleja sobre la ense\u00f1anza de la lectura.<\/p>\n<p>&nbsp;<\/p>\n<p><em>\u201cLa alumna Elva Sof\u00eda Espinoza Mu\u00f1oz reflexion\u00f3: aunque seamos de la misma familia, no siempre seremos igual a ellos. Todos tenemos diferentes maneras de hacer las cosas. Cuando dejamos de estar preocupados o estresados por algo, es m\u00e1s f\u00e1cil que nos salgan las cosas mejor\u201d,<\/em> manifest\u00f3 la docente Quijada Murrieta.<\/p>\n<p>&nbsp;<\/p>\n<p>El libro se les hizo llegar de manera digital para que realizaran ambas actividades; la maestra Guadalupe Quijada asegur\u00f3 que los escolares se mostraron motivados escuchando a sus compa\u00f1eros, compartiendo experiencias y sobre todo disfrutaron el trabajar el h\u00e1bito y comprensi\u00f3n por la lectura.<\/p>\n<p>&nbsp;<\/p>\n<p>&nbsp;<\/p>\n<p>(Publicada el 24\/07\/2021)<\/p>\n","protected":false},"excerpt":{"rendered":"<p>HERMOSILLO, SONORA. MX. \u2014\u00a0 Estudiantes de la Comunidad Educativa Cima, perteneciente a la zona XVIII&#8230;<\/p>\n","protected":false},"author":1,"featured_media":119043,"comment_status":"open","ping_status":"open","sticky":false,"template":"","format":"standard","meta":{"_monsterinsights_skip_tracking":false,"_monsterinsights_sitenote_active":false,"_monsterinsights_sitenote_note":"","_monsterinsights_sitenote_category":0,"footnotes":""},"categories":[22],"tags":[],"class_list":["post"],"yoast_head":" \n<title>Sonora en Equipo. Alumnos recrean personajes de su libro favorito Sonora<\/title>\n<meta name=\"description\" content=\"HERMOSILLO, SONORA. MX. \u2014\u00a0 Estudiantes de la Comunidad Educativa Cima, perteneciente a la zona XVIII de Primarias Federales de Puerto Pe\u00f1asco, llevaron a En Sonora en Equipo publicamos toda la informaci\u00f3n de Sonora, M\u00e9xico y el Mundo de manera oportuna y busca que la libertad de expresi\u00f3n sea real. Visita nuestro medio informativo publicado desde Hermosillo, Sonora. %\" \/>\n<meta name=\"robots\" content=\"index, follow, max-snippet:-1, max-image-preview:large, max-video-preview:-1\" \/>\n<link rel=\"canonical\" href=\"https:\/\/www.sonoraenequipo.com.mx\/alumnos-recrean-personajes-de-su-libro-favorito\/\" \/>\n<meta property=\"og:locale\" content=\"es_ES\" \/>\n<meta property=\"og:type\" content=\"article\" \/>\n<meta property=\"og:title\" content=\"Sonora en Equipo. Alumnos recrean personajes de su libro favorito Sonora\" \/>\n<meta property=\"og:description\" content=\"HERMOSILLO, SONORA. MX. \u2014\u00a0 Estudiantes de la Comunidad Educativa Cima, perteneciente a la zona XVIII de Primarias Federales de Puerto Pe\u00f1asco, llevaron a En Sonora en Equipo publicamos toda la informaci\u00f3n de Sonora, M\u00e9xico y el Mundo de manera oportuna y busca que la libertad de expresi\u00f3n sea real. Visita nuestro medio informativo publicado desde Hermosillo, Sonora. %\" \/>\n<meta property=\"og:url\" content=\"https:\/\/www.sonoraenequipo.com.mx\/alumnos-recrean-personajes-de-su-libro-favorito\/\" \/>\n<meta property=\"og:site_name\" content=\"Sonora en Equipo.\" \/>\n<meta property=\"article:publisher\" content=\"https:\/\/www.facebook.com\/SonoraEE\/\" \/>\n<meta property=\"article:author\" content=\"https:\/\/www.facebook.com\/SonoraEE\" \/>\n<meta property=\"article:published_time\" content=\"2021-07-24T20:45:23+00:00\" \/>\n<meta property=\"article:modified_time\" content=\"2021-07-25T03:41:12+00:00\" \/>\n<meta property=\"og:image\" content=\"https:\/\/www.sonoraenequipo.com.mx\/storage\/2021\/07\/Alumnos-recrean-personajes-de-su-libro-favorito_opt-1.jpg\" \/>\n\t<meta property=\"og:image:width\" content=\"700\" \/>\n\t<meta property=\"og:image:height\" content=\"400\" \/>\n\t<meta property=\"og:image:type\" content=\"image\/jpeg\" \/>\n<meta name=\"author\" content=\"enequipo\" \/>\n<meta name=\"twitter:card\" content=\"summary_large_image\" \/>\n<meta name=\"twitter:creator\" content=\"@sonoraenequipo\" \/>\n<meta name=\"twitter:site\" content=\"@sonoraenequipo\" \/>\n<meta name=\"twitter:label1\" content=\"Escrito por\" \/>\n\t<meta name=\"twitter:data1\" content=\"enequipo\" \/>\n\t<meta name=\"twitter:label2\" content=\"Tiempo de lectura\" \/>\n\t<meta name=\"twitter:data2\" content=\"2 minutos\" \/>\n<script type=\"application\/ld+json\" class=\"yoast-schema-graph\">{\"@context\":\"https:\/\/schema.org\",\"@graph\":[{\"@type\":\"Article\",\"@id\":\"https:\/\/www.sonoraenequipo.com.mx\/alumnos-recrean-personajes-de-su-libro-favorito\/#article\",\"isPartOf\":{\"@id\":\"https:\/\/www.sonoraenequipo.com.mx\/alumnos-recrean-personajes-de-su-libro-favorito\/\"},\"author\":{\"name\":\"enequipo\",\"@id\":\"https:\/\/www.sonoraenequipo.com.mx\/#\/schema\/person\/50102df0fb23a8fa9e8effad8fa81386\"},\"headline\":\"Alumnos recrean personajes de su libro favorito\",\"datePublished\":\"2021-07-24T20:45:23+00:00\",\"dateModified\":\"2021-07-25T03:41:12+00:00\",\"mainEntityOfPage\":{\"@id\":\"https:\/\/www.sonoraenequipo.com.mx\/alumnos-recrean-personajes-de-su-libro-favorito\/\"},\"wordCount\":289,\"commentCount\":0,\"publisher\":{\"@id\":\"https:\/\/www.sonoraenequipo.com.mx\/#organization\"},\"image\":{\"@id\":\"https:\/\/www.sonoraenequipo.com.mx\/alumnos-recrean-personajes-de-su-libro-favorito\/#primaryimage\"},\"thumbnailUrl\":\"https:\/\/www.sonoraenequipo.com.mx\/storage\/2021\/07\/Alumnos-recrean-personajes-de-su-libro-favorito_opt-1.jpg\",\"articleSection\":[\"Sonora\"],\"inLanguage\":\"es\",\"potentialAction\":[{\"@type\":\"CommentAction\",\"name\":\"Comment\",\"target\":[\"https:\/\/www.sonoraenequipo.com.mx\/alumnos-recrean-personajes-de-su-libro-favorito\/#respond\"]}]},{\"@type\":\"WebPage\",\"@id\":\"https:\/\/www.sonoraenequipo.com.mx\/alumnos-recrean-personajes-de-su-libro-favorito\/\",\"url\":\"https:\/\/www.sonoraenequipo.com.mx\/alumnos-recrean-personajes-de-su-libro-favorito\/\",\"name\":\"Sonora en Equipo. Alumnos recrean personajes de su libro favorito Sonora\",\"isPartOf\":{\"@id\":\"https:\/\/www.sonoraenequipo.com.mx\/#website\"},\"primaryImageOfPage\":{\"@id\":\"https:\/\/www.sonoraenequipo.com.mx\/alumnos-recrean-personajes-de-su-libro-favorito\/#primaryimage\"},\"image\":{\"@id\":\"https:\/\/www.sonoraenequipo.com.mx\/alumnos-recrean-personajes-de-su-libro-favorito\/#primaryimage\"},\"thumbnailUrl\":\"https:\/\/www.sonoraenequipo.com.mx\/storage\/2021\/07\/Alumnos-recrean-personajes-de-su-libro-favorito_opt-1.jpg\",\"datePublished\":\"2021-07-24T20:45:23+00:00\",\"dateModified\":\"2021-07-25T03:41:12+00:00\",\"description\":\"HERMOSILLO, SONORA. MX. \u2014\u00a0 Estudiantes de la Comunidad Educativa Cima, perteneciente a la zona XVIII de Primarias Federales de Puerto Pe\u00f1asco, llevaron a En Sonora en Equipo publicamos toda la informaci\u00f3n de Sonora, M\u00e9xico y el Mundo de manera oportuna y busca que la libertad de expresi\u00f3n sea real. Visita nuestro medio informativo publicado desde Hermosillo, Sonora. %\",\"breadcrumb\":{\"@id\":\"https:\/\/www.sonoraenequipo.com.mx\/alumnos-recrean-personajes-de-su-libro-favorito\/#breadcrumb\"},\"inLanguage\":\"es\",\"potentialAction\":[{\"@type\":\"ReadAction\",\"target\":[\"https:\/\/www.sonoraenequipo.com.mx\/alumnos-recrean-personajes-de-su-libro-favorito\/\"]}]},{\"@type\":\"ImageObject\",\"inLanguage\":\"es\",\"@id\":\"https:\/\/www.sonoraenequipo.com.mx\/alumnos-recrean-personajes-de-su-libro-favorito\/#primaryimage\",\"url\":\"https:\/\/www.sonoraenequipo.com.mx\/storage\/2021\/07\/Alumnos-recrean-personajes-de-su-libro-favorito_opt-1.jpg\",\"contentUrl\":\"https:\/\/www.sonoraenequipo.com.mx\/storage\/2021\/07\/Alumnos-recrean-personajes-de-su-libro-favorito_opt-1.jpg\",\"width\":700,\"height\":400},{\"@type\":\"BreadcrumbList\",\"@id\":\"https:\/\/www.sonoraenequipo.com.mx\/alumnos-recrean-personajes-de-su-libro-favorito\/#breadcrumb\",\"itemListElement\":[{\"@type\":\"ListItem\",\"position\":1,\"name\":\"Portada\",\"item\":\"https:\/\/www.sonoraenequipo.com.mx\/\"},{\"@type\":\"ListItem\",\"position\":2,\"name\":\"Alumnos recrean personajes de su libro favorito\"}]},{\"@type\":\"WebSite\",\"@id\":\"https:\/\/www.sonoraenequipo.com.mx\/#website\",\"url\":\"https:\/\/www.sonoraenequipo.com.mx\/\",\"name\":\"Sonora en Equipo.\",\"description\":\"Diario en l\u00ednea con Noticias desde Hermosillo, Sonora\",\"publisher\":{\"@id\":\"https:\/\/www.sonoraenequipo.com.mx\/#organization\"},\"potentialAction\":[{\"@type\":\"SearchAction\",\"target\":{\"@type\":\"EntryPoint\",\"urlTemplate\":\"https:\/\/www.sonoraenequipo.com.mx\/?s={search_term_string}\"},\"query-input\":{\"@type\":\"PropertyValueSpecification\",\"valueRequired\":true,\"valueName\":\"search_term_string\"}}],\"inLanguage\":\"es\"},{\"@type\":\"Organization\",\"@id\":\"https:\/\/www.sonoraenequipo.com.mx\/#organization\",\"name\":\"Sonoraenequipo.com.mx\",\"url\":\"https:\/\/www.sonoraenequipo.com.mx\/\",\"logo\":{\"@type\":\"ImageObject\",\"inLanguage\":\"es\",\"@id\":\"https:\/\/www.sonoraenequipo.com.mx\/#\/schema\/logo\/image\/\",\"url\":\"https:\/\/www.sonoraenequipo.com.mx\/storage\/2019\/01\/sonoraenequipo_opt.png\",\"contentUrl\":\"https:\/\/www.sonoraenequipo.com.mx\/storage\/2019\/01\/sonoraenequipo_opt.png\",\"width\":375,\"height\":125,\"caption\":\"Sonoraenequipo.com.mx\"},\"image\":{\"@id\":\"https:\/\/www.sonoraenequipo.com.mx\/#\/schema\/logo\/image\/\"},\"sameAs\":[\"https:\/\/www.facebook.com\/SonoraEE\/\",\"https:\/\/x.com\/sonoraenequipo\",\"https:\/\/www.youtube.com\/channel\/UC338nW-lPEYmJQs4ZABQ1SQ\"]},{\"@type\":\"Person\",\"@id\":\"https:\/\/www.sonoraenequipo.com.mx\/#\/schema\/person\/50102df0fb23a8fa9e8effad8fa81386\",\"name\":\"enequipo\",\"image\":{\"@type\":\"ImageObject\",\"inLanguage\":\"es\",\"@id\":\"https:\/\/www.sonoraenequipo.com.mx\/#\/schema\/person\/image\/\",\"url\":\"https:\/\/secure.gravatar.com\/avatar\/049821681b589dabc0bc20695993ccebb09f5b5d4d790cd9251b97faac7c652b?s=96&d=blank&r=g\",\"contentUrl\":\"https:\/\/secure.gravatar.com\/avatar\/049821681b589dabc0bc20695993ccebb09f5b5d4d790cd9251b97faac7c652b?s=96&d=blank&r=g\",\"caption\":\"enequipo\"},\"sameAs\":[\"https:\/\/www.facebook.com\/SonoraEE\"]}]}<\/script>\n ","yoast_head_json":{"title":"Sonora en Equipo. Alumnos recrean personajes de su libro favorito Sonora","description":"HERMOSILLO, SONORA. MX. \u2014\u00a0 Estudiantes de la Comunidad Educativa Cima, perteneciente a la zona XVIII de Primarias Federales de Puerto Pe\u00f1asco, llevaron a En Sonora en Equipo publicamos toda la informaci\u00f3n de Sonora, M\u00e9xico y el Mundo de manera oportuna y busca que la libertad de expresi\u00f3n sea real. Visita nuestro medio informativo publicado desde Hermosillo, Sonora. %","robots":{"index":"index","follow":"follow","max-snippet":"max-snippet:-1","max-image-preview":"max-image-preview:large","max-video-preview":"max-video-preview:-1"},"canonical":"https:\/\/www.sonoraenequipo.com.mx\/alumnos-recrean-personajes-de-su-libro-favorito\/","og_locale":"es_ES","og_type":"article","og_title":"Sonora en Equipo. Alumnos recrean personajes de su libro favorito Sonora","og_description":"HERMOSILLO, SONORA. MX. \u2014\u00a0 Estudiantes de la Comunidad Educativa Cima, perteneciente a la zona XVIII de Primarias Federales de Puerto Pe\u00f1asco, llevaron a En Sonora en Equipo publicamos toda la informaci\u00f3n de Sonora, M\u00e9xico y el Mundo de manera oportuna y busca que la libertad de expresi\u00f3n sea real. Visita nuestro medio informativo publicado desde Hermosillo, Sonora. %","og_url":"https:\/\/www.sonoraenequipo.com.mx\/alumnos-recrean-personajes-de-su-libro-favorito\/","og_site_name":"Sonora en Equipo.","article_publisher":"https:\/\/www.facebook.com\/SonoraEE\/","article_author":"https:\/\/www.facebook.com\/SonoraEE","article_published_time":"2021-07-24T20:45:23+00:00","article_modified_time":"2021-07-25T03:41:12+00:00","og_image":[{"width":700,"height":400,"url":"https:\/\/www.sonoraenequipo.com.mx\/storage\/2021\/07\/Alumnos-recrean-personajes-de-su-libro-favorito_opt-1.jpg","type":"image\/jpeg"}],"author":"enequipo","twitter_card":"summary_large_image","twitter_creator":"@sonoraenequipo","twitter_site":"@sonoraenequipo","twitter_misc":{"Escrito por":"enequipo","Tiempo de lectura":"2 minutos"},"schema":{"@context":"https:\/\/schema.org","@graph":[{"@type":"Article","@id":"https:\/\/www.sonoraenequipo.com.mx\/alumnos-recrean-personajes-de-su-libro-favorito\/#article","isPartOf":{"@id":"https:\/\/www.sonoraenequipo.com.mx\/alumnos-recrean-personajes-de-su-libro-favorito\/"},"author":{"name":"enequipo","@id":"https:\/\/www.sonoraenequipo.com.mx\/#\/schema\/person\/50102df0fb23a8fa9e8effad8fa81386"},"headline":"Alumnos recrean personajes de su libro favorito","datePublished":"2021-07-24T20:45:23+00:00","dateModified":"2021-07-25T03:41:12+00:00","mainEntityOfPage":{"@id":"https:\/\/www.sonoraenequipo.com.mx\/alumnos-recrean-personajes-de-su-libro-favorito\/"},"wordCount":289,"commentCount":0,"publisher":{"@id":"https:\/\/www.sonoraenequipo.com.mx\/#organization"},"image":{"@id":"https:\/\/www.sonoraenequipo.com.mx\/alumnos-recrean-personajes-de-su-libro-favorito\/#primaryimage"},"thumbnailUrl":"https:\/\/www.sonoraenequipo.com.mx\/storage\/2021\/07\/Alumnos-recrean-personajes-de-su-libro-favorito_opt-1.jpg","articleSection":["Sonora"],"inLanguage":"es","potentialAction":[{"@type":"CommentAction","name":"Comment","target":["https:\/\/www.sonoraenequipo.com.mx\/alumnos-recrean-personajes-de-su-libro-favorito\/#respond"]}]},{"@type":"WebPage","@id":"https:\/\/www.sonoraenequipo.com.mx\/alumnos-recrean-personajes-de-su-libro-favorito\/","url":"https:\/\/www.sonoraenequipo.com.mx\/alumnos-recrean-personajes-de-su-libro-favorito\/","name":"Sonora en Equipo. Alumnos recrean personajes de su libro favorito Sonora","isPartOf":{"@id":"https:\/\/www.sonoraenequipo.com.mx\/#website"},"primaryImageOfPage":{"@id":"https:\/\/www.sonoraenequipo.com.mx\/alumnos-recrean-personajes-de-su-libro-favorito\/#primaryimage"},"image":{"@id":"https:\/\/www.sonoraenequipo.com.mx\/alumnos-recrean-personajes-de-su-libro-favorito\/#primaryimage"},"thumbnailUrl":"https:\/\/www.sonoraenequipo.com.mx\/storage\/2021\/07\/Alumnos-recrean-personajes-de-su-libro-favorito_opt-1.jpg","datePublished":"2021-07-24T20:45:23+00:00","dateModified":"2021-07-25T03:41:12+00:00","description":"HERMOSILLO, SONORA. MX. \u2014\u00a0 Estudiantes de la Comunidad Educativa Cima, perteneciente a la zona XVIII de Primarias Federales de Puerto Pe\u00f1asco, llevaron a En Sonora en Equipo publicamos toda la informaci\u00f3n de Sonora, M\u00e9xico y el Mundo de manera oportuna y busca que la libertad de expresi\u00f3n sea real. Visita nuestro medio informativo publicado desde Hermosillo, Sonora. %","breadcrumb":{"@id":"https:\/\/www.sonoraenequipo.com.mx\/alumnos-recrean-personajes-de-su-libro-favorito\/#breadcrumb"},"inLanguage":"es","potentialAction":[{"@type":"ReadAction","target":["https:\/\/www.sonoraenequipo.com.mx\/alumnos-recrean-personajes-de-su-libro-favorito\/"]}]},{"@type":"ImageObject","inLanguage":"es","@id":"https:\/\/www.sonoraenequipo.com.mx\/alumnos-recrean-personajes-de-su-libro-favorito\/#primaryimage","url":"https:\/\/www.sonoraenequipo.com.mx\/storage\/2021\/07\/Alumnos-recrean-personajes-de-su-libro-favorito_opt-1.jpg","contentUrl":"https:\/\/www.sonoraenequipo.com.mx\/storage\/2021\/07\/Alumnos-recrean-personajes-de-su-libro-favorito_opt-1.jpg","width":700,"height":400},{"@type":"BreadcrumbList","@id":"https:\/\/www.sonoraenequipo.com.mx\/alumnos-recrean-personajes-de-su-libro-favorito\/#breadcrumb","itemListElement":[{"@type":"ListItem","position":1,"name":"Portada","item":"https:\/\/www.sonoraenequipo.com.mx\/"},{"@type":"ListItem","position":2,"name":"Alumnos recrean personajes de su libro favorito"}]},{"@type":"WebSite","@id":"https:\/\/www.sonoraenequipo.com.mx\/#website","url":"https:\/\/www.sonoraenequipo.com.mx\/","name":"Sonora en Equipo.","description":"Diario en l\u00ednea con Noticias desde Hermosillo, Sonora","publisher":{"@id":"https:\/\/www.sonoraenequipo.com.mx\/#organization"},"potentialAction":[{"@type":"SearchAction","target":{"@type":"EntryPoint","urlTemplate":"https:\/\/www.sonoraenequipo.com.mx\/?s={search_term_string}"},"query-input":{"@type":"PropertyValueSpecification","valueRequired":true,"valueName":"search_term_string"}}],"inLanguage":"es"},{"@type":"Organization","@id":"https:\/\/www.sonoraenequipo.com.mx\/#organization","name":"Sonoraenequipo.com.mx","url":"https:\/\/www.sonoraenequipo.com.mx\/","logo":{"@type":"ImageObject","inLanguage":"es","@id":"https:\/\/www.sonoraenequipo.com.mx\/#\/schema\/logo\/image\/","url":"https:\/\/www.sonoraenequipo.com.mx\/storage\/2019\/01\/sonoraenequipo_opt.png","contentUrl":"https:\/\/www.sonoraenequipo.com.mx\/storage\/2019\/01\/sonoraenequipo_opt.png","width":375,"height":125,"caption":"Sonoraenequipo.com.mx"},"image":{"@id":"https:\/\/www.sonoraenequipo.com.mx\/#\/schema\/logo\/image\/"},"sameAs":["https:\/\/www.facebook.com\/SonoraEE\/","https:\/\/x.com\/sonoraenequipo","https:\/\/www.youtube.com\/channel\/UC338nW-lPEYmJQs4ZABQ1SQ"]},{"@type":"Person","@id":"https:\/\/www.sonoraenequipo.com.mx\/#\/schema\/person\/50102df0fb23a8fa9e8effad8fa81386","name":"enequipo","image":{"@type":"ImageObject","inLanguage":"es","@id":"https:\/\/www.sonoraenequipo.com.mx\/#\/schema\/person\/image\/","url":"https:\/\/secure.gravatar.com\/avatar\/049821681b589dabc0bc20695993ccebb09f5b5d4d790cd9251b97faac7c652b?s=96&d=blank&r=g","contentUrl":"https:\/\/secure.gravatar.com\/avatar\/049821681b589dabc0bc20695993ccebb09f5b5d4d790cd9251b97faac7c652b?s=96&d=blank&r=g","caption":"enequipo"},"sameAs":["https:\/\/www.facebook.com\/SonoraEE"]}]}},"jetpack_featured_media_url":"https:\/\/www.sonoraenequipo.com.mx\/storage\/2021\/07\/Alumnos-recrean-personajes-de-su-libro-favorito_opt-1.jpg","_links":{"self":[{"href":"https:\/\/www.sonoraenequipo.com.mx\/api\/wp\/v2\/posts\/119042","targetHints":{"allow":["GET"]}}],"collection":[{"href":"https:\/\/www.sonoraenequipo.com.mx\/api\/wp\/v2\/posts"}],"about":[{"href":"https:\/\/www.sonoraenequipo.com.mx\/api\/wp\/v2\/types\/post"}],"author":[{"embeddable":true,"href":"https:\/\/www.sonoraenequipo.com.mx\/api\/wp\/v2\/users\/1"}],"replies":[{"embeddable":true,"href":"https:\/\/www.sonoraenequipo.com.mx\/api\/wp\/v2\/comments?post=119042"}],"version-history":[{"count":1,"href":"https:\/\/www.sonoraenequipo.com.mx\/api\/wp\/v2\/posts\/119042\/revisions"}],"predecessor-version":[{"id":119044,"href":"https:\/\/www.sonoraenequipo.com.mx\/api\/wp\/v2\/posts\/119042\/revisions\/119044"}],"wp:featuredmedia":[{"embeddable":true,"href":"https:\/\/www.sonoraenequipo.com.mx\/api\/wp\/v2\/media\/119043"}],"wp:attachment":[{"href":"https:\/\/www.sonoraenequipo.com.mx\/api\/wp\/v2\/media?parent=119042"}],"wp:term":[{"taxonomy":"category","embeddable":true,"href":"https:\/\/www.sonoraenequipo.com.mx\/api\/wp\/v2\/categories?post=119042"},{"taxonomy":"post_tag","embeddable":true,"href":"https:\/\/www.sonoraenequipo.com.mx\/api\/wp\/v2\/tags?post=119042"}],"curies":[{"name":"wp","href":"https:\/\/api.w.org\/{rel}","templated":true}]}}