{"id":119048,"date":"2021-07-25T12:33:02","date_gmt":"2021-07-25T19:33:02","guid":{"rendered":"https:\/\/www.sonoraenequipo.com.mx\/?p=119048"},"modified":"2021-07-25T12:33:27","modified_gmt":"2021-07-25T19:33:27","slug":"hay-que-seguir-cuidandonos-y-respetar-los-protocolos-sanitarios-clausen","status":"publish","type":"post","link":"https:\/\/www.sonoraenequipo.com.mx\/hay-que-seguir-cuidandonos-y-respetar-los-protocolos-sanitarios-clausen\/","title":{"rendered":"Hay que seguir cuid\u00e1ndonos y respetar los protocolos sanitarios: Clausen"},"content":{"rendered":"<p>&nbsp;<\/p>\n<p>\u25baEste d\u00eda se confirmaron seis decesos y 372 nuevos casos positivos en Sonora<\/p>\n<p>&nbsp;<\/p>\n<p>HERMOSILLO, SONORA,MX.\u2500\u2500 Para apoyar a la econom\u00eda en el estado se van a flexibilizar algunas restricciones, sin embargo, esto no quiere decir que tenemos que bajar la guardia y dejar de protegernos, hay que seguir cuid\u00e1ndonos y respetar los protocolos sanitarios, indic\u00f3 Enrique Clausen Iberri, tras informarse que se confirmaron seis decesos por esta enfermedad y se contabilizaron 372 nuevos casos en el estado.<\/p>\n<p>&nbsp;<\/p>\n<p>&nbsp;<\/p>\n<p>&nbsp;<\/p>\n<p>&nbsp;<\/p>\n<p>&nbsp;<\/p>\n<p>\u201cHay familias que tienen escasez de recursos y tienen que salir a trabajar a diario. Vamos a apoy\u00e1ndolos y a ayudarles a que se cuiden. Pero las primeras actividades que no cumplen con el sem\u00e1foro ya las sabemos. La convivencia en casas, las carnes asadas, las pi\u00f1atas, las fiestas, las bodas, las quincea\u00f1eras, el enfado y mejor irme con los amigos. Ya est\u00e1n los contagios en Sonora con variantes del virus y t\u00fa no debes olvidar que son m\u00e1s contagiosas. No dejes de protegerte, respeta el distanciamiento social y evita lugares aglomerados\u201d, dijo.<\/p>\n<p>&nbsp;<\/p>\n<p>&nbsp;<\/p>\n<p>&nbsp;<\/p>\n<p>&nbsp;<\/p>\n<p>&nbsp;<\/p>\n<p>Se confirmaron seis fallecimientos, en tres hombres y tres mujeres, dos de las personas eran residentes de Hermosillo; una de Cajeme; una de Guaymas; una de Etchojoa y una de Puerto Pe\u00f1asco; cuatro de ellas eran derechohabientes del IMSS; y dos de la Secretar\u00eda de Salud, acumul\u00e1ndose un total de 6 mil 650 defunciones.<\/p>\n<p>&nbsp;<\/p>\n<p>&nbsp;<\/p>\n<p>&nbsp;<\/p>\n<p>As\u00ed mismo, se registraron 372 nuevos casos por COVID, en 196 mujeres y 176 hombres, para un total de 85 mil 154 casos en la entidad. De los contagios nuevos, 106 son residentes de Hermosillo; 104 de Cajeme; 37 de Navojoa; 26 de Caborca; 22 de Empalme; 16 de Empalme; 10 de Santa Ana; ocho de \u00c1lamos; seis de Huatabampo; seis de General Plutarco El\u00edas Calles; seis de Puerto Pe\u00f1asco; cinco de San Luis R\u00edo Colorado; cinco de Nogales; tres de Cananea; dos de San Ignacio R\u00edo Muerto; dos de Benito Ju\u00e1rez; dos de Magdalena de Kino; dos de Nacozari de Garc\u00eda; uno de Ures; uno de Bacoachi; uno de Carb\u00f3 y uno de Etchojoa.<\/p>\n<p>&nbsp;<\/p>\n<p>&nbsp;<\/p>\n<p>&nbsp;<\/p>\n<p>&nbsp;<\/p>\n<p>&nbsp;<\/p>\n<p>Se confirmaron 24 casos pedi\u00e1tricos, en 15 ni\u00f1as y nueve ni\u00f1os, acumul\u00e1ndose mil 886; se confirmaron cuatro casos en mujeres embarazadas, acumul\u00e1ndose 596 casos; cinco de los 372 casos fueron en trabajadores de la salud de distintas instituciones. Se dieron de alta a 13 pacientes y hasta el momento 74 mil 627 personas se han recuperado en la entidad.<\/p>\n<p>&nbsp;<\/p>\n<p>&nbsp;<\/p>\n<p>&nbsp;<\/p>\n<p>&nbsp;<\/p>\n<p>&nbsp;<\/p>\n<p>Al momento, se han realizado 156 mil 580 pruebas; se han confirmado 85 mil 154 casos y se han descartado 71 mil 426; en cuadro leve, 14 mil 885 casos, 3 mil 604 activos y 11 mil 281 concluyeron su seguimiento; 63 mil 346 pacientes se han curado y 273 pacientes se encuentran hospitalizados, 38 de ellos estables, 176 graves y 59 cr\u00edticos.<\/p>\n<p>Fecha de Publicaci\u00f3n\u00a0\u00a0 domingo \/ 25\u00a0\u00a0 \/ julio \/ 2021<\/p>\n<p>&nbsp;<\/p>\n","protected":false},"excerpt":{"rendered":"<p>&nbsp; \u25baEste d\u00eda se confirmaron seis decesos y 372 nuevos casos positivos en Sonora &nbsp;&#8230;<\/p>\n","protected":false},"author":1,"featured_media":86733,"comment_status":"open","ping_status":"open","sticky":false,"template":"","format":"standard","meta":{"_monsterinsights_skip_tracking":false,"_monsterinsights_sitenote_active":false,"_monsterinsights_sitenote_note":"","_monsterinsights_sitenote_category":0,"footnotes":""},"categories":[22],"tags":[4249,15],"class_list":["post"],"yoast_head":" \n<title>Sonora en Equipo. Hay que seguir cuid\u00e1ndonos y respetar los protocolos sanitarios: Clausen Sonora<\/title>\n<meta name=\"description\" content=\"&nbsp; \u25baEste d\u00eda se confirmaron seis decesos y 372 nuevos casos positivos en Sonora &nbsp; HERMOSILLO, SONORA,MX.\u2500\u2500 Para apoyar a la econom\u00eda en el estado En Sonora en Equipo publicamos toda la informaci\u00f3n de Sonora, M\u00e9xico y el Mundo de manera oportuna y busca que la libertad de expresi\u00f3n sea real. Visita nuestro medio informativo publicado desde Hermosillo, Sonora. %\" \/>\n<meta name=\"robots\" content=\"index, follow, max-snippet:-1, max-image-preview:large, max-video-preview:-1\" \/>\n<link rel=\"canonical\" href=\"https:\/\/www.sonoraenequipo.com.mx\/hay-que-seguir-cuidandonos-y-respetar-los-protocolos-sanitarios-clausen\/\" \/>\n<meta property=\"og:locale\" content=\"es_ES\" \/>\n<meta property=\"og:type\" content=\"article\" \/>\n<meta property=\"og:title\" content=\"Sonora en Equipo. Hay que seguir cuid\u00e1ndonos y respetar los protocolos sanitarios: Clausen Sonora\" \/>\n<meta property=\"og:description\" content=\"&nbsp; \u25baEste d\u00eda se confirmaron seis decesos y 372 nuevos casos positivos en Sonora &nbsp; HERMOSILLO, SONORA,MX.\u2500\u2500 Para apoyar a la econom\u00eda en el estado En Sonora en Equipo publicamos toda la informaci\u00f3n de Sonora, M\u00e9xico y el Mundo de manera oportuna y busca que la libertad de expresi\u00f3n sea real. Visita nuestro medio informativo publicado desde Hermosillo, Sonora. %\" \/>\n<meta property=\"og:url\" content=\"https:\/\/www.sonoraenequipo.com.mx\/hay-que-seguir-cuidandonos-y-respetar-los-protocolos-sanitarios-clausen\/\" \/>\n<meta property=\"og:site_name\" content=\"Sonora en Equipo.\" \/>\n<meta property=\"article:publisher\" content=\"https:\/\/www.facebook.com\/SonoraEE\/\" \/>\n<meta property=\"article:author\" content=\"https:\/\/www.facebook.com\/SonoraEE\" \/>\n<meta property=\"article:published_time\" content=\"2021-07-25T19:33:02+00:00\" \/>\n<meta property=\"article:modified_time\" content=\"2021-07-25T19:33:27+00:00\" \/>\n<meta property=\"og:image\" content=\"https:\/\/www.sonoraenequipo.com.mx\/storage\/2020\/06\/clausen11.jpg\" \/>\n\t<meta property=\"og:image:width\" content=\"600\" \/>\n\t<meta property=\"og:image:height\" content=\"400\" \/>\n\t<meta property=\"og:image:type\" content=\"image\/jpeg\" \/>\n<meta name=\"author\" content=\"enequipo\" \/>\n<meta name=\"twitter:card\" content=\"summary_large_image\" \/>\n<meta name=\"twitter:creator\" content=\"@sonoraenequipo\" \/>\n<meta name=\"twitter:site\" content=\"@sonoraenequipo\" \/>\n<meta name=\"twitter:label1\" content=\"Escrito por\" \/>\n\t<meta name=\"twitter:data1\" content=\"enequipo\" \/>\n\t<meta name=\"twitter:label2\" content=\"Tiempo de lectura\" \/>\n\t<meta name=\"twitter:data2\" content=\"3 minutos\" \/>\n<script type=\"application\/ld+json\" class=\"yoast-schema-graph\">{\"@context\":\"https:\/\/schema.org\",\"@graph\":[{\"@type\":\"Article\",\"@id\":\"https:\/\/www.sonoraenequipo.com.mx\/hay-que-seguir-cuidandonos-y-respetar-los-protocolos-sanitarios-clausen\/#article\",\"isPartOf\":{\"@id\":\"https:\/\/www.sonoraenequipo.com.mx\/hay-que-seguir-cuidandonos-y-respetar-los-protocolos-sanitarios-clausen\/\"},\"author\":{\"name\":\"enequipo\",\"@id\":\"https:\/\/www.sonoraenequipo.com.mx\/#\/schema\/person\/50102df0fb23a8fa9e8effad8fa81386\"},\"headline\":\"Hay que seguir cuid\u00e1ndonos y respetar los protocolos sanitarios: Clausen\",\"datePublished\":\"2021-07-25T19:33:02+00:00\",\"dateModified\":\"2021-07-25T19:33:27+00:00\",\"mainEntityOfPage\":{\"@id\":\"https:\/\/www.sonoraenequipo.com.mx\/hay-que-seguir-cuidandonos-y-respetar-los-protocolos-sanitarios-clausen\/\"},\"wordCount\":487,\"commentCount\":0,\"publisher\":{\"@id\":\"https:\/\/www.sonoraenequipo.com.mx\/#organization\"},\"image\":{\"@id\":\"https:\/\/www.sonoraenequipo.com.mx\/hay-que-seguir-cuidandonos-y-respetar-los-protocolos-sanitarios-clausen\/#primaryimage\"},\"thumbnailUrl\":\"https:\/\/www.sonoraenequipo.com.mx\/storage\/2020\/06\/clausen11.jpg\",\"keywords\":[\"covid\",\"Sonora\"],\"articleSection\":[\"Sonora\"],\"inLanguage\":\"es\",\"potentialAction\":[{\"@type\":\"CommentAction\",\"name\":\"Comment\",\"target\":[\"https:\/\/www.sonoraenequipo.com.mx\/hay-que-seguir-cuidandonos-y-respetar-los-protocolos-sanitarios-clausen\/#respond\"]}]},{\"@type\":\"WebPage\",\"@id\":\"https:\/\/www.sonoraenequipo.com.mx\/hay-que-seguir-cuidandonos-y-respetar-los-protocolos-sanitarios-clausen\/\",\"url\":\"https:\/\/www.sonoraenequipo.com.mx\/hay-que-seguir-cuidandonos-y-respetar-los-protocolos-sanitarios-clausen\/\",\"name\":\"Sonora en Equipo. Hay que seguir cuid\u00e1ndonos y respetar los protocolos sanitarios: Clausen Sonora\",\"isPartOf\":{\"@id\":\"https:\/\/www.sonoraenequipo.com.mx\/#website\"},\"primaryImageOfPage\":{\"@id\":\"https:\/\/www.sonoraenequipo.com.mx\/hay-que-seguir-cuidandonos-y-respetar-los-protocolos-sanitarios-clausen\/#primaryimage\"},\"image\":{\"@id\":\"https:\/\/www.sonoraenequipo.com.mx\/hay-que-seguir-cuidandonos-y-respetar-los-protocolos-sanitarios-clausen\/#primaryimage\"},\"thumbnailUrl\":\"https:\/\/www.sonoraenequipo.com.mx\/storage\/2020\/06\/clausen11.jpg\",\"datePublished\":\"2021-07-25T19:33:02+00:00\",\"dateModified\":\"2021-07-25T19:33:27+00:00\",\"description\":\"&nbsp; \u25baEste d\u00eda se confirmaron seis decesos y 372 nuevos casos positivos en Sonora &nbsp; HERMOSILLO, SONORA,MX.\u2500\u2500 Para apoyar a la econom\u00eda en el estado En Sonora en Equipo publicamos toda la informaci\u00f3n de Sonora, M\u00e9xico y el Mundo de manera oportuna y busca que la libertad de expresi\u00f3n sea real. Visita nuestro medio informativo publicado desde Hermosillo, Sonora. %\",\"breadcrumb\":{\"@id\":\"https:\/\/www.sonoraenequipo.com.mx\/hay-que-seguir-cuidandonos-y-respetar-los-protocolos-sanitarios-clausen\/#breadcrumb\"},\"inLanguage\":\"es\",\"potentialAction\":[{\"@type\":\"ReadAction\",\"target\":[\"https:\/\/www.sonoraenequipo.com.mx\/hay-que-seguir-cuidandonos-y-respetar-los-protocolos-sanitarios-clausen\/\"]}]},{\"@type\":\"ImageObject\",\"inLanguage\":\"es\",\"@id\":\"https:\/\/www.sonoraenequipo.com.mx\/hay-que-seguir-cuidandonos-y-respetar-los-protocolos-sanitarios-clausen\/#primaryimage\",\"url\":\"https:\/\/www.sonoraenequipo.com.mx\/storage\/2020\/06\/clausen11.jpg\",\"contentUrl\":\"https:\/\/www.sonoraenequipo.com.mx\/storage\/2020\/06\/clausen11.jpg\",\"width\":600,\"height\":400},{\"@type\":\"BreadcrumbList\",\"@id\":\"https:\/\/www.sonoraenequipo.com.mx\/hay-que-seguir-cuidandonos-y-respetar-los-protocolos-sanitarios-clausen\/#breadcrumb\",\"itemListElement\":[{\"@type\":\"ListItem\",\"position\":1,\"name\":\"Portada\",\"item\":\"https:\/\/www.sonoraenequipo.com.mx\/\"},{\"@type\":\"ListItem\",\"position\":2,\"name\":\"Hay que seguir cuid\u00e1ndonos y respetar los protocolos sanitarios: Clausen\"}]},{\"@type\":\"WebSite\",\"@id\":\"https:\/\/www.sonoraenequipo.com.mx\/#website\",\"url\":\"https:\/\/www.sonoraenequipo.com.mx\/\",\"name\":\"Sonora en Equipo.\",\"description\":\"Diario en l\u00ednea con Noticias desde Hermosillo, Sonora\",\"publisher\":{\"@id\":\"https:\/\/www.sonoraenequipo.com.mx\/#organization\"},\"potentialAction\":[{\"@type\":\"SearchAction\",\"target\":{\"@type\":\"EntryPoint\",\"urlTemplate\":\"https:\/\/www.sonoraenequipo.com.mx\/?s={search_term_string}\"},\"query-input\":{\"@type\":\"PropertyValueSpecification\",\"valueRequired\":true,\"valueName\":\"search_term_string\"}}],\"inLanguage\":\"es\"},{\"@type\":\"Organization\",\"@id\":\"https:\/\/www.sonoraenequipo.com.mx\/#organization\",\"name\":\"Sonoraenequipo.com.mx\",\"url\":\"https:\/\/www.sonoraenequipo.com.mx\/\",\"logo\":{\"@type\":\"ImageObject\",\"inLanguage\":\"es\",\"@id\":\"https:\/\/www.sonoraenequipo.com.mx\/#\/schema\/logo\/image\/\",\"url\":\"https:\/\/www.sonoraenequipo.com.mx\/storage\/2019\/01\/sonoraenequipo_opt.png\",\"contentUrl\":\"https:\/\/www.sonoraenequipo.com.mx\/storage\/2019\/01\/sonoraenequipo_opt.png\",\"width\":375,\"height\":125,\"caption\":\"Sonoraenequipo.com.mx\"},\"image\":{\"@id\":\"https:\/\/www.sonoraenequipo.com.mx\/#\/schema\/logo\/image\/\"},\"sameAs\":[\"https:\/\/www.facebook.com\/SonoraEE\/\",\"https:\/\/x.com\/sonoraenequipo\",\"https:\/\/www.youtube.com\/channel\/UC338nW-lPEYmJQs4ZABQ1SQ\"]},{\"@type\":\"Person\",\"@id\":\"https:\/\/www.sonoraenequipo.com.mx\/#\/schema\/person\/50102df0fb23a8fa9e8effad8fa81386\",\"name\":\"enequipo\",\"image\":{\"@type\":\"ImageObject\",\"inLanguage\":\"es\",\"@id\":\"https:\/\/www.sonoraenequipo.com.mx\/#\/schema\/person\/image\/\",\"url\":\"https:\/\/secure.gravatar.com\/avatar\/049821681b589dabc0bc20695993ccebb09f5b5d4d790cd9251b97faac7c652b?s=96&d=blank&r=g\",\"contentUrl\":\"https:\/\/secure.gravatar.com\/avatar\/049821681b589dabc0bc20695993ccebb09f5b5d4d790cd9251b97faac7c652b?s=96&d=blank&r=g\",\"caption\":\"enequipo\"},\"sameAs\":[\"https:\/\/www.facebook.com\/SonoraEE\"]}]}<\/script>\n ","yoast_head_json":{"title":"Sonora en Equipo. Hay que seguir cuid\u00e1ndonos y respetar los protocolos sanitarios: Clausen Sonora","description":"&nbsp; \u25baEste d\u00eda se confirmaron seis decesos y 372 nuevos casos positivos en Sonora &nbsp; HERMOSILLO, SONORA,MX.\u2500\u2500 Para apoyar a la econom\u00eda en el estado En Sonora en Equipo publicamos toda la informaci\u00f3n de Sonora, M\u00e9xico y el Mundo de manera oportuna y busca que la libertad de expresi\u00f3n sea real. Visita nuestro medio informativo publicado desde Hermosillo, Sonora. %","robots":{"index":"index","follow":"follow","max-snippet":"max-snippet:-1","max-image-preview":"max-image-preview:large","max-video-preview":"max-video-preview:-1"},"canonical":"https:\/\/www.sonoraenequipo.com.mx\/hay-que-seguir-cuidandonos-y-respetar-los-protocolos-sanitarios-clausen\/","og_locale":"es_ES","og_type":"article","og_title":"Sonora en Equipo. Hay que seguir cuid\u00e1ndonos y respetar los protocolos sanitarios: Clausen Sonora","og_description":"&nbsp; \u25baEste d\u00eda se confirmaron seis decesos y 372 nuevos casos positivos en Sonora &nbsp; HERMOSILLO, SONORA,MX.\u2500\u2500 Para apoyar a la econom\u00eda en el estado En Sonora en Equipo publicamos toda la informaci\u00f3n de Sonora, M\u00e9xico y el Mundo de manera oportuna y busca que la libertad de expresi\u00f3n sea real. Visita nuestro medio informativo publicado desde Hermosillo, Sonora. %","og_url":"https:\/\/www.sonoraenequipo.com.mx\/hay-que-seguir-cuidandonos-y-respetar-los-protocolos-sanitarios-clausen\/","og_site_name":"Sonora en Equipo.","article_publisher":"https:\/\/www.facebook.com\/SonoraEE\/","article_author":"https:\/\/www.facebook.com\/SonoraEE","article_published_time":"2021-07-25T19:33:02+00:00","article_modified_time":"2021-07-25T19:33:27+00:00","og_image":[{"width":600,"height":400,"url":"https:\/\/www.sonoraenequipo.com.mx\/storage\/2020\/06\/clausen11.jpg","type":"image\/jpeg"}],"author":"enequipo","twitter_card":"summary_large_image","twitter_creator":"@sonoraenequipo","twitter_site":"@sonoraenequipo","twitter_misc":{"Escrito por":"enequipo","Tiempo de lectura":"3 minutos"},"schema":{"@context":"https:\/\/schema.org","@graph":[{"@type":"Article","@id":"https:\/\/www.sonoraenequipo.com.mx\/hay-que-seguir-cuidandonos-y-respetar-los-protocolos-sanitarios-clausen\/#article","isPartOf":{"@id":"https:\/\/www.sonoraenequipo.com.mx\/hay-que-seguir-cuidandonos-y-respetar-los-protocolos-sanitarios-clausen\/"},"author":{"name":"enequipo","@id":"https:\/\/www.sonoraenequipo.com.mx\/#\/schema\/person\/50102df0fb23a8fa9e8effad8fa81386"},"headline":"Hay que seguir cuid\u00e1ndonos y respetar los protocolos sanitarios: Clausen","datePublished":"2021-07-25T19:33:02+00:00","dateModified":"2021-07-25T19:33:27+00:00","mainEntityOfPage":{"@id":"https:\/\/www.sonoraenequipo.com.mx\/hay-que-seguir-cuidandonos-y-respetar-los-protocolos-sanitarios-clausen\/"},"wordCount":487,"commentCount":0,"publisher":{"@id":"https:\/\/www.sonoraenequipo.com.mx\/#organization"},"image":{"@id":"https:\/\/www.sonoraenequipo.com.mx\/hay-que-seguir-cuidandonos-y-respetar-los-protocolos-sanitarios-clausen\/#primaryimage"},"thumbnailUrl":"https:\/\/www.sonoraenequipo.com.mx\/storage\/2020\/06\/clausen11.jpg","keywords":["covid","Sonora"],"articleSection":["Sonora"],"inLanguage":"es","potentialAction":[{"@type":"CommentAction","name":"Comment","target":["https:\/\/www.sonoraenequipo.com.mx\/hay-que-seguir-cuidandonos-y-respetar-los-protocolos-sanitarios-clausen\/#respond"]}]},{"@type":"WebPage","@id":"https:\/\/www.sonoraenequipo.com.mx\/hay-que-seguir-cuidandonos-y-respetar-los-protocolos-sanitarios-clausen\/","url":"https:\/\/www.sonoraenequipo.com.mx\/hay-que-seguir-cuidandonos-y-respetar-los-protocolos-sanitarios-clausen\/","name":"Sonora en Equipo. Hay que seguir cuid\u00e1ndonos y respetar los protocolos sanitarios: Clausen Sonora","isPartOf":{"@id":"https:\/\/www.sonoraenequipo.com.mx\/#website"},"primaryImageOfPage":{"@id":"https:\/\/www.sonoraenequipo.com.mx\/hay-que-seguir-cuidandonos-y-respetar-los-protocolos-sanitarios-clausen\/#primaryimage"},"image":{"@id":"https:\/\/www.sonoraenequipo.com.mx\/hay-que-seguir-cuidandonos-y-respetar-los-protocolos-sanitarios-clausen\/#primaryimage"},"thumbnailUrl":"https:\/\/www.sonoraenequipo.com.mx\/storage\/2020\/06\/clausen11.jpg","datePublished":"2021-07-25T19:33:02+00:00","dateModified":"2021-07-25T19:33:27+00:00","description":"&nbsp; \u25baEste d\u00eda se confirmaron seis decesos y 372 nuevos casos positivos en Sonora &nbsp; HERMOSILLO, SONORA,MX.\u2500\u2500 Para apoyar a la econom\u00eda en el estado En Sonora en Equipo publicamos toda la informaci\u00f3n de Sonora, M\u00e9xico y el Mundo de manera oportuna y busca que la libertad de expresi\u00f3n sea real. Visita nuestro medio informativo publicado desde Hermosillo, Sonora. %","breadcrumb":{"@id":"https:\/\/www.sonoraenequipo.com.mx\/hay-que-seguir-cuidandonos-y-respetar-los-protocolos-sanitarios-clausen\/#breadcrumb"},"inLanguage":"es","potentialAction":[{"@type":"ReadAction","target":["https:\/\/www.sonoraenequipo.com.mx\/hay-que-seguir-cuidandonos-y-respetar-los-protocolos-sanitarios-clausen\/"]}]},{"@type":"ImageObject","inLanguage":"es","@id":"https:\/\/www.sonoraenequipo.com.mx\/hay-que-seguir-cuidandonos-y-respetar-los-protocolos-sanitarios-clausen\/#primaryimage","url":"https:\/\/www.sonoraenequipo.com.mx\/storage\/2020\/06\/clausen11.jpg","contentUrl":"https:\/\/www.sonoraenequipo.com.mx\/storage\/2020\/06\/clausen11.jpg","width":600,"height":400},{"@type":"BreadcrumbList","@id":"https:\/\/www.sonoraenequipo.com.mx\/hay-que-seguir-cuidandonos-y-respetar-los-protocolos-sanitarios-clausen\/#breadcrumb","itemListElement":[{"@type":"ListItem","position":1,"name":"Portada","item":"https:\/\/www.sonoraenequipo.com.mx\/"},{"@type":"ListItem","position":2,"name":"Hay que seguir cuid\u00e1ndonos y respetar los protocolos sanitarios: Clausen"}]},{"@type":"WebSite","@id":"https:\/\/www.sonoraenequipo.com.mx\/#website","url":"https:\/\/www.sonoraenequipo.com.mx\/","name":"Sonora en Equipo.","description":"Diario en l\u00ednea con Noticias desde Hermosillo, Sonora","publisher":{"@id":"https:\/\/www.sonoraenequipo.com.mx\/#organization"},"potentialAction":[{"@type":"SearchAction","target":{"@type":"EntryPoint","urlTemplate":"https:\/\/www.sonoraenequipo.com.mx\/?s={search_term_string}"},"query-input":{"@type":"PropertyValueSpecification","valueRequired":true,"valueName":"search_term_string"}}],"inLanguage":"es"},{"@type":"Organization","@id":"https:\/\/www.sonoraenequipo.com.mx\/#organization","name":"Sonoraenequipo.com.mx","url":"https:\/\/www.sonoraenequipo.com.mx\/","logo":{"@type":"ImageObject","inLanguage":"es","@id":"https:\/\/www.sonoraenequipo.com.mx\/#\/schema\/logo\/image\/","url":"https:\/\/www.sonoraenequipo.com.mx\/storage\/2019\/01\/sonoraenequipo_opt.png","contentUrl":"https:\/\/www.sonoraenequipo.com.mx\/storage\/2019\/01\/sonoraenequipo_opt.png","width":375,"height":125,"caption":"Sonoraenequipo.com.mx"},"image":{"@id":"https:\/\/www.sonoraenequipo.com.mx\/#\/schema\/logo\/image\/"},"sameAs":["https:\/\/www.facebook.com\/SonoraEE\/","https:\/\/x.com\/sonoraenequipo","https:\/\/www.youtube.com\/channel\/UC338nW-lPEYmJQs4ZABQ1SQ"]},{"@type":"Person","@id":"https:\/\/www.sonoraenequipo.com.mx\/#\/schema\/person\/50102df0fb23a8fa9e8effad8fa81386","name":"enequipo","image":{"@type":"ImageObject","inLanguage":"es","@id":"https:\/\/www.sonoraenequipo.com.mx\/#\/schema\/person\/image\/","url":"https:\/\/secure.gravatar.com\/avatar\/049821681b589dabc0bc20695993ccebb09f5b5d4d790cd9251b97faac7c652b?s=96&d=blank&r=g","contentUrl":"https:\/\/secure.gravatar.com\/avatar\/049821681b589dabc0bc20695993ccebb09f5b5d4d790cd9251b97faac7c652b?s=96&d=blank&r=g","caption":"enequipo"},"sameAs":["https:\/\/www.facebook.com\/SonoraEE"]}]}},"jetpack_featured_media_url":"https:\/\/www.sonoraenequipo.com.mx\/storage\/2020\/06\/clausen11.jpg","_links":{"self":[{"href":"https:\/\/www.sonoraenequipo.com.mx\/api\/wp\/v2\/posts\/119048","targetHints":{"allow":["GET"]}}],"collection":[{"href":"https:\/\/www.sonoraenequipo.com.mx\/api\/wp\/v2\/posts"}],"about":[{"href":"https:\/\/www.sonoraenequipo.com.mx\/api\/wp\/v2\/types\/post"}],"author":[{"embeddable":true,"href":"https:\/\/www.sonoraenequipo.com.mx\/api\/wp\/v2\/users\/1"}],"replies":[{"embeddable":true,"href":"https:\/\/www.sonoraenequipo.com.mx\/api\/wp\/v2\/comments?post=119048"}],"version-history":[{"count":1,"href":"https:\/\/www.sonoraenequipo.com.mx\/api\/wp\/v2\/posts\/119048\/revisions"}],"predecessor-version":[{"id":119050,"href":"https:\/\/www.sonoraenequipo.com.mx\/api\/wp\/v2\/posts\/119048\/revisions\/119050"}],"wp:featuredmedia":[{"embeddable":true,"href":"https:\/\/www.sonoraenequipo.com.mx\/api\/wp\/v2\/media\/86733"}],"wp:attachment":[{"href":"https:\/\/www.sonoraenequipo.com.mx\/api\/wp\/v2\/media?parent=119048"}],"wp:term":[{"taxonomy":"category","embeddable":true,"href":"https:\/\/www.sonoraenequipo.com.mx\/api\/wp\/v2\/categories?post=119048"},{"taxonomy":"post_tag","embeddable":true,"href":"https:\/\/www.sonoraenequipo.com.mx\/api\/wp\/v2\/tags?post=119048"}],"curies":[{"name":"wp","href":"https:\/\/api.w.org\/{rel}","templated":true}]}}