{"id":119049,"date":"2021-07-24T23:32:24","date_gmt":"2021-07-25T06:32:24","guid":{"rendered":"https:\/\/www.sonoraenequipo.com.mx\/?p=119049"},"modified":"2021-07-25T12:39:54","modified_gmt":"2021-07-25T19:39:54","slug":"alfonso-durazo-inicia-gira-de-trabajo-en-los-estados-unidos","status":"publish","type":"post","link":"https:\/\/www.sonoraenequipo.com.mx\/alfonso-durazo-inicia-gira-de-trabajo-en-los-estados-unidos\/","title":{"rendered":"Alfonso Durazo inicia gira de trabajo en los Estados Unidos"},"content":{"rendered":"<p>PHOENIX. ESTADOS UNIDOS. \u2014 El gobernador electo de Sonora, Alfonso Durazo Monta\u00f1o, inici\u00f3 este fin de semana una gira de trabajo en los estados de Arizona, Washington y Nueva York.<\/p>\n<p>&nbsp;<\/p>\n<p> <\/p>\n<p>&nbsp;<\/p>\n<p>En Phoenix, el pr\u00f3ximo mandatario sostuvo un encuentro con los funcionarios de la Universidad Estatal de Arizona (ASU), Jim O\u2019Brien, vicepresidente de asuntos universitarios, Nancy Gonz\u00e1lez, vicepresidenta ejecutiva, y Jos\u00e9 C\u00e1rdenas, vicepresidente consejero.<\/p>\n<p>&nbsp;<\/p>\n<p>Durazo Monta\u00f1o propuso que la instituci\u00f3n educativa participe en el Consejo de Desarrollo Econ\u00f3mico de Sonora en el dise\u00f1o de acciones conjuntas para potencializar la regi\u00f3n binacional y establecer una alianza que atienda retos como medio ambiente, inversi\u00f3n y pueblos originarios.<\/p>\n<p>&nbsp;<\/p>\n<p>Asimismo, el gobernador electo se reuni\u00f3 con miembros de la comunidad empresarial local a quienes present\u00f3 su plan de relanzamiento econ\u00f3mico del estado y su inter\u00e9s de vincularlo con Arizona a trav\u00e9s de la promoci\u00f3n del turismo y el comercio de exportaci\u00f3n, por medio de la modernizaci\u00f3n del puerto de Guaymas, el corredor fiscal Guaymas-Nogales y la apertura de un centro log\u00edstico en el aeropuerto de Cajeme.<\/p>\n<p>&nbsp;<\/p>\n<p>(Publicada el 24\/07\/2021)<\/p>\n","protected":false},"excerpt":{"rendered":"<p>PHOENIX. ESTADOS UNIDOS. \u2014 El gobernador electo de Sonora, Alfonso Durazo Monta\u00f1o, inici\u00f3 este fin&#8230;<\/p>\n","protected":false},"author":1,"featured_media":119051,"comment_status":"open","ping_status":"open","sticky":false,"template":"","format":"standard","meta":{"_monsterinsights_skip_tracking":false,"_monsterinsights_sitenote_active":false,"_monsterinsights_sitenote_note":"","_monsterinsights_sitenote_category":0,"footnotes":""},"categories":[22],"tags":[],"class_list":["post"],"yoast_head":" \n<title>Sonora en Equipo. Alfonso Durazo inicia gira de trabajo en los Estados Unidos Sonora<\/title>\n<meta name=\"description\" content=\"PHOENIX. ESTADOS UNIDOS. \u2014 El gobernador electo de Sonora, Alfonso Durazo Monta\u00f1o, inici\u00f3 este fin de semana una gira de trabajo en los estados de En Sonora en Equipo publicamos toda la informaci\u00f3n de Sonora, M\u00e9xico y el Mundo de manera oportuna y busca que la libertad de expresi\u00f3n sea real. Visita nuestro medio informativo publicado desde Hermosillo, Sonora. %\" \/>\n<meta name=\"robots\" content=\"index, follow, max-snippet:-1, max-image-preview:large, max-video-preview:-1\" \/>\n<link rel=\"canonical\" href=\"https:\/\/www.sonoraenequipo.com.mx\/alfonso-durazo-inicia-gira-de-trabajo-en-los-estados-unidos\/\" \/>\n<meta property=\"og:locale\" content=\"es_ES\" \/>\n<meta property=\"og:type\" content=\"article\" \/>\n<meta property=\"og:title\" content=\"Sonora en Equipo. Alfonso Durazo inicia gira de trabajo en los Estados Unidos Sonora\" \/>\n<meta property=\"og:description\" content=\"PHOENIX. ESTADOS UNIDOS. \u2014 El gobernador electo de Sonora, Alfonso Durazo Monta\u00f1o, inici\u00f3 este fin de semana una gira de trabajo en los estados de En Sonora en Equipo publicamos toda la informaci\u00f3n de Sonora, M\u00e9xico y el Mundo de manera oportuna y busca que la libertad de expresi\u00f3n sea real. Visita nuestro medio informativo publicado desde Hermosillo, Sonora. %\" \/>\n<meta property=\"og:url\" content=\"https:\/\/www.sonoraenequipo.com.mx\/alfonso-durazo-inicia-gira-de-trabajo-en-los-estados-unidos\/\" \/>\n<meta property=\"og:site_name\" content=\"Sonora en Equipo.\" \/>\n<meta property=\"article:publisher\" content=\"https:\/\/www.facebook.com\/SonoraEE\/\" \/>\n<meta property=\"article:author\" content=\"https:\/\/www.facebook.com\/SonoraEE\" \/>\n<meta property=\"article:published_time\" content=\"2021-07-25T06:32:24+00:00\" \/>\n<meta property=\"article:modified_time\" content=\"2021-07-25T19:39:54+00:00\" \/>\n<meta property=\"og:image\" content=\"https:\/\/www.sonoraenequipo.com.mx\/storage\/2021\/07\/alfonso-durazo_opt-1.jpg\" \/>\n\t<meta property=\"og:image:width\" content=\"700\" \/>\n\t<meta property=\"og:image:height\" content=\"400\" \/>\n\t<meta property=\"og:image:type\" content=\"image\/jpeg\" \/>\n<meta name=\"author\" content=\"enequipo\" \/>\n<meta name=\"twitter:card\" content=\"summary_large_image\" \/>\n<meta name=\"twitter:creator\" content=\"@sonoraenequipo\" \/>\n<meta name=\"twitter:site\" content=\"@sonoraenequipo\" \/>\n<meta name=\"twitter:label1\" content=\"Escrito por\" \/>\n\t<meta name=\"twitter:data1\" content=\"enequipo\" \/>\n\t<meta name=\"twitter:label2\" content=\"Tiempo de lectura\" \/>\n\t<meta name=\"twitter:data2\" content=\"1 minuto\" \/>\n<script type=\"application\/ld+json\" class=\"yoast-schema-graph\">{\"@context\":\"https:\/\/schema.org\",\"@graph\":[{\"@type\":\"Article\",\"@id\":\"https:\/\/www.sonoraenequipo.com.mx\/alfonso-durazo-inicia-gira-de-trabajo-en-los-estados-unidos\/#article\",\"isPartOf\":{\"@id\":\"https:\/\/www.sonoraenequipo.com.mx\/alfonso-durazo-inicia-gira-de-trabajo-en-los-estados-unidos\/\"},\"author\":{\"name\":\"enequipo\",\"@id\":\"https:\/\/www.sonoraenequipo.com.mx\/#\/schema\/person\/50102df0fb23a8fa9e8effad8fa81386\"},\"headline\":\"Alfonso Durazo inicia gira de trabajo en los Estados Unidos\",\"datePublished\":\"2021-07-25T06:32:24+00:00\",\"dateModified\":\"2021-07-25T19:39:54+00:00\",\"mainEntityOfPage\":{\"@id\":\"https:\/\/www.sonoraenequipo.com.mx\/alfonso-durazo-inicia-gira-de-trabajo-en-los-estados-unidos\/\"},\"wordCount\":205,\"commentCount\":0,\"publisher\":{\"@id\":\"https:\/\/www.sonoraenequipo.com.mx\/#organization\"},\"image\":{\"@id\":\"https:\/\/www.sonoraenequipo.com.mx\/alfonso-durazo-inicia-gira-de-trabajo-en-los-estados-unidos\/#primaryimage\"},\"thumbnailUrl\":\"https:\/\/www.sonoraenequipo.com.mx\/storage\/2021\/07\/alfonso-durazo_opt-1.jpg\",\"articleSection\":[\"Sonora\"],\"inLanguage\":\"es\",\"potentialAction\":[{\"@type\":\"CommentAction\",\"name\":\"Comment\",\"target\":[\"https:\/\/www.sonoraenequipo.com.mx\/alfonso-durazo-inicia-gira-de-trabajo-en-los-estados-unidos\/#respond\"]}]},{\"@type\":\"WebPage\",\"@id\":\"https:\/\/www.sonoraenequipo.com.mx\/alfonso-durazo-inicia-gira-de-trabajo-en-los-estados-unidos\/\",\"url\":\"https:\/\/www.sonoraenequipo.com.mx\/alfonso-durazo-inicia-gira-de-trabajo-en-los-estados-unidos\/\",\"name\":\"Sonora en Equipo. Alfonso Durazo inicia gira de trabajo en los Estados Unidos Sonora\",\"isPartOf\":{\"@id\":\"https:\/\/www.sonoraenequipo.com.mx\/#website\"},\"primaryImageOfPage\":{\"@id\":\"https:\/\/www.sonoraenequipo.com.mx\/alfonso-durazo-inicia-gira-de-trabajo-en-los-estados-unidos\/#primaryimage\"},\"image\":{\"@id\":\"https:\/\/www.sonoraenequipo.com.mx\/alfonso-durazo-inicia-gira-de-trabajo-en-los-estados-unidos\/#primaryimage\"},\"thumbnailUrl\":\"https:\/\/www.sonoraenequipo.com.mx\/storage\/2021\/07\/alfonso-durazo_opt-1.jpg\",\"datePublished\":\"2021-07-25T06:32:24+00:00\",\"dateModified\":\"2021-07-25T19:39:54+00:00\",\"description\":\"PHOENIX. ESTADOS UNIDOS. \u2014 El gobernador electo de Sonora, Alfonso Durazo Monta\u00f1o, inici\u00f3 este fin de semana una gira de trabajo en los estados de En Sonora en Equipo publicamos toda la informaci\u00f3n de Sonora, M\u00e9xico y el Mundo de manera oportuna y busca que la libertad de expresi\u00f3n sea real. Visita nuestro medio informativo publicado desde Hermosillo, Sonora. %\",\"breadcrumb\":{\"@id\":\"https:\/\/www.sonoraenequipo.com.mx\/alfonso-durazo-inicia-gira-de-trabajo-en-los-estados-unidos\/#breadcrumb\"},\"inLanguage\":\"es\",\"potentialAction\":[{\"@type\":\"ReadAction\",\"target\":[\"https:\/\/www.sonoraenequipo.com.mx\/alfonso-durazo-inicia-gira-de-trabajo-en-los-estados-unidos\/\"]}]},{\"@type\":\"ImageObject\",\"inLanguage\":\"es\",\"@id\":\"https:\/\/www.sonoraenequipo.com.mx\/alfonso-durazo-inicia-gira-de-trabajo-en-los-estados-unidos\/#primaryimage\",\"url\":\"https:\/\/www.sonoraenequipo.com.mx\/storage\/2021\/07\/alfonso-durazo_opt-1.jpg\",\"contentUrl\":\"https:\/\/www.sonoraenequipo.com.mx\/storage\/2021\/07\/alfonso-durazo_opt-1.jpg\",\"width\":700,\"height\":400},{\"@type\":\"BreadcrumbList\",\"@id\":\"https:\/\/www.sonoraenequipo.com.mx\/alfonso-durazo-inicia-gira-de-trabajo-en-los-estados-unidos\/#breadcrumb\",\"itemListElement\":[{\"@type\":\"ListItem\",\"position\":1,\"name\":\"Portada\",\"item\":\"https:\/\/www.sonoraenequipo.com.mx\/\"},{\"@type\":\"ListItem\",\"position\":2,\"name\":\"Alfonso Durazo inicia gira de trabajo en los Estados Unidos\"}]},{\"@type\":\"WebSite\",\"@id\":\"https:\/\/www.sonoraenequipo.com.mx\/#website\",\"url\":\"https:\/\/www.sonoraenequipo.com.mx\/\",\"name\":\"Sonora en Equipo.\",\"description\":\"Diario en l\u00ednea con Noticias desde Hermosillo, Sonora\",\"publisher\":{\"@id\":\"https:\/\/www.sonoraenequipo.com.mx\/#organization\"},\"potentialAction\":[{\"@type\":\"SearchAction\",\"target\":{\"@type\":\"EntryPoint\",\"urlTemplate\":\"https:\/\/www.sonoraenequipo.com.mx\/?s={search_term_string}\"},\"query-input\":{\"@type\":\"PropertyValueSpecification\",\"valueRequired\":true,\"valueName\":\"search_term_string\"}}],\"inLanguage\":\"es\"},{\"@type\":\"Organization\",\"@id\":\"https:\/\/www.sonoraenequipo.com.mx\/#organization\",\"name\":\"Sonoraenequipo.com.mx\",\"url\":\"https:\/\/www.sonoraenequipo.com.mx\/\",\"logo\":{\"@type\":\"ImageObject\",\"inLanguage\":\"es\",\"@id\":\"https:\/\/www.sonoraenequipo.com.mx\/#\/schema\/logo\/image\/\",\"url\":\"https:\/\/www.sonoraenequipo.com.mx\/storage\/2019\/01\/sonoraenequipo_opt.png\",\"contentUrl\":\"https:\/\/www.sonoraenequipo.com.mx\/storage\/2019\/01\/sonoraenequipo_opt.png\",\"width\":375,\"height\":125,\"caption\":\"Sonoraenequipo.com.mx\"},\"image\":{\"@id\":\"https:\/\/www.sonoraenequipo.com.mx\/#\/schema\/logo\/image\/\"},\"sameAs\":[\"https:\/\/www.facebook.com\/SonoraEE\/\",\"https:\/\/x.com\/sonoraenequipo\",\"https:\/\/www.youtube.com\/channel\/UC338nW-lPEYmJQs4ZABQ1SQ\"]},{\"@type\":\"Person\",\"@id\":\"https:\/\/www.sonoraenequipo.com.mx\/#\/schema\/person\/50102df0fb23a8fa9e8effad8fa81386\",\"name\":\"enequipo\",\"image\":{\"@type\":\"ImageObject\",\"inLanguage\":\"es\",\"@id\":\"https:\/\/www.sonoraenequipo.com.mx\/#\/schema\/person\/image\/\",\"url\":\"https:\/\/secure.gravatar.com\/avatar\/049821681b589dabc0bc20695993ccebb09f5b5d4d790cd9251b97faac7c652b?s=96&d=blank&r=g\",\"contentUrl\":\"https:\/\/secure.gravatar.com\/avatar\/049821681b589dabc0bc20695993ccebb09f5b5d4d790cd9251b97faac7c652b?s=96&d=blank&r=g\",\"caption\":\"enequipo\"},\"sameAs\":[\"https:\/\/www.facebook.com\/SonoraEE\"]}]}<\/script>\n ","yoast_head_json":{"title":"Sonora en Equipo. Alfonso Durazo inicia gira de trabajo en los Estados Unidos Sonora","description":"PHOENIX. ESTADOS UNIDOS. \u2014 El gobernador electo de Sonora, Alfonso Durazo Monta\u00f1o, inici\u00f3 este fin de semana una gira de trabajo en los estados de En Sonora en Equipo publicamos toda la informaci\u00f3n de Sonora, M\u00e9xico y el Mundo de manera oportuna y busca que la libertad de expresi\u00f3n sea real. Visita nuestro medio informativo publicado desde Hermosillo, Sonora. %","robots":{"index":"index","follow":"follow","max-snippet":"max-snippet:-1","max-image-preview":"max-image-preview:large","max-video-preview":"max-video-preview:-1"},"canonical":"https:\/\/www.sonoraenequipo.com.mx\/alfonso-durazo-inicia-gira-de-trabajo-en-los-estados-unidos\/","og_locale":"es_ES","og_type":"article","og_title":"Sonora en Equipo. Alfonso Durazo inicia gira de trabajo en los Estados Unidos Sonora","og_description":"PHOENIX. ESTADOS UNIDOS. \u2014 El gobernador electo de Sonora, Alfonso Durazo Monta\u00f1o, inici\u00f3 este fin de semana una gira de trabajo en los estados de En Sonora en Equipo publicamos toda la informaci\u00f3n de Sonora, M\u00e9xico y el Mundo de manera oportuna y busca que la libertad de expresi\u00f3n sea real. Visita nuestro medio informativo publicado desde Hermosillo, Sonora. %","og_url":"https:\/\/www.sonoraenequipo.com.mx\/alfonso-durazo-inicia-gira-de-trabajo-en-los-estados-unidos\/","og_site_name":"Sonora en Equipo.","article_publisher":"https:\/\/www.facebook.com\/SonoraEE\/","article_author":"https:\/\/www.facebook.com\/SonoraEE","article_published_time":"2021-07-25T06:32:24+00:00","article_modified_time":"2021-07-25T19:39:54+00:00","og_image":[{"width":700,"height":400,"url":"https:\/\/www.sonoraenequipo.com.mx\/storage\/2021\/07\/alfonso-durazo_opt-1.jpg","type":"image\/jpeg"}],"author":"enequipo","twitter_card":"summary_large_image","twitter_creator":"@sonoraenequipo","twitter_site":"@sonoraenequipo","twitter_misc":{"Escrito por":"enequipo","Tiempo de lectura":"1 minuto"},"schema":{"@context":"https:\/\/schema.org","@graph":[{"@type":"Article","@id":"https:\/\/www.sonoraenequipo.com.mx\/alfonso-durazo-inicia-gira-de-trabajo-en-los-estados-unidos\/#article","isPartOf":{"@id":"https:\/\/www.sonoraenequipo.com.mx\/alfonso-durazo-inicia-gira-de-trabajo-en-los-estados-unidos\/"},"author":{"name":"enequipo","@id":"https:\/\/www.sonoraenequipo.com.mx\/#\/schema\/person\/50102df0fb23a8fa9e8effad8fa81386"},"headline":"Alfonso Durazo inicia gira de trabajo en los Estados Unidos","datePublished":"2021-07-25T06:32:24+00:00","dateModified":"2021-07-25T19:39:54+00:00","mainEntityOfPage":{"@id":"https:\/\/www.sonoraenequipo.com.mx\/alfonso-durazo-inicia-gira-de-trabajo-en-los-estados-unidos\/"},"wordCount":205,"commentCount":0,"publisher":{"@id":"https:\/\/www.sonoraenequipo.com.mx\/#organization"},"image":{"@id":"https:\/\/www.sonoraenequipo.com.mx\/alfonso-durazo-inicia-gira-de-trabajo-en-los-estados-unidos\/#primaryimage"},"thumbnailUrl":"https:\/\/www.sonoraenequipo.com.mx\/storage\/2021\/07\/alfonso-durazo_opt-1.jpg","articleSection":["Sonora"],"inLanguage":"es","potentialAction":[{"@type":"CommentAction","name":"Comment","target":["https:\/\/www.sonoraenequipo.com.mx\/alfonso-durazo-inicia-gira-de-trabajo-en-los-estados-unidos\/#respond"]}]},{"@type":"WebPage","@id":"https:\/\/www.sonoraenequipo.com.mx\/alfonso-durazo-inicia-gira-de-trabajo-en-los-estados-unidos\/","url":"https:\/\/www.sonoraenequipo.com.mx\/alfonso-durazo-inicia-gira-de-trabajo-en-los-estados-unidos\/","name":"Sonora en Equipo. Alfonso Durazo inicia gira de trabajo en los Estados Unidos Sonora","isPartOf":{"@id":"https:\/\/www.sonoraenequipo.com.mx\/#website"},"primaryImageOfPage":{"@id":"https:\/\/www.sonoraenequipo.com.mx\/alfonso-durazo-inicia-gira-de-trabajo-en-los-estados-unidos\/#primaryimage"},"image":{"@id":"https:\/\/www.sonoraenequipo.com.mx\/alfonso-durazo-inicia-gira-de-trabajo-en-los-estados-unidos\/#primaryimage"},"thumbnailUrl":"https:\/\/www.sonoraenequipo.com.mx\/storage\/2021\/07\/alfonso-durazo_opt-1.jpg","datePublished":"2021-07-25T06:32:24+00:00","dateModified":"2021-07-25T19:39:54+00:00","description":"PHOENIX. ESTADOS UNIDOS. \u2014 El gobernador electo de Sonora, Alfonso Durazo Monta\u00f1o, inici\u00f3 este fin de semana una gira de trabajo en los estados de En Sonora en Equipo publicamos toda la informaci\u00f3n de Sonora, M\u00e9xico y el Mundo de manera oportuna y busca que la libertad de expresi\u00f3n sea real. Visita nuestro medio informativo publicado desde Hermosillo, Sonora. %","breadcrumb":{"@id":"https:\/\/www.sonoraenequipo.com.mx\/alfonso-durazo-inicia-gira-de-trabajo-en-los-estados-unidos\/#breadcrumb"},"inLanguage":"es","potentialAction":[{"@type":"ReadAction","target":["https:\/\/www.sonoraenequipo.com.mx\/alfonso-durazo-inicia-gira-de-trabajo-en-los-estados-unidos\/"]}]},{"@type":"ImageObject","inLanguage":"es","@id":"https:\/\/www.sonoraenequipo.com.mx\/alfonso-durazo-inicia-gira-de-trabajo-en-los-estados-unidos\/#primaryimage","url":"https:\/\/www.sonoraenequipo.com.mx\/storage\/2021\/07\/alfonso-durazo_opt-1.jpg","contentUrl":"https:\/\/www.sonoraenequipo.com.mx\/storage\/2021\/07\/alfonso-durazo_opt-1.jpg","width":700,"height":400},{"@type":"BreadcrumbList","@id":"https:\/\/www.sonoraenequipo.com.mx\/alfonso-durazo-inicia-gira-de-trabajo-en-los-estados-unidos\/#breadcrumb","itemListElement":[{"@type":"ListItem","position":1,"name":"Portada","item":"https:\/\/www.sonoraenequipo.com.mx\/"},{"@type":"ListItem","position":2,"name":"Alfonso Durazo inicia gira de trabajo en los Estados Unidos"}]},{"@type":"WebSite","@id":"https:\/\/www.sonoraenequipo.com.mx\/#website","url":"https:\/\/www.sonoraenequipo.com.mx\/","name":"Sonora en Equipo.","description":"Diario en l\u00ednea con Noticias desde Hermosillo, Sonora","publisher":{"@id":"https:\/\/www.sonoraenequipo.com.mx\/#organization"},"potentialAction":[{"@type":"SearchAction","target":{"@type":"EntryPoint","urlTemplate":"https:\/\/www.sonoraenequipo.com.mx\/?s={search_term_string}"},"query-input":{"@type":"PropertyValueSpecification","valueRequired":true,"valueName":"search_term_string"}}],"inLanguage":"es"},{"@type":"Organization","@id":"https:\/\/www.sonoraenequipo.com.mx\/#organization","name":"Sonoraenequipo.com.mx","url":"https:\/\/www.sonoraenequipo.com.mx\/","logo":{"@type":"ImageObject","inLanguage":"es","@id":"https:\/\/www.sonoraenequipo.com.mx\/#\/schema\/logo\/image\/","url":"https:\/\/www.sonoraenequipo.com.mx\/storage\/2019\/01\/sonoraenequipo_opt.png","contentUrl":"https:\/\/www.sonoraenequipo.com.mx\/storage\/2019\/01\/sonoraenequipo_opt.png","width":375,"height":125,"caption":"Sonoraenequipo.com.mx"},"image":{"@id":"https:\/\/www.sonoraenequipo.com.mx\/#\/schema\/logo\/image\/"},"sameAs":["https:\/\/www.facebook.com\/SonoraEE\/","https:\/\/x.com\/sonoraenequipo","https:\/\/www.youtube.com\/channel\/UC338nW-lPEYmJQs4ZABQ1SQ"]},{"@type":"Person","@id":"https:\/\/www.sonoraenequipo.com.mx\/#\/schema\/person\/50102df0fb23a8fa9e8effad8fa81386","name":"enequipo","image":{"@type":"ImageObject","inLanguage":"es","@id":"https:\/\/www.sonoraenequipo.com.mx\/#\/schema\/person\/image\/","url":"https:\/\/secure.gravatar.com\/avatar\/049821681b589dabc0bc20695993ccebb09f5b5d4d790cd9251b97faac7c652b?s=96&d=blank&r=g","contentUrl":"https:\/\/secure.gravatar.com\/avatar\/049821681b589dabc0bc20695993ccebb09f5b5d4d790cd9251b97faac7c652b?s=96&d=blank&r=g","caption":"enequipo"},"sameAs":["https:\/\/www.facebook.com\/SonoraEE"]}]}},"jetpack_featured_media_url":"https:\/\/www.sonoraenequipo.com.mx\/storage\/2021\/07\/alfonso-durazo_opt-1.jpg","_links":{"self":[{"href":"https:\/\/www.sonoraenequipo.com.mx\/api\/wp\/v2\/posts\/119049","targetHints":{"allow":["GET"]}}],"collection":[{"href":"https:\/\/www.sonoraenequipo.com.mx\/api\/wp\/v2\/posts"}],"about":[{"href":"https:\/\/www.sonoraenequipo.com.mx\/api\/wp\/v2\/types\/post"}],"author":[{"embeddable":true,"href":"https:\/\/www.sonoraenequipo.com.mx\/api\/wp\/v2\/users\/1"}],"replies":[{"embeddable":true,"href":"https:\/\/www.sonoraenequipo.com.mx\/api\/wp\/v2\/comments?post=119049"}],"version-history":[{"count":1,"href":"https:\/\/www.sonoraenequipo.com.mx\/api\/wp\/v2\/posts\/119049\/revisions"}],"predecessor-version":[{"id":119052,"href":"https:\/\/www.sonoraenequipo.com.mx\/api\/wp\/v2\/posts\/119049\/revisions\/119052"}],"wp:featuredmedia":[{"embeddable":true,"href":"https:\/\/www.sonoraenequipo.com.mx\/api\/wp\/v2\/media\/119051"}],"wp:attachment":[{"href":"https:\/\/www.sonoraenequipo.com.mx\/api\/wp\/v2\/media?parent=119049"}],"wp:term":[{"taxonomy":"category","embeddable":true,"href":"https:\/\/www.sonoraenequipo.com.mx\/api\/wp\/v2\/categories?post=119049"},{"taxonomy":"post_tag","embeddable":true,"href":"https:\/\/www.sonoraenequipo.com.mx\/api\/wp\/v2\/tags?post=119049"}],"curies":[{"name":"wp","href":"https:\/\/api.w.org\/{rel}","templated":true}]}}