{"id":119055,"date":"2021-07-25T13:14:28","date_gmt":"2021-07-25T20:14:28","guid":{"rendered":"https:\/\/www.sonoraenequipo.com.mx\/?p=119055"},"modified":"2021-07-25T13:15:01","modified_gmt":"2021-07-25T20:15:01","slug":"alejandra-valencia-bronce-en-tiro-con-arco-mixto","status":"publish","type":"post","link":"https:\/\/www.sonoraenequipo.com.mx\/alejandra-valencia-bronce-en-tiro-con-arco-mixto\/","title":{"rendered":"Alejandra Valencia \u00a0bronce en tiro con arco mixto"},"content":{"rendered":"<p>Alejandra Valencia \u00a0bronce en tiro con arco mixto<\/p>\n<p>TOKIO,JAP\u00d3N.\u2500 M\u00e9xico consigui\u00f3 un hecho que pasar\u00e1 a la historia, pues consigui\u00f3 su primera medalla de Tokio 2020 de la mano de la sonorenseAlejandra Valencia y Luis \u00c1lvarez, en Tiro con Arco mixto, hecho que desat\u00f3 una serie de reacciones. Los fan\u00e1ticos se dijeron sumamente orgullosos de los atletas mexicanos, pues saben que fue una eliminatoria muy complicada, donde Corea del Sur les arrebat\u00f3 la posibilidad de pelear por la Medalla de Oro, pero aun as\u00ed las cosas salieron bien. M\u00e9xico venci\u00f3 con autoridad al equipo de Turqu\u00eda, quien casi les saca un buen susto sobre el final, pues tras un tiro de 2 puntos del Abuelo \u00c1lvarez la situaci\u00f3n se puso tensa, pero la Medalla de Bronce se qued\u00f3 con los aztecas.<\/p>\n<p>Lamentablemente Alejandra qued\u00f3 fuera con el equipo de tiro con arco por equipos femenil, sin embargo aun tiene oportunidad de de colgarse otra presea en individual<\/p>\n<p>Fecha de Publicaci\u00f3n\u00a0\u00a0 domingo \/ 25\u00a0\u00a0 \/ julio \/ 2021 \/ Medio Tiempo<\/p>\n","protected":false},"excerpt":{"rendered":"<p>Alejandra Valencia \u00a0bronce en tiro con arco mixto TOKIO,JAP\u00d3N.\u2500 M\u00e9xico consigui\u00f3 un hecho que pasar\u00e1&#8230;<\/p>\n","protected":false},"author":1,"featured_media":119056,"comment_status":"open","ping_status":"open","sticky":false,"template":"","format":"standard","meta":{"_monsterinsights_skip_tracking":false,"_monsterinsights_sitenote_active":false,"_monsterinsights_sitenote_note":"","_monsterinsights_sitenote_category":0,"footnotes":""},"categories":[10],"tags":[5936,53,5494],"class_list":["post"],"yoast_head":" \n<title>Sonora en Equipo. Alejandra Valencia \u00a0bronce en tiro con arco mixto Deportes<\/title>\n<meta name=\"description\" content=\"Alejandra Valencia \u00a0bronce en tiro con arco mixto TOKIO,JAP\u00d3N.\u2500 M\u00e9xico consigui\u00f3 un hecho que pasar\u00e1 a la historia, pues consigui\u00f3 su primera medalla de En Sonora en Equipo publicamos toda la informaci\u00f3n de Sonora, M\u00e9xico y el Mundo de manera oportuna y busca que la libertad de expresi\u00f3n sea real. Visita nuestro medio informativo publicado desde Hermosillo, Sonora. %\" \/>\n<meta name=\"robots\" content=\"index, follow, max-snippet:-1, max-image-preview:large, max-video-preview:-1\" \/>\n<link rel=\"canonical\" href=\"https:\/\/www.sonoraenequipo.com.mx\/alejandra-valencia-bronce-en-tiro-con-arco-mixto\/\" \/>\n<meta property=\"og:locale\" content=\"es_ES\" \/>\n<meta property=\"og:type\" content=\"article\" \/>\n<meta property=\"og:title\" content=\"Sonora en Equipo. Alejandra Valencia \u00a0bronce en tiro con arco mixto Deportes\" \/>\n<meta property=\"og:description\" content=\"Alejandra Valencia \u00a0bronce en tiro con arco mixto TOKIO,JAP\u00d3N.\u2500 M\u00e9xico consigui\u00f3 un hecho que pasar\u00e1 a la historia, pues consigui\u00f3 su primera medalla de En Sonora en Equipo publicamos toda la informaci\u00f3n de Sonora, M\u00e9xico y el Mundo de manera oportuna y busca que la libertad de expresi\u00f3n sea real. Visita nuestro medio informativo publicado desde Hermosillo, Sonora. %\" \/>\n<meta property=\"og:url\" content=\"https:\/\/www.sonoraenequipo.com.mx\/alejandra-valencia-bronce-en-tiro-con-arco-mixto\/\" \/>\n<meta property=\"og:site_name\" content=\"Sonora en Equipo.\" \/>\n<meta property=\"article:publisher\" content=\"https:\/\/www.facebook.com\/SonoraEE\/\" \/>\n<meta property=\"article:author\" content=\"https:\/\/www.facebook.com\/SonoraEE\" \/>\n<meta property=\"article:published_time\" content=\"2021-07-25T20:14:28+00:00\" \/>\n<meta property=\"article:modified_time\" content=\"2021-07-25T20:15:01+00:00\" \/>\n<meta property=\"og:image\" content=\"https:\/\/www.sonoraenequipo.com.mx\/storage\/2021\/07\/valencia-y-alvarez.jpg\" \/>\n\t<meta property=\"og:image:width\" content=\"700\" \/>\n\t<meta property=\"og:image:height\" content=\"400\" \/>\n\t<meta property=\"og:image:type\" content=\"image\/jpeg\" \/>\n<meta name=\"author\" content=\"enequipo\" \/>\n<meta name=\"twitter:card\" content=\"summary_large_image\" \/>\n<meta name=\"twitter:creator\" content=\"@sonoraenequipo\" \/>\n<meta name=\"twitter:site\" content=\"@sonoraenequipo\" \/>\n<meta name=\"twitter:label1\" content=\"Escrito por\" \/>\n\t<meta name=\"twitter:data1\" content=\"enequipo\" \/>\n\t<meta name=\"twitter:label2\" content=\"Tiempo de lectura\" \/>\n\t<meta name=\"twitter:data2\" content=\"1 minuto\" \/>\n<script type=\"application\/ld+json\" class=\"yoast-schema-graph\">{\"@context\":\"https:\/\/schema.org\",\"@graph\":[{\"@type\":\"Article\",\"@id\":\"https:\/\/www.sonoraenequipo.com.mx\/alejandra-valencia-bronce-en-tiro-con-arco-mixto\/#article\",\"isPartOf\":{\"@id\":\"https:\/\/www.sonoraenequipo.com.mx\/alejandra-valencia-bronce-en-tiro-con-arco-mixto\/\"},\"author\":{\"name\":\"enequipo\",\"@id\":\"https:\/\/www.sonoraenequipo.com.mx\/#\/schema\/person\/50102df0fb23a8fa9e8effad8fa81386\"},\"headline\":\"Alejandra Valencia \u00a0bronce en tiro con arco mixto\",\"datePublished\":\"2021-07-25T20:14:28+00:00\",\"dateModified\":\"2021-07-25T20:15:01+00:00\",\"mainEntityOfPage\":{\"@id\":\"https:\/\/www.sonoraenequipo.com.mx\/alejandra-valencia-bronce-en-tiro-con-arco-mixto\/\"},\"wordCount\":178,\"commentCount\":0,\"publisher\":{\"@id\":\"https:\/\/www.sonoraenequipo.com.mx\/#organization\"},\"image\":{\"@id\":\"https:\/\/www.sonoraenequipo.com.mx\/alejandra-valencia-bronce-en-tiro-con-arco-mixto\/#primaryimage\"},\"thumbnailUrl\":\"https:\/\/www.sonoraenequipo.com.mx\/storage\/2021\/07\/valencia-y-alvarez.jpg\",\"keywords\":[\"alejandra valencia\",\"mexico\",\"tokio 2021\"],\"articleSection\":[\"Deportes\"],\"inLanguage\":\"es\",\"potentialAction\":[{\"@type\":\"CommentAction\",\"name\":\"Comment\",\"target\":[\"https:\/\/www.sonoraenequipo.com.mx\/alejandra-valencia-bronce-en-tiro-con-arco-mixto\/#respond\"]}]},{\"@type\":\"WebPage\",\"@id\":\"https:\/\/www.sonoraenequipo.com.mx\/alejandra-valencia-bronce-en-tiro-con-arco-mixto\/\",\"url\":\"https:\/\/www.sonoraenequipo.com.mx\/alejandra-valencia-bronce-en-tiro-con-arco-mixto\/\",\"name\":\"Sonora en Equipo. Alejandra Valencia \u00a0bronce en tiro con arco mixto Deportes\",\"isPartOf\":{\"@id\":\"https:\/\/www.sonoraenequipo.com.mx\/#website\"},\"primaryImageOfPage\":{\"@id\":\"https:\/\/www.sonoraenequipo.com.mx\/alejandra-valencia-bronce-en-tiro-con-arco-mixto\/#primaryimage\"},\"image\":{\"@id\":\"https:\/\/www.sonoraenequipo.com.mx\/alejandra-valencia-bronce-en-tiro-con-arco-mixto\/#primaryimage\"},\"thumbnailUrl\":\"https:\/\/www.sonoraenequipo.com.mx\/storage\/2021\/07\/valencia-y-alvarez.jpg\",\"datePublished\":\"2021-07-25T20:14:28+00:00\",\"dateModified\":\"2021-07-25T20:15:01+00:00\",\"description\":\"Alejandra Valencia \u00a0bronce en tiro con arco mixto TOKIO,JAP\u00d3N.\u2500 M\u00e9xico consigui\u00f3 un hecho que pasar\u00e1 a la historia, pues consigui\u00f3 su primera medalla de En Sonora en Equipo publicamos toda la informaci\u00f3n de Sonora, M\u00e9xico y el Mundo de manera oportuna y busca que la libertad de expresi\u00f3n sea real. Visita nuestro medio informativo publicado desde Hermosillo, Sonora. %\",\"breadcrumb\":{\"@id\":\"https:\/\/www.sonoraenequipo.com.mx\/alejandra-valencia-bronce-en-tiro-con-arco-mixto\/#breadcrumb\"},\"inLanguage\":\"es\",\"potentialAction\":[{\"@type\":\"ReadAction\",\"target\":[\"https:\/\/www.sonoraenequipo.com.mx\/alejandra-valencia-bronce-en-tiro-con-arco-mixto\/\"]}]},{\"@type\":\"ImageObject\",\"inLanguage\":\"es\",\"@id\":\"https:\/\/www.sonoraenequipo.com.mx\/alejandra-valencia-bronce-en-tiro-con-arco-mixto\/#primaryimage\",\"url\":\"https:\/\/www.sonoraenequipo.com.mx\/storage\/2021\/07\/valencia-y-alvarez.jpg\",\"contentUrl\":\"https:\/\/www.sonoraenequipo.com.mx\/storage\/2021\/07\/valencia-y-alvarez.jpg\",\"width\":700,\"height\":400,\"caption\":\"Valencia y \u00c4lvarezdialogan durante la competencia, imagen, Com\"},{\"@type\":\"BreadcrumbList\",\"@id\":\"https:\/\/www.sonoraenequipo.com.mx\/alejandra-valencia-bronce-en-tiro-con-arco-mixto\/#breadcrumb\",\"itemListElement\":[{\"@type\":\"ListItem\",\"position\":1,\"name\":\"Portada\",\"item\":\"https:\/\/www.sonoraenequipo.com.mx\/\"},{\"@type\":\"ListItem\",\"position\":2,\"name\":\"Alejandra Valencia \u00a0bronce en tiro con arco mixto\"}]},{\"@type\":\"WebSite\",\"@id\":\"https:\/\/www.sonoraenequipo.com.mx\/#website\",\"url\":\"https:\/\/www.sonoraenequipo.com.mx\/\",\"name\":\"Sonora en Equipo.\",\"description\":\"Diario en l\u00ednea con Noticias desde Hermosillo, Sonora\",\"publisher\":{\"@id\":\"https:\/\/www.sonoraenequipo.com.mx\/#organization\"},\"potentialAction\":[{\"@type\":\"SearchAction\",\"target\":{\"@type\":\"EntryPoint\",\"urlTemplate\":\"https:\/\/www.sonoraenequipo.com.mx\/?s={search_term_string}\"},\"query-input\":{\"@type\":\"PropertyValueSpecification\",\"valueRequired\":true,\"valueName\":\"search_term_string\"}}],\"inLanguage\":\"es\"},{\"@type\":\"Organization\",\"@id\":\"https:\/\/www.sonoraenequipo.com.mx\/#organization\",\"name\":\"Sonoraenequipo.com.mx\",\"url\":\"https:\/\/www.sonoraenequipo.com.mx\/\",\"logo\":{\"@type\":\"ImageObject\",\"inLanguage\":\"es\",\"@id\":\"https:\/\/www.sonoraenequipo.com.mx\/#\/schema\/logo\/image\/\",\"url\":\"https:\/\/www.sonoraenequipo.com.mx\/storage\/2019\/01\/sonoraenequipo_opt.png\",\"contentUrl\":\"https:\/\/www.sonoraenequipo.com.mx\/storage\/2019\/01\/sonoraenequipo_opt.png\",\"width\":375,\"height\":125,\"caption\":\"Sonoraenequipo.com.mx\"},\"image\":{\"@id\":\"https:\/\/www.sonoraenequipo.com.mx\/#\/schema\/logo\/image\/\"},\"sameAs\":[\"https:\/\/www.facebook.com\/SonoraEE\/\",\"https:\/\/x.com\/sonoraenequipo\",\"https:\/\/www.youtube.com\/channel\/UC338nW-lPEYmJQs4ZABQ1SQ\"]},{\"@type\":\"Person\",\"@id\":\"https:\/\/www.sonoraenequipo.com.mx\/#\/schema\/person\/50102df0fb23a8fa9e8effad8fa81386\",\"name\":\"enequipo\",\"image\":{\"@type\":\"ImageObject\",\"inLanguage\":\"es\",\"@id\":\"https:\/\/www.sonoraenequipo.com.mx\/#\/schema\/person\/image\/\",\"url\":\"https:\/\/secure.gravatar.com\/avatar\/049821681b589dabc0bc20695993ccebb09f5b5d4d790cd9251b97faac7c652b?s=96&d=blank&r=g\",\"contentUrl\":\"https:\/\/secure.gravatar.com\/avatar\/049821681b589dabc0bc20695993ccebb09f5b5d4d790cd9251b97faac7c652b?s=96&d=blank&r=g\",\"caption\":\"enequipo\"},\"sameAs\":[\"https:\/\/www.facebook.com\/SonoraEE\"]}]}<\/script>\n ","yoast_head_json":{"title":"Sonora en Equipo. Alejandra Valencia \u00a0bronce en tiro con arco mixto Deportes","description":"Alejandra Valencia \u00a0bronce en tiro con arco mixto TOKIO,JAP\u00d3N.\u2500 M\u00e9xico consigui\u00f3 un hecho que pasar\u00e1 a la historia, pues consigui\u00f3 su primera medalla de En Sonora en Equipo publicamos toda la informaci\u00f3n de Sonora, M\u00e9xico y el Mundo de manera oportuna y busca que la libertad de expresi\u00f3n sea real. Visita nuestro medio informativo publicado desde Hermosillo, Sonora. %","robots":{"index":"index","follow":"follow","max-snippet":"max-snippet:-1","max-image-preview":"max-image-preview:large","max-video-preview":"max-video-preview:-1"},"canonical":"https:\/\/www.sonoraenequipo.com.mx\/alejandra-valencia-bronce-en-tiro-con-arco-mixto\/","og_locale":"es_ES","og_type":"article","og_title":"Sonora en Equipo. Alejandra Valencia \u00a0bronce en tiro con arco mixto Deportes","og_description":"Alejandra Valencia \u00a0bronce en tiro con arco mixto TOKIO,JAP\u00d3N.\u2500 M\u00e9xico consigui\u00f3 un hecho que pasar\u00e1 a la historia, pues consigui\u00f3 su primera medalla de En Sonora en Equipo publicamos toda la informaci\u00f3n de Sonora, M\u00e9xico y el Mundo de manera oportuna y busca que la libertad de expresi\u00f3n sea real. Visita nuestro medio informativo publicado desde Hermosillo, Sonora. %","og_url":"https:\/\/www.sonoraenequipo.com.mx\/alejandra-valencia-bronce-en-tiro-con-arco-mixto\/","og_site_name":"Sonora en Equipo.","article_publisher":"https:\/\/www.facebook.com\/SonoraEE\/","article_author":"https:\/\/www.facebook.com\/SonoraEE","article_published_time":"2021-07-25T20:14:28+00:00","article_modified_time":"2021-07-25T20:15:01+00:00","og_image":[{"width":700,"height":400,"url":"https:\/\/www.sonoraenequipo.com.mx\/storage\/2021\/07\/valencia-y-alvarez.jpg","type":"image\/jpeg"}],"author":"enequipo","twitter_card":"summary_large_image","twitter_creator":"@sonoraenequipo","twitter_site":"@sonoraenequipo","twitter_misc":{"Escrito por":"enequipo","Tiempo de lectura":"1 minuto"},"schema":{"@context":"https:\/\/schema.org","@graph":[{"@type":"Article","@id":"https:\/\/www.sonoraenequipo.com.mx\/alejandra-valencia-bronce-en-tiro-con-arco-mixto\/#article","isPartOf":{"@id":"https:\/\/www.sonoraenequipo.com.mx\/alejandra-valencia-bronce-en-tiro-con-arco-mixto\/"},"author":{"name":"enequipo","@id":"https:\/\/www.sonoraenequipo.com.mx\/#\/schema\/person\/50102df0fb23a8fa9e8effad8fa81386"},"headline":"Alejandra Valencia \u00a0bronce en tiro con arco mixto","datePublished":"2021-07-25T20:14:28+00:00","dateModified":"2021-07-25T20:15:01+00:00","mainEntityOfPage":{"@id":"https:\/\/www.sonoraenequipo.com.mx\/alejandra-valencia-bronce-en-tiro-con-arco-mixto\/"},"wordCount":178,"commentCount":0,"publisher":{"@id":"https:\/\/www.sonoraenequipo.com.mx\/#organization"},"image":{"@id":"https:\/\/www.sonoraenequipo.com.mx\/alejandra-valencia-bronce-en-tiro-con-arco-mixto\/#primaryimage"},"thumbnailUrl":"https:\/\/www.sonoraenequipo.com.mx\/storage\/2021\/07\/valencia-y-alvarez.jpg","keywords":["alejandra valencia","mexico","tokio 2021"],"articleSection":["Deportes"],"inLanguage":"es","potentialAction":[{"@type":"CommentAction","name":"Comment","target":["https:\/\/www.sonoraenequipo.com.mx\/alejandra-valencia-bronce-en-tiro-con-arco-mixto\/#respond"]}]},{"@type":"WebPage","@id":"https:\/\/www.sonoraenequipo.com.mx\/alejandra-valencia-bronce-en-tiro-con-arco-mixto\/","url":"https:\/\/www.sonoraenequipo.com.mx\/alejandra-valencia-bronce-en-tiro-con-arco-mixto\/","name":"Sonora en Equipo. Alejandra Valencia \u00a0bronce en tiro con arco mixto Deportes","isPartOf":{"@id":"https:\/\/www.sonoraenequipo.com.mx\/#website"},"primaryImageOfPage":{"@id":"https:\/\/www.sonoraenequipo.com.mx\/alejandra-valencia-bronce-en-tiro-con-arco-mixto\/#primaryimage"},"image":{"@id":"https:\/\/www.sonoraenequipo.com.mx\/alejandra-valencia-bronce-en-tiro-con-arco-mixto\/#primaryimage"},"thumbnailUrl":"https:\/\/www.sonoraenequipo.com.mx\/storage\/2021\/07\/valencia-y-alvarez.jpg","datePublished":"2021-07-25T20:14:28+00:00","dateModified":"2021-07-25T20:15:01+00:00","description":"Alejandra Valencia \u00a0bronce en tiro con arco mixto TOKIO,JAP\u00d3N.\u2500 M\u00e9xico consigui\u00f3 un hecho que pasar\u00e1 a la historia, pues consigui\u00f3 su primera medalla de En Sonora en Equipo publicamos toda la informaci\u00f3n de Sonora, M\u00e9xico y el Mundo de manera oportuna y busca que la libertad de expresi\u00f3n sea real. Visita nuestro medio informativo publicado desde Hermosillo, Sonora. %","breadcrumb":{"@id":"https:\/\/www.sonoraenequipo.com.mx\/alejandra-valencia-bronce-en-tiro-con-arco-mixto\/#breadcrumb"},"inLanguage":"es","potentialAction":[{"@type":"ReadAction","target":["https:\/\/www.sonoraenequipo.com.mx\/alejandra-valencia-bronce-en-tiro-con-arco-mixto\/"]}]},{"@type":"ImageObject","inLanguage":"es","@id":"https:\/\/www.sonoraenequipo.com.mx\/alejandra-valencia-bronce-en-tiro-con-arco-mixto\/#primaryimage","url":"https:\/\/www.sonoraenequipo.com.mx\/storage\/2021\/07\/valencia-y-alvarez.jpg","contentUrl":"https:\/\/www.sonoraenequipo.com.mx\/storage\/2021\/07\/valencia-y-alvarez.jpg","width":700,"height":400,"caption":"Valencia y \u00c4lvarezdialogan durante la competencia, imagen, Com"},{"@type":"BreadcrumbList","@id":"https:\/\/www.sonoraenequipo.com.mx\/alejandra-valencia-bronce-en-tiro-con-arco-mixto\/#breadcrumb","itemListElement":[{"@type":"ListItem","position":1,"name":"Portada","item":"https:\/\/www.sonoraenequipo.com.mx\/"},{"@type":"ListItem","position":2,"name":"Alejandra Valencia \u00a0bronce en tiro con arco mixto"}]},{"@type":"WebSite","@id":"https:\/\/www.sonoraenequipo.com.mx\/#website","url":"https:\/\/www.sonoraenequipo.com.mx\/","name":"Sonora en Equipo.","description":"Diario en l\u00ednea con Noticias desde Hermosillo, Sonora","publisher":{"@id":"https:\/\/www.sonoraenequipo.com.mx\/#organization"},"potentialAction":[{"@type":"SearchAction","target":{"@type":"EntryPoint","urlTemplate":"https:\/\/www.sonoraenequipo.com.mx\/?s={search_term_string}"},"query-input":{"@type":"PropertyValueSpecification","valueRequired":true,"valueName":"search_term_string"}}],"inLanguage":"es"},{"@type":"Organization","@id":"https:\/\/www.sonoraenequipo.com.mx\/#organization","name":"Sonoraenequipo.com.mx","url":"https:\/\/www.sonoraenequipo.com.mx\/","logo":{"@type":"ImageObject","inLanguage":"es","@id":"https:\/\/www.sonoraenequipo.com.mx\/#\/schema\/logo\/image\/","url":"https:\/\/www.sonoraenequipo.com.mx\/storage\/2019\/01\/sonoraenequipo_opt.png","contentUrl":"https:\/\/www.sonoraenequipo.com.mx\/storage\/2019\/01\/sonoraenequipo_opt.png","width":375,"height":125,"caption":"Sonoraenequipo.com.mx"},"image":{"@id":"https:\/\/www.sonoraenequipo.com.mx\/#\/schema\/logo\/image\/"},"sameAs":["https:\/\/www.facebook.com\/SonoraEE\/","https:\/\/x.com\/sonoraenequipo","https:\/\/www.youtube.com\/channel\/UC338nW-lPEYmJQs4ZABQ1SQ"]},{"@type":"Person","@id":"https:\/\/www.sonoraenequipo.com.mx\/#\/schema\/person\/50102df0fb23a8fa9e8effad8fa81386","name":"enequipo","image":{"@type":"ImageObject","inLanguage":"es","@id":"https:\/\/www.sonoraenequipo.com.mx\/#\/schema\/person\/image\/","url":"https:\/\/secure.gravatar.com\/avatar\/049821681b589dabc0bc20695993ccebb09f5b5d4d790cd9251b97faac7c652b?s=96&d=blank&r=g","contentUrl":"https:\/\/secure.gravatar.com\/avatar\/049821681b589dabc0bc20695993ccebb09f5b5d4d790cd9251b97faac7c652b?s=96&d=blank&r=g","caption":"enequipo"},"sameAs":["https:\/\/www.facebook.com\/SonoraEE"]}]}},"jetpack_featured_media_url":"https:\/\/www.sonoraenequipo.com.mx\/storage\/2021\/07\/valencia-y-alvarez.jpg","_links":{"self":[{"href":"https:\/\/www.sonoraenequipo.com.mx\/api\/wp\/v2\/posts\/119055","targetHints":{"allow":["GET"]}}],"collection":[{"href":"https:\/\/www.sonoraenequipo.com.mx\/api\/wp\/v2\/posts"}],"about":[{"href":"https:\/\/www.sonoraenequipo.com.mx\/api\/wp\/v2\/types\/post"}],"author":[{"embeddable":true,"href":"https:\/\/www.sonoraenequipo.com.mx\/api\/wp\/v2\/users\/1"}],"replies":[{"embeddable":true,"href":"https:\/\/www.sonoraenequipo.com.mx\/api\/wp\/v2\/comments?post=119055"}],"version-history":[{"count":1,"href":"https:\/\/www.sonoraenequipo.com.mx\/api\/wp\/v2\/posts\/119055\/revisions"}],"predecessor-version":[{"id":119057,"href":"https:\/\/www.sonoraenequipo.com.mx\/api\/wp\/v2\/posts\/119055\/revisions\/119057"}],"wp:featuredmedia":[{"embeddable":true,"href":"https:\/\/www.sonoraenequipo.com.mx\/api\/wp\/v2\/media\/119056"}],"wp:attachment":[{"href":"https:\/\/www.sonoraenequipo.com.mx\/api\/wp\/v2\/media?parent=119055"}],"wp:term":[{"taxonomy":"category","embeddable":true,"href":"https:\/\/www.sonoraenequipo.com.mx\/api\/wp\/v2\/categories?post=119055"},{"taxonomy":"post_tag","embeddable":true,"href":"https:\/\/www.sonoraenequipo.com.mx\/api\/wp\/v2\/tags?post=119055"}],"curies":[{"name":"wp","href":"https:\/\/api.w.org\/{rel}","templated":true}]}}