{"id":119061,"date":"2021-07-25T11:20:57","date_gmt":"2021-07-25T18:20:57","guid":{"rendered":"https:\/\/www.sonoraenequipo.com.mx\/?p=119061"},"modified":"2021-07-25T17:54:28","modified_gmt":"2021-07-26T00:54:28","slug":"se-consolida-atencion-a-alumnos-con-sindrome-down-y-discapacidad-intelectual-en-el-centro-ocupacional-manos-a-la-vida","status":"publish","type":"post","link":"https:\/\/www.sonoraenequipo.com.mx\/se-consolida-atencion-a-alumnos-con-sindrome-down-y-discapacidad-intelectual-en-el-centro-ocupacional-manos-a-la-vida\/","title":{"rendered":"Se consolida atenci\u00f3n a alumnos con S\u00edndrome Down y discapacidad intelectual en el Centro ocupacional Manos a la Vida"},"content":{"rendered":"<p>HERMOSILLO, SONORA. MX.\u2014 Consolidado el Centro Ocupacional Manos a la Vida, donde se capacitan j\u00f3venes y adultos con discapacidad intelectual y S\u00edndrome Down.<\/p>\n<p>&nbsp;<\/p>\n<p> <\/p>\n<p>&nbsp;<\/p>\n<p>Con 322 alumnos atendidos de 2015 a la fecha, el centro ofrece un servicio especializado con alternativas de capacitaci\u00f3n laboral que brindan habilidades destinadas a la autonom\u00eda personal y la integraci\u00f3n social de las personas con discapacidad.<\/p>\n<p>&nbsp;<\/p>\n<p><em>\u201cSe cubre una necesidad de las familias con j\u00f3venes y adultos en esta situaci\u00f3n, quienes buscan alternativas para incorporarse a la vida productiva, aqu\u00ed encuentran el impulso para su inclusi\u00f3n a la sociedad\u201d<\/em>, manifest\u00f3 Wenceslao Cota Amador, director general de DIF Sonora.<\/p>\n<p>&nbsp;<\/p>\n<p>Se\u00f1al\u00f3 que se promocionan los talleres ocupacionales de: Servicios de oficina, supermercado, hoteler\u00eda\/proyectos productivos, jardiner\u00eda\/mantenimiento, cocina, cafeter\u00eda Buena Vibra y terapia de rehabilitaci\u00f3n cognitiva y de lenguaje, como tambi\u00e9n se mantiene la educaci\u00f3n acad\u00e9mica con los m\u00f3dulos de reforzamiento de lecto-escritura, matem\u00e1ticas, conocimiento del entorno y computaci\u00f3n.<\/p>\n<p>&nbsp;<\/p>\n<p><em>\u201cManos a la Vida es el mejor centro ocupacional en su tipo en Sonora, porque su misi\u00f3n es incorporar a los alumnos a la vida productiva, valorando su esfuerzo y buscando igualdad de oportunidades\u201d,<\/em> puntualiz\u00f3.<\/p>\n<p>&nbsp;<\/p>\n<p>A la par del programa educativo, se ofrecen actividades culturales, recreativas y deportivas, organizadas por un grupo multidisciplinario de profesionistas en la materia. Para llevar los conocimientos a la pr\u00e1ctica, se cont\u00f3 con <em>\u201cBuena Vibra\u201d<\/em> Restaurante, que permit\u00eda a los j\u00f3venes interactuar con los clientes y ofrecerles una excelente atenci\u00f3n, de momento permanece cerrado por la contingencia sanitaria.<\/p>\n<p>&nbsp;<\/p>\n<p>Derivado de la pandemia se modific\u00f3 el programa de trabajo desde marzo de 2020, el cual se reforz\u00f3 a trav\u00e9s de clases y actividades en l\u00ednea.<\/p>\n<p>&nbsp;<\/p>\n<p>&nbsp;<\/p>\n<p>(Publicada el 25\/07\/2021)<\/p>\n","protected":false},"excerpt":{"rendered":"<p>HERMOSILLO, SONORA. MX.\u2014 Consolidado el Centro Ocupacional Manos a la Vida, donde se capacitan j\u00f3venes&#8230;<\/p>\n","protected":false},"author":1,"featured_media":119062,"comment_status":"open","ping_status":"open","sticky":false,"template":"","format":"standard","meta":{"_monsterinsights_skip_tracking":false,"_monsterinsights_sitenote_active":false,"_monsterinsights_sitenote_note":"","_monsterinsights_sitenote_category":0,"footnotes":""},"categories":[22],"tags":[],"class_list":["post"],"yoast_head":" \n<title>Sonora en Equipo. Se consolida atenci\u00f3n a alumnos con S\u00edndrome Down y discapacidad intelectual en el Centro ocupacional Manos a la Vida Sonora<\/title>\n<meta name=\"description\" content=\"HERMOSILLO, SONORA. MX.\u2014 Consolidado el Centro Ocupacional Manos a la Vida, donde se capacitan j\u00f3venes y adultos con discapacidad intelectual y S\u00edndrome En Sonora en Equipo publicamos toda la informaci\u00f3n de Sonora, M\u00e9xico y el Mundo de manera oportuna y busca que la libertad de expresi\u00f3n sea real. Visita nuestro medio informativo publicado desde Hermosillo, Sonora. %\" \/>\n<meta name=\"robots\" content=\"index, follow, max-snippet:-1, max-image-preview:large, max-video-preview:-1\" \/>\n<link rel=\"canonical\" href=\"https:\/\/www.sonoraenequipo.com.mx\/se-consolida-atencion-a-alumnos-con-sindrome-down-y-discapacidad-intelectual-en-el-centro-ocupacional-manos-a-la-vida\/\" \/>\n<meta property=\"og:locale\" content=\"es_ES\" \/>\n<meta property=\"og:type\" content=\"article\" \/>\n<meta property=\"og:title\" content=\"Sonora en Equipo. Se consolida atenci\u00f3n a alumnos con S\u00edndrome Down y discapacidad intelectual en el Centro ocupacional Manos a la Vida Sonora\" \/>\n<meta property=\"og:description\" content=\"HERMOSILLO, SONORA. MX.\u2014 Consolidado el Centro Ocupacional Manos a la Vida, donde se capacitan j\u00f3venes y adultos con discapacidad intelectual y S\u00edndrome En Sonora en Equipo publicamos toda la informaci\u00f3n de Sonora, M\u00e9xico y el Mundo de manera oportuna y busca que la libertad de expresi\u00f3n sea real. Visita nuestro medio informativo publicado desde Hermosillo, Sonora. %\" \/>\n<meta property=\"og:url\" content=\"https:\/\/www.sonoraenequipo.com.mx\/se-consolida-atencion-a-alumnos-con-sindrome-down-y-discapacidad-intelectual-en-el-centro-ocupacional-manos-a-la-vida\/\" \/>\n<meta property=\"og:site_name\" content=\"Sonora en Equipo.\" \/>\n<meta property=\"article:publisher\" content=\"https:\/\/www.facebook.com\/SonoraEE\/\" \/>\n<meta property=\"article:author\" content=\"https:\/\/www.facebook.com\/SonoraEE\" \/>\n<meta property=\"article:published_time\" content=\"2021-07-25T18:20:57+00:00\" \/>\n<meta property=\"article:modified_time\" content=\"2021-07-26T00:54:28+00:00\" \/>\n<meta property=\"og:image\" content=\"https:\/\/www.sonoraenequipo.com.mx\/storage\/2021\/07\/manos-ala-vida-_opt.jpg\" \/>\n\t<meta property=\"og:image:width\" content=\"700\" \/>\n\t<meta property=\"og:image:height\" content=\"400\" \/>\n\t<meta property=\"og:image:type\" content=\"image\/jpeg\" \/>\n<meta name=\"author\" content=\"enequipo\" \/>\n<meta name=\"twitter:card\" content=\"summary_large_image\" \/>\n<meta name=\"twitter:creator\" content=\"@sonoraenequipo\" \/>\n<meta name=\"twitter:site\" content=\"@sonoraenequipo\" \/>\n<meta name=\"twitter:label1\" content=\"Escrito por\" \/>\n\t<meta name=\"twitter:data1\" content=\"enequipo\" \/>\n\t<meta name=\"twitter:label2\" content=\"Tiempo de lectura\" \/>\n\t<meta name=\"twitter:data2\" content=\"2 minutos\" \/>\n<script type=\"application\/ld+json\" class=\"yoast-schema-graph\">{\"@context\":\"https:\/\/schema.org\",\"@graph\":[{\"@type\":\"Article\",\"@id\":\"https:\/\/www.sonoraenequipo.com.mx\/se-consolida-atencion-a-alumnos-con-sindrome-down-y-discapacidad-intelectual-en-el-centro-ocupacional-manos-a-la-vida\/#article\",\"isPartOf\":{\"@id\":\"https:\/\/www.sonoraenequipo.com.mx\/se-consolida-atencion-a-alumnos-con-sindrome-down-y-discapacidad-intelectual-en-el-centro-ocupacional-manos-a-la-vida\/\"},\"author\":{\"name\":\"enequipo\",\"@id\":\"https:\/\/www.sonoraenequipo.com.mx\/#\/schema\/person\/50102df0fb23a8fa9e8effad8fa81386\"},\"headline\":\"Se consolida atenci\u00f3n a alumnos con S\u00edndrome Down y discapacidad intelectual en el Centro ocupacional Manos a la Vida\",\"datePublished\":\"2021-07-25T18:20:57+00:00\",\"dateModified\":\"2021-07-26T00:54:28+00:00\",\"mainEntityOfPage\":{\"@id\":\"https:\/\/www.sonoraenequipo.com.mx\/se-consolida-atencion-a-alumnos-con-sindrome-down-y-discapacidad-intelectual-en-el-centro-ocupacional-manos-a-la-vida\/\"},\"wordCount\":325,\"commentCount\":0,\"publisher\":{\"@id\":\"https:\/\/www.sonoraenequipo.com.mx\/#organization\"},\"image\":{\"@id\":\"https:\/\/www.sonoraenequipo.com.mx\/se-consolida-atencion-a-alumnos-con-sindrome-down-y-discapacidad-intelectual-en-el-centro-ocupacional-manos-a-la-vida\/#primaryimage\"},\"thumbnailUrl\":\"https:\/\/www.sonoraenequipo.com.mx\/storage\/2021\/07\/manos-ala-vida-_opt.jpg\",\"articleSection\":[\"Sonora\"],\"inLanguage\":\"es\",\"potentialAction\":[{\"@type\":\"CommentAction\",\"name\":\"Comment\",\"target\":[\"https:\/\/www.sonoraenequipo.com.mx\/se-consolida-atencion-a-alumnos-con-sindrome-down-y-discapacidad-intelectual-en-el-centro-ocupacional-manos-a-la-vida\/#respond\"]}]},{\"@type\":\"WebPage\",\"@id\":\"https:\/\/www.sonoraenequipo.com.mx\/se-consolida-atencion-a-alumnos-con-sindrome-down-y-discapacidad-intelectual-en-el-centro-ocupacional-manos-a-la-vida\/\",\"url\":\"https:\/\/www.sonoraenequipo.com.mx\/se-consolida-atencion-a-alumnos-con-sindrome-down-y-discapacidad-intelectual-en-el-centro-ocupacional-manos-a-la-vida\/\",\"name\":\"Sonora en Equipo. Se consolida atenci\u00f3n a alumnos con S\u00edndrome Down y discapacidad intelectual en el Centro ocupacional Manos a la Vida Sonora\",\"isPartOf\":{\"@id\":\"https:\/\/www.sonoraenequipo.com.mx\/#website\"},\"primaryImageOfPage\":{\"@id\":\"https:\/\/www.sonoraenequipo.com.mx\/se-consolida-atencion-a-alumnos-con-sindrome-down-y-discapacidad-intelectual-en-el-centro-ocupacional-manos-a-la-vida\/#primaryimage\"},\"image\":{\"@id\":\"https:\/\/www.sonoraenequipo.com.mx\/se-consolida-atencion-a-alumnos-con-sindrome-down-y-discapacidad-intelectual-en-el-centro-ocupacional-manos-a-la-vida\/#primaryimage\"},\"thumbnailUrl\":\"https:\/\/www.sonoraenequipo.com.mx\/storage\/2021\/07\/manos-ala-vida-_opt.jpg\",\"datePublished\":\"2021-07-25T18:20:57+00:00\",\"dateModified\":\"2021-07-26T00:54:28+00:00\",\"description\":\"HERMOSILLO, SONORA. MX.\u2014 Consolidado el Centro Ocupacional Manos a la Vida, donde se capacitan j\u00f3venes y adultos con discapacidad intelectual y S\u00edndrome En Sonora en Equipo publicamos toda la informaci\u00f3n de Sonora, M\u00e9xico y el Mundo de manera oportuna y busca que la libertad de expresi\u00f3n sea real. Visita nuestro medio informativo publicado desde Hermosillo, Sonora. %\",\"breadcrumb\":{\"@id\":\"https:\/\/www.sonoraenequipo.com.mx\/se-consolida-atencion-a-alumnos-con-sindrome-down-y-discapacidad-intelectual-en-el-centro-ocupacional-manos-a-la-vida\/#breadcrumb\"},\"inLanguage\":\"es\",\"potentialAction\":[{\"@type\":\"ReadAction\",\"target\":[\"https:\/\/www.sonoraenequipo.com.mx\/se-consolida-atencion-a-alumnos-con-sindrome-down-y-discapacidad-intelectual-en-el-centro-ocupacional-manos-a-la-vida\/\"]}]},{\"@type\":\"ImageObject\",\"inLanguage\":\"es\",\"@id\":\"https:\/\/www.sonoraenequipo.com.mx\/se-consolida-atencion-a-alumnos-con-sindrome-down-y-discapacidad-intelectual-en-el-centro-ocupacional-manos-a-la-vida\/#primaryimage\",\"url\":\"https:\/\/www.sonoraenequipo.com.mx\/storage\/2021\/07\/manos-ala-vida-_opt.jpg\",\"contentUrl\":\"https:\/\/www.sonoraenequipo.com.mx\/storage\/2021\/07\/manos-ala-vida-_opt.jpg\",\"width\":700,\"height\":400},{\"@type\":\"BreadcrumbList\",\"@id\":\"https:\/\/www.sonoraenequipo.com.mx\/se-consolida-atencion-a-alumnos-con-sindrome-down-y-discapacidad-intelectual-en-el-centro-ocupacional-manos-a-la-vida\/#breadcrumb\",\"itemListElement\":[{\"@type\":\"ListItem\",\"position\":1,\"name\":\"Portada\",\"item\":\"https:\/\/www.sonoraenequipo.com.mx\/\"},{\"@type\":\"ListItem\",\"position\":2,\"name\":\"Se consolida atenci\u00f3n a alumnos con S\u00edndrome Down y discapacidad intelectual en el Centro ocupacional Manos a la Vida\"}]},{\"@type\":\"WebSite\",\"@id\":\"https:\/\/www.sonoraenequipo.com.mx\/#website\",\"url\":\"https:\/\/www.sonoraenequipo.com.mx\/\",\"name\":\"Sonora en Equipo.\",\"description\":\"Diario en l\u00ednea con Noticias desde Hermosillo, Sonora\",\"publisher\":{\"@id\":\"https:\/\/www.sonoraenequipo.com.mx\/#organization\"},\"potentialAction\":[{\"@type\":\"SearchAction\",\"target\":{\"@type\":\"EntryPoint\",\"urlTemplate\":\"https:\/\/www.sonoraenequipo.com.mx\/?s={search_term_string}\"},\"query-input\":{\"@type\":\"PropertyValueSpecification\",\"valueRequired\":true,\"valueName\":\"search_term_string\"}}],\"inLanguage\":\"es\"},{\"@type\":\"Organization\",\"@id\":\"https:\/\/www.sonoraenequipo.com.mx\/#organization\",\"name\":\"Sonoraenequipo.com.mx\",\"url\":\"https:\/\/www.sonoraenequipo.com.mx\/\",\"logo\":{\"@type\":\"ImageObject\",\"inLanguage\":\"es\",\"@id\":\"https:\/\/www.sonoraenequipo.com.mx\/#\/schema\/logo\/image\/\",\"url\":\"https:\/\/www.sonoraenequipo.com.mx\/storage\/2019\/01\/sonoraenequipo_opt.png\",\"contentUrl\":\"https:\/\/www.sonoraenequipo.com.mx\/storage\/2019\/01\/sonoraenequipo_opt.png\",\"width\":375,\"height\":125,\"caption\":\"Sonoraenequipo.com.mx\"},\"image\":{\"@id\":\"https:\/\/www.sonoraenequipo.com.mx\/#\/schema\/logo\/image\/\"},\"sameAs\":[\"https:\/\/www.facebook.com\/SonoraEE\/\",\"https:\/\/x.com\/sonoraenequipo\",\"https:\/\/www.youtube.com\/channel\/UC338nW-lPEYmJQs4ZABQ1SQ\"]},{\"@type\":\"Person\",\"@id\":\"https:\/\/www.sonoraenequipo.com.mx\/#\/schema\/person\/50102df0fb23a8fa9e8effad8fa81386\",\"name\":\"enequipo\",\"image\":{\"@type\":\"ImageObject\",\"inLanguage\":\"es\",\"@id\":\"https:\/\/www.sonoraenequipo.com.mx\/#\/schema\/person\/image\/\",\"url\":\"https:\/\/secure.gravatar.com\/avatar\/049821681b589dabc0bc20695993ccebb09f5b5d4d790cd9251b97faac7c652b?s=96&d=blank&r=g\",\"contentUrl\":\"https:\/\/secure.gravatar.com\/avatar\/049821681b589dabc0bc20695993ccebb09f5b5d4d790cd9251b97faac7c652b?s=96&d=blank&r=g\",\"caption\":\"enequipo\"},\"sameAs\":[\"https:\/\/www.facebook.com\/SonoraEE\"]}]}<\/script>\n ","yoast_head_json":{"title":"Sonora en Equipo. Se consolida atenci\u00f3n a alumnos con S\u00edndrome Down y discapacidad intelectual en el Centro ocupacional Manos a la Vida Sonora","description":"HERMOSILLO, SONORA. MX.\u2014 Consolidado el Centro Ocupacional Manos a la Vida, donde se capacitan j\u00f3venes y adultos con discapacidad intelectual y S\u00edndrome En Sonora en Equipo publicamos toda la informaci\u00f3n de Sonora, M\u00e9xico y el Mundo de manera oportuna y busca que la libertad de expresi\u00f3n sea real. Visita nuestro medio informativo publicado desde Hermosillo, Sonora. %","robots":{"index":"index","follow":"follow","max-snippet":"max-snippet:-1","max-image-preview":"max-image-preview:large","max-video-preview":"max-video-preview:-1"},"canonical":"https:\/\/www.sonoraenequipo.com.mx\/se-consolida-atencion-a-alumnos-con-sindrome-down-y-discapacidad-intelectual-en-el-centro-ocupacional-manos-a-la-vida\/","og_locale":"es_ES","og_type":"article","og_title":"Sonora en Equipo. Se consolida atenci\u00f3n a alumnos con S\u00edndrome Down y discapacidad intelectual en el Centro ocupacional Manos a la Vida Sonora","og_description":"HERMOSILLO, SONORA. MX.\u2014 Consolidado el Centro Ocupacional Manos a la Vida, donde se capacitan j\u00f3venes y adultos con discapacidad intelectual y S\u00edndrome En Sonora en Equipo publicamos toda la informaci\u00f3n de Sonora, M\u00e9xico y el Mundo de manera oportuna y busca que la libertad de expresi\u00f3n sea real. Visita nuestro medio informativo publicado desde Hermosillo, Sonora. %","og_url":"https:\/\/www.sonoraenequipo.com.mx\/se-consolida-atencion-a-alumnos-con-sindrome-down-y-discapacidad-intelectual-en-el-centro-ocupacional-manos-a-la-vida\/","og_site_name":"Sonora en Equipo.","article_publisher":"https:\/\/www.facebook.com\/SonoraEE\/","article_author":"https:\/\/www.facebook.com\/SonoraEE","article_published_time":"2021-07-25T18:20:57+00:00","article_modified_time":"2021-07-26T00:54:28+00:00","og_image":[{"width":700,"height":400,"url":"https:\/\/www.sonoraenequipo.com.mx\/storage\/2021\/07\/manos-ala-vida-_opt.jpg","type":"image\/jpeg"}],"author":"enequipo","twitter_card":"summary_large_image","twitter_creator":"@sonoraenequipo","twitter_site":"@sonoraenequipo","twitter_misc":{"Escrito por":"enequipo","Tiempo de lectura":"2 minutos"},"schema":{"@context":"https:\/\/schema.org","@graph":[{"@type":"Article","@id":"https:\/\/www.sonoraenequipo.com.mx\/se-consolida-atencion-a-alumnos-con-sindrome-down-y-discapacidad-intelectual-en-el-centro-ocupacional-manos-a-la-vida\/#article","isPartOf":{"@id":"https:\/\/www.sonoraenequipo.com.mx\/se-consolida-atencion-a-alumnos-con-sindrome-down-y-discapacidad-intelectual-en-el-centro-ocupacional-manos-a-la-vida\/"},"author":{"name":"enequipo","@id":"https:\/\/www.sonoraenequipo.com.mx\/#\/schema\/person\/50102df0fb23a8fa9e8effad8fa81386"},"headline":"Se consolida atenci\u00f3n a alumnos con S\u00edndrome Down y discapacidad intelectual en el Centro ocupacional Manos a la Vida","datePublished":"2021-07-25T18:20:57+00:00","dateModified":"2021-07-26T00:54:28+00:00","mainEntityOfPage":{"@id":"https:\/\/www.sonoraenequipo.com.mx\/se-consolida-atencion-a-alumnos-con-sindrome-down-y-discapacidad-intelectual-en-el-centro-ocupacional-manos-a-la-vida\/"},"wordCount":325,"commentCount":0,"publisher":{"@id":"https:\/\/www.sonoraenequipo.com.mx\/#organization"},"image":{"@id":"https:\/\/www.sonoraenequipo.com.mx\/se-consolida-atencion-a-alumnos-con-sindrome-down-y-discapacidad-intelectual-en-el-centro-ocupacional-manos-a-la-vida\/#primaryimage"},"thumbnailUrl":"https:\/\/www.sonoraenequipo.com.mx\/storage\/2021\/07\/manos-ala-vida-_opt.jpg","articleSection":["Sonora"],"inLanguage":"es","potentialAction":[{"@type":"CommentAction","name":"Comment","target":["https:\/\/www.sonoraenequipo.com.mx\/se-consolida-atencion-a-alumnos-con-sindrome-down-y-discapacidad-intelectual-en-el-centro-ocupacional-manos-a-la-vida\/#respond"]}]},{"@type":"WebPage","@id":"https:\/\/www.sonoraenequipo.com.mx\/se-consolida-atencion-a-alumnos-con-sindrome-down-y-discapacidad-intelectual-en-el-centro-ocupacional-manos-a-la-vida\/","url":"https:\/\/www.sonoraenequipo.com.mx\/se-consolida-atencion-a-alumnos-con-sindrome-down-y-discapacidad-intelectual-en-el-centro-ocupacional-manos-a-la-vida\/","name":"Sonora en Equipo. Se consolida atenci\u00f3n a alumnos con S\u00edndrome Down y discapacidad intelectual en el Centro ocupacional Manos a la Vida Sonora","isPartOf":{"@id":"https:\/\/www.sonoraenequipo.com.mx\/#website"},"primaryImageOfPage":{"@id":"https:\/\/www.sonoraenequipo.com.mx\/se-consolida-atencion-a-alumnos-con-sindrome-down-y-discapacidad-intelectual-en-el-centro-ocupacional-manos-a-la-vida\/#primaryimage"},"image":{"@id":"https:\/\/www.sonoraenequipo.com.mx\/se-consolida-atencion-a-alumnos-con-sindrome-down-y-discapacidad-intelectual-en-el-centro-ocupacional-manos-a-la-vida\/#primaryimage"},"thumbnailUrl":"https:\/\/www.sonoraenequipo.com.mx\/storage\/2021\/07\/manos-ala-vida-_opt.jpg","datePublished":"2021-07-25T18:20:57+00:00","dateModified":"2021-07-26T00:54:28+00:00","description":"HERMOSILLO, SONORA. MX.\u2014 Consolidado el Centro Ocupacional Manos a la Vida, donde se capacitan j\u00f3venes y adultos con discapacidad intelectual y S\u00edndrome En Sonora en Equipo publicamos toda la informaci\u00f3n de Sonora, M\u00e9xico y el Mundo de manera oportuna y busca que la libertad de expresi\u00f3n sea real. Visita nuestro medio informativo publicado desde Hermosillo, Sonora. %","breadcrumb":{"@id":"https:\/\/www.sonoraenequipo.com.mx\/se-consolida-atencion-a-alumnos-con-sindrome-down-y-discapacidad-intelectual-en-el-centro-ocupacional-manos-a-la-vida\/#breadcrumb"},"inLanguage":"es","potentialAction":[{"@type":"ReadAction","target":["https:\/\/www.sonoraenequipo.com.mx\/se-consolida-atencion-a-alumnos-con-sindrome-down-y-discapacidad-intelectual-en-el-centro-ocupacional-manos-a-la-vida\/"]}]},{"@type":"ImageObject","inLanguage":"es","@id":"https:\/\/www.sonoraenequipo.com.mx\/se-consolida-atencion-a-alumnos-con-sindrome-down-y-discapacidad-intelectual-en-el-centro-ocupacional-manos-a-la-vida\/#primaryimage","url":"https:\/\/www.sonoraenequipo.com.mx\/storage\/2021\/07\/manos-ala-vida-_opt.jpg","contentUrl":"https:\/\/www.sonoraenequipo.com.mx\/storage\/2021\/07\/manos-ala-vida-_opt.jpg","width":700,"height":400},{"@type":"BreadcrumbList","@id":"https:\/\/www.sonoraenequipo.com.mx\/se-consolida-atencion-a-alumnos-con-sindrome-down-y-discapacidad-intelectual-en-el-centro-ocupacional-manos-a-la-vida\/#breadcrumb","itemListElement":[{"@type":"ListItem","position":1,"name":"Portada","item":"https:\/\/www.sonoraenequipo.com.mx\/"},{"@type":"ListItem","position":2,"name":"Se consolida atenci\u00f3n a alumnos con S\u00edndrome Down y discapacidad intelectual en el Centro ocupacional Manos a la Vida"}]},{"@type":"WebSite","@id":"https:\/\/www.sonoraenequipo.com.mx\/#website","url":"https:\/\/www.sonoraenequipo.com.mx\/","name":"Sonora en Equipo.","description":"Diario en l\u00ednea con Noticias desde Hermosillo, Sonora","publisher":{"@id":"https:\/\/www.sonoraenequipo.com.mx\/#organization"},"potentialAction":[{"@type":"SearchAction","target":{"@type":"EntryPoint","urlTemplate":"https:\/\/www.sonoraenequipo.com.mx\/?s={search_term_string}"},"query-input":{"@type":"PropertyValueSpecification","valueRequired":true,"valueName":"search_term_string"}}],"inLanguage":"es"},{"@type":"Organization","@id":"https:\/\/www.sonoraenequipo.com.mx\/#organization","name":"Sonoraenequipo.com.mx","url":"https:\/\/www.sonoraenequipo.com.mx\/","logo":{"@type":"ImageObject","inLanguage":"es","@id":"https:\/\/www.sonoraenequipo.com.mx\/#\/schema\/logo\/image\/","url":"https:\/\/www.sonoraenequipo.com.mx\/storage\/2019\/01\/sonoraenequipo_opt.png","contentUrl":"https:\/\/www.sonoraenequipo.com.mx\/storage\/2019\/01\/sonoraenequipo_opt.png","width":375,"height":125,"caption":"Sonoraenequipo.com.mx"},"image":{"@id":"https:\/\/www.sonoraenequipo.com.mx\/#\/schema\/logo\/image\/"},"sameAs":["https:\/\/www.facebook.com\/SonoraEE\/","https:\/\/x.com\/sonoraenequipo","https:\/\/www.youtube.com\/channel\/UC338nW-lPEYmJQs4ZABQ1SQ"]},{"@type":"Person","@id":"https:\/\/www.sonoraenequipo.com.mx\/#\/schema\/person\/50102df0fb23a8fa9e8effad8fa81386","name":"enequipo","image":{"@type":"ImageObject","inLanguage":"es","@id":"https:\/\/www.sonoraenequipo.com.mx\/#\/schema\/person\/image\/","url":"https:\/\/secure.gravatar.com\/avatar\/049821681b589dabc0bc20695993ccebb09f5b5d4d790cd9251b97faac7c652b?s=96&d=blank&r=g","contentUrl":"https:\/\/secure.gravatar.com\/avatar\/049821681b589dabc0bc20695993ccebb09f5b5d4d790cd9251b97faac7c652b?s=96&d=blank&r=g","caption":"enequipo"},"sameAs":["https:\/\/www.facebook.com\/SonoraEE"]}]}},"jetpack_featured_media_url":"https:\/\/www.sonoraenequipo.com.mx\/storage\/2021\/07\/manos-ala-vida-_opt.jpg","_links":{"self":[{"href":"https:\/\/www.sonoraenequipo.com.mx\/api\/wp\/v2\/posts\/119061","targetHints":{"allow":["GET"]}}],"collection":[{"href":"https:\/\/www.sonoraenequipo.com.mx\/api\/wp\/v2\/posts"}],"about":[{"href":"https:\/\/www.sonoraenequipo.com.mx\/api\/wp\/v2\/types\/post"}],"author":[{"embeddable":true,"href":"https:\/\/www.sonoraenequipo.com.mx\/api\/wp\/v2\/users\/1"}],"replies":[{"embeddable":true,"href":"https:\/\/www.sonoraenequipo.com.mx\/api\/wp\/v2\/comments?post=119061"}],"version-history":[{"count":3,"href":"https:\/\/www.sonoraenequipo.com.mx\/api\/wp\/v2\/posts\/119061\/revisions"}],"predecessor-version":[{"id":119065,"href":"https:\/\/www.sonoraenequipo.com.mx\/api\/wp\/v2\/posts\/119061\/revisions\/119065"}],"wp:featuredmedia":[{"embeddable":true,"href":"https:\/\/www.sonoraenequipo.com.mx\/api\/wp\/v2\/media\/119062"}],"wp:attachment":[{"href":"https:\/\/www.sonoraenequipo.com.mx\/api\/wp\/v2\/media?parent=119061"}],"wp:term":[{"taxonomy":"category","embeddable":true,"href":"https:\/\/www.sonoraenequipo.com.mx\/api\/wp\/v2\/categories?post=119061"},{"taxonomy":"post_tag","embeddable":true,"href":"https:\/\/www.sonoraenequipo.com.mx\/api\/wp\/v2\/tags?post=119061"}],"curies":[{"name":"wp","href":"https:\/\/api.w.org\/{rel}","templated":true}]}}