{"id":119070,"date":"2021-07-25T16:22:53","date_gmt":"2021-07-25T23:22:53","guid":{"rendered":"https:\/\/www.sonoraenequipo.com.mx\/?p=119070"},"modified":"2021-07-25T18:30:38","modified_gmt":"2021-07-26T01:30:38","slug":"ssp-sonora-presentara-en-estados-unidos-trabajo-con-perspectiva-de-genero","status":"publish","type":"post","link":"https:\/\/www.sonoraenequipo.com.mx\/ssp-sonora-presentara-en-estados-unidos-trabajo-con-perspectiva-de-genero\/","title":{"rendered":"SSP Sonora presentar\u00e1 en Estados Unidos trabajo con perspectiva de g\u00e9nero"},"content":{"rendered":"<p>HERMOSILLO, SONORA. MX. \u2014 Para compartir el trabajo y buenas pr\u00e1cticas con perspectiva de g\u00e9nero que realiza el Gobierno de Sonora desde la Secretar\u00eda de Seguridad P\u00fablica, la titular de la Unidad de Seguimiento Interinstitucional a Programas con Perspectiva de G\u00e9nero participar\u00e1 en la \u201c21 Conferencia Anual de Mujeres y Aplicaci\u00f3n de la Ley\u201d a desarrollarse en Tampa, Florida, EE.UU.<\/p>\n<p>&nbsp;<\/p>\n<p> <\/p>\n<p>Con la representaci\u00f3n de la Secretar\u00eda de Seguridad P\u00fablica de Sonora, Cassandra L\u00f3pez Manzano asistir\u00e1 del 15 al 20 de agosto para compartir las buenas pr\u00e1cticas que se desarrollan para brindar protecci\u00f3n a las mujeres.<\/p>\n<p>&nbsp;<\/p>\n<p>Convocados por la Secci\u00f3n de Asuntos Antinarc\u00f3ticos y Aplicaci\u00f3n de la Ley (INL) de la Embajada de los Estados Unidos de Am\u00e9rica en M\u00e9xico, \u00e9sta ser\u00e1 una oportunidad de exponer los modelos desarrollados en la SSP en beneficio de las mujeres.<\/p>\n<p>&nbsp;<\/p>\n<p>El prop\u00f3sito de este encuentro internacional es obtener y compartir experiencias e informaci\u00f3n de las conferencias, paneles de discusi\u00f3n, sesiones informativas y casos de estudio, cuyo tema central de este a\u00f1o es \u201c<em>Liderazgo y Mujeres en el campo de Aplicaci\u00f3n de la Ley\u201d,<\/em> enfoc\u00e1ndose en el papel de la mujer en las \u00e1reas de procuraci\u00f3n de justicia.<\/p>\n<p>&nbsp;<\/p>\n<p>La representante de la SSP, durante su participaci\u00f3n, expondr\u00e1 temas como la importancia de contar en la l\u00ednea de emergencias 9-1-1 de Sonora con el Despacho de Protecci\u00f3n Familiar, la aplicaci\u00f3n preventiva Mujeres Seguras, los programas de fortalecimiento a polic\u00edas con perspectiva de g\u00e9nero y \u201cPor ti y por todas\u201d.<\/p>\n<p>&nbsp;<\/p>\n<p>De igual forma, L\u00f3pez Manzano presentar\u00e1 el trabajo que se realiza a trav\u00e9s del Comit\u00e9 Transversal para el Estudio e Implementaci\u00f3n de las Llamadas de Emergencia de Violencia Familiar y de G\u00e9nero (ALVI), en el que participan 12 municipios.<\/p>\n<p>&nbsp;<\/p>\n<p>Invitamos a informarse sobre las fuentes oficiales de la Secretar\u00eda de Seguridad P\u00fablica (SSP) Sonora<\/p>\n<p>&nbsp;<\/p>\n<p><a href=\"https:\/\/twitter.com\/ssp_sonora\"><strong>Twitter: @ssp_sonora<\/strong><\/a><\/p>\n<p><strong><a href=\"https:\/\/www.facebook.com\/Seguridad.Sonora\/\">Facebook: SSP Sonora<\/a><\/strong><\/p>\n<p><strong><a href=\"https:\/\/www.instagram.com\/cibersonora\/?hl=es-la\">Instagram: ssp_sonora<\/a><\/strong><\/p>\n<p>&nbsp;<\/p>\n<p>&nbsp;<\/p>\n<p>(Publicada el 25\/07\/2021)<\/p>\n","protected":false},"excerpt":{"rendered":"<p>HERMOSILLO, SONORA. MX. \u2014 Para compartir el trabajo y buenas pr\u00e1cticas con perspectiva de g\u00e9nero&#8230;<\/p>\n","protected":false},"author":1,"featured_media":119071,"comment_status":"open","ping_status":"open","sticky":false,"template":"","format":"standard","meta":{"_monsterinsights_skip_tracking":false,"_monsterinsights_sitenote_active":false,"_monsterinsights_sitenote_note":"","_monsterinsights_sitenote_category":0,"footnotes":""},"categories":[3144],"tags":[],"class_list":["post"],"yoast_head":" \n<title>Sonora en Equipo. SSP Sonora presentar\u00e1 en Estados Unidos trabajo con perspectiva de g\u00e9nero Polic\u00edaca<\/title>\n<meta name=\"description\" content=\"HERMOSILLO, SONORA. MX. \u2014 Para compartir el trabajo y buenas pr\u00e1cticas con perspectiva de g\u00e9nero que realiza el Gobierno de Sonora desde la Secretar\u00eda de En Sonora en Equipo publicamos toda la informaci\u00f3n de Sonora, M\u00e9xico y el Mundo de manera oportuna y busca que la libertad de expresi\u00f3n sea real. Visita nuestro medio informativo publicado desde Hermosillo, Sonora. %\" \/>\n<meta name=\"robots\" content=\"index, follow, max-snippet:-1, max-image-preview:large, max-video-preview:-1\" \/>\n<link rel=\"canonical\" href=\"https:\/\/www.sonoraenequipo.com.mx\/ssp-sonora-presentara-en-estados-unidos-trabajo-con-perspectiva-de-genero\/\" \/>\n<meta property=\"og:locale\" content=\"es_ES\" \/>\n<meta property=\"og:type\" content=\"article\" \/>\n<meta property=\"og:title\" content=\"Sonora en Equipo. SSP Sonora presentar\u00e1 en Estados Unidos trabajo con perspectiva de g\u00e9nero Polic\u00edaca\" \/>\n<meta property=\"og:description\" content=\"HERMOSILLO, SONORA. MX. \u2014 Para compartir el trabajo y buenas pr\u00e1cticas con perspectiva de g\u00e9nero que realiza el Gobierno de Sonora desde la Secretar\u00eda de En Sonora en Equipo publicamos toda la informaci\u00f3n de Sonora, M\u00e9xico y el Mundo de manera oportuna y busca que la libertad de expresi\u00f3n sea real. Visita nuestro medio informativo publicado desde Hermosillo, Sonora. %\" \/>\n<meta property=\"og:url\" content=\"https:\/\/www.sonoraenequipo.com.mx\/ssp-sonora-presentara-en-estados-unidos-trabajo-con-perspectiva-de-genero\/\" \/>\n<meta property=\"og:site_name\" content=\"Sonora en Equipo.\" \/>\n<meta property=\"article:publisher\" content=\"https:\/\/www.facebook.com\/SonoraEE\/\" \/>\n<meta property=\"article:author\" content=\"https:\/\/www.facebook.com\/SonoraEE\" \/>\n<meta property=\"article:published_time\" content=\"2021-07-25T23:22:53+00:00\" \/>\n<meta property=\"article:modified_time\" content=\"2021-07-26T01:30:38+00:00\" \/>\n<meta property=\"og:image\" content=\"https:\/\/www.sonoraenequipo.com.mx\/storage\/2021\/07\/trabajo-con-perspectiva-de-genero_opt.jpg\" \/>\n\t<meta property=\"og:image:width\" content=\"700\" \/>\n\t<meta property=\"og:image:height\" content=\"400\" \/>\n\t<meta property=\"og:image:type\" content=\"image\/jpeg\" \/>\n<meta name=\"author\" content=\"enequipo\" \/>\n<meta name=\"twitter:card\" content=\"summary_large_image\" \/>\n<meta name=\"twitter:creator\" content=\"@sonoraenequipo\" \/>\n<meta name=\"twitter:site\" content=\"@sonoraenequipo\" \/>\n<meta name=\"twitter:label1\" content=\"Escrito por\" \/>\n\t<meta name=\"twitter:data1\" content=\"enequipo\" \/>\n\t<meta name=\"twitter:label2\" content=\"Tiempo de lectura\" \/>\n\t<meta name=\"twitter:data2\" content=\"2 minutos\" \/>\n<script type=\"application\/ld+json\" class=\"yoast-schema-graph\">{\"@context\":\"https:\/\/schema.org\",\"@graph\":[{\"@type\":\"Article\",\"@id\":\"https:\/\/www.sonoraenequipo.com.mx\/ssp-sonora-presentara-en-estados-unidos-trabajo-con-perspectiva-de-genero\/#article\",\"isPartOf\":{\"@id\":\"https:\/\/www.sonoraenequipo.com.mx\/ssp-sonora-presentara-en-estados-unidos-trabajo-con-perspectiva-de-genero\/\"},\"author\":{\"name\":\"enequipo\",\"@id\":\"https:\/\/www.sonoraenequipo.com.mx\/#\/schema\/person\/50102df0fb23a8fa9e8effad8fa81386\"},\"headline\":\"SSP Sonora presentar\u00e1 en Estados Unidos trabajo con perspectiva de g\u00e9nero\",\"datePublished\":\"2021-07-25T23:22:53+00:00\",\"dateModified\":\"2021-07-26T01:30:38+00:00\",\"mainEntityOfPage\":{\"@id\":\"https:\/\/www.sonoraenequipo.com.mx\/ssp-sonora-presentara-en-estados-unidos-trabajo-con-perspectiva-de-genero\/\"},\"wordCount\":362,\"commentCount\":0,\"publisher\":{\"@id\":\"https:\/\/www.sonoraenequipo.com.mx\/#organization\"},\"image\":{\"@id\":\"https:\/\/www.sonoraenequipo.com.mx\/ssp-sonora-presentara-en-estados-unidos-trabajo-con-perspectiva-de-genero\/#primaryimage\"},\"thumbnailUrl\":\"https:\/\/www.sonoraenequipo.com.mx\/storage\/2021\/07\/trabajo-con-perspectiva-de-genero_opt.jpg\",\"articleSection\":[\"Polic\u00edaca\"],\"inLanguage\":\"es\",\"potentialAction\":[{\"@type\":\"CommentAction\",\"name\":\"Comment\",\"target\":[\"https:\/\/www.sonoraenequipo.com.mx\/ssp-sonora-presentara-en-estados-unidos-trabajo-con-perspectiva-de-genero\/#respond\"]}]},{\"@type\":\"WebPage\",\"@id\":\"https:\/\/www.sonoraenequipo.com.mx\/ssp-sonora-presentara-en-estados-unidos-trabajo-con-perspectiva-de-genero\/\",\"url\":\"https:\/\/www.sonoraenequipo.com.mx\/ssp-sonora-presentara-en-estados-unidos-trabajo-con-perspectiva-de-genero\/\",\"name\":\"Sonora en Equipo. SSP Sonora presentar\u00e1 en Estados Unidos trabajo con perspectiva de g\u00e9nero Polic\u00edaca\",\"isPartOf\":{\"@id\":\"https:\/\/www.sonoraenequipo.com.mx\/#website\"},\"primaryImageOfPage\":{\"@id\":\"https:\/\/www.sonoraenequipo.com.mx\/ssp-sonora-presentara-en-estados-unidos-trabajo-con-perspectiva-de-genero\/#primaryimage\"},\"image\":{\"@id\":\"https:\/\/www.sonoraenequipo.com.mx\/ssp-sonora-presentara-en-estados-unidos-trabajo-con-perspectiva-de-genero\/#primaryimage\"},\"thumbnailUrl\":\"https:\/\/www.sonoraenequipo.com.mx\/storage\/2021\/07\/trabajo-con-perspectiva-de-genero_opt.jpg\",\"datePublished\":\"2021-07-25T23:22:53+00:00\",\"dateModified\":\"2021-07-26T01:30:38+00:00\",\"description\":\"HERMOSILLO, SONORA. MX. \u2014 Para compartir el trabajo y buenas pr\u00e1cticas con perspectiva de g\u00e9nero que realiza el Gobierno de Sonora desde la Secretar\u00eda de En Sonora en Equipo publicamos toda la informaci\u00f3n de Sonora, M\u00e9xico y el Mundo de manera oportuna y busca que la libertad de expresi\u00f3n sea real. Visita nuestro medio informativo publicado desde Hermosillo, Sonora. %\",\"breadcrumb\":{\"@id\":\"https:\/\/www.sonoraenequipo.com.mx\/ssp-sonora-presentara-en-estados-unidos-trabajo-con-perspectiva-de-genero\/#breadcrumb\"},\"inLanguage\":\"es\",\"potentialAction\":[{\"@type\":\"ReadAction\",\"target\":[\"https:\/\/www.sonoraenequipo.com.mx\/ssp-sonora-presentara-en-estados-unidos-trabajo-con-perspectiva-de-genero\/\"]}]},{\"@type\":\"ImageObject\",\"inLanguage\":\"es\",\"@id\":\"https:\/\/www.sonoraenequipo.com.mx\/ssp-sonora-presentara-en-estados-unidos-trabajo-con-perspectiva-de-genero\/#primaryimage\",\"url\":\"https:\/\/www.sonoraenequipo.com.mx\/storage\/2021\/07\/trabajo-con-perspectiva-de-genero_opt.jpg\",\"contentUrl\":\"https:\/\/www.sonoraenequipo.com.mx\/storage\/2021\/07\/trabajo-con-perspectiva-de-genero_opt.jpg\",\"width\":700,\"height\":400},{\"@type\":\"BreadcrumbList\",\"@id\":\"https:\/\/www.sonoraenequipo.com.mx\/ssp-sonora-presentara-en-estados-unidos-trabajo-con-perspectiva-de-genero\/#breadcrumb\",\"itemListElement\":[{\"@type\":\"ListItem\",\"position\":1,\"name\":\"Portada\",\"item\":\"https:\/\/www.sonoraenequipo.com.mx\/\"},{\"@type\":\"ListItem\",\"position\":2,\"name\":\"SSP Sonora presentar\u00e1 en Estados Unidos trabajo con perspectiva de g\u00e9nero\"}]},{\"@type\":\"WebSite\",\"@id\":\"https:\/\/www.sonoraenequipo.com.mx\/#website\",\"url\":\"https:\/\/www.sonoraenequipo.com.mx\/\",\"name\":\"Sonora en Equipo.\",\"description\":\"Diario en l\u00ednea con Noticias desde Hermosillo, Sonora\",\"publisher\":{\"@id\":\"https:\/\/www.sonoraenequipo.com.mx\/#organization\"},\"potentialAction\":[{\"@type\":\"SearchAction\",\"target\":{\"@type\":\"EntryPoint\",\"urlTemplate\":\"https:\/\/www.sonoraenequipo.com.mx\/?s={search_term_string}\"},\"query-input\":{\"@type\":\"PropertyValueSpecification\",\"valueRequired\":true,\"valueName\":\"search_term_string\"}}],\"inLanguage\":\"es\"},{\"@type\":\"Organization\",\"@id\":\"https:\/\/www.sonoraenequipo.com.mx\/#organization\",\"name\":\"Sonoraenequipo.com.mx\",\"url\":\"https:\/\/www.sonoraenequipo.com.mx\/\",\"logo\":{\"@type\":\"ImageObject\",\"inLanguage\":\"es\",\"@id\":\"https:\/\/www.sonoraenequipo.com.mx\/#\/schema\/logo\/image\/\",\"url\":\"https:\/\/www.sonoraenequipo.com.mx\/storage\/2019\/01\/sonoraenequipo_opt.png\",\"contentUrl\":\"https:\/\/www.sonoraenequipo.com.mx\/storage\/2019\/01\/sonoraenequipo_opt.png\",\"width\":375,\"height\":125,\"caption\":\"Sonoraenequipo.com.mx\"},\"image\":{\"@id\":\"https:\/\/www.sonoraenequipo.com.mx\/#\/schema\/logo\/image\/\"},\"sameAs\":[\"https:\/\/www.facebook.com\/SonoraEE\/\",\"https:\/\/x.com\/sonoraenequipo\",\"https:\/\/www.youtube.com\/channel\/UC338nW-lPEYmJQs4ZABQ1SQ\"]},{\"@type\":\"Person\",\"@id\":\"https:\/\/www.sonoraenequipo.com.mx\/#\/schema\/person\/50102df0fb23a8fa9e8effad8fa81386\",\"name\":\"enequipo\",\"image\":{\"@type\":\"ImageObject\",\"inLanguage\":\"es\",\"@id\":\"https:\/\/www.sonoraenequipo.com.mx\/#\/schema\/person\/image\/\",\"url\":\"https:\/\/secure.gravatar.com\/avatar\/049821681b589dabc0bc20695993ccebb09f5b5d4d790cd9251b97faac7c652b?s=96&d=blank&r=g\",\"contentUrl\":\"https:\/\/secure.gravatar.com\/avatar\/049821681b589dabc0bc20695993ccebb09f5b5d4d790cd9251b97faac7c652b?s=96&d=blank&r=g\",\"caption\":\"enequipo\"},\"sameAs\":[\"https:\/\/www.facebook.com\/SonoraEE\"]}]}<\/script>\n ","yoast_head_json":{"title":"Sonora en Equipo. SSP Sonora presentar\u00e1 en Estados Unidos trabajo con perspectiva de g\u00e9nero Polic\u00edaca","description":"HERMOSILLO, SONORA. MX. \u2014 Para compartir el trabajo y buenas pr\u00e1cticas con perspectiva de g\u00e9nero que realiza el Gobierno de Sonora desde la Secretar\u00eda de En Sonora en Equipo publicamos toda la informaci\u00f3n de Sonora, M\u00e9xico y el Mundo de manera oportuna y busca que la libertad de expresi\u00f3n sea real. Visita nuestro medio informativo publicado desde Hermosillo, Sonora. %","robots":{"index":"index","follow":"follow","max-snippet":"max-snippet:-1","max-image-preview":"max-image-preview:large","max-video-preview":"max-video-preview:-1"},"canonical":"https:\/\/www.sonoraenequipo.com.mx\/ssp-sonora-presentara-en-estados-unidos-trabajo-con-perspectiva-de-genero\/","og_locale":"es_ES","og_type":"article","og_title":"Sonora en Equipo. SSP Sonora presentar\u00e1 en Estados Unidos trabajo con perspectiva de g\u00e9nero Polic\u00edaca","og_description":"HERMOSILLO, SONORA. MX. \u2014 Para compartir el trabajo y buenas pr\u00e1cticas con perspectiva de g\u00e9nero que realiza el Gobierno de Sonora desde la Secretar\u00eda de En Sonora en Equipo publicamos toda la informaci\u00f3n de Sonora, M\u00e9xico y el Mundo de manera oportuna y busca que la libertad de expresi\u00f3n sea real. Visita nuestro medio informativo publicado desde Hermosillo, Sonora. %","og_url":"https:\/\/www.sonoraenequipo.com.mx\/ssp-sonora-presentara-en-estados-unidos-trabajo-con-perspectiva-de-genero\/","og_site_name":"Sonora en Equipo.","article_publisher":"https:\/\/www.facebook.com\/SonoraEE\/","article_author":"https:\/\/www.facebook.com\/SonoraEE","article_published_time":"2021-07-25T23:22:53+00:00","article_modified_time":"2021-07-26T01:30:38+00:00","og_image":[{"width":700,"height":400,"url":"https:\/\/www.sonoraenequipo.com.mx\/storage\/2021\/07\/trabajo-con-perspectiva-de-genero_opt.jpg","type":"image\/jpeg"}],"author":"enequipo","twitter_card":"summary_large_image","twitter_creator":"@sonoraenequipo","twitter_site":"@sonoraenequipo","twitter_misc":{"Escrito por":"enequipo","Tiempo de lectura":"2 minutos"},"schema":{"@context":"https:\/\/schema.org","@graph":[{"@type":"Article","@id":"https:\/\/www.sonoraenequipo.com.mx\/ssp-sonora-presentara-en-estados-unidos-trabajo-con-perspectiva-de-genero\/#article","isPartOf":{"@id":"https:\/\/www.sonoraenequipo.com.mx\/ssp-sonora-presentara-en-estados-unidos-trabajo-con-perspectiva-de-genero\/"},"author":{"name":"enequipo","@id":"https:\/\/www.sonoraenequipo.com.mx\/#\/schema\/person\/50102df0fb23a8fa9e8effad8fa81386"},"headline":"SSP Sonora presentar\u00e1 en Estados Unidos trabajo con perspectiva de g\u00e9nero","datePublished":"2021-07-25T23:22:53+00:00","dateModified":"2021-07-26T01:30:38+00:00","mainEntityOfPage":{"@id":"https:\/\/www.sonoraenequipo.com.mx\/ssp-sonora-presentara-en-estados-unidos-trabajo-con-perspectiva-de-genero\/"},"wordCount":362,"commentCount":0,"publisher":{"@id":"https:\/\/www.sonoraenequipo.com.mx\/#organization"},"image":{"@id":"https:\/\/www.sonoraenequipo.com.mx\/ssp-sonora-presentara-en-estados-unidos-trabajo-con-perspectiva-de-genero\/#primaryimage"},"thumbnailUrl":"https:\/\/www.sonoraenequipo.com.mx\/storage\/2021\/07\/trabajo-con-perspectiva-de-genero_opt.jpg","articleSection":["Polic\u00edaca"],"inLanguage":"es","potentialAction":[{"@type":"CommentAction","name":"Comment","target":["https:\/\/www.sonoraenequipo.com.mx\/ssp-sonora-presentara-en-estados-unidos-trabajo-con-perspectiva-de-genero\/#respond"]}]},{"@type":"WebPage","@id":"https:\/\/www.sonoraenequipo.com.mx\/ssp-sonora-presentara-en-estados-unidos-trabajo-con-perspectiva-de-genero\/","url":"https:\/\/www.sonoraenequipo.com.mx\/ssp-sonora-presentara-en-estados-unidos-trabajo-con-perspectiva-de-genero\/","name":"Sonora en Equipo. SSP Sonora presentar\u00e1 en Estados Unidos trabajo con perspectiva de g\u00e9nero Polic\u00edaca","isPartOf":{"@id":"https:\/\/www.sonoraenequipo.com.mx\/#website"},"primaryImageOfPage":{"@id":"https:\/\/www.sonoraenequipo.com.mx\/ssp-sonora-presentara-en-estados-unidos-trabajo-con-perspectiva-de-genero\/#primaryimage"},"image":{"@id":"https:\/\/www.sonoraenequipo.com.mx\/ssp-sonora-presentara-en-estados-unidos-trabajo-con-perspectiva-de-genero\/#primaryimage"},"thumbnailUrl":"https:\/\/www.sonoraenequipo.com.mx\/storage\/2021\/07\/trabajo-con-perspectiva-de-genero_opt.jpg","datePublished":"2021-07-25T23:22:53+00:00","dateModified":"2021-07-26T01:30:38+00:00","description":"HERMOSILLO, SONORA. MX. \u2014 Para compartir el trabajo y buenas pr\u00e1cticas con perspectiva de g\u00e9nero que realiza el Gobierno de Sonora desde la Secretar\u00eda de En Sonora en Equipo publicamos toda la informaci\u00f3n de Sonora, M\u00e9xico y el Mundo de manera oportuna y busca que la libertad de expresi\u00f3n sea real. Visita nuestro medio informativo publicado desde Hermosillo, Sonora. %","breadcrumb":{"@id":"https:\/\/www.sonoraenequipo.com.mx\/ssp-sonora-presentara-en-estados-unidos-trabajo-con-perspectiva-de-genero\/#breadcrumb"},"inLanguage":"es","potentialAction":[{"@type":"ReadAction","target":["https:\/\/www.sonoraenequipo.com.mx\/ssp-sonora-presentara-en-estados-unidos-trabajo-con-perspectiva-de-genero\/"]}]},{"@type":"ImageObject","inLanguage":"es","@id":"https:\/\/www.sonoraenequipo.com.mx\/ssp-sonora-presentara-en-estados-unidos-trabajo-con-perspectiva-de-genero\/#primaryimage","url":"https:\/\/www.sonoraenequipo.com.mx\/storage\/2021\/07\/trabajo-con-perspectiva-de-genero_opt.jpg","contentUrl":"https:\/\/www.sonoraenequipo.com.mx\/storage\/2021\/07\/trabajo-con-perspectiva-de-genero_opt.jpg","width":700,"height":400},{"@type":"BreadcrumbList","@id":"https:\/\/www.sonoraenequipo.com.mx\/ssp-sonora-presentara-en-estados-unidos-trabajo-con-perspectiva-de-genero\/#breadcrumb","itemListElement":[{"@type":"ListItem","position":1,"name":"Portada","item":"https:\/\/www.sonoraenequipo.com.mx\/"},{"@type":"ListItem","position":2,"name":"SSP Sonora presentar\u00e1 en Estados Unidos trabajo con perspectiva de g\u00e9nero"}]},{"@type":"WebSite","@id":"https:\/\/www.sonoraenequipo.com.mx\/#website","url":"https:\/\/www.sonoraenequipo.com.mx\/","name":"Sonora en Equipo.","description":"Diario en l\u00ednea con Noticias desde Hermosillo, Sonora","publisher":{"@id":"https:\/\/www.sonoraenequipo.com.mx\/#organization"},"potentialAction":[{"@type":"SearchAction","target":{"@type":"EntryPoint","urlTemplate":"https:\/\/www.sonoraenequipo.com.mx\/?s={search_term_string}"},"query-input":{"@type":"PropertyValueSpecification","valueRequired":true,"valueName":"search_term_string"}}],"inLanguage":"es"},{"@type":"Organization","@id":"https:\/\/www.sonoraenequipo.com.mx\/#organization","name":"Sonoraenequipo.com.mx","url":"https:\/\/www.sonoraenequipo.com.mx\/","logo":{"@type":"ImageObject","inLanguage":"es","@id":"https:\/\/www.sonoraenequipo.com.mx\/#\/schema\/logo\/image\/","url":"https:\/\/www.sonoraenequipo.com.mx\/storage\/2019\/01\/sonoraenequipo_opt.png","contentUrl":"https:\/\/www.sonoraenequipo.com.mx\/storage\/2019\/01\/sonoraenequipo_opt.png","width":375,"height":125,"caption":"Sonoraenequipo.com.mx"},"image":{"@id":"https:\/\/www.sonoraenequipo.com.mx\/#\/schema\/logo\/image\/"},"sameAs":["https:\/\/www.facebook.com\/SonoraEE\/","https:\/\/x.com\/sonoraenequipo","https:\/\/www.youtube.com\/channel\/UC338nW-lPEYmJQs4ZABQ1SQ"]},{"@type":"Person","@id":"https:\/\/www.sonoraenequipo.com.mx\/#\/schema\/person\/50102df0fb23a8fa9e8effad8fa81386","name":"enequipo","image":{"@type":"ImageObject","inLanguage":"es","@id":"https:\/\/www.sonoraenequipo.com.mx\/#\/schema\/person\/image\/","url":"https:\/\/secure.gravatar.com\/avatar\/049821681b589dabc0bc20695993ccebb09f5b5d4d790cd9251b97faac7c652b?s=96&d=blank&r=g","contentUrl":"https:\/\/secure.gravatar.com\/avatar\/049821681b589dabc0bc20695993ccebb09f5b5d4d790cd9251b97faac7c652b?s=96&d=blank&r=g","caption":"enequipo"},"sameAs":["https:\/\/www.facebook.com\/SonoraEE"]}]}},"jetpack_featured_media_url":"https:\/\/www.sonoraenequipo.com.mx\/storage\/2021\/07\/trabajo-con-perspectiva-de-genero_opt.jpg","_links":{"self":[{"href":"https:\/\/www.sonoraenequipo.com.mx\/api\/wp\/v2\/posts\/119070","targetHints":{"allow":["GET"]}}],"collection":[{"href":"https:\/\/www.sonoraenequipo.com.mx\/api\/wp\/v2\/posts"}],"about":[{"href":"https:\/\/www.sonoraenequipo.com.mx\/api\/wp\/v2\/types\/post"}],"author":[{"embeddable":true,"href":"https:\/\/www.sonoraenequipo.com.mx\/api\/wp\/v2\/users\/1"}],"replies":[{"embeddable":true,"href":"https:\/\/www.sonoraenequipo.com.mx\/api\/wp\/v2\/comments?post=119070"}],"version-history":[{"count":1,"href":"https:\/\/www.sonoraenequipo.com.mx\/api\/wp\/v2\/posts\/119070\/revisions"}],"predecessor-version":[{"id":119072,"href":"https:\/\/www.sonoraenequipo.com.mx\/api\/wp\/v2\/posts\/119070\/revisions\/119072"}],"wp:featuredmedia":[{"embeddable":true,"href":"https:\/\/www.sonoraenequipo.com.mx\/api\/wp\/v2\/media\/119071"}],"wp:attachment":[{"href":"https:\/\/www.sonoraenequipo.com.mx\/api\/wp\/v2\/media?parent=119070"}],"wp:term":[{"taxonomy":"category","embeddable":true,"href":"https:\/\/www.sonoraenequipo.com.mx\/api\/wp\/v2\/categories?post=119070"},{"taxonomy":"post_tag","embeddable":true,"href":"https:\/\/www.sonoraenequipo.com.mx\/api\/wp\/v2\/tags?post=119070"}],"curies":[{"name":"wp","href":"https:\/\/api.w.org\/{rel}","templated":true}]}}