{"id":119082,"date":"2021-07-25T18:36:09","date_gmt":"2021-07-26T01:36:09","guid":{"rendered":"https:\/\/www.sonoraenequipo.com.mx\/?p=119082"},"modified":"2021-07-25T20:10:51","modified_gmt":"2021-07-26T03:10:51","slug":"pablo-milanes-apoya-la-protesta-y-critica-la-represion-en-cuba","status":"publish","type":"post","link":"https:\/\/www.sonoraenequipo.com.mx\/pablo-milanes-apoya-la-protesta-y-critica-la-represion-en-cuba\/","title":{"rendered":"Pablo Milan\u00e9s apoya la protesta y critica la represi\u00f3n en Cuba"},"content":{"rendered":"<p>LA HABANA, CUBA. \u2014 El cantautor cubano Pablo Milan\u00e9s, autor de cl\u00e1sicos como \u00ab<em>Yolanda\u201d y \u00abEl breve espacio en que no est\u00e1s<\/em>\u201d y uno de los artistas m\u00e1s reconocidos de su pa\u00eds, critic\u00f3 este domingo (25.07.2021) la represi\u00f3n y el hambre a los que est\u00e1 sometido el pueblo cubano por el <em>\u00abfracasado\u00bb<\/em> Gobierno de la isla, y se mostr\u00f3 confiado en que los j\u00f3venes ser\u00e1n el \u00abmotor\u00bb de cambio en su pa\u00eds.<\/p>\n<p>&nbsp;<\/p>\n<p> <\/p>\n<p><em>\u00abEs irresponsable y absurdo culpar y reprimir a un pueblo que se ha sacrificado y lo ha dado todo durante d\u00e9cadas para sostener un r\u00e9gimen que al final lo que hace es encarcelarlo\u00bb<\/em>, se lament\u00f3 el trovador de 78 a\u00f1os en su cuenta de Facebook. Sin nombrar directamente las manifestaciones en la isla, el compositor subray\u00f3 que desde hace mucho tiempo ha venido expresando \u00ab<em>las injusticias y errores en la pol\u00edtica y gobierno\u00bb de Cuba.<\/em><\/p>\n<p>&nbsp;<\/p>\n<p><em>\u00abEn el a\u00f1o 1992 tuve la convicci\u00f3n de que definitivamente el sistema cubano hab\u00eda fracasado y lo denunci\u00e9\u00bb<\/em>, record\u00f3 el creador de medio centenar de \u00e1lbumes y m\u00e1s de 400 canciones en m\u00e1s de seis d\u00e9cadas. Milan\u00e9s se suma, de este modo, a otros pesos pesados como Leonardo Padura y Silvio Rodr\u00edguez, quienes tambi\u00e9n apoyaron las hist\u00f3ricas manifestaciones del 11 de julio, pidieron la liberaci\u00f3n de los detenidos y exigieron cambios en la conducci\u00f3n pol\u00edtica de la isla.<\/p>\n<h3>Confianza en los j\u00f3venes<\/h3>\n<p>&nbsp;<\/p>\n<p>Las in\u00e9ditas manifestaciones estallaron en Cuba el pasado 11 de julio y han sido apoyadas especialmente por el exilio cubano en Florida, que ha pedido al presidente de EE.UU., Joe Biden, endurecer las sanciones contra el r\u00e9gimen de la isla. Al grito de <em>\u00ababajo la dictadura\u00bb<\/em> y <em>\u00ablibertad\u00bb,<\/em> miles de cubanos protestaron en m\u00e1s de 40 ciudades del pa\u00eds, en medio de la peor crisis econ\u00f3mica en d\u00e9cadas y de un fuerte aumento de los contagios y muertes por COVID-19.<\/p>\n<p>&nbsp;<\/p>\n<p>Milan\u00e9s, radicado en Espa\u00f1a, puso sus esperanzas en las nuevas generaciones. <em>\u00abCreo en los j\u00f3venes, que con la ayuda de todos los cubanos, deben ser y ser\u00e1n el motor del cambio\u00bb,<\/em> subray\u00f3. Tambi\u00e9n conf\u00eda en que los cubanos logren encontrar <em>\u00abel mejor sistema posible de convivencia y prosperidad, con libertades plenas, sin represi\u00f3n y sin hambre\u00bb.<\/em><\/p>\n<p>&nbsp;<\/p>\n<p>Anteriormente, Silvio Rodr\u00edguez hab\u00eda hecho un llamado a liberar a los detenidos que \u00ab<em>no fueron violentos\u00bb, a impulsar \u00abm\u00e1s di\u00e1logos\u00bb y ejercer \u00ab<\/em>menos prejuicios, menos ganas de pegar y m\u00e1s deseos de resolver la monta\u00f1a de temas econ\u00f3micos y pol\u00edticos pendientes\u00bb. Por su parte, Padura consider\u00f3 el estallido <em>\u00abun grito de desesperaci\u00f3n\u00bb<\/em> al que las autoridades deben dar<em> \u00abuna respuesta no solamente material sino tambi\u00e9n pol\u00edtica\u00bb.<\/em><\/p>\n<p>&nbsp;<\/p>\n<p>(Publicada el 25\/07\/2021\/ EFE Y AFP)<\/p>\n","protected":false},"excerpt":{"rendered":"<p>LA HABANA, CUBA. \u2014 El cantautor cubano Pablo Milan\u00e9s, autor de cl\u00e1sicos como \u00abYolanda\u201d y&#8230;<\/p>\n","protected":false},"author":1,"featured_media":119083,"comment_status":"open","ping_status":"open","sticky":false,"template":"","format":"standard","meta":{"_monsterinsights_skip_tracking":false,"_monsterinsights_sitenote_active":false,"_monsterinsights_sitenote_note":"","_monsterinsights_sitenote_category":0,"footnotes":""},"categories":[3],"tags":[],"class_list":["post"],"yoast_head":" \n<title>Sonora en Equipo. Pablo Milan\u00e9s apoya la protesta y critica la represi\u00f3n en Cuba MUNDO<\/title>\n<meta name=\"description\" content=\"LA HABANA, CUBA. \u2014 El cantautor cubano Pablo Milan\u00e9s, autor de cl\u00e1sicos como &quot;Yolanda\u201d y &quot;El breve espacio en que no est\u00e1s\u201d y uno de los artistas m\u00e1s En Sonora en Equipo publicamos toda la informaci\u00f3n de Sonora, M\u00e9xico y el Mundo de manera oportuna y busca que la libertad de expresi\u00f3n sea real. Visita nuestro medio informativo publicado desde Hermosillo, Sonora. %\" \/>\n<meta name=\"robots\" content=\"index, follow, max-snippet:-1, max-image-preview:large, max-video-preview:-1\" \/>\n<link rel=\"canonical\" href=\"https:\/\/www.sonoraenequipo.com.mx\/pablo-milanes-apoya-la-protesta-y-critica-la-represion-en-cuba\/\" \/>\n<meta property=\"og:locale\" content=\"es_ES\" \/>\n<meta property=\"og:type\" content=\"article\" \/>\n<meta property=\"og:title\" content=\"Sonora en Equipo. Pablo Milan\u00e9s apoya la protesta y critica la represi\u00f3n en Cuba MUNDO\" \/>\n<meta property=\"og:description\" content=\"LA HABANA, CUBA. \u2014 El cantautor cubano Pablo Milan\u00e9s, autor de cl\u00e1sicos como &quot;Yolanda\u201d y &quot;El breve espacio en que no est\u00e1s\u201d y uno de los artistas m\u00e1s En Sonora en Equipo publicamos toda la informaci\u00f3n de Sonora, M\u00e9xico y el Mundo de manera oportuna y busca que la libertad de expresi\u00f3n sea real. Visita nuestro medio informativo publicado desde Hermosillo, Sonora. %\" \/>\n<meta property=\"og:url\" content=\"https:\/\/www.sonoraenequipo.com.mx\/pablo-milanes-apoya-la-protesta-y-critica-la-represion-en-cuba\/\" \/>\n<meta property=\"og:site_name\" content=\"Sonora en Equipo.\" \/>\n<meta property=\"article:publisher\" content=\"https:\/\/www.facebook.com\/SonoraEE\/\" \/>\n<meta property=\"article:author\" content=\"https:\/\/www.facebook.com\/SonoraEE\" \/>\n<meta property=\"article:published_time\" content=\"2021-07-26T01:36:09+00:00\" \/>\n<meta property=\"article:modified_time\" content=\"2021-07-26T03:10:51+00:00\" \/>\n<meta property=\"og:image\" content=\"https:\/\/www.sonoraenequipo.com.mx\/storage\/2021\/07\/Pablo-milanes_opt.jpg\" \/>\n\t<meta property=\"og:image:width\" content=\"700\" \/>\n\t<meta property=\"og:image:height\" content=\"400\" \/>\n\t<meta property=\"og:image:type\" content=\"image\/jpeg\" \/>\n<meta name=\"author\" content=\"enequipo\" \/>\n<meta name=\"twitter:card\" content=\"summary_large_image\" \/>\n<meta name=\"twitter:creator\" content=\"@sonoraenequipo\" \/>\n<meta name=\"twitter:site\" content=\"@sonoraenequipo\" \/>\n<meta name=\"twitter:label1\" content=\"Escrito por\" \/>\n\t<meta name=\"twitter:data1\" content=\"enequipo\" \/>\n\t<meta name=\"twitter:label2\" content=\"Tiempo de lectura\" \/>\n\t<meta name=\"twitter:data2\" content=\"2 minutos\" \/>\n<script type=\"application\/ld+json\" class=\"yoast-schema-graph\">{\"@context\":\"https:\/\/schema.org\",\"@graph\":[{\"@type\":\"Article\",\"@id\":\"https:\/\/www.sonoraenequipo.com.mx\/pablo-milanes-apoya-la-protesta-y-critica-la-represion-en-cuba\/#article\",\"isPartOf\":{\"@id\":\"https:\/\/www.sonoraenequipo.com.mx\/pablo-milanes-apoya-la-protesta-y-critica-la-represion-en-cuba\/\"},\"author\":{\"name\":\"enequipo\",\"@id\":\"https:\/\/www.sonoraenequipo.com.mx\/#\/schema\/person\/50102df0fb23a8fa9e8effad8fa81386\"},\"headline\":\"Pablo Milan\u00e9s apoya la protesta y critica la represi\u00f3n en Cuba\",\"datePublished\":\"2021-07-26T01:36:09+00:00\",\"dateModified\":\"2021-07-26T03:10:51+00:00\",\"mainEntityOfPage\":{\"@id\":\"https:\/\/www.sonoraenequipo.com.mx\/pablo-milanes-apoya-la-protesta-y-critica-la-represion-en-cuba\/\"},\"wordCount\":499,\"commentCount\":0,\"publisher\":{\"@id\":\"https:\/\/www.sonoraenequipo.com.mx\/#organization\"},\"image\":{\"@id\":\"https:\/\/www.sonoraenequipo.com.mx\/pablo-milanes-apoya-la-protesta-y-critica-la-represion-en-cuba\/#primaryimage\"},\"thumbnailUrl\":\"https:\/\/www.sonoraenequipo.com.mx\/storage\/2021\/07\/Pablo-milanes_opt.jpg\",\"articleSection\":[\"MUNDO\"],\"inLanguage\":\"es\",\"potentialAction\":[{\"@type\":\"CommentAction\",\"name\":\"Comment\",\"target\":[\"https:\/\/www.sonoraenequipo.com.mx\/pablo-milanes-apoya-la-protesta-y-critica-la-represion-en-cuba\/#respond\"]}]},{\"@type\":\"WebPage\",\"@id\":\"https:\/\/www.sonoraenequipo.com.mx\/pablo-milanes-apoya-la-protesta-y-critica-la-represion-en-cuba\/\",\"url\":\"https:\/\/www.sonoraenequipo.com.mx\/pablo-milanes-apoya-la-protesta-y-critica-la-represion-en-cuba\/\",\"name\":\"Sonora en Equipo. Pablo Milan\u00e9s apoya la protesta y critica la represi\u00f3n en Cuba MUNDO\",\"isPartOf\":{\"@id\":\"https:\/\/www.sonoraenequipo.com.mx\/#website\"},\"primaryImageOfPage\":{\"@id\":\"https:\/\/www.sonoraenequipo.com.mx\/pablo-milanes-apoya-la-protesta-y-critica-la-represion-en-cuba\/#primaryimage\"},\"image\":{\"@id\":\"https:\/\/www.sonoraenequipo.com.mx\/pablo-milanes-apoya-la-protesta-y-critica-la-represion-en-cuba\/#primaryimage\"},\"thumbnailUrl\":\"https:\/\/www.sonoraenequipo.com.mx\/storage\/2021\/07\/Pablo-milanes_opt.jpg\",\"datePublished\":\"2021-07-26T01:36:09+00:00\",\"dateModified\":\"2021-07-26T03:10:51+00:00\",\"description\":\"LA HABANA, CUBA. \u2014 El cantautor cubano Pablo Milan\u00e9s, autor de cl\u00e1sicos como \\\"Yolanda\u201d y \\\"El breve espacio en que no est\u00e1s\u201d y uno de los artistas m\u00e1s En Sonora en Equipo publicamos toda la informaci\u00f3n de Sonora, M\u00e9xico y el Mundo de manera oportuna y busca que la libertad de expresi\u00f3n sea real. Visita nuestro medio informativo publicado desde Hermosillo, Sonora. %\",\"breadcrumb\":{\"@id\":\"https:\/\/www.sonoraenequipo.com.mx\/pablo-milanes-apoya-la-protesta-y-critica-la-represion-en-cuba\/#breadcrumb\"},\"inLanguage\":\"es\",\"potentialAction\":[{\"@type\":\"ReadAction\",\"target\":[\"https:\/\/www.sonoraenequipo.com.mx\/pablo-milanes-apoya-la-protesta-y-critica-la-represion-en-cuba\/\"]}]},{\"@type\":\"ImageObject\",\"inLanguage\":\"es\",\"@id\":\"https:\/\/www.sonoraenequipo.com.mx\/pablo-milanes-apoya-la-protesta-y-critica-la-represion-en-cuba\/#primaryimage\",\"url\":\"https:\/\/www.sonoraenequipo.com.mx\/storage\/2021\/07\/Pablo-milanes_opt.jpg\",\"contentUrl\":\"https:\/\/www.sonoraenequipo.com.mx\/storage\/2021\/07\/Pablo-milanes_opt.jpg\",\"width\":700,\"height\":400},{\"@type\":\"BreadcrumbList\",\"@id\":\"https:\/\/www.sonoraenequipo.com.mx\/pablo-milanes-apoya-la-protesta-y-critica-la-represion-en-cuba\/#breadcrumb\",\"itemListElement\":[{\"@type\":\"ListItem\",\"position\":1,\"name\":\"Portada\",\"item\":\"https:\/\/www.sonoraenequipo.com.mx\/\"},{\"@type\":\"ListItem\",\"position\":2,\"name\":\"Pablo Milan\u00e9s apoya la protesta y critica la represi\u00f3n en Cuba\"}]},{\"@type\":\"WebSite\",\"@id\":\"https:\/\/www.sonoraenequipo.com.mx\/#website\",\"url\":\"https:\/\/www.sonoraenequipo.com.mx\/\",\"name\":\"Sonora en Equipo.\",\"description\":\"Diario en l\u00ednea con Noticias desde Hermosillo, Sonora\",\"publisher\":{\"@id\":\"https:\/\/www.sonoraenequipo.com.mx\/#organization\"},\"potentialAction\":[{\"@type\":\"SearchAction\",\"target\":{\"@type\":\"EntryPoint\",\"urlTemplate\":\"https:\/\/www.sonoraenequipo.com.mx\/?s={search_term_string}\"},\"query-input\":{\"@type\":\"PropertyValueSpecification\",\"valueRequired\":true,\"valueName\":\"search_term_string\"}}],\"inLanguage\":\"es\"},{\"@type\":\"Organization\",\"@id\":\"https:\/\/www.sonoraenequipo.com.mx\/#organization\",\"name\":\"Sonoraenequipo.com.mx\",\"url\":\"https:\/\/www.sonoraenequipo.com.mx\/\",\"logo\":{\"@type\":\"ImageObject\",\"inLanguage\":\"es\",\"@id\":\"https:\/\/www.sonoraenequipo.com.mx\/#\/schema\/logo\/image\/\",\"url\":\"https:\/\/www.sonoraenequipo.com.mx\/storage\/2019\/01\/sonoraenequipo_opt.png\",\"contentUrl\":\"https:\/\/www.sonoraenequipo.com.mx\/storage\/2019\/01\/sonoraenequipo_opt.png\",\"width\":375,\"height\":125,\"caption\":\"Sonoraenequipo.com.mx\"},\"image\":{\"@id\":\"https:\/\/www.sonoraenequipo.com.mx\/#\/schema\/logo\/image\/\"},\"sameAs\":[\"https:\/\/www.facebook.com\/SonoraEE\/\",\"https:\/\/x.com\/sonoraenequipo\",\"https:\/\/www.youtube.com\/channel\/UC338nW-lPEYmJQs4ZABQ1SQ\"]},{\"@type\":\"Person\",\"@id\":\"https:\/\/www.sonoraenequipo.com.mx\/#\/schema\/person\/50102df0fb23a8fa9e8effad8fa81386\",\"name\":\"enequipo\",\"image\":{\"@type\":\"ImageObject\",\"inLanguage\":\"es\",\"@id\":\"https:\/\/www.sonoraenequipo.com.mx\/#\/schema\/person\/image\/\",\"url\":\"https:\/\/secure.gravatar.com\/avatar\/049821681b589dabc0bc20695993ccebb09f5b5d4d790cd9251b97faac7c652b?s=96&d=blank&r=g\",\"contentUrl\":\"https:\/\/secure.gravatar.com\/avatar\/049821681b589dabc0bc20695993ccebb09f5b5d4d790cd9251b97faac7c652b?s=96&d=blank&r=g\",\"caption\":\"enequipo\"},\"sameAs\":[\"https:\/\/www.facebook.com\/SonoraEE\"]}]}<\/script>\n ","yoast_head_json":{"title":"Sonora en Equipo. Pablo Milan\u00e9s apoya la protesta y critica la represi\u00f3n en Cuba MUNDO","description":"LA HABANA, CUBA. \u2014 El cantautor cubano Pablo Milan\u00e9s, autor de cl\u00e1sicos como \"Yolanda\u201d y \"El breve espacio en que no est\u00e1s\u201d y uno de los artistas m\u00e1s En Sonora en Equipo publicamos toda la informaci\u00f3n de Sonora, M\u00e9xico y el Mundo de manera oportuna y busca que la libertad de expresi\u00f3n sea real. Visita nuestro medio informativo publicado desde Hermosillo, Sonora. %","robots":{"index":"index","follow":"follow","max-snippet":"max-snippet:-1","max-image-preview":"max-image-preview:large","max-video-preview":"max-video-preview:-1"},"canonical":"https:\/\/www.sonoraenequipo.com.mx\/pablo-milanes-apoya-la-protesta-y-critica-la-represion-en-cuba\/","og_locale":"es_ES","og_type":"article","og_title":"Sonora en Equipo. Pablo Milan\u00e9s apoya la protesta y critica la represi\u00f3n en Cuba MUNDO","og_description":"LA HABANA, CUBA. \u2014 El cantautor cubano Pablo Milan\u00e9s, autor de cl\u00e1sicos como \"Yolanda\u201d y \"El breve espacio en que no est\u00e1s\u201d y uno de los artistas m\u00e1s En Sonora en Equipo publicamos toda la informaci\u00f3n de Sonora, M\u00e9xico y el Mundo de manera oportuna y busca que la libertad de expresi\u00f3n sea real. Visita nuestro medio informativo publicado desde Hermosillo, Sonora. %","og_url":"https:\/\/www.sonoraenequipo.com.mx\/pablo-milanes-apoya-la-protesta-y-critica-la-represion-en-cuba\/","og_site_name":"Sonora en Equipo.","article_publisher":"https:\/\/www.facebook.com\/SonoraEE\/","article_author":"https:\/\/www.facebook.com\/SonoraEE","article_published_time":"2021-07-26T01:36:09+00:00","article_modified_time":"2021-07-26T03:10:51+00:00","og_image":[{"width":700,"height":400,"url":"https:\/\/www.sonoraenequipo.com.mx\/storage\/2021\/07\/Pablo-milanes_opt.jpg","type":"image\/jpeg"}],"author":"enequipo","twitter_card":"summary_large_image","twitter_creator":"@sonoraenequipo","twitter_site":"@sonoraenequipo","twitter_misc":{"Escrito por":"enequipo","Tiempo de lectura":"2 minutos"},"schema":{"@context":"https:\/\/schema.org","@graph":[{"@type":"Article","@id":"https:\/\/www.sonoraenequipo.com.mx\/pablo-milanes-apoya-la-protesta-y-critica-la-represion-en-cuba\/#article","isPartOf":{"@id":"https:\/\/www.sonoraenequipo.com.mx\/pablo-milanes-apoya-la-protesta-y-critica-la-represion-en-cuba\/"},"author":{"name":"enequipo","@id":"https:\/\/www.sonoraenequipo.com.mx\/#\/schema\/person\/50102df0fb23a8fa9e8effad8fa81386"},"headline":"Pablo Milan\u00e9s apoya la protesta y critica la represi\u00f3n en Cuba","datePublished":"2021-07-26T01:36:09+00:00","dateModified":"2021-07-26T03:10:51+00:00","mainEntityOfPage":{"@id":"https:\/\/www.sonoraenequipo.com.mx\/pablo-milanes-apoya-la-protesta-y-critica-la-represion-en-cuba\/"},"wordCount":499,"commentCount":0,"publisher":{"@id":"https:\/\/www.sonoraenequipo.com.mx\/#organization"},"image":{"@id":"https:\/\/www.sonoraenequipo.com.mx\/pablo-milanes-apoya-la-protesta-y-critica-la-represion-en-cuba\/#primaryimage"},"thumbnailUrl":"https:\/\/www.sonoraenequipo.com.mx\/storage\/2021\/07\/Pablo-milanes_opt.jpg","articleSection":["MUNDO"],"inLanguage":"es","potentialAction":[{"@type":"CommentAction","name":"Comment","target":["https:\/\/www.sonoraenequipo.com.mx\/pablo-milanes-apoya-la-protesta-y-critica-la-represion-en-cuba\/#respond"]}]},{"@type":"WebPage","@id":"https:\/\/www.sonoraenequipo.com.mx\/pablo-milanes-apoya-la-protesta-y-critica-la-represion-en-cuba\/","url":"https:\/\/www.sonoraenequipo.com.mx\/pablo-milanes-apoya-la-protesta-y-critica-la-represion-en-cuba\/","name":"Sonora en Equipo. Pablo Milan\u00e9s apoya la protesta y critica la represi\u00f3n en Cuba MUNDO","isPartOf":{"@id":"https:\/\/www.sonoraenequipo.com.mx\/#website"},"primaryImageOfPage":{"@id":"https:\/\/www.sonoraenequipo.com.mx\/pablo-milanes-apoya-la-protesta-y-critica-la-represion-en-cuba\/#primaryimage"},"image":{"@id":"https:\/\/www.sonoraenequipo.com.mx\/pablo-milanes-apoya-la-protesta-y-critica-la-represion-en-cuba\/#primaryimage"},"thumbnailUrl":"https:\/\/www.sonoraenequipo.com.mx\/storage\/2021\/07\/Pablo-milanes_opt.jpg","datePublished":"2021-07-26T01:36:09+00:00","dateModified":"2021-07-26T03:10:51+00:00","description":"LA HABANA, CUBA. \u2014 El cantautor cubano Pablo Milan\u00e9s, autor de cl\u00e1sicos como \"Yolanda\u201d y \"El breve espacio en que no est\u00e1s\u201d y uno de los artistas m\u00e1s En Sonora en Equipo publicamos toda la informaci\u00f3n de Sonora, M\u00e9xico y el Mundo de manera oportuna y busca que la libertad de expresi\u00f3n sea real. Visita nuestro medio informativo publicado desde Hermosillo, Sonora. %","breadcrumb":{"@id":"https:\/\/www.sonoraenequipo.com.mx\/pablo-milanes-apoya-la-protesta-y-critica-la-represion-en-cuba\/#breadcrumb"},"inLanguage":"es","potentialAction":[{"@type":"ReadAction","target":["https:\/\/www.sonoraenequipo.com.mx\/pablo-milanes-apoya-la-protesta-y-critica-la-represion-en-cuba\/"]}]},{"@type":"ImageObject","inLanguage":"es","@id":"https:\/\/www.sonoraenequipo.com.mx\/pablo-milanes-apoya-la-protesta-y-critica-la-represion-en-cuba\/#primaryimage","url":"https:\/\/www.sonoraenequipo.com.mx\/storage\/2021\/07\/Pablo-milanes_opt.jpg","contentUrl":"https:\/\/www.sonoraenequipo.com.mx\/storage\/2021\/07\/Pablo-milanes_opt.jpg","width":700,"height":400},{"@type":"BreadcrumbList","@id":"https:\/\/www.sonoraenequipo.com.mx\/pablo-milanes-apoya-la-protesta-y-critica-la-represion-en-cuba\/#breadcrumb","itemListElement":[{"@type":"ListItem","position":1,"name":"Portada","item":"https:\/\/www.sonoraenequipo.com.mx\/"},{"@type":"ListItem","position":2,"name":"Pablo Milan\u00e9s apoya la protesta y critica la represi\u00f3n en Cuba"}]},{"@type":"WebSite","@id":"https:\/\/www.sonoraenequipo.com.mx\/#website","url":"https:\/\/www.sonoraenequipo.com.mx\/","name":"Sonora en Equipo.","description":"Diario en l\u00ednea con Noticias desde Hermosillo, Sonora","publisher":{"@id":"https:\/\/www.sonoraenequipo.com.mx\/#organization"},"potentialAction":[{"@type":"SearchAction","target":{"@type":"EntryPoint","urlTemplate":"https:\/\/www.sonoraenequipo.com.mx\/?s={search_term_string}"},"query-input":{"@type":"PropertyValueSpecification","valueRequired":true,"valueName":"search_term_string"}}],"inLanguage":"es"},{"@type":"Organization","@id":"https:\/\/www.sonoraenequipo.com.mx\/#organization","name":"Sonoraenequipo.com.mx","url":"https:\/\/www.sonoraenequipo.com.mx\/","logo":{"@type":"ImageObject","inLanguage":"es","@id":"https:\/\/www.sonoraenequipo.com.mx\/#\/schema\/logo\/image\/","url":"https:\/\/www.sonoraenequipo.com.mx\/storage\/2019\/01\/sonoraenequipo_opt.png","contentUrl":"https:\/\/www.sonoraenequipo.com.mx\/storage\/2019\/01\/sonoraenequipo_opt.png","width":375,"height":125,"caption":"Sonoraenequipo.com.mx"},"image":{"@id":"https:\/\/www.sonoraenequipo.com.mx\/#\/schema\/logo\/image\/"},"sameAs":["https:\/\/www.facebook.com\/SonoraEE\/","https:\/\/x.com\/sonoraenequipo","https:\/\/www.youtube.com\/channel\/UC338nW-lPEYmJQs4ZABQ1SQ"]},{"@type":"Person","@id":"https:\/\/www.sonoraenequipo.com.mx\/#\/schema\/person\/50102df0fb23a8fa9e8effad8fa81386","name":"enequipo","image":{"@type":"ImageObject","inLanguage":"es","@id":"https:\/\/www.sonoraenequipo.com.mx\/#\/schema\/person\/image\/","url":"https:\/\/secure.gravatar.com\/avatar\/049821681b589dabc0bc20695993ccebb09f5b5d4d790cd9251b97faac7c652b?s=96&d=blank&r=g","contentUrl":"https:\/\/secure.gravatar.com\/avatar\/049821681b589dabc0bc20695993ccebb09f5b5d4d790cd9251b97faac7c652b?s=96&d=blank&r=g","caption":"enequipo"},"sameAs":["https:\/\/www.facebook.com\/SonoraEE"]}]}},"jetpack_featured_media_url":"https:\/\/www.sonoraenequipo.com.mx\/storage\/2021\/07\/Pablo-milanes_opt.jpg","_links":{"self":[{"href":"https:\/\/www.sonoraenequipo.com.mx\/api\/wp\/v2\/posts\/119082","targetHints":{"allow":["GET"]}}],"collection":[{"href":"https:\/\/www.sonoraenequipo.com.mx\/api\/wp\/v2\/posts"}],"about":[{"href":"https:\/\/www.sonoraenequipo.com.mx\/api\/wp\/v2\/types\/post"}],"author":[{"embeddable":true,"href":"https:\/\/www.sonoraenequipo.com.mx\/api\/wp\/v2\/users\/1"}],"replies":[{"embeddable":true,"href":"https:\/\/www.sonoraenequipo.com.mx\/api\/wp\/v2\/comments?post=119082"}],"version-history":[{"count":2,"href":"https:\/\/www.sonoraenequipo.com.mx\/api\/wp\/v2\/posts\/119082\/revisions"}],"predecessor-version":[{"id":119085,"href":"https:\/\/www.sonoraenequipo.com.mx\/api\/wp\/v2\/posts\/119082\/revisions\/119085"}],"wp:featuredmedia":[{"embeddable":true,"href":"https:\/\/www.sonoraenequipo.com.mx\/api\/wp\/v2\/media\/119083"}],"wp:attachment":[{"href":"https:\/\/www.sonoraenequipo.com.mx\/api\/wp\/v2\/media?parent=119082"}],"wp:term":[{"taxonomy":"category","embeddable":true,"href":"https:\/\/www.sonoraenequipo.com.mx\/api\/wp\/v2\/categories?post=119082"},{"taxonomy":"post_tag","embeddable":true,"href":"https:\/\/www.sonoraenequipo.com.mx\/api\/wp\/v2\/tags?post=119082"}],"curies":[{"name":"wp","href":"https:\/\/api.w.org\/{rel}","templated":true}]}}