{"id":119086,"date":"2021-07-25T20:25:46","date_gmt":"2021-07-26T03:25:46","guid":{"rendered":"https:\/\/www.sonoraenequipo.com.mx\/?p=119086"},"modified":"2021-07-25T21:46:53","modified_gmt":"2021-07-26T04:46:53","slug":"inaugura-gobernadora-pavlovich-modernizacion-de-tramo-carretero-hermosillo-mazatan","status":"publish","type":"post","link":"https:\/\/www.sonoraenequipo.com.mx\/inaugura-gobernadora-pavlovich-modernizacion-de-tramo-carretero-hermosillo-mazatan\/","title":{"rendered":"Inaugura Gobernadora Pavlovich modernizaci\u00f3n de tramo carretero Hermosillo-Mazat\u00e1n"},"content":{"rendered":"<p>HERMOSILLO, SONORA.MX. \u2014 Para facilitar y hacer m\u00e1s segura la vialidad en complemento del nuevo libramiento de Hermosillo, adem\u00e1s de brindar una soluci\u00f3n a la problem\u00e1tica del tr\u00e1nsito de veh\u00edculos pesados en la zona oriente de Hermosillo, la gobernadora Claudia Pavlovich Arellano, inaugur\u00f3 la modernizaci\u00f3n de tramo carretero Hermosillo-Mazat\u00e1n.<\/p>\n<p>&nbsp;<\/p>\n<p> <\/p>\n<p>Acompa\u00f1ada por Ricardo Mart\u00ednez Terrazas, secretario de Infraestructura y Desarrollo Urbano (Sidur), y de Manuel Ibarra Salgado, director general de la Junta de Caminos del Estado de Sonora, la mandataria estatal se\u00f1al\u00f3 que esta obra vendr\u00e1 a complementar el libramiento de Hermosillo, en el que se trabaj\u00f3 de forma coordinada con la Concesionaria Autopista Libramiento Hermosillo para mejorar y rehabilitar cinco kil\u00f3metros para evitar que el tr\u00e1fico pesado tenga que ingresar a la ciudad.<\/p>\n<p>&nbsp;<\/p>\n<p><em>\u201cLa verdad muy contenta porque es un complemento de todo lo que es el libramiento que lo hizo el concesionario, pero aqu\u00ed lo m\u00e1s importante que estamos haciendo es que esta carretera que va rumbo a Sahuaripa, se ampli\u00f3 en cinco kil\u00f3metros, se construyeron, est\u00e1 este puente que lo hizo el concesionario, todos trabajando para que todo el tr\u00e1fico pesado que pasaba por el bulevar Ganaderos y que afecta al tr\u00e1fico de Pemex, por ejemplo, las pipas, de Cemex, de Calidra, pues transiten por el libramiento y que toda esta parte sea transitada por gente que se sienta segura\u201d,<\/em> afirm\u00f3.<\/p>\n<p>&nbsp;<\/p>\n<p><img loading=\"lazy\" decoding=\"async\" class=\"size-medium  x-right\" src=\"https:\/\/www.sonoraenequipo.com.mx\/storage\/2021\/07\/gobernadora-inaugura-remodelacion-carretera_opt-639x365.jpg\" alt=\"\" width=\"639\" height=\"365\" \/>La rehabilitaci\u00f3n de las carreteras en Sonora ha sido prioridad desde el inicio de la actual administraci\u00f3n, enfatiz\u00f3 la gobernadora Pavlovich, quien a\u00f1adi\u00f3 que adem\u00e1s con esta modernizaci\u00f3n del tramo carretero, se beneficia a las familias y personas que se dirigen a los distintos pueblos como Mazat\u00e1n y Sahuaripa, as\u00ed como quienes ingresan a la ciudad de Hermosillo por esta r\u00faa.<\/p>\n<p>&nbsp;<\/p>\n<p><em>\u201cPara todos, beneficia a los hermosillenses y beneficia a los que transitan porque van a pasar por Hermosillo, que van tambi\u00e9n sobre todo a Sahuaripa a Mazat\u00e1n, aqu\u00ed ves la amplitud que llega hasta ac\u00e1, hasta la cementera y como tambi\u00e9n pueden ir a Guaymas, ir a Nogales por aqu\u00ed mismo, sin tener que entrar a la ciudad\u201d<\/em>, mencion\u00f3.<\/p>\n<p>&nbsp;<\/p>\n<p>Manuel Ibarra Salgado detall\u00f3 que la obra consisti\u00f3 en una rehabilitaci\u00f3n y ampliaci\u00f3n con concreto asf\u00e1ltico de 5.22 kil\u00f3metros de la carretera Hermosillo-Mazat\u00e1n, del kil\u00f3metro 4+300 al kil\u00f3metro 8+000, y del kil\u00f3metro 9+080 al kil\u00f3metro 10+600, con una inversi\u00f3n de m\u00e1s de 46 millones 781 mil pesos, del Fondo Minero.<\/p>\n<p>&nbsp;<\/p>\n<p><em>\u201cEs una modernizaci\u00f3n porque se est\u00e1 ampliando la secci\u00f3n, a dejar los acotamientos que tienen al d\u00eda de hoy, y facilitar y hacer m\u00e1s seguro el recorrido carretero, con la intenci\u00f3n principalmente de darle acceso a lo que es el nuevo libramiento que existe a Hermosillo, de manera que todos los veh\u00edculos, por ejemplo, de Pemex, las pipas cargadas de diesel, gasolina, ya no circulen por dentro de la ciudad, si no se vengan al libramiento\u201d,<\/em> explic\u00f3.<\/p>\n<p>&nbsp;<\/p>\n<p>(Publicada el 25\/07\/2021)<\/p>\n","protected":false},"excerpt":{"rendered":"<p>HERMOSILLO, SONORA.MX. \u2014 Para facilitar y hacer m\u00e1s segura la vialidad en complemento del nuevo&#8230;<\/p>\n","protected":false},"author":1,"featured_media":119088,"comment_status":"open","ping_status":"open","sticky":false,"template":"","format":"standard","meta":{"_monsterinsights_skip_tracking":false,"_monsterinsights_sitenote_active":false,"_monsterinsights_sitenote_note":"","_monsterinsights_sitenote_category":0,"footnotes":""},"categories":[22],"tags":[],"class_list":["post"],"yoast_head":" \n<title>Sonora en Equipo. Inaugura Gobernadora Pavlovich modernizaci\u00f3n de tramo carretero Hermosillo-Mazat\u00e1n Sonora<\/title>\n<meta name=\"description\" content=\"HERMOSILLO, SONORA.MX. \u2014 Para facilitar y hacer m\u00e1s segura la vialidad en complemento del nuevo libramiento de Hermosillo, adem\u00e1s de brindar una soluci\u00f3n En Sonora en Equipo publicamos toda la informaci\u00f3n de Sonora, M\u00e9xico y el Mundo de manera oportuna y busca que la libertad de expresi\u00f3n sea real. Visita nuestro medio informativo publicado desde Hermosillo, Sonora. %\" \/>\n<meta name=\"robots\" content=\"index, follow, max-snippet:-1, max-image-preview:large, max-video-preview:-1\" \/>\n<link rel=\"canonical\" href=\"https:\/\/www.sonoraenequipo.com.mx\/inaugura-gobernadora-pavlovich-modernizacion-de-tramo-carretero-hermosillo-mazatan\/\" \/>\n<meta property=\"og:locale\" content=\"es_ES\" \/>\n<meta property=\"og:type\" content=\"article\" \/>\n<meta property=\"og:title\" content=\"Sonora en Equipo. Inaugura Gobernadora Pavlovich modernizaci\u00f3n de tramo carretero Hermosillo-Mazat\u00e1n Sonora\" \/>\n<meta property=\"og:description\" content=\"HERMOSILLO, SONORA.MX. \u2014 Para facilitar y hacer m\u00e1s segura la vialidad en complemento del nuevo libramiento de Hermosillo, adem\u00e1s de brindar una soluci\u00f3n En Sonora en Equipo publicamos toda la informaci\u00f3n de Sonora, M\u00e9xico y el Mundo de manera oportuna y busca que la libertad de expresi\u00f3n sea real. Visita nuestro medio informativo publicado desde Hermosillo, Sonora. %\" \/>\n<meta property=\"og:url\" content=\"https:\/\/www.sonoraenequipo.com.mx\/inaugura-gobernadora-pavlovich-modernizacion-de-tramo-carretero-hermosillo-mazatan\/\" \/>\n<meta property=\"og:site_name\" content=\"Sonora en Equipo.\" \/>\n<meta property=\"article:publisher\" content=\"https:\/\/www.facebook.com\/SonoraEE\/\" \/>\n<meta property=\"article:author\" content=\"https:\/\/www.facebook.com\/SonoraEE\" \/>\n<meta property=\"article:published_time\" content=\"2021-07-26T03:25:46+00:00\" \/>\n<meta property=\"article:modified_time\" content=\"2021-07-26T04:46:53+00:00\" \/>\n<meta property=\"og:image\" content=\"https:\/\/www.sonoraenequipo.com.mx\/storage\/2021\/07\/carretera-en-sonora_opt.jpg\" \/>\n\t<meta property=\"og:image:width\" content=\"700\" \/>\n\t<meta property=\"og:image:height\" content=\"400\" \/>\n\t<meta property=\"og:image:type\" content=\"image\/jpeg\" \/>\n<meta name=\"author\" content=\"enequipo\" \/>\n<meta name=\"twitter:card\" content=\"summary_large_image\" \/>\n<meta name=\"twitter:creator\" content=\"@sonoraenequipo\" \/>\n<meta name=\"twitter:site\" content=\"@sonoraenequipo\" \/>\n<meta name=\"twitter:label1\" content=\"Escrito por\" \/>\n\t<meta name=\"twitter:data1\" content=\"enequipo\" \/>\n\t<meta name=\"twitter:label2\" content=\"Tiempo de lectura\" \/>\n\t<meta name=\"twitter:data2\" content=\"3 minutos\" \/>\n<script type=\"application\/ld+json\" class=\"yoast-schema-graph\">{\"@context\":\"https:\/\/schema.org\",\"@graph\":[{\"@type\":\"Article\",\"@id\":\"https:\/\/www.sonoraenequipo.com.mx\/inaugura-gobernadora-pavlovich-modernizacion-de-tramo-carretero-hermosillo-mazatan\/#article\",\"isPartOf\":{\"@id\":\"https:\/\/www.sonoraenequipo.com.mx\/inaugura-gobernadora-pavlovich-modernizacion-de-tramo-carretero-hermosillo-mazatan\/\"},\"author\":{\"name\":\"enequipo\",\"@id\":\"https:\/\/www.sonoraenequipo.com.mx\/#\/schema\/person\/50102df0fb23a8fa9e8effad8fa81386\"},\"headline\":\"Inaugura Gobernadora Pavlovich modernizaci\u00f3n de tramo carretero Hermosillo-Mazat\u00e1n\",\"datePublished\":\"2021-07-26T03:25:46+00:00\",\"dateModified\":\"2021-07-26T04:46:53+00:00\",\"mainEntityOfPage\":{\"@id\":\"https:\/\/www.sonoraenequipo.com.mx\/inaugura-gobernadora-pavlovich-modernizacion-de-tramo-carretero-hermosillo-mazatan\/\"},\"wordCount\":526,\"commentCount\":0,\"publisher\":{\"@id\":\"https:\/\/www.sonoraenequipo.com.mx\/#organization\"},\"image\":{\"@id\":\"https:\/\/www.sonoraenequipo.com.mx\/inaugura-gobernadora-pavlovich-modernizacion-de-tramo-carretero-hermosillo-mazatan\/#primaryimage\"},\"thumbnailUrl\":\"https:\/\/www.sonoraenequipo.com.mx\/storage\/2021\/07\/carretera-en-sonora_opt.jpg\",\"articleSection\":[\"Sonora\"],\"inLanguage\":\"es\",\"potentialAction\":[{\"@type\":\"CommentAction\",\"name\":\"Comment\",\"target\":[\"https:\/\/www.sonoraenequipo.com.mx\/inaugura-gobernadora-pavlovich-modernizacion-de-tramo-carretero-hermosillo-mazatan\/#respond\"]}]},{\"@type\":\"WebPage\",\"@id\":\"https:\/\/www.sonoraenequipo.com.mx\/inaugura-gobernadora-pavlovich-modernizacion-de-tramo-carretero-hermosillo-mazatan\/\",\"url\":\"https:\/\/www.sonoraenequipo.com.mx\/inaugura-gobernadora-pavlovich-modernizacion-de-tramo-carretero-hermosillo-mazatan\/\",\"name\":\"Sonora en Equipo. Inaugura Gobernadora Pavlovich modernizaci\u00f3n de tramo carretero Hermosillo-Mazat\u00e1n Sonora\",\"isPartOf\":{\"@id\":\"https:\/\/www.sonoraenequipo.com.mx\/#website\"},\"primaryImageOfPage\":{\"@id\":\"https:\/\/www.sonoraenequipo.com.mx\/inaugura-gobernadora-pavlovich-modernizacion-de-tramo-carretero-hermosillo-mazatan\/#primaryimage\"},\"image\":{\"@id\":\"https:\/\/www.sonoraenequipo.com.mx\/inaugura-gobernadora-pavlovich-modernizacion-de-tramo-carretero-hermosillo-mazatan\/#primaryimage\"},\"thumbnailUrl\":\"https:\/\/www.sonoraenequipo.com.mx\/storage\/2021\/07\/carretera-en-sonora_opt.jpg\",\"datePublished\":\"2021-07-26T03:25:46+00:00\",\"dateModified\":\"2021-07-26T04:46:53+00:00\",\"description\":\"HERMOSILLO, SONORA.MX. \u2014 Para facilitar y hacer m\u00e1s segura la vialidad en complemento del nuevo libramiento de Hermosillo, adem\u00e1s de brindar una soluci\u00f3n En Sonora en Equipo publicamos toda la informaci\u00f3n de Sonora, M\u00e9xico y el Mundo de manera oportuna y busca que la libertad de expresi\u00f3n sea real. Visita nuestro medio informativo publicado desde Hermosillo, Sonora. %\",\"breadcrumb\":{\"@id\":\"https:\/\/www.sonoraenequipo.com.mx\/inaugura-gobernadora-pavlovich-modernizacion-de-tramo-carretero-hermosillo-mazatan\/#breadcrumb\"},\"inLanguage\":\"es\",\"potentialAction\":[{\"@type\":\"ReadAction\",\"target\":[\"https:\/\/www.sonoraenequipo.com.mx\/inaugura-gobernadora-pavlovich-modernizacion-de-tramo-carretero-hermosillo-mazatan\/\"]}]},{\"@type\":\"ImageObject\",\"inLanguage\":\"es\",\"@id\":\"https:\/\/www.sonoraenequipo.com.mx\/inaugura-gobernadora-pavlovich-modernizacion-de-tramo-carretero-hermosillo-mazatan\/#primaryimage\",\"url\":\"https:\/\/www.sonoraenequipo.com.mx\/storage\/2021\/07\/carretera-en-sonora_opt.jpg\",\"contentUrl\":\"https:\/\/www.sonoraenequipo.com.mx\/storage\/2021\/07\/carretera-en-sonora_opt.jpg\",\"width\":700,\"height\":400},{\"@type\":\"BreadcrumbList\",\"@id\":\"https:\/\/www.sonoraenequipo.com.mx\/inaugura-gobernadora-pavlovich-modernizacion-de-tramo-carretero-hermosillo-mazatan\/#breadcrumb\",\"itemListElement\":[{\"@type\":\"ListItem\",\"position\":1,\"name\":\"Portada\",\"item\":\"https:\/\/www.sonoraenequipo.com.mx\/\"},{\"@type\":\"ListItem\",\"position\":2,\"name\":\"Inaugura Gobernadora Pavlovich modernizaci\u00f3n de tramo carretero Hermosillo-Mazat\u00e1n\"}]},{\"@type\":\"WebSite\",\"@id\":\"https:\/\/www.sonoraenequipo.com.mx\/#website\",\"url\":\"https:\/\/www.sonoraenequipo.com.mx\/\",\"name\":\"Sonora en Equipo.\",\"description\":\"Diario en l\u00ednea con Noticias desde Hermosillo, Sonora\",\"publisher\":{\"@id\":\"https:\/\/www.sonoraenequipo.com.mx\/#organization\"},\"potentialAction\":[{\"@type\":\"SearchAction\",\"target\":{\"@type\":\"EntryPoint\",\"urlTemplate\":\"https:\/\/www.sonoraenequipo.com.mx\/?s={search_term_string}\"},\"query-input\":{\"@type\":\"PropertyValueSpecification\",\"valueRequired\":true,\"valueName\":\"search_term_string\"}}],\"inLanguage\":\"es\"},{\"@type\":\"Organization\",\"@id\":\"https:\/\/www.sonoraenequipo.com.mx\/#organization\",\"name\":\"Sonoraenequipo.com.mx\",\"url\":\"https:\/\/www.sonoraenequipo.com.mx\/\",\"logo\":{\"@type\":\"ImageObject\",\"inLanguage\":\"es\",\"@id\":\"https:\/\/www.sonoraenequipo.com.mx\/#\/schema\/logo\/image\/\",\"url\":\"https:\/\/www.sonoraenequipo.com.mx\/storage\/2019\/01\/sonoraenequipo_opt.png\",\"contentUrl\":\"https:\/\/www.sonoraenequipo.com.mx\/storage\/2019\/01\/sonoraenequipo_opt.png\",\"width\":375,\"height\":125,\"caption\":\"Sonoraenequipo.com.mx\"},\"image\":{\"@id\":\"https:\/\/www.sonoraenequipo.com.mx\/#\/schema\/logo\/image\/\"},\"sameAs\":[\"https:\/\/www.facebook.com\/SonoraEE\/\",\"https:\/\/x.com\/sonoraenequipo\",\"https:\/\/www.youtube.com\/channel\/UC338nW-lPEYmJQs4ZABQ1SQ\"]},{\"@type\":\"Person\",\"@id\":\"https:\/\/www.sonoraenequipo.com.mx\/#\/schema\/person\/50102df0fb23a8fa9e8effad8fa81386\",\"name\":\"enequipo\",\"image\":{\"@type\":\"ImageObject\",\"inLanguage\":\"es\",\"@id\":\"https:\/\/www.sonoraenequipo.com.mx\/#\/schema\/person\/image\/\",\"url\":\"https:\/\/secure.gravatar.com\/avatar\/049821681b589dabc0bc20695993ccebb09f5b5d4d790cd9251b97faac7c652b?s=96&d=blank&r=g\",\"contentUrl\":\"https:\/\/secure.gravatar.com\/avatar\/049821681b589dabc0bc20695993ccebb09f5b5d4d790cd9251b97faac7c652b?s=96&d=blank&r=g\",\"caption\":\"enequipo\"},\"sameAs\":[\"https:\/\/www.facebook.com\/SonoraEE\"]}]}<\/script>\n ","yoast_head_json":{"title":"Sonora en Equipo. Inaugura Gobernadora Pavlovich modernizaci\u00f3n de tramo carretero Hermosillo-Mazat\u00e1n Sonora","description":"HERMOSILLO, SONORA.MX. \u2014 Para facilitar y hacer m\u00e1s segura la vialidad en complemento del nuevo libramiento de Hermosillo, adem\u00e1s de brindar una soluci\u00f3n En Sonora en Equipo publicamos toda la informaci\u00f3n de Sonora, M\u00e9xico y el Mundo de manera oportuna y busca que la libertad de expresi\u00f3n sea real. Visita nuestro medio informativo publicado desde Hermosillo, Sonora. %","robots":{"index":"index","follow":"follow","max-snippet":"max-snippet:-1","max-image-preview":"max-image-preview:large","max-video-preview":"max-video-preview:-1"},"canonical":"https:\/\/www.sonoraenequipo.com.mx\/inaugura-gobernadora-pavlovich-modernizacion-de-tramo-carretero-hermosillo-mazatan\/","og_locale":"es_ES","og_type":"article","og_title":"Sonora en Equipo. Inaugura Gobernadora Pavlovich modernizaci\u00f3n de tramo carretero Hermosillo-Mazat\u00e1n Sonora","og_description":"HERMOSILLO, SONORA.MX. \u2014 Para facilitar y hacer m\u00e1s segura la vialidad en complemento del nuevo libramiento de Hermosillo, adem\u00e1s de brindar una soluci\u00f3n En Sonora en Equipo publicamos toda la informaci\u00f3n de Sonora, M\u00e9xico y el Mundo de manera oportuna y busca que la libertad de expresi\u00f3n sea real. Visita nuestro medio informativo publicado desde Hermosillo, Sonora. %","og_url":"https:\/\/www.sonoraenequipo.com.mx\/inaugura-gobernadora-pavlovich-modernizacion-de-tramo-carretero-hermosillo-mazatan\/","og_site_name":"Sonora en Equipo.","article_publisher":"https:\/\/www.facebook.com\/SonoraEE\/","article_author":"https:\/\/www.facebook.com\/SonoraEE","article_published_time":"2021-07-26T03:25:46+00:00","article_modified_time":"2021-07-26T04:46:53+00:00","og_image":[{"width":700,"height":400,"url":"https:\/\/www.sonoraenequipo.com.mx\/storage\/2021\/07\/carretera-en-sonora_opt.jpg","type":"image\/jpeg"}],"author":"enequipo","twitter_card":"summary_large_image","twitter_creator":"@sonoraenequipo","twitter_site":"@sonoraenequipo","twitter_misc":{"Escrito por":"enequipo","Tiempo de lectura":"3 minutos"},"schema":{"@context":"https:\/\/schema.org","@graph":[{"@type":"Article","@id":"https:\/\/www.sonoraenequipo.com.mx\/inaugura-gobernadora-pavlovich-modernizacion-de-tramo-carretero-hermosillo-mazatan\/#article","isPartOf":{"@id":"https:\/\/www.sonoraenequipo.com.mx\/inaugura-gobernadora-pavlovich-modernizacion-de-tramo-carretero-hermosillo-mazatan\/"},"author":{"name":"enequipo","@id":"https:\/\/www.sonoraenequipo.com.mx\/#\/schema\/person\/50102df0fb23a8fa9e8effad8fa81386"},"headline":"Inaugura Gobernadora Pavlovich modernizaci\u00f3n de tramo carretero Hermosillo-Mazat\u00e1n","datePublished":"2021-07-26T03:25:46+00:00","dateModified":"2021-07-26T04:46:53+00:00","mainEntityOfPage":{"@id":"https:\/\/www.sonoraenequipo.com.mx\/inaugura-gobernadora-pavlovich-modernizacion-de-tramo-carretero-hermosillo-mazatan\/"},"wordCount":526,"commentCount":0,"publisher":{"@id":"https:\/\/www.sonoraenequipo.com.mx\/#organization"},"image":{"@id":"https:\/\/www.sonoraenequipo.com.mx\/inaugura-gobernadora-pavlovich-modernizacion-de-tramo-carretero-hermosillo-mazatan\/#primaryimage"},"thumbnailUrl":"https:\/\/www.sonoraenequipo.com.mx\/storage\/2021\/07\/carretera-en-sonora_opt.jpg","articleSection":["Sonora"],"inLanguage":"es","potentialAction":[{"@type":"CommentAction","name":"Comment","target":["https:\/\/www.sonoraenequipo.com.mx\/inaugura-gobernadora-pavlovich-modernizacion-de-tramo-carretero-hermosillo-mazatan\/#respond"]}]},{"@type":"WebPage","@id":"https:\/\/www.sonoraenequipo.com.mx\/inaugura-gobernadora-pavlovich-modernizacion-de-tramo-carretero-hermosillo-mazatan\/","url":"https:\/\/www.sonoraenequipo.com.mx\/inaugura-gobernadora-pavlovich-modernizacion-de-tramo-carretero-hermosillo-mazatan\/","name":"Sonora en Equipo. Inaugura Gobernadora Pavlovich modernizaci\u00f3n de tramo carretero Hermosillo-Mazat\u00e1n Sonora","isPartOf":{"@id":"https:\/\/www.sonoraenequipo.com.mx\/#website"},"primaryImageOfPage":{"@id":"https:\/\/www.sonoraenequipo.com.mx\/inaugura-gobernadora-pavlovich-modernizacion-de-tramo-carretero-hermosillo-mazatan\/#primaryimage"},"image":{"@id":"https:\/\/www.sonoraenequipo.com.mx\/inaugura-gobernadora-pavlovich-modernizacion-de-tramo-carretero-hermosillo-mazatan\/#primaryimage"},"thumbnailUrl":"https:\/\/www.sonoraenequipo.com.mx\/storage\/2021\/07\/carretera-en-sonora_opt.jpg","datePublished":"2021-07-26T03:25:46+00:00","dateModified":"2021-07-26T04:46:53+00:00","description":"HERMOSILLO, SONORA.MX. \u2014 Para facilitar y hacer m\u00e1s segura la vialidad en complemento del nuevo libramiento de Hermosillo, adem\u00e1s de brindar una soluci\u00f3n En Sonora en Equipo publicamos toda la informaci\u00f3n de Sonora, M\u00e9xico y el Mundo de manera oportuna y busca que la libertad de expresi\u00f3n sea real. Visita nuestro medio informativo publicado desde Hermosillo, Sonora. %","breadcrumb":{"@id":"https:\/\/www.sonoraenequipo.com.mx\/inaugura-gobernadora-pavlovich-modernizacion-de-tramo-carretero-hermosillo-mazatan\/#breadcrumb"},"inLanguage":"es","potentialAction":[{"@type":"ReadAction","target":["https:\/\/www.sonoraenequipo.com.mx\/inaugura-gobernadora-pavlovich-modernizacion-de-tramo-carretero-hermosillo-mazatan\/"]}]},{"@type":"ImageObject","inLanguage":"es","@id":"https:\/\/www.sonoraenequipo.com.mx\/inaugura-gobernadora-pavlovich-modernizacion-de-tramo-carretero-hermosillo-mazatan\/#primaryimage","url":"https:\/\/www.sonoraenequipo.com.mx\/storage\/2021\/07\/carretera-en-sonora_opt.jpg","contentUrl":"https:\/\/www.sonoraenequipo.com.mx\/storage\/2021\/07\/carretera-en-sonora_opt.jpg","width":700,"height":400},{"@type":"BreadcrumbList","@id":"https:\/\/www.sonoraenequipo.com.mx\/inaugura-gobernadora-pavlovich-modernizacion-de-tramo-carretero-hermosillo-mazatan\/#breadcrumb","itemListElement":[{"@type":"ListItem","position":1,"name":"Portada","item":"https:\/\/www.sonoraenequipo.com.mx\/"},{"@type":"ListItem","position":2,"name":"Inaugura Gobernadora Pavlovich modernizaci\u00f3n de tramo carretero Hermosillo-Mazat\u00e1n"}]},{"@type":"WebSite","@id":"https:\/\/www.sonoraenequipo.com.mx\/#website","url":"https:\/\/www.sonoraenequipo.com.mx\/","name":"Sonora en Equipo.","description":"Diario en l\u00ednea con Noticias desde Hermosillo, Sonora","publisher":{"@id":"https:\/\/www.sonoraenequipo.com.mx\/#organization"},"potentialAction":[{"@type":"SearchAction","target":{"@type":"EntryPoint","urlTemplate":"https:\/\/www.sonoraenequipo.com.mx\/?s={search_term_string}"},"query-input":{"@type":"PropertyValueSpecification","valueRequired":true,"valueName":"search_term_string"}}],"inLanguage":"es"},{"@type":"Organization","@id":"https:\/\/www.sonoraenequipo.com.mx\/#organization","name":"Sonoraenequipo.com.mx","url":"https:\/\/www.sonoraenequipo.com.mx\/","logo":{"@type":"ImageObject","inLanguage":"es","@id":"https:\/\/www.sonoraenequipo.com.mx\/#\/schema\/logo\/image\/","url":"https:\/\/www.sonoraenequipo.com.mx\/storage\/2019\/01\/sonoraenequipo_opt.png","contentUrl":"https:\/\/www.sonoraenequipo.com.mx\/storage\/2019\/01\/sonoraenequipo_opt.png","width":375,"height":125,"caption":"Sonoraenequipo.com.mx"},"image":{"@id":"https:\/\/www.sonoraenequipo.com.mx\/#\/schema\/logo\/image\/"},"sameAs":["https:\/\/www.facebook.com\/SonoraEE\/","https:\/\/x.com\/sonoraenequipo","https:\/\/www.youtube.com\/channel\/UC338nW-lPEYmJQs4ZABQ1SQ"]},{"@type":"Person","@id":"https:\/\/www.sonoraenequipo.com.mx\/#\/schema\/person\/50102df0fb23a8fa9e8effad8fa81386","name":"enequipo","image":{"@type":"ImageObject","inLanguage":"es","@id":"https:\/\/www.sonoraenequipo.com.mx\/#\/schema\/person\/image\/","url":"https:\/\/secure.gravatar.com\/avatar\/049821681b589dabc0bc20695993ccebb09f5b5d4d790cd9251b97faac7c652b?s=96&d=blank&r=g","contentUrl":"https:\/\/secure.gravatar.com\/avatar\/049821681b589dabc0bc20695993ccebb09f5b5d4d790cd9251b97faac7c652b?s=96&d=blank&r=g","caption":"enequipo"},"sameAs":["https:\/\/www.facebook.com\/SonoraEE"]}]}},"jetpack_featured_media_url":"https:\/\/www.sonoraenequipo.com.mx\/storage\/2021\/07\/carretera-en-sonora_opt.jpg","_links":{"self":[{"href":"https:\/\/www.sonoraenequipo.com.mx\/api\/wp\/v2\/posts\/119086","targetHints":{"allow":["GET"]}}],"collection":[{"href":"https:\/\/www.sonoraenequipo.com.mx\/api\/wp\/v2\/posts"}],"about":[{"href":"https:\/\/www.sonoraenequipo.com.mx\/api\/wp\/v2\/types\/post"}],"author":[{"embeddable":true,"href":"https:\/\/www.sonoraenequipo.com.mx\/api\/wp\/v2\/users\/1"}],"replies":[{"embeddable":true,"href":"https:\/\/www.sonoraenequipo.com.mx\/api\/wp\/v2\/comments?post=119086"}],"version-history":[{"count":1,"href":"https:\/\/www.sonoraenequipo.com.mx\/api\/wp\/v2\/posts\/119086\/revisions"}],"predecessor-version":[{"id":119089,"href":"https:\/\/www.sonoraenequipo.com.mx\/api\/wp\/v2\/posts\/119086\/revisions\/119089"}],"wp:featuredmedia":[{"embeddable":true,"href":"https:\/\/www.sonoraenequipo.com.mx\/api\/wp\/v2\/media\/119088"}],"wp:attachment":[{"href":"https:\/\/www.sonoraenequipo.com.mx\/api\/wp\/v2\/media?parent=119086"}],"wp:term":[{"taxonomy":"category","embeddable":true,"href":"https:\/\/www.sonoraenequipo.com.mx\/api\/wp\/v2\/categories?post=119086"},{"taxonomy":"post_tag","embeddable":true,"href":"https:\/\/www.sonoraenequipo.com.mx\/api\/wp\/v2\/tags?post=119086"}],"curies":[{"name":"wp","href":"https:\/\/api.w.org\/{rel}","templated":true}]}}