{"id":119099,"date":"2021-07-26T07:00:46","date_gmt":"2021-07-26T14:00:46","guid":{"rendered":"https:\/\/www.sonoraenequipo.com.mx\/?p=119099"},"modified":"2021-07-26T09:31:51","modified_gmt":"2021-07-26T16:31:51","slug":"fundamental-completar-el-esquema-de-vacunacion-contra-covid-19-para-aumentar-efectividad","status":"publish","type":"post","link":"https:\/\/www.sonoraenequipo.com.mx\/fundamental-completar-el-esquema-de-vacunacion-contra-covid-19-para-aumentar-efectividad\/","title":{"rendered":"Fundamental completar el esquema de vacunaci\u00f3n contra COVID-19 para aumentar efectividad"},"content":{"rendered":"<p>HERMOSILLO, SONORA.MX. \u2014 Es de vital importancia que se complete el esquema de vacunaci\u00f3n contra COVID-19, ya que con las dosis indicadas por cada biol\u00f3gico se tiene una efectividad de hasta arriba del 92 por ciento, indic\u00f3 Enrique Clausen Iberri, tras informarse que este d\u00eda se confirmaron 14 decesos por esta enfermedad y se contabilizaron 364 nuevos casos en el estado.<\/p>\n<p>&nbsp;<\/p>\n<p> <\/p>\n<p>&nbsp;<\/p>\n<p><em>\u201cEs fundamental el esquema completo de vacunaci\u00f3n contra COVID-19. Es impresionante el nivel de efectividad que muestran las vacunas, por arriba del 92 por ciento con esquema completo. Si solo te pones una dosis, perm\u00edteme decirte que s\u00f3lo est\u00e1s protegido al 30 por ciento para prevenir hospitalizaci\u00f3n por Coronavirus. Por lo que es necesario que te pongas la primera y la segunda dosis cuando as\u00ed te toque. Y de todos modos, no te quites el cubrebocas por ning\u00fan motivo. Frena contagios y agravamientos. Usa cubrebocas\u201d<\/em>, dijo.<\/p>\n<p>&nbsp;<\/p>\n<p>Se confirmaron 14 fallecimientos, en nueve hombres y cinco mujeres, seis de las personas eran residentes de Cajeme; cuatro de Navojoa; una de Guaymas; una de \u00c1lamos; una de Empalme; y una de General Plutarco El\u00edas Calles; 11 de ellas eran derechohabientes del IMSS; y tres de la Secretar\u00eda de Salud, acumul\u00e1ndose un total de 6 mil 664 defunciones.<\/p>\n<p>&nbsp;<\/p>\n<p>As\u00ed mismo, se registraron 364 nuevos casos por COVID, en 199 mujeres y 165 hombres, para un total de 85 mil 518 casos en la entidad. De los contagios nuevos, 124 son residentes de Hermosillo; 98 de Cajeme; 28 de Empalme; 27 de Guaymas; 22 de Navojoa; 10 de Huatabampo; nueve de Puerto Pe\u00f1asco; ocho de San Luis R\u00edo Colorado; ocho de Caborca; seis de Bavi\u00e1cora; seis de Nogales; cinco de Nacozari de Garc\u00eda; cuatro de General Plutarco El\u00edas Calles; tres de San Miguel de Horcasitas; tres de San Ignacio R\u00edo Muerto; uno de Carbonear; uno de Granados; y uno de Pitiquito.<\/p>\n<p>&nbsp;<\/p>\n<p>&nbsp;<\/p>\n<p>Se confirmaron 29 casos pedi\u00e1tricos, en 15 ni\u00f1os y 14 ni\u00f1as, acumul\u00e1ndose mil 915; adem\u00e1s cuatro casos en mujeres embarazadas, acumul\u00e1ndose 600 casos; cinco de los 364 casos fueron en trabajadores de la salud de distintas instituciones. 20 pacientes se dieron de alta y hasta el momento 74 mil 629 personas se han recuperado en la entidad.<\/p>\n<p>&nbsp;<\/p>\n<p>&nbsp;<\/p>\n<p>Al momento, se han realizado 157 mil 346 pruebas; se han confirmado 85 mil 518 casos y se han descartado 71 mil 828; en cuadro leve, 15 mil 235 casos, 3 mil 952 activos y 11 mil 283 concluyeron su seguimiento; 63 mil 346 pacientes se han curado y 273 pacientes se encuentran hospitalizados, 38 de ellos estables, 176 graves y 59 cr\u00edticos.<\/p>\n<p>&nbsp;<\/p>\n<p>&nbsp;<\/p>\n<h3>Casos COVID-19 en Sonora 85,518 casos confirmados y 6,664 defunciones<\/h3>\n<p>&nbsp;<\/p>\n<p>Defunciones registradas 25 de julio de 2021: 14<\/p>\n<p>Cajeme: 6<\/p>\n<p>Navojoa: 4<\/p>\n<p>Guayma: 1<\/p>\n<p>\u00c1lamos: 1<\/p>\n<p>Empalme: 1<\/p>\n<p>Gral. Plutarco El\u00edas Calles: 1<\/p>\n<p>&nbsp;<\/p>\n<p>Mujeres: 5\/ Hombres: 9<\/p>\n<p>Instituci\u00f3n M\u00e9dica<\/p>\n<p>IMSS: 11<\/p>\n<p>Secretar\u00eda de Salud: 3<\/p>\n<p>&nbsp;<\/p>\n<h3>Casos confirmados 25 de julio de 2021: 364<\/h3>\n<p>Hermosillo: 124<\/p>\n<p>Cajeme: 98<\/p>\n<p>Empalme: 28<\/p>\n<p>Guaymas: 27<\/p>\n<p>Navojoa: 22<\/p>\n<p>Huatabampo: 10<\/p>\n<p>Puerto Pe\u00f1asco: 9<\/p>\n<p>San Luis R\u00edo Colorado: 8<\/p>\n<p>Caborca: 8<\/p>\n<p>Bav\u00edacora: 6<\/p>\n<p>Nogales: 6<\/p>\n<p>Nacozari de Garc\u00eda: 5<\/p>\n<p>Gral. Plutarco El\u00edas Calles: 4<\/p>\n<p>San Miguel de Horcasitas: 3<\/p>\n<p>San Ignacio R\u00edo Muerto: 3<\/p>\n<p>Carb\u00f3: 1<\/p>\n<p>Granados: 1<\/p>\n<p>Pitiquito: 1<\/p>\n<p>&nbsp;<\/p>\n<p>Mujeres: 199\/ Hombres: 165<\/p>\n<p>Instituci\u00f3n M\u00e9dica<\/p>\n<p>Secretar\u00eda de Salud: 182<\/p>\n<p>IMSS: 167<\/p>\n<p>Isssteson: 13<\/p>\n<p>Issste: 2<\/p>\n<p>&nbsp;<\/p>\n<p>Acumulados<\/p>\n<p>Defunciones: 6,664<\/p>\n<p>Hermosillo: 2,179<\/p>\n<p>Cajeme: 1,152<\/p>\n<p>San Luis R\u00edo Colorado: 528<\/p>\n<p>Nogales: 527<\/p>\n<p>Guaymas: 397<\/p>\n<p>Navojoa: 311<\/p>\n<p>Agua Prieta: 226<\/p>\n<p>Caborca: 189<\/p>\n<p>Huatabampo: 165<\/p>\n<p>Empalme: 122<\/p>\n<p>Cananea: 120<\/p>\n<p>Etchojoa: 99<\/p>\n<p>Puerto Pe\u00f1asco: 82<\/p>\n<p>Magdalena: 77<\/p>\n<p>Nacozari de Garc\u00eda: 56<\/p>\n<p>Benito Ju\u00e1rez: 53<\/p>\n<p>Santa Ana: 45<\/p>\n<p>B\u00e1cum: 45<\/p>\n<p>San Ignacio R\u00edo Muerto: 26<\/p>\n<p>Gral. Plutarco El\u00edas Calles: 26<\/p>\n<p>\u00c1lamos: 25<\/p>\n<p>\u00cdmuris: 23<\/p>\n<p>Pitiquito: 20<\/p>\n<p>Fronteras: 17<\/p>\n<p>Cumpas: 16<\/p>\n<p>Naco: 11<\/p>\n<p>Moctezuma: 10<\/p>\n<p>Ures: 9<\/p>\n<p>Rosario: 9<\/p>\n<p>Sahuaripa: 8<\/p>\n<p>Villa Hidalgo: 7<\/p>\n<p>Bavi\u00e1cora: 7<\/p>\n<p>Bacoachi: 7<\/p>\n<p>Altar: 8<\/p>\n<p>Benjam\u00edn Hill: 6<\/p>\n<p>San Miguel de Horcasitas: 5<\/p>\n<p>Aconchi: 5<\/p>\n<p>S\u00e1ric: 4<\/p>\n<p>Ray\u00f3n: 3<\/p>\n<p>Carb\u00f3: 3<\/p>\n<p>Quiriego: 5<\/p>\n<p>Bacerac: 3<\/p>\n<p>Arizpe: 3<\/p>\n<p>Ban\u00e1michi: 3<\/p>\n<p>Bavispe: 2<\/p>\n<p>N\u00e1cori Chico: 2<\/p>\n<p>San Pedro de la Cueva: 2<\/p>\n<p>Arivechi: 2<\/p>\n<p>Cucurpe: 2<\/p>\n<p>Hu\u00e9pac: 2<\/p>\n<p>Tepache: 2<\/p>\n<p>Y\u00e9cora: 2<\/p>\n<p>Opodepe: 1<\/p>\n<p>San Felipe de Jes\u00fas: 1<\/p>\n<p>Granados: 1<\/p>\n<p>Oquitoa: 1<\/p>\n<p>Santa Cruz: 1<\/p>\n<p>Mazat\u00e1n: 1<\/p>\n<p>Hombres: 3,804\/ Mujeres: 2,860<\/p>\n<p>Instituci\u00f3n M\u00e9dica<\/p>\n<p>IMSS: 4,225<\/p>\n<p>Secretar\u00eda de Salud: 1,860<\/p>\n<p>Isssteson: 428<\/p>\n<p>Issste: 142<\/p>\n<p>Sedena: 5<\/p>\n<p>Semar: 4<\/p>\n<p>&nbsp;<\/p>\n<h3>\nTotal de casos confirmados: 85,518<\/h3>\n<p>Hermosillo: 38,642 municipio con mayor incidencia con un 46% del total.<\/p>\n<p>Cajeme: 12,478 que representan el 14% del total.<\/p>\n<p>Nogales: 5,129 que representan el 6% del total<\/p>\n<p>Guaymas: 4,265<\/p>\n<p>Caborca: 4,170<\/p>\n<p>Navojoa: 4,069<\/p>\n<p>San Luis R\u00edo Colorado: 3,362<\/p>\n<p>Cananea: 1,968<\/p>\n<p>Huatabampo: 1,771<\/p>\n<p>Empalme: 1,680<\/p>\n<p>Agua Prieta: 1,330<\/p>\n<p>Etchojoa: 754<\/p>\n<p>Puerto Pe\u00f1asco: 738<\/p>\n<p>Magdalena: 683<\/p>\n<p>Santa Ana: 467<\/p>\n<p>\u00c1lamos: 413<\/p>\n<p>Benito Ju\u00e1rez: 388<\/p>\n<p>Nacozari de Garc\u00eda: 371<\/p>\n<p>B\u00e1cum: 328<\/p>\n<p>Pitiquito: 318<\/p>\n<p>Gral. Plutarco El\u00edas Calles: 264<\/p>\n<p>San Ignacio R\u00edo Muerto: 214<\/p>\n<p>Sahuaripa: 155<\/p>\n<p>Bavi\u00e1cora: 151<\/p>\n<p>Altar: 131<\/p>\n<p>\u00cdmuris: 123<\/p>\n<p>Ures: 97<\/p>\n<p>Moctezuma: 89<\/p>\n<p>Rosario: 81<\/p>\n<p>Cumpas: 77<\/p>\n<p>N\u00e1cori Chico: 66<\/p>\n<p>Benjam\u00edn Hill: 58<\/p>\n<p>Y\u00e9cora: 57<\/p>\n<p>Bacoachi: 52<\/p>\n<p>Fronteras: 45<\/p>\n<p>Granados: 45<\/p>\n<p>Naco: 43<\/p>\n<p>Aconchi: 36<\/p>\n<p>Carb\u00f3: 36<\/p>\n<p>Arizpe: 33<\/p>\n<p>S\u00e1ric: 29<\/p>\n<p>San Miguel de Horcasitas: 29<\/p>\n<p>Ban\u00e1michi: 25<\/p>\n<p>Arivechi: 23<\/p>\n<p>Quiriego: 23<\/p>\n<p>Villa Hidalgo: 16<\/p>\n<p>Ray\u00f3n: 14<\/p>\n<p>Trincheras: 14<\/p>\n<p>San Pedro de la Cueva: 14<\/p>\n<p>Cucurpe: 13<\/p>\n<p>Bacanora: 13<\/p>\n<p>Hu\u00e1sabas: 12<\/p>\n<p>Tepache: 11<\/p>\n<p>\u00c1til: 10<\/p>\n<p>Bacerac: 8<\/p>\n<p>Huachinera: 7<\/p>\n<p>Bavispe: 7<\/p>\n<p>Tubutama: 7<\/p>\n<p>Villa Pesqueira: 7<\/p>\n<p>\u00d3navas: 6<\/p>\n<p>San Javier: 6<\/p>\n<p>Divisaderos: 6<\/p>\n<p>Oquitoa: 6<\/p>\n<p>San Felipe de Jes\u00fas: 6<\/p>\n<p>Bacad\u00e9huachi: 5<\/p>\n<p>Hu\u00e9pac: 5<\/p>\n<p>Mazat\u00e1n: 5<\/p>\n<p>Opodepe: 5<\/p>\n<p>Santa Cruz: 4<\/p>\n<p>La Colorada: 2<\/p>\n<p>Soyopa: 2<\/p>\n<p>Suaqui Grande: 1<\/p>\n<p>Mujeres: 46,036\/Hombres: 39,482<\/p>\n<p>Instituci\u00f3n M\u00e9dica<\/p>\n<p>Secretar\u00eda de Salud: 57,275<\/p>\n<p>IMSS: 20,199<\/p>\n<p>Isssteson: 6,603<\/p>\n<p>Issste: 1,197<\/p>\n<p>Sedena: 229<\/p>\n<p>Semar: 15<\/p>\n<p>&nbsp;<\/p>\n<p>Casos estudiados: 157,346<\/p>\n<p>Confirmados: 85,518<\/p>\n<p>Descartados: 71,828<\/p>\n<p>Cuadro leve: 15,235<\/p>\n<p>Pacientes activos: 3,952<\/p>\n<p>Pacientes en seguimiento terminado: 11,283<\/p>\n<p>Curados: 63,346<\/p>\n<p>Hospitalizados: 273<\/p>\n<p>Estables: 38<\/p>\n<p>Graves: 176<\/p>\n<p>Pacientes graves con ventilaci\u00f3n mec\u00e1nica invasiva: 59<\/p>\n<p>&nbsp;<\/p>\n<p>(Publicada el 26\/07\/2021)<\/p>\n","protected":false},"excerpt":{"rendered":"<p>HERMOSILLO, SONORA.MX. \u2014 Es de vital importancia que se complete el esquema de vacunaci\u00f3n contra&#8230;<\/p>\n","protected":false},"author":1,"featured_media":119101,"comment_status":"open","ping_status":"open","sticky":false,"template":"","format":"standard","meta":{"_monsterinsights_skip_tracking":false,"_monsterinsights_sitenote_active":false,"_monsterinsights_sitenote_note":"","_monsterinsights_sitenote_category":0,"footnotes":""},"categories":[22],"tags":[],"class_list":["post"],"yoast_head":" \n<title>Sonora en Equipo. Fundamental completar el esquema de vacunaci\u00f3n contra COVID-19 para aumentar efectividad Sonora<\/title>\n<meta name=\"description\" content=\"HERMOSILLO, SONORA.MX. \u2014 Es de vital importancia que se complete el esquema de vacunaci\u00f3n contra COVID-19, ya que con las dosis indicadas por cada En Sonora en Equipo publicamos toda la informaci\u00f3n de Sonora, M\u00e9xico y el Mundo de manera oportuna y busca que la libertad de expresi\u00f3n sea real. Visita nuestro medio informativo publicado desde Hermosillo, Sonora. %\" \/>\n<meta name=\"robots\" content=\"index, follow, max-snippet:-1, max-image-preview:large, max-video-preview:-1\" \/>\n<link rel=\"canonical\" href=\"https:\/\/www.sonoraenequipo.com.mx\/fundamental-completar-el-esquema-de-vacunacion-contra-covid-19-para-aumentar-efectividad\/\" \/>\n<meta property=\"og:locale\" content=\"es_ES\" \/>\n<meta property=\"og:type\" content=\"article\" \/>\n<meta property=\"og:title\" content=\"Sonora en Equipo. Fundamental completar el esquema de vacunaci\u00f3n contra COVID-19 para aumentar efectividad Sonora\" \/>\n<meta property=\"og:description\" content=\"HERMOSILLO, SONORA.MX. \u2014 Es de vital importancia que se complete el esquema de vacunaci\u00f3n contra COVID-19, ya que con las dosis indicadas por cada En Sonora en Equipo publicamos toda la informaci\u00f3n de Sonora, M\u00e9xico y el Mundo de manera oportuna y busca que la libertad de expresi\u00f3n sea real. Visita nuestro medio informativo publicado desde Hermosillo, Sonora. %\" \/>\n<meta property=\"og:url\" content=\"https:\/\/www.sonoraenequipo.com.mx\/fundamental-completar-el-esquema-de-vacunacion-contra-covid-19-para-aumentar-efectividad\/\" \/>\n<meta property=\"og:site_name\" content=\"Sonora en Equipo.\" \/>\n<meta property=\"article:publisher\" content=\"https:\/\/www.facebook.com\/SonoraEE\/\" \/>\n<meta property=\"article:author\" content=\"https:\/\/www.facebook.com\/SonoraEE\" \/>\n<meta property=\"article:published_time\" content=\"2021-07-26T14:00:46+00:00\" \/>\n<meta property=\"article:modified_time\" content=\"2021-07-26T16:31:51+00:00\" \/>\n<meta property=\"og:image\" content=\"https:\/\/www.sonoraenequipo.com.mx\/storage\/2021\/07\/2607_opt.jpg\" \/>\n\t<meta property=\"og:image:width\" content=\"700\" \/>\n\t<meta property=\"og:image:height\" content=\"400\" \/>\n\t<meta property=\"og:image:type\" content=\"image\/jpeg\" \/>\n<meta name=\"author\" content=\"enequipo\" \/>\n<meta name=\"twitter:card\" content=\"summary_large_image\" \/>\n<meta name=\"twitter:creator\" content=\"@sonoraenequipo\" \/>\n<meta name=\"twitter:site\" content=\"@sonoraenequipo\" \/>\n<meta name=\"twitter:label1\" content=\"Escrito por\" \/>\n\t<meta name=\"twitter:data1\" content=\"enequipo\" \/>\n\t<meta name=\"twitter:label2\" content=\"Tiempo de lectura\" \/>\n\t<meta name=\"twitter:data2\" content=\"5 minutos\" \/>\n<script type=\"application\/ld+json\" class=\"yoast-schema-graph\">{\"@context\":\"https:\/\/schema.org\",\"@graph\":[{\"@type\":\"Article\",\"@id\":\"https:\/\/www.sonoraenequipo.com.mx\/fundamental-completar-el-esquema-de-vacunacion-contra-covid-19-para-aumentar-efectividad\/#article\",\"isPartOf\":{\"@id\":\"https:\/\/www.sonoraenequipo.com.mx\/fundamental-completar-el-esquema-de-vacunacion-contra-covid-19-para-aumentar-efectividad\/\"},\"author\":{\"name\":\"enequipo\",\"@id\":\"https:\/\/www.sonoraenequipo.com.mx\/#\/schema\/person\/50102df0fb23a8fa9e8effad8fa81386\"},\"headline\":\"Fundamental completar el esquema de vacunaci\u00f3n contra COVID-19 para aumentar efectividad\",\"datePublished\":\"2021-07-26T14:00:46+00:00\",\"dateModified\":\"2021-07-26T16:31:51+00:00\",\"mainEntityOfPage\":{\"@id\":\"https:\/\/www.sonoraenequipo.com.mx\/fundamental-completar-el-esquema-de-vacunacion-contra-covid-19-para-aumentar-efectividad\/\"},\"wordCount\":835,\"commentCount\":0,\"publisher\":{\"@id\":\"https:\/\/www.sonoraenequipo.com.mx\/#organization\"},\"image\":{\"@id\":\"https:\/\/www.sonoraenequipo.com.mx\/fundamental-completar-el-esquema-de-vacunacion-contra-covid-19-para-aumentar-efectividad\/#primaryimage\"},\"thumbnailUrl\":\"https:\/\/www.sonoraenequipo.com.mx\/storage\/2021\/07\/2607_opt.jpg\",\"articleSection\":[\"Sonora\"],\"inLanguage\":\"es\",\"potentialAction\":[{\"@type\":\"CommentAction\",\"name\":\"Comment\",\"target\":[\"https:\/\/www.sonoraenequipo.com.mx\/fundamental-completar-el-esquema-de-vacunacion-contra-covid-19-para-aumentar-efectividad\/#respond\"]}]},{\"@type\":\"WebPage\",\"@id\":\"https:\/\/www.sonoraenequipo.com.mx\/fundamental-completar-el-esquema-de-vacunacion-contra-covid-19-para-aumentar-efectividad\/\",\"url\":\"https:\/\/www.sonoraenequipo.com.mx\/fundamental-completar-el-esquema-de-vacunacion-contra-covid-19-para-aumentar-efectividad\/\",\"name\":\"Sonora en Equipo. Fundamental completar el esquema de vacunaci\u00f3n contra COVID-19 para aumentar efectividad Sonora\",\"isPartOf\":{\"@id\":\"https:\/\/www.sonoraenequipo.com.mx\/#website\"},\"primaryImageOfPage\":{\"@id\":\"https:\/\/www.sonoraenequipo.com.mx\/fundamental-completar-el-esquema-de-vacunacion-contra-covid-19-para-aumentar-efectividad\/#primaryimage\"},\"image\":{\"@id\":\"https:\/\/www.sonoraenequipo.com.mx\/fundamental-completar-el-esquema-de-vacunacion-contra-covid-19-para-aumentar-efectividad\/#primaryimage\"},\"thumbnailUrl\":\"https:\/\/www.sonoraenequipo.com.mx\/storage\/2021\/07\/2607_opt.jpg\",\"datePublished\":\"2021-07-26T14:00:46+00:00\",\"dateModified\":\"2021-07-26T16:31:51+00:00\",\"description\":\"HERMOSILLO, SONORA.MX. \u2014 Es de vital importancia que se complete el esquema de vacunaci\u00f3n contra COVID-19, ya que con las dosis indicadas por cada En Sonora en Equipo publicamos toda la informaci\u00f3n de Sonora, M\u00e9xico y el Mundo de manera oportuna y busca que la libertad de expresi\u00f3n sea real. Visita nuestro medio informativo publicado desde Hermosillo, Sonora. %\",\"breadcrumb\":{\"@id\":\"https:\/\/www.sonoraenequipo.com.mx\/fundamental-completar-el-esquema-de-vacunacion-contra-covid-19-para-aumentar-efectividad\/#breadcrumb\"},\"inLanguage\":\"es\",\"potentialAction\":[{\"@type\":\"ReadAction\",\"target\":[\"https:\/\/www.sonoraenequipo.com.mx\/fundamental-completar-el-esquema-de-vacunacion-contra-covid-19-para-aumentar-efectividad\/\"]}]},{\"@type\":\"ImageObject\",\"inLanguage\":\"es\",\"@id\":\"https:\/\/www.sonoraenequipo.com.mx\/fundamental-completar-el-esquema-de-vacunacion-contra-covid-19-para-aumentar-efectividad\/#primaryimage\",\"url\":\"https:\/\/www.sonoraenequipo.com.mx\/storage\/2021\/07\/2607_opt.jpg\",\"contentUrl\":\"https:\/\/www.sonoraenequipo.com.mx\/storage\/2021\/07\/2607_opt.jpg\",\"width\":700,\"height\":400},{\"@type\":\"BreadcrumbList\",\"@id\":\"https:\/\/www.sonoraenequipo.com.mx\/fundamental-completar-el-esquema-de-vacunacion-contra-covid-19-para-aumentar-efectividad\/#breadcrumb\",\"itemListElement\":[{\"@type\":\"ListItem\",\"position\":1,\"name\":\"Portada\",\"item\":\"https:\/\/www.sonoraenequipo.com.mx\/\"},{\"@type\":\"ListItem\",\"position\":2,\"name\":\"Fundamental completar el esquema de vacunaci\u00f3n contra COVID-19 para aumentar efectividad\"}]},{\"@type\":\"WebSite\",\"@id\":\"https:\/\/www.sonoraenequipo.com.mx\/#website\",\"url\":\"https:\/\/www.sonoraenequipo.com.mx\/\",\"name\":\"Sonora en Equipo.\",\"description\":\"Diario en l\u00ednea con Noticias desde Hermosillo, Sonora\",\"publisher\":{\"@id\":\"https:\/\/www.sonoraenequipo.com.mx\/#organization\"},\"potentialAction\":[{\"@type\":\"SearchAction\",\"target\":{\"@type\":\"EntryPoint\",\"urlTemplate\":\"https:\/\/www.sonoraenequipo.com.mx\/?s={search_term_string}\"},\"query-input\":{\"@type\":\"PropertyValueSpecification\",\"valueRequired\":true,\"valueName\":\"search_term_string\"}}],\"inLanguage\":\"es\"},{\"@type\":\"Organization\",\"@id\":\"https:\/\/www.sonoraenequipo.com.mx\/#organization\",\"name\":\"Sonoraenequipo.com.mx\",\"url\":\"https:\/\/www.sonoraenequipo.com.mx\/\",\"logo\":{\"@type\":\"ImageObject\",\"inLanguage\":\"es\",\"@id\":\"https:\/\/www.sonoraenequipo.com.mx\/#\/schema\/logo\/image\/\",\"url\":\"https:\/\/www.sonoraenequipo.com.mx\/storage\/2019\/01\/sonoraenequipo_opt.png\",\"contentUrl\":\"https:\/\/www.sonoraenequipo.com.mx\/storage\/2019\/01\/sonoraenequipo_opt.png\",\"width\":375,\"height\":125,\"caption\":\"Sonoraenequipo.com.mx\"},\"image\":{\"@id\":\"https:\/\/www.sonoraenequipo.com.mx\/#\/schema\/logo\/image\/\"},\"sameAs\":[\"https:\/\/www.facebook.com\/SonoraEE\/\",\"https:\/\/x.com\/sonoraenequipo\",\"https:\/\/www.youtube.com\/channel\/UC338nW-lPEYmJQs4ZABQ1SQ\"]},{\"@type\":\"Person\",\"@id\":\"https:\/\/www.sonoraenequipo.com.mx\/#\/schema\/person\/50102df0fb23a8fa9e8effad8fa81386\",\"name\":\"enequipo\",\"image\":{\"@type\":\"ImageObject\",\"inLanguage\":\"es\",\"@id\":\"https:\/\/www.sonoraenequipo.com.mx\/#\/schema\/person\/image\/\",\"url\":\"https:\/\/secure.gravatar.com\/avatar\/049821681b589dabc0bc20695993ccebb09f5b5d4d790cd9251b97faac7c652b?s=96&d=blank&r=g\",\"contentUrl\":\"https:\/\/secure.gravatar.com\/avatar\/049821681b589dabc0bc20695993ccebb09f5b5d4d790cd9251b97faac7c652b?s=96&d=blank&r=g\",\"caption\":\"enequipo\"},\"sameAs\":[\"https:\/\/www.facebook.com\/SonoraEE\"]}]}<\/script>\n ","yoast_head_json":{"title":"Sonora en Equipo. Fundamental completar el esquema de vacunaci\u00f3n contra COVID-19 para aumentar efectividad Sonora","description":"HERMOSILLO, SONORA.MX. \u2014 Es de vital importancia que se complete el esquema de vacunaci\u00f3n contra COVID-19, ya que con las dosis indicadas por cada En Sonora en Equipo publicamos toda la informaci\u00f3n de Sonora, M\u00e9xico y el Mundo de manera oportuna y busca que la libertad de expresi\u00f3n sea real. Visita nuestro medio informativo publicado desde Hermosillo, Sonora. %","robots":{"index":"index","follow":"follow","max-snippet":"max-snippet:-1","max-image-preview":"max-image-preview:large","max-video-preview":"max-video-preview:-1"},"canonical":"https:\/\/www.sonoraenequipo.com.mx\/fundamental-completar-el-esquema-de-vacunacion-contra-covid-19-para-aumentar-efectividad\/","og_locale":"es_ES","og_type":"article","og_title":"Sonora en Equipo. Fundamental completar el esquema de vacunaci\u00f3n contra COVID-19 para aumentar efectividad Sonora","og_description":"HERMOSILLO, SONORA.MX. \u2014 Es de vital importancia que se complete el esquema de vacunaci\u00f3n contra COVID-19, ya que con las dosis indicadas por cada En Sonora en Equipo publicamos toda la informaci\u00f3n de Sonora, M\u00e9xico y el Mundo de manera oportuna y busca que la libertad de expresi\u00f3n sea real. Visita nuestro medio informativo publicado desde Hermosillo, Sonora. %","og_url":"https:\/\/www.sonoraenequipo.com.mx\/fundamental-completar-el-esquema-de-vacunacion-contra-covid-19-para-aumentar-efectividad\/","og_site_name":"Sonora en Equipo.","article_publisher":"https:\/\/www.facebook.com\/SonoraEE\/","article_author":"https:\/\/www.facebook.com\/SonoraEE","article_published_time":"2021-07-26T14:00:46+00:00","article_modified_time":"2021-07-26T16:31:51+00:00","og_image":[{"width":700,"height":400,"url":"https:\/\/www.sonoraenequipo.com.mx\/storage\/2021\/07\/2607_opt.jpg","type":"image\/jpeg"}],"author":"enequipo","twitter_card":"summary_large_image","twitter_creator":"@sonoraenequipo","twitter_site":"@sonoraenequipo","twitter_misc":{"Escrito por":"enequipo","Tiempo de lectura":"5 minutos"},"schema":{"@context":"https:\/\/schema.org","@graph":[{"@type":"Article","@id":"https:\/\/www.sonoraenequipo.com.mx\/fundamental-completar-el-esquema-de-vacunacion-contra-covid-19-para-aumentar-efectividad\/#article","isPartOf":{"@id":"https:\/\/www.sonoraenequipo.com.mx\/fundamental-completar-el-esquema-de-vacunacion-contra-covid-19-para-aumentar-efectividad\/"},"author":{"name":"enequipo","@id":"https:\/\/www.sonoraenequipo.com.mx\/#\/schema\/person\/50102df0fb23a8fa9e8effad8fa81386"},"headline":"Fundamental completar el esquema de vacunaci\u00f3n contra COVID-19 para aumentar efectividad","datePublished":"2021-07-26T14:00:46+00:00","dateModified":"2021-07-26T16:31:51+00:00","mainEntityOfPage":{"@id":"https:\/\/www.sonoraenequipo.com.mx\/fundamental-completar-el-esquema-de-vacunacion-contra-covid-19-para-aumentar-efectividad\/"},"wordCount":835,"commentCount":0,"publisher":{"@id":"https:\/\/www.sonoraenequipo.com.mx\/#organization"},"image":{"@id":"https:\/\/www.sonoraenequipo.com.mx\/fundamental-completar-el-esquema-de-vacunacion-contra-covid-19-para-aumentar-efectividad\/#primaryimage"},"thumbnailUrl":"https:\/\/www.sonoraenequipo.com.mx\/storage\/2021\/07\/2607_opt.jpg","articleSection":["Sonora"],"inLanguage":"es","potentialAction":[{"@type":"CommentAction","name":"Comment","target":["https:\/\/www.sonoraenequipo.com.mx\/fundamental-completar-el-esquema-de-vacunacion-contra-covid-19-para-aumentar-efectividad\/#respond"]}]},{"@type":"WebPage","@id":"https:\/\/www.sonoraenequipo.com.mx\/fundamental-completar-el-esquema-de-vacunacion-contra-covid-19-para-aumentar-efectividad\/","url":"https:\/\/www.sonoraenequipo.com.mx\/fundamental-completar-el-esquema-de-vacunacion-contra-covid-19-para-aumentar-efectividad\/","name":"Sonora en Equipo. Fundamental completar el esquema de vacunaci\u00f3n contra COVID-19 para aumentar efectividad Sonora","isPartOf":{"@id":"https:\/\/www.sonoraenequipo.com.mx\/#website"},"primaryImageOfPage":{"@id":"https:\/\/www.sonoraenequipo.com.mx\/fundamental-completar-el-esquema-de-vacunacion-contra-covid-19-para-aumentar-efectividad\/#primaryimage"},"image":{"@id":"https:\/\/www.sonoraenequipo.com.mx\/fundamental-completar-el-esquema-de-vacunacion-contra-covid-19-para-aumentar-efectividad\/#primaryimage"},"thumbnailUrl":"https:\/\/www.sonoraenequipo.com.mx\/storage\/2021\/07\/2607_opt.jpg","datePublished":"2021-07-26T14:00:46+00:00","dateModified":"2021-07-26T16:31:51+00:00","description":"HERMOSILLO, SONORA.MX. \u2014 Es de vital importancia que se complete el esquema de vacunaci\u00f3n contra COVID-19, ya que con las dosis indicadas por cada En Sonora en Equipo publicamos toda la informaci\u00f3n de Sonora, M\u00e9xico y el Mundo de manera oportuna y busca que la libertad de expresi\u00f3n sea real. Visita nuestro medio informativo publicado desde Hermosillo, Sonora. %","breadcrumb":{"@id":"https:\/\/www.sonoraenequipo.com.mx\/fundamental-completar-el-esquema-de-vacunacion-contra-covid-19-para-aumentar-efectividad\/#breadcrumb"},"inLanguage":"es","potentialAction":[{"@type":"ReadAction","target":["https:\/\/www.sonoraenequipo.com.mx\/fundamental-completar-el-esquema-de-vacunacion-contra-covid-19-para-aumentar-efectividad\/"]}]},{"@type":"ImageObject","inLanguage":"es","@id":"https:\/\/www.sonoraenequipo.com.mx\/fundamental-completar-el-esquema-de-vacunacion-contra-covid-19-para-aumentar-efectividad\/#primaryimage","url":"https:\/\/www.sonoraenequipo.com.mx\/storage\/2021\/07\/2607_opt.jpg","contentUrl":"https:\/\/www.sonoraenequipo.com.mx\/storage\/2021\/07\/2607_opt.jpg","width":700,"height":400},{"@type":"BreadcrumbList","@id":"https:\/\/www.sonoraenequipo.com.mx\/fundamental-completar-el-esquema-de-vacunacion-contra-covid-19-para-aumentar-efectividad\/#breadcrumb","itemListElement":[{"@type":"ListItem","position":1,"name":"Portada","item":"https:\/\/www.sonoraenequipo.com.mx\/"},{"@type":"ListItem","position":2,"name":"Fundamental completar el esquema de vacunaci\u00f3n contra COVID-19 para aumentar efectividad"}]},{"@type":"WebSite","@id":"https:\/\/www.sonoraenequipo.com.mx\/#website","url":"https:\/\/www.sonoraenequipo.com.mx\/","name":"Sonora en Equipo.","description":"Diario en l\u00ednea con Noticias desde Hermosillo, Sonora","publisher":{"@id":"https:\/\/www.sonoraenequipo.com.mx\/#organization"},"potentialAction":[{"@type":"SearchAction","target":{"@type":"EntryPoint","urlTemplate":"https:\/\/www.sonoraenequipo.com.mx\/?s={search_term_string}"},"query-input":{"@type":"PropertyValueSpecification","valueRequired":true,"valueName":"search_term_string"}}],"inLanguage":"es"},{"@type":"Organization","@id":"https:\/\/www.sonoraenequipo.com.mx\/#organization","name":"Sonoraenequipo.com.mx","url":"https:\/\/www.sonoraenequipo.com.mx\/","logo":{"@type":"ImageObject","inLanguage":"es","@id":"https:\/\/www.sonoraenequipo.com.mx\/#\/schema\/logo\/image\/","url":"https:\/\/www.sonoraenequipo.com.mx\/storage\/2019\/01\/sonoraenequipo_opt.png","contentUrl":"https:\/\/www.sonoraenequipo.com.mx\/storage\/2019\/01\/sonoraenequipo_opt.png","width":375,"height":125,"caption":"Sonoraenequipo.com.mx"},"image":{"@id":"https:\/\/www.sonoraenequipo.com.mx\/#\/schema\/logo\/image\/"},"sameAs":["https:\/\/www.facebook.com\/SonoraEE\/","https:\/\/x.com\/sonoraenequipo","https:\/\/www.youtube.com\/channel\/UC338nW-lPEYmJQs4ZABQ1SQ"]},{"@type":"Person","@id":"https:\/\/www.sonoraenequipo.com.mx\/#\/schema\/person\/50102df0fb23a8fa9e8effad8fa81386","name":"enequipo","image":{"@type":"ImageObject","inLanguage":"es","@id":"https:\/\/www.sonoraenequipo.com.mx\/#\/schema\/person\/image\/","url":"https:\/\/secure.gravatar.com\/avatar\/049821681b589dabc0bc20695993ccebb09f5b5d4d790cd9251b97faac7c652b?s=96&d=blank&r=g","contentUrl":"https:\/\/secure.gravatar.com\/avatar\/049821681b589dabc0bc20695993ccebb09f5b5d4d790cd9251b97faac7c652b?s=96&d=blank&r=g","caption":"enequipo"},"sameAs":["https:\/\/www.facebook.com\/SonoraEE"]}]}},"jetpack_featured_media_url":"https:\/\/www.sonoraenequipo.com.mx\/storage\/2021\/07\/2607_opt.jpg","_links":{"self":[{"href":"https:\/\/www.sonoraenequipo.com.mx\/api\/wp\/v2\/posts\/119099","targetHints":{"allow":["GET"]}}],"collection":[{"href":"https:\/\/www.sonoraenequipo.com.mx\/api\/wp\/v2\/posts"}],"about":[{"href":"https:\/\/www.sonoraenequipo.com.mx\/api\/wp\/v2\/types\/post"}],"author":[{"embeddable":true,"href":"https:\/\/www.sonoraenequipo.com.mx\/api\/wp\/v2\/users\/1"}],"replies":[{"embeddable":true,"href":"https:\/\/www.sonoraenequipo.com.mx\/api\/wp\/v2\/comments?post=119099"}],"version-history":[{"count":1,"href":"https:\/\/www.sonoraenequipo.com.mx\/api\/wp\/v2\/posts\/119099\/revisions"}],"predecessor-version":[{"id":119102,"href":"https:\/\/www.sonoraenequipo.com.mx\/api\/wp\/v2\/posts\/119099\/revisions\/119102"}],"wp:featuredmedia":[{"embeddable":true,"href":"https:\/\/www.sonoraenequipo.com.mx\/api\/wp\/v2\/media\/119101"}],"wp:attachment":[{"href":"https:\/\/www.sonoraenequipo.com.mx\/api\/wp\/v2\/media?parent=119099"}],"wp:term":[{"taxonomy":"category","embeddable":true,"href":"https:\/\/www.sonoraenequipo.com.mx\/api\/wp\/v2\/categories?post=119099"},{"taxonomy":"post_tag","embeddable":true,"href":"https:\/\/www.sonoraenequipo.com.mx\/api\/wp\/v2\/tags?post=119099"}],"curies":[{"name":"wp","href":"https:\/\/api.w.org\/{rel}","templated":true}]}}