{"id":119117,"date":"2021-07-26T09:30:58","date_gmt":"2021-07-26T16:30:58","guid":{"rendered":"https:\/\/www.sonoraenequipo.com.mx\/?p=119117"},"modified":"2021-07-26T11:56:21","modified_gmt":"2021-07-26T18:56:21","slug":"muere-el-diputado-del-pri-rene-juarez-cisneros-tras-larga-batalla-contra-el-covid-19","status":"publish","type":"post","link":"https:\/\/www.sonoraenequipo.com.mx\/muere-el-diputado-del-pri-rene-juarez-cisneros-tras-larga-batalla-contra-el-covid-19\/","title":{"rendered":"Muere el diputado del PRI Ren\u00e9 Ju\u00e1rez Cisneros tras larga batalla contra el COVID-19"},"content":{"rendered":"<p>CIUDAD DE M\u00c9XICO. MX. \u2014 El diputado federal y coordinador de la bancada del Partido Revolucionario Institucional (PRI), Ren\u00e9 Ju\u00e1rez Cisneros, muri\u00f3, tras una larga lucha contra el COVID-19.<\/p>\n<p>&nbsp;<\/p>\n<p> <\/p>\n<p>&nbsp;<\/p>\n<p>En Twitter, el gobernador de Guerrero, H\u00e9ctor Astudillo, confirm\u00f3 la muerte de Ren\u00e9 Ju\u00e1rez Cisneros a quien llam\u00f3 \u201cmi amigo y hermano\u201d.<\/p>\n<p>&nbsp;<\/p>\n<p>Astudillo envi\u00f3 su p\u00e9same y un abrazo fraterno a la familia del diputado federal.<\/p>\n<p><a class=\"twitter-timeline\" data-width=\"640\" data-height=\"960\" data-dnt=\"true\" href=\"https:\/\/twitter.com\/HectorAstudillo?ref_src=twsrc%5Etfw\">Tweets by HectorAstudillo<\/a><script async src=\"https:\/\/platform.twitter.com\/widgets.js\" charset=\"utf-8\"><\/script><\/p>\n<p>&nbsp;<\/p>\n<p>Ante la noticia, el PRI public\u00f3 en sus redes sociales un mensaje donde asegur\u00f3 que la muerte de Ren\u00e9 Ju\u00e1rez Cisneros <em>\u201cdeja un vac\u00edo y tambi\u00e9n un camino de ense\u00f1anzas\u201d.<\/em><\/p>\n<p>&nbsp;<\/p>\n<p>La partida de nuestro compa\u00f1ero Ren\u00e9 @JuarezCisneros nos deja un vac\u00edo y tambi\u00e9n un camino de ense\u00f1anzas.<\/p>\n<p>&nbsp;<\/p>\n<p>Con mucho respeto y solidaridad, externamos nuestro p\u00e9same a los familiares, amigos y militancia, que acompa\u00f1aron en vida a un distinguido priista.<\/p>\n<p>&nbsp;<\/p>\n<p>El 21 de abril de 2021, Ju\u00e1rez Cisneros inform\u00f3 que hab\u00eda resultado positivo a COVID-19 y detall\u00f3 que estaba en tratamiento, siguiendo las indicaciones m\u00e9dicas; en mayo, el diputado fue reportado como grave.<\/p>\n<p><a class=\"twitter-timeline\" data-width=\"640\" data-height=\"960\" data-dnt=\"true\" href=\"https:\/\/twitter.com\/JuarezCisneros?ref_src=twsrc%5Etfw\">Tweets by JuarezCisneros<\/a><script async src=\"https:\/\/platform.twitter.com\/widgets.js\" charset=\"utf-8\"><\/script><\/p>\n<p>&nbsp;<\/p>\n<p>Su muerte ocurri\u00f3 en medio de la tercera ola de COVID-19 que afronta M\u00e9xico, que acumula casi 2.75 millones de casos y m\u00e1s de 238 mil muertes, la cuarta cifra m\u00e1s alta del mundo.<\/p>\n<p>El COVID-19 ha sacudido la C\u00e1mara de Diputados, que report\u00f3 un total de 581 casos positivos hasta marzo, de los que 102 eran legisladores y 479 trabajadores.<\/p>\n<p>La muerte de Ju\u00e1rez Cisneros conmocion\u00f3 a la clase pol\u00edtica, en M\u00e9xico, y al Gabinete del presidente, Andr\u00e9s Manuel L\u00f3pez Obrador.<\/p>\n<p>&nbsp;<\/p>\n<p>A estos deseos se sumaron Tatiana Clouthier, la secretaria de Econom\u00eda, y Marcelo Ebrard, secretario de Relaciones Exteriores.<\/p>\n<p><a class=\"twitter-timeline\" data-width=\"640\" data-height=\"960\" data-dnt=\"true\" href=\"https:\/\/twitter.com\/tatclouthier?ref_src=twsrc%5Etfw\">Tweets by tatclouthier<\/a><script async src=\"https:\/\/platform.twitter.com\/widgets.js\" charset=\"utf-8\"><\/script><\/p>\n<p>&nbsp;<\/p>\n<p>Los contagios han sido frecuentes en la clase pol\u00edtica de M\u00e9xico, donde incluso el presidente, Andr\u00e9s Manuel L\u00f3pez Obrador, se infect\u00f3 en enero pasado, al igual que el subsecretario de Prevenci\u00f3n y Promoci\u00f3n de la Salud, Hugo L\u00f3pez-Gatell, en febrero.<\/p>\n<p>Adem\u00e1s de ser diputado federal, Ju\u00e1rez Cisneros tambi\u00e9n fue l\u00edder del Partido Revolucionario Institucional (PRI), senador, gobernador de Guerrero de 1999 a 2005 y presidente municipal de Acapulco.<\/p>\n<p>El COVID-19 tambi\u00e9n ha causado la muerte de los diputados Miguel Acundo del Partido Encuentro Solidario (PES) y Delfino L\u00f3pez del Movimiento Regeneraci\u00f3n Nacional (Morena).<\/p>\n<p>&nbsp;<\/p>\n<p>(Publicada el 26\/07\/2021 \/ Con informaci\u00f3n de Noticieros Televisa y EFE.)<\/p>\n","protected":false},"excerpt":{"rendered":"<p>CIUDAD DE M\u00c9XICO. MX. \u2014 El diputado federal y coordinador de la bancada del Partido&#8230;<\/p>\n","protected":false},"author":1,"featured_media":119118,"comment_status":"open","ping_status":"open","sticky":false,"template":"","format":"standard","meta":{"_monsterinsights_skip_tracking":false,"_monsterinsights_sitenote_active":false,"_monsterinsights_sitenote_note":"","_monsterinsights_sitenote_category":0,"footnotes":""},"categories":[5],"tags":[],"class_list":["post"],"yoast_head":" \n<title>Sonora en Equipo. Muere el diputado del PRI Ren\u00e9 Ju\u00e1rez Cisneros tras larga batalla contra el COVID-19 Rep\u00fablica<\/title>\n<meta name=\"description\" content=\"CIUDAD DE M\u00c9XICO. MX. \u2014 El diputado federal y coordinador de la bancada del Partido Revolucionario Institucional (PRI), Ren\u00e9 Ju\u00e1rez Cisneros, muri\u00f3, tras En Sonora en Equipo publicamos toda la informaci\u00f3n de Sonora, M\u00e9xico y el Mundo de manera oportuna y busca que la libertad de expresi\u00f3n sea real. Visita nuestro medio informativo publicado desde Hermosillo, Sonora. %\" \/>\n<meta name=\"robots\" content=\"index, follow, max-snippet:-1, max-image-preview:large, max-video-preview:-1\" \/>\n<link rel=\"canonical\" href=\"https:\/\/www.sonoraenequipo.com.mx\/muere-el-diputado-del-pri-rene-juarez-cisneros-tras-larga-batalla-contra-el-covid-19\/\" \/>\n<meta property=\"og:locale\" content=\"es_ES\" \/>\n<meta property=\"og:type\" content=\"article\" \/>\n<meta property=\"og:title\" content=\"Sonora en Equipo. Muere el diputado del PRI Ren\u00e9 Ju\u00e1rez Cisneros tras larga batalla contra el COVID-19 Rep\u00fablica\" \/>\n<meta property=\"og:description\" content=\"CIUDAD DE M\u00c9XICO. MX. \u2014 El diputado federal y coordinador de la bancada del Partido Revolucionario Institucional (PRI), Ren\u00e9 Ju\u00e1rez Cisneros, muri\u00f3, tras En Sonora en Equipo publicamos toda la informaci\u00f3n de Sonora, M\u00e9xico y el Mundo de manera oportuna y busca que la libertad de expresi\u00f3n sea real. Visita nuestro medio informativo publicado desde Hermosillo, Sonora. %\" \/>\n<meta property=\"og:url\" content=\"https:\/\/www.sonoraenequipo.com.mx\/muere-el-diputado-del-pri-rene-juarez-cisneros-tras-larga-batalla-contra-el-covid-19\/\" \/>\n<meta property=\"og:site_name\" content=\"Sonora en Equipo.\" \/>\n<meta property=\"article:publisher\" content=\"https:\/\/www.facebook.com\/SonoraEE\/\" \/>\n<meta property=\"article:author\" content=\"https:\/\/www.facebook.com\/SonoraEE\" \/>\n<meta property=\"article:published_time\" content=\"2021-07-26T16:30:58+00:00\" \/>\n<meta property=\"article:modified_time\" content=\"2021-07-26T18:56:21+00:00\" \/>\n<meta property=\"og:image\" content=\"https:\/\/www.sonoraenequipo.com.mx\/storage\/2021\/07\/rene-Juarez-cisneros-covid-pri_opt.jpg\" \/>\n\t<meta property=\"og:image:width\" content=\"700\" \/>\n\t<meta property=\"og:image:height\" content=\"400\" \/>\n\t<meta property=\"og:image:type\" content=\"image\/jpeg\" \/>\n<meta name=\"author\" content=\"enequipo\" \/>\n<meta name=\"twitter:card\" content=\"summary_large_image\" \/>\n<meta name=\"twitter:creator\" content=\"@sonoraenequipo\" \/>\n<meta name=\"twitter:site\" content=\"@sonoraenequipo\" \/>\n<meta name=\"twitter:label1\" content=\"Escrito por\" \/>\n\t<meta name=\"twitter:data1\" content=\"enequipo\" \/>\n\t<meta name=\"twitter:label2\" content=\"Tiempo de lectura\" \/>\n\t<meta name=\"twitter:data2\" content=\"2 minutos\" \/>\n<script type=\"application\/ld+json\" class=\"yoast-schema-graph\">{\"@context\":\"https:\/\/schema.org\",\"@graph\":[{\"@type\":\"Article\",\"@id\":\"https:\/\/www.sonoraenequipo.com.mx\/muere-el-diputado-del-pri-rene-juarez-cisneros-tras-larga-batalla-contra-el-covid-19\/#article\",\"isPartOf\":{\"@id\":\"https:\/\/www.sonoraenequipo.com.mx\/muere-el-diputado-del-pri-rene-juarez-cisneros-tras-larga-batalla-contra-el-covid-19\/\"},\"author\":{\"name\":\"enequipo\",\"@id\":\"https:\/\/www.sonoraenequipo.com.mx\/#\/schema\/person\/50102df0fb23a8fa9e8effad8fa81386\"},\"headline\":\"Muere el diputado del PRI Ren\u00e9 Ju\u00e1rez Cisneros tras larga batalla contra el COVID-19\",\"datePublished\":\"2021-07-26T16:30:58+00:00\",\"dateModified\":\"2021-07-26T18:56:21+00:00\",\"mainEntityOfPage\":{\"@id\":\"https:\/\/www.sonoraenequipo.com.mx\/muere-el-diputado-del-pri-rene-juarez-cisneros-tras-larga-batalla-contra-el-covid-19\/\"},\"wordCount\":440,\"commentCount\":0,\"publisher\":{\"@id\":\"https:\/\/www.sonoraenequipo.com.mx\/#organization\"},\"image\":{\"@id\":\"https:\/\/www.sonoraenequipo.com.mx\/muere-el-diputado-del-pri-rene-juarez-cisneros-tras-larga-batalla-contra-el-covid-19\/#primaryimage\"},\"thumbnailUrl\":\"https:\/\/www.sonoraenequipo.com.mx\/storage\/2021\/07\/rene-Juarez-cisneros-covid-pri_opt.jpg\",\"articleSection\":[\"Rep\u00fablica\"],\"inLanguage\":\"es\",\"potentialAction\":[{\"@type\":\"CommentAction\",\"name\":\"Comment\",\"target\":[\"https:\/\/www.sonoraenequipo.com.mx\/muere-el-diputado-del-pri-rene-juarez-cisneros-tras-larga-batalla-contra-el-covid-19\/#respond\"]}]},{\"@type\":\"WebPage\",\"@id\":\"https:\/\/www.sonoraenequipo.com.mx\/muere-el-diputado-del-pri-rene-juarez-cisneros-tras-larga-batalla-contra-el-covid-19\/\",\"url\":\"https:\/\/www.sonoraenequipo.com.mx\/muere-el-diputado-del-pri-rene-juarez-cisneros-tras-larga-batalla-contra-el-covid-19\/\",\"name\":\"Sonora en Equipo. Muere el diputado del PRI Ren\u00e9 Ju\u00e1rez Cisneros tras larga batalla contra el COVID-19 Rep\u00fablica\",\"isPartOf\":{\"@id\":\"https:\/\/www.sonoraenequipo.com.mx\/#website\"},\"primaryImageOfPage\":{\"@id\":\"https:\/\/www.sonoraenequipo.com.mx\/muere-el-diputado-del-pri-rene-juarez-cisneros-tras-larga-batalla-contra-el-covid-19\/#primaryimage\"},\"image\":{\"@id\":\"https:\/\/www.sonoraenequipo.com.mx\/muere-el-diputado-del-pri-rene-juarez-cisneros-tras-larga-batalla-contra-el-covid-19\/#primaryimage\"},\"thumbnailUrl\":\"https:\/\/www.sonoraenequipo.com.mx\/storage\/2021\/07\/rene-Juarez-cisneros-covid-pri_opt.jpg\",\"datePublished\":\"2021-07-26T16:30:58+00:00\",\"dateModified\":\"2021-07-26T18:56:21+00:00\",\"description\":\"CIUDAD DE M\u00c9XICO. MX. \u2014 El diputado federal y coordinador de la bancada del Partido Revolucionario Institucional (PRI), Ren\u00e9 Ju\u00e1rez Cisneros, muri\u00f3, tras En Sonora en Equipo publicamos toda la informaci\u00f3n de Sonora, M\u00e9xico y el Mundo de manera oportuna y busca que la libertad de expresi\u00f3n sea real. Visita nuestro medio informativo publicado desde Hermosillo, Sonora. %\",\"breadcrumb\":{\"@id\":\"https:\/\/www.sonoraenequipo.com.mx\/muere-el-diputado-del-pri-rene-juarez-cisneros-tras-larga-batalla-contra-el-covid-19\/#breadcrumb\"},\"inLanguage\":\"es\",\"potentialAction\":[{\"@type\":\"ReadAction\",\"target\":[\"https:\/\/www.sonoraenequipo.com.mx\/muere-el-diputado-del-pri-rene-juarez-cisneros-tras-larga-batalla-contra-el-covid-19\/\"]}]},{\"@type\":\"ImageObject\",\"inLanguage\":\"es\",\"@id\":\"https:\/\/www.sonoraenequipo.com.mx\/muere-el-diputado-del-pri-rene-juarez-cisneros-tras-larga-batalla-contra-el-covid-19\/#primaryimage\",\"url\":\"https:\/\/www.sonoraenequipo.com.mx\/storage\/2021\/07\/rene-Juarez-cisneros-covid-pri_opt.jpg\",\"contentUrl\":\"https:\/\/www.sonoraenequipo.com.mx\/storage\/2021\/07\/rene-Juarez-cisneros-covid-pri_opt.jpg\",\"width\":700,\"height\":400},{\"@type\":\"BreadcrumbList\",\"@id\":\"https:\/\/www.sonoraenequipo.com.mx\/muere-el-diputado-del-pri-rene-juarez-cisneros-tras-larga-batalla-contra-el-covid-19\/#breadcrumb\",\"itemListElement\":[{\"@type\":\"ListItem\",\"position\":1,\"name\":\"Portada\",\"item\":\"https:\/\/www.sonoraenequipo.com.mx\/\"},{\"@type\":\"ListItem\",\"position\":2,\"name\":\"Muere el diputado del PRI Ren\u00e9 Ju\u00e1rez Cisneros tras larga batalla contra el COVID-19\"}]},{\"@type\":\"WebSite\",\"@id\":\"https:\/\/www.sonoraenequipo.com.mx\/#website\",\"url\":\"https:\/\/www.sonoraenequipo.com.mx\/\",\"name\":\"Sonora en Equipo.\",\"description\":\"Diario en l\u00ednea con Noticias desde Hermosillo, Sonora\",\"publisher\":{\"@id\":\"https:\/\/www.sonoraenequipo.com.mx\/#organization\"},\"potentialAction\":[{\"@type\":\"SearchAction\",\"target\":{\"@type\":\"EntryPoint\",\"urlTemplate\":\"https:\/\/www.sonoraenequipo.com.mx\/?s={search_term_string}\"},\"query-input\":{\"@type\":\"PropertyValueSpecification\",\"valueRequired\":true,\"valueName\":\"search_term_string\"}}],\"inLanguage\":\"es\"},{\"@type\":\"Organization\",\"@id\":\"https:\/\/www.sonoraenequipo.com.mx\/#organization\",\"name\":\"Sonoraenequipo.com.mx\",\"url\":\"https:\/\/www.sonoraenequipo.com.mx\/\",\"logo\":{\"@type\":\"ImageObject\",\"inLanguage\":\"es\",\"@id\":\"https:\/\/www.sonoraenequipo.com.mx\/#\/schema\/logo\/image\/\",\"url\":\"https:\/\/www.sonoraenequipo.com.mx\/storage\/2019\/01\/sonoraenequipo_opt.png\",\"contentUrl\":\"https:\/\/www.sonoraenequipo.com.mx\/storage\/2019\/01\/sonoraenequipo_opt.png\",\"width\":375,\"height\":125,\"caption\":\"Sonoraenequipo.com.mx\"},\"image\":{\"@id\":\"https:\/\/www.sonoraenequipo.com.mx\/#\/schema\/logo\/image\/\"},\"sameAs\":[\"https:\/\/www.facebook.com\/SonoraEE\/\",\"https:\/\/x.com\/sonoraenequipo\",\"https:\/\/www.youtube.com\/channel\/UC338nW-lPEYmJQs4ZABQ1SQ\"]},{\"@type\":\"Person\",\"@id\":\"https:\/\/www.sonoraenequipo.com.mx\/#\/schema\/person\/50102df0fb23a8fa9e8effad8fa81386\",\"name\":\"enequipo\",\"image\":{\"@type\":\"ImageObject\",\"inLanguage\":\"es\",\"@id\":\"https:\/\/www.sonoraenequipo.com.mx\/#\/schema\/person\/image\/\",\"url\":\"https:\/\/secure.gravatar.com\/avatar\/049821681b589dabc0bc20695993ccebb09f5b5d4d790cd9251b97faac7c652b?s=96&d=blank&r=g\",\"contentUrl\":\"https:\/\/secure.gravatar.com\/avatar\/049821681b589dabc0bc20695993ccebb09f5b5d4d790cd9251b97faac7c652b?s=96&d=blank&r=g\",\"caption\":\"enequipo\"},\"sameAs\":[\"https:\/\/www.facebook.com\/SonoraEE\"]}]}<\/script>\n ","yoast_head_json":{"title":"Sonora en Equipo. Muere el diputado del PRI Ren\u00e9 Ju\u00e1rez Cisneros tras larga batalla contra el COVID-19 Rep\u00fablica","description":"CIUDAD DE M\u00c9XICO. MX. \u2014 El diputado federal y coordinador de la bancada del Partido Revolucionario Institucional (PRI), Ren\u00e9 Ju\u00e1rez Cisneros, muri\u00f3, tras En Sonora en Equipo publicamos toda la informaci\u00f3n de Sonora, M\u00e9xico y el Mundo de manera oportuna y busca que la libertad de expresi\u00f3n sea real. Visita nuestro medio informativo publicado desde Hermosillo, Sonora. %","robots":{"index":"index","follow":"follow","max-snippet":"max-snippet:-1","max-image-preview":"max-image-preview:large","max-video-preview":"max-video-preview:-1"},"canonical":"https:\/\/www.sonoraenequipo.com.mx\/muere-el-diputado-del-pri-rene-juarez-cisneros-tras-larga-batalla-contra-el-covid-19\/","og_locale":"es_ES","og_type":"article","og_title":"Sonora en Equipo. Muere el diputado del PRI Ren\u00e9 Ju\u00e1rez Cisneros tras larga batalla contra el COVID-19 Rep\u00fablica","og_description":"CIUDAD DE M\u00c9XICO. MX. \u2014 El diputado federal y coordinador de la bancada del Partido Revolucionario Institucional (PRI), Ren\u00e9 Ju\u00e1rez Cisneros, muri\u00f3, tras En Sonora en Equipo publicamos toda la informaci\u00f3n de Sonora, M\u00e9xico y el Mundo de manera oportuna y busca que la libertad de expresi\u00f3n sea real. Visita nuestro medio informativo publicado desde Hermosillo, Sonora. %","og_url":"https:\/\/www.sonoraenequipo.com.mx\/muere-el-diputado-del-pri-rene-juarez-cisneros-tras-larga-batalla-contra-el-covid-19\/","og_site_name":"Sonora en Equipo.","article_publisher":"https:\/\/www.facebook.com\/SonoraEE\/","article_author":"https:\/\/www.facebook.com\/SonoraEE","article_published_time":"2021-07-26T16:30:58+00:00","article_modified_time":"2021-07-26T18:56:21+00:00","og_image":[{"width":700,"height":400,"url":"https:\/\/www.sonoraenequipo.com.mx\/storage\/2021\/07\/rene-Juarez-cisneros-covid-pri_opt.jpg","type":"image\/jpeg"}],"author":"enequipo","twitter_card":"summary_large_image","twitter_creator":"@sonoraenequipo","twitter_site":"@sonoraenequipo","twitter_misc":{"Escrito por":"enequipo","Tiempo de lectura":"2 minutos"},"schema":{"@context":"https:\/\/schema.org","@graph":[{"@type":"Article","@id":"https:\/\/www.sonoraenequipo.com.mx\/muere-el-diputado-del-pri-rene-juarez-cisneros-tras-larga-batalla-contra-el-covid-19\/#article","isPartOf":{"@id":"https:\/\/www.sonoraenequipo.com.mx\/muere-el-diputado-del-pri-rene-juarez-cisneros-tras-larga-batalla-contra-el-covid-19\/"},"author":{"name":"enequipo","@id":"https:\/\/www.sonoraenequipo.com.mx\/#\/schema\/person\/50102df0fb23a8fa9e8effad8fa81386"},"headline":"Muere el diputado del PRI Ren\u00e9 Ju\u00e1rez Cisneros tras larga batalla contra el COVID-19","datePublished":"2021-07-26T16:30:58+00:00","dateModified":"2021-07-26T18:56:21+00:00","mainEntityOfPage":{"@id":"https:\/\/www.sonoraenequipo.com.mx\/muere-el-diputado-del-pri-rene-juarez-cisneros-tras-larga-batalla-contra-el-covid-19\/"},"wordCount":440,"commentCount":0,"publisher":{"@id":"https:\/\/www.sonoraenequipo.com.mx\/#organization"},"image":{"@id":"https:\/\/www.sonoraenequipo.com.mx\/muere-el-diputado-del-pri-rene-juarez-cisneros-tras-larga-batalla-contra-el-covid-19\/#primaryimage"},"thumbnailUrl":"https:\/\/www.sonoraenequipo.com.mx\/storage\/2021\/07\/rene-Juarez-cisneros-covid-pri_opt.jpg","articleSection":["Rep\u00fablica"],"inLanguage":"es","potentialAction":[{"@type":"CommentAction","name":"Comment","target":["https:\/\/www.sonoraenequipo.com.mx\/muere-el-diputado-del-pri-rene-juarez-cisneros-tras-larga-batalla-contra-el-covid-19\/#respond"]}]},{"@type":"WebPage","@id":"https:\/\/www.sonoraenequipo.com.mx\/muere-el-diputado-del-pri-rene-juarez-cisneros-tras-larga-batalla-contra-el-covid-19\/","url":"https:\/\/www.sonoraenequipo.com.mx\/muere-el-diputado-del-pri-rene-juarez-cisneros-tras-larga-batalla-contra-el-covid-19\/","name":"Sonora en Equipo. Muere el diputado del PRI Ren\u00e9 Ju\u00e1rez Cisneros tras larga batalla contra el COVID-19 Rep\u00fablica","isPartOf":{"@id":"https:\/\/www.sonoraenequipo.com.mx\/#website"},"primaryImageOfPage":{"@id":"https:\/\/www.sonoraenequipo.com.mx\/muere-el-diputado-del-pri-rene-juarez-cisneros-tras-larga-batalla-contra-el-covid-19\/#primaryimage"},"image":{"@id":"https:\/\/www.sonoraenequipo.com.mx\/muere-el-diputado-del-pri-rene-juarez-cisneros-tras-larga-batalla-contra-el-covid-19\/#primaryimage"},"thumbnailUrl":"https:\/\/www.sonoraenequipo.com.mx\/storage\/2021\/07\/rene-Juarez-cisneros-covid-pri_opt.jpg","datePublished":"2021-07-26T16:30:58+00:00","dateModified":"2021-07-26T18:56:21+00:00","description":"CIUDAD DE M\u00c9XICO. MX. \u2014 El diputado federal y coordinador de la bancada del Partido Revolucionario Institucional (PRI), Ren\u00e9 Ju\u00e1rez Cisneros, muri\u00f3, tras En Sonora en Equipo publicamos toda la informaci\u00f3n de Sonora, M\u00e9xico y el Mundo de manera oportuna y busca que la libertad de expresi\u00f3n sea real. Visita nuestro medio informativo publicado desde Hermosillo, Sonora. %","breadcrumb":{"@id":"https:\/\/www.sonoraenequipo.com.mx\/muere-el-diputado-del-pri-rene-juarez-cisneros-tras-larga-batalla-contra-el-covid-19\/#breadcrumb"},"inLanguage":"es","potentialAction":[{"@type":"ReadAction","target":["https:\/\/www.sonoraenequipo.com.mx\/muere-el-diputado-del-pri-rene-juarez-cisneros-tras-larga-batalla-contra-el-covid-19\/"]}]},{"@type":"ImageObject","inLanguage":"es","@id":"https:\/\/www.sonoraenequipo.com.mx\/muere-el-diputado-del-pri-rene-juarez-cisneros-tras-larga-batalla-contra-el-covid-19\/#primaryimage","url":"https:\/\/www.sonoraenequipo.com.mx\/storage\/2021\/07\/rene-Juarez-cisneros-covid-pri_opt.jpg","contentUrl":"https:\/\/www.sonoraenequipo.com.mx\/storage\/2021\/07\/rene-Juarez-cisneros-covid-pri_opt.jpg","width":700,"height":400},{"@type":"BreadcrumbList","@id":"https:\/\/www.sonoraenequipo.com.mx\/muere-el-diputado-del-pri-rene-juarez-cisneros-tras-larga-batalla-contra-el-covid-19\/#breadcrumb","itemListElement":[{"@type":"ListItem","position":1,"name":"Portada","item":"https:\/\/www.sonoraenequipo.com.mx\/"},{"@type":"ListItem","position":2,"name":"Muere el diputado del PRI Ren\u00e9 Ju\u00e1rez Cisneros tras larga batalla contra el COVID-19"}]},{"@type":"WebSite","@id":"https:\/\/www.sonoraenequipo.com.mx\/#website","url":"https:\/\/www.sonoraenequipo.com.mx\/","name":"Sonora en Equipo.","description":"Diario en l\u00ednea con Noticias desde Hermosillo, Sonora","publisher":{"@id":"https:\/\/www.sonoraenequipo.com.mx\/#organization"},"potentialAction":[{"@type":"SearchAction","target":{"@type":"EntryPoint","urlTemplate":"https:\/\/www.sonoraenequipo.com.mx\/?s={search_term_string}"},"query-input":{"@type":"PropertyValueSpecification","valueRequired":true,"valueName":"search_term_string"}}],"inLanguage":"es"},{"@type":"Organization","@id":"https:\/\/www.sonoraenequipo.com.mx\/#organization","name":"Sonoraenequipo.com.mx","url":"https:\/\/www.sonoraenequipo.com.mx\/","logo":{"@type":"ImageObject","inLanguage":"es","@id":"https:\/\/www.sonoraenequipo.com.mx\/#\/schema\/logo\/image\/","url":"https:\/\/www.sonoraenequipo.com.mx\/storage\/2019\/01\/sonoraenequipo_opt.png","contentUrl":"https:\/\/www.sonoraenequipo.com.mx\/storage\/2019\/01\/sonoraenequipo_opt.png","width":375,"height":125,"caption":"Sonoraenequipo.com.mx"},"image":{"@id":"https:\/\/www.sonoraenequipo.com.mx\/#\/schema\/logo\/image\/"},"sameAs":["https:\/\/www.facebook.com\/SonoraEE\/","https:\/\/x.com\/sonoraenequipo","https:\/\/www.youtube.com\/channel\/UC338nW-lPEYmJQs4ZABQ1SQ"]},{"@type":"Person","@id":"https:\/\/www.sonoraenequipo.com.mx\/#\/schema\/person\/50102df0fb23a8fa9e8effad8fa81386","name":"enequipo","image":{"@type":"ImageObject","inLanguage":"es","@id":"https:\/\/www.sonoraenequipo.com.mx\/#\/schema\/person\/image\/","url":"https:\/\/secure.gravatar.com\/avatar\/049821681b589dabc0bc20695993ccebb09f5b5d4d790cd9251b97faac7c652b?s=96&d=blank&r=g","contentUrl":"https:\/\/secure.gravatar.com\/avatar\/049821681b589dabc0bc20695993ccebb09f5b5d4d790cd9251b97faac7c652b?s=96&d=blank&r=g","caption":"enequipo"},"sameAs":["https:\/\/www.facebook.com\/SonoraEE"]}]}},"jetpack_featured_media_url":"https:\/\/www.sonoraenequipo.com.mx\/storage\/2021\/07\/rene-Juarez-cisneros-covid-pri_opt.jpg","_links":{"self":[{"href":"https:\/\/www.sonoraenequipo.com.mx\/api\/wp\/v2\/posts\/119117","targetHints":{"allow":["GET"]}}],"collection":[{"href":"https:\/\/www.sonoraenequipo.com.mx\/api\/wp\/v2\/posts"}],"about":[{"href":"https:\/\/www.sonoraenequipo.com.mx\/api\/wp\/v2\/types\/post"}],"author":[{"embeddable":true,"href":"https:\/\/www.sonoraenequipo.com.mx\/api\/wp\/v2\/users\/1"}],"replies":[{"embeddable":true,"href":"https:\/\/www.sonoraenequipo.com.mx\/api\/wp\/v2\/comments?post=119117"}],"version-history":[{"count":1,"href":"https:\/\/www.sonoraenequipo.com.mx\/api\/wp\/v2\/posts\/119117\/revisions"}],"predecessor-version":[{"id":119119,"href":"https:\/\/www.sonoraenequipo.com.mx\/api\/wp\/v2\/posts\/119117\/revisions\/119119"}],"wp:featuredmedia":[{"embeddable":true,"href":"https:\/\/www.sonoraenequipo.com.mx\/api\/wp\/v2\/media\/119118"}],"wp:attachment":[{"href":"https:\/\/www.sonoraenequipo.com.mx\/api\/wp\/v2\/media?parent=119117"}],"wp:term":[{"taxonomy":"category","embeddable":true,"href":"https:\/\/www.sonoraenequipo.com.mx\/api\/wp\/v2\/categories?post=119117"},{"taxonomy":"post_tag","embeddable":true,"href":"https:\/\/www.sonoraenequipo.com.mx\/api\/wp\/v2\/tags?post=119117"}],"curies":[{"name":"wp","href":"https:\/\/api.w.org\/{rel}","templated":true}]}}