{"id":119120,"date":"2021-07-26T10:27:51","date_gmt":"2021-07-26T17:27:51","guid":{"rendered":"https:\/\/www.sonoraenequipo.com.mx\/?p=119120"},"modified":"2021-07-26T12:14:37","modified_gmt":"2021-07-26T19:14:37","slug":"cuba-el-principio-de-un-cambio-profundo","status":"publish","type":"post","link":"https:\/\/www.sonoraenequipo.com.mx\/cuba-el-principio-de-un-cambio-profundo\/","title":{"rendered":"Cuba: \u00bfEl principio de un cambio profundo?"},"content":{"rendered":"<p>LA HABANA, CUBA. \u2014<em> \u201cLas nuevas sanciones de EEUU contra funcionarios del gobierno cubano no tendr\u00e1n consecuencias pr\u00e1cticas, pero le dar\u00e1n m\u00e1s argumentos al gobierno para presentar a EE.UU. como el enemigo\u201d,<\/em> dice un experto en la isla.<\/p>\n<p>&nbsp;<\/p>\n<p> <\/p>\n<p>&nbsp;<\/p>\n<p>El profesor Rainer Schultz, doctor en estudios latinoamericanos de Harvard, vive en Cuba y lleva estudiando a este pa\u00eds hace veinte a\u00f1os. Como acad\u00e9mico, est\u00e1 tambi\u00e9n en permanente di\u00e1logo con las autoridades del pa\u00eds. En entrevista con DW asegura que las protestas actuales podr\u00edan ser el principio de un cambio profundo en la isla.<\/p>\n<p>&nbsp;<\/p>\n<p><strong>DW: Adem\u00e1s de los arrestos que hemos visto en las protestas en Cuba, \u00bfcu\u00e1l es la reacci\u00f3n del gobierno cubano ante las protestas en el pa\u00eds, se discute lo que est\u00e1 ocurriendo en las calles de la Habana?<\/strong><\/p>\n<p>&nbsp;<\/p>\n<p><em>En las filas del gobierno cubano hay quienes defienden el estatu quo (de ah\u00ed el lema #somoscontinuidad), pero tambi\u00e9n hay quienes han tomado conciencia de que las cosas est\u00e1n verdaderamente mal \u2013 la falta de electricidad, de alimentos, son algunas de las cosas que han inducido a las personas a salir a las calles- y por eso muchos en el gobierno saben que tiene que haber un cambio m\u00e1s profundo y m\u00e1s r\u00e1pido. No solo se trata de un cambio superficial, como brindarle facilidades a los cubanos para que tengan casa y comida, se trata de un cambio duradero y con perspectiva positiva hacia el futuro. Habr\u00e1 que definir c\u00f3mo llegar al socialismo pr\u00f3spero y sostenible, que es el objetivo declarado oficialmente. En los a\u00f1os que vivo ac\u00e1, es la primera vez que veo que algo podr\u00eda cambiar de esta manera.<\/em><\/p>\n<p>&nbsp;<\/p>\n<p><strong>\u00bfQu\u00e9 est\u00e1 haciendo el gobierno cubano para acercarse al pueblo que reclama un cambio?<\/strong><\/p>\n<p>&nbsp;<\/p>\n<p><em>El gobierno cubano es consciente de que las razones de fondo son socioecon\u00f3micas. Se han visto remarcadas por la pandemia y la consecuente falta de ingresos para un pa\u00eds que depende mucho del turismo, pero el sistema tampoco ha podido superar a\u00fan la falta de servicios y suministros b\u00e1sicos. Entonces, muchos en el gobierno saben que tambi\u00e9n tienen responsabilidad en esto y tienen miedo de tomar decisiones, aunque saben que las condiciones tienen que mejorar. Por eso est\u00e1n buscando medidas para aliviar la situaci\u00f3n. El gobierno cubano est\u00e1 buscando un di\u00e1logo.<\/em><\/p>\n<p>&nbsp;<\/p>\n<p><strong>\u00bfQu\u00e9 tipo de di\u00e1logo? Solo vemos los arrestos, \u00bfexiste la voluntad de un di\u00e1logo sincero?<\/strong><\/p>\n<p>&nbsp;<\/p>\n<p><em>\u00a1S\u00ed! Claro, hay quienes no quieren cambiar nada y no creen en el di\u00e1logo por ambos lados. Pero otros s\u00ed tienen y muestran sensibilidad ante lo que est\u00e1 ocurriendo en las calles del pa\u00eds; existe una discusi\u00f3n al respecto y la posibilidad de una mayor apertura. Muchos son conscientes de que tienen que atreverse m\u00e1s a realizar cambios. Esto lo veo por primera vez con esta honestidad. Las sanciones contra Cuba son algo que efectivamente perjudica al pa\u00eds y la interferencia de afuera complica el proceso de adentro, pero no puede ser una excusa permanente, y muchos en las filas del gobierno saben que tiene que tomar responsabilidad y cambiar lo que se puede cambiar dentro de su pa\u00eds.<\/em><\/p>\n<p>&nbsp;<\/p>\n<p><strong>Usted vive en Cuba, tiene contacto tanto con familias cubanas, como con el gobierno cubano. \u00bfLa gente tiene miedo de salir a las calles a protestar despu\u00e9s de los arrestos que se han llevado a cabo?<\/strong><\/p>\n<p>&nbsp;<\/p>\n<p><em>S\u00ed, hay familias que tienen miedo de salir por las protestas o la posible violencia, pero no \u00fanicamente por los arrestos que han tenido lugar, sino tambi\u00e9n por la pandemia. Yo soy consciente de que la pandemia parece que ha terminado en varios lugares del mundo, como en Alemania, EE.UU., pero no en muchos otros pa\u00edses, como Cuba. Aqu\u00ed todav\u00eda hay restricciones, todav\u00eda hay un toque de queda y todav\u00eda hay contagios, y la gente tiene miedo a salir por ambas cosas. Pero dicho eso, tambi\u00e9n quiero resaltar que hoy d\u00eda en Cuba &#8211; al contrario de muchas im\u00e1genes que se ven en las redes sociales- la mayor\u00eda de los cubanos volvi\u00f3 a la anormalidad de la pandemia, trabaja, cura, ama y construye&#8230; y hace colas en las tiendas.<\/em><\/p>\n<p>&nbsp;<\/p>\n<p><strong>El gobierno de EE.UU. acaba de anunciar nuevas sanciones espec\u00edficas contra el Ministerio de las Fuerzas Armadas y miembros del Ministero del Interior. \u00bfQu\u00e9 efecto tendr\u00e1 esto?<\/strong><\/p>\n<p>&nbsp;<\/p>\n<p><em>Las sanciones contra ciertos individuos del gobierno han existido antes, de una u otra forma. El ex-presidente Donald Trump impuso un total de 243 sanciones adicionales contra Cuba, que siguen estando vigentes bajo la administraci\u00f3n de Biden a pesar del gran da\u00f1o que hacen al pa\u00eds y su poblaci\u00f3n. Ahora, las m\u00e1s recientes sanciones impuestas por el gobierno del actual presidente Joe Biden no lograr\u00e1n nada m\u00e1s y son m\u00e1s que nada simb\u00f3licas. Lo que s\u00ed har\u00e1n ser\u00e1 darle argumentos al gobierno cubano para que este presente a EE.UU. como el gran enemigo y a Cuba como v\u00edctima \u2018del imperio del norte&#8217;. Sin embargo, me parece que el anuncio sobre el aumento del personal en la embajada de EE.UU. en La Habana (una Embajada que de facto ha dejado de operar por cuatro a\u00f1os) es algo positivo, que permitir\u00e1 m\u00e1s remesesas hacia la isla.<\/em><\/p>\n<p>&nbsp;<\/p>\n<p><strong>Usted lleva estudiando hace m\u00e1s de 20 a\u00f1os la pol\u00edtica cubana, las relaciones entre EE.UU. y Cuba y entre Alemania y Cuba. \u00bfCu\u00e1l ser\u00eda la mejor alternativa a las sanciones?<\/strong><\/p>\n<p>&nbsp;<\/p>\n<p><em>Una pol\u00edtica como la que el expresidente Barack Obama llev\u00f3 a cabo, es decir, crear y mantener un di\u00e1logo con Cuba, tener presencia en el pa\u00eds, colaborar en \u00e1reas de inter\u00e9s mutuo, de las cuales hay muchas: desde el medioambiente, desastres naturales, migraci\u00f3n, narcotr\u00e1fico, hasta ciencias y pandemias, por solo mencionar algunas. Solo eso podr\u00eda originar una mayor apertura, confianza mutua y un cambio en el pa\u00eds, tal como comenz\u00f3 en aquel entonces.<\/em><\/p>\n<p>&nbsp;<\/p>\n<p><strong>\u00bfPero el gobierno de Biden estar\u00eda acaso abierto al respecto, siendo que el pr\u00f3ximo a\u00f1o hay elecciones en EEUU?<\/strong><\/p>\n<p>&nbsp;<\/p>\n<p><em>Ese es un buen punto. Los dem\u00f3cratas necesitan los votos de los cubano-westadounidenses y de los venezolanos. Y si el actual gobierno se muestra \u00abd\u00e9bil\u201d en el tema del socialismo, esto podr\u00eda costarle votos a los dem\u00f3cratas, sobre todo en Florida, un estado que tiene senadores y otros representantes pol\u00edticos de origen cubano con una gran influencia. Aqu\u00ed Biden no puede arriesgarse a perder votos. Pero es importante tomar en cuenta que tambi\u00e9n la opini\u00f3n p\u00fablica es din\u00e1mica, hay quienes han cambiado de opini\u00f3n con la pol\u00edtica de acercamiento que el expresidente Obama llev\u00f3 a cabo con audacia y liderazgo a partir del 2014. Las encuestas han mostrado que la mayor\u00eda que estaba en favor de las sanciones se ha convertido ahora en una ligera mayor\u00eda que opta por el di\u00e1logo y el acercamiento hacia Cuba, incluso entre los cubano-estadounidenses. Y es que, al final, son sus rpopias familias las que est\u00e1n sufriendo en la isla. Adem\u00e1s, hay alrededor de 330 millones de estdounidenses que durante 60 a\u00f1os no han podido viajar libremente a Cuba. Por eso ahora muchos se han dado cuenta que un di\u00e1logo es m\u00e1s efectivo y mejor para el pueblo cubano que m\u00e1s sanciones.<\/em><\/p>\n<p>&nbsp;<\/p>\n<p>&nbsp;<\/p>\n<p>(Publicada el 26\/07\/2021 \/Con informaci\u00f3n de DW)<\/p>\n","protected":false},"excerpt":{"rendered":"<p>LA HABANA, CUBA. \u2014 \u201cLas nuevas sanciones de EEUU contra funcionarios del gobierno cubano no&#8230;<\/p>\n","protected":false},"author":1,"featured_media":119109,"comment_status":"open","ping_status":"open","sticky":false,"template":"","format":"standard","meta":{"_monsterinsights_skip_tracking":false,"_monsterinsights_sitenote_active":false,"_monsterinsights_sitenote_note":"","_monsterinsights_sitenote_category":0,"footnotes":""},"categories":[3],"tags":[],"class_list":["post"],"yoast_head":" \n<title>Sonora en Equipo. Cuba: \u00bfEl principio de un cambio profundo? MUNDO<\/title>\n<meta name=\"description\" content=\"LA HABANA, CUBA. \u2014 \u201cLas nuevas sanciones de EEUU contra funcionarios del gobierno cubano no tendr\u00e1n consecuencias pr\u00e1cticas, pero le dar\u00e1n m\u00e1s argumentos En Sonora en Equipo publicamos toda la informaci\u00f3n de Sonora, M\u00e9xico y el Mundo de manera oportuna y busca que la libertad de expresi\u00f3n sea real. Visita nuestro medio informativo publicado desde Hermosillo, Sonora. %\" \/>\n<meta name=\"robots\" content=\"index, follow, max-snippet:-1, max-image-preview:large, max-video-preview:-1\" \/>\n<link rel=\"canonical\" href=\"https:\/\/www.sonoraenequipo.com.mx\/cuba-el-principio-de-un-cambio-profundo\/\" \/>\n<meta property=\"og:locale\" content=\"es_ES\" \/>\n<meta property=\"og:type\" content=\"article\" \/>\n<meta property=\"og:title\" content=\"Sonora en Equipo. Cuba: \u00bfEl principio de un cambio profundo? MUNDO\" \/>\n<meta property=\"og:description\" content=\"LA HABANA, CUBA. \u2014 \u201cLas nuevas sanciones de EEUU contra funcionarios del gobierno cubano no tendr\u00e1n consecuencias pr\u00e1cticas, pero le dar\u00e1n m\u00e1s argumentos En Sonora en Equipo publicamos toda la informaci\u00f3n de Sonora, M\u00e9xico y el Mundo de manera oportuna y busca que la libertad de expresi\u00f3n sea real. Visita nuestro medio informativo publicado desde Hermosillo, Sonora. %\" \/>\n<meta property=\"og:url\" content=\"https:\/\/www.sonoraenequipo.com.mx\/cuba-el-principio-de-un-cambio-profundo\/\" \/>\n<meta property=\"og:site_name\" content=\"Sonora en Equipo.\" \/>\n<meta property=\"article:publisher\" content=\"https:\/\/www.facebook.com\/SonoraEE\/\" \/>\n<meta property=\"article:author\" content=\"https:\/\/www.facebook.com\/SonoraEE\" \/>\n<meta property=\"article:published_time\" content=\"2021-07-26T17:27:51+00:00\" \/>\n<meta property=\"article:modified_time\" content=\"2021-07-26T19:14:37+00:00\" \/>\n<meta property=\"og:image\" content=\"https:\/\/www.sonoraenequipo.com.mx\/storage\/2021\/07\/manifestacion-cubana_opt.jpg\" \/>\n\t<meta property=\"og:image:width\" content=\"700\" \/>\n\t<meta property=\"og:image:height\" content=\"400\" \/>\n\t<meta property=\"og:image:type\" content=\"image\/jpeg\" \/>\n<meta name=\"author\" content=\"enequipo\" \/>\n<meta name=\"twitter:card\" content=\"summary_large_image\" \/>\n<meta name=\"twitter:creator\" content=\"@sonoraenequipo\" \/>\n<meta name=\"twitter:site\" content=\"@sonoraenequipo\" \/>\n<meta name=\"twitter:label1\" content=\"Escrito por\" \/>\n\t<meta name=\"twitter:data1\" content=\"enequipo\" \/>\n\t<meta name=\"twitter:label2\" content=\"Tiempo de lectura\" \/>\n\t<meta name=\"twitter:data2\" content=\"6 minutos\" \/>\n<script type=\"application\/ld+json\" class=\"yoast-schema-graph\">{\"@context\":\"https:\/\/schema.org\",\"@graph\":[{\"@type\":\"Article\",\"@id\":\"https:\/\/www.sonoraenequipo.com.mx\/cuba-el-principio-de-un-cambio-profundo\/#article\",\"isPartOf\":{\"@id\":\"https:\/\/www.sonoraenequipo.com.mx\/cuba-el-principio-de-un-cambio-profundo\/\"},\"author\":{\"name\":\"enequipo\",\"@id\":\"https:\/\/www.sonoraenequipo.com.mx\/#\/schema\/person\/50102df0fb23a8fa9e8effad8fa81386\"},\"headline\":\"Cuba: \u00bfEl principio de un cambio profundo?\",\"datePublished\":\"2021-07-26T17:27:51+00:00\",\"dateModified\":\"2021-07-26T19:14:37+00:00\",\"mainEntityOfPage\":{\"@id\":\"https:\/\/www.sonoraenequipo.com.mx\/cuba-el-principio-de-un-cambio-profundo\/\"},\"wordCount\":1297,\"commentCount\":0,\"publisher\":{\"@id\":\"https:\/\/www.sonoraenequipo.com.mx\/#organization\"},\"image\":{\"@id\":\"https:\/\/www.sonoraenequipo.com.mx\/cuba-el-principio-de-un-cambio-profundo\/#primaryimage\"},\"thumbnailUrl\":\"https:\/\/www.sonoraenequipo.com.mx\/storage\/2021\/07\/manifestacion-cubana_opt.jpg\",\"articleSection\":[\"MUNDO\"],\"inLanguage\":\"es\",\"potentialAction\":[{\"@type\":\"CommentAction\",\"name\":\"Comment\",\"target\":[\"https:\/\/www.sonoraenequipo.com.mx\/cuba-el-principio-de-un-cambio-profundo\/#respond\"]}]},{\"@type\":\"WebPage\",\"@id\":\"https:\/\/www.sonoraenequipo.com.mx\/cuba-el-principio-de-un-cambio-profundo\/\",\"url\":\"https:\/\/www.sonoraenequipo.com.mx\/cuba-el-principio-de-un-cambio-profundo\/\",\"name\":\"Sonora en Equipo. Cuba: \u00bfEl principio de un cambio profundo? MUNDO\",\"isPartOf\":{\"@id\":\"https:\/\/www.sonoraenequipo.com.mx\/#website\"},\"primaryImageOfPage\":{\"@id\":\"https:\/\/www.sonoraenequipo.com.mx\/cuba-el-principio-de-un-cambio-profundo\/#primaryimage\"},\"image\":{\"@id\":\"https:\/\/www.sonoraenequipo.com.mx\/cuba-el-principio-de-un-cambio-profundo\/#primaryimage\"},\"thumbnailUrl\":\"https:\/\/www.sonoraenequipo.com.mx\/storage\/2021\/07\/manifestacion-cubana_opt.jpg\",\"datePublished\":\"2021-07-26T17:27:51+00:00\",\"dateModified\":\"2021-07-26T19:14:37+00:00\",\"description\":\"LA HABANA, CUBA. \u2014 \u201cLas nuevas sanciones de EEUU contra funcionarios del gobierno cubano no tendr\u00e1n consecuencias pr\u00e1cticas, pero le dar\u00e1n m\u00e1s argumentos En Sonora en Equipo publicamos toda la informaci\u00f3n de Sonora, M\u00e9xico y el Mundo de manera oportuna y busca que la libertad de expresi\u00f3n sea real. Visita nuestro medio informativo publicado desde Hermosillo, Sonora. %\",\"breadcrumb\":{\"@id\":\"https:\/\/www.sonoraenequipo.com.mx\/cuba-el-principio-de-un-cambio-profundo\/#breadcrumb\"},\"inLanguage\":\"es\",\"potentialAction\":[{\"@type\":\"ReadAction\",\"target\":[\"https:\/\/www.sonoraenequipo.com.mx\/cuba-el-principio-de-un-cambio-profundo\/\"]}]},{\"@type\":\"ImageObject\",\"inLanguage\":\"es\",\"@id\":\"https:\/\/www.sonoraenequipo.com.mx\/cuba-el-principio-de-un-cambio-profundo\/#primaryimage\",\"url\":\"https:\/\/www.sonoraenequipo.com.mx\/storage\/2021\/07\/manifestacion-cubana_opt.jpg\",\"contentUrl\":\"https:\/\/www.sonoraenequipo.com.mx\/storage\/2021\/07\/manifestacion-cubana_opt.jpg\",\"width\":700,\"height\":400},{\"@type\":\"BreadcrumbList\",\"@id\":\"https:\/\/www.sonoraenequipo.com.mx\/cuba-el-principio-de-un-cambio-profundo\/#breadcrumb\",\"itemListElement\":[{\"@type\":\"ListItem\",\"position\":1,\"name\":\"Portada\",\"item\":\"https:\/\/www.sonoraenequipo.com.mx\/\"},{\"@type\":\"ListItem\",\"position\":2,\"name\":\"Cuba: \u00bfEl principio de un cambio profundo?\"}]},{\"@type\":\"WebSite\",\"@id\":\"https:\/\/www.sonoraenequipo.com.mx\/#website\",\"url\":\"https:\/\/www.sonoraenequipo.com.mx\/\",\"name\":\"Sonora en Equipo.\",\"description\":\"Diario en l\u00ednea con Noticias desde Hermosillo, Sonora\",\"publisher\":{\"@id\":\"https:\/\/www.sonoraenequipo.com.mx\/#organization\"},\"potentialAction\":[{\"@type\":\"SearchAction\",\"target\":{\"@type\":\"EntryPoint\",\"urlTemplate\":\"https:\/\/www.sonoraenequipo.com.mx\/?s={search_term_string}\"},\"query-input\":{\"@type\":\"PropertyValueSpecification\",\"valueRequired\":true,\"valueName\":\"search_term_string\"}}],\"inLanguage\":\"es\"},{\"@type\":\"Organization\",\"@id\":\"https:\/\/www.sonoraenequipo.com.mx\/#organization\",\"name\":\"Sonoraenequipo.com.mx\",\"url\":\"https:\/\/www.sonoraenequipo.com.mx\/\",\"logo\":{\"@type\":\"ImageObject\",\"inLanguage\":\"es\",\"@id\":\"https:\/\/www.sonoraenequipo.com.mx\/#\/schema\/logo\/image\/\",\"url\":\"https:\/\/www.sonoraenequipo.com.mx\/storage\/2019\/01\/sonoraenequipo_opt.png\",\"contentUrl\":\"https:\/\/www.sonoraenequipo.com.mx\/storage\/2019\/01\/sonoraenequipo_opt.png\",\"width\":375,\"height\":125,\"caption\":\"Sonoraenequipo.com.mx\"},\"image\":{\"@id\":\"https:\/\/www.sonoraenequipo.com.mx\/#\/schema\/logo\/image\/\"},\"sameAs\":[\"https:\/\/www.facebook.com\/SonoraEE\/\",\"https:\/\/x.com\/sonoraenequipo\",\"https:\/\/www.youtube.com\/channel\/UC338nW-lPEYmJQs4ZABQ1SQ\"]},{\"@type\":\"Person\",\"@id\":\"https:\/\/www.sonoraenequipo.com.mx\/#\/schema\/person\/50102df0fb23a8fa9e8effad8fa81386\",\"name\":\"enequipo\",\"image\":{\"@type\":\"ImageObject\",\"inLanguage\":\"es\",\"@id\":\"https:\/\/www.sonoraenequipo.com.mx\/#\/schema\/person\/image\/\",\"url\":\"https:\/\/secure.gravatar.com\/avatar\/049821681b589dabc0bc20695993ccebb09f5b5d4d790cd9251b97faac7c652b?s=96&d=blank&r=g\",\"contentUrl\":\"https:\/\/secure.gravatar.com\/avatar\/049821681b589dabc0bc20695993ccebb09f5b5d4d790cd9251b97faac7c652b?s=96&d=blank&r=g\",\"caption\":\"enequipo\"},\"sameAs\":[\"https:\/\/www.facebook.com\/SonoraEE\"]}]}<\/script>\n ","yoast_head_json":{"title":"Sonora en Equipo. Cuba: \u00bfEl principio de un cambio profundo? MUNDO","description":"LA HABANA, CUBA. \u2014 \u201cLas nuevas sanciones de EEUU contra funcionarios del gobierno cubano no tendr\u00e1n consecuencias pr\u00e1cticas, pero le dar\u00e1n m\u00e1s argumentos En Sonora en Equipo publicamos toda la informaci\u00f3n de Sonora, M\u00e9xico y el Mundo de manera oportuna y busca que la libertad de expresi\u00f3n sea real. Visita nuestro medio informativo publicado desde Hermosillo, Sonora. %","robots":{"index":"index","follow":"follow","max-snippet":"max-snippet:-1","max-image-preview":"max-image-preview:large","max-video-preview":"max-video-preview:-1"},"canonical":"https:\/\/www.sonoraenequipo.com.mx\/cuba-el-principio-de-un-cambio-profundo\/","og_locale":"es_ES","og_type":"article","og_title":"Sonora en Equipo. Cuba: \u00bfEl principio de un cambio profundo? MUNDO","og_description":"LA HABANA, CUBA. \u2014 \u201cLas nuevas sanciones de EEUU contra funcionarios del gobierno cubano no tendr\u00e1n consecuencias pr\u00e1cticas, pero le dar\u00e1n m\u00e1s argumentos En Sonora en Equipo publicamos toda la informaci\u00f3n de Sonora, M\u00e9xico y el Mundo de manera oportuna y busca que la libertad de expresi\u00f3n sea real. Visita nuestro medio informativo publicado desde Hermosillo, Sonora. %","og_url":"https:\/\/www.sonoraenequipo.com.mx\/cuba-el-principio-de-un-cambio-profundo\/","og_site_name":"Sonora en Equipo.","article_publisher":"https:\/\/www.facebook.com\/SonoraEE\/","article_author":"https:\/\/www.facebook.com\/SonoraEE","article_published_time":"2021-07-26T17:27:51+00:00","article_modified_time":"2021-07-26T19:14:37+00:00","og_image":[{"width":700,"height":400,"url":"https:\/\/www.sonoraenequipo.com.mx\/storage\/2021\/07\/manifestacion-cubana_opt.jpg","type":"image\/jpeg"}],"author":"enequipo","twitter_card":"summary_large_image","twitter_creator":"@sonoraenequipo","twitter_site":"@sonoraenequipo","twitter_misc":{"Escrito por":"enequipo","Tiempo de lectura":"6 minutos"},"schema":{"@context":"https:\/\/schema.org","@graph":[{"@type":"Article","@id":"https:\/\/www.sonoraenequipo.com.mx\/cuba-el-principio-de-un-cambio-profundo\/#article","isPartOf":{"@id":"https:\/\/www.sonoraenequipo.com.mx\/cuba-el-principio-de-un-cambio-profundo\/"},"author":{"name":"enequipo","@id":"https:\/\/www.sonoraenequipo.com.mx\/#\/schema\/person\/50102df0fb23a8fa9e8effad8fa81386"},"headline":"Cuba: \u00bfEl principio de un cambio profundo?","datePublished":"2021-07-26T17:27:51+00:00","dateModified":"2021-07-26T19:14:37+00:00","mainEntityOfPage":{"@id":"https:\/\/www.sonoraenequipo.com.mx\/cuba-el-principio-de-un-cambio-profundo\/"},"wordCount":1297,"commentCount":0,"publisher":{"@id":"https:\/\/www.sonoraenequipo.com.mx\/#organization"},"image":{"@id":"https:\/\/www.sonoraenequipo.com.mx\/cuba-el-principio-de-un-cambio-profundo\/#primaryimage"},"thumbnailUrl":"https:\/\/www.sonoraenequipo.com.mx\/storage\/2021\/07\/manifestacion-cubana_opt.jpg","articleSection":["MUNDO"],"inLanguage":"es","potentialAction":[{"@type":"CommentAction","name":"Comment","target":["https:\/\/www.sonoraenequipo.com.mx\/cuba-el-principio-de-un-cambio-profundo\/#respond"]}]},{"@type":"WebPage","@id":"https:\/\/www.sonoraenequipo.com.mx\/cuba-el-principio-de-un-cambio-profundo\/","url":"https:\/\/www.sonoraenequipo.com.mx\/cuba-el-principio-de-un-cambio-profundo\/","name":"Sonora en Equipo. Cuba: \u00bfEl principio de un cambio profundo? MUNDO","isPartOf":{"@id":"https:\/\/www.sonoraenequipo.com.mx\/#website"},"primaryImageOfPage":{"@id":"https:\/\/www.sonoraenequipo.com.mx\/cuba-el-principio-de-un-cambio-profundo\/#primaryimage"},"image":{"@id":"https:\/\/www.sonoraenequipo.com.mx\/cuba-el-principio-de-un-cambio-profundo\/#primaryimage"},"thumbnailUrl":"https:\/\/www.sonoraenequipo.com.mx\/storage\/2021\/07\/manifestacion-cubana_opt.jpg","datePublished":"2021-07-26T17:27:51+00:00","dateModified":"2021-07-26T19:14:37+00:00","description":"LA HABANA, CUBA. \u2014 \u201cLas nuevas sanciones de EEUU contra funcionarios del gobierno cubano no tendr\u00e1n consecuencias pr\u00e1cticas, pero le dar\u00e1n m\u00e1s argumentos En Sonora en Equipo publicamos toda la informaci\u00f3n de Sonora, M\u00e9xico y el Mundo de manera oportuna y busca que la libertad de expresi\u00f3n sea real. Visita nuestro medio informativo publicado desde Hermosillo, Sonora. %","breadcrumb":{"@id":"https:\/\/www.sonoraenequipo.com.mx\/cuba-el-principio-de-un-cambio-profundo\/#breadcrumb"},"inLanguage":"es","potentialAction":[{"@type":"ReadAction","target":["https:\/\/www.sonoraenequipo.com.mx\/cuba-el-principio-de-un-cambio-profundo\/"]}]},{"@type":"ImageObject","inLanguage":"es","@id":"https:\/\/www.sonoraenequipo.com.mx\/cuba-el-principio-de-un-cambio-profundo\/#primaryimage","url":"https:\/\/www.sonoraenequipo.com.mx\/storage\/2021\/07\/manifestacion-cubana_opt.jpg","contentUrl":"https:\/\/www.sonoraenequipo.com.mx\/storage\/2021\/07\/manifestacion-cubana_opt.jpg","width":700,"height":400},{"@type":"BreadcrumbList","@id":"https:\/\/www.sonoraenequipo.com.mx\/cuba-el-principio-de-un-cambio-profundo\/#breadcrumb","itemListElement":[{"@type":"ListItem","position":1,"name":"Portada","item":"https:\/\/www.sonoraenequipo.com.mx\/"},{"@type":"ListItem","position":2,"name":"Cuba: \u00bfEl principio de un cambio profundo?"}]},{"@type":"WebSite","@id":"https:\/\/www.sonoraenequipo.com.mx\/#website","url":"https:\/\/www.sonoraenequipo.com.mx\/","name":"Sonora en Equipo.","description":"Diario en l\u00ednea con Noticias desde Hermosillo, Sonora","publisher":{"@id":"https:\/\/www.sonoraenequipo.com.mx\/#organization"},"potentialAction":[{"@type":"SearchAction","target":{"@type":"EntryPoint","urlTemplate":"https:\/\/www.sonoraenequipo.com.mx\/?s={search_term_string}"},"query-input":{"@type":"PropertyValueSpecification","valueRequired":true,"valueName":"search_term_string"}}],"inLanguage":"es"},{"@type":"Organization","@id":"https:\/\/www.sonoraenequipo.com.mx\/#organization","name":"Sonoraenequipo.com.mx","url":"https:\/\/www.sonoraenequipo.com.mx\/","logo":{"@type":"ImageObject","inLanguage":"es","@id":"https:\/\/www.sonoraenequipo.com.mx\/#\/schema\/logo\/image\/","url":"https:\/\/www.sonoraenequipo.com.mx\/storage\/2019\/01\/sonoraenequipo_opt.png","contentUrl":"https:\/\/www.sonoraenequipo.com.mx\/storage\/2019\/01\/sonoraenequipo_opt.png","width":375,"height":125,"caption":"Sonoraenequipo.com.mx"},"image":{"@id":"https:\/\/www.sonoraenequipo.com.mx\/#\/schema\/logo\/image\/"},"sameAs":["https:\/\/www.facebook.com\/SonoraEE\/","https:\/\/x.com\/sonoraenequipo","https:\/\/www.youtube.com\/channel\/UC338nW-lPEYmJQs4ZABQ1SQ"]},{"@type":"Person","@id":"https:\/\/www.sonoraenequipo.com.mx\/#\/schema\/person\/50102df0fb23a8fa9e8effad8fa81386","name":"enequipo","image":{"@type":"ImageObject","inLanguage":"es","@id":"https:\/\/www.sonoraenequipo.com.mx\/#\/schema\/person\/image\/","url":"https:\/\/secure.gravatar.com\/avatar\/049821681b589dabc0bc20695993ccebb09f5b5d4d790cd9251b97faac7c652b?s=96&d=blank&r=g","contentUrl":"https:\/\/secure.gravatar.com\/avatar\/049821681b589dabc0bc20695993ccebb09f5b5d4d790cd9251b97faac7c652b?s=96&d=blank&r=g","caption":"enequipo"},"sameAs":["https:\/\/www.facebook.com\/SonoraEE"]}]}},"jetpack_featured_media_url":"https:\/\/www.sonoraenequipo.com.mx\/storage\/2021\/07\/manifestacion-cubana_opt.jpg","_links":{"self":[{"href":"https:\/\/www.sonoraenequipo.com.mx\/api\/wp\/v2\/posts\/119120","targetHints":{"allow":["GET"]}}],"collection":[{"href":"https:\/\/www.sonoraenequipo.com.mx\/api\/wp\/v2\/posts"}],"about":[{"href":"https:\/\/www.sonoraenequipo.com.mx\/api\/wp\/v2\/types\/post"}],"author":[{"embeddable":true,"href":"https:\/\/www.sonoraenequipo.com.mx\/api\/wp\/v2\/users\/1"}],"replies":[{"embeddable":true,"href":"https:\/\/www.sonoraenequipo.com.mx\/api\/wp\/v2\/comments?post=119120"}],"version-history":[{"count":1,"href":"https:\/\/www.sonoraenequipo.com.mx\/api\/wp\/v2\/posts\/119120\/revisions"}],"predecessor-version":[{"id":119121,"href":"https:\/\/www.sonoraenequipo.com.mx\/api\/wp\/v2\/posts\/119120\/revisions\/119121"}],"wp:featuredmedia":[{"embeddable":true,"href":"https:\/\/www.sonoraenequipo.com.mx\/api\/wp\/v2\/media\/119109"}],"wp:attachment":[{"href":"https:\/\/www.sonoraenequipo.com.mx\/api\/wp\/v2\/media?parent=119120"}],"wp:term":[{"taxonomy":"category","embeddable":true,"href":"https:\/\/www.sonoraenequipo.com.mx\/api\/wp\/v2\/categories?post=119120"},{"taxonomy":"post_tag","embeddable":true,"href":"https:\/\/www.sonoraenequipo.com.mx\/api\/wp\/v2\/tags?post=119120"}],"curies":[{"name":"wp","href":"https:\/\/api.w.org\/{rel}","templated":true}]}}