{"id":119136,"date":"2021-07-26T16:22:08","date_gmt":"2021-07-26T23:22:08","guid":{"rendered":"https:\/\/www.sonoraenequipo.com.mx\/?p=119136"},"modified":"2021-07-26T16:22:08","modified_gmt":"2021-07-26T23:22:08","slug":"compiten-y-se-divierten-en-el-show-de-talentos-virtual","status":"publish","type":"post","link":"https:\/\/www.sonoraenequipo.com.mx\/compiten-y-se-divierten-en-el-show-de-talentos-virtual\/","title":{"rendered":"Compiten y se divierten en el show de talentos virtual"},"content":{"rendered":"<p>HERMOSILLO, SONORA,MX.\u2500\u2500 La segunda edici\u00f3n del \u201cShow de Talentos Virtual\u201d, con la tem\u00e1tica de los a\u00f1os 80 fue organizada en la escuela secundaria Federal No. 2 \u201cFrancisco I. Madero\u201d de Guaymas, expres\u00f3 Rolando Dur\u00e1n Verdugo, subdirector del turno matutino del plantel educativo.<\/p>\n<p>&nbsp;<\/p>\n<p>Como parte de las actividades formativas realizaron el evento que involucr\u00f3 a estudiantes y sus familias, donde compartieron sus talentos art\u00edsticos con la comunidad escolar, dijo Dur\u00e1n Verdugo.<\/p>\n<p>&nbsp;<\/p>\n<p>\u201cEl objetivo fue involucrar a nuestros estudiantes y sus familias en una actividad orientada a brindar espacio a los adolescentes, para que ellos mostraran los diversos talentos art\u00edsticos que poseen y los pudieran compartir con la comunidad educativa\u201d, explic\u00f3.<\/p>\n<p>&nbsp;<\/p>\n<p>El evento fue coordinado por la maestra Desiree Souza Rosas, con el apoyo de los integrantes de la academia de Artes, Am\u00e9rica Larrinaga Hern\u00e1ndez, Melisa Arellano L\u00f3pez y Jos\u00e9 V\u00e1zquez Hern\u00e1ndez, se logr\u00f3 el resultado esperado.<\/p>\n<p>&nbsp;<\/p>\n<p>\u201cEstamos muy satisfechos con la respuesta obtenida. El principal objetivo fue fortalecer la formaci\u00f3n integral del estudiante, de manera que buscamos resaltar sus habilidades art\u00edsticas y sabemos que tenemos muchos talentos en la escuela\u201d, coment\u00f3 el subdirector.<\/p>\n<p>&nbsp;<\/p>\n<p>Indic\u00f3 que la convocatoria marc\u00f3 la participaci\u00f3n de los adolescentes en diferentes categor\u00edas, dando la oportunidad a las y los estudiantes de mostrar sus competencias art\u00edsticas a trav\u00e9s de un escenario virtual.<\/p>\n<p>&nbsp;<\/p>\n<p>\u201cDespu\u00e9s de diferentes etapas se lleg\u00f3 a los cinco finalistas, sus videos los subimos a la plataforma de Facebook de nuestra escuela. Fue as\u00ed que logramos realizar la votaci\u00f3n en las categor\u00edas de mejor baile, mejor coreograf\u00eda, mejor voz en canto, mejor interpretaci\u00f3n con acompa\u00f1amiento de instrumento musical y el video m\u00e1s creativo y original\u201d, explic\u00f3 Dur\u00e1n Verdugo.<\/p>\n<p>&nbsp;<\/p>\n<p>Enfatiz\u00f3 que en la ceremonia de premiaci\u00f3n los ganadores recibieron un reconocimiento y varios regalos patrocinados por el personal del plantel, ubicado en la colonia San Vicente, del puerto de Guaymas.<\/p>\n<p>&nbsp;<\/p>\n<p>\u201cApegados a los protocolos establecidos por las autoridades de Salud, entregamos los premios: dinero en efectivo, recargas telef\u00f3nicas, accesorios y ropa, pero lo m\u00e1s importante fue ver el entusiasmo y la respuesta favorable de ellos, por eso, queremos hacer este evento una tradici\u00f3n escolar\u201d, a\u00f1adi\u00f3 el subdirector.<\/p>\n<p>Fecha de Publicaci\u00f3n \u00a0lunes \/ 26\u00a0\u00a0 \/ julio \/ 2021<\/p>\n","protected":false},"excerpt":{"rendered":"<p>HERMOSILLO, SONORA,MX.\u2500\u2500 La segunda edici\u00f3n del \u201cShow de Talentos Virtual\u201d, con la tem\u00e1tica de los&#8230;<\/p>\n","protected":false},"author":1,"featured_media":119139,"comment_status":"open","ping_status":"open","sticky":false,"template":"","format":"standard","meta":{"_monsterinsights_skip_tracking":false,"_monsterinsights_sitenote_active":false,"_monsterinsights_sitenote_note":"","_monsterinsights_sitenote_category":0,"footnotes":""},"categories":[22],"tags":[204,15],"class_list":["post"],"yoast_head":" \n<title>Sonora en Equipo. Compiten y se divierten en el show de talentos virtual Sonora<\/title>\n<meta name=\"description\" content=\"HERMOSILLO, SONORA,MX.\u2500\u2500 La segunda edici\u00f3n del \u201cShow de Talentos Virtual\u201d, con la tem\u00e1tica de los a\u00f1os 80 fue organizada en la escuela secundaria Federal En Sonora en Equipo publicamos toda la informaci\u00f3n de Sonora, M\u00e9xico y el Mundo de manera oportuna y busca que la libertad de expresi\u00f3n sea real. Visita nuestro medio informativo publicado desde Hermosillo, Sonora. %\" \/>\n<meta name=\"robots\" content=\"index, follow, max-snippet:-1, max-image-preview:large, max-video-preview:-1\" \/>\n<link rel=\"canonical\" href=\"https:\/\/www.sonoraenequipo.com.mx\/compiten-y-se-divierten-en-el-show-de-talentos-virtual\/\" \/>\n<meta property=\"og:locale\" content=\"es_ES\" \/>\n<meta property=\"og:type\" content=\"article\" \/>\n<meta property=\"og:title\" content=\"Sonora en Equipo. Compiten y se divierten en el show de talentos virtual Sonora\" \/>\n<meta property=\"og:description\" content=\"HERMOSILLO, SONORA,MX.\u2500\u2500 La segunda edici\u00f3n del \u201cShow de Talentos Virtual\u201d, con la tem\u00e1tica de los a\u00f1os 80 fue organizada en la escuela secundaria Federal En Sonora en Equipo publicamos toda la informaci\u00f3n de Sonora, M\u00e9xico y el Mundo de manera oportuna y busca que la libertad de expresi\u00f3n sea real. Visita nuestro medio informativo publicado desde Hermosillo, Sonora. %\" \/>\n<meta property=\"og:url\" content=\"https:\/\/www.sonoraenequipo.com.mx\/compiten-y-se-divierten-en-el-show-de-talentos-virtual\/\" \/>\n<meta property=\"og:site_name\" content=\"Sonora en Equipo.\" \/>\n<meta property=\"article:publisher\" content=\"https:\/\/www.facebook.com\/SonoraEE\/\" \/>\n<meta property=\"article:author\" content=\"https:\/\/www.facebook.com\/SonoraEE\" \/>\n<meta property=\"article:published_time\" content=\"2021-07-26T23:22:08+00:00\" \/>\n<meta property=\"og:image\" content=\"https:\/\/www.sonoraenequipo.com.mx\/storage\/2021\/07\/isc-taller-virtual.jpg\" \/>\n\t<meta property=\"og:image:width\" content=\"700\" \/>\n\t<meta property=\"og:image:height\" content=\"400\" \/>\n\t<meta property=\"og:image:type\" content=\"image\/jpeg\" \/>\n<meta name=\"author\" content=\"enequipo\" \/>\n<meta name=\"twitter:card\" content=\"summary_large_image\" \/>\n<meta name=\"twitter:creator\" content=\"@sonoraenequipo\" \/>\n<meta name=\"twitter:site\" content=\"@sonoraenequipo\" \/>\n<meta name=\"twitter:label1\" content=\"Escrito por\" \/>\n\t<meta name=\"twitter:data1\" content=\"enequipo\" \/>\n\t<meta name=\"twitter:label2\" content=\"Tiempo de lectura\" \/>\n\t<meta name=\"twitter:data2\" content=\"2 minutos\" \/>\n<script type=\"application\/ld+json\" class=\"yoast-schema-graph\">{\"@context\":\"https:\/\/schema.org\",\"@graph\":[{\"@type\":\"Article\",\"@id\":\"https:\/\/www.sonoraenequipo.com.mx\/compiten-y-se-divierten-en-el-show-de-talentos-virtual\/#article\",\"isPartOf\":{\"@id\":\"https:\/\/www.sonoraenequipo.com.mx\/compiten-y-se-divierten-en-el-show-de-talentos-virtual\/\"},\"author\":{\"name\":\"enequipo\",\"@id\":\"https:\/\/www.sonoraenequipo.com.mx\/#\/schema\/person\/50102df0fb23a8fa9e8effad8fa81386\"},\"headline\":\"Compiten y se divierten en el show de talentos virtual\",\"datePublished\":\"2021-07-26T23:22:08+00:00\",\"mainEntityOfPage\":{\"@id\":\"https:\/\/www.sonoraenequipo.com.mx\/compiten-y-se-divierten-en-el-show-de-talentos-virtual\/\"},\"wordCount\":404,\"commentCount\":0,\"publisher\":{\"@id\":\"https:\/\/www.sonoraenequipo.com.mx\/#organization\"},\"image\":{\"@id\":\"https:\/\/www.sonoraenequipo.com.mx\/compiten-y-se-divierten-en-el-show-de-talentos-virtual\/#primaryimage\"},\"thumbnailUrl\":\"https:\/\/www.sonoraenequipo.com.mx\/storage\/2021\/07\/isc-taller-virtual.jpg\",\"keywords\":[\"cultura\",\"Sonora\"],\"articleSection\":[\"Sonora\"],\"inLanguage\":\"es\",\"potentialAction\":[{\"@type\":\"CommentAction\",\"name\":\"Comment\",\"target\":[\"https:\/\/www.sonoraenequipo.com.mx\/compiten-y-se-divierten-en-el-show-de-talentos-virtual\/#respond\"]}]},{\"@type\":\"WebPage\",\"@id\":\"https:\/\/www.sonoraenequipo.com.mx\/compiten-y-se-divierten-en-el-show-de-talentos-virtual\/\",\"url\":\"https:\/\/www.sonoraenequipo.com.mx\/compiten-y-se-divierten-en-el-show-de-talentos-virtual\/\",\"name\":\"Sonora en Equipo. Compiten y se divierten en el show de talentos virtual Sonora\",\"isPartOf\":{\"@id\":\"https:\/\/www.sonoraenequipo.com.mx\/#website\"},\"primaryImageOfPage\":{\"@id\":\"https:\/\/www.sonoraenequipo.com.mx\/compiten-y-se-divierten-en-el-show-de-talentos-virtual\/#primaryimage\"},\"image\":{\"@id\":\"https:\/\/www.sonoraenequipo.com.mx\/compiten-y-se-divierten-en-el-show-de-talentos-virtual\/#primaryimage\"},\"thumbnailUrl\":\"https:\/\/www.sonoraenequipo.com.mx\/storage\/2021\/07\/isc-taller-virtual.jpg\",\"datePublished\":\"2021-07-26T23:22:08+00:00\",\"description\":\"HERMOSILLO, SONORA,MX.\u2500\u2500 La segunda edici\u00f3n del \u201cShow de Talentos Virtual\u201d, con la tem\u00e1tica de los a\u00f1os 80 fue organizada en la escuela secundaria Federal En Sonora en Equipo publicamos toda la informaci\u00f3n de Sonora, M\u00e9xico y el Mundo de manera oportuna y busca que la libertad de expresi\u00f3n sea real. Visita nuestro medio informativo publicado desde Hermosillo, Sonora. %\",\"breadcrumb\":{\"@id\":\"https:\/\/www.sonoraenequipo.com.mx\/compiten-y-se-divierten-en-el-show-de-talentos-virtual\/#breadcrumb\"},\"inLanguage\":\"es\",\"potentialAction\":[{\"@type\":\"ReadAction\",\"target\":[\"https:\/\/www.sonoraenequipo.com.mx\/compiten-y-se-divierten-en-el-show-de-talentos-virtual\/\"]}]},{\"@type\":\"ImageObject\",\"inLanguage\":\"es\",\"@id\":\"https:\/\/www.sonoraenequipo.com.mx\/compiten-y-se-divierten-en-el-show-de-talentos-virtual\/#primaryimage\",\"url\":\"https:\/\/www.sonoraenequipo.com.mx\/storage\/2021\/07\/isc-taller-virtual.jpg\",\"contentUrl\":\"https:\/\/www.sonoraenequipo.com.mx\/storage\/2021\/07\/isc-taller-virtual.jpg\",\"width\":700,\"height\":400},{\"@type\":\"BreadcrumbList\",\"@id\":\"https:\/\/www.sonoraenequipo.com.mx\/compiten-y-se-divierten-en-el-show-de-talentos-virtual\/#breadcrumb\",\"itemListElement\":[{\"@type\":\"ListItem\",\"position\":1,\"name\":\"Portada\",\"item\":\"https:\/\/www.sonoraenequipo.com.mx\/\"},{\"@type\":\"ListItem\",\"position\":2,\"name\":\"Compiten y se divierten en el show de talentos virtual\"}]},{\"@type\":\"WebSite\",\"@id\":\"https:\/\/www.sonoraenequipo.com.mx\/#website\",\"url\":\"https:\/\/www.sonoraenequipo.com.mx\/\",\"name\":\"Sonora en Equipo.\",\"description\":\"Diario en l\u00ednea con Noticias desde Hermosillo, Sonora\",\"publisher\":{\"@id\":\"https:\/\/www.sonoraenequipo.com.mx\/#organization\"},\"potentialAction\":[{\"@type\":\"SearchAction\",\"target\":{\"@type\":\"EntryPoint\",\"urlTemplate\":\"https:\/\/www.sonoraenequipo.com.mx\/?s={search_term_string}\"},\"query-input\":{\"@type\":\"PropertyValueSpecification\",\"valueRequired\":true,\"valueName\":\"search_term_string\"}}],\"inLanguage\":\"es\"},{\"@type\":\"Organization\",\"@id\":\"https:\/\/www.sonoraenequipo.com.mx\/#organization\",\"name\":\"Sonoraenequipo.com.mx\",\"url\":\"https:\/\/www.sonoraenequipo.com.mx\/\",\"logo\":{\"@type\":\"ImageObject\",\"inLanguage\":\"es\",\"@id\":\"https:\/\/www.sonoraenequipo.com.mx\/#\/schema\/logo\/image\/\",\"url\":\"https:\/\/www.sonoraenequipo.com.mx\/storage\/2019\/01\/sonoraenequipo_opt.png\",\"contentUrl\":\"https:\/\/www.sonoraenequipo.com.mx\/storage\/2019\/01\/sonoraenequipo_opt.png\",\"width\":375,\"height\":125,\"caption\":\"Sonoraenequipo.com.mx\"},\"image\":{\"@id\":\"https:\/\/www.sonoraenequipo.com.mx\/#\/schema\/logo\/image\/\"},\"sameAs\":[\"https:\/\/www.facebook.com\/SonoraEE\/\",\"https:\/\/x.com\/sonoraenequipo\",\"https:\/\/www.youtube.com\/channel\/UC338nW-lPEYmJQs4ZABQ1SQ\"]},{\"@type\":\"Person\",\"@id\":\"https:\/\/www.sonoraenequipo.com.mx\/#\/schema\/person\/50102df0fb23a8fa9e8effad8fa81386\",\"name\":\"enequipo\",\"image\":{\"@type\":\"ImageObject\",\"inLanguage\":\"es\",\"@id\":\"https:\/\/www.sonoraenequipo.com.mx\/#\/schema\/person\/image\/\",\"url\":\"https:\/\/secure.gravatar.com\/avatar\/049821681b589dabc0bc20695993ccebb09f5b5d4d790cd9251b97faac7c652b?s=96&d=blank&r=g\",\"contentUrl\":\"https:\/\/secure.gravatar.com\/avatar\/049821681b589dabc0bc20695993ccebb09f5b5d4d790cd9251b97faac7c652b?s=96&d=blank&r=g\",\"caption\":\"enequipo\"},\"sameAs\":[\"https:\/\/www.facebook.com\/SonoraEE\"]}]}<\/script>\n ","yoast_head_json":{"title":"Sonora en Equipo. Compiten y se divierten en el show de talentos virtual Sonora","description":"HERMOSILLO, SONORA,MX.\u2500\u2500 La segunda edici\u00f3n del \u201cShow de Talentos Virtual\u201d, con la tem\u00e1tica de los a\u00f1os 80 fue organizada en la escuela secundaria Federal En Sonora en Equipo publicamos toda la informaci\u00f3n de Sonora, M\u00e9xico y el Mundo de manera oportuna y busca que la libertad de expresi\u00f3n sea real. Visita nuestro medio informativo publicado desde Hermosillo, Sonora. %","robots":{"index":"index","follow":"follow","max-snippet":"max-snippet:-1","max-image-preview":"max-image-preview:large","max-video-preview":"max-video-preview:-1"},"canonical":"https:\/\/www.sonoraenequipo.com.mx\/compiten-y-se-divierten-en-el-show-de-talentos-virtual\/","og_locale":"es_ES","og_type":"article","og_title":"Sonora en Equipo. Compiten y se divierten en el show de talentos virtual Sonora","og_description":"HERMOSILLO, SONORA,MX.\u2500\u2500 La segunda edici\u00f3n del \u201cShow de Talentos Virtual\u201d, con la tem\u00e1tica de los a\u00f1os 80 fue organizada en la escuela secundaria Federal En Sonora en Equipo publicamos toda la informaci\u00f3n de Sonora, M\u00e9xico y el Mundo de manera oportuna y busca que la libertad de expresi\u00f3n sea real. Visita nuestro medio informativo publicado desde Hermosillo, Sonora. %","og_url":"https:\/\/www.sonoraenequipo.com.mx\/compiten-y-se-divierten-en-el-show-de-talentos-virtual\/","og_site_name":"Sonora en Equipo.","article_publisher":"https:\/\/www.facebook.com\/SonoraEE\/","article_author":"https:\/\/www.facebook.com\/SonoraEE","article_published_time":"2021-07-26T23:22:08+00:00","og_image":[{"width":700,"height":400,"url":"https:\/\/www.sonoraenequipo.com.mx\/storage\/2021\/07\/isc-taller-virtual.jpg","type":"image\/jpeg"}],"author":"enequipo","twitter_card":"summary_large_image","twitter_creator":"@sonoraenequipo","twitter_site":"@sonoraenequipo","twitter_misc":{"Escrito por":"enequipo","Tiempo de lectura":"2 minutos"},"schema":{"@context":"https:\/\/schema.org","@graph":[{"@type":"Article","@id":"https:\/\/www.sonoraenequipo.com.mx\/compiten-y-se-divierten-en-el-show-de-talentos-virtual\/#article","isPartOf":{"@id":"https:\/\/www.sonoraenequipo.com.mx\/compiten-y-se-divierten-en-el-show-de-talentos-virtual\/"},"author":{"name":"enequipo","@id":"https:\/\/www.sonoraenequipo.com.mx\/#\/schema\/person\/50102df0fb23a8fa9e8effad8fa81386"},"headline":"Compiten y se divierten en el show de talentos virtual","datePublished":"2021-07-26T23:22:08+00:00","mainEntityOfPage":{"@id":"https:\/\/www.sonoraenequipo.com.mx\/compiten-y-se-divierten-en-el-show-de-talentos-virtual\/"},"wordCount":404,"commentCount":0,"publisher":{"@id":"https:\/\/www.sonoraenequipo.com.mx\/#organization"},"image":{"@id":"https:\/\/www.sonoraenequipo.com.mx\/compiten-y-se-divierten-en-el-show-de-talentos-virtual\/#primaryimage"},"thumbnailUrl":"https:\/\/www.sonoraenequipo.com.mx\/storage\/2021\/07\/isc-taller-virtual.jpg","keywords":["cultura","Sonora"],"articleSection":["Sonora"],"inLanguage":"es","potentialAction":[{"@type":"CommentAction","name":"Comment","target":["https:\/\/www.sonoraenequipo.com.mx\/compiten-y-se-divierten-en-el-show-de-talentos-virtual\/#respond"]}]},{"@type":"WebPage","@id":"https:\/\/www.sonoraenequipo.com.mx\/compiten-y-se-divierten-en-el-show-de-talentos-virtual\/","url":"https:\/\/www.sonoraenequipo.com.mx\/compiten-y-se-divierten-en-el-show-de-talentos-virtual\/","name":"Sonora en Equipo. Compiten y se divierten en el show de talentos virtual Sonora","isPartOf":{"@id":"https:\/\/www.sonoraenequipo.com.mx\/#website"},"primaryImageOfPage":{"@id":"https:\/\/www.sonoraenequipo.com.mx\/compiten-y-se-divierten-en-el-show-de-talentos-virtual\/#primaryimage"},"image":{"@id":"https:\/\/www.sonoraenequipo.com.mx\/compiten-y-se-divierten-en-el-show-de-talentos-virtual\/#primaryimage"},"thumbnailUrl":"https:\/\/www.sonoraenequipo.com.mx\/storage\/2021\/07\/isc-taller-virtual.jpg","datePublished":"2021-07-26T23:22:08+00:00","description":"HERMOSILLO, SONORA,MX.\u2500\u2500 La segunda edici\u00f3n del \u201cShow de Talentos Virtual\u201d, con la tem\u00e1tica de los a\u00f1os 80 fue organizada en la escuela secundaria Federal En Sonora en Equipo publicamos toda la informaci\u00f3n de Sonora, M\u00e9xico y el Mundo de manera oportuna y busca que la libertad de expresi\u00f3n sea real. Visita nuestro medio informativo publicado desde Hermosillo, Sonora. %","breadcrumb":{"@id":"https:\/\/www.sonoraenequipo.com.mx\/compiten-y-se-divierten-en-el-show-de-talentos-virtual\/#breadcrumb"},"inLanguage":"es","potentialAction":[{"@type":"ReadAction","target":["https:\/\/www.sonoraenequipo.com.mx\/compiten-y-se-divierten-en-el-show-de-talentos-virtual\/"]}]},{"@type":"ImageObject","inLanguage":"es","@id":"https:\/\/www.sonoraenequipo.com.mx\/compiten-y-se-divierten-en-el-show-de-talentos-virtual\/#primaryimage","url":"https:\/\/www.sonoraenequipo.com.mx\/storage\/2021\/07\/isc-taller-virtual.jpg","contentUrl":"https:\/\/www.sonoraenequipo.com.mx\/storage\/2021\/07\/isc-taller-virtual.jpg","width":700,"height":400},{"@type":"BreadcrumbList","@id":"https:\/\/www.sonoraenequipo.com.mx\/compiten-y-se-divierten-en-el-show-de-talentos-virtual\/#breadcrumb","itemListElement":[{"@type":"ListItem","position":1,"name":"Portada","item":"https:\/\/www.sonoraenequipo.com.mx\/"},{"@type":"ListItem","position":2,"name":"Compiten y se divierten en el show de talentos virtual"}]},{"@type":"WebSite","@id":"https:\/\/www.sonoraenequipo.com.mx\/#website","url":"https:\/\/www.sonoraenequipo.com.mx\/","name":"Sonora en Equipo.","description":"Diario en l\u00ednea con Noticias desde Hermosillo, Sonora","publisher":{"@id":"https:\/\/www.sonoraenequipo.com.mx\/#organization"},"potentialAction":[{"@type":"SearchAction","target":{"@type":"EntryPoint","urlTemplate":"https:\/\/www.sonoraenequipo.com.mx\/?s={search_term_string}"},"query-input":{"@type":"PropertyValueSpecification","valueRequired":true,"valueName":"search_term_string"}}],"inLanguage":"es"},{"@type":"Organization","@id":"https:\/\/www.sonoraenequipo.com.mx\/#organization","name":"Sonoraenequipo.com.mx","url":"https:\/\/www.sonoraenequipo.com.mx\/","logo":{"@type":"ImageObject","inLanguage":"es","@id":"https:\/\/www.sonoraenequipo.com.mx\/#\/schema\/logo\/image\/","url":"https:\/\/www.sonoraenequipo.com.mx\/storage\/2019\/01\/sonoraenequipo_opt.png","contentUrl":"https:\/\/www.sonoraenequipo.com.mx\/storage\/2019\/01\/sonoraenequipo_opt.png","width":375,"height":125,"caption":"Sonoraenequipo.com.mx"},"image":{"@id":"https:\/\/www.sonoraenequipo.com.mx\/#\/schema\/logo\/image\/"},"sameAs":["https:\/\/www.facebook.com\/SonoraEE\/","https:\/\/x.com\/sonoraenequipo","https:\/\/www.youtube.com\/channel\/UC338nW-lPEYmJQs4ZABQ1SQ"]},{"@type":"Person","@id":"https:\/\/www.sonoraenequipo.com.mx\/#\/schema\/person\/50102df0fb23a8fa9e8effad8fa81386","name":"enequipo","image":{"@type":"ImageObject","inLanguage":"es","@id":"https:\/\/www.sonoraenequipo.com.mx\/#\/schema\/person\/image\/","url":"https:\/\/secure.gravatar.com\/avatar\/049821681b589dabc0bc20695993ccebb09f5b5d4d790cd9251b97faac7c652b?s=96&d=blank&r=g","contentUrl":"https:\/\/secure.gravatar.com\/avatar\/049821681b589dabc0bc20695993ccebb09f5b5d4d790cd9251b97faac7c652b?s=96&d=blank&r=g","caption":"enequipo"},"sameAs":["https:\/\/www.facebook.com\/SonoraEE"]}]}},"jetpack_featured_media_url":"https:\/\/www.sonoraenequipo.com.mx\/storage\/2021\/07\/isc-taller-virtual.jpg","_links":{"self":[{"href":"https:\/\/www.sonoraenequipo.com.mx\/api\/wp\/v2\/posts\/119136","targetHints":{"allow":["GET"]}}],"collection":[{"href":"https:\/\/www.sonoraenequipo.com.mx\/api\/wp\/v2\/posts"}],"about":[{"href":"https:\/\/www.sonoraenequipo.com.mx\/api\/wp\/v2\/types\/post"}],"author":[{"embeddable":true,"href":"https:\/\/www.sonoraenequipo.com.mx\/api\/wp\/v2\/users\/1"}],"replies":[{"embeddable":true,"href":"https:\/\/www.sonoraenequipo.com.mx\/api\/wp\/v2\/comments?post=119136"}],"version-history":[{"count":1,"href":"https:\/\/www.sonoraenequipo.com.mx\/api\/wp\/v2\/posts\/119136\/revisions"}],"predecessor-version":[{"id":119140,"href":"https:\/\/www.sonoraenequipo.com.mx\/api\/wp\/v2\/posts\/119136\/revisions\/119140"}],"wp:featuredmedia":[{"embeddable":true,"href":"https:\/\/www.sonoraenequipo.com.mx\/api\/wp\/v2\/media\/119139"}],"wp:attachment":[{"href":"https:\/\/www.sonoraenequipo.com.mx\/api\/wp\/v2\/media?parent=119136"}],"wp:term":[{"taxonomy":"category","embeddable":true,"href":"https:\/\/www.sonoraenequipo.com.mx\/api\/wp\/v2\/categories?post=119136"},{"taxonomy":"post_tag","embeddable":true,"href":"https:\/\/www.sonoraenequipo.com.mx\/api\/wp\/v2\/tags?post=119136"}],"curies":[{"name":"wp","href":"https:\/\/api.w.org\/{rel}","templated":true}]}}