{"id":119138,"date":"2021-07-26T11:05:30","date_gmt":"2021-07-26T18:05:30","guid":{"rendered":"https:\/\/www.sonoraenequipo.com.mx\/?p=119138"},"modified":"2021-07-26T16:40:17","modified_gmt":"2021-07-26T23:40:17","slug":"el-presidente-anuncia-que-la-distribucion-de-gas-bienestar","status":"publish","type":"post","link":"https:\/\/www.sonoraenequipo.com.mx\/el-presidente-anuncia-que-la-distribucion-de-gas-bienestar\/","title":{"rendered":"El presidente anuncia que la distribuci\u00f3n de Gas Bienestar"},"content":{"rendered":"<p>CIUDAD DE M\u00c9XICO. MX. \u2014 El presidente de M\u00e9xico, Andr\u00e9s Manuel L\u00f3pez Obrador, anunci\u00f3 este lunes 26 de julio de 2021 que la empresa Gas Bienestar iniciar\u00e1 operaciones en la alcald\u00eda Iztapalapa, en la Ciudad de M\u00e9xico, a m\u00e1s tardar en dos meses.<\/p>\n<p>&nbsp;<\/p>\n<p> <\/p>\n<p><em>\u201cAcerca del Gas Bienestar se est\u00e1 avanzando, ya est\u00e1n los preparativos para iniciar, yo pienso que a m\u00e1s tardar en dos meses, que dije tres y ya transcurri\u00f3 uno, entonces en dos meses va a iniciar\u201d.<\/em><\/p>\n<p>&nbsp;<\/p>\n<p>El presidente detall\u00f3, desde Veracruz, que la distribuci\u00f3n de Gas Bienestar iniciar\u00e1 en la Ciudad de M\u00e9xico y se ampliar\u00e1 a todo el pa\u00eds, sobre todo en las grandes ciudades.<\/p>\n<p>&nbsp;<\/p>\n<p><em>\u201cVamos a empezar en la Ciudad de M\u00e9xico y aprovecho para decir que vamos a empezar en Iztapalapa, en la Ciudad de M\u00e9xico, ah\u00ed vamos a dar el banderazo de salida\u201d<\/em>, dijo.<\/p>\n<p>&nbsp;<\/p>\n<p>Detall\u00f3 que ya se est\u00e1n arreglando y estableciendo las instalaciones para atender todo el Valle de M\u00e9xico, pero habr\u00e1 instalaciones en las grandes ciudades.<\/p>\n<p>&nbsp;<\/p>\n<p>Dijo que esto significa que haya un lugar para que llegue el gas, se cargue, lleguen los cilindros y se distribuya.<\/p>\n<p>&nbsp;<\/p>\n<p>Asegur\u00f3 que el servicio se ir\u00e1 extendiendo para que pueda llegar el gas a todas las familias.<\/p>\n<p>&nbsp;<\/p>\n<p>El presidente admiti\u00f3 que tambi\u00e9n hay huachicol de gas y que el gobierno lo combate constantemente.<\/p>\n<p>&nbsp;<\/p>\n<p>El 7 de julio, L\u00f3pez Obrador anunci\u00f3 durante su conferencia matutina la creaci\u00f3n de la empresa distribuidora de gas LP Gas Bienestar, la cual pertenecer\u00e1 al Gobierno Federal, y distribuir\u00e1 a precio justo dicho combustible.<\/p>\n<p>&nbsp;<\/p>\n<p><em>\u201cEstamos preparando la creaci\u00f3n de una empresa para distribuir gas a precio justo, \u2018Gas Bienestar\u2019 se va a llamar, se van a vender cilindros de gas, de 20, 30 kilos, a precios bajos en las colonias, sin que estas empresas dejen de vender, para que haya competencia. Y en gas natural vamos a estar haciendo lo mismo porque tenemos excedentes\u201d<\/em>, inform\u00f3.<\/p>\n<p>&nbsp;<\/p>\n<p>(Publicada el 26\/07\/2021 \/ Con informaci\u00f3n de Presidencia de la Rep\u00fablica y Noticieros Televisa)<\/p>\n","protected":false},"excerpt":{"rendered":"<p>CIUDAD DE M\u00c9XICO. MX. \u2014 El presidente de M\u00e9xico, Andr\u00e9s Manuel L\u00f3pez Obrador, anunci\u00f3 este&#8230;<\/p>\n","protected":false},"author":1,"featured_media":119141,"comment_status":"open","ping_status":"open","sticky":false,"template":"","format":"standard","meta":{"_monsterinsights_skip_tracking":false,"_monsterinsights_sitenote_active":false,"_monsterinsights_sitenote_note":"","_monsterinsights_sitenote_category":0,"footnotes":""},"categories":[5],"tags":[],"class_list":["post"],"yoast_head":" \n<title>Sonora en Equipo. El presidente anuncia que la distribuci\u00f3n de Gas Bienestar Rep\u00fablica<\/title>\n<meta name=\"description\" content=\"CIUDAD DE M\u00c9XICO. MX. \u2014 El presidente de M\u00e9xico, Andr\u00e9s Manuel L\u00f3pez Obrador, anunci\u00f3 este lunes 26 de julio de 2021 que la empresa Gas Bienestar iniciar\u00e1 En Sonora en Equipo publicamos toda la informaci\u00f3n de Sonora, M\u00e9xico y el Mundo de manera oportuna y busca que la libertad de expresi\u00f3n sea real. Visita nuestro medio informativo publicado desde Hermosillo, Sonora. %\" \/>\n<meta name=\"robots\" content=\"index, follow, max-snippet:-1, max-image-preview:large, max-video-preview:-1\" \/>\n<link rel=\"canonical\" href=\"https:\/\/www.sonoraenequipo.com.mx\/el-presidente-anuncia-que-la-distribucion-de-gas-bienestar\/\" \/>\n<meta property=\"og:locale\" content=\"es_ES\" \/>\n<meta property=\"og:type\" content=\"article\" \/>\n<meta property=\"og:title\" content=\"Sonora en Equipo. El presidente anuncia que la distribuci\u00f3n de Gas Bienestar Rep\u00fablica\" \/>\n<meta property=\"og:description\" content=\"CIUDAD DE M\u00c9XICO. MX. \u2014 El presidente de M\u00e9xico, Andr\u00e9s Manuel L\u00f3pez Obrador, anunci\u00f3 este lunes 26 de julio de 2021 que la empresa Gas Bienestar iniciar\u00e1 En Sonora en Equipo publicamos toda la informaci\u00f3n de Sonora, M\u00e9xico y el Mundo de manera oportuna y busca que la libertad de expresi\u00f3n sea real. Visita nuestro medio informativo publicado desde Hermosillo, Sonora. %\" \/>\n<meta property=\"og:url\" content=\"https:\/\/www.sonoraenequipo.com.mx\/el-presidente-anuncia-que-la-distribucion-de-gas-bienestar\/\" \/>\n<meta property=\"og:site_name\" content=\"Sonora en Equipo.\" \/>\n<meta property=\"article:publisher\" content=\"https:\/\/www.facebook.com\/SonoraEE\/\" \/>\n<meta property=\"article:author\" content=\"https:\/\/www.facebook.com\/SonoraEE\" \/>\n<meta property=\"article:published_time\" content=\"2021-07-26T18:05:30+00:00\" \/>\n<meta property=\"article:modified_time\" content=\"2021-07-26T23:40:17+00:00\" \/>\n<meta property=\"og:image\" content=\"https:\/\/www.sonoraenequipo.com.mx\/storage\/2021\/07\/gas-natural-guardia-nacional_opt.jpg\" \/>\n\t<meta property=\"og:image:width\" content=\"700\" \/>\n\t<meta property=\"og:image:height\" content=\"400\" \/>\n\t<meta property=\"og:image:type\" content=\"image\/jpeg\" \/>\n<meta name=\"author\" content=\"enequipo\" \/>\n<meta name=\"twitter:card\" content=\"summary_large_image\" \/>\n<meta name=\"twitter:creator\" content=\"@sonoraenequipo\" \/>\n<meta name=\"twitter:site\" content=\"@sonoraenequipo\" \/>\n<meta name=\"twitter:label1\" content=\"Escrito por\" \/>\n\t<meta name=\"twitter:data1\" content=\"enequipo\" \/>\n\t<meta name=\"twitter:label2\" content=\"Tiempo de lectura\" \/>\n\t<meta name=\"twitter:data2\" content=\"2 minutos\" \/>\n<script type=\"application\/ld+json\" class=\"yoast-schema-graph\">{\"@context\":\"https:\/\/schema.org\",\"@graph\":[{\"@type\":\"Article\",\"@id\":\"https:\/\/www.sonoraenequipo.com.mx\/el-presidente-anuncia-que-la-distribucion-de-gas-bienestar\/#article\",\"isPartOf\":{\"@id\":\"https:\/\/www.sonoraenequipo.com.mx\/el-presidente-anuncia-que-la-distribucion-de-gas-bienestar\/\"},\"author\":{\"name\":\"enequipo\",\"@id\":\"https:\/\/www.sonoraenequipo.com.mx\/#\/schema\/person\/50102df0fb23a8fa9e8effad8fa81386\"},\"headline\":\"El presidente anuncia que la distribuci\u00f3n de Gas Bienestar\",\"datePublished\":\"2021-07-26T18:05:30+00:00\",\"dateModified\":\"2021-07-26T23:40:17+00:00\",\"mainEntityOfPage\":{\"@id\":\"https:\/\/www.sonoraenequipo.com.mx\/el-presidente-anuncia-que-la-distribucion-de-gas-bienestar\/\"},\"wordCount\":363,\"commentCount\":0,\"publisher\":{\"@id\":\"https:\/\/www.sonoraenequipo.com.mx\/#organization\"},\"image\":{\"@id\":\"https:\/\/www.sonoraenequipo.com.mx\/el-presidente-anuncia-que-la-distribucion-de-gas-bienestar\/#primaryimage\"},\"thumbnailUrl\":\"https:\/\/www.sonoraenequipo.com.mx\/storage\/2021\/07\/gas-natural-guardia-nacional_opt.jpg\",\"articleSection\":[\"Rep\u00fablica\"],\"inLanguage\":\"es\",\"potentialAction\":[{\"@type\":\"CommentAction\",\"name\":\"Comment\",\"target\":[\"https:\/\/www.sonoraenequipo.com.mx\/el-presidente-anuncia-que-la-distribucion-de-gas-bienestar\/#respond\"]}]},{\"@type\":\"WebPage\",\"@id\":\"https:\/\/www.sonoraenequipo.com.mx\/el-presidente-anuncia-que-la-distribucion-de-gas-bienestar\/\",\"url\":\"https:\/\/www.sonoraenequipo.com.mx\/el-presidente-anuncia-que-la-distribucion-de-gas-bienestar\/\",\"name\":\"Sonora en Equipo. El presidente anuncia que la distribuci\u00f3n de Gas Bienestar Rep\u00fablica\",\"isPartOf\":{\"@id\":\"https:\/\/www.sonoraenequipo.com.mx\/#website\"},\"primaryImageOfPage\":{\"@id\":\"https:\/\/www.sonoraenequipo.com.mx\/el-presidente-anuncia-que-la-distribucion-de-gas-bienestar\/#primaryimage\"},\"image\":{\"@id\":\"https:\/\/www.sonoraenequipo.com.mx\/el-presidente-anuncia-que-la-distribucion-de-gas-bienestar\/#primaryimage\"},\"thumbnailUrl\":\"https:\/\/www.sonoraenequipo.com.mx\/storage\/2021\/07\/gas-natural-guardia-nacional_opt.jpg\",\"datePublished\":\"2021-07-26T18:05:30+00:00\",\"dateModified\":\"2021-07-26T23:40:17+00:00\",\"description\":\"CIUDAD DE M\u00c9XICO. MX. \u2014 El presidente de M\u00e9xico, Andr\u00e9s Manuel L\u00f3pez Obrador, anunci\u00f3 este lunes 26 de julio de 2021 que la empresa Gas Bienestar iniciar\u00e1 En Sonora en Equipo publicamos toda la informaci\u00f3n de Sonora, M\u00e9xico y el Mundo de manera oportuna y busca que la libertad de expresi\u00f3n sea real. Visita nuestro medio informativo publicado desde Hermosillo, Sonora. %\",\"breadcrumb\":{\"@id\":\"https:\/\/www.sonoraenequipo.com.mx\/el-presidente-anuncia-que-la-distribucion-de-gas-bienestar\/#breadcrumb\"},\"inLanguage\":\"es\",\"potentialAction\":[{\"@type\":\"ReadAction\",\"target\":[\"https:\/\/www.sonoraenequipo.com.mx\/el-presidente-anuncia-que-la-distribucion-de-gas-bienestar\/\"]}]},{\"@type\":\"ImageObject\",\"inLanguage\":\"es\",\"@id\":\"https:\/\/www.sonoraenequipo.com.mx\/el-presidente-anuncia-que-la-distribucion-de-gas-bienestar\/#primaryimage\",\"url\":\"https:\/\/www.sonoraenequipo.com.mx\/storage\/2021\/07\/gas-natural-guardia-nacional_opt.jpg\",\"contentUrl\":\"https:\/\/www.sonoraenequipo.com.mx\/storage\/2021\/07\/gas-natural-guardia-nacional_opt.jpg\",\"width\":700,\"height\":400},{\"@type\":\"BreadcrumbList\",\"@id\":\"https:\/\/www.sonoraenequipo.com.mx\/el-presidente-anuncia-que-la-distribucion-de-gas-bienestar\/#breadcrumb\",\"itemListElement\":[{\"@type\":\"ListItem\",\"position\":1,\"name\":\"Portada\",\"item\":\"https:\/\/www.sonoraenequipo.com.mx\/\"},{\"@type\":\"ListItem\",\"position\":2,\"name\":\"El presidente anuncia que la distribuci\u00f3n de Gas Bienestar\"}]},{\"@type\":\"WebSite\",\"@id\":\"https:\/\/www.sonoraenequipo.com.mx\/#website\",\"url\":\"https:\/\/www.sonoraenequipo.com.mx\/\",\"name\":\"Sonora en Equipo.\",\"description\":\"Diario en l\u00ednea con Noticias desde Hermosillo, Sonora\",\"publisher\":{\"@id\":\"https:\/\/www.sonoraenequipo.com.mx\/#organization\"},\"potentialAction\":[{\"@type\":\"SearchAction\",\"target\":{\"@type\":\"EntryPoint\",\"urlTemplate\":\"https:\/\/www.sonoraenequipo.com.mx\/?s={search_term_string}\"},\"query-input\":{\"@type\":\"PropertyValueSpecification\",\"valueRequired\":true,\"valueName\":\"search_term_string\"}}],\"inLanguage\":\"es\"},{\"@type\":\"Organization\",\"@id\":\"https:\/\/www.sonoraenequipo.com.mx\/#organization\",\"name\":\"Sonoraenequipo.com.mx\",\"url\":\"https:\/\/www.sonoraenequipo.com.mx\/\",\"logo\":{\"@type\":\"ImageObject\",\"inLanguage\":\"es\",\"@id\":\"https:\/\/www.sonoraenequipo.com.mx\/#\/schema\/logo\/image\/\",\"url\":\"https:\/\/www.sonoraenequipo.com.mx\/storage\/2019\/01\/sonoraenequipo_opt.png\",\"contentUrl\":\"https:\/\/www.sonoraenequipo.com.mx\/storage\/2019\/01\/sonoraenequipo_opt.png\",\"width\":375,\"height\":125,\"caption\":\"Sonoraenequipo.com.mx\"},\"image\":{\"@id\":\"https:\/\/www.sonoraenequipo.com.mx\/#\/schema\/logo\/image\/\"},\"sameAs\":[\"https:\/\/www.facebook.com\/SonoraEE\/\",\"https:\/\/x.com\/sonoraenequipo\",\"https:\/\/www.youtube.com\/channel\/UC338nW-lPEYmJQs4ZABQ1SQ\"]},{\"@type\":\"Person\",\"@id\":\"https:\/\/www.sonoraenequipo.com.mx\/#\/schema\/person\/50102df0fb23a8fa9e8effad8fa81386\",\"name\":\"enequipo\",\"image\":{\"@type\":\"ImageObject\",\"inLanguage\":\"es\",\"@id\":\"https:\/\/www.sonoraenequipo.com.mx\/#\/schema\/person\/image\/\",\"url\":\"https:\/\/secure.gravatar.com\/avatar\/049821681b589dabc0bc20695993ccebb09f5b5d4d790cd9251b97faac7c652b?s=96&d=blank&r=g\",\"contentUrl\":\"https:\/\/secure.gravatar.com\/avatar\/049821681b589dabc0bc20695993ccebb09f5b5d4d790cd9251b97faac7c652b?s=96&d=blank&r=g\",\"caption\":\"enequipo\"},\"sameAs\":[\"https:\/\/www.facebook.com\/SonoraEE\"]}]}<\/script>\n ","yoast_head_json":{"title":"Sonora en Equipo. El presidente anuncia que la distribuci\u00f3n de Gas Bienestar Rep\u00fablica","description":"CIUDAD DE M\u00c9XICO. MX. \u2014 El presidente de M\u00e9xico, Andr\u00e9s Manuel L\u00f3pez Obrador, anunci\u00f3 este lunes 26 de julio de 2021 que la empresa Gas Bienestar iniciar\u00e1 En Sonora en Equipo publicamos toda la informaci\u00f3n de Sonora, M\u00e9xico y el Mundo de manera oportuna y busca que la libertad de expresi\u00f3n sea real. Visita nuestro medio informativo publicado desde Hermosillo, Sonora. %","robots":{"index":"index","follow":"follow","max-snippet":"max-snippet:-1","max-image-preview":"max-image-preview:large","max-video-preview":"max-video-preview:-1"},"canonical":"https:\/\/www.sonoraenequipo.com.mx\/el-presidente-anuncia-que-la-distribucion-de-gas-bienestar\/","og_locale":"es_ES","og_type":"article","og_title":"Sonora en Equipo. El presidente anuncia que la distribuci\u00f3n de Gas Bienestar Rep\u00fablica","og_description":"CIUDAD DE M\u00c9XICO. MX. \u2014 El presidente de M\u00e9xico, Andr\u00e9s Manuel L\u00f3pez Obrador, anunci\u00f3 este lunes 26 de julio de 2021 que la empresa Gas Bienestar iniciar\u00e1 En Sonora en Equipo publicamos toda la informaci\u00f3n de Sonora, M\u00e9xico y el Mundo de manera oportuna y busca que la libertad de expresi\u00f3n sea real. Visita nuestro medio informativo publicado desde Hermosillo, Sonora. %","og_url":"https:\/\/www.sonoraenequipo.com.mx\/el-presidente-anuncia-que-la-distribucion-de-gas-bienestar\/","og_site_name":"Sonora en Equipo.","article_publisher":"https:\/\/www.facebook.com\/SonoraEE\/","article_author":"https:\/\/www.facebook.com\/SonoraEE","article_published_time":"2021-07-26T18:05:30+00:00","article_modified_time":"2021-07-26T23:40:17+00:00","og_image":[{"width":700,"height":400,"url":"https:\/\/www.sonoraenequipo.com.mx\/storage\/2021\/07\/gas-natural-guardia-nacional_opt.jpg","type":"image\/jpeg"}],"author":"enequipo","twitter_card":"summary_large_image","twitter_creator":"@sonoraenequipo","twitter_site":"@sonoraenequipo","twitter_misc":{"Escrito por":"enequipo","Tiempo de lectura":"2 minutos"},"schema":{"@context":"https:\/\/schema.org","@graph":[{"@type":"Article","@id":"https:\/\/www.sonoraenequipo.com.mx\/el-presidente-anuncia-que-la-distribucion-de-gas-bienestar\/#article","isPartOf":{"@id":"https:\/\/www.sonoraenequipo.com.mx\/el-presidente-anuncia-que-la-distribucion-de-gas-bienestar\/"},"author":{"name":"enequipo","@id":"https:\/\/www.sonoraenequipo.com.mx\/#\/schema\/person\/50102df0fb23a8fa9e8effad8fa81386"},"headline":"El presidente anuncia que la distribuci\u00f3n de Gas Bienestar","datePublished":"2021-07-26T18:05:30+00:00","dateModified":"2021-07-26T23:40:17+00:00","mainEntityOfPage":{"@id":"https:\/\/www.sonoraenequipo.com.mx\/el-presidente-anuncia-que-la-distribucion-de-gas-bienestar\/"},"wordCount":363,"commentCount":0,"publisher":{"@id":"https:\/\/www.sonoraenequipo.com.mx\/#organization"},"image":{"@id":"https:\/\/www.sonoraenequipo.com.mx\/el-presidente-anuncia-que-la-distribucion-de-gas-bienestar\/#primaryimage"},"thumbnailUrl":"https:\/\/www.sonoraenequipo.com.mx\/storage\/2021\/07\/gas-natural-guardia-nacional_opt.jpg","articleSection":["Rep\u00fablica"],"inLanguage":"es","potentialAction":[{"@type":"CommentAction","name":"Comment","target":["https:\/\/www.sonoraenequipo.com.mx\/el-presidente-anuncia-que-la-distribucion-de-gas-bienestar\/#respond"]}]},{"@type":"WebPage","@id":"https:\/\/www.sonoraenequipo.com.mx\/el-presidente-anuncia-que-la-distribucion-de-gas-bienestar\/","url":"https:\/\/www.sonoraenequipo.com.mx\/el-presidente-anuncia-que-la-distribucion-de-gas-bienestar\/","name":"Sonora en Equipo. El presidente anuncia que la distribuci\u00f3n de Gas Bienestar Rep\u00fablica","isPartOf":{"@id":"https:\/\/www.sonoraenequipo.com.mx\/#website"},"primaryImageOfPage":{"@id":"https:\/\/www.sonoraenequipo.com.mx\/el-presidente-anuncia-que-la-distribucion-de-gas-bienestar\/#primaryimage"},"image":{"@id":"https:\/\/www.sonoraenequipo.com.mx\/el-presidente-anuncia-que-la-distribucion-de-gas-bienestar\/#primaryimage"},"thumbnailUrl":"https:\/\/www.sonoraenequipo.com.mx\/storage\/2021\/07\/gas-natural-guardia-nacional_opt.jpg","datePublished":"2021-07-26T18:05:30+00:00","dateModified":"2021-07-26T23:40:17+00:00","description":"CIUDAD DE M\u00c9XICO. MX. \u2014 El presidente de M\u00e9xico, Andr\u00e9s Manuel L\u00f3pez Obrador, anunci\u00f3 este lunes 26 de julio de 2021 que la empresa Gas Bienestar iniciar\u00e1 En Sonora en Equipo publicamos toda la informaci\u00f3n de Sonora, M\u00e9xico y el Mundo de manera oportuna y busca que la libertad de expresi\u00f3n sea real. Visita nuestro medio informativo publicado desde Hermosillo, Sonora. %","breadcrumb":{"@id":"https:\/\/www.sonoraenequipo.com.mx\/el-presidente-anuncia-que-la-distribucion-de-gas-bienestar\/#breadcrumb"},"inLanguage":"es","potentialAction":[{"@type":"ReadAction","target":["https:\/\/www.sonoraenequipo.com.mx\/el-presidente-anuncia-que-la-distribucion-de-gas-bienestar\/"]}]},{"@type":"ImageObject","inLanguage":"es","@id":"https:\/\/www.sonoraenequipo.com.mx\/el-presidente-anuncia-que-la-distribucion-de-gas-bienestar\/#primaryimage","url":"https:\/\/www.sonoraenequipo.com.mx\/storage\/2021\/07\/gas-natural-guardia-nacional_opt.jpg","contentUrl":"https:\/\/www.sonoraenequipo.com.mx\/storage\/2021\/07\/gas-natural-guardia-nacional_opt.jpg","width":700,"height":400},{"@type":"BreadcrumbList","@id":"https:\/\/www.sonoraenequipo.com.mx\/el-presidente-anuncia-que-la-distribucion-de-gas-bienestar\/#breadcrumb","itemListElement":[{"@type":"ListItem","position":1,"name":"Portada","item":"https:\/\/www.sonoraenequipo.com.mx\/"},{"@type":"ListItem","position":2,"name":"El presidente anuncia que la distribuci\u00f3n de Gas Bienestar"}]},{"@type":"WebSite","@id":"https:\/\/www.sonoraenequipo.com.mx\/#website","url":"https:\/\/www.sonoraenequipo.com.mx\/","name":"Sonora en Equipo.","description":"Diario en l\u00ednea con Noticias desde Hermosillo, Sonora","publisher":{"@id":"https:\/\/www.sonoraenequipo.com.mx\/#organization"},"potentialAction":[{"@type":"SearchAction","target":{"@type":"EntryPoint","urlTemplate":"https:\/\/www.sonoraenequipo.com.mx\/?s={search_term_string}"},"query-input":{"@type":"PropertyValueSpecification","valueRequired":true,"valueName":"search_term_string"}}],"inLanguage":"es"},{"@type":"Organization","@id":"https:\/\/www.sonoraenequipo.com.mx\/#organization","name":"Sonoraenequipo.com.mx","url":"https:\/\/www.sonoraenequipo.com.mx\/","logo":{"@type":"ImageObject","inLanguage":"es","@id":"https:\/\/www.sonoraenequipo.com.mx\/#\/schema\/logo\/image\/","url":"https:\/\/www.sonoraenequipo.com.mx\/storage\/2019\/01\/sonoraenequipo_opt.png","contentUrl":"https:\/\/www.sonoraenequipo.com.mx\/storage\/2019\/01\/sonoraenequipo_opt.png","width":375,"height":125,"caption":"Sonoraenequipo.com.mx"},"image":{"@id":"https:\/\/www.sonoraenequipo.com.mx\/#\/schema\/logo\/image\/"},"sameAs":["https:\/\/www.facebook.com\/SonoraEE\/","https:\/\/x.com\/sonoraenequipo","https:\/\/www.youtube.com\/channel\/UC338nW-lPEYmJQs4ZABQ1SQ"]},{"@type":"Person","@id":"https:\/\/www.sonoraenequipo.com.mx\/#\/schema\/person\/50102df0fb23a8fa9e8effad8fa81386","name":"enequipo","image":{"@type":"ImageObject","inLanguage":"es","@id":"https:\/\/www.sonoraenequipo.com.mx\/#\/schema\/person\/image\/","url":"https:\/\/secure.gravatar.com\/avatar\/049821681b589dabc0bc20695993ccebb09f5b5d4d790cd9251b97faac7c652b?s=96&d=blank&r=g","contentUrl":"https:\/\/secure.gravatar.com\/avatar\/049821681b589dabc0bc20695993ccebb09f5b5d4d790cd9251b97faac7c652b?s=96&d=blank&r=g","caption":"enequipo"},"sameAs":["https:\/\/www.facebook.com\/SonoraEE"]}]}},"jetpack_featured_media_url":"https:\/\/www.sonoraenequipo.com.mx\/storage\/2021\/07\/gas-natural-guardia-nacional_opt.jpg","_links":{"self":[{"href":"https:\/\/www.sonoraenequipo.com.mx\/api\/wp\/v2\/posts\/119138","targetHints":{"allow":["GET"]}}],"collection":[{"href":"https:\/\/www.sonoraenequipo.com.mx\/api\/wp\/v2\/posts"}],"about":[{"href":"https:\/\/www.sonoraenequipo.com.mx\/api\/wp\/v2\/types\/post"}],"author":[{"embeddable":true,"href":"https:\/\/www.sonoraenequipo.com.mx\/api\/wp\/v2\/users\/1"}],"replies":[{"embeddable":true,"href":"https:\/\/www.sonoraenequipo.com.mx\/api\/wp\/v2\/comments?post=119138"}],"version-history":[{"count":1,"href":"https:\/\/www.sonoraenequipo.com.mx\/api\/wp\/v2\/posts\/119138\/revisions"}],"predecessor-version":[{"id":119143,"href":"https:\/\/www.sonoraenequipo.com.mx\/api\/wp\/v2\/posts\/119138\/revisions\/119143"}],"wp:featuredmedia":[{"embeddable":true,"href":"https:\/\/www.sonoraenequipo.com.mx\/api\/wp\/v2\/media\/119141"}],"wp:attachment":[{"href":"https:\/\/www.sonoraenequipo.com.mx\/api\/wp\/v2\/media?parent=119138"}],"wp:term":[{"taxonomy":"category","embeddable":true,"href":"https:\/\/www.sonoraenequipo.com.mx\/api\/wp\/v2\/categories?post=119138"},{"taxonomy":"post_tag","embeddable":true,"href":"https:\/\/www.sonoraenequipo.com.mx\/api\/wp\/v2\/tags?post=119138"}],"curies":[{"name":"wp","href":"https:\/\/api.w.org\/{rel}","templated":true}]}}