{"id":119144,"date":"2021-07-26T20:25:33","date_gmt":"2021-07-27T03:25:33","guid":{"rendered":"https:\/\/www.sonoraenequipo.com.mx\/?p=119144"},"modified":"2021-07-26T18:27:45","modified_gmt":"2021-07-27T01:27:45","slug":"sierra-leona-la-abolicion-de-la-pena-de-muerte-una-gran-victoria","status":"publish","type":"post","link":"https:\/\/www.sonoraenequipo.com.mx\/sierra-leona-la-abolicion-de-la-pena-de-muerte-una-gran-victoria\/","title":{"rendered":"Sierra Leona: La abolici\u00f3n de la pena de muerte, una gran victoria"},"content":{"rendered":"<p>AMNIST\u00cdA INTERNACIONAL. \u2014\u00a0 En respuesta a la noticia de que el Parlamento de Sierra Leona vot\u00f3 el 23 de julio a favor de la abolici\u00f3n de la pena de muerte en el pa\u00eds, la directora de Amnist\u00eda Internacional para \u00c1frica Occidental y Central, Samira Daoud, ha declarado:<\/p>\n<p>&nbsp;<\/p>\n<p> <\/p>\n<p>&nbsp;<\/p>\n<p>La votaci\u00f3n del Parlamento a favor de la abolici\u00f3n de la pena de muerte en Sierra Leona es una gran victoria para todas las personas que hicieron campa\u00f1a incansablemente para que este cruel castigo quedara relegado a la historia, y refuerza la protecci\u00f3n del derecho a la vida.<\/p>\n<p>&nbsp;<\/p>\n<p>La votaci\u00f3n del Parlamento a favor de la abolici\u00f3n de la pena de muerte en Sierra Leona es una gran victoria para todas las personas que hicieron campa\u00f1a incansablemente para que este cruel castigo pase a la historia, y refuerza la protecci\u00f3n del derecho a la vida.<br \/>\nSamira<\/p>\n<p>&nbsp;<\/p>\n<p><em>\u201cAhora que el Parlamento ha aprobado el proyecto de ley de abolici\u00f3n, el presidente Julius Maada Bio debe firmarlo sin demora para convertirlo en ley y conmutar todas las condenas de muerte.<\/em><\/p>\n<p>&nbsp;<\/p>\n<p><em>\u201cAdem\u00e1s, el presidente debe asegurarse de que Sierra Leona se adhiere de inmediato al Segundo Protocolo Facultativo del Pacto Internacional de Derechos Civiles y Pol\u00edticos, destinado a abolir la pena de muerte.<\/em><\/p>\n<p>&nbsp;<\/p>\n<p><em>\u201cAmnist\u00eda Internacional se opone a la pena de muerte en todos los casos sin excepci\u00f3n, porque constituye una violaci\u00f3n del derecho a la vida, reconocido en la Declaraci\u00f3n Universal de Derechos Humanos. La pena de muerte es el exponente m\u00e1ximo de pena cruel, inhumana y degradante, y no tiene cabida en este mundo.\u201d<\/em><\/p>\n<h3>Informaci\u00f3n complementaria<\/h3>\n<p>El 23 de julio de 2021, el Parlamento de Sierra Leona aprob\u00f3 en votaci\u00f3n un proyecto de ley de abolici\u00f3n de la pena de muerte, que debe recibir la sanci\u00f3n del presidente Julius Maada Bio para convertirse en ley.<\/p>\n<p>&nbsp;<\/p>\n<p>En febrero, el presidente Bio dio oficialmente directrices para que la pena de muerte quedara abolida en la legislaci\u00f3n de Sierra Leona.<\/p>\n<p>&nbsp;<\/p>\n<p>En mayo, en respuesta a las peticiones de la comunidad internacional en Ginebra durante el Examen Peri\u00f3dico Universal de Sierra Leona en la ONU, el viceministro de Justicia anunci\u00f3 el compromiso del gabinete del presidente Julius Maada Bio con la abolici\u00f3n de la pena de muerte.<\/p>\n<p>&nbsp;<\/p>\n<p>El \u00faltimo informe de Amnist\u00eda Internacional sobre el uso de la pena capital en todo el mundo muestra un aumento de las condenas a muerte registradas en Sierra Leona en 2020, que fueron 39 frente a las 21 de 2019. Sin embargo, en 2020 no se llevaron a cabo ejecuciones; el presidente conmut\u00f3 siete penas de muerte y al acabar 2020 hab\u00eda 94 personas condenadas a muerte en el pa\u00eds.<\/p>\n<p>&nbsp;<\/p>\n<p>A 30 de junio de 2021, son 22 los pa\u00edses africanos que han abolido la pena capital para todos los delitos.<\/p>\n<p>&nbsp;<\/p>\n<p>(Publicada el 26\/07\/2021)<\/p>\n","protected":false},"excerpt":{"rendered":"<p>AMNIST\u00cdA INTERNACIONAL. \u2014\u00a0 En respuesta a la noticia de que el Parlamento de Sierra Leona&#8230;<\/p>\n","protected":false},"author":1,"featured_media":119159,"comment_status":"open","ping_status":"open","sticky":false,"template":"","format":"standard","meta":{"_monsterinsights_skip_tracking":false,"_monsterinsights_sitenote_active":false,"_monsterinsights_sitenote_note":"","_monsterinsights_sitenote_category":0,"footnotes":""},"categories":[3],"tags":[],"class_list":["post"],"yoast_head":" \n<title>Sonora en Equipo. Sierra Leona: La abolici\u00f3n de la pena de muerte, una gran victoria MUNDO<\/title>\n<meta name=\"description\" content=\"AMNIST\u00cdA INTERNACIONAL. \u2014\u00a0 En respuesta a la noticia de que el Parlamento de Sierra Leona vot\u00f3 el 23 de julio a favor de la abolici\u00f3n de la pena de muerte En Sonora en Equipo publicamos toda la informaci\u00f3n de Sonora, M\u00e9xico y el Mundo de manera oportuna y busca que la libertad de expresi\u00f3n sea real. Visita nuestro medio informativo publicado desde Hermosillo, Sonora. %\" \/>\n<meta name=\"robots\" content=\"index, follow, max-snippet:-1, max-image-preview:large, max-video-preview:-1\" \/>\n<link rel=\"canonical\" href=\"https:\/\/www.sonoraenequipo.com.mx\/sierra-leona-la-abolicion-de-la-pena-de-muerte-una-gran-victoria\/\" \/>\n<meta property=\"og:locale\" content=\"es_ES\" \/>\n<meta property=\"og:type\" content=\"article\" \/>\n<meta property=\"og:title\" content=\"Sonora en Equipo. Sierra Leona: La abolici\u00f3n de la pena de muerte, una gran victoria MUNDO\" \/>\n<meta property=\"og:description\" content=\"AMNIST\u00cdA INTERNACIONAL. \u2014\u00a0 En respuesta a la noticia de que el Parlamento de Sierra Leona vot\u00f3 el 23 de julio a favor de la abolici\u00f3n de la pena de muerte En Sonora en Equipo publicamos toda la informaci\u00f3n de Sonora, M\u00e9xico y el Mundo de manera oportuna y busca que la libertad de expresi\u00f3n sea real. Visita nuestro medio informativo publicado desde Hermosillo, Sonora. %\" \/>\n<meta property=\"og:url\" content=\"https:\/\/www.sonoraenequipo.com.mx\/sierra-leona-la-abolicion-de-la-pena-de-muerte-una-gran-victoria\/\" \/>\n<meta property=\"og:site_name\" content=\"Sonora en Equipo.\" \/>\n<meta property=\"article:publisher\" content=\"https:\/\/www.facebook.com\/SonoraEE\/\" \/>\n<meta property=\"article:author\" content=\"https:\/\/www.facebook.com\/SonoraEE\" \/>\n<meta property=\"article:published_time\" content=\"2021-07-27T03:25:33+00:00\" \/>\n<meta property=\"og:image\" content=\"https:\/\/www.sonoraenequipo.com.mx\/storage\/2021\/07\/Sierra_Leona-abolicion-de-la-pena-de-muerte_opt.jpg\" \/>\n\t<meta property=\"og:image:width\" content=\"700\" \/>\n\t<meta property=\"og:image:height\" content=\"400\" \/>\n\t<meta property=\"og:image:type\" content=\"image\/jpeg\" \/>\n<meta name=\"author\" content=\"enequipo\" \/>\n<meta name=\"twitter:card\" content=\"summary_large_image\" \/>\n<meta name=\"twitter:creator\" content=\"@sonoraenequipo\" \/>\n<meta name=\"twitter:site\" content=\"@sonoraenequipo\" \/>\n<meta name=\"twitter:label1\" content=\"Escrito por\" \/>\n\t<meta name=\"twitter:data1\" content=\"enequipo\" \/>\n\t<meta name=\"twitter:label2\" content=\"Tiempo de lectura\" \/>\n\t<meta name=\"twitter:data2\" content=\"3 minutos\" \/>\n<script type=\"application\/ld+json\" class=\"yoast-schema-graph\">{\"@context\":\"https:\/\/schema.org\",\"@graph\":[{\"@type\":\"Article\",\"@id\":\"https:\/\/www.sonoraenequipo.com.mx\/sierra-leona-la-abolicion-de-la-pena-de-muerte-una-gran-victoria\/#article\",\"isPartOf\":{\"@id\":\"https:\/\/www.sonoraenequipo.com.mx\/sierra-leona-la-abolicion-de-la-pena-de-muerte-una-gran-victoria\/\"},\"author\":{\"name\":\"enequipo\",\"@id\":\"https:\/\/www.sonoraenequipo.com.mx\/#\/schema\/person\/50102df0fb23a8fa9e8effad8fa81386\"},\"headline\":\"Sierra Leona: La abolici\u00f3n de la pena de muerte, una gran victoria\",\"datePublished\":\"2021-07-27T03:25:33+00:00\",\"mainEntityOfPage\":{\"@id\":\"https:\/\/www.sonoraenequipo.com.mx\/sierra-leona-la-abolicion-de-la-pena-de-muerte-una-gran-victoria\/\"},\"wordCount\":503,\"commentCount\":0,\"publisher\":{\"@id\":\"https:\/\/www.sonoraenequipo.com.mx\/#organization\"},\"image\":{\"@id\":\"https:\/\/www.sonoraenequipo.com.mx\/sierra-leona-la-abolicion-de-la-pena-de-muerte-una-gran-victoria\/#primaryimage\"},\"thumbnailUrl\":\"https:\/\/www.sonoraenequipo.com.mx\/storage\/2021\/07\/Sierra_Leona-abolicion-de-la-pena-de-muerte_opt.jpg\",\"articleSection\":[\"MUNDO\"],\"inLanguage\":\"es\",\"potentialAction\":[{\"@type\":\"CommentAction\",\"name\":\"Comment\",\"target\":[\"https:\/\/www.sonoraenequipo.com.mx\/sierra-leona-la-abolicion-de-la-pena-de-muerte-una-gran-victoria\/#respond\"]}]},{\"@type\":\"WebPage\",\"@id\":\"https:\/\/www.sonoraenequipo.com.mx\/sierra-leona-la-abolicion-de-la-pena-de-muerte-una-gran-victoria\/\",\"url\":\"https:\/\/www.sonoraenequipo.com.mx\/sierra-leona-la-abolicion-de-la-pena-de-muerte-una-gran-victoria\/\",\"name\":\"Sonora en Equipo. Sierra Leona: La abolici\u00f3n de la pena de muerte, una gran victoria MUNDO\",\"isPartOf\":{\"@id\":\"https:\/\/www.sonoraenequipo.com.mx\/#website\"},\"primaryImageOfPage\":{\"@id\":\"https:\/\/www.sonoraenequipo.com.mx\/sierra-leona-la-abolicion-de-la-pena-de-muerte-una-gran-victoria\/#primaryimage\"},\"image\":{\"@id\":\"https:\/\/www.sonoraenequipo.com.mx\/sierra-leona-la-abolicion-de-la-pena-de-muerte-una-gran-victoria\/#primaryimage\"},\"thumbnailUrl\":\"https:\/\/www.sonoraenequipo.com.mx\/storage\/2021\/07\/Sierra_Leona-abolicion-de-la-pena-de-muerte_opt.jpg\",\"datePublished\":\"2021-07-27T03:25:33+00:00\",\"description\":\"AMNIST\u00cdA INTERNACIONAL. \u2014\u00a0 En respuesta a la noticia de que el Parlamento de Sierra Leona vot\u00f3 el 23 de julio a favor de la abolici\u00f3n de la pena de muerte En Sonora en Equipo publicamos toda la informaci\u00f3n de Sonora, M\u00e9xico y el Mundo de manera oportuna y busca que la libertad de expresi\u00f3n sea real. Visita nuestro medio informativo publicado desde Hermosillo, Sonora. %\",\"breadcrumb\":{\"@id\":\"https:\/\/www.sonoraenequipo.com.mx\/sierra-leona-la-abolicion-de-la-pena-de-muerte-una-gran-victoria\/#breadcrumb\"},\"inLanguage\":\"es\",\"potentialAction\":[{\"@type\":\"ReadAction\",\"target\":[\"https:\/\/www.sonoraenequipo.com.mx\/sierra-leona-la-abolicion-de-la-pena-de-muerte-una-gran-victoria\/\"]}]},{\"@type\":\"ImageObject\",\"inLanguage\":\"es\",\"@id\":\"https:\/\/www.sonoraenequipo.com.mx\/sierra-leona-la-abolicion-de-la-pena-de-muerte-una-gran-victoria\/#primaryimage\",\"url\":\"https:\/\/www.sonoraenequipo.com.mx\/storage\/2021\/07\/Sierra_Leona-abolicion-de-la-pena-de-muerte_opt.jpg\",\"contentUrl\":\"https:\/\/www.sonoraenequipo.com.mx\/storage\/2021\/07\/Sierra_Leona-abolicion-de-la-pena-de-muerte_opt.jpg\",\"width\":700,\"height\":400},{\"@type\":\"BreadcrumbList\",\"@id\":\"https:\/\/www.sonoraenequipo.com.mx\/sierra-leona-la-abolicion-de-la-pena-de-muerte-una-gran-victoria\/#breadcrumb\",\"itemListElement\":[{\"@type\":\"ListItem\",\"position\":1,\"name\":\"Portada\",\"item\":\"https:\/\/www.sonoraenequipo.com.mx\/\"},{\"@type\":\"ListItem\",\"position\":2,\"name\":\"Sierra Leona: La abolici\u00f3n de la pena de muerte, una gran victoria\"}]},{\"@type\":\"WebSite\",\"@id\":\"https:\/\/www.sonoraenequipo.com.mx\/#website\",\"url\":\"https:\/\/www.sonoraenequipo.com.mx\/\",\"name\":\"Sonora en Equipo.\",\"description\":\"Diario en l\u00ednea con Noticias desde Hermosillo, Sonora\",\"publisher\":{\"@id\":\"https:\/\/www.sonoraenequipo.com.mx\/#organization\"},\"potentialAction\":[{\"@type\":\"SearchAction\",\"target\":{\"@type\":\"EntryPoint\",\"urlTemplate\":\"https:\/\/www.sonoraenequipo.com.mx\/?s={search_term_string}\"},\"query-input\":{\"@type\":\"PropertyValueSpecification\",\"valueRequired\":true,\"valueName\":\"search_term_string\"}}],\"inLanguage\":\"es\"},{\"@type\":\"Organization\",\"@id\":\"https:\/\/www.sonoraenequipo.com.mx\/#organization\",\"name\":\"Sonoraenequipo.com.mx\",\"url\":\"https:\/\/www.sonoraenequipo.com.mx\/\",\"logo\":{\"@type\":\"ImageObject\",\"inLanguage\":\"es\",\"@id\":\"https:\/\/www.sonoraenequipo.com.mx\/#\/schema\/logo\/image\/\",\"url\":\"https:\/\/www.sonoraenequipo.com.mx\/storage\/2019\/01\/sonoraenequipo_opt.png\",\"contentUrl\":\"https:\/\/www.sonoraenequipo.com.mx\/storage\/2019\/01\/sonoraenequipo_opt.png\",\"width\":375,\"height\":125,\"caption\":\"Sonoraenequipo.com.mx\"},\"image\":{\"@id\":\"https:\/\/www.sonoraenequipo.com.mx\/#\/schema\/logo\/image\/\"},\"sameAs\":[\"https:\/\/www.facebook.com\/SonoraEE\/\",\"https:\/\/x.com\/sonoraenequipo\",\"https:\/\/www.youtube.com\/channel\/UC338nW-lPEYmJQs4ZABQ1SQ\"]},{\"@type\":\"Person\",\"@id\":\"https:\/\/www.sonoraenequipo.com.mx\/#\/schema\/person\/50102df0fb23a8fa9e8effad8fa81386\",\"name\":\"enequipo\",\"image\":{\"@type\":\"ImageObject\",\"inLanguage\":\"es\",\"@id\":\"https:\/\/www.sonoraenequipo.com.mx\/#\/schema\/person\/image\/\",\"url\":\"https:\/\/secure.gravatar.com\/avatar\/049821681b589dabc0bc20695993ccebb09f5b5d4d790cd9251b97faac7c652b?s=96&d=blank&r=g\",\"contentUrl\":\"https:\/\/secure.gravatar.com\/avatar\/049821681b589dabc0bc20695993ccebb09f5b5d4d790cd9251b97faac7c652b?s=96&d=blank&r=g\",\"caption\":\"enequipo\"},\"sameAs\":[\"https:\/\/www.facebook.com\/SonoraEE\"]}]}<\/script>\n ","yoast_head_json":{"title":"Sonora en Equipo. Sierra Leona: La abolici\u00f3n de la pena de muerte, una gran victoria MUNDO","description":"AMNIST\u00cdA INTERNACIONAL. \u2014\u00a0 En respuesta a la noticia de que el Parlamento de Sierra Leona vot\u00f3 el 23 de julio a favor de la abolici\u00f3n de la pena de muerte En Sonora en Equipo publicamos toda la informaci\u00f3n de Sonora, M\u00e9xico y el Mundo de manera oportuna y busca que la libertad de expresi\u00f3n sea real. Visita nuestro medio informativo publicado desde Hermosillo, Sonora. %","robots":{"index":"index","follow":"follow","max-snippet":"max-snippet:-1","max-image-preview":"max-image-preview:large","max-video-preview":"max-video-preview:-1"},"canonical":"https:\/\/www.sonoraenequipo.com.mx\/sierra-leona-la-abolicion-de-la-pena-de-muerte-una-gran-victoria\/","og_locale":"es_ES","og_type":"article","og_title":"Sonora en Equipo. Sierra Leona: La abolici\u00f3n de la pena de muerte, una gran victoria MUNDO","og_description":"AMNIST\u00cdA INTERNACIONAL. \u2014\u00a0 En respuesta a la noticia de que el Parlamento de Sierra Leona vot\u00f3 el 23 de julio a favor de la abolici\u00f3n de la pena de muerte En Sonora en Equipo publicamos toda la informaci\u00f3n de Sonora, M\u00e9xico y el Mundo de manera oportuna y busca que la libertad de expresi\u00f3n sea real. Visita nuestro medio informativo publicado desde Hermosillo, Sonora. %","og_url":"https:\/\/www.sonoraenequipo.com.mx\/sierra-leona-la-abolicion-de-la-pena-de-muerte-una-gran-victoria\/","og_site_name":"Sonora en Equipo.","article_publisher":"https:\/\/www.facebook.com\/SonoraEE\/","article_author":"https:\/\/www.facebook.com\/SonoraEE","article_published_time":"2021-07-27T03:25:33+00:00","og_image":[{"width":700,"height":400,"url":"https:\/\/www.sonoraenequipo.com.mx\/storage\/2021\/07\/Sierra_Leona-abolicion-de-la-pena-de-muerte_opt.jpg","type":"image\/jpeg"}],"author":"enequipo","twitter_card":"summary_large_image","twitter_creator":"@sonoraenequipo","twitter_site":"@sonoraenequipo","twitter_misc":{"Escrito por":"enequipo","Tiempo de lectura":"3 minutos"},"schema":{"@context":"https:\/\/schema.org","@graph":[{"@type":"Article","@id":"https:\/\/www.sonoraenequipo.com.mx\/sierra-leona-la-abolicion-de-la-pena-de-muerte-una-gran-victoria\/#article","isPartOf":{"@id":"https:\/\/www.sonoraenequipo.com.mx\/sierra-leona-la-abolicion-de-la-pena-de-muerte-una-gran-victoria\/"},"author":{"name":"enequipo","@id":"https:\/\/www.sonoraenequipo.com.mx\/#\/schema\/person\/50102df0fb23a8fa9e8effad8fa81386"},"headline":"Sierra Leona: La abolici\u00f3n de la pena de muerte, una gran victoria","datePublished":"2021-07-27T03:25:33+00:00","mainEntityOfPage":{"@id":"https:\/\/www.sonoraenequipo.com.mx\/sierra-leona-la-abolicion-de-la-pena-de-muerte-una-gran-victoria\/"},"wordCount":503,"commentCount":0,"publisher":{"@id":"https:\/\/www.sonoraenequipo.com.mx\/#organization"},"image":{"@id":"https:\/\/www.sonoraenequipo.com.mx\/sierra-leona-la-abolicion-de-la-pena-de-muerte-una-gran-victoria\/#primaryimage"},"thumbnailUrl":"https:\/\/www.sonoraenequipo.com.mx\/storage\/2021\/07\/Sierra_Leona-abolicion-de-la-pena-de-muerte_opt.jpg","articleSection":["MUNDO"],"inLanguage":"es","potentialAction":[{"@type":"CommentAction","name":"Comment","target":["https:\/\/www.sonoraenequipo.com.mx\/sierra-leona-la-abolicion-de-la-pena-de-muerte-una-gran-victoria\/#respond"]}]},{"@type":"WebPage","@id":"https:\/\/www.sonoraenequipo.com.mx\/sierra-leona-la-abolicion-de-la-pena-de-muerte-una-gran-victoria\/","url":"https:\/\/www.sonoraenequipo.com.mx\/sierra-leona-la-abolicion-de-la-pena-de-muerte-una-gran-victoria\/","name":"Sonora en Equipo. Sierra Leona: La abolici\u00f3n de la pena de muerte, una gran victoria MUNDO","isPartOf":{"@id":"https:\/\/www.sonoraenequipo.com.mx\/#website"},"primaryImageOfPage":{"@id":"https:\/\/www.sonoraenequipo.com.mx\/sierra-leona-la-abolicion-de-la-pena-de-muerte-una-gran-victoria\/#primaryimage"},"image":{"@id":"https:\/\/www.sonoraenequipo.com.mx\/sierra-leona-la-abolicion-de-la-pena-de-muerte-una-gran-victoria\/#primaryimage"},"thumbnailUrl":"https:\/\/www.sonoraenequipo.com.mx\/storage\/2021\/07\/Sierra_Leona-abolicion-de-la-pena-de-muerte_opt.jpg","datePublished":"2021-07-27T03:25:33+00:00","description":"AMNIST\u00cdA INTERNACIONAL. \u2014\u00a0 En respuesta a la noticia de que el Parlamento de Sierra Leona vot\u00f3 el 23 de julio a favor de la abolici\u00f3n de la pena de muerte En Sonora en Equipo publicamos toda la informaci\u00f3n de Sonora, M\u00e9xico y el Mundo de manera oportuna y busca que la libertad de expresi\u00f3n sea real. Visita nuestro medio informativo publicado desde Hermosillo, Sonora. %","breadcrumb":{"@id":"https:\/\/www.sonoraenequipo.com.mx\/sierra-leona-la-abolicion-de-la-pena-de-muerte-una-gran-victoria\/#breadcrumb"},"inLanguage":"es","potentialAction":[{"@type":"ReadAction","target":["https:\/\/www.sonoraenequipo.com.mx\/sierra-leona-la-abolicion-de-la-pena-de-muerte-una-gran-victoria\/"]}]},{"@type":"ImageObject","inLanguage":"es","@id":"https:\/\/www.sonoraenequipo.com.mx\/sierra-leona-la-abolicion-de-la-pena-de-muerte-una-gran-victoria\/#primaryimage","url":"https:\/\/www.sonoraenequipo.com.mx\/storage\/2021\/07\/Sierra_Leona-abolicion-de-la-pena-de-muerte_opt.jpg","contentUrl":"https:\/\/www.sonoraenequipo.com.mx\/storage\/2021\/07\/Sierra_Leona-abolicion-de-la-pena-de-muerte_opt.jpg","width":700,"height":400},{"@type":"BreadcrumbList","@id":"https:\/\/www.sonoraenequipo.com.mx\/sierra-leona-la-abolicion-de-la-pena-de-muerte-una-gran-victoria\/#breadcrumb","itemListElement":[{"@type":"ListItem","position":1,"name":"Portada","item":"https:\/\/www.sonoraenequipo.com.mx\/"},{"@type":"ListItem","position":2,"name":"Sierra Leona: La abolici\u00f3n de la pena de muerte, una gran victoria"}]},{"@type":"WebSite","@id":"https:\/\/www.sonoraenequipo.com.mx\/#website","url":"https:\/\/www.sonoraenequipo.com.mx\/","name":"Sonora en Equipo.","description":"Diario en l\u00ednea con Noticias desde Hermosillo, Sonora","publisher":{"@id":"https:\/\/www.sonoraenequipo.com.mx\/#organization"},"potentialAction":[{"@type":"SearchAction","target":{"@type":"EntryPoint","urlTemplate":"https:\/\/www.sonoraenequipo.com.mx\/?s={search_term_string}"},"query-input":{"@type":"PropertyValueSpecification","valueRequired":true,"valueName":"search_term_string"}}],"inLanguage":"es"},{"@type":"Organization","@id":"https:\/\/www.sonoraenequipo.com.mx\/#organization","name":"Sonoraenequipo.com.mx","url":"https:\/\/www.sonoraenequipo.com.mx\/","logo":{"@type":"ImageObject","inLanguage":"es","@id":"https:\/\/www.sonoraenequipo.com.mx\/#\/schema\/logo\/image\/","url":"https:\/\/www.sonoraenequipo.com.mx\/storage\/2019\/01\/sonoraenequipo_opt.png","contentUrl":"https:\/\/www.sonoraenequipo.com.mx\/storage\/2019\/01\/sonoraenequipo_opt.png","width":375,"height":125,"caption":"Sonoraenequipo.com.mx"},"image":{"@id":"https:\/\/www.sonoraenequipo.com.mx\/#\/schema\/logo\/image\/"},"sameAs":["https:\/\/www.facebook.com\/SonoraEE\/","https:\/\/x.com\/sonoraenequipo","https:\/\/www.youtube.com\/channel\/UC338nW-lPEYmJQs4ZABQ1SQ"]},{"@type":"Person","@id":"https:\/\/www.sonoraenequipo.com.mx\/#\/schema\/person\/50102df0fb23a8fa9e8effad8fa81386","name":"enequipo","image":{"@type":"ImageObject","inLanguage":"es","@id":"https:\/\/www.sonoraenequipo.com.mx\/#\/schema\/person\/image\/","url":"https:\/\/secure.gravatar.com\/avatar\/049821681b589dabc0bc20695993ccebb09f5b5d4d790cd9251b97faac7c652b?s=96&d=blank&r=g","contentUrl":"https:\/\/secure.gravatar.com\/avatar\/049821681b589dabc0bc20695993ccebb09f5b5d4d790cd9251b97faac7c652b?s=96&d=blank&r=g","caption":"enequipo"},"sameAs":["https:\/\/www.facebook.com\/SonoraEE"]}]}},"jetpack_featured_media_url":"https:\/\/www.sonoraenequipo.com.mx\/storage\/2021\/07\/Sierra_Leona-abolicion-de-la-pena-de-muerte_opt.jpg","_links":{"self":[{"href":"https:\/\/www.sonoraenequipo.com.mx\/api\/wp\/v2\/posts\/119144","targetHints":{"allow":["GET"]}}],"collection":[{"href":"https:\/\/www.sonoraenequipo.com.mx\/api\/wp\/v2\/posts"}],"about":[{"href":"https:\/\/www.sonoraenequipo.com.mx\/api\/wp\/v2\/types\/post"}],"author":[{"embeddable":true,"href":"https:\/\/www.sonoraenequipo.com.mx\/api\/wp\/v2\/users\/1"}],"replies":[{"embeddable":true,"href":"https:\/\/www.sonoraenequipo.com.mx\/api\/wp\/v2\/comments?post=119144"}],"version-history":[{"count":1,"href":"https:\/\/www.sonoraenequipo.com.mx\/api\/wp\/v2\/posts\/119144\/revisions"}],"predecessor-version":[{"id":119160,"href":"https:\/\/www.sonoraenequipo.com.mx\/api\/wp\/v2\/posts\/119144\/revisions\/119160"}],"wp:featuredmedia":[{"embeddable":true,"href":"https:\/\/www.sonoraenequipo.com.mx\/api\/wp\/v2\/media\/119159"}],"wp:attachment":[{"href":"https:\/\/www.sonoraenequipo.com.mx\/api\/wp\/v2\/media?parent=119144"}],"wp:term":[{"taxonomy":"category","embeddable":true,"href":"https:\/\/www.sonoraenequipo.com.mx\/api\/wp\/v2\/categories?post=119144"},{"taxonomy":"post_tag","embeddable":true,"href":"https:\/\/www.sonoraenequipo.com.mx\/api\/wp\/v2\/tags?post=119144"}],"curies":[{"name":"wp","href":"https:\/\/api.w.org\/{rel}","templated":true}]}}