{"id":119153,"date":"2021-07-26T19:02:36","date_gmt":"2021-07-27T02:02:36","guid":{"rendered":"https:\/\/www.sonoraenequipo.com.mx\/?p=119153"},"modified":"2021-07-26T18:29:07","modified_gmt":"2021-07-27T01:29:07","slug":"para-proteger-del-covid-a-internos-de-ceresos-e-itama-s-suspenden-visitas-familiares","status":"publish","type":"post","link":"https:\/\/www.sonoraenequipo.com.mx\/para-proteger-del-covid-a-internos-de-ceresos-e-itama-s-suspenden-visitas-familiares\/","title":{"rendered":"Para proteger del COVID a internos de Ceresos e Itama s suspenden visitas familiares"},"content":{"rendered":"<p>HERMOSILLO, SONORA,MX.\u2500\u2500 Con el prop\u00f3sito de evitar contagios de COVID-19 y garantizar la salud de las Personas Privadas de la Libertad y del Instituto de Tratamiento y de Aplicaci\u00f3n de Medidas para Adolescentes (Itama) se acord\u00f3 la suspensi\u00f3n de visitas del 26 de julio al 09 de agosto, inform\u00f3 Javier de Jes\u00fas Ibarra Falomir, coordinador general del Sistema Estatal Penitenciario (SIEP).<\/p>\n<p>&nbsp;<\/p>\n<p>&nbsp;<\/p>\n<p>&nbsp;<\/p>\n<p>Tambi\u00e9n, durante la novena reuni\u00f3n de trabajo de la comisi\u00f3n emergente en materia de salud de la SSP, junto autoridades de la Secretar\u00eda de Salud, del representante de la Comisi\u00f3n de Derechos Humanos del Estado y personal del SIEP e ITAMA, se acord\u00f3 solicitar el requisito de presentar prueba negativa a COVID-19, expedida por un laboratorio de an\u00e1lisis cl\u00ednicos, con un m\u00e1ximo de 72 horas para poder acceder a la visita conyugal.<\/p>\n<p>&nbsp;<\/p>\n<p>&nbsp;<\/p>\n<p>&nbsp;<\/p>\n<p>Ibarra Falomir dijo que dichos acuerdos son con el fin de generar condiciones de seguridad que contribuyan al fortalecimiento de las medidas de prevenci\u00f3n, atenci\u00f3n y preservaci\u00f3n de la salud, integridad y vida de las personas privadas de la libertad, as\u00ed como del personal que labora en los centros, con motivo de la amenaza mundial que representa la pandemia ocasionada por el Virus Sars-CoV2.<\/p>\n<p>&nbsp;<\/p>\n<p>&nbsp;<\/p>\n<p>&nbsp;<\/p>\n<p>Recalc\u00f3 que dichas medidas de prevenci\u00f3n podr\u00e1n ser ampliadas por sugerencias del coordinador m\u00e9dico y por razones de salud.<\/p>\n<p>&nbsp;<\/p>\n<p>&nbsp;<\/p>\n<p>&nbsp;<\/p>\n<p>Presentes en la reuni\u00f3n: Pedro Beltr\u00e1n Valenzuela, director general del Instituto de Tratamiento de Aplicaci\u00f3n de Medidas para Adolescentes (ITAMA); Eusebio Pillado Hern\u00e1ndez, coordinador T\u00e9cnico de Vinculaci\u00f3n con Centros Penitenciarios de la Secretar\u00eda de Salud en el Estado; David Leyva Castillo, Representante de la Comisi\u00f3n Estatal de Derechos Humanos y Lauro Armenta Gallegos, Coordinador M\u00e9dico y Epidemi\u00f3logo del Sistema Estatal Penitenciario.<\/p>\n<p>&nbsp;<\/p>\n<p>&nbsp;<\/p>\n<p>&nbsp;<\/p>\n<p>Adem\u00e1s, por v\u00eda zoom estuvieron Marco Antonio Peralta L\u00f3pez, director General de Seguridad Penitenciaria; Arturo Riojas Duarte, director general Jur\u00eddico del Sistema Estatal Penitenciario y los Titulares de los 13 Centros de Reinserci\u00f3n Social en el Estado.<\/p>\n<p>Fecha de Publicaci\u00f3n \u00a0lunes \/ 26\u00a0\u00a0 \/ julio \/ 2021<\/p>\n","protected":false},"excerpt":{"rendered":"<p>HERMOSILLO, SONORA,MX.\u2500\u2500 Con el prop\u00f3sito de evitar contagios de COVID-19 y garantizar la salud de&#8230;<\/p>\n","protected":false},"author":1,"featured_media":119154,"comment_status":"open","ping_status":"open","sticky":false,"template":"","format":"standard","meta":{"_monsterinsights_skip_tracking":false,"_monsterinsights_sitenote_active":false,"_monsterinsights_sitenote_note":"","_monsterinsights_sitenote_category":0,"footnotes":""},"categories":[22],"tags":[4496,4249,3269],"class_list":["post"],"yoast_head":" \n<title>Sonora en Equipo. Para proteger del COVID a internos de Ceresos e Itama s suspenden visitas familiares Sonora<\/title>\n<meta name=\"description\" content=\"HERMOSILLO, SONORA,MX.\u2500\u2500 Con el prop\u00f3sito de evitar contagios de COVID-19 y garantizar la salud de las Personas Privadas de la Libertad y del Instituto de En Sonora en Equipo publicamos toda la informaci\u00f3n de Sonora, M\u00e9xico y el Mundo de manera oportuna y busca que la libertad de expresi\u00f3n sea real. Visita nuestro medio informativo publicado desde Hermosillo, Sonora. %\" \/>\n<meta name=\"robots\" content=\"index, follow, max-snippet:-1, max-image-preview:large, max-video-preview:-1\" \/>\n<link rel=\"canonical\" href=\"https:\/\/www.sonoraenequipo.com.mx\/para-proteger-del-covid-a-internos-de-ceresos-e-itama-s-suspenden-visitas-familiares\/\" \/>\n<meta property=\"og:locale\" content=\"es_ES\" \/>\n<meta property=\"og:type\" content=\"article\" \/>\n<meta property=\"og:title\" content=\"Sonora en Equipo. Para proteger del COVID a internos de Ceresos e Itama s suspenden visitas familiares Sonora\" \/>\n<meta property=\"og:description\" content=\"HERMOSILLO, SONORA,MX.\u2500\u2500 Con el prop\u00f3sito de evitar contagios de COVID-19 y garantizar la salud de las Personas Privadas de la Libertad y del Instituto de En Sonora en Equipo publicamos toda la informaci\u00f3n de Sonora, M\u00e9xico y el Mundo de manera oportuna y busca que la libertad de expresi\u00f3n sea real. Visita nuestro medio informativo publicado desde Hermosillo, Sonora. %\" \/>\n<meta property=\"og:url\" content=\"https:\/\/www.sonoraenequipo.com.mx\/para-proteger-del-covid-a-internos-de-ceresos-e-itama-s-suspenden-visitas-familiares\/\" \/>\n<meta property=\"og:site_name\" content=\"Sonora en Equipo.\" \/>\n<meta property=\"article:publisher\" content=\"https:\/\/www.facebook.com\/SonoraEE\/\" \/>\n<meta property=\"article:author\" content=\"https:\/\/www.facebook.com\/SonoraEE\" \/>\n<meta property=\"article:published_time\" content=\"2021-07-27T02:02:36+00:00\" \/>\n<meta property=\"og:image\" content=\"https:\/\/www.sonoraenequipo.com.mx\/storage\/2021\/07\/covid-cereso.jpg\" \/>\n\t<meta property=\"og:image:width\" content=\"700\" \/>\n\t<meta property=\"og:image:height\" content=\"400\" \/>\n\t<meta property=\"og:image:type\" content=\"image\/jpeg\" \/>\n<meta name=\"author\" content=\"enequipo\" \/>\n<meta name=\"twitter:card\" content=\"summary_large_image\" \/>\n<meta name=\"twitter:creator\" content=\"@sonoraenequipo\" \/>\n<meta name=\"twitter:site\" content=\"@sonoraenequipo\" \/>\n<meta name=\"twitter:label1\" content=\"Escrito por\" \/>\n\t<meta name=\"twitter:data1\" content=\"enequipo\" \/>\n\t<meta name=\"twitter:label2\" content=\"Tiempo de lectura\" \/>\n\t<meta name=\"twitter:data2\" content=\"2 minutos\" \/>\n<script type=\"application\/ld+json\" class=\"yoast-schema-graph\">{\"@context\":\"https:\/\/schema.org\",\"@graph\":[{\"@type\":\"Article\",\"@id\":\"https:\/\/www.sonoraenequipo.com.mx\/para-proteger-del-covid-a-internos-de-ceresos-e-itama-s-suspenden-visitas-familiares\/#article\",\"isPartOf\":{\"@id\":\"https:\/\/www.sonoraenequipo.com.mx\/para-proteger-del-covid-a-internos-de-ceresos-e-itama-s-suspenden-visitas-familiares\/\"},\"author\":{\"name\":\"enequipo\",\"@id\":\"https:\/\/www.sonoraenequipo.com.mx\/#\/schema\/person\/50102df0fb23a8fa9e8effad8fa81386\"},\"headline\":\"Para proteger del COVID a internos de Ceresos e Itama s suspenden visitas familiares\",\"datePublished\":\"2021-07-27T02:02:36+00:00\",\"mainEntityOfPage\":{\"@id\":\"https:\/\/www.sonoraenequipo.com.mx\/para-proteger-del-covid-a-internos-de-ceresos-e-itama-s-suspenden-visitas-familiares\/\"},\"wordCount\":379,\"commentCount\":0,\"publisher\":{\"@id\":\"https:\/\/www.sonoraenequipo.com.mx\/#organization\"},\"image\":{\"@id\":\"https:\/\/www.sonoraenequipo.com.mx\/para-proteger-del-covid-a-internos-de-ceresos-e-itama-s-suspenden-visitas-familiares\/#primaryimage\"},\"thumbnailUrl\":\"https:\/\/www.sonoraenequipo.com.mx\/storage\/2021\/07\/covid-cereso.jpg\",\"keywords\":[\"CERESO\",\"covid\",\"ITAMA\"],\"articleSection\":[\"Sonora\"],\"inLanguage\":\"es\",\"potentialAction\":[{\"@type\":\"CommentAction\",\"name\":\"Comment\",\"target\":[\"https:\/\/www.sonoraenequipo.com.mx\/para-proteger-del-covid-a-internos-de-ceresos-e-itama-s-suspenden-visitas-familiares\/#respond\"]}]},{\"@type\":\"WebPage\",\"@id\":\"https:\/\/www.sonoraenequipo.com.mx\/para-proteger-del-covid-a-internos-de-ceresos-e-itama-s-suspenden-visitas-familiares\/\",\"url\":\"https:\/\/www.sonoraenequipo.com.mx\/para-proteger-del-covid-a-internos-de-ceresos-e-itama-s-suspenden-visitas-familiares\/\",\"name\":\"Sonora en Equipo. Para proteger del COVID a internos de Ceresos e Itama s suspenden visitas familiares Sonora\",\"isPartOf\":{\"@id\":\"https:\/\/www.sonoraenequipo.com.mx\/#website\"},\"primaryImageOfPage\":{\"@id\":\"https:\/\/www.sonoraenequipo.com.mx\/para-proteger-del-covid-a-internos-de-ceresos-e-itama-s-suspenden-visitas-familiares\/#primaryimage\"},\"image\":{\"@id\":\"https:\/\/www.sonoraenequipo.com.mx\/para-proteger-del-covid-a-internos-de-ceresos-e-itama-s-suspenden-visitas-familiares\/#primaryimage\"},\"thumbnailUrl\":\"https:\/\/www.sonoraenequipo.com.mx\/storage\/2021\/07\/covid-cereso.jpg\",\"datePublished\":\"2021-07-27T02:02:36+00:00\",\"description\":\"HERMOSILLO, SONORA,MX.\u2500\u2500 Con el prop\u00f3sito de evitar contagios de COVID-19 y garantizar la salud de las Personas Privadas de la Libertad y del Instituto de En Sonora en Equipo publicamos toda la informaci\u00f3n de Sonora, M\u00e9xico y el Mundo de manera oportuna y busca que la libertad de expresi\u00f3n sea real. Visita nuestro medio informativo publicado desde Hermosillo, Sonora. %\",\"breadcrumb\":{\"@id\":\"https:\/\/www.sonoraenequipo.com.mx\/para-proteger-del-covid-a-internos-de-ceresos-e-itama-s-suspenden-visitas-familiares\/#breadcrumb\"},\"inLanguage\":\"es\",\"potentialAction\":[{\"@type\":\"ReadAction\",\"target\":[\"https:\/\/www.sonoraenequipo.com.mx\/para-proteger-del-covid-a-internos-de-ceresos-e-itama-s-suspenden-visitas-familiares\/\"]}]},{\"@type\":\"ImageObject\",\"inLanguage\":\"es\",\"@id\":\"https:\/\/www.sonoraenequipo.com.mx\/para-proteger-del-covid-a-internos-de-ceresos-e-itama-s-suspenden-visitas-familiares\/#primaryimage\",\"url\":\"https:\/\/www.sonoraenequipo.com.mx\/storage\/2021\/07\/covid-cereso.jpg\",\"contentUrl\":\"https:\/\/www.sonoraenequipo.com.mx\/storage\/2021\/07\/covid-cereso.jpg\",\"width\":700,\"height\":400},{\"@type\":\"BreadcrumbList\",\"@id\":\"https:\/\/www.sonoraenequipo.com.mx\/para-proteger-del-covid-a-internos-de-ceresos-e-itama-s-suspenden-visitas-familiares\/#breadcrumb\",\"itemListElement\":[{\"@type\":\"ListItem\",\"position\":1,\"name\":\"Portada\",\"item\":\"https:\/\/www.sonoraenequipo.com.mx\/\"},{\"@type\":\"ListItem\",\"position\":2,\"name\":\"Para proteger del COVID a internos de Ceresos e Itama s suspenden visitas familiares\"}]},{\"@type\":\"WebSite\",\"@id\":\"https:\/\/www.sonoraenequipo.com.mx\/#website\",\"url\":\"https:\/\/www.sonoraenequipo.com.mx\/\",\"name\":\"Sonora en Equipo.\",\"description\":\"Diario en l\u00ednea con Noticias desde Hermosillo, Sonora\",\"publisher\":{\"@id\":\"https:\/\/www.sonoraenequipo.com.mx\/#organization\"},\"potentialAction\":[{\"@type\":\"SearchAction\",\"target\":{\"@type\":\"EntryPoint\",\"urlTemplate\":\"https:\/\/www.sonoraenequipo.com.mx\/?s={search_term_string}\"},\"query-input\":{\"@type\":\"PropertyValueSpecification\",\"valueRequired\":true,\"valueName\":\"search_term_string\"}}],\"inLanguage\":\"es\"},{\"@type\":\"Organization\",\"@id\":\"https:\/\/www.sonoraenequipo.com.mx\/#organization\",\"name\":\"Sonoraenequipo.com.mx\",\"url\":\"https:\/\/www.sonoraenequipo.com.mx\/\",\"logo\":{\"@type\":\"ImageObject\",\"inLanguage\":\"es\",\"@id\":\"https:\/\/www.sonoraenequipo.com.mx\/#\/schema\/logo\/image\/\",\"url\":\"https:\/\/www.sonoraenequipo.com.mx\/storage\/2019\/01\/sonoraenequipo_opt.png\",\"contentUrl\":\"https:\/\/www.sonoraenequipo.com.mx\/storage\/2019\/01\/sonoraenequipo_opt.png\",\"width\":375,\"height\":125,\"caption\":\"Sonoraenequipo.com.mx\"},\"image\":{\"@id\":\"https:\/\/www.sonoraenequipo.com.mx\/#\/schema\/logo\/image\/\"},\"sameAs\":[\"https:\/\/www.facebook.com\/SonoraEE\/\",\"https:\/\/x.com\/sonoraenequipo\",\"https:\/\/www.youtube.com\/channel\/UC338nW-lPEYmJQs4ZABQ1SQ\"]},{\"@type\":\"Person\",\"@id\":\"https:\/\/www.sonoraenequipo.com.mx\/#\/schema\/person\/50102df0fb23a8fa9e8effad8fa81386\",\"name\":\"enequipo\",\"image\":{\"@type\":\"ImageObject\",\"inLanguage\":\"es\",\"@id\":\"https:\/\/www.sonoraenequipo.com.mx\/#\/schema\/person\/image\/\",\"url\":\"https:\/\/secure.gravatar.com\/avatar\/049821681b589dabc0bc20695993ccebb09f5b5d4d790cd9251b97faac7c652b?s=96&d=blank&r=g\",\"contentUrl\":\"https:\/\/secure.gravatar.com\/avatar\/049821681b589dabc0bc20695993ccebb09f5b5d4d790cd9251b97faac7c652b?s=96&d=blank&r=g\",\"caption\":\"enequipo\"},\"sameAs\":[\"https:\/\/www.facebook.com\/SonoraEE\"]}]}<\/script>\n ","yoast_head_json":{"title":"Sonora en Equipo. Para proteger del COVID a internos de Ceresos e Itama s suspenden visitas familiares Sonora","description":"HERMOSILLO, SONORA,MX.\u2500\u2500 Con el prop\u00f3sito de evitar contagios de COVID-19 y garantizar la salud de las Personas Privadas de la Libertad y del Instituto de En Sonora en Equipo publicamos toda la informaci\u00f3n de Sonora, M\u00e9xico y el Mundo de manera oportuna y busca que la libertad de expresi\u00f3n sea real. Visita nuestro medio informativo publicado desde Hermosillo, Sonora. %","robots":{"index":"index","follow":"follow","max-snippet":"max-snippet:-1","max-image-preview":"max-image-preview:large","max-video-preview":"max-video-preview:-1"},"canonical":"https:\/\/www.sonoraenequipo.com.mx\/para-proteger-del-covid-a-internos-de-ceresos-e-itama-s-suspenden-visitas-familiares\/","og_locale":"es_ES","og_type":"article","og_title":"Sonora en Equipo. Para proteger del COVID a internos de Ceresos e Itama s suspenden visitas familiares Sonora","og_description":"HERMOSILLO, SONORA,MX.\u2500\u2500 Con el prop\u00f3sito de evitar contagios de COVID-19 y garantizar la salud de las Personas Privadas de la Libertad y del Instituto de En Sonora en Equipo publicamos toda la informaci\u00f3n de Sonora, M\u00e9xico y el Mundo de manera oportuna y busca que la libertad de expresi\u00f3n sea real. Visita nuestro medio informativo publicado desde Hermosillo, Sonora. %","og_url":"https:\/\/www.sonoraenequipo.com.mx\/para-proteger-del-covid-a-internos-de-ceresos-e-itama-s-suspenden-visitas-familiares\/","og_site_name":"Sonora en Equipo.","article_publisher":"https:\/\/www.facebook.com\/SonoraEE\/","article_author":"https:\/\/www.facebook.com\/SonoraEE","article_published_time":"2021-07-27T02:02:36+00:00","og_image":[{"width":700,"height":400,"url":"https:\/\/www.sonoraenequipo.com.mx\/storage\/2021\/07\/covid-cereso.jpg","type":"image\/jpeg"}],"author":"enequipo","twitter_card":"summary_large_image","twitter_creator":"@sonoraenequipo","twitter_site":"@sonoraenequipo","twitter_misc":{"Escrito por":"enequipo","Tiempo de lectura":"2 minutos"},"schema":{"@context":"https:\/\/schema.org","@graph":[{"@type":"Article","@id":"https:\/\/www.sonoraenequipo.com.mx\/para-proteger-del-covid-a-internos-de-ceresos-e-itama-s-suspenden-visitas-familiares\/#article","isPartOf":{"@id":"https:\/\/www.sonoraenequipo.com.mx\/para-proteger-del-covid-a-internos-de-ceresos-e-itama-s-suspenden-visitas-familiares\/"},"author":{"name":"enequipo","@id":"https:\/\/www.sonoraenequipo.com.mx\/#\/schema\/person\/50102df0fb23a8fa9e8effad8fa81386"},"headline":"Para proteger del COVID a internos de Ceresos e Itama s suspenden visitas familiares","datePublished":"2021-07-27T02:02:36+00:00","mainEntityOfPage":{"@id":"https:\/\/www.sonoraenequipo.com.mx\/para-proteger-del-covid-a-internos-de-ceresos-e-itama-s-suspenden-visitas-familiares\/"},"wordCount":379,"commentCount":0,"publisher":{"@id":"https:\/\/www.sonoraenequipo.com.mx\/#organization"},"image":{"@id":"https:\/\/www.sonoraenequipo.com.mx\/para-proteger-del-covid-a-internos-de-ceresos-e-itama-s-suspenden-visitas-familiares\/#primaryimage"},"thumbnailUrl":"https:\/\/www.sonoraenequipo.com.mx\/storage\/2021\/07\/covid-cereso.jpg","keywords":["CERESO","covid","ITAMA"],"articleSection":["Sonora"],"inLanguage":"es","potentialAction":[{"@type":"CommentAction","name":"Comment","target":["https:\/\/www.sonoraenequipo.com.mx\/para-proteger-del-covid-a-internos-de-ceresos-e-itama-s-suspenden-visitas-familiares\/#respond"]}]},{"@type":"WebPage","@id":"https:\/\/www.sonoraenequipo.com.mx\/para-proteger-del-covid-a-internos-de-ceresos-e-itama-s-suspenden-visitas-familiares\/","url":"https:\/\/www.sonoraenequipo.com.mx\/para-proteger-del-covid-a-internos-de-ceresos-e-itama-s-suspenden-visitas-familiares\/","name":"Sonora en Equipo. Para proteger del COVID a internos de Ceresos e Itama s suspenden visitas familiares Sonora","isPartOf":{"@id":"https:\/\/www.sonoraenequipo.com.mx\/#website"},"primaryImageOfPage":{"@id":"https:\/\/www.sonoraenequipo.com.mx\/para-proteger-del-covid-a-internos-de-ceresos-e-itama-s-suspenden-visitas-familiares\/#primaryimage"},"image":{"@id":"https:\/\/www.sonoraenequipo.com.mx\/para-proteger-del-covid-a-internos-de-ceresos-e-itama-s-suspenden-visitas-familiares\/#primaryimage"},"thumbnailUrl":"https:\/\/www.sonoraenequipo.com.mx\/storage\/2021\/07\/covid-cereso.jpg","datePublished":"2021-07-27T02:02:36+00:00","description":"HERMOSILLO, SONORA,MX.\u2500\u2500 Con el prop\u00f3sito de evitar contagios de COVID-19 y garantizar la salud de las Personas Privadas de la Libertad y del Instituto de En Sonora en Equipo publicamos toda la informaci\u00f3n de Sonora, M\u00e9xico y el Mundo de manera oportuna y busca que la libertad de expresi\u00f3n sea real. Visita nuestro medio informativo publicado desde Hermosillo, Sonora. %","breadcrumb":{"@id":"https:\/\/www.sonoraenequipo.com.mx\/para-proteger-del-covid-a-internos-de-ceresos-e-itama-s-suspenden-visitas-familiares\/#breadcrumb"},"inLanguage":"es","potentialAction":[{"@type":"ReadAction","target":["https:\/\/www.sonoraenequipo.com.mx\/para-proteger-del-covid-a-internos-de-ceresos-e-itama-s-suspenden-visitas-familiares\/"]}]},{"@type":"ImageObject","inLanguage":"es","@id":"https:\/\/www.sonoraenequipo.com.mx\/para-proteger-del-covid-a-internos-de-ceresos-e-itama-s-suspenden-visitas-familiares\/#primaryimage","url":"https:\/\/www.sonoraenequipo.com.mx\/storage\/2021\/07\/covid-cereso.jpg","contentUrl":"https:\/\/www.sonoraenequipo.com.mx\/storage\/2021\/07\/covid-cereso.jpg","width":700,"height":400},{"@type":"BreadcrumbList","@id":"https:\/\/www.sonoraenequipo.com.mx\/para-proteger-del-covid-a-internos-de-ceresos-e-itama-s-suspenden-visitas-familiares\/#breadcrumb","itemListElement":[{"@type":"ListItem","position":1,"name":"Portada","item":"https:\/\/www.sonoraenequipo.com.mx\/"},{"@type":"ListItem","position":2,"name":"Para proteger del COVID a internos de Ceresos e Itama s suspenden visitas familiares"}]},{"@type":"WebSite","@id":"https:\/\/www.sonoraenequipo.com.mx\/#website","url":"https:\/\/www.sonoraenequipo.com.mx\/","name":"Sonora en Equipo.","description":"Diario en l\u00ednea con Noticias desde Hermosillo, Sonora","publisher":{"@id":"https:\/\/www.sonoraenequipo.com.mx\/#organization"},"potentialAction":[{"@type":"SearchAction","target":{"@type":"EntryPoint","urlTemplate":"https:\/\/www.sonoraenequipo.com.mx\/?s={search_term_string}"},"query-input":{"@type":"PropertyValueSpecification","valueRequired":true,"valueName":"search_term_string"}}],"inLanguage":"es"},{"@type":"Organization","@id":"https:\/\/www.sonoraenequipo.com.mx\/#organization","name":"Sonoraenequipo.com.mx","url":"https:\/\/www.sonoraenequipo.com.mx\/","logo":{"@type":"ImageObject","inLanguage":"es","@id":"https:\/\/www.sonoraenequipo.com.mx\/#\/schema\/logo\/image\/","url":"https:\/\/www.sonoraenequipo.com.mx\/storage\/2019\/01\/sonoraenequipo_opt.png","contentUrl":"https:\/\/www.sonoraenequipo.com.mx\/storage\/2019\/01\/sonoraenequipo_opt.png","width":375,"height":125,"caption":"Sonoraenequipo.com.mx"},"image":{"@id":"https:\/\/www.sonoraenequipo.com.mx\/#\/schema\/logo\/image\/"},"sameAs":["https:\/\/www.facebook.com\/SonoraEE\/","https:\/\/x.com\/sonoraenequipo","https:\/\/www.youtube.com\/channel\/UC338nW-lPEYmJQs4ZABQ1SQ"]},{"@type":"Person","@id":"https:\/\/www.sonoraenequipo.com.mx\/#\/schema\/person\/50102df0fb23a8fa9e8effad8fa81386","name":"enequipo","image":{"@type":"ImageObject","inLanguage":"es","@id":"https:\/\/www.sonoraenequipo.com.mx\/#\/schema\/person\/image\/","url":"https:\/\/secure.gravatar.com\/avatar\/049821681b589dabc0bc20695993ccebb09f5b5d4d790cd9251b97faac7c652b?s=96&d=blank&r=g","contentUrl":"https:\/\/secure.gravatar.com\/avatar\/049821681b589dabc0bc20695993ccebb09f5b5d4d790cd9251b97faac7c652b?s=96&d=blank&r=g","caption":"enequipo"},"sameAs":["https:\/\/www.facebook.com\/SonoraEE"]}]}},"jetpack_featured_media_url":"https:\/\/www.sonoraenequipo.com.mx\/storage\/2021\/07\/covid-cereso.jpg","_links":{"self":[{"href":"https:\/\/www.sonoraenequipo.com.mx\/api\/wp\/v2\/posts\/119153","targetHints":{"allow":["GET"]}}],"collection":[{"href":"https:\/\/www.sonoraenequipo.com.mx\/api\/wp\/v2\/posts"}],"about":[{"href":"https:\/\/www.sonoraenequipo.com.mx\/api\/wp\/v2\/types\/post"}],"author":[{"embeddable":true,"href":"https:\/\/www.sonoraenequipo.com.mx\/api\/wp\/v2\/users\/1"}],"replies":[{"embeddable":true,"href":"https:\/\/www.sonoraenequipo.com.mx\/api\/wp\/v2\/comments?post=119153"}],"version-history":[{"count":1,"href":"https:\/\/www.sonoraenequipo.com.mx\/api\/wp\/v2\/posts\/119153\/revisions"}],"predecessor-version":[{"id":119155,"href":"https:\/\/www.sonoraenequipo.com.mx\/api\/wp\/v2\/posts\/119153\/revisions\/119155"}],"wp:featuredmedia":[{"embeddable":true,"href":"https:\/\/www.sonoraenequipo.com.mx\/api\/wp\/v2\/media\/119154"}],"wp:attachment":[{"href":"https:\/\/www.sonoraenequipo.com.mx\/api\/wp\/v2\/media?parent=119153"}],"wp:term":[{"taxonomy":"category","embeddable":true,"href":"https:\/\/www.sonoraenequipo.com.mx\/api\/wp\/v2\/categories?post=119153"},{"taxonomy":"post_tag","embeddable":true,"href":"https:\/\/www.sonoraenequipo.com.mx\/api\/wp\/v2\/tags?post=119153"}],"curies":[{"name":"wp","href":"https:\/\/api.w.org\/{rel}","templated":true}]}}