{"id":119156,"date":"2021-07-26T18:10:23","date_gmt":"2021-07-27T01:10:23","guid":{"rendered":"https:\/\/www.sonoraenequipo.com.mx\/?p=119156"},"modified":"2021-07-26T18:10:23","modified_gmt":"2021-07-27T01:10:23","slug":"mexico-envia-segundo-grupo-de-combatientes-de-incendios-forestales-en-apoyo-a-canada","status":"publish","type":"post","link":"https:\/\/www.sonoraenequipo.com.mx\/mexico-envia-segundo-grupo-de-combatientes-de-incendios-forestales-en-apoyo-a-canada\/","title":{"rendered":"M\u00e9xico env\u00eda segundo grupo de combatientes de incendios forestales en apoyo a Canad\u00e1"},"content":{"rendered":"<p>CIUDAD DE M\u00c9XICO.\u2500 101 personas combatientes y t\u00e9cnicos especialistas en fuego viajan de M\u00e9xico a la provincia de Columbia Brit\u00e1nica, Canad\u00e1, como parte de la colaboraci\u00f3n binacional que tiene lugar dentro del Grupo de Trabajo de Bosques de la Alianza M\u00e9xico-Canad\u00e1 (AMC).<\/p>\n<p>Es el segundo contingente de combatientes enviados en el a\u00f1o, para un total de 202, en solidaridad con el pueblo canadiense.<\/p>\n<p>El Gobierno de M\u00e9xico, a trav\u00e9s de la Comisi\u00f3n Nacional Forestal (Conafor), env\u00eda a un segundo contingente de 101 combatientes para contribuir con las tareas de mitigaci\u00f3n y extinci\u00f3n de los m\u00e1s de 300 incendios forestales activos que afectan la provincia de Columbia Brit\u00e1nica en Canad\u00e1. Este intercambio se da en el marco del Memor\u00e1ndum de Entendimiento para el Intercambio de Recursos para el Manejo de Incendios Forestales entre ambos pa\u00edses. La cooperaci\u00f3n por el lado mexicano es gestionada de manera conjunta entre la Conafor, la Secretar\u00eda de Medio Ambiente y Recursos Naturales (Semarnat) y la SRE, con el Centro Canadiense de Interagencias de Incendios Forestales (CIFFC). Esta es la cuarta ocasi\u00f3n en la que se activa este mecanismo de intercambio entre ambos pa\u00edses, y la segunda en este a\u00f1o.<\/p>\n<p>&nbsp;<\/p>\n<p>El ministro de Seguridad de la provincia de Columbia Brit\u00e1nica, Mike Farnworth, ha declarado como cr\u00edtica la situaci\u00f3n de esta provincia. Se ha tomado la decisi\u00f3n de realizar evacuaciones masivas y proporcionar alojamiento de emergencia para los evacuados y poner en alerta a otras poblaciones aleda\u00f1as en riesgo. En seguimiento a la atenta solicitud de ayuda del Gobierno canadiense, M\u00e9xico envi\u00f3 un primer contingente de 101 combatientes el pasado 17 de julio a la provincia de Ontario, el cual fue recibido por una comitiva encabezada por el embajador de M\u00e9xico en Canad\u00e1, Juan Jos\u00e9 G\u00f3mez Camacho, y el c\u00f3nsul general en Toronto, Porfirio Thierry Mu\u00f1oz Ledo.<\/p>\n<p>&nbsp;<\/p>\n<p>El segundo contingente mexicano arrib\u00f3 este 24 de julio al Aeropuerto Internacional de Abbotsford de Vancouver, donde fue recibido por una comitiva encabezada por la c\u00f3nsul general de M\u00e9xico en Vancouver, Berenice D\u00edaz Ceballos.<\/p>\n<p>&nbsp;<\/p>\n<p>Como parte de este proyecto de cooperaci\u00f3n bilateral, el Gobierno de Canad\u00e1 confirm\u00f3 la disponibilidad de inocular a los miembros del contingente mexicano contra COVID-19 al momento de su llegada.<\/p>\n<p>&nbsp;<\/p>\n<p>El Gobierno de M\u00e9xico reitera la relaci\u00f3n de amistad, cooperaci\u00f3n y solidaridad con el Gobierno de Canad\u00e1. La colaboraci\u00f3n norteamericana en el combate a los incendios forestales debe traducirse tambi\u00e9n en una presencia proactiva y efectiva de nuestros pa\u00edses para hacer frente al cambio clim\u00e1tico, tanto a nivel regional como multilateral.<\/p>\n<p>Fecha de Publicaci\u00f3n \u00a0lunes \/ 26\u00a0\u00a0 \/ julio \/ 2021<\/p>\n<p>&nbsp;<\/p>\n<p>&nbsp;<\/p>\n","protected":false},"excerpt":{"rendered":"<p>CIUDAD DE M\u00c9XICO.\u2500 101 personas combatientes y t\u00e9cnicos especialistas en fuego viajan de M\u00e9xico a&#8230;<\/p>\n","protected":false},"author":1,"featured_media":119157,"comment_status":"open","ping_status":"open","sticky":false,"template":"","format":"standard","meta":{"_monsterinsights_skip_tracking":false,"_monsterinsights_sitenote_active":false,"_monsterinsights_sitenote_note":"","_monsterinsights_sitenote_category":0,"footnotes":""},"categories":[5],"tags":[1557,3030],"class_list":["post"],"yoast_head":" \n<title>Sonora en Equipo. M\u00e9xico env\u00eda segundo grupo de combatientes de incendios forestales en apoyo a Canad\u00e1 Rep\u00fablica<\/title>\n<meta name=\"description\" content=\"CIUDAD DE M\u00c9XICO.\u2500 101 personas combatientes y t\u00e9cnicos especialistas en fuego viajan de M\u00e9xico a la provincia de Columbia Brit\u00e1nica, Canad\u00e1, como parte En Sonora en Equipo publicamos toda la informaci\u00f3n de Sonora, M\u00e9xico y el Mundo de manera oportuna y busca que la libertad de expresi\u00f3n sea real. Visita nuestro medio informativo publicado desde Hermosillo, Sonora. %\" \/>\n<meta name=\"robots\" content=\"index, follow, max-snippet:-1, max-image-preview:large, max-video-preview:-1\" \/>\n<link rel=\"canonical\" href=\"https:\/\/www.sonoraenequipo.com.mx\/mexico-envia-segundo-grupo-de-combatientes-de-incendios-forestales-en-apoyo-a-canada\/\" \/>\n<meta property=\"og:locale\" content=\"es_ES\" \/>\n<meta property=\"og:type\" content=\"article\" \/>\n<meta property=\"og:title\" content=\"Sonora en Equipo. M\u00e9xico env\u00eda segundo grupo de combatientes de incendios forestales en apoyo a Canad\u00e1 Rep\u00fablica\" \/>\n<meta property=\"og:description\" content=\"CIUDAD DE M\u00c9XICO.\u2500 101 personas combatientes y t\u00e9cnicos especialistas en fuego viajan de M\u00e9xico a la provincia de Columbia Brit\u00e1nica, Canad\u00e1, como parte En Sonora en Equipo publicamos toda la informaci\u00f3n de Sonora, M\u00e9xico y el Mundo de manera oportuna y busca que la libertad de expresi\u00f3n sea real. Visita nuestro medio informativo publicado desde Hermosillo, Sonora. %\" \/>\n<meta property=\"og:url\" content=\"https:\/\/www.sonoraenequipo.com.mx\/mexico-envia-segundo-grupo-de-combatientes-de-incendios-forestales-en-apoyo-a-canada\/\" \/>\n<meta property=\"og:site_name\" content=\"Sonora en Equipo.\" \/>\n<meta property=\"article:publisher\" content=\"https:\/\/www.facebook.com\/SonoraEE\/\" \/>\n<meta property=\"article:author\" content=\"https:\/\/www.facebook.com\/SonoraEE\" \/>\n<meta property=\"article:published_time\" content=\"2021-07-27T01:10:23+00:00\" \/>\n<meta property=\"og:image\" content=\"https:\/\/www.sonoraenequipo.com.mx\/storage\/2021\/07\/apagafuegos-mex-can.jpg\" \/>\n\t<meta property=\"og:image:width\" content=\"700\" \/>\n\t<meta property=\"og:image:height\" content=\"400\" \/>\n\t<meta property=\"og:image:type\" content=\"image\/jpeg\" \/>\n<meta name=\"author\" content=\"enequipo\" \/>\n<meta name=\"twitter:card\" content=\"summary_large_image\" \/>\n<meta name=\"twitter:creator\" content=\"@sonoraenequipo\" \/>\n<meta name=\"twitter:site\" content=\"@sonoraenequipo\" \/>\n<meta name=\"twitter:label1\" content=\"Escrito por\" \/>\n\t<meta name=\"twitter:data1\" content=\"enequipo\" \/>\n\t<meta name=\"twitter:label2\" content=\"Tiempo de lectura\" \/>\n\t<meta name=\"twitter:data2\" content=\"2 minutos\" \/>\n<script type=\"application\/ld+json\" class=\"yoast-schema-graph\">{\"@context\":\"https:\/\/schema.org\",\"@graph\":[{\"@type\":\"Article\",\"@id\":\"https:\/\/www.sonoraenequipo.com.mx\/mexico-envia-segundo-grupo-de-combatientes-de-incendios-forestales-en-apoyo-a-canada\/#article\",\"isPartOf\":{\"@id\":\"https:\/\/www.sonoraenequipo.com.mx\/mexico-envia-segundo-grupo-de-combatientes-de-incendios-forestales-en-apoyo-a-canada\/\"},\"author\":{\"name\":\"enequipo\",\"@id\":\"https:\/\/www.sonoraenequipo.com.mx\/#\/schema\/person\/50102df0fb23a8fa9e8effad8fa81386\"},\"headline\":\"M\u00e9xico env\u00eda segundo grupo de combatientes de incendios forestales en apoyo a Canad\u00e1\",\"datePublished\":\"2021-07-27T01:10:23+00:00\",\"mainEntityOfPage\":{\"@id\":\"https:\/\/www.sonoraenequipo.com.mx\/mexico-envia-segundo-grupo-de-combatientes-de-incendios-forestales-en-apoyo-a-canada\/\"},\"wordCount\":477,\"commentCount\":0,\"publisher\":{\"@id\":\"https:\/\/www.sonoraenequipo.com.mx\/#organization\"},\"image\":{\"@id\":\"https:\/\/www.sonoraenequipo.com.mx\/mexico-envia-segundo-grupo-de-combatientes-de-incendios-forestales-en-apoyo-a-canada\/#primaryimage\"},\"thumbnailUrl\":\"https:\/\/www.sonoraenequipo.com.mx\/storage\/2021\/07\/apagafuegos-mex-can.jpg\",\"keywords\":[\"CANAD\u00c1\",\"incendios forestales\"],\"articleSection\":[\"Rep\u00fablica\"],\"inLanguage\":\"es\",\"potentialAction\":[{\"@type\":\"CommentAction\",\"name\":\"Comment\",\"target\":[\"https:\/\/www.sonoraenequipo.com.mx\/mexico-envia-segundo-grupo-de-combatientes-de-incendios-forestales-en-apoyo-a-canada\/#respond\"]}]},{\"@type\":\"WebPage\",\"@id\":\"https:\/\/www.sonoraenequipo.com.mx\/mexico-envia-segundo-grupo-de-combatientes-de-incendios-forestales-en-apoyo-a-canada\/\",\"url\":\"https:\/\/www.sonoraenequipo.com.mx\/mexico-envia-segundo-grupo-de-combatientes-de-incendios-forestales-en-apoyo-a-canada\/\",\"name\":\"Sonora en Equipo. M\u00e9xico env\u00eda segundo grupo de combatientes de incendios forestales en apoyo a Canad\u00e1 Rep\u00fablica\",\"isPartOf\":{\"@id\":\"https:\/\/www.sonoraenequipo.com.mx\/#website\"},\"primaryImageOfPage\":{\"@id\":\"https:\/\/www.sonoraenequipo.com.mx\/mexico-envia-segundo-grupo-de-combatientes-de-incendios-forestales-en-apoyo-a-canada\/#primaryimage\"},\"image\":{\"@id\":\"https:\/\/www.sonoraenequipo.com.mx\/mexico-envia-segundo-grupo-de-combatientes-de-incendios-forestales-en-apoyo-a-canada\/#primaryimage\"},\"thumbnailUrl\":\"https:\/\/www.sonoraenequipo.com.mx\/storage\/2021\/07\/apagafuegos-mex-can.jpg\",\"datePublished\":\"2021-07-27T01:10:23+00:00\",\"description\":\"CIUDAD DE M\u00c9XICO.\u2500 101 personas combatientes y t\u00e9cnicos especialistas en fuego viajan de M\u00e9xico a la provincia de Columbia Brit\u00e1nica, Canad\u00e1, como parte En Sonora en Equipo publicamos toda la informaci\u00f3n de Sonora, M\u00e9xico y el Mundo de manera oportuna y busca que la libertad de expresi\u00f3n sea real. Visita nuestro medio informativo publicado desde Hermosillo, Sonora. %\",\"breadcrumb\":{\"@id\":\"https:\/\/www.sonoraenequipo.com.mx\/mexico-envia-segundo-grupo-de-combatientes-de-incendios-forestales-en-apoyo-a-canada\/#breadcrumb\"},\"inLanguage\":\"es\",\"potentialAction\":[{\"@type\":\"ReadAction\",\"target\":[\"https:\/\/www.sonoraenequipo.com.mx\/mexico-envia-segundo-grupo-de-combatientes-de-incendios-forestales-en-apoyo-a-canada\/\"]}]},{\"@type\":\"ImageObject\",\"inLanguage\":\"es\",\"@id\":\"https:\/\/www.sonoraenequipo.com.mx\/mexico-envia-segundo-grupo-de-combatientes-de-incendios-forestales-en-apoyo-a-canada\/#primaryimage\",\"url\":\"https:\/\/www.sonoraenequipo.com.mx\/storage\/2021\/07\/apagafuegos-mex-can.jpg\",\"contentUrl\":\"https:\/\/www.sonoraenequipo.com.mx\/storage\/2021\/07\/apagafuegos-mex-can.jpg\",\"width\":700,\"height\":400},{\"@type\":\"BreadcrumbList\",\"@id\":\"https:\/\/www.sonoraenequipo.com.mx\/mexico-envia-segundo-grupo-de-combatientes-de-incendios-forestales-en-apoyo-a-canada\/#breadcrumb\",\"itemListElement\":[{\"@type\":\"ListItem\",\"position\":1,\"name\":\"Portada\",\"item\":\"https:\/\/www.sonoraenequipo.com.mx\/\"},{\"@type\":\"ListItem\",\"position\":2,\"name\":\"M\u00e9xico env\u00eda segundo grupo de combatientes de incendios forestales en apoyo a Canad\u00e1\"}]},{\"@type\":\"WebSite\",\"@id\":\"https:\/\/www.sonoraenequipo.com.mx\/#website\",\"url\":\"https:\/\/www.sonoraenequipo.com.mx\/\",\"name\":\"Sonora en Equipo.\",\"description\":\"Diario en l\u00ednea con Noticias desde Hermosillo, Sonora\",\"publisher\":{\"@id\":\"https:\/\/www.sonoraenequipo.com.mx\/#organization\"},\"potentialAction\":[{\"@type\":\"SearchAction\",\"target\":{\"@type\":\"EntryPoint\",\"urlTemplate\":\"https:\/\/www.sonoraenequipo.com.mx\/?s={search_term_string}\"},\"query-input\":{\"@type\":\"PropertyValueSpecification\",\"valueRequired\":true,\"valueName\":\"search_term_string\"}}],\"inLanguage\":\"es\"},{\"@type\":\"Organization\",\"@id\":\"https:\/\/www.sonoraenequipo.com.mx\/#organization\",\"name\":\"Sonoraenequipo.com.mx\",\"url\":\"https:\/\/www.sonoraenequipo.com.mx\/\",\"logo\":{\"@type\":\"ImageObject\",\"inLanguage\":\"es\",\"@id\":\"https:\/\/www.sonoraenequipo.com.mx\/#\/schema\/logo\/image\/\",\"url\":\"https:\/\/www.sonoraenequipo.com.mx\/storage\/2019\/01\/sonoraenequipo_opt.png\",\"contentUrl\":\"https:\/\/www.sonoraenequipo.com.mx\/storage\/2019\/01\/sonoraenequipo_opt.png\",\"width\":375,\"height\":125,\"caption\":\"Sonoraenequipo.com.mx\"},\"image\":{\"@id\":\"https:\/\/www.sonoraenequipo.com.mx\/#\/schema\/logo\/image\/\"},\"sameAs\":[\"https:\/\/www.facebook.com\/SonoraEE\/\",\"https:\/\/x.com\/sonoraenequipo\",\"https:\/\/www.youtube.com\/channel\/UC338nW-lPEYmJQs4ZABQ1SQ\"]},{\"@type\":\"Person\",\"@id\":\"https:\/\/www.sonoraenequipo.com.mx\/#\/schema\/person\/50102df0fb23a8fa9e8effad8fa81386\",\"name\":\"enequipo\",\"image\":{\"@type\":\"ImageObject\",\"inLanguage\":\"es\",\"@id\":\"https:\/\/www.sonoraenequipo.com.mx\/#\/schema\/person\/image\/\",\"url\":\"https:\/\/secure.gravatar.com\/avatar\/049821681b589dabc0bc20695993ccebb09f5b5d4d790cd9251b97faac7c652b?s=96&d=blank&r=g\",\"contentUrl\":\"https:\/\/secure.gravatar.com\/avatar\/049821681b589dabc0bc20695993ccebb09f5b5d4d790cd9251b97faac7c652b?s=96&d=blank&r=g\",\"caption\":\"enequipo\"},\"sameAs\":[\"https:\/\/www.facebook.com\/SonoraEE\"]}]}<\/script>\n ","yoast_head_json":{"title":"Sonora en Equipo. M\u00e9xico env\u00eda segundo grupo de combatientes de incendios forestales en apoyo a Canad\u00e1 Rep\u00fablica","description":"CIUDAD DE M\u00c9XICO.\u2500 101 personas combatientes y t\u00e9cnicos especialistas en fuego viajan de M\u00e9xico a la provincia de Columbia Brit\u00e1nica, Canad\u00e1, como parte En Sonora en Equipo publicamos toda la informaci\u00f3n de Sonora, M\u00e9xico y el Mundo de manera oportuna y busca que la libertad de expresi\u00f3n sea real. Visita nuestro medio informativo publicado desde Hermosillo, Sonora. %","robots":{"index":"index","follow":"follow","max-snippet":"max-snippet:-1","max-image-preview":"max-image-preview:large","max-video-preview":"max-video-preview:-1"},"canonical":"https:\/\/www.sonoraenequipo.com.mx\/mexico-envia-segundo-grupo-de-combatientes-de-incendios-forestales-en-apoyo-a-canada\/","og_locale":"es_ES","og_type":"article","og_title":"Sonora en Equipo. M\u00e9xico env\u00eda segundo grupo de combatientes de incendios forestales en apoyo a Canad\u00e1 Rep\u00fablica","og_description":"CIUDAD DE M\u00c9XICO.\u2500 101 personas combatientes y t\u00e9cnicos especialistas en fuego viajan de M\u00e9xico a la provincia de Columbia Brit\u00e1nica, Canad\u00e1, como parte En Sonora en Equipo publicamos toda la informaci\u00f3n de Sonora, M\u00e9xico y el Mundo de manera oportuna y busca que la libertad de expresi\u00f3n sea real. Visita nuestro medio informativo publicado desde Hermosillo, Sonora. %","og_url":"https:\/\/www.sonoraenequipo.com.mx\/mexico-envia-segundo-grupo-de-combatientes-de-incendios-forestales-en-apoyo-a-canada\/","og_site_name":"Sonora en Equipo.","article_publisher":"https:\/\/www.facebook.com\/SonoraEE\/","article_author":"https:\/\/www.facebook.com\/SonoraEE","article_published_time":"2021-07-27T01:10:23+00:00","og_image":[{"width":700,"height":400,"url":"https:\/\/www.sonoraenequipo.com.mx\/storage\/2021\/07\/apagafuegos-mex-can.jpg","type":"image\/jpeg"}],"author":"enequipo","twitter_card":"summary_large_image","twitter_creator":"@sonoraenequipo","twitter_site":"@sonoraenequipo","twitter_misc":{"Escrito por":"enequipo","Tiempo de lectura":"2 minutos"},"schema":{"@context":"https:\/\/schema.org","@graph":[{"@type":"Article","@id":"https:\/\/www.sonoraenequipo.com.mx\/mexico-envia-segundo-grupo-de-combatientes-de-incendios-forestales-en-apoyo-a-canada\/#article","isPartOf":{"@id":"https:\/\/www.sonoraenequipo.com.mx\/mexico-envia-segundo-grupo-de-combatientes-de-incendios-forestales-en-apoyo-a-canada\/"},"author":{"name":"enequipo","@id":"https:\/\/www.sonoraenequipo.com.mx\/#\/schema\/person\/50102df0fb23a8fa9e8effad8fa81386"},"headline":"M\u00e9xico env\u00eda segundo grupo de combatientes de incendios forestales en apoyo a Canad\u00e1","datePublished":"2021-07-27T01:10:23+00:00","mainEntityOfPage":{"@id":"https:\/\/www.sonoraenequipo.com.mx\/mexico-envia-segundo-grupo-de-combatientes-de-incendios-forestales-en-apoyo-a-canada\/"},"wordCount":477,"commentCount":0,"publisher":{"@id":"https:\/\/www.sonoraenequipo.com.mx\/#organization"},"image":{"@id":"https:\/\/www.sonoraenequipo.com.mx\/mexico-envia-segundo-grupo-de-combatientes-de-incendios-forestales-en-apoyo-a-canada\/#primaryimage"},"thumbnailUrl":"https:\/\/www.sonoraenequipo.com.mx\/storage\/2021\/07\/apagafuegos-mex-can.jpg","keywords":["CANAD\u00c1","incendios forestales"],"articleSection":["Rep\u00fablica"],"inLanguage":"es","potentialAction":[{"@type":"CommentAction","name":"Comment","target":["https:\/\/www.sonoraenequipo.com.mx\/mexico-envia-segundo-grupo-de-combatientes-de-incendios-forestales-en-apoyo-a-canada\/#respond"]}]},{"@type":"WebPage","@id":"https:\/\/www.sonoraenequipo.com.mx\/mexico-envia-segundo-grupo-de-combatientes-de-incendios-forestales-en-apoyo-a-canada\/","url":"https:\/\/www.sonoraenequipo.com.mx\/mexico-envia-segundo-grupo-de-combatientes-de-incendios-forestales-en-apoyo-a-canada\/","name":"Sonora en Equipo. M\u00e9xico env\u00eda segundo grupo de combatientes de incendios forestales en apoyo a Canad\u00e1 Rep\u00fablica","isPartOf":{"@id":"https:\/\/www.sonoraenequipo.com.mx\/#website"},"primaryImageOfPage":{"@id":"https:\/\/www.sonoraenequipo.com.mx\/mexico-envia-segundo-grupo-de-combatientes-de-incendios-forestales-en-apoyo-a-canada\/#primaryimage"},"image":{"@id":"https:\/\/www.sonoraenequipo.com.mx\/mexico-envia-segundo-grupo-de-combatientes-de-incendios-forestales-en-apoyo-a-canada\/#primaryimage"},"thumbnailUrl":"https:\/\/www.sonoraenequipo.com.mx\/storage\/2021\/07\/apagafuegos-mex-can.jpg","datePublished":"2021-07-27T01:10:23+00:00","description":"CIUDAD DE M\u00c9XICO.\u2500 101 personas combatientes y t\u00e9cnicos especialistas en fuego viajan de M\u00e9xico a la provincia de Columbia Brit\u00e1nica, Canad\u00e1, como parte En Sonora en Equipo publicamos toda la informaci\u00f3n de Sonora, M\u00e9xico y el Mundo de manera oportuna y busca que la libertad de expresi\u00f3n sea real. Visita nuestro medio informativo publicado desde Hermosillo, Sonora. %","breadcrumb":{"@id":"https:\/\/www.sonoraenequipo.com.mx\/mexico-envia-segundo-grupo-de-combatientes-de-incendios-forestales-en-apoyo-a-canada\/#breadcrumb"},"inLanguage":"es","potentialAction":[{"@type":"ReadAction","target":["https:\/\/www.sonoraenequipo.com.mx\/mexico-envia-segundo-grupo-de-combatientes-de-incendios-forestales-en-apoyo-a-canada\/"]}]},{"@type":"ImageObject","inLanguage":"es","@id":"https:\/\/www.sonoraenequipo.com.mx\/mexico-envia-segundo-grupo-de-combatientes-de-incendios-forestales-en-apoyo-a-canada\/#primaryimage","url":"https:\/\/www.sonoraenequipo.com.mx\/storage\/2021\/07\/apagafuegos-mex-can.jpg","contentUrl":"https:\/\/www.sonoraenequipo.com.mx\/storage\/2021\/07\/apagafuegos-mex-can.jpg","width":700,"height":400},{"@type":"BreadcrumbList","@id":"https:\/\/www.sonoraenequipo.com.mx\/mexico-envia-segundo-grupo-de-combatientes-de-incendios-forestales-en-apoyo-a-canada\/#breadcrumb","itemListElement":[{"@type":"ListItem","position":1,"name":"Portada","item":"https:\/\/www.sonoraenequipo.com.mx\/"},{"@type":"ListItem","position":2,"name":"M\u00e9xico env\u00eda segundo grupo de combatientes de incendios forestales en apoyo a Canad\u00e1"}]},{"@type":"WebSite","@id":"https:\/\/www.sonoraenequipo.com.mx\/#website","url":"https:\/\/www.sonoraenequipo.com.mx\/","name":"Sonora en Equipo.","description":"Diario en l\u00ednea con Noticias desde Hermosillo, Sonora","publisher":{"@id":"https:\/\/www.sonoraenequipo.com.mx\/#organization"},"potentialAction":[{"@type":"SearchAction","target":{"@type":"EntryPoint","urlTemplate":"https:\/\/www.sonoraenequipo.com.mx\/?s={search_term_string}"},"query-input":{"@type":"PropertyValueSpecification","valueRequired":true,"valueName":"search_term_string"}}],"inLanguage":"es"},{"@type":"Organization","@id":"https:\/\/www.sonoraenequipo.com.mx\/#organization","name":"Sonoraenequipo.com.mx","url":"https:\/\/www.sonoraenequipo.com.mx\/","logo":{"@type":"ImageObject","inLanguage":"es","@id":"https:\/\/www.sonoraenequipo.com.mx\/#\/schema\/logo\/image\/","url":"https:\/\/www.sonoraenequipo.com.mx\/storage\/2019\/01\/sonoraenequipo_opt.png","contentUrl":"https:\/\/www.sonoraenequipo.com.mx\/storage\/2019\/01\/sonoraenequipo_opt.png","width":375,"height":125,"caption":"Sonoraenequipo.com.mx"},"image":{"@id":"https:\/\/www.sonoraenequipo.com.mx\/#\/schema\/logo\/image\/"},"sameAs":["https:\/\/www.facebook.com\/SonoraEE\/","https:\/\/x.com\/sonoraenequipo","https:\/\/www.youtube.com\/channel\/UC338nW-lPEYmJQs4ZABQ1SQ"]},{"@type":"Person","@id":"https:\/\/www.sonoraenequipo.com.mx\/#\/schema\/person\/50102df0fb23a8fa9e8effad8fa81386","name":"enequipo","image":{"@type":"ImageObject","inLanguage":"es","@id":"https:\/\/www.sonoraenequipo.com.mx\/#\/schema\/person\/image\/","url":"https:\/\/secure.gravatar.com\/avatar\/049821681b589dabc0bc20695993ccebb09f5b5d4d790cd9251b97faac7c652b?s=96&d=blank&r=g","contentUrl":"https:\/\/secure.gravatar.com\/avatar\/049821681b589dabc0bc20695993ccebb09f5b5d4d790cd9251b97faac7c652b?s=96&d=blank&r=g","caption":"enequipo"},"sameAs":["https:\/\/www.facebook.com\/SonoraEE"]}]}},"jetpack_featured_media_url":"https:\/\/www.sonoraenequipo.com.mx\/storage\/2021\/07\/apagafuegos-mex-can.jpg","_links":{"self":[{"href":"https:\/\/www.sonoraenequipo.com.mx\/api\/wp\/v2\/posts\/119156","targetHints":{"allow":["GET"]}}],"collection":[{"href":"https:\/\/www.sonoraenequipo.com.mx\/api\/wp\/v2\/posts"}],"about":[{"href":"https:\/\/www.sonoraenequipo.com.mx\/api\/wp\/v2\/types\/post"}],"author":[{"embeddable":true,"href":"https:\/\/www.sonoraenequipo.com.mx\/api\/wp\/v2\/users\/1"}],"replies":[{"embeddable":true,"href":"https:\/\/www.sonoraenequipo.com.mx\/api\/wp\/v2\/comments?post=119156"}],"version-history":[{"count":1,"href":"https:\/\/www.sonoraenequipo.com.mx\/api\/wp\/v2\/posts\/119156\/revisions"}],"predecessor-version":[{"id":119158,"href":"https:\/\/www.sonoraenequipo.com.mx\/api\/wp\/v2\/posts\/119156\/revisions\/119158"}],"wp:featuredmedia":[{"embeddable":true,"href":"https:\/\/www.sonoraenequipo.com.mx\/api\/wp\/v2\/media\/119157"}],"wp:attachment":[{"href":"https:\/\/www.sonoraenequipo.com.mx\/api\/wp\/v2\/media?parent=119156"}],"wp:term":[{"taxonomy":"category","embeddable":true,"href":"https:\/\/www.sonoraenequipo.com.mx\/api\/wp\/v2\/categories?post=119156"},{"taxonomy":"post_tag","embeddable":true,"href":"https:\/\/www.sonoraenequipo.com.mx\/api\/wp\/v2\/tags?post=119156"}],"curies":[{"name":"wp","href":"https:\/\/api.w.org\/{rel}","templated":true}]}}