{"id":119162,"date":"2021-07-26T21:36:36","date_gmt":"2021-07-27T04:36:36","guid":{"rendered":"https:\/\/www.sonoraenequipo.com.mx\/?p=119162"},"modified":"2021-07-26T20:51:25","modified_gmt":"2021-07-27T03:51:25","slug":"colombia-la-maquinaria-de-la-guerra-que-produce-mercenarios","status":"publish","type":"post","link":"https:\/\/www.sonoraenequipo.com.mx\/colombia-la-maquinaria-de-la-guerra-que-produce-mercenarios\/","title":{"rendered":"Colombia: la maquinaria de la guerra que produce mercenarios"},"content":{"rendered":"<p>BOGOTA, COLOMBIA. \u2014 El asesinato del presidente haitiano evidencia que Colombia tiene un grave problema con sus Fuerzas Armadas que, a pesar de sus fortalezas, parecen superadas por la descomposici\u00f3n que genera una guerra de medio siglo.<\/p>\n<p>&nbsp;<\/p>\n<p> <\/p>\n<p>&nbsp;<\/p>\n<p>Cuba exporta m\u00e9dicos, Colombia mercenarios. \u00ab<em>Es terrible escuchar eso, pero es la realidad\u201d<\/em>, dice a <strong>DW<\/strong> el exmilitar colombiano Alfonso Manzur Arrieta. El asesinato del presidente de Hait\u00ed, Juvenel Mo\u00efse, el 7 de julio, presuntamente a manos de un grupo de exmilitares colombianos contratados como mercenarios por la firma estadounidense CTU Security, de propiedad del venezolano Antonio Intriago, saca a flote un vergonzante y gigantesco problema producido en Colombia. \u00bfC\u00f3mo y por qu\u00e9 Colombia produce mercenarios?\u00bfQui\u00e9nes son los contratistas y qui\u00e9nes los llamados mercenarios?<\/p>\n<p>&nbsp;<\/p>\n<p><em>\u00abEste es un fen\u00f3meno surgido de m\u00e1s de medio siglo de guerra en Colombia, y en la que las Fuerzas P\u00fablicas, en especial el Ej\u00e9rcito y la Armada, se convirtieron en un poderoso factor de la guerra misma\u201d<\/em>, sostiene Alfonso Manzur Arrieta, polit\u00f3logo y director de Veteranos por Colombia, una fundaci\u00f3n que<em> \u00ababoga por la reconciliaci\u00f3n entre exmilitares y exguerrilleros\u201d<\/em>.<\/p>\n<p>&nbsp;<\/p>\n<p>La guerra es un negocio, aunque suene a frase de caj\u00f3n. <em>\u00abVeteranos por Colombia aprueba empero, la pol\u00edtica de \u2018seguridad democr\u00e1tica&#8217;, porque sin ella hubiera sido imposible hacer replegar a las FARC que, en ese momento, eran muy fuertes\u201d<\/em>, recuerda Manzur, magister en Seguridad P\u00fablica y Asuntos Internacionales. Esta estrategia del expresidente \u00c1lvaro Uribe (2002-2010), presentada en 2003 por la actual vicepresidenta y canciller de Colombia, Marta Luc\u00eda Ram\u00edrez, propon\u00eda un papel m\u00e1s activo de la sociedad civil en la lucha del Estado y de sus \u00f3rganos de seguridad frente a la amenaza de grupos insurgentes. A pesar del gran apoyo popular, su aplicaci\u00f3n propici\u00f3 graves violaciones de los derechos humanos.<\/p>\n<p>&nbsp;<\/p>\n<h3>La p\u00e9rdida de la \u00e9tica es la g\u00e9nesis del resto de males<\/h3>\n<p>&nbsp;<\/p>\n<p><em>\u00abEn ese marco, la alianza de miembros de las Fuerzas Armadas con el paramilitarismo da\u00f1\u00f3 la \u00e9tica militar\u201d<\/em>, agrega el experto, que ve aqu\u00ed la g\u00e9nesis de lo que m\u00e1s tarde se conocer\u00edan como <em>\u00abfalsos positivos\u201d<\/em> o sea ejecuciones extrajudiciales. Seg\u00fan la JEP, la Justicia Especial para la Paz, entre 2002 y 2008, militares colombianos asesinaron a por lo menos 6.402 j\u00f3venes inocentes para ser presentados como bajas en combate.<\/p>\n<p>&nbsp;<\/p>\n<p>\u00bfCu\u00e1l fue efecto del trabajo conjunto de algunos militares con grupos paramilitares? <em>\u00abEsa uni\u00f3n le hizo perder la legitimidad a las Fuerzas Militares de Colombia. Hoy, muchos de mis excompa\u00f1eros est\u00e1n en la c\u00e1rcel por ello\u201d,<\/em> lamenta.<\/p>\n<p>&nbsp;<\/p>\n<h3>Mercenarismo: un fen\u00f3meno<em> \u00abmuy complicado\u201d<\/em><\/h3>\n<p>&nbsp;<\/p>\n<p>La Fuerza P\u00fablica de Colombia sigue siendo la mayor de toda Am\u00e9rica Latina, superando a Brasil. El n\u00famero de efectivos se ha reducido, aunque su presupuesto ha crecido. Entre 2015 y 2020, seg\u00fan el Ministerio de Defensa, Colombia pas\u00f3 de tener y mantener a 451.124 soldados, cadetes y polic\u00edas a contar con 402.308 hasta septiembre de 2020. En respuesta a un derecho de petici\u00f3n de Colombiacheck, el Ministerio de Defensa inform\u00f3 que en 2020 el presupuesto del Ej\u00e9rcito, la Armada y Fuerza A\u00e9rea fue de 11.564.339 millones de pesos, y el de la Polic\u00eda de 9.701.672 millones de pesos.<\/p>\n<p>&nbsp;<\/p>\n<p>El Plan Colombia, lanzado en 1999 por Bill Clinton y Andr\u00e9s Pastrana en Colombia, y creado, en un principio, para combatir la alianza de la guerrilla con el narcotr\u00e1fico, termin\u00f3 inflando las filas de las fuerzas armadas en Colombia. \u00abM\u00e1s tarde, el mismo narcotr\u00e1fico generar\u00eda otro nuevo sector: el de la seguridad privada\u201d, describe Alfonso Manzur.<\/p>\n<p>&nbsp;<\/p>\n<p>Cuando un Ej\u00e9rcito pierde su norte \u00e9tico, puede dar origen al <em>\u00abmercenarismo\u201d,<\/em> es la conclusi\u00f3n del polit\u00f3logo colombiano, que lo considera <em>\u00abun fen\u00f3meno muy complicado\u201d.<\/em><\/p>\n<p>&nbsp;<\/p>\n<p>Colombia cuenta as\u00ed con el mayor ej\u00e9rcito de Am\u00e9rica Latina, entrenado y probado en combate y que se pensiona joven: bastan 21 a\u00f1os de servicio para que un militar tenga el derecho a recibir una \u00ab<em>asignaci\u00f3n de retiro\u201d<\/em>. Pero mientras exoficiales reciben hasta 6 millones de pesos (alrededor de 1.560 d\u00f3lares) de pensi\u00f3n tras dos d\u00e9cadas de trabajo, un ingeniero electr\u00f3nico en Colombia gana apenas unos 2 millones y medio de pesos de salario, unos 650 d\u00f3lares. Y los soldados rasos apenas reciben el salario m\u00ednimo como pensi\u00f3n, que hoy en Colombia no alcanza al mill\u00f3n de pesos, unos 260 d\u00f3lares. Tan poco, que tienen que buscar trabajos alternativos para subsistir.<\/p>\n<h3><\/h3>\n<h3>Un legionario colombiano: <em>\u00abSomos apreciados por nuestro profesionalismo\u201d<\/em><\/h3>\n<p>&nbsp;<\/p>\n<p>Rapha\u00ebl es colombiano y miembro de la<em> \u00abL\u00e9gion \u00e9trang\u00e8re\u201d,<\/em> la fuerza de choque del ej\u00e9rcito franc\u00e9s, que se compone de exmilitares de casi todo el mundo.<em> \u00abYo mismo renunci\u00e9 al ej\u00e9rcito, porque tras haber sido herido en combate con las FARC, la instituci\u00f3n me desampar\u00f3\u201d<\/em>, dice a DW, en un d\u00eda libre de operaciones desde la selva guayanesa. Rapha\u00ebl es un nombre ficticio dado por la redacci\u00f3n de DW para proteger su identidad.<\/p>\n<p>&nbsp;<\/p>\n<p><em>\u00abEl Ej\u00e9rcito de Colombia me defraud\u00f3 porque cuando yo puse la frente, me dio la espalda\u201d,<\/em> agrega. Rapha\u00ebl escuch\u00f3 del asesinato en Hait\u00ed y lamenta las acciones de<em> \u00abmercenarios que se creen Rambos, \u00e1vidos de sangre y aventuras, como en las pel\u00edculas\u201d.<\/em> \u00c9l mismo se llama <em>\u00ablegionario\u201d<\/em>, aplic\u00f3 sin intermediarios en Francia, pas\u00f3 las duras pruebas f\u00edsicas, psicol\u00f3gicas y de conocimientos y fue admitido con un contrato oficial en la Legi\u00f3n Extranjera, una fuerza \u00e9lite adjunta al ministerio de Defensa de Par\u00eds.<\/p>\n<p>&nbsp;<\/p>\n<p>Rapha\u00ebl cuenta que, en realidad, <em>\u00ablos colombianos somos bien apreciados, justo por nuestra alta capacitaci\u00f3n, experiencia en campo y seriedad\u201d.<\/em> Este colombiano es uno de los que velan por la seguridad de la Estaci\u00f3n Espacial Europea en la Guayana Francesa, pero sus operaciones tambi\u00e9n lo llevan a patrullar la selva para la prevenci\u00f3n del narcotr\u00e1fico y la persecuci\u00f3n de los explotadores ilegales de oro, en su mayor\u00eda brasile\u00f1os.<\/p>\n<p>&nbsp;<\/p>\n<p>En sus misiones, los mayores riesgos que corre son la posibilidad de sufrir la mordedura de un murci\u00e9lago con rabia o el ahogamiento por contacto con peces gato. La mayor advertencia de sus superiores: mantenerse lejos del mundo de la prostituci\u00f3n, en Guayana francesa dominada por mujeres venezolanas y dominicanas.<\/p>\n<p>&nbsp;<\/p>\n<p>&nbsp;<\/p>\n<p>Rapha\u00ebl no ha perdido las esperanzas de regresar a Colombia y poner un negocio, pero s\u00ed perdi\u00f3 su admiraci\u00f3n por las revistas de lujo del ej\u00e9rcito colombiano que hablan de<em> \u00abh\u00e9roes de la patria\u201d.<\/em><\/p>\n<p>&nbsp;<\/p>\n<p>&nbsp;<\/p>\n<p>(Publicada el 26\/07\/2021)<\/p>\n","protected":false},"excerpt":{"rendered":"<p>BOGOTA, COLOMBIA. \u2014 El asesinato del presidente haitiano evidencia que Colombia tiene un grave problema&#8230;<\/p>\n","protected":false},"author":1,"featured_media":119165,"comment_status":"open","ping_status":"open","sticky":false,"template":"","format":"standard","meta":{"_monsterinsights_skip_tracking":false,"_monsterinsights_sitenote_active":false,"_monsterinsights_sitenote_note":"","_monsterinsights_sitenote_category":0,"footnotes":""},"categories":[3],"tags":[],"class_list":["post"],"yoast_head":" \n<title>Sonora en Equipo. Colombia: la maquinaria de la guerra que produce mercenarios MUNDO<\/title>\n<meta name=\"description\" content=\"BOGOTA, COLOMBIA. \u2014 El asesinato del presidente haitiano evidencia que Colombia tiene un grave problema con sus Fuerzas Armadas que, a pesar de sus En Sonora en Equipo publicamos toda la informaci\u00f3n de Sonora, M\u00e9xico y el Mundo de manera oportuna y busca que la libertad de expresi\u00f3n sea real. Visita nuestro medio informativo publicado desde Hermosillo, Sonora. %\" \/>\n<meta name=\"robots\" content=\"index, follow, max-snippet:-1, max-image-preview:large, max-video-preview:-1\" \/>\n<link rel=\"canonical\" href=\"https:\/\/www.sonoraenequipo.com.mx\/colombia-la-maquinaria-de-la-guerra-que-produce-mercenarios\/\" \/>\n<meta property=\"og:locale\" content=\"es_ES\" \/>\n<meta property=\"og:type\" content=\"article\" \/>\n<meta property=\"og:title\" content=\"Sonora en Equipo. Colombia: la maquinaria de la guerra que produce mercenarios MUNDO\" \/>\n<meta property=\"og:description\" content=\"BOGOTA, COLOMBIA. \u2014 El asesinato del presidente haitiano evidencia que Colombia tiene un grave problema con sus Fuerzas Armadas que, a pesar de sus En Sonora en Equipo publicamos toda la informaci\u00f3n de Sonora, M\u00e9xico y el Mundo de manera oportuna y busca que la libertad de expresi\u00f3n sea real. Visita nuestro medio informativo publicado desde Hermosillo, Sonora. %\" \/>\n<meta property=\"og:url\" content=\"https:\/\/www.sonoraenequipo.com.mx\/colombia-la-maquinaria-de-la-guerra-que-produce-mercenarios\/\" \/>\n<meta property=\"og:site_name\" content=\"Sonora en Equipo.\" \/>\n<meta property=\"article:publisher\" content=\"https:\/\/www.facebook.com\/SonoraEE\/\" \/>\n<meta property=\"article:author\" content=\"https:\/\/www.facebook.com\/SonoraEE\" \/>\n<meta property=\"article:published_time\" content=\"2021-07-27T04:36:36+00:00\" \/>\n<meta property=\"og:image\" content=\"https:\/\/www.sonoraenequipo.com.mx\/storage\/2021\/07\/colombia_opt.jpg\" \/>\n\t<meta property=\"og:image:width\" content=\"700\" \/>\n\t<meta property=\"og:image:height\" content=\"400\" \/>\n\t<meta property=\"og:image:type\" content=\"image\/jpeg\" \/>\n<meta name=\"author\" content=\"enequipo\" \/>\n<meta name=\"twitter:card\" content=\"summary_large_image\" \/>\n<meta name=\"twitter:creator\" content=\"@sonoraenequipo\" \/>\n<meta name=\"twitter:site\" content=\"@sonoraenequipo\" \/>\n<meta name=\"twitter:label1\" content=\"Escrito por\" \/>\n\t<meta name=\"twitter:data1\" content=\"enequipo\" \/>\n\t<meta name=\"twitter:label2\" content=\"Tiempo de lectura\" \/>\n\t<meta name=\"twitter:data2\" content=\"5 minutos\" \/>\n<script type=\"application\/ld+json\" class=\"yoast-schema-graph\">{\"@context\":\"https:\/\/schema.org\",\"@graph\":[{\"@type\":\"Article\",\"@id\":\"https:\/\/www.sonoraenequipo.com.mx\/colombia-la-maquinaria-de-la-guerra-que-produce-mercenarios\/#article\",\"isPartOf\":{\"@id\":\"https:\/\/www.sonoraenequipo.com.mx\/colombia-la-maquinaria-de-la-guerra-que-produce-mercenarios\/\"},\"author\":{\"name\":\"enequipo\",\"@id\":\"https:\/\/www.sonoraenequipo.com.mx\/#\/schema\/person\/50102df0fb23a8fa9e8effad8fa81386\"},\"headline\":\"Colombia: la maquinaria de la guerra que produce mercenarios\",\"datePublished\":\"2021-07-27T04:36:36+00:00\",\"mainEntityOfPage\":{\"@id\":\"https:\/\/www.sonoraenequipo.com.mx\/colombia-la-maquinaria-de-la-guerra-que-produce-mercenarios\/\"},\"wordCount\":1131,\"commentCount\":0,\"publisher\":{\"@id\":\"https:\/\/www.sonoraenequipo.com.mx\/#organization\"},\"image\":{\"@id\":\"https:\/\/www.sonoraenequipo.com.mx\/colombia-la-maquinaria-de-la-guerra-que-produce-mercenarios\/#primaryimage\"},\"thumbnailUrl\":\"https:\/\/www.sonoraenequipo.com.mx\/storage\/2021\/07\/colombia_opt.jpg\",\"articleSection\":[\"MUNDO\"],\"inLanguage\":\"es\",\"potentialAction\":[{\"@type\":\"CommentAction\",\"name\":\"Comment\",\"target\":[\"https:\/\/www.sonoraenequipo.com.mx\/colombia-la-maquinaria-de-la-guerra-que-produce-mercenarios\/#respond\"]}]},{\"@type\":\"WebPage\",\"@id\":\"https:\/\/www.sonoraenequipo.com.mx\/colombia-la-maquinaria-de-la-guerra-que-produce-mercenarios\/\",\"url\":\"https:\/\/www.sonoraenequipo.com.mx\/colombia-la-maquinaria-de-la-guerra-que-produce-mercenarios\/\",\"name\":\"Sonora en Equipo. Colombia: la maquinaria de la guerra que produce mercenarios MUNDO\",\"isPartOf\":{\"@id\":\"https:\/\/www.sonoraenequipo.com.mx\/#website\"},\"primaryImageOfPage\":{\"@id\":\"https:\/\/www.sonoraenequipo.com.mx\/colombia-la-maquinaria-de-la-guerra-que-produce-mercenarios\/#primaryimage\"},\"image\":{\"@id\":\"https:\/\/www.sonoraenequipo.com.mx\/colombia-la-maquinaria-de-la-guerra-que-produce-mercenarios\/#primaryimage\"},\"thumbnailUrl\":\"https:\/\/www.sonoraenequipo.com.mx\/storage\/2021\/07\/colombia_opt.jpg\",\"datePublished\":\"2021-07-27T04:36:36+00:00\",\"description\":\"BOGOTA, COLOMBIA. \u2014 El asesinato del presidente haitiano evidencia que Colombia tiene un grave problema con sus Fuerzas Armadas que, a pesar de sus En Sonora en Equipo publicamos toda la informaci\u00f3n de Sonora, M\u00e9xico y el Mundo de manera oportuna y busca que la libertad de expresi\u00f3n sea real. Visita nuestro medio informativo publicado desde Hermosillo, Sonora. %\",\"breadcrumb\":{\"@id\":\"https:\/\/www.sonoraenequipo.com.mx\/colombia-la-maquinaria-de-la-guerra-que-produce-mercenarios\/#breadcrumb\"},\"inLanguage\":\"es\",\"potentialAction\":[{\"@type\":\"ReadAction\",\"target\":[\"https:\/\/www.sonoraenequipo.com.mx\/colombia-la-maquinaria-de-la-guerra-que-produce-mercenarios\/\"]}]},{\"@type\":\"ImageObject\",\"inLanguage\":\"es\",\"@id\":\"https:\/\/www.sonoraenequipo.com.mx\/colombia-la-maquinaria-de-la-guerra-que-produce-mercenarios\/#primaryimage\",\"url\":\"https:\/\/www.sonoraenequipo.com.mx\/storage\/2021\/07\/colombia_opt.jpg\",\"contentUrl\":\"https:\/\/www.sonoraenequipo.com.mx\/storage\/2021\/07\/colombia_opt.jpg\",\"width\":700,\"height\":400},{\"@type\":\"BreadcrumbList\",\"@id\":\"https:\/\/www.sonoraenequipo.com.mx\/colombia-la-maquinaria-de-la-guerra-que-produce-mercenarios\/#breadcrumb\",\"itemListElement\":[{\"@type\":\"ListItem\",\"position\":1,\"name\":\"Portada\",\"item\":\"https:\/\/www.sonoraenequipo.com.mx\/\"},{\"@type\":\"ListItem\",\"position\":2,\"name\":\"Colombia: la maquinaria de la guerra que produce mercenarios\"}]},{\"@type\":\"WebSite\",\"@id\":\"https:\/\/www.sonoraenequipo.com.mx\/#website\",\"url\":\"https:\/\/www.sonoraenequipo.com.mx\/\",\"name\":\"Sonora en Equipo.\",\"description\":\"Diario en l\u00ednea con Noticias desde Hermosillo, Sonora\",\"publisher\":{\"@id\":\"https:\/\/www.sonoraenequipo.com.mx\/#organization\"},\"potentialAction\":[{\"@type\":\"SearchAction\",\"target\":{\"@type\":\"EntryPoint\",\"urlTemplate\":\"https:\/\/www.sonoraenequipo.com.mx\/?s={search_term_string}\"},\"query-input\":{\"@type\":\"PropertyValueSpecification\",\"valueRequired\":true,\"valueName\":\"search_term_string\"}}],\"inLanguage\":\"es\"},{\"@type\":\"Organization\",\"@id\":\"https:\/\/www.sonoraenequipo.com.mx\/#organization\",\"name\":\"Sonoraenequipo.com.mx\",\"url\":\"https:\/\/www.sonoraenequipo.com.mx\/\",\"logo\":{\"@type\":\"ImageObject\",\"inLanguage\":\"es\",\"@id\":\"https:\/\/www.sonoraenequipo.com.mx\/#\/schema\/logo\/image\/\",\"url\":\"https:\/\/www.sonoraenequipo.com.mx\/storage\/2019\/01\/sonoraenequipo_opt.png\",\"contentUrl\":\"https:\/\/www.sonoraenequipo.com.mx\/storage\/2019\/01\/sonoraenequipo_opt.png\",\"width\":375,\"height\":125,\"caption\":\"Sonoraenequipo.com.mx\"},\"image\":{\"@id\":\"https:\/\/www.sonoraenequipo.com.mx\/#\/schema\/logo\/image\/\"},\"sameAs\":[\"https:\/\/www.facebook.com\/SonoraEE\/\",\"https:\/\/x.com\/sonoraenequipo\",\"https:\/\/www.youtube.com\/channel\/UC338nW-lPEYmJQs4ZABQ1SQ\"]},{\"@type\":\"Person\",\"@id\":\"https:\/\/www.sonoraenequipo.com.mx\/#\/schema\/person\/50102df0fb23a8fa9e8effad8fa81386\",\"name\":\"enequipo\",\"image\":{\"@type\":\"ImageObject\",\"inLanguage\":\"es\",\"@id\":\"https:\/\/www.sonoraenequipo.com.mx\/#\/schema\/person\/image\/\",\"url\":\"https:\/\/secure.gravatar.com\/avatar\/049821681b589dabc0bc20695993ccebb09f5b5d4d790cd9251b97faac7c652b?s=96&d=blank&r=g\",\"contentUrl\":\"https:\/\/secure.gravatar.com\/avatar\/049821681b589dabc0bc20695993ccebb09f5b5d4d790cd9251b97faac7c652b?s=96&d=blank&r=g\",\"caption\":\"enequipo\"},\"sameAs\":[\"https:\/\/www.facebook.com\/SonoraEE\"]}]}<\/script>\n ","yoast_head_json":{"title":"Sonora en Equipo. Colombia: la maquinaria de la guerra que produce mercenarios MUNDO","description":"BOGOTA, COLOMBIA. \u2014 El asesinato del presidente haitiano evidencia que Colombia tiene un grave problema con sus Fuerzas Armadas que, a pesar de sus En Sonora en Equipo publicamos toda la informaci\u00f3n de Sonora, M\u00e9xico y el Mundo de manera oportuna y busca que la libertad de expresi\u00f3n sea real. Visita nuestro medio informativo publicado desde Hermosillo, Sonora. %","robots":{"index":"index","follow":"follow","max-snippet":"max-snippet:-1","max-image-preview":"max-image-preview:large","max-video-preview":"max-video-preview:-1"},"canonical":"https:\/\/www.sonoraenequipo.com.mx\/colombia-la-maquinaria-de-la-guerra-que-produce-mercenarios\/","og_locale":"es_ES","og_type":"article","og_title":"Sonora en Equipo. Colombia: la maquinaria de la guerra que produce mercenarios MUNDO","og_description":"BOGOTA, COLOMBIA. \u2014 El asesinato del presidente haitiano evidencia que Colombia tiene un grave problema con sus Fuerzas Armadas que, a pesar de sus En Sonora en Equipo publicamos toda la informaci\u00f3n de Sonora, M\u00e9xico y el Mundo de manera oportuna y busca que la libertad de expresi\u00f3n sea real. Visita nuestro medio informativo publicado desde Hermosillo, Sonora. %","og_url":"https:\/\/www.sonoraenequipo.com.mx\/colombia-la-maquinaria-de-la-guerra-que-produce-mercenarios\/","og_site_name":"Sonora en Equipo.","article_publisher":"https:\/\/www.facebook.com\/SonoraEE\/","article_author":"https:\/\/www.facebook.com\/SonoraEE","article_published_time":"2021-07-27T04:36:36+00:00","og_image":[{"width":700,"height":400,"url":"https:\/\/www.sonoraenequipo.com.mx\/storage\/2021\/07\/colombia_opt.jpg","type":"image\/jpeg"}],"author":"enequipo","twitter_card":"summary_large_image","twitter_creator":"@sonoraenequipo","twitter_site":"@sonoraenequipo","twitter_misc":{"Escrito por":"enequipo","Tiempo de lectura":"5 minutos"},"schema":{"@context":"https:\/\/schema.org","@graph":[{"@type":"Article","@id":"https:\/\/www.sonoraenequipo.com.mx\/colombia-la-maquinaria-de-la-guerra-que-produce-mercenarios\/#article","isPartOf":{"@id":"https:\/\/www.sonoraenequipo.com.mx\/colombia-la-maquinaria-de-la-guerra-que-produce-mercenarios\/"},"author":{"name":"enequipo","@id":"https:\/\/www.sonoraenequipo.com.mx\/#\/schema\/person\/50102df0fb23a8fa9e8effad8fa81386"},"headline":"Colombia: la maquinaria de la guerra que produce mercenarios","datePublished":"2021-07-27T04:36:36+00:00","mainEntityOfPage":{"@id":"https:\/\/www.sonoraenequipo.com.mx\/colombia-la-maquinaria-de-la-guerra-que-produce-mercenarios\/"},"wordCount":1131,"commentCount":0,"publisher":{"@id":"https:\/\/www.sonoraenequipo.com.mx\/#organization"},"image":{"@id":"https:\/\/www.sonoraenequipo.com.mx\/colombia-la-maquinaria-de-la-guerra-que-produce-mercenarios\/#primaryimage"},"thumbnailUrl":"https:\/\/www.sonoraenequipo.com.mx\/storage\/2021\/07\/colombia_opt.jpg","articleSection":["MUNDO"],"inLanguage":"es","potentialAction":[{"@type":"CommentAction","name":"Comment","target":["https:\/\/www.sonoraenequipo.com.mx\/colombia-la-maquinaria-de-la-guerra-que-produce-mercenarios\/#respond"]}]},{"@type":"WebPage","@id":"https:\/\/www.sonoraenequipo.com.mx\/colombia-la-maquinaria-de-la-guerra-que-produce-mercenarios\/","url":"https:\/\/www.sonoraenequipo.com.mx\/colombia-la-maquinaria-de-la-guerra-que-produce-mercenarios\/","name":"Sonora en Equipo. Colombia: la maquinaria de la guerra que produce mercenarios MUNDO","isPartOf":{"@id":"https:\/\/www.sonoraenequipo.com.mx\/#website"},"primaryImageOfPage":{"@id":"https:\/\/www.sonoraenequipo.com.mx\/colombia-la-maquinaria-de-la-guerra-que-produce-mercenarios\/#primaryimage"},"image":{"@id":"https:\/\/www.sonoraenequipo.com.mx\/colombia-la-maquinaria-de-la-guerra-que-produce-mercenarios\/#primaryimage"},"thumbnailUrl":"https:\/\/www.sonoraenequipo.com.mx\/storage\/2021\/07\/colombia_opt.jpg","datePublished":"2021-07-27T04:36:36+00:00","description":"BOGOTA, COLOMBIA. \u2014 El asesinato del presidente haitiano evidencia que Colombia tiene un grave problema con sus Fuerzas Armadas que, a pesar de sus En Sonora en Equipo publicamos toda la informaci\u00f3n de Sonora, M\u00e9xico y el Mundo de manera oportuna y busca que la libertad de expresi\u00f3n sea real. Visita nuestro medio informativo publicado desde Hermosillo, Sonora. %","breadcrumb":{"@id":"https:\/\/www.sonoraenequipo.com.mx\/colombia-la-maquinaria-de-la-guerra-que-produce-mercenarios\/#breadcrumb"},"inLanguage":"es","potentialAction":[{"@type":"ReadAction","target":["https:\/\/www.sonoraenequipo.com.mx\/colombia-la-maquinaria-de-la-guerra-que-produce-mercenarios\/"]}]},{"@type":"ImageObject","inLanguage":"es","@id":"https:\/\/www.sonoraenequipo.com.mx\/colombia-la-maquinaria-de-la-guerra-que-produce-mercenarios\/#primaryimage","url":"https:\/\/www.sonoraenequipo.com.mx\/storage\/2021\/07\/colombia_opt.jpg","contentUrl":"https:\/\/www.sonoraenequipo.com.mx\/storage\/2021\/07\/colombia_opt.jpg","width":700,"height":400},{"@type":"BreadcrumbList","@id":"https:\/\/www.sonoraenequipo.com.mx\/colombia-la-maquinaria-de-la-guerra-que-produce-mercenarios\/#breadcrumb","itemListElement":[{"@type":"ListItem","position":1,"name":"Portada","item":"https:\/\/www.sonoraenequipo.com.mx\/"},{"@type":"ListItem","position":2,"name":"Colombia: la maquinaria de la guerra que produce mercenarios"}]},{"@type":"WebSite","@id":"https:\/\/www.sonoraenequipo.com.mx\/#website","url":"https:\/\/www.sonoraenequipo.com.mx\/","name":"Sonora en Equipo.","description":"Diario en l\u00ednea con Noticias desde Hermosillo, Sonora","publisher":{"@id":"https:\/\/www.sonoraenequipo.com.mx\/#organization"},"potentialAction":[{"@type":"SearchAction","target":{"@type":"EntryPoint","urlTemplate":"https:\/\/www.sonoraenequipo.com.mx\/?s={search_term_string}"},"query-input":{"@type":"PropertyValueSpecification","valueRequired":true,"valueName":"search_term_string"}}],"inLanguage":"es"},{"@type":"Organization","@id":"https:\/\/www.sonoraenequipo.com.mx\/#organization","name":"Sonoraenequipo.com.mx","url":"https:\/\/www.sonoraenequipo.com.mx\/","logo":{"@type":"ImageObject","inLanguage":"es","@id":"https:\/\/www.sonoraenequipo.com.mx\/#\/schema\/logo\/image\/","url":"https:\/\/www.sonoraenequipo.com.mx\/storage\/2019\/01\/sonoraenequipo_opt.png","contentUrl":"https:\/\/www.sonoraenequipo.com.mx\/storage\/2019\/01\/sonoraenequipo_opt.png","width":375,"height":125,"caption":"Sonoraenequipo.com.mx"},"image":{"@id":"https:\/\/www.sonoraenequipo.com.mx\/#\/schema\/logo\/image\/"},"sameAs":["https:\/\/www.facebook.com\/SonoraEE\/","https:\/\/x.com\/sonoraenequipo","https:\/\/www.youtube.com\/channel\/UC338nW-lPEYmJQs4ZABQ1SQ"]},{"@type":"Person","@id":"https:\/\/www.sonoraenequipo.com.mx\/#\/schema\/person\/50102df0fb23a8fa9e8effad8fa81386","name":"enequipo","image":{"@type":"ImageObject","inLanguage":"es","@id":"https:\/\/www.sonoraenequipo.com.mx\/#\/schema\/person\/image\/","url":"https:\/\/secure.gravatar.com\/avatar\/049821681b589dabc0bc20695993ccebb09f5b5d4d790cd9251b97faac7c652b?s=96&d=blank&r=g","contentUrl":"https:\/\/secure.gravatar.com\/avatar\/049821681b589dabc0bc20695993ccebb09f5b5d4d790cd9251b97faac7c652b?s=96&d=blank&r=g","caption":"enequipo"},"sameAs":["https:\/\/www.facebook.com\/SonoraEE"]}]}},"jetpack_featured_media_url":"https:\/\/www.sonoraenequipo.com.mx\/storage\/2021\/07\/colombia_opt.jpg","_links":{"self":[{"href":"https:\/\/www.sonoraenequipo.com.mx\/api\/wp\/v2\/posts\/119162","targetHints":{"allow":["GET"]}}],"collection":[{"href":"https:\/\/www.sonoraenequipo.com.mx\/api\/wp\/v2\/posts"}],"about":[{"href":"https:\/\/www.sonoraenequipo.com.mx\/api\/wp\/v2\/types\/post"}],"author":[{"embeddable":true,"href":"https:\/\/www.sonoraenequipo.com.mx\/api\/wp\/v2\/users\/1"}],"replies":[{"embeddable":true,"href":"https:\/\/www.sonoraenequipo.com.mx\/api\/wp\/v2\/comments?post=119162"}],"version-history":[{"count":4,"href":"https:\/\/www.sonoraenequipo.com.mx\/api\/wp\/v2\/posts\/119162\/revisions"}],"predecessor-version":[{"id":119169,"href":"https:\/\/www.sonoraenequipo.com.mx\/api\/wp\/v2\/posts\/119162\/revisions\/119169"}],"wp:featuredmedia":[{"embeddable":true,"href":"https:\/\/www.sonoraenequipo.com.mx\/api\/wp\/v2\/media\/119165"}],"wp:attachment":[{"href":"https:\/\/www.sonoraenequipo.com.mx\/api\/wp\/v2\/media?parent=119162"}],"wp:term":[{"taxonomy":"category","embeddable":true,"href":"https:\/\/www.sonoraenequipo.com.mx\/api\/wp\/v2\/categories?post=119162"},{"taxonomy":"post_tag","embeddable":true,"href":"https:\/\/www.sonoraenequipo.com.mx\/api\/wp\/v2\/tags?post=119162"}],"curies":[{"name":"wp","href":"https:\/\/api.w.org\/{rel}","templated":true}]}}