{"id":119206,"date":"2021-07-27T07:27:21","date_gmt":"2021-07-27T14:27:21","guid":{"rendered":"https:\/\/www.sonoraenequipo.com.mx\/?p=119206"},"modified":"2021-07-27T11:36:35","modified_gmt":"2021-07-27T18:36:35","slug":"impacta-tercera-ola-de-covid-19-en-comunidad-comcaac-resultan-12-positivos-al-virus","status":"publish","type":"post","link":"https:\/\/www.sonoraenequipo.com.mx\/impacta-tercera-ola-de-covid-19-en-comunidad-comcaac-resultan-12-positivos-al-virus\/","title":{"rendered":"Impacta tercera ola de COVID-19 en comunidad Comcaac; resultan 12 positivos al virus"},"content":{"rendered":"<p>HERMOSILLO, SONORA. MX. \u2014 Brigadas de la Secretar\u00eda de Salud de Sonora se trasladaron a la comunidad Comcaac en Punta Chueca para realizar pruebas de COVID-19 a sus habitantes y verificar el estado de salud de personas presuntamente positivas al virus, inform\u00f3 Jos\u00e9 Duarte Cubillas.<\/p>\n<p>&nbsp;<\/p>\n<p> <\/p>\n<p>&nbsp;<\/p>\n<p>El jefe de la jurisdicci\u00f3n Sanitaria I de Salud Sonora precis\u00f3 que se realizaron un total de 73 pruebas detectoras de Sars-Cov2, de las cuales, 12 resultaron positivas y se est\u00e1n procesando 4 pruebas m\u00e1s de PCR.<\/p>\n<p>&nbsp;<\/p>\n<p>Comparti\u00f3 que el m\u00e9dico del Centro de Salud de Desemboque, Diego Armando Franco, quien tambi\u00e9n se traslad\u00f3 como apoyo a la comunidad, mencion\u00f3 que el pasado s\u00e1bado y domingo, cinco personas acudieron con sintomatolog\u00eda sospechosa a COVID-19, quienes se negaron a ser trasladados al Hospital General del Estado (HGE) para recibir seguimiento de segundo nivel; solo un paciente accedi\u00f3, hoy, a ser trasladado a Hermosillo para su atenci\u00f3n.<\/p>\n<p>&nbsp;<\/p>\n<p><em>\u2018\u2019Se habl\u00f3 con cada uno de los pacientes y sus familiares acerca del riesgo de no acudir a un segundo nivel de atenci\u00f3n pero solo un paciente accedi\u00f3 al traslado\u2019\u2019,<\/em> declar\u00f3.<\/p>\n<p>&nbsp;<\/p>\n<p>Puntualiz\u00f3 que la brigada estuvo conformada por 2 m\u00e9dicos, 2 enfermeras y dos ambulancias del CRUM Sonora, quienes arribaron a Punta Chueca alrededor de las 10:00 horas y quienes, adem\u00e1s de la realizaci\u00f3n de pruebas detectoras de Coronavirus, apoyaron haciendo el llamado a la poblaci\u00f3n a seguir las medidas de protecci\u00f3n contra el virus, como lo son el uso de cubrebocas, lavado de manos, sana distancia, evitar aglomeraciones y ventilar los espacios.<\/p>\n<p>&nbsp;<\/p>\n<p><em>\u2018\u2019Hicimos mucho \u00e9nfasis en los datos de alarma de severidad del COVID-19 y la importancia de recibir atenci\u00f3n de segundo nivel al presentar complicaciones; a los casos positivos se les brind\u00f3 el tratamiento y recomendaciones m\u00e9dicas\u2019<\/em>\u2019, expuso.<\/p>\n<p>&nbsp;<\/p>\n<p>Anunci\u00f3 que este martes acudir\u00e1 nuevamente una brigada especial de la Secretar\u00eda de Salud de Sonora a convencer a las personas que tienen que ser trasladadas a recibir atenci\u00f3n hospitalaria, ya que es necesario para salvaguardar su salud y su vida.<\/p>\n<p>&nbsp;<\/p>\n<p>(Publicada el 27\/07\/2021)<\/p>\n","protected":false},"excerpt":{"rendered":"<p>HERMOSILLO, SONORA. MX. \u2014 Brigadas de la Secretar\u00eda de Salud de Sonora se trasladaron a&#8230;<\/p>\n","protected":false},"author":1,"featured_media":119208,"comment_status":"open","ping_status":"open","sticky":false,"template":"","format":"standard","meta":{"_monsterinsights_skip_tracking":false,"_monsterinsights_sitenote_active":false,"_monsterinsights_sitenote_note":"","_monsterinsights_sitenote_category":0,"footnotes":""},"categories":[22],"tags":[],"class_list":["post"],"yoast_head":" \n<title>Sonora en Equipo. Impacta tercera ola de COVID-19 en comunidad Comcaac; resultan 12 positivos al virus Sonora<\/title>\n<meta name=\"description\" content=\"HERMOSILLO, SONORA. MX. \u2014 Brigadas de la Secretar\u00eda de Salud de Sonora se trasladaron a la comunidad Comcaac en Punta Chueca para realizar pruebas de En Sonora en Equipo publicamos toda la informaci\u00f3n de Sonora, M\u00e9xico y el Mundo de manera oportuna y busca que la libertad de expresi\u00f3n sea real. Visita nuestro medio informativo publicado desde Hermosillo, Sonora. %\" \/>\n<meta name=\"robots\" content=\"index, follow, max-snippet:-1, max-image-preview:large, max-video-preview:-1\" \/>\n<link rel=\"canonical\" href=\"https:\/\/www.sonoraenequipo.com.mx\/impacta-tercera-ola-de-covid-19-en-comunidad-comcaac-resultan-12-positivos-al-virus\/\" \/>\n<meta property=\"og:locale\" content=\"es_ES\" \/>\n<meta property=\"og:type\" content=\"article\" \/>\n<meta property=\"og:title\" content=\"Sonora en Equipo. Impacta tercera ola de COVID-19 en comunidad Comcaac; resultan 12 positivos al virus Sonora\" \/>\n<meta property=\"og:description\" content=\"HERMOSILLO, SONORA. MX. \u2014 Brigadas de la Secretar\u00eda de Salud de Sonora se trasladaron a la comunidad Comcaac en Punta Chueca para realizar pruebas de En Sonora en Equipo publicamos toda la informaci\u00f3n de Sonora, M\u00e9xico y el Mundo de manera oportuna y busca que la libertad de expresi\u00f3n sea real. Visita nuestro medio informativo publicado desde Hermosillo, Sonora. %\" \/>\n<meta property=\"og:url\" content=\"https:\/\/www.sonoraenequipo.com.mx\/impacta-tercera-ola-de-covid-19-en-comunidad-comcaac-resultan-12-positivos-al-virus\/\" \/>\n<meta property=\"og:site_name\" content=\"Sonora en Equipo.\" \/>\n<meta property=\"article:publisher\" content=\"https:\/\/www.facebook.com\/SonoraEE\/\" \/>\n<meta property=\"article:author\" content=\"https:\/\/www.facebook.com\/SonoraEE\" \/>\n<meta property=\"article:published_time\" content=\"2021-07-27T14:27:21+00:00\" \/>\n<meta property=\"article:modified_time\" content=\"2021-07-27T18:36:35+00:00\" \/>\n<meta property=\"og:image\" content=\"https:\/\/www.sonoraenequipo.com.mx\/storage\/2021\/07\/comcaac-contagios_opt.jpg\" \/>\n\t<meta property=\"og:image:width\" content=\"700\" \/>\n\t<meta property=\"og:image:height\" content=\"400\" \/>\n\t<meta property=\"og:image:type\" content=\"image\/jpeg\" \/>\n<meta name=\"author\" content=\"enequipo\" \/>\n<meta name=\"twitter:card\" content=\"summary_large_image\" \/>\n<meta name=\"twitter:creator\" content=\"@sonoraenequipo\" \/>\n<meta name=\"twitter:site\" content=\"@sonoraenequipo\" \/>\n<meta name=\"twitter:label1\" content=\"Escrito por\" \/>\n\t<meta name=\"twitter:data1\" content=\"enequipo\" \/>\n\t<meta name=\"twitter:label2\" content=\"Tiempo de lectura\" \/>\n\t<meta name=\"twitter:data2\" content=\"2 minutos\" \/>\n<script type=\"application\/ld+json\" class=\"yoast-schema-graph\">{\"@context\":\"https:\/\/schema.org\",\"@graph\":[{\"@type\":\"Article\",\"@id\":\"https:\/\/www.sonoraenequipo.com.mx\/impacta-tercera-ola-de-covid-19-en-comunidad-comcaac-resultan-12-positivos-al-virus\/#article\",\"isPartOf\":{\"@id\":\"https:\/\/www.sonoraenequipo.com.mx\/impacta-tercera-ola-de-covid-19-en-comunidad-comcaac-resultan-12-positivos-al-virus\/\"},\"author\":{\"name\":\"enequipo\",\"@id\":\"https:\/\/www.sonoraenequipo.com.mx\/#\/schema\/person\/50102df0fb23a8fa9e8effad8fa81386\"},\"headline\":\"Impacta tercera ola de COVID-19 en comunidad Comcaac; resultan 12 positivos al virus\",\"datePublished\":\"2021-07-27T14:27:21+00:00\",\"dateModified\":\"2021-07-27T18:36:35+00:00\",\"mainEntityOfPage\":{\"@id\":\"https:\/\/www.sonoraenequipo.com.mx\/impacta-tercera-ola-de-covid-19-en-comunidad-comcaac-resultan-12-positivos-al-virus\/\"},\"wordCount\":365,\"commentCount\":0,\"publisher\":{\"@id\":\"https:\/\/www.sonoraenequipo.com.mx\/#organization\"},\"image\":{\"@id\":\"https:\/\/www.sonoraenequipo.com.mx\/impacta-tercera-ola-de-covid-19-en-comunidad-comcaac-resultan-12-positivos-al-virus\/#primaryimage\"},\"thumbnailUrl\":\"https:\/\/www.sonoraenequipo.com.mx\/storage\/2021\/07\/comcaac-contagios_opt.jpg\",\"articleSection\":[\"Sonora\"],\"inLanguage\":\"es\",\"potentialAction\":[{\"@type\":\"CommentAction\",\"name\":\"Comment\",\"target\":[\"https:\/\/www.sonoraenequipo.com.mx\/impacta-tercera-ola-de-covid-19-en-comunidad-comcaac-resultan-12-positivos-al-virus\/#respond\"]}]},{\"@type\":\"WebPage\",\"@id\":\"https:\/\/www.sonoraenequipo.com.mx\/impacta-tercera-ola-de-covid-19-en-comunidad-comcaac-resultan-12-positivos-al-virus\/\",\"url\":\"https:\/\/www.sonoraenequipo.com.mx\/impacta-tercera-ola-de-covid-19-en-comunidad-comcaac-resultan-12-positivos-al-virus\/\",\"name\":\"Sonora en Equipo. Impacta tercera ola de COVID-19 en comunidad Comcaac; resultan 12 positivos al virus Sonora\",\"isPartOf\":{\"@id\":\"https:\/\/www.sonoraenequipo.com.mx\/#website\"},\"primaryImageOfPage\":{\"@id\":\"https:\/\/www.sonoraenequipo.com.mx\/impacta-tercera-ola-de-covid-19-en-comunidad-comcaac-resultan-12-positivos-al-virus\/#primaryimage\"},\"image\":{\"@id\":\"https:\/\/www.sonoraenequipo.com.mx\/impacta-tercera-ola-de-covid-19-en-comunidad-comcaac-resultan-12-positivos-al-virus\/#primaryimage\"},\"thumbnailUrl\":\"https:\/\/www.sonoraenequipo.com.mx\/storage\/2021\/07\/comcaac-contagios_opt.jpg\",\"datePublished\":\"2021-07-27T14:27:21+00:00\",\"dateModified\":\"2021-07-27T18:36:35+00:00\",\"description\":\"HERMOSILLO, SONORA. MX. \u2014 Brigadas de la Secretar\u00eda de Salud de Sonora se trasladaron a la comunidad Comcaac en Punta Chueca para realizar pruebas de En Sonora en Equipo publicamos toda la informaci\u00f3n de Sonora, M\u00e9xico y el Mundo de manera oportuna y busca que la libertad de expresi\u00f3n sea real. Visita nuestro medio informativo publicado desde Hermosillo, Sonora. %\",\"breadcrumb\":{\"@id\":\"https:\/\/www.sonoraenequipo.com.mx\/impacta-tercera-ola-de-covid-19-en-comunidad-comcaac-resultan-12-positivos-al-virus\/#breadcrumb\"},\"inLanguage\":\"es\",\"potentialAction\":[{\"@type\":\"ReadAction\",\"target\":[\"https:\/\/www.sonoraenequipo.com.mx\/impacta-tercera-ola-de-covid-19-en-comunidad-comcaac-resultan-12-positivos-al-virus\/\"]}]},{\"@type\":\"ImageObject\",\"inLanguage\":\"es\",\"@id\":\"https:\/\/www.sonoraenequipo.com.mx\/impacta-tercera-ola-de-covid-19-en-comunidad-comcaac-resultan-12-positivos-al-virus\/#primaryimage\",\"url\":\"https:\/\/www.sonoraenequipo.com.mx\/storage\/2021\/07\/comcaac-contagios_opt.jpg\",\"contentUrl\":\"https:\/\/www.sonoraenequipo.com.mx\/storage\/2021\/07\/comcaac-contagios_opt.jpg\",\"width\":700,\"height\":400},{\"@type\":\"BreadcrumbList\",\"@id\":\"https:\/\/www.sonoraenequipo.com.mx\/impacta-tercera-ola-de-covid-19-en-comunidad-comcaac-resultan-12-positivos-al-virus\/#breadcrumb\",\"itemListElement\":[{\"@type\":\"ListItem\",\"position\":1,\"name\":\"Portada\",\"item\":\"https:\/\/www.sonoraenequipo.com.mx\/\"},{\"@type\":\"ListItem\",\"position\":2,\"name\":\"Impacta tercera ola de COVID-19 en comunidad Comcaac; resultan 12 positivos al virus\"}]},{\"@type\":\"WebSite\",\"@id\":\"https:\/\/www.sonoraenequipo.com.mx\/#website\",\"url\":\"https:\/\/www.sonoraenequipo.com.mx\/\",\"name\":\"Sonora en Equipo.\",\"description\":\"Diario en l\u00ednea con Noticias desde Hermosillo, Sonora\",\"publisher\":{\"@id\":\"https:\/\/www.sonoraenequipo.com.mx\/#organization\"},\"potentialAction\":[{\"@type\":\"SearchAction\",\"target\":{\"@type\":\"EntryPoint\",\"urlTemplate\":\"https:\/\/www.sonoraenequipo.com.mx\/?s={search_term_string}\"},\"query-input\":{\"@type\":\"PropertyValueSpecification\",\"valueRequired\":true,\"valueName\":\"search_term_string\"}}],\"inLanguage\":\"es\"},{\"@type\":\"Organization\",\"@id\":\"https:\/\/www.sonoraenequipo.com.mx\/#organization\",\"name\":\"Sonoraenequipo.com.mx\",\"url\":\"https:\/\/www.sonoraenequipo.com.mx\/\",\"logo\":{\"@type\":\"ImageObject\",\"inLanguage\":\"es\",\"@id\":\"https:\/\/www.sonoraenequipo.com.mx\/#\/schema\/logo\/image\/\",\"url\":\"https:\/\/www.sonoraenequipo.com.mx\/storage\/2019\/01\/sonoraenequipo_opt.png\",\"contentUrl\":\"https:\/\/www.sonoraenequipo.com.mx\/storage\/2019\/01\/sonoraenequipo_opt.png\",\"width\":375,\"height\":125,\"caption\":\"Sonoraenequipo.com.mx\"},\"image\":{\"@id\":\"https:\/\/www.sonoraenequipo.com.mx\/#\/schema\/logo\/image\/\"},\"sameAs\":[\"https:\/\/www.facebook.com\/SonoraEE\/\",\"https:\/\/x.com\/sonoraenequipo\",\"https:\/\/www.youtube.com\/channel\/UC338nW-lPEYmJQs4ZABQ1SQ\"]},{\"@type\":\"Person\",\"@id\":\"https:\/\/www.sonoraenequipo.com.mx\/#\/schema\/person\/50102df0fb23a8fa9e8effad8fa81386\",\"name\":\"enequipo\",\"image\":{\"@type\":\"ImageObject\",\"inLanguage\":\"es\",\"@id\":\"https:\/\/www.sonoraenequipo.com.mx\/#\/schema\/person\/image\/\",\"url\":\"https:\/\/secure.gravatar.com\/avatar\/049821681b589dabc0bc20695993ccebb09f5b5d4d790cd9251b97faac7c652b?s=96&d=blank&r=g\",\"contentUrl\":\"https:\/\/secure.gravatar.com\/avatar\/049821681b589dabc0bc20695993ccebb09f5b5d4d790cd9251b97faac7c652b?s=96&d=blank&r=g\",\"caption\":\"enequipo\"},\"sameAs\":[\"https:\/\/www.facebook.com\/SonoraEE\"]}]}<\/script>\n ","yoast_head_json":{"title":"Sonora en Equipo. Impacta tercera ola de COVID-19 en comunidad Comcaac; resultan 12 positivos al virus Sonora","description":"HERMOSILLO, SONORA. MX. \u2014 Brigadas de la Secretar\u00eda de Salud de Sonora se trasladaron a la comunidad Comcaac en Punta Chueca para realizar pruebas de En Sonora en Equipo publicamos toda la informaci\u00f3n de Sonora, M\u00e9xico y el Mundo de manera oportuna y busca que la libertad de expresi\u00f3n sea real. Visita nuestro medio informativo publicado desde Hermosillo, Sonora. %","robots":{"index":"index","follow":"follow","max-snippet":"max-snippet:-1","max-image-preview":"max-image-preview:large","max-video-preview":"max-video-preview:-1"},"canonical":"https:\/\/www.sonoraenequipo.com.mx\/impacta-tercera-ola-de-covid-19-en-comunidad-comcaac-resultan-12-positivos-al-virus\/","og_locale":"es_ES","og_type":"article","og_title":"Sonora en Equipo. Impacta tercera ola de COVID-19 en comunidad Comcaac; resultan 12 positivos al virus Sonora","og_description":"HERMOSILLO, SONORA. MX. \u2014 Brigadas de la Secretar\u00eda de Salud de Sonora se trasladaron a la comunidad Comcaac en Punta Chueca para realizar pruebas de En Sonora en Equipo publicamos toda la informaci\u00f3n de Sonora, M\u00e9xico y el Mundo de manera oportuna y busca que la libertad de expresi\u00f3n sea real. Visita nuestro medio informativo publicado desde Hermosillo, Sonora. %","og_url":"https:\/\/www.sonoraenequipo.com.mx\/impacta-tercera-ola-de-covid-19-en-comunidad-comcaac-resultan-12-positivos-al-virus\/","og_site_name":"Sonora en Equipo.","article_publisher":"https:\/\/www.facebook.com\/SonoraEE\/","article_author":"https:\/\/www.facebook.com\/SonoraEE","article_published_time":"2021-07-27T14:27:21+00:00","article_modified_time":"2021-07-27T18:36:35+00:00","og_image":[{"width":700,"height":400,"url":"https:\/\/www.sonoraenequipo.com.mx\/storage\/2021\/07\/comcaac-contagios_opt.jpg","type":"image\/jpeg"}],"author":"enequipo","twitter_card":"summary_large_image","twitter_creator":"@sonoraenequipo","twitter_site":"@sonoraenequipo","twitter_misc":{"Escrito por":"enequipo","Tiempo de lectura":"2 minutos"},"schema":{"@context":"https:\/\/schema.org","@graph":[{"@type":"Article","@id":"https:\/\/www.sonoraenequipo.com.mx\/impacta-tercera-ola-de-covid-19-en-comunidad-comcaac-resultan-12-positivos-al-virus\/#article","isPartOf":{"@id":"https:\/\/www.sonoraenequipo.com.mx\/impacta-tercera-ola-de-covid-19-en-comunidad-comcaac-resultan-12-positivos-al-virus\/"},"author":{"name":"enequipo","@id":"https:\/\/www.sonoraenequipo.com.mx\/#\/schema\/person\/50102df0fb23a8fa9e8effad8fa81386"},"headline":"Impacta tercera ola de COVID-19 en comunidad Comcaac; resultan 12 positivos al virus","datePublished":"2021-07-27T14:27:21+00:00","dateModified":"2021-07-27T18:36:35+00:00","mainEntityOfPage":{"@id":"https:\/\/www.sonoraenequipo.com.mx\/impacta-tercera-ola-de-covid-19-en-comunidad-comcaac-resultan-12-positivos-al-virus\/"},"wordCount":365,"commentCount":0,"publisher":{"@id":"https:\/\/www.sonoraenequipo.com.mx\/#organization"},"image":{"@id":"https:\/\/www.sonoraenequipo.com.mx\/impacta-tercera-ola-de-covid-19-en-comunidad-comcaac-resultan-12-positivos-al-virus\/#primaryimage"},"thumbnailUrl":"https:\/\/www.sonoraenequipo.com.mx\/storage\/2021\/07\/comcaac-contagios_opt.jpg","articleSection":["Sonora"],"inLanguage":"es","potentialAction":[{"@type":"CommentAction","name":"Comment","target":["https:\/\/www.sonoraenequipo.com.mx\/impacta-tercera-ola-de-covid-19-en-comunidad-comcaac-resultan-12-positivos-al-virus\/#respond"]}]},{"@type":"WebPage","@id":"https:\/\/www.sonoraenequipo.com.mx\/impacta-tercera-ola-de-covid-19-en-comunidad-comcaac-resultan-12-positivos-al-virus\/","url":"https:\/\/www.sonoraenequipo.com.mx\/impacta-tercera-ola-de-covid-19-en-comunidad-comcaac-resultan-12-positivos-al-virus\/","name":"Sonora en Equipo. Impacta tercera ola de COVID-19 en comunidad Comcaac; resultan 12 positivos al virus Sonora","isPartOf":{"@id":"https:\/\/www.sonoraenequipo.com.mx\/#website"},"primaryImageOfPage":{"@id":"https:\/\/www.sonoraenequipo.com.mx\/impacta-tercera-ola-de-covid-19-en-comunidad-comcaac-resultan-12-positivos-al-virus\/#primaryimage"},"image":{"@id":"https:\/\/www.sonoraenequipo.com.mx\/impacta-tercera-ola-de-covid-19-en-comunidad-comcaac-resultan-12-positivos-al-virus\/#primaryimage"},"thumbnailUrl":"https:\/\/www.sonoraenequipo.com.mx\/storage\/2021\/07\/comcaac-contagios_opt.jpg","datePublished":"2021-07-27T14:27:21+00:00","dateModified":"2021-07-27T18:36:35+00:00","description":"HERMOSILLO, SONORA. MX. \u2014 Brigadas de la Secretar\u00eda de Salud de Sonora se trasladaron a la comunidad Comcaac en Punta Chueca para realizar pruebas de En Sonora en Equipo publicamos toda la informaci\u00f3n de Sonora, M\u00e9xico y el Mundo de manera oportuna y busca que la libertad de expresi\u00f3n sea real. Visita nuestro medio informativo publicado desde Hermosillo, Sonora. %","breadcrumb":{"@id":"https:\/\/www.sonoraenequipo.com.mx\/impacta-tercera-ola-de-covid-19-en-comunidad-comcaac-resultan-12-positivos-al-virus\/#breadcrumb"},"inLanguage":"es","potentialAction":[{"@type":"ReadAction","target":["https:\/\/www.sonoraenequipo.com.mx\/impacta-tercera-ola-de-covid-19-en-comunidad-comcaac-resultan-12-positivos-al-virus\/"]}]},{"@type":"ImageObject","inLanguage":"es","@id":"https:\/\/www.sonoraenequipo.com.mx\/impacta-tercera-ola-de-covid-19-en-comunidad-comcaac-resultan-12-positivos-al-virus\/#primaryimage","url":"https:\/\/www.sonoraenequipo.com.mx\/storage\/2021\/07\/comcaac-contagios_opt.jpg","contentUrl":"https:\/\/www.sonoraenequipo.com.mx\/storage\/2021\/07\/comcaac-contagios_opt.jpg","width":700,"height":400},{"@type":"BreadcrumbList","@id":"https:\/\/www.sonoraenequipo.com.mx\/impacta-tercera-ola-de-covid-19-en-comunidad-comcaac-resultan-12-positivos-al-virus\/#breadcrumb","itemListElement":[{"@type":"ListItem","position":1,"name":"Portada","item":"https:\/\/www.sonoraenequipo.com.mx\/"},{"@type":"ListItem","position":2,"name":"Impacta tercera ola de COVID-19 en comunidad Comcaac; resultan 12 positivos al virus"}]},{"@type":"WebSite","@id":"https:\/\/www.sonoraenequipo.com.mx\/#website","url":"https:\/\/www.sonoraenequipo.com.mx\/","name":"Sonora en Equipo.","description":"Diario en l\u00ednea con Noticias desde Hermosillo, Sonora","publisher":{"@id":"https:\/\/www.sonoraenequipo.com.mx\/#organization"},"potentialAction":[{"@type":"SearchAction","target":{"@type":"EntryPoint","urlTemplate":"https:\/\/www.sonoraenequipo.com.mx\/?s={search_term_string}"},"query-input":{"@type":"PropertyValueSpecification","valueRequired":true,"valueName":"search_term_string"}}],"inLanguage":"es"},{"@type":"Organization","@id":"https:\/\/www.sonoraenequipo.com.mx\/#organization","name":"Sonoraenequipo.com.mx","url":"https:\/\/www.sonoraenequipo.com.mx\/","logo":{"@type":"ImageObject","inLanguage":"es","@id":"https:\/\/www.sonoraenequipo.com.mx\/#\/schema\/logo\/image\/","url":"https:\/\/www.sonoraenequipo.com.mx\/storage\/2019\/01\/sonoraenequipo_opt.png","contentUrl":"https:\/\/www.sonoraenequipo.com.mx\/storage\/2019\/01\/sonoraenequipo_opt.png","width":375,"height":125,"caption":"Sonoraenequipo.com.mx"},"image":{"@id":"https:\/\/www.sonoraenequipo.com.mx\/#\/schema\/logo\/image\/"},"sameAs":["https:\/\/www.facebook.com\/SonoraEE\/","https:\/\/x.com\/sonoraenequipo","https:\/\/www.youtube.com\/channel\/UC338nW-lPEYmJQs4ZABQ1SQ"]},{"@type":"Person","@id":"https:\/\/www.sonoraenequipo.com.mx\/#\/schema\/person\/50102df0fb23a8fa9e8effad8fa81386","name":"enequipo","image":{"@type":"ImageObject","inLanguage":"es","@id":"https:\/\/www.sonoraenequipo.com.mx\/#\/schema\/person\/image\/","url":"https:\/\/secure.gravatar.com\/avatar\/049821681b589dabc0bc20695993ccebb09f5b5d4d790cd9251b97faac7c652b?s=96&d=blank&r=g","contentUrl":"https:\/\/secure.gravatar.com\/avatar\/049821681b589dabc0bc20695993ccebb09f5b5d4d790cd9251b97faac7c652b?s=96&d=blank&r=g","caption":"enequipo"},"sameAs":["https:\/\/www.facebook.com\/SonoraEE"]}]}},"jetpack_featured_media_url":"https:\/\/www.sonoraenequipo.com.mx\/storage\/2021\/07\/comcaac-contagios_opt.jpg","_links":{"self":[{"href":"https:\/\/www.sonoraenequipo.com.mx\/api\/wp\/v2\/posts\/119206","targetHints":{"allow":["GET"]}}],"collection":[{"href":"https:\/\/www.sonoraenequipo.com.mx\/api\/wp\/v2\/posts"}],"about":[{"href":"https:\/\/www.sonoraenequipo.com.mx\/api\/wp\/v2\/types\/post"}],"author":[{"embeddable":true,"href":"https:\/\/www.sonoraenequipo.com.mx\/api\/wp\/v2\/users\/1"}],"replies":[{"embeddable":true,"href":"https:\/\/www.sonoraenequipo.com.mx\/api\/wp\/v2\/comments?post=119206"}],"version-history":[{"count":1,"href":"https:\/\/www.sonoraenequipo.com.mx\/api\/wp\/v2\/posts\/119206\/revisions"}],"predecessor-version":[{"id":119212,"href":"https:\/\/www.sonoraenequipo.com.mx\/api\/wp\/v2\/posts\/119206\/revisions\/119212"}],"wp:featuredmedia":[{"embeddable":true,"href":"https:\/\/www.sonoraenequipo.com.mx\/api\/wp\/v2\/media\/119208"}],"wp:attachment":[{"href":"https:\/\/www.sonoraenequipo.com.mx\/api\/wp\/v2\/media?parent=119206"}],"wp:term":[{"taxonomy":"category","embeddable":true,"href":"https:\/\/www.sonoraenequipo.com.mx\/api\/wp\/v2\/categories?post=119206"},{"taxonomy":"post_tag","embeddable":true,"href":"https:\/\/www.sonoraenequipo.com.mx\/api\/wp\/v2\/tags?post=119206"}],"curies":[{"name":"wp","href":"https:\/\/api.w.org\/{rel}","templated":true}]}}