{"id":119207,"date":"2021-07-27T12:02:55","date_gmt":"2021-07-27T19:02:55","guid":{"rendered":"https:\/\/www.sonoraenequipo.com.mx\/?p=119207"},"modified":"2021-07-27T18:58:04","modified_gmt":"2021-07-28T01:58:04","slug":"aumentan-casos-de-variantes-de-covid-que-se-previenen-con-las-mismas-medidas-sanitariasclausen","status":"publish","type":"post","link":"https:\/\/www.sonoraenequipo.com.mx\/aumentan-casos-de-variantes-de-covid-que-se-previenen-con-las-mismas-medidas-sanitariasclausen\/","title":{"rendered":"Aumentan\u00a0 casos de variantes de COVID, que se previenen con las mismas medidas sanitarias: Clausen"},"content":{"rendered":"<p>\u25baEste d\u00eda se confirmaron seis decesos m\u00e1s y 196 nuevos casos positivos en Sonora<\/p>\n<p>&nbsp;<\/p>\n<p>HERMOSILLO, SONORA,MX.\u2500 En Sonora se tienen registrados 26 casos de variantes de COVID-19, los cuales podr\u00edan infectar a cualquier persona que est\u00e9 expuesta, por lo que las recomendaciones para combatir estas variantes, siguen siendo respetar las medidas sanitarias, indic\u00f3 Enrique Clausen Iberri, tras informarse que este d\u00eda se confirmaron seis decesos por esta enfermedad y se contabilizaron 196 nuevos casos en el estado.<\/p>\n<p>&nbsp;<\/p>\n<p>&nbsp;<\/p>\n<p><em>\u201cTenemos en Sonora 26 casos de variantes de COVID-19 y ahora te pregunto, cu\u00e1ntos casos m\u00e1s con estas variantes andan en la calle y no saben. Es muy probable que te los est\u00e9s topando y te puedan contagiar y tu contagies a tu familia. Las medidas para protegerte de las variantes son las mismas que te hemos venido recordando por casi 500 veces: usa tu cubrebocas, evita lugares aglomerados, respeta la sana distancia y lava tus manos. No te expongas a las nuevas variantes Alpha, gamma, delta y \u00e9psilon. Prot\u00e9gete y protege a tu familia\u201d,<\/em> dijo.<\/p>\n<p>&nbsp;<\/p>\n<p>&nbsp;<\/p>\n<p>Se confirmaron seis fallecimientos en tres hombres y tres mujeres, dos de las personas eran residentes de Hermosillo; una de Puerto Pe\u00f1asco; una de Pitiquito; una de Cajeme; y una de B\u00e1cum; las seis personas eran derechohabientes del IMSS, acumul\u00e1ndose un total de 6 mil 670 defunciones.<\/p>\n<p>&nbsp;<\/p>\n<p>&nbsp;<\/p>\n<p>Asimismo, se registraron 196 nuevos casos por COVID, en 101 hombres y 95 mujeres, para un total de 85 mil 714 casos en la entidad. De los contagios nuevos, 89 son residentes de Cajeme; 44 de Hermosillo; nueve de Navojoa; siete de Benito Ju\u00e1rez; siete de Empalme; seis de Caborca; seis de Ban\u00e1michi; cinco de Ures; cinco de Guaymas; cinco de B\u00e1cum; cuatro de San Luis R\u00edo Colorado; tres de Nogales; dos de Huatabampo; dos de Arizpe; uno de Cananea; y uno de Etchojoa.<\/p>\n<p>&nbsp;<\/p>\n<p>&nbsp;<\/p>\n<p>Hoy se confirmaron 14 casos pedi\u00e1tricos, en 10 ni\u00f1os y cuatro ni\u00f1as, acumul\u00e1ndose mil 929; se confirm\u00f3 un caso en una mujer embarazada, acumul\u00e1ndose 601 casos; cuatro de los 196 casos fueron en trabajadores de la salud de distintas instituciones. 22 pacientes se dieron de alta y hasta el momento 74 mil 645 personas se han recuperado en la entidad.<\/p>\n<p>&nbsp;<\/p>\n<p>&nbsp;<\/p>\n<p>Al momento, se han realizado 157 mil 757 pruebas; se han confirmado 85 mil 714 casos y se han descartado 72 mil 043; en cuadro leve, 15 mil 432 casos, cuatro mil 133 activos y 11 mil 299 concluyeron su seguimiento; 63 mil 346 pacientes se han curado y 266 pacientes se encuentran hospitalizados, 38 de ellos estables, 163 graves y 65 cr\u00edticos.<\/p>\n<p>&nbsp;<\/p>\n<p>Casos COVID-19 en Sonora 85,714 casos confirmados y 6,670 defunciones.<\/p>\n<p>&nbsp;<\/p>\n<p>Fecha de Publicaci\u00f3n\u00a0 martes \/ 27\u00a0\u00a0 \/ julio \/ 2021<\/p>\n","protected":false},"excerpt":{"rendered":"<p>\u25baEste d\u00eda se confirmaron seis decesos m\u00e1s y 196 nuevos casos positivos en Sonora &nbsp;&#8230;<\/p>\n","protected":false},"author":1,"featured_media":85687,"comment_status":"open","ping_status":"open","sticky":false,"template":"","format":"standard","meta":{"_monsterinsights_skip_tracking":false,"_monsterinsights_sitenote_active":false,"_monsterinsights_sitenote_note":"","_monsterinsights_sitenote_category":0,"footnotes":""},"categories":[22],"tags":[4249,15],"class_list":["post"],"yoast_head":" \n<title>Sonora en Equipo. Aumentan\u00a0 casos de variantes de COVID, que se previenen con las mismas medidas sanitarias: Clausen Sonora<\/title>\n<meta name=\"description\" content=\"\u25baEste d\u00eda se confirmaron seis decesos m\u00e1s y 196 nuevos casos positivos en Sonora &nbsp; HERMOSILLO, SONORA,MX.\u2500 En Sonora se tienen registrados 26 casos En Sonora en Equipo publicamos toda la informaci\u00f3n de Sonora, M\u00e9xico y el Mundo de manera oportuna y busca que la libertad de expresi\u00f3n sea real. Visita nuestro medio informativo publicado desde Hermosillo, Sonora. %\" \/>\n<meta name=\"robots\" content=\"index, follow, max-snippet:-1, max-image-preview:large, max-video-preview:-1\" \/>\n<link rel=\"canonical\" href=\"https:\/\/www.sonoraenequipo.com.mx\/aumentan-casos-de-variantes-de-covid-que-se-previenen-con-las-mismas-medidas-sanitariasclausen\/\" \/>\n<meta property=\"og:locale\" content=\"es_ES\" \/>\n<meta property=\"og:type\" content=\"article\" \/>\n<meta property=\"og:title\" content=\"Sonora en Equipo. Aumentan\u00a0 casos de variantes de COVID, que se previenen con las mismas medidas sanitarias: Clausen Sonora\" \/>\n<meta property=\"og:description\" content=\"\u25baEste d\u00eda se confirmaron seis decesos m\u00e1s y 196 nuevos casos positivos en Sonora &nbsp; HERMOSILLO, SONORA,MX.\u2500 En Sonora se tienen registrados 26 casos En Sonora en Equipo publicamos toda la informaci\u00f3n de Sonora, M\u00e9xico y el Mundo de manera oportuna y busca que la libertad de expresi\u00f3n sea real. Visita nuestro medio informativo publicado desde Hermosillo, Sonora. %\" \/>\n<meta property=\"og:url\" content=\"https:\/\/www.sonoraenequipo.com.mx\/aumentan-casos-de-variantes-de-covid-que-se-previenen-con-las-mismas-medidas-sanitariasclausen\/\" \/>\n<meta property=\"og:site_name\" content=\"Sonora en Equipo.\" \/>\n<meta property=\"article:publisher\" content=\"https:\/\/www.facebook.com\/SonoraEE\/\" \/>\n<meta property=\"article:author\" content=\"https:\/\/www.facebook.com\/SonoraEE\" \/>\n<meta property=\"article:published_time\" content=\"2021-07-27T19:02:55+00:00\" \/>\n<meta property=\"article:modified_time\" content=\"2021-07-28T01:58:04+00:00\" \/>\n<meta property=\"og:image\" content=\"https:\/\/www.sonoraenequipo.com.mx\/storage\/2020\/05\/temperatura21_opt.jpg\" \/>\n\t<meta property=\"og:image:width\" content=\"759\" \/>\n\t<meta property=\"og:image:height\" content=\"400\" \/>\n\t<meta property=\"og:image:type\" content=\"image\/jpeg\" \/>\n<meta name=\"author\" content=\"enequipo\" \/>\n<meta name=\"twitter:card\" content=\"summary_large_image\" \/>\n<meta name=\"twitter:creator\" content=\"@sonoraenequipo\" \/>\n<meta name=\"twitter:site\" content=\"@sonoraenequipo\" \/>\n<meta name=\"twitter:label1\" content=\"Escrito por\" \/>\n\t<meta name=\"twitter:data1\" content=\"enequipo\" \/>\n\t<meta name=\"twitter:label2\" content=\"Tiempo de lectura\" \/>\n\t<meta name=\"twitter:data2\" content=\"2 minutos\" \/>\n<script type=\"application\/ld+json\" class=\"yoast-schema-graph\">{\"@context\":\"https:\/\/schema.org\",\"@graph\":[{\"@type\":\"Article\",\"@id\":\"https:\/\/www.sonoraenequipo.com.mx\/aumentan-casos-de-variantes-de-covid-que-se-previenen-con-las-mismas-medidas-sanitariasclausen\/#article\",\"isPartOf\":{\"@id\":\"https:\/\/www.sonoraenequipo.com.mx\/aumentan-casos-de-variantes-de-covid-que-se-previenen-con-las-mismas-medidas-sanitariasclausen\/\"},\"author\":{\"name\":\"enequipo\",\"@id\":\"https:\/\/www.sonoraenequipo.com.mx\/#\/schema\/person\/50102df0fb23a8fa9e8effad8fa81386\"},\"headline\":\"Aumentan\u00a0 casos de variantes de COVID, que se previenen con las mismas medidas sanitarias: Clausen\",\"datePublished\":\"2021-07-27T19:02:55+00:00\",\"dateModified\":\"2021-07-28T01:58:04+00:00\",\"mainEntityOfPage\":{\"@id\":\"https:\/\/www.sonoraenequipo.com.mx\/aumentan-casos-de-variantes-de-covid-que-se-previenen-con-las-mismas-medidas-sanitariasclausen\/\"},\"wordCount\":452,\"commentCount\":0,\"publisher\":{\"@id\":\"https:\/\/www.sonoraenequipo.com.mx\/#organization\"},\"image\":{\"@id\":\"https:\/\/www.sonoraenequipo.com.mx\/aumentan-casos-de-variantes-de-covid-que-se-previenen-con-las-mismas-medidas-sanitariasclausen\/#primaryimage\"},\"thumbnailUrl\":\"https:\/\/www.sonoraenequipo.com.mx\/storage\/2020\/05\/temperatura21_opt.jpg\",\"keywords\":[\"covid\",\"Sonora\"],\"articleSection\":[\"Sonora\"],\"inLanguage\":\"es\",\"potentialAction\":[{\"@type\":\"CommentAction\",\"name\":\"Comment\",\"target\":[\"https:\/\/www.sonoraenequipo.com.mx\/aumentan-casos-de-variantes-de-covid-que-se-previenen-con-las-mismas-medidas-sanitariasclausen\/#respond\"]}]},{\"@type\":\"WebPage\",\"@id\":\"https:\/\/www.sonoraenequipo.com.mx\/aumentan-casos-de-variantes-de-covid-que-se-previenen-con-las-mismas-medidas-sanitariasclausen\/\",\"url\":\"https:\/\/www.sonoraenequipo.com.mx\/aumentan-casos-de-variantes-de-covid-que-se-previenen-con-las-mismas-medidas-sanitariasclausen\/\",\"name\":\"Sonora en Equipo. Aumentan\u00a0 casos de variantes de COVID, que se previenen con las mismas medidas sanitarias: Clausen Sonora\",\"isPartOf\":{\"@id\":\"https:\/\/www.sonoraenequipo.com.mx\/#website\"},\"primaryImageOfPage\":{\"@id\":\"https:\/\/www.sonoraenequipo.com.mx\/aumentan-casos-de-variantes-de-covid-que-se-previenen-con-las-mismas-medidas-sanitariasclausen\/#primaryimage\"},\"image\":{\"@id\":\"https:\/\/www.sonoraenequipo.com.mx\/aumentan-casos-de-variantes-de-covid-que-se-previenen-con-las-mismas-medidas-sanitariasclausen\/#primaryimage\"},\"thumbnailUrl\":\"https:\/\/www.sonoraenequipo.com.mx\/storage\/2020\/05\/temperatura21_opt.jpg\",\"datePublished\":\"2021-07-27T19:02:55+00:00\",\"dateModified\":\"2021-07-28T01:58:04+00:00\",\"description\":\"\u25baEste d\u00eda se confirmaron seis decesos m\u00e1s y 196 nuevos casos positivos en Sonora &nbsp; HERMOSILLO, SONORA,MX.\u2500 En Sonora se tienen registrados 26 casos En Sonora en Equipo publicamos toda la informaci\u00f3n de Sonora, M\u00e9xico y el Mundo de manera oportuna y busca que la libertad de expresi\u00f3n sea real. Visita nuestro medio informativo publicado desde Hermosillo, Sonora. %\",\"breadcrumb\":{\"@id\":\"https:\/\/www.sonoraenequipo.com.mx\/aumentan-casos-de-variantes-de-covid-que-se-previenen-con-las-mismas-medidas-sanitariasclausen\/#breadcrumb\"},\"inLanguage\":\"es\",\"potentialAction\":[{\"@type\":\"ReadAction\",\"target\":[\"https:\/\/www.sonoraenequipo.com.mx\/aumentan-casos-de-variantes-de-covid-que-se-previenen-con-las-mismas-medidas-sanitariasclausen\/\"]}]},{\"@type\":\"ImageObject\",\"inLanguage\":\"es\",\"@id\":\"https:\/\/www.sonoraenequipo.com.mx\/aumentan-casos-de-variantes-de-covid-que-se-previenen-con-las-mismas-medidas-sanitariasclausen\/#primaryimage\",\"url\":\"https:\/\/www.sonoraenequipo.com.mx\/storage\/2020\/05\/temperatura21_opt.jpg\",\"contentUrl\":\"https:\/\/www.sonoraenequipo.com.mx\/storage\/2020\/05\/temperatura21_opt.jpg\",\"width\":759,\"height\":400,\"caption\":\"ZAPOPAN, JALISCO, 18MAYO2020.- Esta ma\u00f1ana un grupo de jugadores del primer equipo del Club Guadalajara, fueron sometidos a ex\u00e1menes m\u00e9dicos para la detecci\u00f3n del coronavirus (Covid-19), esto en las instalaciones del Club Chivas Verde Valle. FOTO: CORTESIA CLUB GUADALAJARA \/ CUARTOSCURO.COM. imagen para ilustrar\"},{\"@type\":\"BreadcrumbList\",\"@id\":\"https:\/\/www.sonoraenequipo.com.mx\/aumentan-casos-de-variantes-de-covid-que-se-previenen-con-las-mismas-medidas-sanitariasclausen\/#breadcrumb\",\"itemListElement\":[{\"@type\":\"ListItem\",\"position\":1,\"name\":\"Portada\",\"item\":\"https:\/\/www.sonoraenequipo.com.mx\/\"},{\"@type\":\"ListItem\",\"position\":2,\"name\":\"Aumentan\u00a0 casos de variantes de COVID, que se previenen con las mismas medidas sanitarias: Clausen\"}]},{\"@type\":\"WebSite\",\"@id\":\"https:\/\/www.sonoraenequipo.com.mx\/#website\",\"url\":\"https:\/\/www.sonoraenequipo.com.mx\/\",\"name\":\"Sonora en Equipo.\",\"description\":\"Diario en l\u00ednea con Noticias desde Hermosillo, Sonora\",\"publisher\":{\"@id\":\"https:\/\/www.sonoraenequipo.com.mx\/#organization\"},\"potentialAction\":[{\"@type\":\"SearchAction\",\"target\":{\"@type\":\"EntryPoint\",\"urlTemplate\":\"https:\/\/www.sonoraenequipo.com.mx\/?s={search_term_string}\"},\"query-input\":{\"@type\":\"PropertyValueSpecification\",\"valueRequired\":true,\"valueName\":\"search_term_string\"}}],\"inLanguage\":\"es\"},{\"@type\":\"Organization\",\"@id\":\"https:\/\/www.sonoraenequipo.com.mx\/#organization\",\"name\":\"Sonoraenequipo.com.mx\",\"url\":\"https:\/\/www.sonoraenequipo.com.mx\/\",\"logo\":{\"@type\":\"ImageObject\",\"inLanguage\":\"es\",\"@id\":\"https:\/\/www.sonoraenequipo.com.mx\/#\/schema\/logo\/image\/\",\"url\":\"https:\/\/www.sonoraenequipo.com.mx\/storage\/2019\/01\/sonoraenequipo_opt.png\",\"contentUrl\":\"https:\/\/www.sonoraenequipo.com.mx\/storage\/2019\/01\/sonoraenequipo_opt.png\",\"width\":375,\"height\":125,\"caption\":\"Sonoraenequipo.com.mx\"},\"image\":{\"@id\":\"https:\/\/www.sonoraenequipo.com.mx\/#\/schema\/logo\/image\/\"},\"sameAs\":[\"https:\/\/www.facebook.com\/SonoraEE\/\",\"https:\/\/x.com\/sonoraenequipo\",\"https:\/\/www.youtube.com\/channel\/UC338nW-lPEYmJQs4ZABQ1SQ\"]},{\"@type\":\"Person\",\"@id\":\"https:\/\/www.sonoraenequipo.com.mx\/#\/schema\/person\/50102df0fb23a8fa9e8effad8fa81386\",\"name\":\"enequipo\",\"image\":{\"@type\":\"ImageObject\",\"inLanguage\":\"es\",\"@id\":\"https:\/\/www.sonoraenequipo.com.mx\/#\/schema\/person\/image\/\",\"url\":\"https:\/\/secure.gravatar.com\/avatar\/049821681b589dabc0bc20695993ccebb09f5b5d4d790cd9251b97faac7c652b?s=96&d=blank&r=g\",\"contentUrl\":\"https:\/\/secure.gravatar.com\/avatar\/049821681b589dabc0bc20695993ccebb09f5b5d4d790cd9251b97faac7c652b?s=96&d=blank&r=g\",\"caption\":\"enequipo\"},\"sameAs\":[\"https:\/\/www.facebook.com\/SonoraEE\"]}]}<\/script>\n ","yoast_head_json":{"title":"Sonora en Equipo. Aumentan\u00a0 casos de variantes de COVID, que se previenen con las mismas medidas sanitarias: Clausen Sonora","description":"\u25baEste d\u00eda se confirmaron seis decesos m\u00e1s y 196 nuevos casos positivos en Sonora &nbsp; HERMOSILLO, SONORA,MX.\u2500 En Sonora se tienen registrados 26 casos En Sonora en Equipo publicamos toda la informaci\u00f3n de Sonora, M\u00e9xico y el Mundo de manera oportuna y busca que la libertad de expresi\u00f3n sea real. Visita nuestro medio informativo publicado desde Hermosillo, Sonora. %","robots":{"index":"index","follow":"follow","max-snippet":"max-snippet:-1","max-image-preview":"max-image-preview:large","max-video-preview":"max-video-preview:-1"},"canonical":"https:\/\/www.sonoraenequipo.com.mx\/aumentan-casos-de-variantes-de-covid-que-se-previenen-con-las-mismas-medidas-sanitariasclausen\/","og_locale":"es_ES","og_type":"article","og_title":"Sonora en Equipo. Aumentan\u00a0 casos de variantes de COVID, que se previenen con las mismas medidas sanitarias: Clausen Sonora","og_description":"\u25baEste d\u00eda se confirmaron seis decesos m\u00e1s y 196 nuevos casos positivos en Sonora &nbsp; HERMOSILLO, SONORA,MX.\u2500 En Sonora se tienen registrados 26 casos En Sonora en Equipo publicamos toda la informaci\u00f3n de Sonora, M\u00e9xico y el Mundo de manera oportuna y busca que la libertad de expresi\u00f3n sea real. Visita nuestro medio informativo publicado desde Hermosillo, Sonora. %","og_url":"https:\/\/www.sonoraenequipo.com.mx\/aumentan-casos-de-variantes-de-covid-que-se-previenen-con-las-mismas-medidas-sanitariasclausen\/","og_site_name":"Sonora en Equipo.","article_publisher":"https:\/\/www.facebook.com\/SonoraEE\/","article_author":"https:\/\/www.facebook.com\/SonoraEE","article_published_time":"2021-07-27T19:02:55+00:00","article_modified_time":"2021-07-28T01:58:04+00:00","og_image":[{"width":759,"height":400,"url":"https:\/\/www.sonoraenequipo.com.mx\/storage\/2020\/05\/temperatura21_opt.jpg","type":"image\/jpeg"}],"author":"enequipo","twitter_card":"summary_large_image","twitter_creator":"@sonoraenequipo","twitter_site":"@sonoraenequipo","twitter_misc":{"Escrito por":"enequipo","Tiempo de lectura":"2 minutos"},"schema":{"@context":"https:\/\/schema.org","@graph":[{"@type":"Article","@id":"https:\/\/www.sonoraenequipo.com.mx\/aumentan-casos-de-variantes-de-covid-que-se-previenen-con-las-mismas-medidas-sanitariasclausen\/#article","isPartOf":{"@id":"https:\/\/www.sonoraenequipo.com.mx\/aumentan-casos-de-variantes-de-covid-que-se-previenen-con-las-mismas-medidas-sanitariasclausen\/"},"author":{"name":"enequipo","@id":"https:\/\/www.sonoraenequipo.com.mx\/#\/schema\/person\/50102df0fb23a8fa9e8effad8fa81386"},"headline":"Aumentan\u00a0 casos de variantes de COVID, que se previenen con las mismas medidas sanitarias: Clausen","datePublished":"2021-07-27T19:02:55+00:00","dateModified":"2021-07-28T01:58:04+00:00","mainEntityOfPage":{"@id":"https:\/\/www.sonoraenequipo.com.mx\/aumentan-casos-de-variantes-de-covid-que-se-previenen-con-las-mismas-medidas-sanitariasclausen\/"},"wordCount":452,"commentCount":0,"publisher":{"@id":"https:\/\/www.sonoraenequipo.com.mx\/#organization"},"image":{"@id":"https:\/\/www.sonoraenequipo.com.mx\/aumentan-casos-de-variantes-de-covid-que-se-previenen-con-las-mismas-medidas-sanitariasclausen\/#primaryimage"},"thumbnailUrl":"https:\/\/www.sonoraenequipo.com.mx\/storage\/2020\/05\/temperatura21_opt.jpg","keywords":["covid","Sonora"],"articleSection":["Sonora"],"inLanguage":"es","potentialAction":[{"@type":"CommentAction","name":"Comment","target":["https:\/\/www.sonoraenequipo.com.mx\/aumentan-casos-de-variantes-de-covid-que-se-previenen-con-las-mismas-medidas-sanitariasclausen\/#respond"]}]},{"@type":"WebPage","@id":"https:\/\/www.sonoraenequipo.com.mx\/aumentan-casos-de-variantes-de-covid-que-se-previenen-con-las-mismas-medidas-sanitariasclausen\/","url":"https:\/\/www.sonoraenequipo.com.mx\/aumentan-casos-de-variantes-de-covid-que-se-previenen-con-las-mismas-medidas-sanitariasclausen\/","name":"Sonora en Equipo. Aumentan\u00a0 casos de variantes de COVID, que se previenen con las mismas medidas sanitarias: Clausen Sonora","isPartOf":{"@id":"https:\/\/www.sonoraenequipo.com.mx\/#website"},"primaryImageOfPage":{"@id":"https:\/\/www.sonoraenequipo.com.mx\/aumentan-casos-de-variantes-de-covid-que-se-previenen-con-las-mismas-medidas-sanitariasclausen\/#primaryimage"},"image":{"@id":"https:\/\/www.sonoraenequipo.com.mx\/aumentan-casos-de-variantes-de-covid-que-se-previenen-con-las-mismas-medidas-sanitariasclausen\/#primaryimage"},"thumbnailUrl":"https:\/\/www.sonoraenequipo.com.mx\/storage\/2020\/05\/temperatura21_opt.jpg","datePublished":"2021-07-27T19:02:55+00:00","dateModified":"2021-07-28T01:58:04+00:00","description":"\u25baEste d\u00eda se confirmaron seis decesos m\u00e1s y 196 nuevos casos positivos en Sonora &nbsp; HERMOSILLO, SONORA,MX.\u2500 En Sonora se tienen registrados 26 casos En Sonora en Equipo publicamos toda la informaci\u00f3n de Sonora, M\u00e9xico y el Mundo de manera oportuna y busca que la libertad de expresi\u00f3n sea real. Visita nuestro medio informativo publicado desde Hermosillo, Sonora. %","breadcrumb":{"@id":"https:\/\/www.sonoraenequipo.com.mx\/aumentan-casos-de-variantes-de-covid-que-se-previenen-con-las-mismas-medidas-sanitariasclausen\/#breadcrumb"},"inLanguage":"es","potentialAction":[{"@type":"ReadAction","target":["https:\/\/www.sonoraenequipo.com.mx\/aumentan-casos-de-variantes-de-covid-que-se-previenen-con-las-mismas-medidas-sanitariasclausen\/"]}]},{"@type":"ImageObject","inLanguage":"es","@id":"https:\/\/www.sonoraenequipo.com.mx\/aumentan-casos-de-variantes-de-covid-que-se-previenen-con-las-mismas-medidas-sanitariasclausen\/#primaryimage","url":"https:\/\/www.sonoraenequipo.com.mx\/storage\/2020\/05\/temperatura21_opt.jpg","contentUrl":"https:\/\/www.sonoraenequipo.com.mx\/storage\/2020\/05\/temperatura21_opt.jpg","width":759,"height":400,"caption":"ZAPOPAN, JALISCO, 18MAYO2020.- Esta ma\u00f1ana un grupo de jugadores del primer equipo del Club Guadalajara, fueron sometidos a ex\u00e1menes m\u00e9dicos para la detecci\u00f3n del coronavirus (Covid-19), esto en las instalaciones del Club Chivas Verde Valle. FOTO: CORTESIA CLUB GUADALAJARA \/ CUARTOSCURO.COM. imagen para ilustrar"},{"@type":"BreadcrumbList","@id":"https:\/\/www.sonoraenequipo.com.mx\/aumentan-casos-de-variantes-de-covid-que-se-previenen-con-las-mismas-medidas-sanitariasclausen\/#breadcrumb","itemListElement":[{"@type":"ListItem","position":1,"name":"Portada","item":"https:\/\/www.sonoraenequipo.com.mx\/"},{"@type":"ListItem","position":2,"name":"Aumentan\u00a0 casos de variantes de COVID, que se previenen con las mismas medidas sanitarias: Clausen"}]},{"@type":"WebSite","@id":"https:\/\/www.sonoraenequipo.com.mx\/#website","url":"https:\/\/www.sonoraenequipo.com.mx\/","name":"Sonora en Equipo.","description":"Diario en l\u00ednea con Noticias desde Hermosillo, Sonora","publisher":{"@id":"https:\/\/www.sonoraenequipo.com.mx\/#organization"},"potentialAction":[{"@type":"SearchAction","target":{"@type":"EntryPoint","urlTemplate":"https:\/\/www.sonoraenequipo.com.mx\/?s={search_term_string}"},"query-input":{"@type":"PropertyValueSpecification","valueRequired":true,"valueName":"search_term_string"}}],"inLanguage":"es"},{"@type":"Organization","@id":"https:\/\/www.sonoraenequipo.com.mx\/#organization","name":"Sonoraenequipo.com.mx","url":"https:\/\/www.sonoraenequipo.com.mx\/","logo":{"@type":"ImageObject","inLanguage":"es","@id":"https:\/\/www.sonoraenequipo.com.mx\/#\/schema\/logo\/image\/","url":"https:\/\/www.sonoraenequipo.com.mx\/storage\/2019\/01\/sonoraenequipo_opt.png","contentUrl":"https:\/\/www.sonoraenequipo.com.mx\/storage\/2019\/01\/sonoraenequipo_opt.png","width":375,"height":125,"caption":"Sonoraenequipo.com.mx"},"image":{"@id":"https:\/\/www.sonoraenequipo.com.mx\/#\/schema\/logo\/image\/"},"sameAs":["https:\/\/www.facebook.com\/SonoraEE\/","https:\/\/x.com\/sonoraenequipo","https:\/\/www.youtube.com\/channel\/UC338nW-lPEYmJQs4ZABQ1SQ"]},{"@type":"Person","@id":"https:\/\/www.sonoraenequipo.com.mx\/#\/schema\/person\/50102df0fb23a8fa9e8effad8fa81386","name":"enequipo","image":{"@type":"ImageObject","inLanguage":"es","@id":"https:\/\/www.sonoraenequipo.com.mx\/#\/schema\/person\/image\/","url":"https:\/\/secure.gravatar.com\/avatar\/049821681b589dabc0bc20695993ccebb09f5b5d4d790cd9251b97faac7c652b?s=96&d=blank&r=g","contentUrl":"https:\/\/secure.gravatar.com\/avatar\/049821681b589dabc0bc20695993ccebb09f5b5d4d790cd9251b97faac7c652b?s=96&d=blank&r=g","caption":"enequipo"},"sameAs":["https:\/\/www.facebook.com\/SonoraEE"]}]}},"jetpack_featured_media_url":"https:\/\/www.sonoraenequipo.com.mx\/storage\/2020\/05\/temperatura21_opt.jpg","_links":{"self":[{"href":"https:\/\/www.sonoraenequipo.com.mx\/api\/wp\/v2\/posts\/119207","targetHints":{"allow":["GET"]}}],"collection":[{"href":"https:\/\/www.sonoraenequipo.com.mx\/api\/wp\/v2\/posts"}],"about":[{"href":"https:\/\/www.sonoraenequipo.com.mx\/api\/wp\/v2\/types\/post"}],"author":[{"embeddable":true,"href":"https:\/\/www.sonoraenequipo.com.mx\/api\/wp\/v2\/users\/1"}],"replies":[{"embeddable":true,"href":"https:\/\/www.sonoraenequipo.com.mx\/api\/wp\/v2\/comments?post=119207"}],"version-history":[{"count":3,"href":"https:\/\/www.sonoraenequipo.com.mx\/api\/wp\/v2\/posts\/119207\/revisions"}],"predecessor-version":[{"id":119250,"href":"https:\/\/www.sonoraenequipo.com.mx\/api\/wp\/v2\/posts\/119207\/revisions\/119250"}],"wp:featuredmedia":[{"embeddable":true,"href":"https:\/\/www.sonoraenequipo.com.mx\/api\/wp\/v2\/media\/85687"}],"wp:attachment":[{"href":"https:\/\/www.sonoraenequipo.com.mx\/api\/wp\/v2\/media?parent=119207"}],"wp:term":[{"taxonomy":"category","embeddable":true,"href":"https:\/\/www.sonoraenequipo.com.mx\/api\/wp\/v2\/categories?post=119207"},{"taxonomy":"post_tag","embeddable":true,"href":"https:\/\/www.sonoraenequipo.com.mx\/api\/wp\/v2\/tags?post=119207"}],"curies":[{"name":"wp","href":"https:\/\/api.w.org\/{rel}","templated":true}]}}