{"id":119229,"date":"2021-07-27T18:10:28","date_gmt":"2021-07-28T01:10:28","guid":{"rendered":"https:\/\/www.sonoraenequipo.com.mx\/?p=119229"},"modified":"2021-07-27T18:10:28","modified_gmt":"2021-07-28T01:10:28","slug":"verifica-secretario-de-salud-estado-de-pacientes-covid-19-en-punta-chueca","status":"publish","type":"post","link":"https:\/\/www.sonoraenequipo.com.mx\/verifica-secretario-de-salud-estado-de-pacientes-covid-19-en-punta-chueca\/","title":{"rendered":"Verifica Secretario de Salud estado de pacientes COVID-19 en Punta Chueca"},"content":{"rendered":"<p>Verifica Secretario de Salud estado de pacientes COVID en Punta Chueca<\/p>\n<p>\u25baA pesar de que su condici\u00f3n requiere que sean trasladados a Hermosillo para su atenci\u00f3n hospitalaria, se negaron de nuevo a este procedimiento<\/p>\n<p>\u25ba3 personas m\u00e1s resultaron positivas a COVID<\/p>\n<p>HERMOSILLO, SONORA,MX.\u2500\u2500 \u00a0Junto al equipo m\u00e9dico de la Secretar\u00eda de Salud en Sonora, el secretario Enrique Clausen Iberri visit\u00f3 a la comunidad Comcaac en Punta Chueca, para verificar el estado de salud de los pacientes que cursan con s\u00edntomas graves de COVID-19 y requieren hospitalizaci\u00f3n, sin embargo, se negaron de nuevo al traslado.<\/p>\n<p>&nbsp;<\/p>\n<p>&nbsp;<\/p>\n<p>&nbsp;<\/p>\n<p>El secretario de Salud en Sonora puntualiz\u00f3 que en esta nueva visita se trat\u00f3 una vez m\u00e1s de convencer a cuatro pacientes con COVID-19 que se encuentran internados en el Centro de Salud de la comunidad, de que aceptaran el traslado al Hospital General de Hermosillo (HGE) para darles la atenci\u00f3n especializada que requieren, pero no lo aceptaron.<\/p>\n<p>&nbsp;<\/p>\n<p>&nbsp;<\/p>\n<p>&nbsp;<\/p>\n<p>\u201cAcudimos, junto al equipo m\u00e9dico, a Punta Chueca a tratar de convencer a 4 pacientes con COVID-19 que requieren hospitalizaci\u00f3n urgente; sin embargo, se negaron a ser trasladados, seguiremos haciendo todo el esfuerzo institucional para mantenerlos en condiciones estables, como hasta ahora\u201d, declar\u00f3.<\/p>\n<p>&nbsp;<\/p>\n<p>&nbsp;<\/p>\n<p>&nbsp;<\/p>\n<p>Clausen Iberri subray\u00f3 que se dot\u00f3 al Centro de Salud de tanques de ox\u00edgeno, as\u00ed como de medicamentos e insumos necesarios para la atenci\u00f3n de pacientes con COVID-19 y se\u00f1al\u00f3 que este martes la brigada de salud realiz\u00f3 18 pruebas detectoras del virus a igual n\u00famero de personas, de las cuales 3 m\u00e1s resultaron positivas, para un total de 15 casos positivos en la comunidad.<\/p>\n<p>&nbsp;<\/p>\n<p>&nbsp;<\/p>\n<p>&nbsp;<\/p>\n<p>\u201cSe dej\u00f3 ox\u00edgeno, medicamentos e insumos para tratar COVID-19 y se continuar\u00e1 con la brigada detectora de contagios, muchas gracias a nuestros compa\u00f1eros de Salud por sus esfuerzos por la comunidad Comcaac\u201d, declar\u00f3.<\/p>\n<p>&nbsp;<\/p>\n<p>El funcionario estatal hizo el llamado a todas aquellas personas que tienen injerencia en esta comunidad a que ayuden a convencer a los pacientes que requieren cuidados hospitalarios, a que acepten su traslado pronto y urgente.<\/p>\n<p>Fecha de Publicaci\u00f3n\u00a0 martes \/ 27\u00a0\u00a0 \/ julio \/ 2021<\/p>\n<p>&nbsp;<\/p>\n","protected":false},"excerpt":{"rendered":"<p>Verifica Secretario de Salud estado de pacientes COVID en Punta Chueca \u25baA pesar de que&#8230;<\/p>\n","protected":false},"author":1,"featured_media":119231,"comment_status":"open","ping_status":"open","sticky":false,"template":"","format":"standard","meta":{"_monsterinsights_skip_tracking":false,"_monsterinsights_sitenote_active":false,"_monsterinsights_sitenote_note":"","_monsterinsights_sitenote_category":0,"footnotes":""},"categories":[22],"tags":[4249,15],"class_list":["post"],"yoast_head":" \n<title>Sonora en Equipo. Verifica Secretario de Salud estado de pacientes COVID-19 en Punta Chueca Sonora<\/title>\n<meta name=\"description\" content=\"Verifica Secretario de Salud estado de pacientes COVID en Punta Chueca \u25baA pesar de que su condici\u00f3n requiere que sean trasladados a Hermosillo para su En Sonora en Equipo publicamos toda la informaci\u00f3n de Sonora, M\u00e9xico y el Mundo de manera oportuna y busca que la libertad de expresi\u00f3n sea real. Visita nuestro medio informativo publicado desde Hermosillo, Sonora. %\" \/>\n<meta name=\"robots\" content=\"index, follow, max-snippet:-1, max-image-preview:large, max-video-preview:-1\" \/>\n<link rel=\"canonical\" href=\"https:\/\/www.sonoraenequipo.com.mx\/verifica-secretario-de-salud-estado-de-pacientes-covid-19-en-punta-chueca\/\" \/>\n<meta property=\"og:locale\" content=\"es_ES\" \/>\n<meta property=\"og:type\" content=\"article\" \/>\n<meta property=\"og:title\" content=\"Sonora en Equipo. Verifica Secretario de Salud estado de pacientes COVID-19 en Punta Chueca Sonora\" \/>\n<meta property=\"og:description\" content=\"Verifica Secretario de Salud estado de pacientes COVID en Punta Chueca \u25baA pesar de que su condici\u00f3n requiere que sean trasladados a Hermosillo para su En Sonora en Equipo publicamos toda la informaci\u00f3n de Sonora, M\u00e9xico y el Mundo de manera oportuna y busca que la libertad de expresi\u00f3n sea real. Visita nuestro medio informativo publicado desde Hermosillo, Sonora. %\" \/>\n<meta property=\"og:url\" content=\"https:\/\/www.sonoraenequipo.com.mx\/verifica-secretario-de-salud-estado-de-pacientes-covid-19-en-punta-chueca\/\" \/>\n<meta property=\"og:site_name\" content=\"Sonora en Equipo.\" \/>\n<meta property=\"article:publisher\" content=\"https:\/\/www.facebook.com\/SonoraEE\/\" \/>\n<meta property=\"article:author\" content=\"https:\/\/www.facebook.com\/SonoraEE\" \/>\n<meta property=\"article:published_time\" content=\"2021-07-28T01:10:28+00:00\" \/>\n<meta property=\"og:image\" content=\"https:\/\/www.sonoraenequipo.com.mx\/storage\/2021\/07\/sec-sal-punta-chueca.jpg\" \/>\n\t<meta property=\"og:image:width\" content=\"700\" \/>\n\t<meta property=\"og:image:height\" content=\"400\" \/>\n\t<meta property=\"og:image:type\" content=\"image\/jpeg\" \/>\n<meta name=\"author\" content=\"enequipo\" \/>\n<meta name=\"twitter:card\" content=\"summary_large_image\" \/>\n<meta name=\"twitter:creator\" content=\"@sonoraenequipo\" \/>\n<meta name=\"twitter:site\" content=\"@sonoraenequipo\" \/>\n<meta name=\"twitter:label1\" content=\"Escrito por\" \/>\n\t<meta name=\"twitter:data1\" content=\"enequipo\" \/>\n\t<meta name=\"twitter:label2\" content=\"Tiempo de lectura\" \/>\n\t<meta name=\"twitter:data2\" content=\"2 minutos\" \/>\n<script type=\"application\/ld+json\" class=\"yoast-schema-graph\">{\"@context\":\"https:\/\/schema.org\",\"@graph\":[{\"@type\":\"Article\",\"@id\":\"https:\/\/www.sonoraenequipo.com.mx\/verifica-secretario-de-salud-estado-de-pacientes-covid-19-en-punta-chueca\/#article\",\"isPartOf\":{\"@id\":\"https:\/\/www.sonoraenequipo.com.mx\/verifica-secretario-de-salud-estado-de-pacientes-covid-19-en-punta-chueca\/\"},\"author\":{\"name\":\"enequipo\",\"@id\":\"https:\/\/www.sonoraenequipo.com.mx\/#\/schema\/person\/50102df0fb23a8fa9e8effad8fa81386\"},\"headline\":\"Verifica Secretario de Salud estado de pacientes COVID-19 en Punta Chueca\",\"datePublished\":\"2021-07-28T01:10:28+00:00\",\"mainEntityOfPage\":{\"@id\":\"https:\/\/www.sonoraenequipo.com.mx\/verifica-secretario-de-salud-estado-de-pacientes-covid-19-en-punta-chueca\/\"},\"wordCount\":374,\"commentCount\":0,\"publisher\":{\"@id\":\"https:\/\/www.sonoraenequipo.com.mx\/#organization\"},\"image\":{\"@id\":\"https:\/\/www.sonoraenequipo.com.mx\/verifica-secretario-de-salud-estado-de-pacientes-covid-19-en-punta-chueca\/#primaryimage\"},\"thumbnailUrl\":\"https:\/\/www.sonoraenequipo.com.mx\/storage\/2021\/07\/sec-sal-punta-chueca.jpg\",\"keywords\":[\"covid\",\"Sonora\"],\"articleSection\":[\"Sonora\"],\"inLanguage\":\"es\",\"potentialAction\":[{\"@type\":\"CommentAction\",\"name\":\"Comment\",\"target\":[\"https:\/\/www.sonoraenequipo.com.mx\/verifica-secretario-de-salud-estado-de-pacientes-covid-19-en-punta-chueca\/#respond\"]}]},{\"@type\":\"WebPage\",\"@id\":\"https:\/\/www.sonoraenequipo.com.mx\/verifica-secretario-de-salud-estado-de-pacientes-covid-19-en-punta-chueca\/\",\"url\":\"https:\/\/www.sonoraenequipo.com.mx\/verifica-secretario-de-salud-estado-de-pacientes-covid-19-en-punta-chueca\/\",\"name\":\"Sonora en Equipo. Verifica Secretario de Salud estado de pacientes COVID-19 en Punta Chueca Sonora\",\"isPartOf\":{\"@id\":\"https:\/\/www.sonoraenequipo.com.mx\/#website\"},\"primaryImageOfPage\":{\"@id\":\"https:\/\/www.sonoraenequipo.com.mx\/verifica-secretario-de-salud-estado-de-pacientes-covid-19-en-punta-chueca\/#primaryimage\"},\"image\":{\"@id\":\"https:\/\/www.sonoraenequipo.com.mx\/verifica-secretario-de-salud-estado-de-pacientes-covid-19-en-punta-chueca\/#primaryimage\"},\"thumbnailUrl\":\"https:\/\/www.sonoraenequipo.com.mx\/storage\/2021\/07\/sec-sal-punta-chueca.jpg\",\"datePublished\":\"2021-07-28T01:10:28+00:00\",\"description\":\"Verifica Secretario de Salud estado de pacientes COVID en Punta Chueca \u25baA pesar de que su condici\u00f3n requiere que sean trasladados a Hermosillo para su En Sonora en Equipo publicamos toda la informaci\u00f3n de Sonora, M\u00e9xico y el Mundo de manera oportuna y busca que la libertad de expresi\u00f3n sea real. Visita nuestro medio informativo publicado desde Hermosillo, Sonora. %\",\"breadcrumb\":{\"@id\":\"https:\/\/www.sonoraenequipo.com.mx\/verifica-secretario-de-salud-estado-de-pacientes-covid-19-en-punta-chueca\/#breadcrumb\"},\"inLanguage\":\"es\",\"potentialAction\":[{\"@type\":\"ReadAction\",\"target\":[\"https:\/\/www.sonoraenequipo.com.mx\/verifica-secretario-de-salud-estado-de-pacientes-covid-19-en-punta-chueca\/\"]}]},{\"@type\":\"ImageObject\",\"inLanguage\":\"es\",\"@id\":\"https:\/\/www.sonoraenequipo.com.mx\/verifica-secretario-de-salud-estado-de-pacientes-covid-19-en-punta-chueca\/#primaryimage\",\"url\":\"https:\/\/www.sonoraenequipo.com.mx\/storage\/2021\/07\/sec-sal-punta-chueca.jpg\",\"contentUrl\":\"https:\/\/www.sonoraenequipo.com.mx\/storage\/2021\/07\/sec-sal-punta-chueca.jpg\",\"width\":700,\"height\":400},{\"@type\":\"BreadcrumbList\",\"@id\":\"https:\/\/www.sonoraenequipo.com.mx\/verifica-secretario-de-salud-estado-de-pacientes-covid-19-en-punta-chueca\/#breadcrumb\",\"itemListElement\":[{\"@type\":\"ListItem\",\"position\":1,\"name\":\"Portada\",\"item\":\"https:\/\/www.sonoraenequipo.com.mx\/\"},{\"@type\":\"ListItem\",\"position\":2,\"name\":\"Verifica Secretario de Salud estado de pacientes COVID-19 en Punta Chueca\"}]},{\"@type\":\"WebSite\",\"@id\":\"https:\/\/www.sonoraenequipo.com.mx\/#website\",\"url\":\"https:\/\/www.sonoraenequipo.com.mx\/\",\"name\":\"Sonora en Equipo.\",\"description\":\"Diario en l\u00ednea con Noticias desde Hermosillo, Sonora\",\"publisher\":{\"@id\":\"https:\/\/www.sonoraenequipo.com.mx\/#organization\"},\"potentialAction\":[{\"@type\":\"SearchAction\",\"target\":{\"@type\":\"EntryPoint\",\"urlTemplate\":\"https:\/\/www.sonoraenequipo.com.mx\/?s={search_term_string}\"},\"query-input\":{\"@type\":\"PropertyValueSpecification\",\"valueRequired\":true,\"valueName\":\"search_term_string\"}}],\"inLanguage\":\"es\"},{\"@type\":\"Organization\",\"@id\":\"https:\/\/www.sonoraenequipo.com.mx\/#organization\",\"name\":\"Sonoraenequipo.com.mx\",\"url\":\"https:\/\/www.sonoraenequipo.com.mx\/\",\"logo\":{\"@type\":\"ImageObject\",\"inLanguage\":\"es\",\"@id\":\"https:\/\/www.sonoraenequipo.com.mx\/#\/schema\/logo\/image\/\",\"url\":\"https:\/\/www.sonoraenequipo.com.mx\/storage\/2019\/01\/sonoraenequipo_opt.png\",\"contentUrl\":\"https:\/\/www.sonoraenequipo.com.mx\/storage\/2019\/01\/sonoraenequipo_opt.png\",\"width\":375,\"height\":125,\"caption\":\"Sonoraenequipo.com.mx\"},\"image\":{\"@id\":\"https:\/\/www.sonoraenequipo.com.mx\/#\/schema\/logo\/image\/\"},\"sameAs\":[\"https:\/\/www.facebook.com\/SonoraEE\/\",\"https:\/\/x.com\/sonoraenequipo\",\"https:\/\/www.youtube.com\/channel\/UC338nW-lPEYmJQs4ZABQ1SQ\"]},{\"@type\":\"Person\",\"@id\":\"https:\/\/www.sonoraenequipo.com.mx\/#\/schema\/person\/50102df0fb23a8fa9e8effad8fa81386\",\"name\":\"enequipo\",\"image\":{\"@type\":\"ImageObject\",\"inLanguage\":\"es\",\"@id\":\"https:\/\/www.sonoraenequipo.com.mx\/#\/schema\/person\/image\/\",\"url\":\"https:\/\/secure.gravatar.com\/avatar\/049821681b589dabc0bc20695993ccebb09f5b5d4d790cd9251b97faac7c652b?s=96&d=blank&r=g\",\"contentUrl\":\"https:\/\/secure.gravatar.com\/avatar\/049821681b589dabc0bc20695993ccebb09f5b5d4d790cd9251b97faac7c652b?s=96&d=blank&r=g\",\"caption\":\"enequipo\"},\"sameAs\":[\"https:\/\/www.facebook.com\/SonoraEE\"]}]}<\/script>\n ","yoast_head_json":{"title":"Sonora en Equipo. Verifica Secretario de Salud estado de pacientes COVID-19 en Punta Chueca Sonora","description":"Verifica Secretario de Salud estado de pacientes COVID en Punta Chueca \u25baA pesar de que su condici\u00f3n requiere que sean trasladados a Hermosillo para su En Sonora en Equipo publicamos toda la informaci\u00f3n de Sonora, M\u00e9xico y el Mundo de manera oportuna y busca que la libertad de expresi\u00f3n sea real. Visita nuestro medio informativo publicado desde Hermosillo, Sonora. %","robots":{"index":"index","follow":"follow","max-snippet":"max-snippet:-1","max-image-preview":"max-image-preview:large","max-video-preview":"max-video-preview:-1"},"canonical":"https:\/\/www.sonoraenequipo.com.mx\/verifica-secretario-de-salud-estado-de-pacientes-covid-19-en-punta-chueca\/","og_locale":"es_ES","og_type":"article","og_title":"Sonora en Equipo. Verifica Secretario de Salud estado de pacientes COVID-19 en Punta Chueca Sonora","og_description":"Verifica Secretario de Salud estado de pacientes COVID en Punta Chueca \u25baA pesar de que su condici\u00f3n requiere que sean trasladados a Hermosillo para su En Sonora en Equipo publicamos toda la informaci\u00f3n de Sonora, M\u00e9xico y el Mundo de manera oportuna y busca que la libertad de expresi\u00f3n sea real. Visita nuestro medio informativo publicado desde Hermosillo, Sonora. %","og_url":"https:\/\/www.sonoraenequipo.com.mx\/verifica-secretario-de-salud-estado-de-pacientes-covid-19-en-punta-chueca\/","og_site_name":"Sonora en Equipo.","article_publisher":"https:\/\/www.facebook.com\/SonoraEE\/","article_author":"https:\/\/www.facebook.com\/SonoraEE","article_published_time":"2021-07-28T01:10:28+00:00","og_image":[{"width":700,"height":400,"url":"https:\/\/www.sonoraenequipo.com.mx\/storage\/2021\/07\/sec-sal-punta-chueca.jpg","type":"image\/jpeg"}],"author":"enequipo","twitter_card":"summary_large_image","twitter_creator":"@sonoraenequipo","twitter_site":"@sonoraenequipo","twitter_misc":{"Escrito por":"enequipo","Tiempo de lectura":"2 minutos"},"schema":{"@context":"https:\/\/schema.org","@graph":[{"@type":"Article","@id":"https:\/\/www.sonoraenequipo.com.mx\/verifica-secretario-de-salud-estado-de-pacientes-covid-19-en-punta-chueca\/#article","isPartOf":{"@id":"https:\/\/www.sonoraenequipo.com.mx\/verifica-secretario-de-salud-estado-de-pacientes-covid-19-en-punta-chueca\/"},"author":{"name":"enequipo","@id":"https:\/\/www.sonoraenequipo.com.mx\/#\/schema\/person\/50102df0fb23a8fa9e8effad8fa81386"},"headline":"Verifica Secretario de Salud estado de pacientes COVID-19 en Punta Chueca","datePublished":"2021-07-28T01:10:28+00:00","mainEntityOfPage":{"@id":"https:\/\/www.sonoraenequipo.com.mx\/verifica-secretario-de-salud-estado-de-pacientes-covid-19-en-punta-chueca\/"},"wordCount":374,"commentCount":0,"publisher":{"@id":"https:\/\/www.sonoraenequipo.com.mx\/#organization"},"image":{"@id":"https:\/\/www.sonoraenequipo.com.mx\/verifica-secretario-de-salud-estado-de-pacientes-covid-19-en-punta-chueca\/#primaryimage"},"thumbnailUrl":"https:\/\/www.sonoraenequipo.com.mx\/storage\/2021\/07\/sec-sal-punta-chueca.jpg","keywords":["covid","Sonora"],"articleSection":["Sonora"],"inLanguage":"es","potentialAction":[{"@type":"CommentAction","name":"Comment","target":["https:\/\/www.sonoraenequipo.com.mx\/verifica-secretario-de-salud-estado-de-pacientes-covid-19-en-punta-chueca\/#respond"]}]},{"@type":"WebPage","@id":"https:\/\/www.sonoraenequipo.com.mx\/verifica-secretario-de-salud-estado-de-pacientes-covid-19-en-punta-chueca\/","url":"https:\/\/www.sonoraenequipo.com.mx\/verifica-secretario-de-salud-estado-de-pacientes-covid-19-en-punta-chueca\/","name":"Sonora en Equipo. Verifica Secretario de Salud estado de pacientes COVID-19 en Punta Chueca Sonora","isPartOf":{"@id":"https:\/\/www.sonoraenequipo.com.mx\/#website"},"primaryImageOfPage":{"@id":"https:\/\/www.sonoraenequipo.com.mx\/verifica-secretario-de-salud-estado-de-pacientes-covid-19-en-punta-chueca\/#primaryimage"},"image":{"@id":"https:\/\/www.sonoraenequipo.com.mx\/verifica-secretario-de-salud-estado-de-pacientes-covid-19-en-punta-chueca\/#primaryimage"},"thumbnailUrl":"https:\/\/www.sonoraenequipo.com.mx\/storage\/2021\/07\/sec-sal-punta-chueca.jpg","datePublished":"2021-07-28T01:10:28+00:00","description":"Verifica Secretario de Salud estado de pacientes COVID en Punta Chueca \u25baA pesar de que su condici\u00f3n requiere que sean trasladados a Hermosillo para su En Sonora en Equipo publicamos toda la informaci\u00f3n de Sonora, M\u00e9xico y el Mundo de manera oportuna y busca que la libertad de expresi\u00f3n sea real. Visita nuestro medio informativo publicado desde Hermosillo, Sonora. %","breadcrumb":{"@id":"https:\/\/www.sonoraenequipo.com.mx\/verifica-secretario-de-salud-estado-de-pacientes-covid-19-en-punta-chueca\/#breadcrumb"},"inLanguage":"es","potentialAction":[{"@type":"ReadAction","target":["https:\/\/www.sonoraenequipo.com.mx\/verifica-secretario-de-salud-estado-de-pacientes-covid-19-en-punta-chueca\/"]}]},{"@type":"ImageObject","inLanguage":"es","@id":"https:\/\/www.sonoraenequipo.com.mx\/verifica-secretario-de-salud-estado-de-pacientes-covid-19-en-punta-chueca\/#primaryimage","url":"https:\/\/www.sonoraenequipo.com.mx\/storage\/2021\/07\/sec-sal-punta-chueca.jpg","contentUrl":"https:\/\/www.sonoraenequipo.com.mx\/storage\/2021\/07\/sec-sal-punta-chueca.jpg","width":700,"height":400},{"@type":"BreadcrumbList","@id":"https:\/\/www.sonoraenequipo.com.mx\/verifica-secretario-de-salud-estado-de-pacientes-covid-19-en-punta-chueca\/#breadcrumb","itemListElement":[{"@type":"ListItem","position":1,"name":"Portada","item":"https:\/\/www.sonoraenequipo.com.mx\/"},{"@type":"ListItem","position":2,"name":"Verifica Secretario de Salud estado de pacientes COVID-19 en Punta Chueca"}]},{"@type":"WebSite","@id":"https:\/\/www.sonoraenequipo.com.mx\/#website","url":"https:\/\/www.sonoraenequipo.com.mx\/","name":"Sonora en Equipo.","description":"Diario en l\u00ednea con Noticias desde Hermosillo, Sonora","publisher":{"@id":"https:\/\/www.sonoraenequipo.com.mx\/#organization"},"potentialAction":[{"@type":"SearchAction","target":{"@type":"EntryPoint","urlTemplate":"https:\/\/www.sonoraenequipo.com.mx\/?s={search_term_string}"},"query-input":{"@type":"PropertyValueSpecification","valueRequired":true,"valueName":"search_term_string"}}],"inLanguage":"es"},{"@type":"Organization","@id":"https:\/\/www.sonoraenequipo.com.mx\/#organization","name":"Sonoraenequipo.com.mx","url":"https:\/\/www.sonoraenequipo.com.mx\/","logo":{"@type":"ImageObject","inLanguage":"es","@id":"https:\/\/www.sonoraenequipo.com.mx\/#\/schema\/logo\/image\/","url":"https:\/\/www.sonoraenequipo.com.mx\/storage\/2019\/01\/sonoraenequipo_opt.png","contentUrl":"https:\/\/www.sonoraenequipo.com.mx\/storage\/2019\/01\/sonoraenequipo_opt.png","width":375,"height":125,"caption":"Sonoraenequipo.com.mx"},"image":{"@id":"https:\/\/www.sonoraenequipo.com.mx\/#\/schema\/logo\/image\/"},"sameAs":["https:\/\/www.facebook.com\/SonoraEE\/","https:\/\/x.com\/sonoraenequipo","https:\/\/www.youtube.com\/channel\/UC338nW-lPEYmJQs4ZABQ1SQ"]},{"@type":"Person","@id":"https:\/\/www.sonoraenequipo.com.mx\/#\/schema\/person\/50102df0fb23a8fa9e8effad8fa81386","name":"enequipo","image":{"@type":"ImageObject","inLanguage":"es","@id":"https:\/\/www.sonoraenequipo.com.mx\/#\/schema\/person\/image\/","url":"https:\/\/secure.gravatar.com\/avatar\/049821681b589dabc0bc20695993ccebb09f5b5d4d790cd9251b97faac7c652b?s=96&d=blank&r=g","contentUrl":"https:\/\/secure.gravatar.com\/avatar\/049821681b589dabc0bc20695993ccebb09f5b5d4d790cd9251b97faac7c652b?s=96&d=blank&r=g","caption":"enequipo"},"sameAs":["https:\/\/www.facebook.com\/SonoraEE"]}]}},"jetpack_featured_media_url":"https:\/\/www.sonoraenequipo.com.mx\/storage\/2021\/07\/sec-sal-punta-chueca.jpg","_links":{"self":[{"href":"https:\/\/www.sonoraenequipo.com.mx\/api\/wp\/v2\/posts\/119229","targetHints":{"allow":["GET"]}}],"collection":[{"href":"https:\/\/www.sonoraenequipo.com.mx\/api\/wp\/v2\/posts"}],"about":[{"href":"https:\/\/www.sonoraenequipo.com.mx\/api\/wp\/v2\/types\/post"}],"author":[{"embeddable":true,"href":"https:\/\/www.sonoraenequipo.com.mx\/api\/wp\/v2\/users\/1"}],"replies":[{"embeddable":true,"href":"https:\/\/www.sonoraenequipo.com.mx\/api\/wp\/v2\/comments?post=119229"}],"version-history":[{"count":1,"href":"https:\/\/www.sonoraenequipo.com.mx\/api\/wp\/v2\/posts\/119229\/revisions"}],"predecessor-version":[{"id":119232,"href":"https:\/\/www.sonoraenequipo.com.mx\/api\/wp\/v2\/posts\/119229\/revisions\/119232"}],"wp:featuredmedia":[{"embeddable":true,"href":"https:\/\/www.sonoraenequipo.com.mx\/api\/wp\/v2\/media\/119231"}],"wp:attachment":[{"href":"https:\/\/www.sonoraenequipo.com.mx\/api\/wp\/v2\/media?parent=119229"}],"wp:term":[{"taxonomy":"category","embeddable":true,"href":"https:\/\/www.sonoraenequipo.com.mx\/api\/wp\/v2\/categories?post=119229"},{"taxonomy":"post_tag","embeddable":true,"href":"https:\/\/www.sonoraenequipo.com.mx\/api\/wp\/v2\/tags?post=119229"}],"curies":[{"name":"wp","href":"https:\/\/api.w.org\/{rel}","templated":true}]}}