{"id":119239,"date":"2021-07-27T15:00:01","date_gmt":"2021-07-27T22:00:01","guid":{"rendered":"https:\/\/www.sonoraenequipo.com.mx\/?p=119239"},"modified":"2021-07-27T18:35:18","modified_gmt":"2021-07-28T01:35:18","slug":"justicia-anula-nacionalidad-ecuatoriana-de-julian-assange","status":"publish","type":"post","link":"https:\/\/www.sonoraenequipo.com.mx\/justicia-anula-nacionalidad-ecuatoriana-de-julian-assange\/","title":{"rendered":"Justicia anula nacionalidad ecuatoriana de Julian Assange"},"content":{"rendered":"<p>QUITO, ECUADOR. \u2014 Seg\u00fan se inform\u00f3 el martes, la justicia del Ecuador notific\u00f3 formalmente la nulidad de la carta de naturalizaci\u00f3n del australiano atendiendo una demanda de lesividad interpuesta por la canciller\u00eda. Se considera que un activo de naturalizaci\u00f3n es lesivo cuando se otorga sobre la base de ocultaci\u00f3n de hechos relevantes, documentos falsos o el cometimiento de fraude a la ley en el procedimiento de concesi\u00f3n, por ejemplo, el hecho de que carta de naturalizaci\u00f3n tuvo m\u00faltiples inconsistencias: firmas distintas, posible alteraci\u00f3n de documentos y tasas impagas, entre otras.<\/p>\n<p>&nbsp;<\/p>\n<p> <\/p>\n<p>&nbsp;<\/p>\n<p>Carlos Poveda, abogado de Julian Assange, dijo en su cuenta de Twitter que <em>\u00abNo respetaron debido proceso, imposibilitan comparecencia de demandado. Ojal\u00e1 no sea otro caso ya juzgado por la opini\u00f3n publica\u201d. A\u00f1adi\u00f3 que no se valor\u00f3 \u201cmedios probatorios o ponderar validez. Por ventaja, a\u00fan hay recursos\u201d.<\/em><\/p>\n<p>&nbsp;<\/p>\n<p>&nbsp;<\/p>\n<p>Julian Assange recibi\u00f3 la ciudadan\u00eda ecuatoriana en enero de 2018 como parte de un fallido intento del gobierno de Len\u00edn Moreno de convertirlo en diplom\u00e1tico para sacarlo de la embajada de Londres, pero el Tribunal Contencioso Administrativo de Pichincha revoc\u00f3 tal decisi\u00f3n el lunes.<\/p>\n<p>&nbsp;<\/p>\n<p>La canciller\u00eda se\u00f1al\u00f3 a la AP que <em>\u201ceste es un pronunciamiento de la justicia, que ha actuado en forma independiente y seguido el debido proceso frente a un caso acontecido en el gobierno anterior y que le fue planteado por el mismo gobierno anterior\u201d.<\/em><\/p>\n<p>&nbsp;<\/p>\n<p>Assange, de 50 a\u00f1os, est\u00e1 encarcelado en la prisi\u00f3n de alta seguridad de Belmarsh desde su arresto en abril de 2019 en la embajada ecuatoriana en Londres, donde permaneci\u00f3 siete a\u00f1os bajo asilo para evadir la extradici\u00f3n a Suecia para responder a denuncias de violaci\u00f3n y asalto sexual. Suecia desisti\u00f3 del caso en 2019 debido al tiempo transcurrido.<\/p>\n<p>&nbsp;<\/p>\n<p>Estados Unidos ha pedido en extradici\u00f3n al australiano, atendiendo al hecho de que fiscales estadounidenses han presentado 17 cargos de espionaje y uno de mal uso de una computadora por la publicaci\u00f3n de miles de documentos militares y diplom\u00e1ticos filtrados. Los cargos conllevan una pena m\u00e1xima de 175 a\u00f1os de prisi\u00f3n.<\/p>\n<p>&nbsp;<\/p>\n<p>El Tribunal Superior de Gran Breta\u00f1a ha otorgado permiso al gobierno de Estados Unidos para apelar una sentencia de que no se puede extraditar al fundador de WikiLeaks al pa\u00eds norteamericano para responder a cargos de espionaje.<\/p>\n<p>&nbsp;<\/p>\n<p>La jueza orden\u00f3 que Julian Assange permaneciera encarcelado durante una posible apelaci\u00f3n estadounidense porque el ciudadano australiano <em>\u201ctiene un incentivo para huir\u201d<\/em> si se lo deja en libertad.<\/p>\n<p>&nbsp;<\/p>\n<p>(Publicada el 27\/07\/2021 \/Con informaci\u00f3n de Associated Press)<\/p>\n","protected":false},"excerpt":{"rendered":"<p>QUITO, ECUADOR. \u2014 Seg\u00fan se inform\u00f3 el martes, la justicia del Ecuador notific\u00f3 formalmente la&#8230;<\/p>\n","protected":false},"author":1,"featured_media":119237,"comment_status":"open","ping_status":"open","sticky":false,"template":"","format":"standard","meta":{"_monsterinsights_skip_tracking":false,"_monsterinsights_sitenote_active":false,"_monsterinsights_sitenote_note":"","_monsterinsights_sitenote_category":0,"footnotes":""},"categories":[3],"tags":[],"class_list":["post"],"yoast_head":" \n<title>Sonora en Equipo. Justicia anula nacionalidad ecuatoriana de Julian Assange MUNDO<\/title>\n<meta name=\"description\" content=\"QUITO, ECUADOR. \u2014 Seg\u00fan se inform\u00f3 el martes, la justicia del Ecuador notific\u00f3 formalmente la nulidad de la carta de naturalizaci\u00f3n del australiano En Sonora en Equipo publicamos toda la informaci\u00f3n de Sonora, M\u00e9xico y el Mundo de manera oportuna y busca que la libertad de expresi\u00f3n sea real. Visita nuestro medio informativo publicado desde Hermosillo, Sonora. %\" \/>\n<meta name=\"robots\" content=\"index, follow, max-snippet:-1, max-image-preview:large, max-video-preview:-1\" \/>\n<link rel=\"canonical\" href=\"https:\/\/www.sonoraenequipo.com.mx\/justicia-anula-nacionalidad-ecuatoriana-de-julian-assange\/\" \/>\n<meta property=\"og:locale\" content=\"es_ES\" \/>\n<meta property=\"og:type\" content=\"article\" \/>\n<meta property=\"og:title\" content=\"Sonora en Equipo. Justicia anula nacionalidad ecuatoriana de Julian Assange MUNDO\" \/>\n<meta property=\"og:description\" content=\"QUITO, ECUADOR. \u2014 Seg\u00fan se inform\u00f3 el martes, la justicia del Ecuador notific\u00f3 formalmente la nulidad de la carta de naturalizaci\u00f3n del australiano En Sonora en Equipo publicamos toda la informaci\u00f3n de Sonora, M\u00e9xico y el Mundo de manera oportuna y busca que la libertad de expresi\u00f3n sea real. Visita nuestro medio informativo publicado desde Hermosillo, Sonora. %\" \/>\n<meta property=\"og:url\" content=\"https:\/\/www.sonoraenequipo.com.mx\/justicia-anula-nacionalidad-ecuatoriana-de-julian-assange\/\" \/>\n<meta property=\"og:site_name\" content=\"Sonora en Equipo.\" \/>\n<meta property=\"article:publisher\" content=\"https:\/\/www.facebook.com\/SonoraEE\/\" \/>\n<meta property=\"article:author\" content=\"https:\/\/www.facebook.com\/SonoraEE\" \/>\n<meta property=\"article:published_time\" content=\"2021-07-27T22:00:01+00:00\" \/>\n<meta property=\"article:modified_time\" content=\"2021-07-28T01:35:18+00:00\" \/>\n<meta property=\"og:image\" content=\"https:\/\/www.sonoraenequipo.com.mx\/storage\/2021\/07\/julian-assange-fundador-wikileaks_opt.jpg\" \/>\n\t<meta property=\"og:image:width\" content=\"700\" \/>\n\t<meta property=\"og:image:height\" content=\"400\" \/>\n\t<meta property=\"og:image:type\" content=\"image\/jpeg\" \/>\n<meta name=\"author\" content=\"enequipo\" \/>\n<meta name=\"twitter:card\" content=\"summary_large_image\" \/>\n<meta name=\"twitter:creator\" content=\"@sonoraenequipo\" \/>\n<meta name=\"twitter:site\" content=\"@sonoraenequipo\" \/>\n<meta name=\"twitter:label1\" content=\"Escrito por\" \/>\n\t<meta name=\"twitter:data1\" content=\"enequipo\" \/>\n\t<meta name=\"twitter:label2\" content=\"Tiempo de lectura\" \/>\n\t<meta name=\"twitter:data2\" content=\"2 minutos\" \/>\n<script type=\"application\/ld+json\" class=\"yoast-schema-graph\">{\"@context\":\"https:\/\/schema.org\",\"@graph\":[{\"@type\":\"Article\",\"@id\":\"https:\/\/www.sonoraenequipo.com.mx\/justicia-anula-nacionalidad-ecuatoriana-de-julian-assange\/#article\",\"isPartOf\":{\"@id\":\"https:\/\/www.sonoraenequipo.com.mx\/justicia-anula-nacionalidad-ecuatoriana-de-julian-assange\/\"},\"author\":{\"name\":\"enequipo\",\"@id\":\"https:\/\/www.sonoraenequipo.com.mx\/#\/schema\/person\/50102df0fb23a8fa9e8effad8fa81386\"},\"headline\":\"Justicia anula nacionalidad ecuatoriana de Julian Assange\",\"datePublished\":\"2021-07-27T22:00:01+00:00\",\"dateModified\":\"2021-07-28T01:35:18+00:00\",\"mainEntityOfPage\":{\"@id\":\"https:\/\/www.sonoraenequipo.com.mx\/justicia-anula-nacionalidad-ecuatoriana-de-julian-assange\/\"},\"wordCount\":449,\"commentCount\":0,\"publisher\":{\"@id\":\"https:\/\/www.sonoraenequipo.com.mx\/#organization\"},\"image\":{\"@id\":\"https:\/\/www.sonoraenequipo.com.mx\/justicia-anula-nacionalidad-ecuatoriana-de-julian-assange\/#primaryimage\"},\"thumbnailUrl\":\"https:\/\/www.sonoraenequipo.com.mx\/storage\/2021\/07\/julian-assange-fundador-wikileaks_opt.jpg\",\"articleSection\":[\"MUNDO\"],\"inLanguage\":\"es\",\"potentialAction\":[{\"@type\":\"CommentAction\",\"name\":\"Comment\",\"target\":[\"https:\/\/www.sonoraenequipo.com.mx\/justicia-anula-nacionalidad-ecuatoriana-de-julian-assange\/#respond\"]}]},{\"@type\":\"WebPage\",\"@id\":\"https:\/\/www.sonoraenequipo.com.mx\/justicia-anula-nacionalidad-ecuatoriana-de-julian-assange\/\",\"url\":\"https:\/\/www.sonoraenequipo.com.mx\/justicia-anula-nacionalidad-ecuatoriana-de-julian-assange\/\",\"name\":\"Sonora en Equipo. Justicia anula nacionalidad ecuatoriana de Julian Assange MUNDO\",\"isPartOf\":{\"@id\":\"https:\/\/www.sonoraenequipo.com.mx\/#website\"},\"primaryImageOfPage\":{\"@id\":\"https:\/\/www.sonoraenequipo.com.mx\/justicia-anula-nacionalidad-ecuatoriana-de-julian-assange\/#primaryimage\"},\"image\":{\"@id\":\"https:\/\/www.sonoraenequipo.com.mx\/justicia-anula-nacionalidad-ecuatoriana-de-julian-assange\/#primaryimage\"},\"thumbnailUrl\":\"https:\/\/www.sonoraenequipo.com.mx\/storage\/2021\/07\/julian-assange-fundador-wikileaks_opt.jpg\",\"datePublished\":\"2021-07-27T22:00:01+00:00\",\"dateModified\":\"2021-07-28T01:35:18+00:00\",\"description\":\"QUITO, ECUADOR. \u2014 Seg\u00fan se inform\u00f3 el martes, la justicia del Ecuador notific\u00f3 formalmente la nulidad de la carta de naturalizaci\u00f3n del australiano En Sonora en Equipo publicamos toda la informaci\u00f3n de Sonora, M\u00e9xico y el Mundo de manera oportuna y busca que la libertad de expresi\u00f3n sea real. Visita nuestro medio informativo publicado desde Hermosillo, Sonora. %\",\"breadcrumb\":{\"@id\":\"https:\/\/www.sonoraenequipo.com.mx\/justicia-anula-nacionalidad-ecuatoriana-de-julian-assange\/#breadcrumb\"},\"inLanguage\":\"es\",\"potentialAction\":[{\"@type\":\"ReadAction\",\"target\":[\"https:\/\/www.sonoraenequipo.com.mx\/justicia-anula-nacionalidad-ecuatoriana-de-julian-assange\/\"]}]},{\"@type\":\"ImageObject\",\"inLanguage\":\"es\",\"@id\":\"https:\/\/www.sonoraenequipo.com.mx\/justicia-anula-nacionalidad-ecuatoriana-de-julian-assange\/#primaryimage\",\"url\":\"https:\/\/www.sonoraenequipo.com.mx\/storage\/2021\/07\/julian-assange-fundador-wikileaks_opt.jpg\",\"contentUrl\":\"https:\/\/www.sonoraenequipo.com.mx\/storage\/2021\/07\/julian-assange-fundador-wikileaks_opt.jpg\",\"width\":700,\"height\":400},{\"@type\":\"BreadcrumbList\",\"@id\":\"https:\/\/www.sonoraenequipo.com.mx\/justicia-anula-nacionalidad-ecuatoriana-de-julian-assange\/#breadcrumb\",\"itemListElement\":[{\"@type\":\"ListItem\",\"position\":1,\"name\":\"Portada\",\"item\":\"https:\/\/www.sonoraenequipo.com.mx\/\"},{\"@type\":\"ListItem\",\"position\":2,\"name\":\"Justicia anula nacionalidad ecuatoriana de Julian Assange\"}]},{\"@type\":\"WebSite\",\"@id\":\"https:\/\/www.sonoraenequipo.com.mx\/#website\",\"url\":\"https:\/\/www.sonoraenequipo.com.mx\/\",\"name\":\"Sonora en Equipo.\",\"description\":\"Diario en l\u00ednea con Noticias desde Hermosillo, Sonora\",\"publisher\":{\"@id\":\"https:\/\/www.sonoraenequipo.com.mx\/#organization\"},\"potentialAction\":[{\"@type\":\"SearchAction\",\"target\":{\"@type\":\"EntryPoint\",\"urlTemplate\":\"https:\/\/www.sonoraenequipo.com.mx\/?s={search_term_string}\"},\"query-input\":{\"@type\":\"PropertyValueSpecification\",\"valueRequired\":true,\"valueName\":\"search_term_string\"}}],\"inLanguage\":\"es\"},{\"@type\":\"Organization\",\"@id\":\"https:\/\/www.sonoraenequipo.com.mx\/#organization\",\"name\":\"Sonoraenequipo.com.mx\",\"url\":\"https:\/\/www.sonoraenequipo.com.mx\/\",\"logo\":{\"@type\":\"ImageObject\",\"inLanguage\":\"es\",\"@id\":\"https:\/\/www.sonoraenequipo.com.mx\/#\/schema\/logo\/image\/\",\"url\":\"https:\/\/www.sonoraenequipo.com.mx\/storage\/2019\/01\/sonoraenequipo_opt.png\",\"contentUrl\":\"https:\/\/www.sonoraenequipo.com.mx\/storage\/2019\/01\/sonoraenequipo_opt.png\",\"width\":375,\"height\":125,\"caption\":\"Sonoraenequipo.com.mx\"},\"image\":{\"@id\":\"https:\/\/www.sonoraenequipo.com.mx\/#\/schema\/logo\/image\/\"},\"sameAs\":[\"https:\/\/www.facebook.com\/SonoraEE\/\",\"https:\/\/x.com\/sonoraenequipo\",\"https:\/\/www.youtube.com\/channel\/UC338nW-lPEYmJQs4ZABQ1SQ\"]},{\"@type\":\"Person\",\"@id\":\"https:\/\/www.sonoraenequipo.com.mx\/#\/schema\/person\/50102df0fb23a8fa9e8effad8fa81386\",\"name\":\"enequipo\",\"image\":{\"@type\":\"ImageObject\",\"inLanguage\":\"es\",\"@id\":\"https:\/\/www.sonoraenequipo.com.mx\/#\/schema\/person\/image\/\",\"url\":\"https:\/\/secure.gravatar.com\/avatar\/049821681b589dabc0bc20695993ccebb09f5b5d4d790cd9251b97faac7c652b?s=96&d=blank&r=g\",\"contentUrl\":\"https:\/\/secure.gravatar.com\/avatar\/049821681b589dabc0bc20695993ccebb09f5b5d4d790cd9251b97faac7c652b?s=96&d=blank&r=g\",\"caption\":\"enequipo\"},\"sameAs\":[\"https:\/\/www.facebook.com\/SonoraEE\"]}]}<\/script>\n ","yoast_head_json":{"title":"Sonora en Equipo. Justicia anula nacionalidad ecuatoriana de Julian Assange MUNDO","description":"QUITO, ECUADOR. \u2014 Seg\u00fan se inform\u00f3 el martes, la justicia del Ecuador notific\u00f3 formalmente la nulidad de la carta de naturalizaci\u00f3n del australiano En Sonora en Equipo publicamos toda la informaci\u00f3n de Sonora, M\u00e9xico y el Mundo de manera oportuna y busca que la libertad de expresi\u00f3n sea real. Visita nuestro medio informativo publicado desde Hermosillo, Sonora. %","robots":{"index":"index","follow":"follow","max-snippet":"max-snippet:-1","max-image-preview":"max-image-preview:large","max-video-preview":"max-video-preview:-1"},"canonical":"https:\/\/www.sonoraenequipo.com.mx\/justicia-anula-nacionalidad-ecuatoriana-de-julian-assange\/","og_locale":"es_ES","og_type":"article","og_title":"Sonora en Equipo. Justicia anula nacionalidad ecuatoriana de Julian Assange MUNDO","og_description":"QUITO, ECUADOR. \u2014 Seg\u00fan se inform\u00f3 el martes, la justicia del Ecuador notific\u00f3 formalmente la nulidad de la carta de naturalizaci\u00f3n del australiano En Sonora en Equipo publicamos toda la informaci\u00f3n de Sonora, M\u00e9xico y el Mundo de manera oportuna y busca que la libertad de expresi\u00f3n sea real. Visita nuestro medio informativo publicado desde Hermosillo, Sonora. %","og_url":"https:\/\/www.sonoraenequipo.com.mx\/justicia-anula-nacionalidad-ecuatoriana-de-julian-assange\/","og_site_name":"Sonora en Equipo.","article_publisher":"https:\/\/www.facebook.com\/SonoraEE\/","article_author":"https:\/\/www.facebook.com\/SonoraEE","article_published_time":"2021-07-27T22:00:01+00:00","article_modified_time":"2021-07-28T01:35:18+00:00","og_image":[{"width":700,"height":400,"url":"https:\/\/www.sonoraenequipo.com.mx\/storage\/2021\/07\/julian-assange-fundador-wikileaks_opt.jpg","type":"image\/jpeg"}],"author":"enequipo","twitter_card":"summary_large_image","twitter_creator":"@sonoraenequipo","twitter_site":"@sonoraenequipo","twitter_misc":{"Escrito por":"enequipo","Tiempo de lectura":"2 minutos"},"schema":{"@context":"https:\/\/schema.org","@graph":[{"@type":"Article","@id":"https:\/\/www.sonoraenequipo.com.mx\/justicia-anula-nacionalidad-ecuatoriana-de-julian-assange\/#article","isPartOf":{"@id":"https:\/\/www.sonoraenequipo.com.mx\/justicia-anula-nacionalidad-ecuatoriana-de-julian-assange\/"},"author":{"name":"enequipo","@id":"https:\/\/www.sonoraenequipo.com.mx\/#\/schema\/person\/50102df0fb23a8fa9e8effad8fa81386"},"headline":"Justicia anula nacionalidad ecuatoriana de Julian Assange","datePublished":"2021-07-27T22:00:01+00:00","dateModified":"2021-07-28T01:35:18+00:00","mainEntityOfPage":{"@id":"https:\/\/www.sonoraenequipo.com.mx\/justicia-anula-nacionalidad-ecuatoriana-de-julian-assange\/"},"wordCount":449,"commentCount":0,"publisher":{"@id":"https:\/\/www.sonoraenequipo.com.mx\/#organization"},"image":{"@id":"https:\/\/www.sonoraenequipo.com.mx\/justicia-anula-nacionalidad-ecuatoriana-de-julian-assange\/#primaryimage"},"thumbnailUrl":"https:\/\/www.sonoraenequipo.com.mx\/storage\/2021\/07\/julian-assange-fundador-wikileaks_opt.jpg","articleSection":["MUNDO"],"inLanguage":"es","potentialAction":[{"@type":"CommentAction","name":"Comment","target":["https:\/\/www.sonoraenequipo.com.mx\/justicia-anula-nacionalidad-ecuatoriana-de-julian-assange\/#respond"]}]},{"@type":"WebPage","@id":"https:\/\/www.sonoraenequipo.com.mx\/justicia-anula-nacionalidad-ecuatoriana-de-julian-assange\/","url":"https:\/\/www.sonoraenequipo.com.mx\/justicia-anula-nacionalidad-ecuatoriana-de-julian-assange\/","name":"Sonora en Equipo. Justicia anula nacionalidad ecuatoriana de Julian Assange MUNDO","isPartOf":{"@id":"https:\/\/www.sonoraenequipo.com.mx\/#website"},"primaryImageOfPage":{"@id":"https:\/\/www.sonoraenequipo.com.mx\/justicia-anula-nacionalidad-ecuatoriana-de-julian-assange\/#primaryimage"},"image":{"@id":"https:\/\/www.sonoraenequipo.com.mx\/justicia-anula-nacionalidad-ecuatoriana-de-julian-assange\/#primaryimage"},"thumbnailUrl":"https:\/\/www.sonoraenequipo.com.mx\/storage\/2021\/07\/julian-assange-fundador-wikileaks_opt.jpg","datePublished":"2021-07-27T22:00:01+00:00","dateModified":"2021-07-28T01:35:18+00:00","description":"QUITO, ECUADOR. \u2014 Seg\u00fan se inform\u00f3 el martes, la justicia del Ecuador notific\u00f3 formalmente la nulidad de la carta de naturalizaci\u00f3n del australiano En Sonora en Equipo publicamos toda la informaci\u00f3n de Sonora, M\u00e9xico y el Mundo de manera oportuna y busca que la libertad de expresi\u00f3n sea real. Visita nuestro medio informativo publicado desde Hermosillo, Sonora. %","breadcrumb":{"@id":"https:\/\/www.sonoraenequipo.com.mx\/justicia-anula-nacionalidad-ecuatoriana-de-julian-assange\/#breadcrumb"},"inLanguage":"es","potentialAction":[{"@type":"ReadAction","target":["https:\/\/www.sonoraenequipo.com.mx\/justicia-anula-nacionalidad-ecuatoriana-de-julian-assange\/"]}]},{"@type":"ImageObject","inLanguage":"es","@id":"https:\/\/www.sonoraenequipo.com.mx\/justicia-anula-nacionalidad-ecuatoriana-de-julian-assange\/#primaryimage","url":"https:\/\/www.sonoraenequipo.com.mx\/storage\/2021\/07\/julian-assange-fundador-wikileaks_opt.jpg","contentUrl":"https:\/\/www.sonoraenequipo.com.mx\/storage\/2021\/07\/julian-assange-fundador-wikileaks_opt.jpg","width":700,"height":400},{"@type":"BreadcrumbList","@id":"https:\/\/www.sonoraenequipo.com.mx\/justicia-anula-nacionalidad-ecuatoriana-de-julian-assange\/#breadcrumb","itemListElement":[{"@type":"ListItem","position":1,"name":"Portada","item":"https:\/\/www.sonoraenequipo.com.mx\/"},{"@type":"ListItem","position":2,"name":"Justicia anula nacionalidad ecuatoriana de Julian Assange"}]},{"@type":"WebSite","@id":"https:\/\/www.sonoraenequipo.com.mx\/#website","url":"https:\/\/www.sonoraenequipo.com.mx\/","name":"Sonora en Equipo.","description":"Diario en l\u00ednea con Noticias desde Hermosillo, Sonora","publisher":{"@id":"https:\/\/www.sonoraenequipo.com.mx\/#organization"},"potentialAction":[{"@type":"SearchAction","target":{"@type":"EntryPoint","urlTemplate":"https:\/\/www.sonoraenequipo.com.mx\/?s={search_term_string}"},"query-input":{"@type":"PropertyValueSpecification","valueRequired":true,"valueName":"search_term_string"}}],"inLanguage":"es"},{"@type":"Organization","@id":"https:\/\/www.sonoraenequipo.com.mx\/#organization","name":"Sonoraenequipo.com.mx","url":"https:\/\/www.sonoraenequipo.com.mx\/","logo":{"@type":"ImageObject","inLanguage":"es","@id":"https:\/\/www.sonoraenequipo.com.mx\/#\/schema\/logo\/image\/","url":"https:\/\/www.sonoraenequipo.com.mx\/storage\/2019\/01\/sonoraenequipo_opt.png","contentUrl":"https:\/\/www.sonoraenequipo.com.mx\/storage\/2019\/01\/sonoraenequipo_opt.png","width":375,"height":125,"caption":"Sonoraenequipo.com.mx"},"image":{"@id":"https:\/\/www.sonoraenequipo.com.mx\/#\/schema\/logo\/image\/"},"sameAs":["https:\/\/www.facebook.com\/SonoraEE\/","https:\/\/x.com\/sonoraenequipo","https:\/\/www.youtube.com\/channel\/UC338nW-lPEYmJQs4ZABQ1SQ"]},{"@type":"Person","@id":"https:\/\/www.sonoraenequipo.com.mx\/#\/schema\/person\/50102df0fb23a8fa9e8effad8fa81386","name":"enequipo","image":{"@type":"ImageObject","inLanguage":"es","@id":"https:\/\/www.sonoraenequipo.com.mx\/#\/schema\/person\/image\/","url":"https:\/\/secure.gravatar.com\/avatar\/049821681b589dabc0bc20695993ccebb09f5b5d4d790cd9251b97faac7c652b?s=96&d=blank&r=g","contentUrl":"https:\/\/secure.gravatar.com\/avatar\/049821681b589dabc0bc20695993ccebb09f5b5d4d790cd9251b97faac7c652b?s=96&d=blank&r=g","caption":"enequipo"},"sameAs":["https:\/\/www.facebook.com\/SonoraEE"]}]}},"jetpack_featured_media_url":"https:\/\/www.sonoraenequipo.com.mx\/storage\/2021\/07\/julian-assange-fundador-wikileaks_opt.jpg","_links":{"self":[{"href":"https:\/\/www.sonoraenequipo.com.mx\/api\/wp\/v2\/posts\/119239","targetHints":{"allow":["GET"]}}],"collection":[{"href":"https:\/\/www.sonoraenequipo.com.mx\/api\/wp\/v2\/posts"}],"about":[{"href":"https:\/\/www.sonoraenequipo.com.mx\/api\/wp\/v2\/types\/post"}],"author":[{"embeddable":true,"href":"https:\/\/www.sonoraenequipo.com.mx\/api\/wp\/v2\/users\/1"}],"replies":[{"embeddable":true,"href":"https:\/\/www.sonoraenequipo.com.mx\/api\/wp\/v2\/comments?post=119239"}],"version-history":[{"count":1,"href":"https:\/\/www.sonoraenequipo.com.mx\/api\/wp\/v2\/posts\/119239\/revisions"}],"predecessor-version":[{"id":119243,"href":"https:\/\/www.sonoraenequipo.com.mx\/api\/wp\/v2\/posts\/119239\/revisions\/119243"}],"wp:featuredmedia":[{"embeddable":true,"href":"https:\/\/www.sonoraenequipo.com.mx\/api\/wp\/v2\/media\/119237"}],"wp:attachment":[{"href":"https:\/\/www.sonoraenequipo.com.mx\/api\/wp\/v2\/media?parent=119239"}],"wp:term":[{"taxonomy":"category","embeddable":true,"href":"https:\/\/www.sonoraenequipo.com.mx\/api\/wp\/v2\/categories?post=119239"},{"taxonomy":"post_tag","embeddable":true,"href":"https:\/\/www.sonoraenequipo.com.mx\/api\/wp\/v2\/tags?post=119239"}],"curies":[{"name":"wp","href":"https:\/\/api.w.org\/{rel}","templated":true}]}}