{"id":119240,"date":"2021-07-27T18:34:13","date_gmt":"2021-07-28T01:34:13","guid":{"rendered":"https:\/\/www.sonoraenequipo.com.mx\/?p=119240"},"modified":"2021-07-27T18:36:23","modified_gmt":"2021-07-28T01:36:23","slug":"unison-busca-retorno-seguro-a-las-actividades-academicas-semestre-2021-2","status":"publish","type":"post","link":"https:\/\/www.sonoraenequipo.com.mx\/unison-busca-retorno-seguro-a-las-actividades-academicas-semestre-2021-2\/","title":{"rendered":"\u00a0Unison busca retorno seguro a las actividades acad\u00e9micas semestre 2021-2"},"content":{"rendered":"<p>HERMOSILLO, SONORA,MX.\u2500\u2500 \u00a0En atenci\u00f3n a la situaci\u00f3n del sem\u00e1foro epidemiol\u00f3gico en el mapa Sonora Anticipa de la Secretar\u00eda de\u00a0 Salud del Gobierno del Estado de Sonora, y considerando el avance en el programa de vacunaci\u00f3n en los municipios donde se ubican los seis campus universitarios, se comunica lo siguiente:<\/p>\n<ol>\n<li>El calendario escolar para el semestre 2021-2 se mantiene sin cambios, las clases iniciar\u00e1n de manera virtual el pr\u00f3ximo lunes 9 de agosto.<\/li>\n<li>Como en semestres anteriores, alumnos deber\u00e1n estar atentos a la integraci\u00f3n de grupos que har\u00e1 cada docente en la plataforma Teams. Les recordamos utilizar siempre el correo y las plataformas institucionales.<\/li>\n<li>Si las condiciones epidemiol\u00f3gicas lo permiten, algunos cursos ofrecer\u00e1n parte de sus contenidos<\/li>\n<\/ol>\n<p>De manera presencial. Seg\u00fan lo definan los programas educativos, el 30 de agosto se dar\u00e1 a conocer el calendario de estas actividades a cada grupo. Dicho regreso ser\u00e1 voluntario, flexible,\u00a0 gradual y escalonado.<\/p>\n<ol start=\"4\">\n<li>Las actividades administrativas iniciar\u00e1n el pr\u00f3ximo lunes 2 de agosto y se realizar\u00e1n seg\u00fan el programa determinado por cada dependencia atendiendo a los \u201cLineamientos para el regreso<\/li>\n<\/ol>\n<p>a las actividades acad\u00e9micas y administrativas de la Universidad de Sonora\u201d.<\/p>\n<p>Se invita a la comunidad universitaria, particularmente a los estudiantes de primer ingreso, a mantenerse<\/p>\n<p>al tanto de los comunicados que se emitan en los pr\u00f3ximos d\u00edas, que facilitar\u00e1n un retorno seguro a las<\/p>\n<p>actividades acad\u00e9micas.<\/p>\n<p>Tengamos la certeza de que con el esfuerzo conjunto lograremos un excelente semestre para todos.<\/p>\n<p>Fecha de Publicaci\u00f3n\u00a0 martes \/ 27\u00a0\u00a0 \/ julio \/ 2021<\/p>\n","protected":false},"excerpt":{"rendered":"<p>HERMOSILLO, SONORA,MX.\u2500\u2500 \u00a0En atenci\u00f3n a la situaci\u00f3n del sem\u00e1foro epidemiol\u00f3gico en el mapa Sonora Anticipa&#8230;<\/p>\n","protected":false},"author":1,"featured_media":109291,"comment_status":"open","ping_status":"open","sticky":false,"template":"","format":"standard","meta":{"_monsterinsights_skip_tracking":false,"_monsterinsights_sitenote_active":false,"_monsterinsights_sitenote_note":"","_monsterinsights_sitenote_category":0,"footnotes":""},"categories":[22],"tags":[4249,15,63],"class_list":["post"],"yoast_head":" \n<title>Sonora en Equipo. \u00a0Unison busca retorno seguro a las actividades acad\u00e9micas semestre 2021-2 Sonora<\/title>\n<meta name=\"description\" content=\"HERMOSILLO, SONORA,MX.\u2500\u2500 \u00a0En atenci\u00f3n a la situaci\u00f3n del sem\u00e1foro epidemiol\u00f3gico en el mapa Sonora Anticipa de la Secretar\u00eda de\u00a0 Salud del Gobierno del En Sonora en Equipo publicamos toda la informaci\u00f3n de Sonora, M\u00e9xico y el Mundo de manera oportuna y busca que la libertad de expresi\u00f3n sea real. Visita nuestro medio informativo publicado desde Hermosillo, Sonora. %\" \/>\n<meta name=\"robots\" content=\"index, follow, max-snippet:-1, max-image-preview:large, max-video-preview:-1\" \/>\n<link rel=\"canonical\" href=\"https:\/\/www.sonoraenequipo.com.mx\/unison-busca-retorno-seguro-a-las-actividades-academicas-semestre-2021-2\/\" \/>\n<meta property=\"og:locale\" content=\"es_ES\" \/>\n<meta property=\"og:type\" content=\"article\" \/>\n<meta property=\"og:title\" content=\"Sonora en Equipo. \u00a0Unison busca retorno seguro a las actividades acad\u00e9micas semestre 2021-2 Sonora\" \/>\n<meta property=\"og:description\" content=\"HERMOSILLO, SONORA,MX.\u2500\u2500 \u00a0En atenci\u00f3n a la situaci\u00f3n del sem\u00e1foro epidemiol\u00f3gico en el mapa Sonora Anticipa de la Secretar\u00eda de\u00a0 Salud del Gobierno del En Sonora en Equipo publicamos toda la informaci\u00f3n de Sonora, M\u00e9xico y el Mundo de manera oportuna y busca que la libertad de expresi\u00f3n sea real. Visita nuestro medio informativo publicado desde Hermosillo, Sonora. %\" \/>\n<meta property=\"og:url\" content=\"https:\/\/www.sonoraenequipo.com.mx\/unison-busca-retorno-seguro-a-las-actividades-academicas-semestre-2021-2\/\" \/>\n<meta property=\"og:site_name\" content=\"Sonora en Equipo.\" \/>\n<meta property=\"article:publisher\" content=\"https:\/\/www.facebook.com\/SonoraEE\/\" \/>\n<meta property=\"article:author\" content=\"https:\/\/www.facebook.com\/SonoraEE\" \/>\n<meta property=\"article:published_time\" content=\"2021-07-28T01:34:13+00:00\" \/>\n<meta property=\"article:modified_time\" content=\"2021-07-28T01:36:23+00:00\" \/>\n<meta property=\"og:image\" content=\"https:\/\/www.sonoraenequipo.com.mx\/storage\/2021\/03\/unison_nueva-rectora_opt.jpg\" \/>\n\t<meta property=\"og:image:width\" content=\"696\" \/>\n\t<meta property=\"og:image:height\" content=\"400\" \/>\n\t<meta property=\"og:image:type\" content=\"image\/jpeg\" \/>\n<meta name=\"author\" content=\"enequipo\" \/>\n<meta name=\"twitter:card\" content=\"summary_large_image\" \/>\n<meta name=\"twitter:creator\" content=\"@sonoraenequipo\" \/>\n<meta name=\"twitter:site\" content=\"@sonoraenequipo\" \/>\n<meta name=\"twitter:label1\" content=\"Escrito por\" \/>\n\t<meta name=\"twitter:data1\" content=\"enequipo\" \/>\n\t<meta name=\"twitter:label2\" content=\"Tiempo de lectura\" \/>\n\t<meta name=\"twitter:data2\" content=\"2 minutos\" \/>\n<script type=\"application\/ld+json\" class=\"yoast-schema-graph\">{\"@context\":\"https:\/\/schema.org\",\"@graph\":[{\"@type\":\"Article\",\"@id\":\"https:\/\/www.sonoraenequipo.com.mx\/unison-busca-retorno-seguro-a-las-actividades-academicas-semestre-2021-2\/#article\",\"isPartOf\":{\"@id\":\"https:\/\/www.sonoraenequipo.com.mx\/unison-busca-retorno-seguro-a-las-actividades-academicas-semestre-2021-2\/\"},\"author\":{\"name\":\"enequipo\",\"@id\":\"https:\/\/www.sonoraenequipo.com.mx\/#\/schema\/person\/50102df0fb23a8fa9e8effad8fa81386\"},\"headline\":\"\u00a0Unison busca retorno seguro a las actividades acad\u00e9micas semestre 2021-2\",\"datePublished\":\"2021-07-28T01:34:13+00:00\",\"dateModified\":\"2021-07-28T01:36:23+00:00\",\"mainEntityOfPage\":{\"@id\":\"https:\/\/www.sonoraenequipo.com.mx\/unison-busca-retorno-seguro-a-las-actividades-academicas-semestre-2021-2\/\"},\"wordCount\":275,\"commentCount\":0,\"publisher\":{\"@id\":\"https:\/\/www.sonoraenequipo.com.mx\/#organization\"},\"image\":{\"@id\":\"https:\/\/www.sonoraenequipo.com.mx\/unison-busca-retorno-seguro-a-las-actividades-academicas-semestre-2021-2\/#primaryimage\"},\"thumbnailUrl\":\"https:\/\/www.sonoraenequipo.com.mx\/storage\/2021\/03\/unison_nueva-rectora_opt.jpg\",\"keywords\":[\"covid\",\"Sonora\",\"UniSon\"],\"articleSection\":[\"Sonora\"],\"inLanguage\":\"es\",\"potentialAction\":[{\"@type\":\"CommentAction\",\"name\":\"Comment\",\"target\":[\"https:\/\/www.sonoraenequipo.com.mx\/unison-busca-retorno-seguro-a-las-actividades-academicas-semestre-2021-2\/#respond\"]}]},{\"@type\":\"WebPage\",\"@id\":\"https:\/\/www.sonoraenequipo.com.mx\/unison-busca-retorno-seguro-a-las-actividades-academicas-semestre-2021-2\/\",\"url\":\"https:\/\/www.sonoraenequipo.com.mx\/unison-busca-retorno-seguro-a-las-actividades-academicas-semestre-2021-2\/\",\"name\":\"Sonora en Equipo. \u00a0Unison busca retorno seguro a las actividades acad\u00e9micas semestre 2021-2 Sonora\",\"isPartOf\":{\"@id\":\"https:\/\/www.sonoraenequipo.com.mx\/#website\"},\"primaryImageOfPage\":{\"@id\":\"https:\/\/www.sonoraenequipo.com.mx\/unison-busca-retorno-seguro-a-las-actividades-academicas-semestre-2021-2\/#primaryimage\"},\"image\":{\"@id\":\"https:\/\/www.sonoraenequipo.com.mx\/unison-busca-retorno-seguro-a-las-actividades-academicas-semestre-2021-2\/#primaryimage\"},\"thumbnailUrl\":\"https:\/\/www.sonoraenequipo.com.mx\/storage\/2021\/03\/unison_nueva-rectora_opt.jpg\",\"datePublished\":\"2021-07-28T01:34:13+00:00\",\"dateModified\":\"2021-07-28T01:36:23+00:00\",\"description\":\"HERMOSILLO, SONORA,MX.\u2500\u2500 \u00a0En atenci\u00f3n a la situaci\u00f3n del sem\u00e1foro epidemiol\u00f3gico en el mapa Sonora Anticipa de la Secretar\u00eda de\u00a0 Salud del Gobierno del En Sonora en Equipo publicamos toda la informaci\u00f3n de Sonora, M\u00e9xico y el Mundo de manera oportuna y busca que la libertad de expresi\u00f3n sea real. Visita nuestro medio informativo publicado desde Hermosillo, Sonora. %\",\"breadcrumb\":{\"@id\":\"https:\/\/www.sonoraenequipo.com.mx\/unison-busca-retorno-seguro-a-las-actividades-academicas-semestre-2021-2\/#breadcrumb\"},\"inLanguage\":\"es\",\"potentialAction\":[{\"@type\":\"ReadAction\",\"target\":[\"https:\/\/www.sonoraenequipo.com.mx\/unison-busca-retorno-seguro-a-las-actividades-academicas-semestre-2021-2\/\"]}]},{\"@type\":\"ImageObject\",\"inLanguage\":\"es\",\"@id\":\"https:\/\/www.sonoraenequipo.com.mx\/unison-busca-retorno-seguro-a-las-actividades-academicas-semestre-2021-2\/#primaryimage\",\"url\":\"https:\/\/www.sonoraenequipo.com.mx\/storage\/2021\/03\/unison_nueva-rectora_opt.jpg\",\"contentUrl\":\"https:\/\/www.sonoraenequipo.com.mx\/storage\/2021\/03\/unison_nueva-rectora_opt.jpg\",\"width\":696,\"height\":400,\"caption\":\"Rectora Dra. Mar\u00eda Rita Plancarte Mart\u00ednez\"},{\"@type\":\"BreadcrumbList\",\"@id\":\"https:\/\/www.sonoraenequipo.com.mx\/unison-busca-retorno-seguro-a-las-actividades-academicas-semestre-2021-2\/#breadcrumb\",\"itemListElement\":[{\"@type\":\"ListItem\",\"position\":1,\"name\":\"Portada\",\"item\":\"https:\/\/www.sonoraenequipo.com.mx\/\"},{\"@type\":\"ListItem\",\"position\":2,\"name\":\"\u00a0Unison busca retorno seguro a las actividades acad\u00e9micas semestre 2021-2\"}]},{\"@type\":\"WebSite\",\"@id\":\"https:\/\/www.sonoraenequipo.com.mx\/#website\",\"url\":\"https:\/\/www.sonoraenequipo.com.mx\/\",\"name\":\"Sonora en Equipo.\",\"description\":\"Diario en l\u00ednea con Noticias desde Hermosillo, Sonora\",\"publisher\":{\"@id\":\"https:\/\/www.sonoraenequipo.com.mx\/#organization\"},\"potentialAction\":[{\"@type\":\"SearchAction\",\"target\":{\"@type\":\"EntryPoint\",\"urlTemplate\":\"https:\/\/www.sonoraenequipo.com.mx\/?s={search_term_string}\"},\"query-input\":{\"@type\":\"PropertyValueSpecification\",\"valueRequired\":true,\"valueName\":\"search_term_string\"}}],\"inLanguage\":\"es\"},{\"@type\":\"Organization\",\"@id\":\"https:\/\/www.sonoraenequipo.com.mx\/#organization\",\"name\":\"Sonoraenequipo.com.mx\",\"url\":\"https:\/\/www.sonoraenequipo.com.mx\/\",\"logo\":{\"@type\":\"ImageObject\",\"inLanguage\":\"es\",\"@id\":\"https:\/\/www.sonoraenequipo.com.mx\/#\/schema\/logo\/image\/\",\"url\":\"https:\/\/www.sonoraenequipo.com.mx\/storage\/2019\/01\/sonoraenequipo_opt.png\",\"contentUrl\":\"https:\/\/www.sonoraenequipo.com.mx\/storage\/2019\/01\/sonoraenequipo_opt.png\",\"width\":375,\"height\":125,\"caption\":\"Sonoraenequipo.com.mx\"},\"image\":{\"@id\":\"https:\/\/www.sonoraenequipo.com.mx\/#\/schema\/logo\/image\/\"},\"sameAs\":[\"https:\/\/www.facebook.com\/SonoraEE\/\",\"https:\/\/x.com\/sonoraenequipo\",\"https:\/\/www.youtube.com\/channel\/UC338nW-lPEYmJQs4ZABQ1SQ\"]},{\"@type\":\"Person\",\"@id\":\"https:\/\/www.sonoraenequipo.com.mx\/#\/schema\/person\/50102df0fb23a8fa9e8effad8fa81386\",\"name\":\"enequipo\",\"image\":{\"@type\":\"ImageObject\",\"inLanguage\":\"es\",\"@id\":\"https:\/\/www.sonoraenequipo.com.mx\/#\/schema\/person\/image\/\",\"url\":\"https:\/\/secure.gravatar.com\/avatar\/049821681b589dabc0bc20695993ccebb09f5b5d4d790cd9251b97faac7c652b?s=96&d=blank&r=g\",\"contentUrl\":\"https:\/\/secure.gravatar.com\/avatar\/049821681b589dabc0bc20695993ccebb09f5b5d4d790cd9251b97faac7c652b?s=96&d=blank&r=g\",\"caption\":\"enequipo\"},\"sameAs\":[\"https:\/\/www.facebook.com\/SonoraEE\"]}]}<\/script>\n ","yoast_head_json":{"title":"Sonora en Equipo. \u00a0Unison busca retorno seguro a las actividades acad\u00e9micas semestre 2021-2 Sonora","description":"HERMOSILLO, SONORA,MX.\u2500\u2500 \u00a0En atenci\u00f3n a la situaci\u00f3n del sem\u00e1foro epidemiol\u00f3gico en el mapa Sonora Anticipa de la Secretar\u00eda de\u00a0 Salud del Gobierno del En Sonora en Equipo publicamos toda la informaci\u00f3n de Sonora, M\u00e9xico y el Mundo de manera oportuna y busca que la libertad de expresi\u00f3n sea real. Visita nuestro medio informativo publicado desde Hermosillo, Sonora. %","robots":{"index":"index","follow":"follow","max-snippet":"max-snippet:-1","max-image-preview":"max-image-preview:large","max-video-preview":"max-video-preview:-1"},"canonical":"https:\/\/www.sonoraenequipo.com.mx\/unison-busca-retorno-seguro-a-las-actividades-academicas-semestre-2021-2\/","og_locale":"es_ES","og_type":"article","og_title":"Sonora en Equipo. \u00a0Unison busca retorno seguro a las actividades acad\u00e9micas semestre 2021-2 Sonora","og_description":"HERMOSILLO, SONORA,MX.\u2500\u2500 \u00a0En atenci\u00f3n a la situaci\u00f3n del sem\u00e1foro epidemiol\u00f3gico en el mapa Sonora Anticipa de la Secretar\u00eda de\u00a0 Salud del Gobierno del En Sonora en Equipo publicamos toda la informaci\u00f3n de Sonora, M\u00e9xico y el Mundo de manera oportuna y busca que la libertad de expresi\u00f3n sea real. Visita nuestro medio informativo publicado desde Hermosillo, Sonora. %","og_url":"https:\/\/www.sonoraenequipo.com.mx\/unison-busca-retorno-seguro-a-las-actividades-academicas-semestre-2021-2\/","og_site_name":"Sonora en Equipo.","article_publisher":"https:\/\/www.facebook.com\/SonoraEE\/","article_author":"https:\/\/www.facebook.com\/SonoraEE","article_published_time":"2021-07-28T01:34:13+00:00","article_modified_time":"2021-07-28T01:36:23+00:00","og_image":[{"width":696,"height":400,"url":"https:\/\/www.sonoraenequipo.com.mx\/storage\/2021\/03\/unison_nueva-rectora_opt.jpg","type":"image\/jpeg"}],"author":"enequipo","twitter_card":"summary_large_image","twitter_creator":"@sonoraenequipo","twitter_site":"@sonoraenequipo","twitter_misc":{"Escrito por":"enequipo","Tiempo de lectura":"2 minutos"},"schema":{"@context":"https:\/\/schema.org","@graph":[{"@type":"Article","@id":"https:\/\/www.sonoraenequipo.com.mx\/unison-busca-retorno-seguro-a-las-actividades-academicas-semestre-2021-2\/#article","isPartOf":{"@id":"https:\/\/www.sonoraenequipo.com.mx\/unison-busca-retorno-seguro-a-las-actividades-academicas-semestre-2021-2\/"},"author":{"name":"enequipo","@id":"https:\/\/www.sonoraenequipo.com.mx\/#\/schema\/person\/50102df0fb23a8fa9e8effad8fa81386"},"headline":"\u00a0Unison busca retorno seguro a las actividades acad\u00e9micas semestre 2021-2","datePublished":"2021-07-28T01:34:13+00:00","dateModified":"2021-07-28T01:36:23+00:00","mainEntityOfPage":{"@id":"https:\/\/www.sonoraenequipo.com.mx\/unison-busca-retorno-seguro-a-las-actividades-academicas-semestre-2021-2\/"},"wordCount":275,"commentCount":0,"publisher":{"@id":"https:\/\/www.sonoraenequipo.com.mx\/#organization"},"image":{"@id":"https:\/\/www.sonoraenequipo.com.mx\/unison-busca-retorno-seguro-a-las-actividades-academicas-semestre-2021-2\/#primaryimage"},"thumbnailUrl":"https:\/\/www.sonoraenequipo.com.mx\/storage\/2021\/03\/unison_nueva-rectora_opt.jpg","keywords":["covid","Sonora","UniSon"],"articleSection":["Sonora"],"inLanguage":"es","potentialAction":[{"@type":"CommentAction","name":"Comment","target":["https:\/\/www.sonoraenequipo.com.mx\/unison-busca-retorno-seguro-a-las-actividades-academicas-semestre-2021-2\/#respond"]}]},{"@type":"WebPage","@id":"https:\/\/www.sonoraenequipo.com.mx\/unison-busca-retorno-seguro-a-las-actividades-academicas-semestre-2021-2\/","url":"https:\/\/www.sonoraenequipo.com.mx\/unison-busca-retorno-seguro-a-las-actividades-academicas-semestre-2021-2\/","name":"Sonora en Equipo. \u00a0Unison busca retorno seguro a las actividades acad\u00e9micas semestre 2021-2 Sonora","isPartOf":{"@id":"https:\/\/www.sonoraenequipo.com.mx\/#website"},"primaryImageOfPage":{"@id":"https:\/\/www.sonoraenequipo.com.mx\/unison-busca-retorno-seguro-a-las-actividades-academicas-semestre-2021-2\/#primaryimage"},"image":{"@id":"https:\/\/www.sonoraenequipo.com.mx\/unison-busca-retorno-seguro-a-las-actividades-academicas-semestre-2021-2\/#primaryimage"},"thumbnailUrl":"https:\/\/www.sonoraenequipo.com.mx\/storage\/2021\/03\/unison_nueva-rectora_opt.jpg","datePublished":"2021-07-28T01:34:13+00:00","dateModified":"2021-07-28T01:36:23+00:00","description":"HERMOSILLO, SONORA,MX.\u2500\u2500 \u00a0En atenci\u00f3n a la situaci\u00f3n del sem\u00e1foro epidemiol\u00f3gico en el mapa Sonora Anticipa de la Secretar\u00eda de\u00a0 Salud del Gobierno del En Sonora en Equipo publicamos toda la informaci\u00f3n de Sonora, M\u00e9xico y el Mundo de manera oportuna y busca que la libertad de expresi\u00f3n sea real. Visita nuestro medio informativo publicado desde Hermosillo, Sonora. %","breadcrumb":{"@id":"https:\/\/www.sonoraenequipo.com.mx\/unison-busca-retorno-seguro-a-las-actividades-academicas-semestre-2021-2\/#breadcrumb"},"inLanguage":"es","potentialAction":[{"@type":"ReadAction","target":["https:\/\/www.sonoraenequipo.com.mx\/unison-busca-retorno-seguro-a-las-actividades-academicas-semestre-2021-2\/"]}]},{"@type":"ImageObject","inLanguage":"es","@id":"https:\/\/www.sonoraenequipo.com.mx\/unison-busca-retorno-seguro-a-las-actividades-academicas-semestre-2021-2\/#primaryimage","url":"https:\/\/www.sonoraenequipo.com.mx\/storage\/2021\/03\/unison_nueva-rectora_opt.jpg","contentUrl":"https:\/\/www.sonoraenequipo.com.mx\/storage\/2021\/03\/unison_nueva-rectora_opt.jpg","width":696,"height":400,"caption":"Rectora Dra. Mar\u00eda Rita Plancarte Mart\u00ednez"},{"@type":"BreadcrumbList","@id":"https:\/\/www.sonoraenequipo.com.mx\/unison-busca-retorno-seguro-a-las-actividades-academicas-semestre-2021-2\/#breadcrumb","itemListElement":[{"@type":"ListItem","position":1,"name":"Portada","item":"https:\/\/www.sonoraenequipo.com.mx\/"},{"@type":"ListItem","position":2,"name":"\u00a0Unison busca retorno seguro a las actividades acad\u00e9micas semestre 2021-2"}]},{"@type":"WebSite","@id":"https:\/\/www.sonoraenequipo.com.mx\/#website","url":"https:\/\/www.sonoraenequipo.com.mx\/","name":"Sonora en Equipo.","description":"Diario en l\u00ednea con Noticias desde Hermosillo, Sonora","publisher":{"@id":"https:\/\/www.sonoraenequipo.com.mx\/#organization"},"potentialAction":[{"@type":"SearchAction","target":{"@type":"EntryPoint","urlTemplate":"https:\/\/www.sonoraenequipo.com.mx\/?s={search_term_string}"},"query-input":{"@type":"PropertyValueSpecification","valueRequired":true,"valueName":"search_term_string"}}],"inLanguage":"es"},{"@type":"Organization","@id":"https:\/\/www.sonoraenequipo.com.mx\/#organization","name":"Sonoraenequipo.com.mx","url":"https:\/\/www.sonoraenequipo.com.mx\/","logo":{"@type":"ImageObject","inLanguage":"es","@id":"https:\/\/www.sonoraenequipo.com.mx\/#\/schema\/logo\/image\/","url":"https:\/\/www.sonoraenequipo.com.mx\/storage\/2019\/01\/sonoraenequipo_opt.png","contentUrl":"https:\/\/www.sonoraenequipo.com.mx\/storage\/2019\/01\/sonoraenequipo_opt.png","width":375,"height":125,"caption":"Sonoraenequipo.com.mx"},"image":{"@id":"https:\/\/www.sonoraenequipo.com.mx\/#\/schema\/logo\/image\/"},"sameAs":["https:\/\/www.facebook.com\/SonoraEE\/","https:\/\/x.com\/sonoraenequipo","https:\/\/www.youtube.com\/channel\/UC338nW-lPEYmJQs4ZABQ1SQ"]},{"@type":"Person","@id":"https:\/\/www.sonoraenequipo.com.mx\/#\/schema\/person\/50102df0fb23a8fa9e8effad8fa81386","name":"enequipo","image":{"@type":"ImageObject","inLanguage":"es","@id":"https:\/\/www.sonoraenequipo.com.mx\/#\/schema\/person\/image\/","url":"https:\/\/secure.gravatar.com\/avatar\/049821681b589dabc0bc20695993ccebb09f5b5d4d790cd9251b97faac7c652b?s=96&d=blank&r=g","contentUrl":"https:\/\/secure.gravatar.com\/avatar\/049821681b589dabc0bc20695993ccebb09f5b5d4d790cd9251b97faac7c652b?s=96&d=blank&r=g","caption":"enequipo"},"sameAs":["https:\/\/www.facebook.com\/SonoraEE"]}]}},"jetpack_featured_media_url":"https:\/\/www.sonoraenequipo.com.mx\/storage\/2021\/03\/unison_nueva-rectora_opt.jpg","_links":{"self":[{"href":"https:\/\/www.sonoraenequipo.com.mx\/api\/wp\/v2\/posts\/119240","targetHints":{"allow":["GET"]}}],"collection":[{"href":"https:\/\/www.sonoraenequipo.com.mx\/api\/wp\/v2\/posts"}],"about":[{"href":"https:\/\/www.sonoraenequipo.com.mx\/api\/wp\/v2\/types\/post"}],"author":[{"embeddable":true,"href":"https:\/\/www.sonoraenequipo.com.mx\/api\/wp\/v2\/users\/1"}],"replies":[{"embeddable":true,"href":"https:\/\/www.sonoraenequipo.com.mx\/api\/wp\/v2\/comments?post=119240"}],"version-history":[{"count":1,"href":"https:\/\/www.sonoraenequipo.com.mx\/api\/wp\/v2\/posts\/119240\/revisions"}],"predecessor-version":[{"id":119241,"href":"https:\/\/www.sonoraenequipo.com.mx\/api\/wp\/v2\/posts\/119240\/revisions\/119241"}],"wp:featuredmedia":[{"embeddable":true,"href":"https:\/\/www.sonoraenequipo.com.mx\/api\/wp\/v2\/media\/109291"}],"wp:attachment":[{"href":"https:\/\/www.sonoraenequipo.com.mx\/api\/wp\/v2\/media?parent=119240"}],"wp:term":[{"taxonomy":"category","embeddable":true,"href":"https:\/\/www.sonoraenequipo.com.mx\/api\/wp\/v2\/categories?post=119240"},{"taxonomy":"post_tag","embeddable":true,"href":"https:\/\/www.sonoraenequipo.com.mx\/api\/wp\/v2\/tags?post=119240"}],"curies":[{"name":"wp","href":"https:\/\/api.w.org\/{rel}","templated":true}]}}