{"id":119248,"date":"2021-07-27T19:00:36","date_gmt":"2021-07-28T02:00:36","guid":{"rendered":"https:\/\/www.sonoraenequipo.com.mx\/?p=119248"},"modified":"2021-07-27T19:00:36","modified_gmt":"2021-07-28T02:00:36","slug":"se-reinscribiran-en-linea-13-mil-estudiantes-de-la-ues","status":"publish","type":"post","link":"https:\/\/www.sonoraenequipo.com.mx\/se-reinscribiran-en-linea-13-mil-estudiantes-de-la-ues\/","title":{"rendered":"Se reinscribir\u00e1n en l\u00ednea 13 mil estudiantes de la UES"},"content":{"rendered":"<p>HERMOSILLO, SONORA,MX.\u2500\u2500 \u00a0Del lunes 2 al viernes 6 de agosto, la Universidad Estatal de Sonora (UES) abrir\u00e1 el proceso de reinscripciones en l\u00ednea al semestre 2021-2, para estudiantes activos o inscritos en el semestre anterior.<\/p>\n<p>&nbsp;<\/p>\n<p>&nbsp;<\/p>\n<p>&nbsp;<\/p>\n<p>Lourdes Ruiz Anguis, coordinadora de Administraci\u00f3n Escolar de la UES, explic\u00f3 que en este periodo todos los estudiantes de la Universidad, con excepci\u00f3n de los de nuevo ingreso, eligen las materias y horarios que cursar\u00e1n en el siguiente semestre.<\/p>\n<p>&nbsp;<\/p>\n<p>&nbsp;<\/p>\n<p>&nbsp;<\/p>\n<p>\u201cLas reinscripciones son el periodo en el que los estudiantes activos de UES seleccionan las materias y horarios que quieren tomar en su siguiente semestre y es solo para estudiantes que hayan estado inscritos el ciclo anterior\u201d, precis\u00f3.<\/p>\n<p>&nbsp;<\/p>\n<p>&nbsp;<\/p>\n<p>&nbsp;<\/p>\n<p>Previamente, los estudiantes de UES deber\u00e1n ingresar a https:\/\/escolares.ues.mx con su expediente y contrase\u00f1a, para conocer su turno de reinscripci\u00f3n y posteriormente volver en la fecha y hora que les corresponde para elegir las materias y horarios que cursar\u00e1n el semestre 2021-2.<\/p>\n<p>&nbsp;<\/p>\n<p>&nbsp;<\/p>\n<p>&nbsp;<\/p>\n<p>Durante esa semana, se espera que alrededor de 13 mil estudiantes de UES ingresen al portal de Servicios Escolares, elijan su tira de materias y realicen el pago de su semestre. Cabe mencionar que la UES otorga est\u00edmulos acad\u00e9micos o descuentos en el costo de las materias a los estudiantes regulares (sin materias reprobadas o adeudos) con promedio de 90 o superior.<\/p>\n<p>&nbsp;<\/p>\n<p>&nbsp;<\/p>\n<p>&nbsp;<\/p>\n<p>El est\u00edmulo acad\u00e9mico es de 30% para estudiantes con promedio de 90 a 93 en el semestre anterior; de 50% para estudiantes con promedio de 94 a 96 y de 75% para estudiantes con promedio superior a 97.<\/p>\n<p>&nbsp;<\/p>\n<p>&nbsp;<\/p>\n<p>&nbsp;<\/p>\n<p>Dicho descuento es aplicado en el mismo n\u00famero de materias con las que se obtuvo dicho promedio; es decir, si el estudiante curs\u00f3 6 materias el semestre anterior, el descuento aplica en el mismo n\u00famero de materias en el semestre en el que se va a inscribir.<\/p>\n<p>&nbsp;<\/p>\n<p>&nbsp;<\/p>\n<p>&nbsp;<\/p>\n<p>Durante el periodo de reinscripciones, el personal de Control Escolar de la Universidad estar\u00e1 atendiendo dudas a trav\u00e9s del tel\u00e9fono 6626890100 y en las instalaciones en horario de 9:00 a 14:00 horas, as\u00ed como en las redes sociales de la Universidad, ues.mx en facebook e instagram y @ues_mx en twitter.<\/p>\n<p>Fecha de Publicaci\u00f3n\u00a0 martes \/ 27\u00a0\u00a0 \/ julio \/ 2021<\/p>\n","protected":false},"excerpt":{"rendered":"<p>HERMOSILLO, SONORA,MX.\u2500\u2500 \u00a0Del lunes 2 al viernes 6 de agosto, la Universidad Estatal de Sonora&#8230;<\/p>\n","protected":false},"author":1,"featured_media":110069,"comment_status":"open","ping_status":"open","sticky":false,"template":"","format":"standard","meta":{"_monsterinsights_skip_tracking":false,"_monsterinsights_sitenote_active":false,"_monsterinsights_sitenote_note":"","_monsterinsights_sitenote_category":0,"footnotes":""},"categories":[22],"tags":[5396],"class_list":["post"],"yoast_head":" \n<title>Sonora en Equipo. Se reinscribir\u00e1n en l\u00ednea 13 mil estudiantes de la UES Sonora<\/title>\n<meta name=\"description\" content=\"HERMOSILLO, SONORA,MX.\u2500\u2500 \u00a0Del lunes 2 al viernes 6 de agosto, la Universidad Estatal de Sonora (UES) abrir\u00e1 el proceso de reinscripciones en l\u00ednea al En Sonora en Equipo publicamos toda la informaci\u00f3n de Sonora, M\u00e9xico y el Mundo de manera oportuna y busca que la libertad de expresi\u00f3n sea real. Visita nuestro medio informativo publicado desde Hermosillo, Sonora. %\" \/>\n<meta name=\"robots\" content=\"index, follow, max-snippet:-1, max-image-preview:large, max-video-preview:-1\" \/>\n<link rel=\"canonical\" href=\"https:\/\/www.sonoraenequipo.com.mx\/se-reinscribiran-en-linea-13-mil-estudiantes-de-la-ues\/\" \/>\n<meta property=\"og:locale\" content=\"es_ES\" \/>\n<meta property=\"og:type\" content=\"article\" \/>\n<meta property=\"og:title\" content=\"Sonora en Equipo. Se reinscribir\u00e1n en l\u00ednea 13 mil estudiantes de la UES Sonora\" \/>\n<meta property=\"og:description\" content=\"HERMOSILLO, SONORA,MX.\u2500\u2500 \u00a0Del lunes 2 al viernes 6 de agosto, la Universidad Estatal de Sonora (UES) abrir\u00e1 el proceso de reinscripciones en l\u00ednea al En Sonora en Equipo publicamos toda la informaci\u00f3n de Sonora, M\u00e9xico y el Mundo de manera oportuna y busca que la libertad de expresi\u00f3n sea real. Visita nuestro medio informativo publicado desde Hermosillo, Sonora. %\" \/>\n<meta property=\"og:url\" content=\"https:\/\/www.sonoraenequipo.com.mx\/se-reinscribiran-en-linea-13-mil-estudiantes-de-la-ues\/\" \/>\n<meta property=\"og:site_name\" content=\"Sonora en Equipo.\" \/>\n<meta property=\"article:publisher\" content=\"https:\/\/www.facebook.com\/SonoraEE\/\" \/>\n<meta property=\"article:author\" content=\"https:\/\/www.facebook.com\/SonoraEE\" \/>\n<meta property=\"article:published_time\" content=\"2021-07-28T02:00:36+00:00\" \/>\n<meta property=\"og:image\" content=\"https:\/\/www.sonoraenequipo.com.mx\/storage\/2021\/03\/ues-1_opt-1.jpg\" \/>\n\t<meta property=\"og:image:width\" content=\"709\" \/>\n\t<meta property=\"og:image:height\" content=\"400\" \/>\n\t<meta property=\"og:image:type\" content=\"image\/jpeg\" \/>\n<meta name=\"author\" content=\"enequipo\" \/>\n<meta name=\"twitter:card\" content=\"summary_large_image\" \/>\n<meta name=\"twitter:creator\" content=\"@sonoraenequipo\" \/>\n<meta name=\"twitter:site\" content=\"@sonoraenequipo\" \/>\n<meta name=\"twitter:label1\" content=\"Escrito por\" \/>\n\t<meta name=\"twitter:data1\" content=\"enequipo\" \/>\n\t<meta name=\"twitter:label2\" content=\"Tiempo de lectura\" \/>\n\t<meta name=\"twitter:data2\" content=\"2 minutos\" \/>\n<script type=\"application\/ld+json\" class=\"yoast-schema-graph\">{\"@context\":\"https:\/\/schema.org\",\"@graph\":[{\"@type\":\"Article\",\"@id\":\"https:\/\/www.sonoraenequipo.com.mx\/se-reinscribiran-en-linea-13-mil-estudiantes-de-la-ues\/#article\",\"isPartOf\":{\"@id\":\"https:\/\/www.sonoraenequipo.com.mx\/se-reinscribiran-en-linea-13-mil-estudiantes-de-la-ues\/\"},\"author\":{\"name\":\"enequipo\",\"@id\":\"https:\/\/www.sonoraenequipo.com.mx\/#\/schema\/person\/50102df0fb23a8fa9e8effad8fa81386\"},\"headline\":\"Se reinscribir\u00e1n en l\u00ednea 13 mil estudiantes de la UES\",\"datePublished\":\"2021-07-28T02:00:36+00:00\",\"mainEntityOfPage\":{\"@id\":\"https:\/\/www.sonoraenequipo.com.mx\/se-reinscribiran-en-linea-13-mil-estudiantes-de-la-ues\/\"},\"wordCount\":395,\"commentCount\":0,\"publisher\":{\"@id\":\"https:\/\/www.sonoraenequipo.com.mx\/#organization\"},\"image\":{\"@id\":\"https:\/\/www.sonoraenequipo.com.mx\/se-reinscribiran-en-linea-13-mil-estudiantes-de-la-ues\/#primaryimage\"},\"thumbnailUrl\":\"https:\/\/www.sonoraenequipo.com.mx\/storage\/2021\/03\/ues-1_opt-1.jpg\",\"keywords\":[\"covid sonora\"],\"articleSection\":[\"Sonora\"],\"inLanguage\":\"es\",\"potentialAction\":[{\"@type\":\"CommentAction\",\"name\":\"Comment\",\"target\":[\"https:\/\/www.sonoraenequipo.com.mx\/se-reinscribiran-en-linea-13-mil-estudiantes-de-la-ues\/#respond\"]}]},{\"@type\":\"WebPage\",\"@id\":\"https:\/\/www.sonoraenequipo.com.mx\/se-reinscribiran-en-linea-13-mil-estudiantes-de-la-ues\/\",\"url\":\"https:\/\/www.sonoraenequipo.com.mx\/se-reinscribiran-en-linea-13-mil-estudiantes-de-la-ues\/\",\"name\":\"Sonora en Equipo. Se reinscribir\u00e1n en l\u00ednea 13 mil estudiantes de la UES Sonora\",\"isPartOf\":{\"@id\":\"https:\/\/www.sonoraenequipo.com.mx\/#website\"},\"primaryImageOfPage\":{\"@id\":\"https:\/\/www.sonoraenequipo.com.mx\/se-reinscribiran-en-linea-13-mil-estudiantes-de-la-ues\/#primaryimage\"},\"image\":{\"@id\":\"https:\/\/www.sonoraenequipo.com.mx\/se-reinscribiran-en-linea-13-mil-estudiantes-de-la-ues\/#primaryimage\"},\"thumbnailUrl\":\"https:\/\/www.sonoraenequipo.com.mx\/storage\/2021\/03\/ues-1_opt-1.jpg\",\"datePublished\":\"2021-07-28T02:00:36+00:00\",\"description\":\"HERMOSILLO, SONORA,MX.\u2500\u2500 \u00a0Del lunes 2 al viernes 6 de agosto, la Universidad Estatal de Sonora (UES) abrir\u00e1 el proceso de reinscripciones en l\u00ednea al En Sonora en Equipo publicamos toda la informaci\u00f3n de Sonora, M\u00e9xico y el Mundo de manera oportuna y busca que la libertad de expresi\u00f3n sea real. Visita nuestro medio informativo publicado desde Hermosillo, Sonora. %\",\"breadcrumb\":{\"@id\":\"https:\/\/www.sonoraenequipo.com.mx\/se-reinscribiran-en-linea-13-mil-estudiantes-de-la-ues\/#breadcrumb\"},\"inLanguage\":\"es\",\"potentialAction\":[{\"@type\":\"ReadAction\",\"target\":[\"https:\/\/www.sonoraenequipo.com.mx\/se-reinscribiran-en-linea-13-mil-estudiantes-de-la-ues\/\"]}]},{\"@type\":\"ImageObject\",\"inLanguage\":\"es\",\"@id\":\"https:\/\/www.sonoraenequipo.com.mx\/se-reinscribiran-en-linea-13-mil-estudiantes-de-la-ues\/#primaryimage\",\"url\":\"https:\/\/www.sonoraenequipo.com.mx\/storage\/2021\/03\/ues-1_opt-1.jpg\",\"contentUrl\":\"https:\/\/www.sonoraenequipo.com.mx\/storage\/2021\/03\/ues-1_opt-1.jpg\",\"width\":709,\"height\":400},{\"@type\":\"BreadcrumbList\",\"@id\":\"https:\/\/www.sonoraenequipo.com.mx\/se-reinscribiran-en-linea-13-mil-estudiantes-de-la-ues\/#breadcrumb\",\"itemListElement\":[{\"@type\":\"ListItem\",\"position\":1,\"name\":\"Portada\",\"item\":\"https:\/\/www.sonoraenequipo.com.mx\/\"},{\"@type\":\"ListItem\",\"position\":2,\"name\":\"Se reinscribir\u00e1n en l\u00ednea 13 mil estudiantes de la UES\"}]},{\"@type\":\"WebSite\",\"@id\":\"https:\/\/www.sonoraenequipo.com.mx\/#website\",\"url\":\"https:\/\/www.sonoraenequipo.com.mx\/\",\"name\":\"Sonora en Equipo.\",\"description\":\"Diario en l\u00ednea con Noticias desde Hermosillo, Sonora\",\"publisher\":{\"@id\":\"https:\/\/www.sonoraenequipo.com.mx\/#organization\"},\"potentialAction\":[{\"@type\":\"SearchAction\",\"target\":{\"@type\":\"EntryPoint\",\"urlTemplate\":\"https:\/\/www.sonoraenequipo.com.mx\/?s={search_term_string}\"},\"query-input\":{\"@type\":\"PropertyValueSpecification\",\"valueRequired\":true,\"valueName\":\"search_term_string\"}}],\"inLanguage\":\"es\"},{\"@type\":\"Organization\",\"@id\":\"https:\/\/www.sonoraenequipo.com.mx\/#organization\",\"name\":\"Sonoraenequipo.com.mx\",\"url\":\"https:\/\/www.sonoraenequipo.com.mx\/\",\"logo\":{\"@type\":\"ImageObject\",\"inLanguage\":\"es\",\"@id\":\"https:\/\/www.sonoraenequipo.com.mx\/#\/schema\/logo\/image\/\",\"url\":\"https:\/\/www.sonoraenequipo.com.mx\/storage\/2019\/01\/sonoraenequipo_opt.png\",\"contentUrl\":\"https:\/\/www.sonoraenequipo.com.mx\/storage\/2019\/01\/sonoraenequipo_opt.png\",\"width\":375,\"height\":125,\"caption\":\"Sonoraenequipo.com.mx\"},\"image\":{\"@id\":\"https:\/\/www.sonoraenequipo.com.mx\/#\/schema\/logo\/image\/\"},\"sameAs\":[\"https:\/\/www.facebook.com\/SonoraEE\/\",\"https:\/\/x.com\/sonoraenequipo\",\"https:\/\/www.youtube.com\/channel\/UC338nW-lPEYmJQs4ZABQ1SQ\"]},{\"@type\":\"Person\",\"@id\":\"https:\/\/www.sonoraenequipo.com.mx\/#\/schema\/person\/50102df0fb23a8fa9e8effad8fa81386\",\"name\":\"enequipo\",\"image\":{\"@type\":\"ImageObject\",\"inLanguage\":\"es\",\"@id\":\"https:\/\/www.sonoraenequipo.com.mx\/#\/schema\/person\/image\/\",\"url\":\"https:\/\/secure.gravatar.com\/avatar\/049821681b589dabc0bc20695993ccebb09f5b5d4d790cd9251b97faac7c652b?s=96&d=blank&r=g\",\"contentUrl\":\"https:\/\/secure.gravatar.com\/avatar\/049821681b589dabc0bc20695993ccebb09f5b5d4d790cd9251b97faac7c652b?s=96&d=blank&r=g\",\"caption\":\"enequipo\"},\"sameAs\":[\"https:\/\/www.facebook.com\/SonoraEE\"]}]}<\/script>\n ","yoast_head_json":{"title":"Sonora en Equipo. Se reinscribir\u00e1n en l\u00ednea 13 mil estudiantes de la UES Sonora","description":"HERMOSILLO, SONORA,MX.\u2500\u2500 \u00a0Del lunes 2 al viernes 6 de agosto, la Universidad Estatal de Sonora (UES) abrir\u00e1 el proceso de reinscripciones en l\u00ednea al En Sonora en Equipo publicamos toda la informaci\u00f3n de Sonora, M\u00e9xico y el Mundo de manera oportuna y busca que la libertad de expresi\u00f3n sea real. Visita nuestro medio informativo publicado desde Hermosillo, Sonora. %","robots":{"index":"index","follow":"follow","max-snippet":"max-snippet:-1","max-image-preview":"max-image-preview:large","max-video-preview":"max-video-preview:-1"},"canonical":"https:\/\/www.sonoraenequipo.com.mx\/se-reinscribiran-en-linea-13-mil-estudiantes-de-la-ues\/","og_locale":"es_ES","og_type":"article","og_title":"Sonora en Equipo. Se reinscribir\u00e1n en l\u00ednea 13 mil estudiantes de la UES Sonora","og_description":"HERMOSILLO, SONORA,MX.\u2500\u2500 \u00a0Del lunes 2 al viernes 6 de agosto, la Universidad Estatal de Sonora (UES) abrir\u00e1 el proceso de reinscripciones en l\u00ednea al En Sonora en Equipo publicamos toda la informaci\u00f3n de Sonora, M\u00e9xico y el Mundo de manera oportuna y busca que la libertad de expresi\u00f3n sea real. Visita nuestro medio informativo publicado desde Hermosillo, Sonora. %","og_url":"https:\/\/www.sonoraenequipo.com.mx\/se-reinscribiran-en-linea-13-mil-estudiantes-de-la-ues\/","og_site_name":"Sonora en Equipo.","article_publisher":"https:\/\/www.facebook.com\/SonoraEE\/","article_author":"https:\/\/www.facebook.com\/SonoraEE","article_published_time":"2021-07-28T02:00:36+00:00","og_image":[{"width":709,"height":400,"url":"https:\/\/www.sonoraenequipo.com.mx\/storage\/2021\/03\/ues-1_opt-1.jpg","type":"image\/jpeg"}],"author":"enequipo","twitter_card":"summary_large_image","twitter_creator":"@sonoraenequipo","twitter_site":"@sonoraenequipo","twitter_misc":{"Escrito por":"enequipo","Tiempo de lectura":"2 minutos"},"schema":{"@context":"https:\/\/schema.org","@graph":[{"@type":"Article","@id":"https:\/\/www.sonoraenequipo.com.mx\/se-reinscribiran-en-linea-13-mil-estudiantes-de-la-ues\/#article","isPartOf":{"@id":"https:\/\/www.sonoraenequipo.com.mx\/se-reinscribiran-en-linea-13-mil-estudiantes-de-la-ues\/"},"author":{"name":"enequipo","@id":"https:\/\/www.sonoraenequipo.com.mx\/#\/schema\/person\/50102df0fb23a8fa9e8effad8fa81386"},"headline":"Se reinscribir\u00e1n en l\u00ednea 13 mil estudiantes de la UES","datePublished":"2021-07-28T02:00:36+00:00","mainEntityOfPage":{"@id":"https:\/\/www.sonoraenequipo.com.mx\/se-reinscribiran-en-linea-13-mil-estudiantes-de-la-ues\/"},"wordCount":395,"commentCount":0,"publisher":{"@id":"https:\/\/www.sonoraenequipo.com.mx\/#organization"},"image":{"@id":"https:\/\/www.sonoraenequipo.com.mx\/se-reinscribiran-en-linea-13-mil-estudiantes-de-la-ues\/#primaryimage"},"thumbnailUrl":"https:\/\/www.sonoraenequipo.com.mx\/storage\/2021\/03\/ues-1_opt-1.jpg","keywords":["covid sonora"],"articleSection":["Sonora"],"inLanguage":"es","potentialAction":[{"@type":"CommentAction","name":"Comment","target":["https:\/\/www.sonoraenequipo.com.mx\/se-reinscribiran-en-linea-13-mil-estudiantes-de-la-ues\/#respond"]}]},{"@type":"WebPage","@id":"https:\/\/www.sonoraenequipo.com.mx\/se-reinscribiran-en-linea-13-mil-estudiantes-de-la-ues\/","url":"https:\/\/www.sonoraenequipo.com.mx\/se-reinscribiran-en-linea-13-mil-estudiantes-de-la-ues\/","name":"Sonora en Equipo. Se reinscribir\u00e1n en l\u00ednea 13 mil estudiantes de la UES Sonora","isPartOf":{"@id":"https:\/\/www.sonoraenequipo.com.mx\/#website"},"primaryImageOfPage":{"@id":"https:\/\/www.sonoraenequipo.com.mx\/se-reinscribiran-en-linea-13-mil-estudiantes-de-la-ues\/#primaryimage"},"image":{"@id":"https:\/\/www.sonoraenequipo.com.mx\/se-reinscribiran-en-linea-13-mil-estudiantes-de-la-ues\/#primaryimage"},"thumbnailUrl":"https:\/\/www.sonoraenequipo.com.mx\/storage\/2021\/03\/ues-1_opt-1.jpg","datePublished":"2021-07-28T02:00:36+00:00","description":"HERMOSILLO, SONORA,MX.\u2500\u2500 \u00a0Del lunes 2 al viernes 6 de agosto, la Universidad Estatal de Sonora (UES) abrir\u00e1 el proceso de reinscripciones en l\u00ednea al En Sonora en Equipo publicamos toda la informaci\u00f3n de Sonora, M\u00e9xico y el Mundo de manera oportuna y busca que la libertad de expresi\u00f3n sea real. Visita nuestro medio informativo publicado desde Hermosillo, Sonora. %","breadcrumb":{"@id":"https:\/\/www.sonoraenequipo.com.mx\/se-reinscribiran-en-linea-13-mil-estudiantes-de-la-ues\/#breadcrumb"},"inLanguage":"es","potentialAction":[{"@type":"ReadAction","target":["https:\/\/www.sonoraenequipo.com.mx\/se-reinscribiran-en-linea-13-mil-estudiantes-de-la-ues\/"]}]},{"@type":"ImageObject","inLanguage":"es","@id":"https:\/\/www.sonoraenequipo.com.mx\/se-reinscribiran-en-linea-13-mil-estudiantes-de-la-ues\/#primaryimage","url":"https:\/\/www.sonoraenequipo.com.mx\/storage\/2021\/03\/ues-1_opt-1.jpg","contentUrl":"https:\/\/www.sonoraenequipo.com.mx\/storage\/2021\/03\/ues-1_opt-1.jpg","width":709,"height":400},{"@type":"BreadcrumbList","@id":"https:\/\/www.sonoraenequipo.com.mx\/se-reinscribiran-en-linea-13-mil-estudiantes-de-la-ues\/#breadcrumb","itemListElement":[{"@type":"ListItem","position":1,"name":"Portada","item":"https:\/\/www.sonoraenequipo.com.mx\/"},{"@type":"ListItem","position":2,"name":"Se reinscribir\u00e1n en l\u00ednea 13 mil estudiantes de la UES"}]},{"@type":"WebSite","@id":"https:\/\/www.sonoraenequipo.com.mx\/#website","url":"https:\/\/www.sonoraenequipo.com.mx\/","name":"Sonora en Equipo.","description":"Diario en l\u00ednea con Noticias desde Hermosillo, Sonora","publisher":{"@id":"https:\/\/www.sonoraenequipo.com.mx\/#organization"},"potentialAction":[{"@type":"SearchAction","target":{"@type":"EntryPoint","urlTemplate":"https:\/\/www.sonoraenequipo.com.mx\/?s={search_term_string}"},"query-input":{"@type":"PropertyValueSpecification","valueRequired":true,"valueName":"search_term_string"}}],"inLanguage":"es"},{"@type":"Organization","@id":"https:\/\/www.sonoraenequipo.com.mx\/#organization","name":"Sonoraenequipo.com.mx","url":"https:\/\/www.sonoraenequipo.com.mx\/","logo":{"@type":"ImageObject","inLanguage":"es","@id":"https:\/\/www.sonoraenequipo.com.mx\/#\/schema\/logo\/image\/","url":"https:\/\/www.sonoraenequipo.com.mx\/storage\/2019\/01\/sonoraenequipo_opt.png","contentUrl":"https:\/\/www.sonoraenequipo.com.mx\/storage\/2019\/01\/sonoraenequipo_opt.png","width":375,"height":125,"caption":"Sonoraenequipo.com.mx"},"image":{"@id":"https:\/\/www.sonoraenequipo.com.mx\/#\/schema\/logo\/image\/"},"sameAs":["https:\/\/www.facebook.com\/SonoraEE\/","https:\/\/x.com\/sonoraenequipo","https:\/\/www.youtube.com\/channel\/UC338nW-lPEYmJQs4ZABQ1SQ"]},{"@type":"Person","@id":"https:\/\/www.sonoraenequipo.com.mx\/#\/schema\/person\/50102df0fb23a8fa9e8effad8fa81386","name":"enequipo","image":{"@type":"ImageObject","inLanguage":"es","@id":"https:\/\/www.sonoraenequipo.com.mx\/#\/schema\/person\/image\/","url":"https:\/\/secure.gravatar.com\/avatar\/049821681b589dabc0bc20695993ccebb09f5b5d4d790cd9251b97faac7c652b?s=96&d=blank&r=g","contentUrl":"https:\/\/secure.gravatar.com\/avatar\/049821681b589dabc0bc20695993ccebb09f5b5d4d790cd9251b97faac7c652b?s=96&d=blank&r=g","caption":"enequipo"},"sameAs":["https:\/\/www.facebook.com\/SonoraEE"]}]}},"jetpack_featured_media_url":"https:\/\/www.sonoraenequipo.com.mx\/storage\/2021\/03\/ues-1_opt-1.jpg","_links":{"self":[{"href":"https:\/\/www.sonoraenequipo.com.mx\/api\/wp\/v2\/posts\/119248","targetHints":{"allow":["GET"]}}],"collection":[{"href":"https:\/\/www.sonoraenequipo.com.mx\/api\/wp\/v2\/posts"}],"about":[{"href":"https:\/\/www.sonoraenequipo.com.mx\/api\/wp\/v2\/types\/post"}],"author":[{"embeddable":true,"href":"https:\/\/www.sonoraenequipo.com.mx\/api\/wp\/v2\/users\/1"}],"replies":[{"embeddable":true,"href":"https:\/\/www.sonoraenequipo.com.mx\/api\/wp\/v2\/comments?post=119248"}],"version-history":[{"count":1,"href":"https:\/\/www.sonoraenequipo.com.mx\/api\/wp\/v2\/posts\/119248\/revisions"}],"predecessor-version":[{"id":119253,"href":"https:\/\/www.sonoraenequipo.com.mx\/api\/wp\/v2\/posts\/119248\/revisions\/119253"}],"wp:featuredmedia":[{"embeddable":true,"href":"https:\/\/www.sonoraenequipo.com.mx\/api\/wp\/v2\/media\/110069"}],"wp:attachment":[{"href":"https:\/\/www.sonoraenequipo.com.mx\/api\/wp\/v2\/media?parent=119248"}],"wp:term":[{"taxonomy":"category","embeddable":true,"href":"https:\/\/www.sonoraenequipo.com.mx\/api\/wp\/v2\/categories?post=119248"},{"taxonomy":"post_tag","embeddable":true,"href":"https:\/\/www.sonoraenequipo.com.mx\/api\/wp\/v2\/tags?post=119248"}],"curies":[{"name":"wp","href":"https:\/\/api.w.org\/{rel}","templated":true}]}}