{"id":119258,"date":"2021-07-27T20:57:44","date_gmt":"2021-07-28T03:57:44","guid":{"rendered":"https:\/\/www.sonoraenequipo.com.mx\/?p=119258"},"modified":"2021-07-27T21:10:04","modified_gmt":"2021-07-28T04:10:04","slug":"policias-dan-dramatico-testimonio-del-asalto-de-seguidores-de-trump-al-capitolio","status":"publish","type":"post","link":"https:\/\/www.sonoraenequipo.com.mx\/policias-dan-dramatico-testimonio-del-asalto-de-seguidores-de-trump-al-capitolio\/","title":{"rendered":"Polic\u00edas dan dram\u00e1tico testimonio del asalto de seguidores de Trump al Capitolio"},"content":{"rendered":"<p>NUEVA YORK, ESTADOS UNIDOS. \u2014 Polic\u00edas federales encargados de seguridad del Congreso describieron c\u00f3mo sus vidas y las de los legisladores que proteg\u00edan estaban en riesgo durante el asalto al Capitolio por fuerzas instigadas por Donald Trump para intentar interrumpir con violencia el traslado del poder pol\u00edtico en Estados Unidos el pasado 6 de enero.<\/p>\n<p>&nbsp;<\/p>\n<p> <\/p>\n<p>&nbsp;<\/p>\n<p>El dram\u00e1tico testimonio de cuatro polic\u00edas del Capitolio\u00a0 \u2014 fuerza federal aut\u00f3noma\u2014 y videos (algunos nunca vistos antes) de lo que algunos llaman una \u201cinsurrecci\u00f3n\u201d y que otros califican como un atentado de golpe de Estado, marc\u00f3 el arranque de tareas de una comisi\u00f3n especial establecida por la c\u00e1mara baja para investigar los sucesos de ese d\u00eda, y que s\u00f3lo con la excepci\u00f3n de dos legisladores, ha sido boicoteada por \u00f3rdenes del liderazgo republicano.<\/p>\n<p>&nbsp;<\/p>\n<p>A veces con l\u00e1grimas de ira y de tristeza -y asombro a lo que pol\u00edticos republicanos descartan como un incidente irrelevante o exagerado- los cuatro polic\u00edas contaron c\u00f3mo fueron atacados fisicamente al punto que pensaban que acabar\u00edan muertos e insultados por personas que llevaban banderas estadunidenses, pancartas y camisetas con el nombre del presidente y hasta mantas cristianas.<\/p>\n<p>&nbsp;<\/p>\n<p>El sargento Aquilino Gonell -inmigrante dominicano y veterano de la guerra de Irak- caracteriz\u00f3 la violencia como \u201cuna batalla medieval\u201d y dijo que hubo un momento donde pensaba que ah\u00ed era su fin. Ese 6 de enero, record\u00f3, \u201cten\u00eda m\u00e1s miedo trabajando en el Capitolio que durante todo su tiempo desplegado en Irak\u201d. Report\u00f3 que los atacantes lo llamaron \u201ctraidor\u201d y que deber\u00eda de ser \u201cejecutado\u201d. Todos repet\u00edan que Trump los hab\u00eda enviado, subrayo.<\/p>\n<p>&nbsp;<\/p>\n<p>Preguntado por legisladores su opini\u00f3n de que Trump hab\u00eda declarado que \u201camaba\u201d a los manifestantes, Gonell coment\u00f3: \u201c\u00e9l ayudo a crear esta monstruosidad\u2026 Fue una intentona de golpe de Estado. Si hubiera ocurrido en otro pa\u00eds, Estados Unidos hubiera enviado ayuda\u201d.<\/p>\n<p>&nbsp;<\/p>\n<p><em>\u201cNo estamos pidiendo medallas y reconocimiento, s\u00f3lo queremos justicia y un rendimiento de cuentas\u201d<\/em>, concluy\u00f3.<\/p>\n<p>&nbsp;<\/p>\n<p>El oficial Michael Fanone -quien sufri\u00f3 un paro cardiaco y una herida cerebral traum\u00e1tica ese d\u00ed-a- record\u00f3 que fue arrastrado de la primera l\u00ednea de defensa, golpeado, atacado con un t\u00e1ser repetidamente y escuch\u00f3 c\u00f3mo alguien sugiri\u00f3 \u201cmatarlo con su propia pistola\u201d. Record\u00f3 que le gritaron que era \u201c<em>un traidor a mi pa\u00eds\u201d<\/em> por defender el Capitolio.<\/p>\n<p>&nbsp;<\/p>\n<p>Fanone coment\u00f3 que <em>\u201clo que hace todo esto m\u00e1s dif\u00edcil y m\u00e1s doloroso es saber qu\u00e9 tantos de mis conciudadanos -incluyendo mucha de la gente por la cual arriesgu\u00e9 mi vida para defender, est\u00e1n minimizando o hasta negando expl\u00edcitamente lo que ocurri\u00f3\u201d.<\/em> Golpe\u00f3 con ira la mesa en la audiencia al acusar que los legisladores que han minimizado el ataque de ese d\u00eda \u201c<em>han traicionado su juramento\u201d y son \u201cuna desgracia\u201d.<\/em><\/p>\n<p>&nbsp;<\/p>\n<p>Su colega Daniel Hodges record\u00f3 que le gritaban <em>\u201ctraidor\u201d<\/em> y un atacante lo amenazo, <em>\u201cmorir\u00e1s sobre tus rodillas\u201d<\/em> mientras lo pateaba, y despu\u00e9s fue atrapado en una puerta mientras era golpeado por quienes llam\u00f3 <em>\u201cterroristas\u201d<\/em> -los videos de ese momento son ya famosos con \u00e9l gritando en agon\u00eda-. Cont\u00f3 que los atacantes <em>\u201ceran un mar de gente que llevaban banderas\u2026 banderas estadunidienses y de Trump\u2026 una cristiana, y otra manta que dec\u00eda \u201cJes\u00e9s es mi salvador, Trump es mi presidente\u201d.<\/em><\/p>\n<p>&nbsp;<\/p>\n<p>El oficial Harry Dunn declar\u00f3 sobre los insultos racistas (es afroestadunidense), incluyendo el uso de palabras que nunca hab\u00eda escuchado en toda su carrera como polic\u00eda. <em>\u201c\u00bfC\u00f3mo puede ser esto Estados Unidos?\u201d<\/em>, pregunt\u00f3.<\/p>\n<p>&nbsp;<\/p>\n<p>El presidente de la comisi\u00f3n legislativa, el diputado dem\u00f3crata Bennie Thompson, declar\u00f3 que a pesar de que las instituciones democr\u00e1ticas sobrevivieron y que Joe Biden fue instalado como presidente leg\u00edtimamente electo, <em>\u201cun traslado pac\u00edfico del poder no ocurri\u00f3 este a\u00f1o. No ocurri\u00f3. Piensen en eso. Una turba violenta fue apuntada hacia el Capitolio y se les dijo que realizaron un juicio por combate\u201d.<\/em><\/p>\n<p>&nbsp;<\/p>\n<p>S\u00f3lo dos legisladores republicanos se atrevieron a formar parte de la comisi\u00f3n, despu\u00e9s de que el liderazgo fren\u00f3 el intento de conformar una comisi\u00f3n bipartidista y hoy de nuevo calificaron el proceso como<em> \u201cuna farsa\u201d.<\/em><\/p>\n<p>&nbsp;<\/p>\n<p>Liz Cheney, una de los dos, declar\u00f3 que la pregunta fundamental aqu\u00ed era; \u201c<em>\u00bfNos apegaremos al imperio de la ley?\u201d<\/em> en Estados Unidos. \u201cSi aquellos responsables no son obligados a rendir cuentas, si el Congreso no act\u00faa responsablemente, esto continuar\u00e1 cono un c\u00e1ncer sobre nuestra rep\u00fablica constitucional\u2026 El traslado pac\u00edfico del poder est\u00e1 al centro de nuestro sistema democr\u00e1tico\u201d.<\/p>\n<p>&nbsp;<\/p>\n<p>M\u00e1s de 550 personas han sido formalmente acusadas por actos criminales federales relacionados con el asalto al Capitolio el 6 de enero. La semana pasada, el primero fue condenado a prisi\u00f3n y no estar\u00e1 solo.<\/p>\n<p>&nbsp;<\/p>\n<p>A\u00fan se est\u00e1 investigando, incluso por esta comisi\u00f3n, sobre la complicidad o m\u00e1s de algunos legisladores republicanos y hasta el ex presidente en ese asalto violento sin precedente contra el s\u00edmbolo m\u00e1s ic\u00f3nico de la democracia estadunidense -el Capitolio.<\/p>\n<p>&nbsp;<\/p>\n<p>&nbsp;<\/p>\n<p>(Publicada el 27\/07\/2021 \/ Con informaci\u00f3n de David Brooks)<\/p>\n","protected":false},"excerpt":{"rendered":"<p>NUEVA YORK, ESTADOS UNIDOS. \u2014 Polic\u00edas federales encargados de seguridad del Congreso describieron c\u00f3mo sus&#8230;<\/p>\n","protected":false},"author":1,"featured_media":119259,"comment_status":"open","ping_status":"open","sticky":false,"template":"","format":"standard","meta":{"_monsterinsights_skip_tracking":false,"_monsterinsights_sitenote_active":false,"_monsterinsights_sitenote_note":"","_monsterinsights_sitenote_category":0,"footnotes":""},"categories":[3],"tags":[],"class_list":["post"],"yoast_head":" \n<title>Sonora en Equipo. Polic\u00edas dan dram\u00e1tico testimonio del asalto de seguidores de Trump al Capitolio MUNDO<\/title>\n<meta name=\"description\" content=\"NUEVA YORK, ESTADOS UNIDOS. \u2014 Polic\u00edas federales encargados de seguridad del Congreso describieron c\u00f3mo sus vidas y las de los legisladores que proteg\u00edan En Sonora en Equipo publicamos toda la informaci\u00f3n de Sonora, M\u00e9xico y el Mundo de manera oportuna y busca que la libertad de expresi\u00f3n sea real. Visita nuestro medio informativo publicado desde Hermosillo, Sonora. %\" \/>\n<meta name=\"robots\" content=\"index, follow, max-snippet:-1, max-image-preview:large, max-video-preview:-1\" \/>\n<link rel=\"canonical\" href=\"https:\/\/www.sonoraenequipo.com.mx\/policias-dan-dramatico-testimonio-del-asalto-de-seguidores-de-trump-al-capitolio\/\" \/>\n<meta property=\"og:locale\" content=\"es_ES\" \/>\n<meta property=\"og:type\" content=\"article\" \/>\n<meta property=\"og:title\" content=\"Sonora en Equipo. Polic\u00edas dan dram\u00e1tico testimonio del asalto de seguidores de Trump al Capitolio MUNDO\" \/>\n<meta property=\"og:description\" content=\"NUEVA YORK, ESTADOS UNIDOS. \u2014 Polic\u00edas federales encargados de seguridad del Congreso describieron c\u00f3mo sus vidas y las de los legisladores que proteg\u00edan En Sonora en Equipo publicamos toda la informaci\u00f3n de Sonora, M\u00e9xico y el Mundo de manera oportuna y busca que la libertad de expresi\u00f3n sea real. Visita nuestro medio informativo publicado desde Hermosillo, Sonora. %\" \/>\n<meta property=\"og:url\" content=\"https:\/\/www.sonoraenequipo.com.mx\/policias-dan-dramatico-testimonio-del-asalto-de-seguidores-de-trump-al-capitolio\/\" \/>\n<meta property=\"og:site_name\" content=\"Sonora en Equipo.\" \/>\n<meta property=\"article:publisher\" content=\"https:\/\/www.facebook.com\/SonoraEE\/\" \/>\n<meta property=\"article:author\" content=\"https:\/\/www.facebook.com\/SonoraEE\" \/>\n<meta property=\"article:published_time\" content=\"2021-07-28T03:57:44+00:00\" \/>\n<meta property=\"article:modified_time\" content=\"2021-07-28T04:10:04+00:00\" \/>\n<meta property=\"og:image\" content=\"https:\/\/www.sonoraenequipo.com.mx\/storage\/2021\/07\/asalto-al-capitolio-en-EUA_opt.jpg\" \/>\n\t<meta property=\"og:image:width\" content=\"700\" \/>\n\t<meta property=\"og:image:height\" content=\"400\" \/>\n\t<meta property=\"og:image:type\" content=\"image\/jpeg\" \/>\n<meta name=\"author\" content=\"enequipo\" \/>\n<meta name=\"twitter:card\" content=\"summary_large_image\" \/>\n<meta name=\"twitter:creator\" content=\"@sonoraenequipo\" \/>\n<meta name=\"twitter:site\" content=\"@sonoraenequipo\" \/>\n<meta name=\"twitter:label1\" content=\"Escrito por\" \/>\n\t<meta name=\"twitter:data1\" content=\"enequipo\" \/>\n\t<meta name=\"twitter:label2\" content=\"Tiempo de lectura\" \/>\n\t<meta name=\"twitter:data2\" content=\"4 minutos\" \/>\n<script type=\"application\/ld+json\" class=\"yoast-schema-graph\">{\"@context\":\"https:\/\/schema.org\",\"@graph\":[{\"@type\":\"Article\",\"@id\":\"https:\/\/www.sonoraenequipo.com.mx\/policias-dan-dramatico-testimonio-del-asalto-de-seguidores-de-trump-al-capitolio\/#article\",\"isPartOf\":{\"@id\":\"https:\/\/www.sonoraenequipo.com.mx\/policias-dan-dramatico-testimonio-del-asalto-de-seguidores-de-trump-al-capitolio\/\"},\"author\":{\"name\":\"enequipo\",\"@id\":\"https:\/\/www.sonoraenequipo.com.mx\/#\/schema\/person\/50102df0fb23a8fa9e8effad8fa81386\"},\"headline\":\"Polic\u00edas dan dram\u00e1tico testimonio del asalto de seguidores de Trump al Capitolio\",\"datePublished\":\"2021-07-28T03:57:44+00:00\",\"dateModified\":\"2021-07-28T04:10:04+00:00\",\"mainEntityOfPage\":{\"@id\":\"https:\/\/www.sonoraenequipo.com.mx\/policias-dan-dramatico-testimonio-del-asalto-de-seguidores-de-trump-al-capitolio\/\"},\"wordCount\":892,\"commentCount\":0,\"publisher\":{\"@id\":\"https:\/\/www.sonoraenequipo.com.mx\/#organization\"},\"image\":{\"@id\":\"https:\/\/www.sonoraenequipo.com.mx\/policias-dan-dramatico-testimonio-del-asalto-de-seguidores-de-trump-al-capitolio\/#primaryimage\"},\"thumbnailUrl\":\"https:\/\/www.sonoraenequipo.com.mx\/storage\/2021\/07\/asalto-al-capitolio-en-EUA_opt.jpg\",\"articleSection\":[\"MUNDO\"],\"inLanguage\":\"es\",\"potentialAction\":[{\"@type\":\"CommentAction\",\"name\":\"Comment\",\"target\":[\"https:\/\/www.sonoraenequipo.com.mx\/policias-dan-dramatico-testimonio-del-asalto-de-seguidores-de-trump-al-capitolio\/#respond\"]}]},{\"@type\":\"WebPage\",\"@id\":\"https:\/\/www.sonoraenequipo.com.mx\/policias-dan-dramatico-testimonio-del-asalto-de-seguidores-de-trump-al-capitolio\/\",\"url\":\"https:\/\/www.sonoraenequipo.com.mx\/policias-dan-dramatico-testimonio-del-asalto-de-seguidores-de-trump-al-capitolio\/\",\"name\":\"Sonora en Equipo. Polic\u00edas dan dram\u00e1tico testimonio del asalto de seguidores de Trump al Capitolio MUNDO\",\"isPartOf\":{\"@id\":\"https:\/\/www.sonoraenequipo.com.mx\/#website\"},\"primaryImageOfPage\":{\"@id\":\"https:\/\/www.sonoraenequipo.com.mx\/policias-dan-dramatico-testimonio-del-asalto-de-seguidores-de-trump-al-capitolio\/#primaryimage\"},\"image\":{\"@id\":\"https:\/\/www.sonoraenequipo.com.mx\/policias-dan-dramatico-testimonio-del-asalto-de-seguidores-de-trump-al-capitolio\/#primaryimage\"},\"thumbnailUrl\":\"https:\/\/www.sonoraenequipo.com.mx\/storage\/2021\/07\/asalto-al-capitolio-en-EUA_opt.jpg\",\"datePublished\":\"2021-07-28T03:57:44+00:00\",\"dateModified\":\"2021-07-28T04:10:04+00:00\",\"description\":\"NUEVA YORK, ESTADOS UNIDOS. \u2014 Polic\u00edas federales encargados de seguridad del Congreso describieron c\u00f3mo sus vidas y las de los legisladores que proteg\u00edan En Sonora en Equipo publicamos toda la informaci\u00f3n de Sonora, M\u00e9xico y el Mundo de manera oportuna y busca que la libertad de expresi\u00f3n sea real. Visita nuestro medio informativo publicado desde Hermosillo, Sonora. %\",\"breadcrumb\":{\"@id\":\"https:\/\/www.sonoraenequipo.com.mx\/policias-dan-dramatico-testimonio-del-asalto-de-seguidores-de-trump-al-capitolio\/#breadcrumb\"},\"inLanguage\":\"es\",\"potentialAction\":[{\"@type\":\"ReadAction\",\"target\":[\"https:\/\/www.sonoraenequipo.com.mx\/policias-dan-dramatico-testimonio-del-asalto-de-seguidores-de-trump-al-capitolio\/\"]}]},{\"@type\":\"ImageObject\",\"inLanguage\":\"es\",\"@id\":\"https:\/\/www.sonoraenequipo.com.mx\/policias-dan-dramatico-testimonio-del-asalto-de-seguidores-de-trump-al-capitolio\/#primaryimage\",\"url\":\"https:\/\/www.sonoraenequipo.com.mx\/storage\/2021\/07\/asalto-al-capitolio-en-EUA_opt.jpg\",\"contentUrl\":\"https:\/\/www.sonoraenequipo.com.mx\/storage\/2021\/07\/asalto-al-capitolio-en-EUA_opt.jpg\",\"width\":700,\"height\":400},{\"@type\":\"BreadcrumbList\",\"@id\":\"https:\/\/www.sonoraenequipo.com.mx\/policias-dan-dramatico-testimonio-del-asalto-de-seguidores-de-trump-al-capitolio\/#breadcrumb\",\"itemListElement\":[{\"@type\":\"ListItem\",\"position\":1,\"name\":\"Portada\",\"item\":\"https:\/\/www.sonoraenequipo.com.mx\/\"},{\"@type\":\"ListItem\",\"position\":2,\"name\":\"Polic\u00edas dan dram\u00e1tico testimonio del asalto de seguidores de Trump al Capitolio\"}]},{\"@type\":\"WebSite\",\"@id\":\"https:\/\/www.sonoraenequipo.com.mx\/#website\",\"url\":\"https:\/\/www.sonoraenequipo.com.mx\/\",\"name\":\"Sonora en Equipo.\",\"description\":\"Diario en l\u00ednea con Noticias desde Hermosillo, Sonora\",\"publisher\":{\"@id\":\"https:\/\/www.sonoraenequipo.com.mx\/#organization\"},\"potentialAction\":[{\"@type\":\"SearchAction\",\"target\":{\"@type\":\"EntryPoint\",\"urlTemplate\":\"https:\/\/www.sonoraenequipo.com.mx\/?s={search_term_string}\"},\"query-input\":{\"@type\":\"PropertyValueSpecification\",\"valueRequired\":true,\"valueName\":\"search_term_string\"}}],\"inLanguage\":\"es\"},{\"@type\":\"Organization\",\"@id\":\"https:\/\/www.sonoraenequipo.com.mx\/#organization\",\"name\":\"Sonoraenequipo.com.mx\",\"url\":\"https:\/\/www.sonoraenequipo.com.mx\/\",\"logo\":{\"@type\":\"ImageObject\",\"inLanguage\":\"es\",\"@id\":\"https:\/\/www.sonoraenequipo.com.mx\/#\/schema\/logo\/image\/\",\"url\":\"https:\/\/www.sonoraenequipo.com.mx\/storage\/2019\/01\/sonoraenequipo_opt.png\",\"contentUrl\":\"https:\/\/www.sonoraenequipo.com.mx\/storage\/2019\/01\/sonoraenequipo_opt.png\",\"width\":375,\"height\":125,\"caption\":\"Sonoraenequipo.com.mx\"},\"image\":{\"@id\":\"https:\/\/www.sonoraenequipo.com.mx\/#\/schema\/logo\/image\/\"},\"sameAs\":[\"https:\/\/www.facebook.com\/SonoraEE\/\",\"https:\/\/x.com\/sonoraenequipo\",\"https:\/\/www.youtube.com\/channel\/UC338nW-lPEYmJQs4ZABQ1SQ\"]},{\"@type\":\"Person\",\"@id\":\"https:\/\/www.sonoraenequipo.com.mx\/#\/schema\/person\/50102df0fb23a8fa9e8effad8fa81386\",\"name\":\"enequipo\",\"image\":{\"@type\":\"ImageObject\",\"inLanguage\":\"es\",\"@id\":\"https:\/\/www.sonoraenequipo.com.mx\/#\/schema\/person\/image\/\",\"url\":\"https:\/\/secure.gravatar.com\/avatar\/049821681b589dabc0bc20695993ccebb09f5b5d4d790cd9251b97faac7c652b?s=96&d=blank&r=g\",\"contentUrl\":\"https:\/\/secure.gravatar.com\/avatar\/049821681b589dabc0bc20695993ccebb09f5b5d4d790cd9251b97faac7c652b?s=96&d=blank&r=g\",\"caption\":\"enequipo\"},\"sameAs\":[\"https:\/\/www.facebook.com\/SonoraEE\"]}]}<\/script>\n ","yoast_head_json":{"title":"Sonora en Equipo. Polic\u00edas dan dram\u00e1tico testimonio del asalto de seguidores de Trump al Capitolio MUNDO","description":"NUEVA YORK, ESTADOS UNIDOS. \u2014 Polic\u00edas federales encargados de seguridad del Congreso describieron c\u00f3mo sus vidas y las de los legisladores que proteg\u00edan En Sonora en Equipo publicamos toda la informaci\u00f3n de Sonora, M\u00e9xico y el Mundo de manera oportuna y busca que la libertad de expresi\u00f3n sea real. Visita nuestro medio informativo publicado desde Hermosillo, Sonora. %","robots":{"index":"index","follow":"follow","max-snippet":"max-snippet:-1","max-image-preview":"max-image-preview:large","max-video-preview":"max-video-preview:-1"},"canonical":"https:\/\/www.sonoraenequipo.com.mx\/policias-dan-dramatico-testimonio-del-asalto-de-seguidores-de-trump-al-capitolio\/","og_locale":"es_ES","og_type":"article","og_title":"Sonora en Equipo. Polic\u00edas dan dram\u00e1tico testimonio del asalto de seguidores de Trump al Capitolio MUNDO","og_description":"NUEVA YORK, ESTADOS UNIDOS. \u2014 Polic\u00edas federales encargados de seguridad del Congreso describieron c\u00f3mo sus vidas y las de los legisladores que proteg\u00edan En Sonora en Equipo publicamos toda la informaci\u00f3n de Sonora, M\u00e9xico y el Mundo de manera oportuna y busca que la libertad de expresi\u00f3n sea real. Visita nuestro medio informativo publicado desde Hermosillo, Sonora. %","og_url":"https:\/\/www.sonoraenequipo.com.mx\/policias-dan-dramatico-testimonio-del-asalto-de-seguidores-de-trump-al-capitolio\/","og_site_name":"Sonora en Equipo.","article_publisher":"https:\/\/www.facebook.com\/SonoraEE\/","article_author":"https:\/\/www.facebook.com\/SonoraEE","article_published_time":"2021-07-28T03:57:44+00:00","article_modified_time":"2021-07-28T04:10:04+00:00","og_image":[{"width":700,"height":400,"url":"https:\/\/www.sonoraenequipo.com.mx\/storage\/2021\/07\/asalto-al-capitolio-en-EUA_opt.jpg","type":"image\/jpeg"}],"author":"enequipo","twitter_card":"summary_large_image","twitter_creator":"@sonoraenequipo","twitter_site":"@sonoraenequipo","twitter_misc":{"Escrito por":"enequipo","Tiempo de lectura":"4 minutos"},"schema":{"@context":"https:\/\/schema.org","@graph":[{"@type":"Article","@id":"https:\/\/www.sonoraenequipo.com.mx\/policias-dan-dramatico-testimonio-del-asalto-de-seguidores-de-trump-al-capitolio\/#article","isPartOf":{"@id":"https:\/\/www.sonoraenequipo.com.mx\/policias-dan-dramatico-testimonio-del-asalto-de-seguidores-de-trump-al-capitolio\/"},"author":{"name":"enequipo","@id":"https:\/\/www.sonoraenequipo.com.mx\/#\/schema\/person\/50102df0fb23a8fa9e8effad8fa81386"},"headline":"Polic\u00edas dan dram\u00e1tico testimonio del asalto de seguidores de Trump al Capitolio","datePublished":"2021-07-28T03:57:44+00:00","dateModified":"2021-07-28T04:10:04+00:00","mainEntityOfPage":{"@id":"https:\/\/www.sonoraenequipo.com.mx\/policias-dan-dramatico-testimonio-del-asalto-de-seguidores-de-trump-al-capitolio\/"},"wordCount":892,"commentCount":0,"publisher":{"@id":"https:\/\/www.sonoraenequipo.com.mx\/#organization"},"image":{"@id":"https:\/\/www.sonoraenequipo.com.mx\/policias-dan-dramatico-testimonio-del-asalto-de-seguidores-de-trump-al-capitolio\/#primaryimage"},"thumbnailUrl":"https:\/\/www.sonoraenequipo.com.mx\/storage\/2021\/07\/asalto-al-capitolio-en-EUA_opt.jpg","articleSection":["MUNDO"],"inLanguage":"es","potentialAction":[{"@type":"CommentAction","name":"Comment","target":["https:\/\/www.sonoraenequipo.com.mx\/policias-dan-dramatico-testimonio-del-asalto-de-seguidores-de-trump-al-capitolio\/#respond"]}]},{"@type":"WebPage","@id":"https:\/\/www.sonoraenequipo.com.mx\/policias-dan-dramatico-testimonio-del-asalto-de-seguidores-de-trump-al-capitolio\/","url":"https:\/\/www.sonoraenequipo.com.mx\/policias-dan-dramatico-testimonio-del-asalto-de-seguidores-de-trump-al-capitolio\/","name":"Sonora en Equipo. Polic\u00edas dan dram\u00e1tico testimonio del asalto de seguidores de Trump al Capitolio MUNDO","isPartOf":{"@id":"https:\/\/www.sonoraenequipo.com.mx\/#website"},"primaryImageOfPage":{"@id":"https:\/\/www.sonoraenequipo.com.mx\/policias-dan-dramatico-testimonio-del-asalto-de-seguidores-de-trump-al-capitolio\/#primaryimage"},"image":{"@id":"https:\/\/www.sonoraenequipo.com.mx\/policias-dan-dramatico-testimonio-del-asalto-de-seguidores-de-trump-al-capitolio\/#primaryimage"},"thumbnailUrl":"https:\/\/www.sonoraenequipo.com.mx\/storage\/2021\/07\/asalto-al-capitolio-en-EUA_opt.jpg","datePublished":"2021-07-28T03:57:44+00:00","dateModified":"2021-07-28T04:10:04+00:00","description":"NUEVA YORK, ESTADOS UNIDOS. \u2014 Polic\u00edas federales encargados de seguridad del Congreso describieron c\u00f3mo sus vidas y las de los legisladores que proteg\u00edan En Sonora en Equipo publicamos toda la informaci\u00f3n de Sonora, M\u00e9xico y el Mundo de manera oportuna y busca que la libertad de expresi\u00f3n sea real. Visita nuestro medio informativo publicado desde Hermosillo, Sonora. %","breadcrumb":{"@id":"https:\/\/www.sonoraenequipo.com.mx\/policias-dan-dramatico-testimonio-del-asalto-de-seguidores-de-trump-al-capitolio\/#breadcrumb"},"inLanguage":"es","potentialAction":[{"@type":"ReadAction","target":["https:\/\/www.sonoraenequipo.com.mx\/policias-dan-dramatico-testimonio-del-asalto-de-seguidores-de-trump-al-capitolio\/"]}]},{"@type":"ImageObject","inLanguage":"es","@id":"https:\/\/www.sonoraenequipo.com.mx\/policias-dan-dramatico-testimonio-del-asalto-de-seguidores-de-trump-al-capitolio\/#primaryimage","url":"https:\/\/www.sonoraenequipo.com.mx\/storage\/2021\/07\/asalto-al-capitolio-en-EUA_opt.jpg","contentUrl":"https:\/\/www.sonoraenequipo.com.mx\/storage\/2021\/07\/asalto-al-capitolio-en-EUA_opt.jpg","width":700,"height":400},{"@type":"BreadcrumbList","@id":"https:\/\/www.sonoraenequipo.com.mx\/policias-dan-dramatico-testimonio-del-asalto-de-seguidores-de-trump-al-capitolio\/#breadcrumb","itemListElement":[{"@type":"ListItem","position":1,"name":"Portada","item":"https:\/\/www.sonoraenequipo.com.mx\/"},{"@type":"ListItem","position":2,"name":"Polic\u00edas dan dram\u00e1tico testimonio del asalto de seguidores de Trump al Capitolio"}]},{"@type":"WebSite","@id":"https:\/\/www.sonoraenequipo.com.mx\/#website","url":"https:\/\/www.sonoraenequipo.com.mx\/","name":"Sonora en Equipo.","description":"Diario en l\u00ednea con Noticias desde Hermosillo, Sonora","publisher":{"@id":"https:\/\/www.sonoraenequipo.com.mx\/#organization"},"potentialAction":[{"@type":"SearchAction","target":{"@type":"EntryPoint","urlTemplate":"https:\/\/www.sonoraenequipo.com.mx\/?s={search_term_string}"},"query-input":{"@type":"PropertyValueSpecification","valueRequired":true,"valueName":"search_term_string"}}],"inLanguage":"es"},{"@type":"Organization","@id":"https:\/\/www.sonoraenequipo.com.mx\/#organization","name":"Sonoraenequipo.com.mx","url":"https:\/\/www.sonoraenequipo.com.mx\/","logo":{"@type":"ImageObject","inLanguage":"es","@id":"https:\/\/www.sonoraenequipo.com.mx\/#\/schema\/logo\/image\/","url":"https:\/\/www.sonoraenequipo.com.mx\/storage\/2019\/01\/sonoraenequipo_opt.png","contentUrl":"https:\/\/www.sonoraenequipo.com.mx\/storage\/2019\/01\/sonoraenequipo_opt.png","width":375,"height":125,"caption":"Sonoraenequipo.com.mx"},"image":{"@id":"https:\/\/www.sonoraenequipo.com.mx\/#\/schema\/logo\/image\/"},"sameAs":["https:\/\/www.facebook.com\/SonoraEE\/","https:\/\/x.com\/sonoraenequipo","https:\/\/www.youtube.com\/channel\/UC338nW-lPEYmJQs4ZABQ1SQ"]},{"@type":"Person","@id":"https:\/\/www.sonoraenequipo.com.mx\/#\/schema\/person\/50102df0fb23a8fa9e8effad8fa81386","name":"enequipo","image":{"@type":"ImageObject","inLanguage":"es","@id":"https:\/\/www.sonoraenequipo.com.mx\/#\/schema\/person\/image\/","url":"https:\/\/secure.gravatar.com\/avatar\/049821681b589dabc0bc20695993ccebb09f5b5d4d790cd9251b97faac7c652b?s=96&d=blank&r=g","contentUrl":"https:\/\/secure.gravatar.com\/avatar\/049821681b589dabc0bc20695993ccebb09f5b5d4d790cd9251b97faac7c652b?s=96&d=blank&r=g","caption":"enequipo"},"sameAs":["https:\/\/www.facebook.com\/SonoraEE"]}]}},"jetpack_featured_media_url":"https:\/\/www.sonoraenequipo.com.mx\/storage\/2021\/07\/asalto-al-capitolio-en-EUA_opt.jpg","_links":{"self":[{"href":"https:\/\/www.sonoraenequipo.com.mx\/api\/wp\/v2\/posts\/119258","targetHints":{"allow":["GET"]}}],"collection":[{"href":"https:\/\/www.sonoraenequipo.com.mx\/api\/wp\/v2\/posts"}],"about":[{"href":"https:\/\/www.sonoraenequipo.com.mx\/api\/wp\/v2\/types\/post"}],"author":[{"embeddable":true,"href":"https:\/\/www.sonoraenequipo.com.mx\/api\/wp\/v2\/users\/1"}],"replies":[{"embeddable":true,"href":"https:\/\/www.sonoraenequipo.com.mx\/api\/wp\/v2\/comments?post=119258"}],"version-history":[{"count":3,"href":"https:\/\/www.sonoraenequipo.com.mx\/api\/wp\/v2\/posts\/119258\/revisions"}],"predecessor-version":[{"id":119262,"href":"https:\/\/www.sonoraenequipo.com.mx\/api\/wp\/v2\/posts\/119258\/revisions\/119262"}],"wp:featuredmedia":[{"embeddable":true,"href":"https:\/\/www.sonoraenequipo.com.mx\/api\/wp\/v2\/media\/119259"}],"wp:attachment":[{"href":"https:\/\/www.sonoraenequipo.com.mx\/api\/wp\/v2\/media?parent=119258"}],"wp:term":[{"taxonomy":"category","embeddable":true,"href":"https:\/\/www.sonoraenequipo.com.mx\/api\/wp\/v2\/categories?post=119258"},{"taxonomy":"post_tag","embeddable":true,"href":"https:\/\/www.sonoraenequipo.com.mx\/api\/wp\/v2\/tags?post=119258"}],"curies":[{"name":"wp","href":"https:\/\/api.w.org\/{rel}","templated":true}]}}