{"id":119275,"date":"2021-07-28T05:00:04","date_gmt":"2021-07-28T12:00:04","guid":{"rendered":"https:\/\/www.sonoraenequipo.com.mx\/?p=119275"},"modified":"2021-07-28T09:52:51","modified_gmt":"2021-07-28T16:52:51","slug":"mexico-sumo-17408-casos-nuevos-hasta-este-martes-27","status":"publish","type":"post","link":"https:\/\/www.sonoraenequipo.com.mx\/mexico-sumo-17408-casos-nuevos-hasta-este-martes-27\/","title":{"rendered":"M\u00e9xico sum\u00f3 17,408 casos nuevos hasta este martes 27"},"content":{"rendered":"<p>CIUDAD DE M\u00c9XICO. MX. \u2014 M\u00e9xico sum\u00f3 este martes 17,408 casos nuevos confirmados de Covid-19, para llegar a un total de 2 millones 771,846 contagios. Se trata del registro de nuevas infecciones m\u00e1s alto hasta el momento de la tercera ola que comenz\u00f3 a finales de junio.<\/p>\n<p>&nbsp;<\/p>\n<p> <\/p>\n<p>&nbsp;<\/p>\n<p>Esta cifra no se hab\u00eda visto desde el pasado 27 de enero de este a\u00f1o, cuando la Secretar\u00eda de Salud report\u00f3 17,944, una semana despu\u00e9s de haber tocado el punto m\u00e1s alto de contagios de la segunda ola que afect\u00f3 a nivel nacional durante el invierno.<\/p>\n<p>&nbsp;<\/p>\n<p>El tercer repunte de infecciones de coronavirus ya se ubica esta semana por encima de la primera ola, con un 37 por ciento.<\/p>\n<p>&nbsp;<\/p>\n<p>En su reporte t\u00e9cnico diario, la dependencia detall\u00f3 que el n\u00famero de fallecimientos aument\u00f3 a 239,079, tras notificarse 484 nuevos decesos en las \u00faltimas 24 horas.<\/p>\n<p>&nbsp;<\/p>\n<p>La ma\u00f1ana de este 27 de julio, el subsecretario de Prevenci\u00f3n y Promoci\u00f3n de la Salud, Hugo L\u00f3pez-Gatell coment\u00f3 que pese al incremento de contagios de Covid-19 registrado en este tercer repunte, la probabilidad de que las personas fallezcan se ha reducido \u00absustancialmente\u00bb, debido a la vacunaci\u00f3n contra esta enfermedad.<\/p>\n<p>Explic\u00f3 que en contraste con la primera ola registrada en el verano de 2020, se ha reducido 77% el punto m\u00e1ximo de defunciones.<\/p>\n<p>&nbsp;<\/p>\n<p><em>\u00abHay nuevos casos y hay contagios en el territorio, pero la probabilidad de que las personas enfermas terminen graves o necesitando hospitalizaci\u00f3n o, a\u00fan peor, fallezcan, se ha reducido sustancialmente\u00bb<\/em>, coment\u00f3 en la conferencia matutina ante el presidente Andr\u00e9s Manuel L\u00f3pez Obrador.<\/p>\n<p>&nbsp;<\/p>\n<p>La Secretar\u00eda de Salud report\u00f3 que estima que la epidemia activa est\u00e1 conformada por 108,535 casos de personas que han presentado s\u00edntomas de Covid-19 en los \u00faltimos 14 d\u00edas.<\/p>\n<p>&nbsp;<\/p>\n<p>Las entidades donde hay mayor actividad viral (casos activos) y por consecuencia aumento en la transmisi\u00f3n de la enfermedad provocada por el coronavirus SARS-CoV-2 son:<\/p>\n<p>&nbsp;<\/p>\n<p><strong>Ciudad de M\u00e9xico con 32,245<\/strong><\/p>\n<p><strong>Estado de M\u00e9xico con 10,599<\/strong><\/p>\n<p><strong>Jalisco con 5,798<\/strong><\/p>\n<p><strong>Nuevo Le\u00f3n 5,206<\/strong><\/p>\n<p><strong>Veracruz con 4,243<\/strong><\/p>\n<p><strong>Sinaloa con 3,534<\/strong><\/p>\n<p><strong>Quintana Roo con 3,327<\/strong><\/p>\n<p><strong>Tabasco con 3,006<\/strong><\/p>\n<p>En cuanto a la capacidad hospitalaria, la ocupaci\u00f3n de camas generales se ubica en 42%, mientras que la de camas con ventilador tiene una ocupaci\u00f3n de 35%, cuatro puntos porcentuales m\u00e1s que lo reportado ayer.<\/p>\n<h3>Vacunaci\u00f3n contra Covid-19 en M\u00e9xico<\/h3>\n<p>La Secretar\u00eda de Salud aplic\u00f3 972,941 vacunas contra Covid-19 durante el lunes 26 de julio, para llegar a un total de 61 millones 858,631 dosis suministradas en el pa\u00eds, como parte del plan nacional de vacunaci\u00f3n que inici\u00f3 en diciembre de 2020.<\/p>\n<p>De las 43 millones 89,310 personas vacunadas, 24 millones 428,264 personas cuentan con esquema completo de una o dos dosis dependiendo del biol\u00f3gico aplicado. En tanto, 18 millones 661,046 personas tienen medio esquema.<\/p>\n<p>Este martes inici\u00f3 en la Ciudad de M\u00e9xico la vacunaci\u00f3n para personas de 18 a 29 a\u00f1os de edad, en cinco alcald\u00edas con la vacuna de Sputnik V.<\/p>\n<p>La dependencia destall\u00f3 que ya suman 11 entidades federativas que han vacunado con al menos una dosis al 50% de su poblaci\u00f3n.<\/p>\n<p>&nbsp;<\/p>\n<p>&nbsp;<\/p>\n<p>(Publicada el 28\/07\/2021)<\/p>\n","protected":false},"excerpt":{"rendered":"<p>CIUDAD DE M\u00c9XICO. MX. \u2014 M\u00e9xico sum\u00f3 este martes 17,408 casos nuevos confirmados de Covid-19,&#8230;<\/p>\n","protected":false},"author":1,"featured_media":119235,"comment_status":"open","ping_status":"open","sticky":false,"template":"","format":"standard","meta":{"_monsterinsights_skip_tracking":false,"_monsterinsights_sitenote_active":false,"_monsterinsights_sitenote_note":"","_monsterinsights_sitenote_category":0,"footnotes":""},"categories":[5],"tags":[],"class_list":["post"],"yoast_head":" \n<title>Sonora en Equipo. M\u00e9xico sum\u00f3 17,408 casos nuevos hasta este martes 27 Rep\u00fablica<\/title>\n<meta name=\"description\" content=\"CIUDAD DE M\u00c9XICO. MX. \u2014 M\u00e9xico sum\u00f3 este martes 17,408 casos nuevos confirmados de Covid-19, para llegar a un total de 2 millones 771,846 contagios. Se En Sonora en Equipo publicamos toda la informaci\u00f3n de Sonora, M\u00e9xico y el Mundo de manera oportuna y busca que la libertad de expresi\u00f3n sea real. Visita nuestro medio informativo publicado desde Hermosillo, Sonora. %\" \/>\n<meta name=\"robots\" content=\"index, follow, max-snippet:-1, max-image-preview:large, max-video-preview:-1\" \/>\n<link rel=\"canonical\" href=\"https:\/\/www.sonoraenequipo.com.mx\/mexico-sumo-17408-casos-nuevos-hasta-este-martes-27\/\" \/>\n<meta property=\"og:locale\" content=\"es_ES\" \/>\n<meta property=\"og:type\" content=\"article\" \/>\n<meta property=\"og:title\" content=\"Sonora en Equipo. M\u00e9xico sum\u00f3 17,408 casos nuevos hasta este martes 27 Rep\u00fablica\" \/>\n<meta property=\"og:description\" content=\"CIUDAD DE M\u00c9XICO. MX. \u2014 M\u00e9xico sum\u00f3 este martes 17,408 casos nuevos confirmados de Covid-19, para llegar a un total de 2 millones 771,846 contagios. Se En Sonora en Equipo publicamos toda la informaci\u00f3n de Sonora, M\u00e9xico y el Mundo de manera oportuna y busca que la libertad de expresi\u00f3n sea real. Visita nuestro medio informativo publicado desde Hermosillo, Sonora. %\" \/>\n<meta property=\"og:url\" content=\"https:\/\/www.sonoraenequipo.com.mx\/mexico-sumo-17408-casos-nuevos-hasta-este-martes-27\/\" \/>\n<meta property=\"og:site_name\" content=\"Sonora en Equipo.\" \/>\n<meta property=\"article:publisher\" content=\"https:\/\/www.facebook.com\/SonoraEE\/\" \/>\n<meta property=\"article:author\" content=\"https:\/\/www.facebook.com\/SonoraEE\" \/>\n<meta property=\"article:published_time\" content=\"2021-07-28T12:00:04+00:00\" \/>\n<meta property=\"article:modified_time\" content=\"2021-07-28T16:52:51+00:00\" \/>\n<meta property=\"og:image\" content=\"https:\/\/www.sonoraenequipo.com.mx\/storage\/2021\/07\/lopez-gatell-informe_opt.jpg\" \/>\n\t<meta property=\"og:image:width\" content=\"700\" \/>\n\t<meta property=\"og:image:height\" content=\"400\" \/>\n\t<meta property=\"og:image:type\" content=\"image\/jpeg\" \/>\n<meta name=\"author\" content=\"enequipo\" \/>\n<meta name=\"twitter:card\" content=\"summary_large_image\" \/>\n<meta name=\"twitter:creator\" content=\"@sonoraenequipo\" \/>\n<meta name=\"twitter:site\" content=\"@sonoraenequipo\" \/>\n<meta name=\"twitter:label1\" content=\"Escrito por\" \/>\n\t<meta name=\"twitter:data1\" content=\"enequipo\" \/>\n\t<meta name=\"twitter:label2\" content=\"Tiempo de lectura\" \/>\n\t<meta name=\"twitter:data2\" content=\"3 minutos\" \/>\n<script type=\"application\/ld+json\" class=\"yoast-schema-graph\">{\"@context\":\"https:\/\/schema.org\",\"@graph\":[{\"@type\":\"Article\",\"@id\":\"https:\/\/www.sonoraenequipo.com.mx\/mexico-sumo-17408-casos-nuevos-hasta-este-martes-27\/#article\",\"isPartOf\":{\"@id\":\"https:\/\/www.sonoraenequipo.com.mx\/mexico-sumo-17408-casos-nuevos-hasta-este-martes-27\/\"},\"author\":{\"name\":\"enequipo\",\"@id\":\"https:\/\/www.sonoraenequipo.com.mx\/#\/schema\/person\/50102df0fb23a8fa9e8effad8fa81386\"},\"headline\":\"M\u00e9xico sum\u00f3 17,408 casos nuevos hasta este martes 27\",\"datePublished\":\"2021-07-28T12:00:04+00:00\",\"dateModified\":\"2021-07-28T16:52:51+00:00\",\"mainEntityOfPage\":{\"@id\":\"https:\/\/www.sonoraenequipo.com.mx\/mexico-sumo-17408-casos-nuevos-hasta-este-martes-27\/\"},\"wordCount\":527,\"commentCount\":0,\"publisher\":{\"@id\":\"https:\/\/www.sonoraenequipo.com.mx\/#organization\"},\"image\":{\"@id\":\"https:\/\/www.sonoraenequipo.com.mx\/mexico-sumo-17408-casos-nuevos-hasta-este-martes-27\/#primaryimage\"},\"thumbnailUrl\":\"https:\/\/www.sonoraenequipo.com.mx\/storage\/2021\/07\/lopez-gatell-informe_opt.jpg\",\"articleSection\":[\"Rep\u00fablica\"],\"inLanguage\":\"es\",\"potentialAction\":[{\"@type\":\"CommentAction\",\"name\":\"Comment\",\"target\":[\"https:\/\/www.sonoraenequipo.com.mx\/mexico-sumo-17408-casos-nuevos-hasta-este-martes-27\/#respond\"]}]},{\"@type\":\"WebPage\",\"@id\":\"https:\/\/www.sonoraenequipo.com.mx\/mexico-sumo-17408-casos-nuevos-hasta-este-martes-27\/\",\"url\":\"https:\/\/www.sonoraenequipo.com.mx\/mexico-sumo-17408-casos-nuevos-hasta-este-martes-27\/\",\"name\":\"Sonora en Equipo. M\u00e9xico sum\u00f3 17,408 casos nuevos hasta este martes 27 Rep\u00fablica\",\"isPartOf\":{\"@id\":\"https:\/\/www.sonoraenequipo.com.mx\/#website\"},\"primaryImageOfPage\":{\"@id\":\"https:\/\/www.sonoraenequipo.com.mx\/mexico-sumo-17408-casos-nuevos-hasta-este-martes-27\/#primaryimage\"},\"image\":{\"@id\":\"https:\/\/www.sonoraenequipo.com.mx\/mexico-sumo-17408-casos-nuevos-hasta-este-martes-27\/#primaryimage\"},\"thumbnailUrl\":\"https:\/\/www.sonoraenequipo.com.mx\/storage\/2021\/07\/lopez-gatell-informe_opt.jpg\",\"datePublished\":\"2021-07-28T12:00:04+00:00\",\"dateModified\":\"2021-07-28T16:52:51+00:00\",\"description\":\"CIUDAD DE M\u00c9XICO. MX. \u2014 M\u00e9xico sum\u00f3 este martes 17,408 casos nuevos confirmados de Covid-19, para llegar a un total de 2 millones 771,846 contagios. Se En Sonora en Equipo publicamos toda la informaci\u00f3n de Sonora, M\u00e9xico y el Mundo de manera oportuna y busca que la libertad de expresi\u00f3n sea real. Visita nuestro medio informativo publicado desde Hermosillo, Sonora. %\",\"breadcrumb\":{\"@id\":\"https:\/\/www.sonoraenequipo.com.mx\/mexico-sumo-17408-casos-nuevos-hasta-este-martes-27\/#breadcrumb\"},\"inLanguage\":\"es\",\"potentialAction\":[{\"@type\":\"ReadAction\",\"target\":[\"https:\/\/www.sonoraenequipo.com.mx\/mexico-sumo-17408-casos-nuevos-hasta-este-martes-27\/\"]}]},{\"@type\":\"ImageObject\",\"inLanguage\":\"es\",\"@id\":\"https:\/\/www.sonoraenequipo.com.mx\/mexico-sumo-17408-casos-nuevos-hasta-este-martes-27\/#primaryimage\",\"url\":\"https:\/\/www.sonoraenequipo.com.mx\/storage\/2021\/07\/lopez-gatell-informe_opt.jpg\",\"contentUrl\":\"https:\/\/www.sonoraenequipo.com.mx\/storage\/2021\/07\/lopez-gatell-informe_opt.jpg\",\"width\":700,\"height\":400},{\"@type\":\"BreadcrumbList\",\"@id\":\"https:\/\/www.sonoraenequipo.com.mx\/mexico-sumo-17408-casos-nuevos-hasta-este-martes-27\/#breadcrumb\",\"itemListElement\":[{\"@type\":\"ListItem\",\"position\":1,\"name\":\"Portada\",\"item\":\"https:\/\/www.sonoraenequipo.com.mx\/\"},{\"@type\":\"ListItem\",\"position\":2,\"name\":\"M\u00e9xico sum\u00f3 17,408 casos nuevos hasta este martes 27\"}]},{\"@type\":\"WebSite\",\"@id\":\"https:\/\/www.sonoraenequipo.com.mx\/#website\",\"url\":\"https:\/\/www.sonoraenequipo.com.mx\/\",\"name\":\"Sonora en Equipo.\",\"description\":\"Diario en l\u00ednea con Noticias desde Hermosillo, Sonora\",\"publisher\":{\"@id\":\"https:\/\/www.sonoraenequipo.com.mx\/#organization\"},\"potentialAction\":[{\"@type\":\"SearchAction\",\"target\":{\"@type\":\"EntryPoint\",\"urlTemplate\":\"https:\/\/www.sonoraenequipo.com.mx\/?s={search_term_string}\"},\"query-input\":{\"@type\":\"PropertyValueSpecification\",\"valueRequired\":true,\"valueName\":\"search_term_string\"}}],\"inLanguage\":\"es\"},{\"@type\":\"Organization\",\"@id\":\"https:\/\/www.sonoraenequipo.com.mx\/#organization\",\"name\":\"Sonoraenequipo.com.mx\",\"url\":\"https:\/\/www.sonoraenequipo.com.mx\/\",\"logo\":{\"@type\":\"ImageObject\",\"inLanguage\":\"es\",\"@id\":\"https:\/\/www.sonoraenequipo.com.mx\/#\/schema\/logo\/image\/\",\"url\":\"https:\/\/www.sonoraenequipo.com.mx\/storage\/2019\/01\/sonoraenequipo_opt.png\",\"contentUrl\":\"https:\/\/www.sonoraenequipo.com.mx\/storage\/2019\/01\/sonoraenequipo_opt.png\",\"width\":375,\"height\":125,\"caption\":\"Sonoraenequipo.com.mx\"},\"image\":{\"@id\":\"https:\/\/www.sonoraenequipo.com.mx\/#\/schema\/logo\/image\/\"},\"sameAs\":[\"https:\/\/www.facebook.com\/SonoraEE\/\",\"https:\/\/x.com\/sonoraenequipo\",\"https:\/\/www.youtube.com\/channel\/UC338nW-lPEYmJQs4ZABQ1SQ\"]},{\"@type\":\"Person\",\"@id\":\"https:\/\/www.sonoraenequipo.com.mx\/#\/schema\/person\/50102df0fb23a8fa9e8effad8fa81386\",\"name\":\"enequipo\",\"image\":{\"@type\":\"ImageObject\",\"inLanguage\":\"es\",\"@id\":\"https:\/\/www.sonoraenequipo.com.mx\/#\/schema\/person\/image\/\",\"url\":\"https:\/\/secure.gravatar.com\/avatar\/049821681b589dabc0bc20695993ccebb09f5b5d4d790cd9251b97faac7c652b?s=96&d=blank&r=g\",\"contentUrl\":\"https:\/\/secure.gravatar.com\/avatar\/049821681b589dabc0bc20695993ccebb09f5b5d4d790cd9251b97faac7c652b?s=96&d=blank&r=g\",\"caption\":\"enequipo\"},\"sameAs\":[\"https:\/\/www.facebook.com\/SonoraEE\"]}]}<\/script>\n ","yoast_head_json":{"title":"Sonora en Equipo. M\u00e9xico sum\u00f3 17,408 casos nuevos hasta este martes 27 Rep\u00fablica","description":"CIUDAD DE M\u00c9XICO. MX. \u2014 M\u00e9xico sum\u00f3 este martes 17,408 casos nuevos confirmados de Covid-19, para llegar a un total de 2 millones 771,846 contagios. Se En Sonora en Equipo publicamos toda la informaci\u00f3n de Sonora, M\u00e9xico y el Mundo de manera oportuna y busca que la libertad de expresi\u00f3n sea real. Visita nuestro medio informativo publicado desde Hermosillo, Sonora. %","robots":{"index":"index","follow":"follow","max-snippet":"max-snippet:-1","max-image-preview":"max-image-preview:large","max-video-preview":"max-video-preview:-1"},"canonical":"https:\/\/www.sonoraenequipo.com.mx\/mexico-sumo-17408-casos-nuevos-hasta-este-martes-27\/","og_locale":"es_ES","og_type":"article","og_title":"Sonora en Equipo. M\u00e9xico sum\u00f3 17,408 casos nuevos hasta este martes 27 Rep\u00fablica","og_description":"CIUDAD DE M\u00c9XICO. MX. \u2014 M\u00e9xico sum\u00f3 este martes 17,408 casos nuevos confirmados de Covid-19, para llegar a un total de 2 millones 771,846 contagios. Se En Sonora en Equipo publicamos toda la informaci\u00f3n de Sonora, M\u00e9xico y el Mundo de manera oportuna y busca que la libertad de expresi\u00f3n sea real. Visita nuestro medio informativo publicado desde Hermosillo, Sonora. %","og_url":"https:\/\/www.sonoraenequipo.com.mx\/mexico-sumo-17408-casos-nuevos-hasta-este-martes-27\/","og_site_name":"Sonora en Equipo.","article_publisher":"https:\/\/www.facebook.com\/SonoraEE\/","article_author":"https:\/\/www.facebook.com\/SonoraEE","article_published_time":"2021-07-28T12:00:04+00:00","article_modified_time":"2021-07-28T16:52:51+00:00","og_image":[{"width":700,"height":400,"url":"https:\/\/www.sonoraenequipo.com.mx\/storage\/2021\/07\/lopez-gatell-informe_opt.jpg","type":"image\/jpeg"}],"author":"enequipo","twitter_card":"summary_large_image","twitter_creator":"@sonoraenequipo","twitter_site":"@sonoraenequipo","twitter_misc":{"Escrito por":"enequipo","Tiempo de lectura":"3 minutos"},"schema":{"@context":"https:\/\/schema.org","@graph":[{"@type":"Article","@id":"https:\/\/www.sonoraenequipo.com.mx\/mexico-sumo-17408-casos-nuevos-hasta-este-martes-27\/#article","isPartOf":{"@id":"https:\/\/www.sonoraenequipo.com.mx\/mexico-sumo-17408-casos-nuevos-hasta-este-martes-27\/"},"author":{"name":"enequipo","@id":"https:\/\/www.sonoraenequipo.com.mx\/#\/schema\/person\/50102df0fb23a8fa9e8effad8fa81386"},"headline":"M\u00e9xico sum\u00f3 17,408 casos nuevos hasta este martes 27","datePublished":"2021-07-28T12:00:04+00:00","dateModified":"2021-07-28T16:52:51+00:00","mainEntityOfPage":{"@id":"https:\/\/www.sonoraenequipo.com.mx\/mexico-sumo-17408-casos-nuevos-hasta-este-martes-27\/"},"wordCount":527,"commentCount":0,"publisher":{"@id":"https:\/\/www.sonoraenequipo.com.mx\/#organization"},"image":{"@id":"https:\/\/www.sonoraenequipo.com.mx\/mexico-sumo-17408-casos-nuevos-hasta-este-martes-27\/#primaryimage"},"thumbnailUrl":"https:\/\/www.sonoraenequipo.com.mx\/storage\/2021\/07\/lopez-gatell-informe_opt.jpg","articleSection":["Rep\u00fablica"],"inLanguage":"es","potentialAction":[{"@type":"CommentAction","name":"Comment","target":["https:\/\/www.sonoraenequipo.com.mx\/mexico-sumo-17408-casos-nuevos-hasta-este-martes-27\/#respond"]}]},{"@type":"WebPage","@id":"https:\/\/www.sonoraenequipo.com.mx\/mexico-sumo-17408-casos-nuevos-hasta-este-martes-27\/","url":"https:\/\/www.sonoraenequipo.com.mx\/mexico-sumo-17408-casos-nuevos-hasta-este-martes-27\/","name":"Sonora en Equipo. M\u00e9xico sum\u00f3 17,408 casos nuevos hasta este martes 27 Rep\u00fablica","isPartOf":{"@id":"https:\/\/www.sonoraenequipo.com.mx\/#website"},"primaryImageOfPage":{"@id":"https:\/\/www.sonoraenequipo.com.mx\/mexico-sumo-17408-casos-nuevos-hasta-este-martes-27\/#primaryimage"},"image":{"@id":"https:\/\/www.sonoraenequipo.com.mx\/mexico-sumo-17408-casos-nuevos-hasta-este-martes-27\/#primaryimage"},"thumbnailUrl":"https:\/\/www.sonoraenequipo.com.mx\/storage\/2021\/07\/lopez-gatell-informe_opt.jpg","datePublished":"2021-07-28T12:00:04+00:00","dateModified":"2021-07-28T16:52:51+00:00","description":"CIUDAD DE M\u00c9XICO. MX. \u2014 M\u00e9xico sum\u00f3 este martes 17,408 casos nuevos confirmados de Covid-19, para llegar a un total de 2 millones 771,846 contagios. Se En Sonora en Equipo publicamos toda la informaci\u00f3n de Sonora, M\u00e9xico y el Mundo de manera oportuna y busca que la libertad de expresi\u00f3n sea real. Visita nuestro medio informativo publicado desde Hermosillo, Sonora. %","breadcrumb":{"@id":"https:\/\/www.sonoraenequipo.com.mx\/mexico-sumo-17408-casos-nuevos-hasta-este-martes-27\/#breadcrumb"},"inLanguage":"es","potentialAction":[{"@type":"ReadAction","target":["https:\/\/www.sonoraenequipo.com.mx\/mexico-sumo-17408-casos-nuevos-hasta-este-martes-27\/"]}]},{"@type":"ImageObject","inLanguage":"es","@id":"https:\/\/www.sonoraenequipo.com.mx\/mexico-sumo-17408-casos-nuevos-hasta-este-martes-27\/#primaryimage","url":"https:\/\/www.sonoraenequipo.com.mx\/storage\/2021\/07\/lopez-gatell-informe_opt.jpg","contentUrl":"https:\/\/www.sonoraenequipo.com.mx\/storage\/2021\/07\/lopez-gatell-informe_opt.jpg","width":700,"height":400},{"@type":"BreadcrumbList","@id":"https:\/\/www.sonoraenequipo.com.mx\/mexico-sumo-17408-casos-nuevos-hasta-este-martes-27\/#breadcrumb","itemListElement":[{"@type":"ListItem","position":1,"name":"Portada","item":"https:\/\/www.sonoraenequipo.com.mx\/"},{"@type":"ListItem","position":2,"name":"M\u00e9xico sum\u00f3 17,408 casos nuevos hasta este martes 27"}]},{"@type":"WebSite","@id":"https:\/\/www.sonoraenequipo.com.mx\/#website","url":"https:\/\/www.sonoraenequipo.com.mx\/","name":"Sonora en Equipo.","description":"Diario en l\u00ednea con Noticias desde Hermosillo, Sonora","publisher":{"@id":"https:\/\/www.sonoraenequipo.com.mx\/#organization"},"potentialAction":[{"@type":"SearchAction","target":{"@type":"EntryPoint","urlTemplate":"https:\/\/www.sonoraenequipo.com.mx\/?s={search_term_string}"},"query-input":{"@type":"PropertyValueSpecification","valueRequired":true,"valueName":"search_term_string"}}],"inLanguage":"es"},{"@type":"Organization","@id":"https:\/\/www.sonoraenequipo.com.mx\/#organization","name":"Sonoraenequipo.com.mx","url":"https:\/\/www.sonoraenequipo.com.mx\/","logo":{"@type":"ImageObject","inLanguage":"es","@id":"https:\/\/www.sonoraenequipo.com.mx\/#\/schema\/logo\/image\/","url":"https:\/\/www.sonoraenequipo.com.mx\/storage\/2019\/01\/sonoraenequipo_opt.png","contentUrl":"https:\/\/www.sonoraenequipo.com.mx\/storage\/2019\/01\/sonoraenequipo_opt.png","width":375,"height":125,"caption":"Sonoraenequipo.com.mx"},"image":{"@id":"https:\/\/www.sonoraenequipo.com.mx\/#\/schema\/logo\/image\/"},"sameAs":["https:\/\/www.facebook.com\/SonoraEE\/","https:\/\/x.com\/sonoraenequipo","https:\/\/www.youtube.com\/channel\/UC338nW-lPEYmJQs4ZABQ1SQ"]},{"@type":"Person","@id":"https:\/\/www.sonoraenequipo.com.mx\/#\/schema\/person\/50102df0fb23a8fa9e8effad8fa81386","name":"enequipo","image":{"@type":"ImageObject","inLanguage":"es","@id":"https:\/\/www.sonoraenequipo.com.mx\/#\/schema\/person\/image\/","url":"https:\/\/secure.gravatar.com\/avatar\/049821681b589dabc0bc20695993ccebb09f5b5d4d790cd9251b97faac7c652b?s=96&d=blank&r=g","contentUrl":"https:\/\/secure.gravatar.com\/avatar\/049821681b589dabc0bc20695993ccebb09f5b5d4d790cd9251b97faac7c652b?s=96&d=blank&r=g","caption":"enequipo"},"sameAs":["https:\/\/www.facebook.com\/SonoraEE"]}]}},"jetpack_featured_media_url":"https:\/\/www.sonoraenequipo.com.mx\/storage\/2021\/07\/lopez-gatell-informe_opt.jpg","_links":{"self":[{"href":"https:\/\/www.sonoraenequipo.com.mx\/api\/wp\/v2\/posts\/119275","targetHints":{"allow":["GET"]}}],"collection":[{"href":"https:\/\/www.sonoraenequipo.com.mx\/api\/wp\/v2\/posts"}],"about":[{"href":"https:\/\/www.sonoraenequipo.com.mx\/api\/wp\/v2\/types\/post"}],"author":[{"embeddable":true,"href":"https:\/\/www.sonoraenequipo.com.mx\/api\/wp\/v2\/users\/1"}],"replies":[{"embeddable":true,"href":"https:\/\/www.sonoraenequipo.com.mx\/api\/wp\/v2\/comments?post=119275"}],"version-history":[{"count":2,"href":"https:\/\/www.sonoraenequipo.com.mx\/api\/wp\/v2\/posts\/119275\/revisions"}],"predecessor-version":[{"id":119278,"href":"https:\/\/www.sonoraenequipo.com.mx\/api\/wp\/v2\/posts\/119275\/revisions\/119278"}],"wp:featuredmedia":[{"embeddable":true,"href":"https:\/\/www.sonoraenequipo.com.mx\/api\/wp\/v2\/media\/119235"}],"wp:attachment":[{"href":"https:\/\/www.sonoraenequipo.com.mx\/api\/wp\/v2\/media?parent=119275"}],"wp:term":[{"taxonomy":"category","embeddable":true,"href":"https:\/\/www.sonoraenequipo.com.mx\/api\/wp\/v2\/categories?post=119275"},{"taxonomy":"post_tag","embeddable":true,"href":"https:\/\/www.sonoraenequipo.com.mx\/api\/wp\/v2\/tags?post=119275"}],"curies":[{"name":"wp","href":"https:\/\/api.w.org\/{rel}","templated":true}]}}