{"id":119280,"date":"2021-07-27T23:55:46","date_gmt":"2021-07-28T06:55:46","guid":{"rendered":"https:\/\/www.sonoraenequipo.com.mx\/?p=119280"},"modified":"2021-07-28T10:47:20","modified_gmt":"2021-07-28T17:47:20","slug":"hacienda-oficializa-la-extincion-del-fonden-expone-que-tenia-un-pasivo-de-13123-millones-de-pesos","status":"publish","type":"post","link":"https:\/\/www.sonoraenequipo.com.mx\/hacienda-oficializa-la-extincion-del-fonden-expone-que-tenia-un-pasivo-de-13123-millones-de-pesos\/","title":{"rendered":"Hacienda oficializa la extinci\u00f3n del Fonden; expone que ten\u00eda un pasivo de 13,123 millones de pesos"},"content":{"rendered":"<p>CIUDAD DE M\u00c9XICO. MX. \u2014 El fideicomiso creado en 1996 para brindar apoyo a los estados, dependencias y otras entidades de la administraci\u00f3n p\u00fablica federal a enfrentar los desastres provocados por la naturaleza y que fue conocido como el Fondo de Desastres Naturales (Fonden), qued\u00f3 formalmente extinto este martes.<\/p>\n<p>&nbsp;<\/p>\n<p> <\/p>\n<p>Esto, despu\u00e9s de que la Secretar\u00eda de Hacienda dejara sin efectos al acuerdo por el cual se emitieron las reglas generales del Fonden y sus modificaciones, as\u00ed como otros lineamientos y disposiciones que surgieron a lo largo del tiempo para mantener activo este fideicomiso.<\/p>\n<p>&nbsp;<\/p>\n<p>Hacienda inform\u00f3 que pronto emitir\u00e1 las disposiciones espec\u00edficas que establezcan y regulen los mecanismos presupuestarios que permitan el adecuado ejercicio de los recursos. Todo ello, para asegurar acciones de prevenci\u00f3n que atiendan los impactos causados por fen\u00f3menos naturales y para que <em>\u201cla Secretar\u00eda de Seguridad y Protecci\u00f3n Ciudadana establezca el marco normativo para la conducci\u00f3n y ejecuci\u00f3n de las pol\u00edticas y programas para la prevenci\u00f3n, auxilio, recuperaci\u00f3n y apoyo a la poblaci\u00f3n en situaci\u00f3n de desastre\u201d.<\/em><\/p>\n<p>&nbsp;<\/p>\n<p>El Senado aprob\u00f3 la extinci\u00f3n de 109 fideicomisos el 21 de octubre del a\u00f1o 2020 y entre ellos el Fonden. Con esta decisi\u00f3n, el gobierno federal podr\u00eda obtener 68,400 millones de pesos adicionales para el presupuesto del a\u00f1o 2021.<\/p>\n<p>&nbsp;<\/p>\n<p>La propuesta fue respaldada por el presidente Andr\u00e9s Manuel L\u00f3pez Obrador y el entonces secretario de Hacienda, Arturo Herrera, afirm\u00f3 que el Fonden presentaba una deuda de 13,123 millones de pesos hasta ese mes. Ese pasivo resultaba de los efectos que hab\u00edan dejado los huracanes y los sismos del a\u00f1o 2017.<\/p>\n<p>&nbsp;<\/p>\n<p>Desde el pasado 1 de enero de 2021, el Fonden no contaba ya con la autorizaci\u00f3n para asumir compromisos adicionales, salvo aquellos relacionados con sus propios gastos de operaci\u00f3n.<\/p>\n<p>&nbsp;<\/p>\n<p>&nbsp;<\/p>\n<p>(Publicada el 27\/07\/2021 \/Con informaci\u00f3n de EL ECONOMISTA)<\/p>\n","protected":false},"excerpt":{"rendered":"<p>CIUDAD DE M\u00c9XICO. MX. \u2014 El fideicomiso creado en 1996 para brindar apoyo a los&#8230;<\/p>\n","protected":false},"author":1,"featured_media":119284,"comment_status":"open","ping_status":"open","sticky":false,"template":"","format":"standard","meta":{"_monsterinsights_skip_tracking":false,"_monsterinsights_sitenote_active":false,"_monsterinsights_sitenote_note":"","_monsterinsights_sitenote_category":0,"footnotes":""},"categories":[5],"tags":[],"class_list":["post"],"yoast_head":" \n<title>Sonora en Equipo. Hacienda oficializa la extinci\u00f3n del Fonden; expone que ten\u00eda un pasivo de 13,123 millones de pesos Rep\u00fablica<\/title>\n<meta name=\"description\" content=\"CIUDAD DE M\u00c9XICO. MX. \u2014 El fideicomiso creado en 1996 para brindar apoyo a los estados, dependencias y otras entidades de la administraci\u00f3n p\u00fablica En Sonora en Equipo publicamos toda la informaci\u00f3n de Sonora, M\u00e9xico y el Mundo de manera oportuna y busca que la libertad de expresi\u00f3n sea real. Visita nuestro medio informativo publicado desde Hermosillo, Sonora. %\" \/>\n<meta name=\"robots\" content=\"index, follow, max-snippet:-1, max-image-preview:large, max-video-preview:-1\" \/>\n<link rel=\"canonical\" href=\"https:\/\/www.sonoraenequipo.com.mx\/hacienda-oficializa-la-extincion-del-fonden-expone-que-tenia-un-pasivo-de-13123-millones-de-pesos\/\" \/>\n<meta property=\"og:locale\" content=\"es_ES\" \/>\n<meta property=\"og:type\" content=\"article\" \/>\n<meta property=\"og:title\" content=\"Sonora en Equipo. Hacienda oficializa la extinci\u00f3n del Fonden; expone que ten\u00eda un pasivo de 13,123 millones de pesos Rep\u00fablica\" \/>\n<meta property=\"og:description\" content=\"CIUDAD DE M\u00c9XICO. MX. \u2014 El fideicomiso creado en 1996 para brindar apoyo a los estados, dependencias y otras entidades de la administraci\u00f3n p\u00fablica En Sonora en Equipo publicamos toda la informaci\u00f3n de Sonora, M\u00e9xico y el Mundo de manera oportuna y busca que la libertad de expresi\u00f3n sea real. Visita nuestro medio informativo publicado desde Hermosillo, Sonora. %\" \/>\n<meta property=\"og:url\" content=\"https:\/\/www.sonoraenequipo.com.mx\/hacienda-oficializa-la-extincion-del-fonden-expone-que-tenia-un-pasivo-de-13123-millones-de-pesos\/\" \/>\n<meta property=\"og:site_name\" content=\"Sonora en Equipo.\" \/>\n<meta property=\"article:publisher\" content=\"https:\/\/www.facebook.com\/SonoraEE\/\" \/>\n<meta property=\"article:author\" content=\"https:\/\/www.facebook.com\/SonoraEE\" \/>\n<meta property=\"article:published_time\" content=\"2021-07-28T06:55:46+00:00\" \/>\n<meta property=\"article:modified_time\" content=\"2021-07-28T17:47:20+00:00\" \/>\n<meta property=\"og:image\" content=\"https:\/\/www.sonoraenequipo.com.mx\/storage\/2021\/07\/sismo_oaxaca-fonden_opt.jpg\" \/>\n\t<meta property=\"og:image:width\" content=\"700\" \/>\n\t<meta property=\"og:image:height\" content=\"400\" \/>\n\t<meta property=\"og:image:type\" content=\"image\/jpeg\" \/>\n<meta name=\"author\" content=\"enequipo\" \/>\n<meta name=\"twitter:card\" content=\"summary_large_image\" \/>\n<meta name=\"twitter:creator\" content=\"@sonoraenequipo\" \/>\n<meta name=\"twitter:site\" content=\"@sonoraenequipo\" \/>\n<meta name=\"twitter:label1\" content=\"Escrito por\" \/>\n\t<meta name=\"twitter:data1\" content=\"enequipo\" \/>\n\t<meta name=\"twitter:label2\" content=\"Tiempo de lectura\" \/>\n\t<meta name=\"twitter:data2\" content=\"2 minutos\" \/>\n<script type=\"application\/ld+json\" class=\"yoast-schema-graph\">{\"@context\":\"https:\/\/schema.org\",\"@graph\":[{\"@type\":\"Article\",\"@id\":\"https:\/\/www.sonoraenequipo.com.mx\/hacienda-oficializa-la-extincion-del-fonden-expone-que-tenia-un-pasivo-de-13123-millones-de-pesos\/#article\",\"isPartOf\":{\"@id\":\"https:\/\/www.sonoraenequipo.com.mx\/hacienda-oficializa-la-extincion-del-fonden-expone-que-tenia-un-pasivo-de-13123-millones-de-pesos\/\"},\"author\":{\"name\":\"enequipo\",\"@id\":\"https:\/\/www.sonoraenequipo.com.mx\/#\/schema\/person\/50102df0fb23a8fa9e8effad8fa81386\"},\"headline\":\"Hacienda oficializa la extinci\u00f3n del Fonden; expone que ten\u00eda un pasivo de 13,123 millones de pesos\",\"datePublished\":\"2021-07-28T06:55:46+00:00\",\"dateModified\":\"2021-07-28T17:47:20+00:00\",\"mainEntityOfPage\":{\"@id\":\"https:\/\/www.sonoraenequipo.com.mx\/hacienda-oficializa-la-extincion-del-fonden-expone-que-tenia-un-pasivo-de-13123-millones-de-pesos\/\"},\"wordCount\":337,\"commentCount\":0,\"publisher\":{\"@id\":\"https:\/\/www.sonoraenequipo.com.mx\/#organization\"},\"image\":{\"@id\":\"https:\/\/www.sonoraenequipo.com.mx\/hacienda-oficializa-la-extincion-del-fonden-expone-que-tenia-un-pasivo-de-13123-millones-de-pesos\/#primaryimage\"},\"thumbnailUrl\":\"https:\/\/www.sonoraenequipo.com.mx\/storage\/2021\/07\/sismo_oaxaca-fonden_opt.jpg\",\"articleSection\":[\"Rep\u00fablica\"],\"inLanguage\":\"es\",\"potentialAction\":[{\"@type\":\"CommentAction\",\"name\":\"Comment\",\"target\":[\"https:\/\/www.sonoraenequipo.com.mx\/hacienda-oficializa-la-extincion-del-fonden-expone-que-tenia-un-pasivo-de-13123-millones-de-pesos\/#respond\"]}]},{\"@type\":\"WebPage\",\"@id\":\"https:\/\/www.sonoraenequipo.com.mx\/hacienda-oficializa-la-extincion-del-fonden-expone-que-tenia-un-pasivo-de-13123-millones-de-pesos\/\",\"url\":\"https:\/\/www.sonoraenequipo.com.mx\/hacienda-oficializa-la-extincion-del-fonden-expone-que-tenia-un-pasivo-de-13123-millones-de-pesos\/\",\"name\":\"Sonora en Equipo. Hacienda oficializa la extinci\u00f3n del Fonden; expone que ten\u00eda un pasivo de 13,123 millones de pesos Rep\u00fablica\",\"isPartOf\":{\"@id\":\"https:\/\/www.sonoraenequipo.com.mx\/#website\"},\"primaryImageOfPage\":{\"@id\":\"https:\/\/www.sonoraenequipo.com.mx\/hacienda-oficializa-la-extincion-del-fonden-expone-que-tenia-un-pasivo-de-13123-millones-de-pesos\/#primaryimage\"},\"image\":{\"@id\":\"https:\/\/www.sonoraenequipo.com.mx\/hacienda-oficializa-la-extincion-del-fonden-expone-que-tenia-un-pasivo-de-13123-millones-de-pesos\/#primaryimage\"},\"thumbnailUrl\":\"https:\/\/www.sonoraenequipo.com.mx\/storage\/2021\/07\/sismo_oaxaca-fonden_opt.jpg\",\"datePublished\":\"2021-07-28T06:55:46+00:00\",\"dateModified\":\"2021-07-28T17:47:20+00:00\",\"description\":\"CIUDAD DE M\u00c9XICO. MX. \u2014 El fideicomiso creado en 1996 para brindar apoyo a los estados, dependencias y otras entidades de la administraci\u00f3n p\u00fablica En Sonora en Equipo publicamos toda la informaci\u00f3n de Sonora, M\u00e9xico y el Mundo de manera oportuna y busca que la libertad de expresi\u00f3n sea real. Visita nuestro medio informativo publicado desde Hermosillo, Sonora. %\",\"breadcrumb\":{\"@id\":\"https:\/\/www.sonoraenequipo.com.mx\/hacienda-oficializa-la-extincion-del-fonden-expone-que-tenia-un-pasivo-de-13123-millones-de-pesos\/#breadcrumb\"},\"inLanguage\":\"es\",\"potentialAction\":[{\"@type\":\"ReadAction\",\"target\":[\"https:\/\/www.sonoraenequipo.com.mx\/hacienda-oficializa-la-extincion-del-fonden-expone-que-tenia-un-pasivo-de-13123-millones-de-pesos\/\"]}]},{\"@type\":\"ImageObject\",\"inLanguage\":\"es\",\"@id\":\"https:\/\/www.sonoraenequipo.com.mx\/hacienda-oficializa-la-extincion-del-fonden-expone-que-tenia-un-pasivo-de-13123-millones-de-pesos\/#primaryimage\",\"url\":\"https:\/\/www.sonoraenequipo.com.mx\/storage\/2021\/07\/sismo_oaxaca-fonden_opt.jpg\",\"contentUrl\":\"https:\/\/www.sonoraenequipo.com.mx\/storage\/2021\/07\/sismo_oaxaca-fonden_opt.jpg\",\"width\":700,\"height\":400},{\"@type\":\"BreadcrumbList\",\"@id\":\"https:\/\/www.sonoraenequipo.com.mx\/hacienda-oficializa-la-extincion-del-fonden-expone-que-tenia-un-pasivo-de-13123-millones-de-pesos\/#breadcrumb\",\"itemListElement\":[{\"@type\":\"ListItem\",\"position\":1,\"name\":\"Portada\",\"item\":\"https:\/\/www.sonoraenequipo.com.mx\/\"},{\"@type\":\"ListItem\",\"position\":2,\"name\":\"Hacienda oficializa la extinci\u00f3n del Fonden; expone que ten\u00eda un pasivo de 13,123 millones de pesos\"}]},{\"@type\":\"WebSite\",\"@id\":\"https:\/\/www.sonoraenequipo.com.mx\/#website\",\"url\":\"https:\/\/www.sonoraenequipo.com.mx\/\",\"name\":\"Sonora en Equipo.\",\"description\":\"Diario en l\u00ednea con Noticias desde Hermosillo, Sonora\",\"publisher\":{\"@id\":\"https:\/\/www.sonoraenequipo.com.mx\/#organization\"},\"potentialAction\":[{\"@type\":\"SearchAction\",\"target\":{\"@type\":\"EntryPoint\",\"urlTemplate\":\"https:\/\/www.sonoraenequipo.com.mx\/?s={search_term_string}\"},\"query-input\":{\"@type\":\"PropertyValueSpecification\",\"valueRequired\":true,\"valueName\":\"search_term_string\"}}],\"inLanguage\":\"es\"},{\"@type\":\"Organization\",\"@id\":\"https:\/\/www.sonoraenequipo.com.mx\/#organization\",\"name\":\"Sonoraenequipo.com.mx\",\"url\":\"https:\/\/www.sonoraenequipo.com.mx\/\",\"logo\":{\"@type\":\"ImageObject\",\"inLanguage\":\"es\",\"@id\":\"https:\/\/www.sonoraenequipo.com.mx\/#\/schema\/logo\/image\/\",\"url\":\"https:\/\/www.sonoraenequipo.com.mx\/storage\/2019\/01\/sonoraenequipo_opt.png\",\"contentUrl\":\"https:\/\/www.sonoraenequipo.com.mx\/storage\/2019\/01\/sonoraenequipo_opt.png\",\"width\":375,\"height\":125,\"caption\":\"Sonoraenequipo.com.mx\"},\"image\":{\"@id\":\"https:\/\/www.sonoraenequipo.com.mx\/#\/schema\/logo\/image\/\"},\"sameAs\":[\"https:\/\/www.facebook.com\/SonoraEE\/\",\"https:\/\/x.com\/sonoraenequipo\",\"https:\/\/www.youtube.com\/channel\/UC338nW-lPEYmJQs4ZABQ1SQ\"]},{\"@type\":\"Person\",\"@id\":\"https:\/\/www.sonoraenequipo.com.mx\/#\/schema\/person\/50102df0fb23a8fa9e8effad8fa81386\",\"name\":\"enequipo\",\"image\":{\"@type\":\"ImageObject\",\"inLanguage\":\"es\",\"@id\":\"https:\/\/www.sonoraenequipo.com.mx\/#\/schema\/person\/image\/\",\"url\":\"https:\/\/secure.gravatar.com\/avatar\/049821681b589dabc0bc20695993ccebb09f5b5d4d790cd9251b97faac7c652b?s=96&d=blank&r=g\",\"contentUrl\":\"https:\/\/secure.gravatar.com\/avatar\/049821681b589dabc0bc20695993ccebb09f5b5d4d790cd9251b97faac7c652b?s=96&d=blank&r=g\",\"caption\":\"enequipo\"},\"sameAs\":[\"https:\/\/www.facebook.com\/SonoraEE\"]}]}<\/script>\n ","yoast_head_json":{"title":"Sonora en Equipo. Hacienda oficializa la extinci\u00f3n del Fonden; expone que ten\u00eda un pasivo de 13,123 millones de pesos Rep\u00fablica","description":"CIUDAD DE M\u00c9XICO. MX. \u2014 El fideicomiso creado en 1996 para brindar apoyo a los estados, dependencias y otras entidades de la administraci\u00f3n p\u00fablica En Sonora en Equipo publicamos toda la informaci\u00f3n de Sonora, M\u00e9xico y el Mundo de manera oportuna y busca que la libertad de expresi\u00f3n sea real. Visita nuestro medio informativo publicado desde Hermosillo, Sonora. %","robots":{"index":"index","follow":"follow","max-snippet":"max-snippet:-1","max-image-preview":"max-image-preview:large","max-video-preview":"max-video-preview:-1"},"canonical":"https:\/\/www.sonoraenequipo.com.mx\/hacienda-oficializa-la-extincion-del-fonden-expone-que-tenia-un-pasivo-de-13123-millones-de-pesos\/","og_locale":"es_ES","og_type":"article","og_title":"Sonora en Equipo. Hacienda oficializa la extinci\u00f3n del Fonden; expone que ten\u00eda un pasivo de 13,123 millones de pesos Rep\u00fablica","og_description":"CIUDAD DE M\u00c9XICO. MX. \u2014 El fideicomiso creado en 1996 para brindar apoyo a los estados, dependencias y otras entidades de la administraci\u00f3n p\u00fablica En Sonora en Equipo publicamos toda la informaci\u00f3n de Sonora, M\u00e9xico y el Mundo de manera oportuna y busca que la libertad de expresi\u00f3n sea real. Visita nuestro medio informativo publicado desde Hermosillo, Sonora. %","og_url":"https:\/\/www.sonoraenequipo.com.mx\/hacienda-oficializa-la-extincion-del-fonden-expone-que-tenia-un-pasivo-de-13123-millones-de-pesos\/","og_site_name":"Sonora en Equipo.","article_publisher":"https:\/\/www.facebook.com\/SonoraEE\/","article_author":"https:\/\/www.facebook.com\/SonoraEE","article_published_time":"2021-07-28T06:55:46+00:00","article_modified_time":"2021-07-28T17:47:20+00:00","og_image":[{"width":700,"height":400,"url":"https:\/\/www.sonoraenequipo.com.mx\/storage\/2021\/07\/sismo_oaxaca-fonden_opt.jpg","type":"image\/jpeg"}],"author":"enequipo","twitter_card":"summary_large_image","twitter_creator":"@sonoraenequipo","twitter_site":"@sonoraenequipo","twitter_misc":{"Escrito por":"enequipo","Tiempo de lectura":"2 minutos"},"schema":{"@context":"https:\/\/schema.org","@graph":[{"@type":"Article","@id":"https:\/\/www.sonoraenequipo.com.mx\/hacienda-oficializa-la-extincion-del-fonden-expone-que-tenia-un-pasivo-de-13123-millones-de-pesos\/#article","isPartOf":{"@id":"https:\/\/www.sonoraenequipo.com.mx\/hacienda-oficializa-la-extincion-del-fonden-expone-que-tenia-un-pasivo-de-13123-millones-de-pesos\/"},"author":{"name":"enequipo","@id":"https:\/\/www.sonoraenequipo.com.mx\/#\/schema\/person\/50102df0fb23a8fa9e8effad8fa81386"},"headline":"Hacienda oficializa la extinci\u00f3n del Fonden; expone que ten\u00eda un pasivo de 13,123 millones de pesos","datePublished":"2021-07-28T06:55:46+00:00","dateModified":"2021-07-28T17:47:20+00:00","mainEntityOfPage":{"@id":"https:\/\/www.sonoraenequipo.com.mx\/hacienda-oficializa-la-extincion-del-fonden-expone-que-tenia-un-pasivo-de-13123-millones-de-pesos\/"},"wordCount":337,"commentCount":0,"publisher":{"@id":"https:\/\/www.sonoraenequipo.com.mx\/#organization"},"image":{"@id":"https:\/\/www.sonoraenequipo.com.mx\/hacienda-oficializa-la-extincion-del-fonden-expone-que-tenia-un-pasivo-de-13123-millones-de-pesos\/#primaryimage"},"thumbnailUrl":"https:\/\/www.sonoraenequipo.com.mx\/storage\/2021\/07\/sismo_oaxaca-fonden_opt.jpg","articleSection":["Rep\u00fablica"],"inLanguage":"es","potentialAction":[{"@type":"CommentAction","name":"Comment","target":["https:\/\/www.sonoraenequipo.com.mx\/hacienda-oficializa-la-extincion-del-fonden-expone-que-tenia-un-pasivo-de-13123-millones-de-pesos\/#respond"]}]},{"@type":"WebPage","@id":"https:\/\/www.sonoraenequipo.com.mx\/hacienda-oficializa-la-extincion-del-fonden-expone-que-tenia-un-pasivo-de-13123-millones-de-pesos\/","url":"https:\/\/www.sonoraenequipo.com.mx\/hacienda-oficializa-la-extincion-del-fonden-expone-que-tenia-un-pasivo-de-13123-millones-de-pesos\/","name":"Sonora en Equipo. Hacienda oficializa la extinci\u00f3n del Fonden; expone que ten\u00eda un pasivo de 13,123 millones de pesos Rep\u00fablica","isPartOf":{"@id":"https:\/\/www.sonoraenequipo.com.mx\/#website"},"primaryImageOfPage":{"@id":"https:\/\/www.sonoraenequipo.com.mx\/hacienda-oficializa-la-extincion-del-fonden-expone-que-tenia-un-pasivo-de-13123-millones-de-pesos\/#primaryimage"},"image":{"@id":"https:\/\/www.sonoraenequipo.com.mx\/hacienda-oficializa-la-extincion-del-fonden-expone-que-tenia-un-pasivo-de-13123-millones-de-pesos\/#primaryimage"},"thumbnailUrl":"https:\/\/www.sonoraenequipo.com.mx\/storage\/2021\/07\/sismo_oaxaca-fonden_opt.jpg","datePublished":"2021-07-28T06:55:46+00:00","dateModified":"2021-07-28T17:47:20+00:00","description":"CIUDAD DE M\u00c9XICO. MX. \u2014 El fideicomiso creado en 1996 para brindar apoyo a los estados, dependencias y otras entidades de la administraci\u00f3n p\u00fablica En Sonora en Equipo publicamos toda la informaci\u00f3n de Sonora, M\u00e9xico y el Mundo de manera oportuna y busca que la libertad de expresi\u00f3n sea real. Visita nuestro medio informativo publicado desde Hermosillo, Sonora. %","breadcrumb":{"@id":"https:\/\/www.sonoraenequipo.com.mx\/hacienda-oficializa-la-extincion-del-fonden-expone-que-tenia-un-pasivo-de-13123-millones-de-pesos\/#breadcrumb"},"inLanguage":"es","potentialAction":[{"@type":"ReadAction","target":["https:\/\/www.sonoraenequipo.com.mx\/hacienda-oficializa-la-extincion-del-fonden-expone-que-tenia-un-pasivo-de-13123-millones-de-pesos\/"]}]},{"@type":"ImageObject","inLanguage":"es","@id":"https:\/\/www.sonoraenequipo.com.mx\/hacienda-oficializa-la-extincion-del-fonden-expone-que-tenia-un-pasivo-de-13123-millones-de-pesos\/#primaryimage","url":"https:\/\/www.sonoraenequipo.com.mx\/storage\/2021\/07\/sismo_oaxaca-fonden_opt.jpg","contentUrl":"https:\/\/www.sonoraenequipo.com.mx\/storage\/2021\/07\/sismo_oaxaca-fonden_opt.jpg","width":700,"height":400},{"@type":"BreadcrumbList","@id":"https:\/\/www.sonoraenequipo.com.mx\/hacienda-oficializa-la-extincion-del-fonden-expone-que-tenia-un-pasivo-de-13123-millones-de-pesos\/#breadcrumb","itemListElement":[{"@type":"ListItem","position":1,"name":"Portada","item":"https:\/\/www.sonoraenequipo.com.mx\/"},{"@type":"ListItem","position":2,"name":"Hacienda oficializa la extinci\u00f3n del Fonden; expone que ten\u00eda un pasivo de 13,123 millones de pesos"}]},{"@type":"WebSite","@id":"https:\/\/www.sonoraenequipo.com.mx\/#website","url":"https:\/\/www.sonoraenequipo.com.mx\/","name":"Sonora en Equipo.","description":"Diario en l\u00ednea con Noticias desde Hermosillo, Sonora","publisher":{"@id":"https:\/\/www.sonoraenequipo.com.mx\/#organization"},"potentialAction":[{"@type":"SearchAction","target":{"@type":"EntryPoint","urlTemplate":"https:\/\/www.sonoraenequipo.com.mx\/?s={search_term_string}"},"query-input":{"@type":"PropertyValueSpecification","valueRequired":true,"valueName":"search_term_string"}}],"inLanguage":"es"},{"@type":"Organization","@id":"https:\/\/www.sonoraenequipo.com.mx\/#organization","name":"Sonoraenequipo.com.mx","url":"https:\/\/www.sonoraenequipo.com.mx\/","logo":{"@type":"ImageObject","inLanguage":"es","@id":"https:\/\/www.sonoraenequipo.com.mx\/#\/schema\/logo\/image\/","url":"https:\/\/www.sonoraenequipo.com.mx\/storage\/2019\/01\/sonoraenequipo_opt.png","contentUrl":"https:\/\/www.sonoraenequipo.com.mx\/storage\/2019\/01\/sonoraenequipo_opt.png","width":375,"height":125,"caption":"Sonoraenequipo.com.mx"},"image":{"@id":"https:\/\/www.sonoraenequipo.com.mx\/#\/schema\/logo\/image\/"},"sameAs":["https:\/\/www.facebook.com\/SonoraEE\/","https:\/\/x.com\/sonoraenequipo","https:\/\/www.youtube.com\/channel\/UC338nW-lPEYmJQs4ZABQ1SQ"]},{"@type":"Person","@id":"https:\/\/www.sonoraenequipo.com.mx\/#\/schema\/person\/50102df0fb23a8fa9e8effad8fa81386","name":"enequipo","image":{"@type":"ImageObject","inLanguage":"es","@id":"https:\/\/www.sonoraenequipo.com.mx\/#\/schema\/person\/image\/","url":"https:\/\/secure.gravatar.com\/avatar\/049821681b589dabc0bc20695993ccebb09f5b5d4d790cd9251b97faac7c652b?s=96&d=blank&r=g","contentUrl":"https:\/\/secure.gravatar.com\/avatar\/049821681b589dabc0bc20695993ccebb09f5b5d4d790cd9251b97faac7c652b?s=96&d=blank&r=g","caption":"enequipo"},"sameAs":["https:\/\/www.facebook.com\/SonoraEE"]}]}},"jetpack_featured_media_url":"https:\/\/www.sonoraenequipo.com.mx\/storage\/2021\/07\/sismo_oaxaca-fonden_opt.jpg","_links":{"self":[{"href":"https:\/\/www.sonoraenequipo.com.mx\/api\/wp\/v2\/posts\/119280","targetHints":{"allow":["GET"]}}],"collection":[{"href":"https:\/\/www.sonoraenequipo.com.mx\/api\/wp\/v2\/posts"}],"about":[{"href":"https:\/\/www.sonoraenequipo.com.mx\/api\/wp\/v2\/types\/post"}],"author":[{"embeddable":true,"href":"https:\/\/www.sonoraenequipo.com.mx\/api\/wp\/v2\/users\/1"}],"replies":[{"embeddable":true,"href":"https:\/\/www.sonoraenequipo.com.mx\/api\/wp\/v2\/comments?post=119280"}],"version-history":[{"count":1,"href":"https:\/\/www.sonoraenequipo.com.mx\/api\/wp\/v2\/posts\/119280\/revisions"}],"predecessor-version":[{"id":119288,"href":"https:\/\/www.sonoraenequipo.com.mx\/api\/wp\/v2\/posts\/119280\/revisions\/119288"}],"wp:featuredmedia":[{"embeddable":true,"href":"https:\/\/www.sonoraenequipo.com.mx\/api\/wp\/v2\/media\/119284"}],"wp:attachment":[{"href":"https:\/\/www.sonoraenequipo.com.mx\/api\/wp\/v2\/media?parent=119280"}],"wp:term":[{"taxonomy":"category","embeddable":true,"href":"https:\/\/www.sonoraenequipo.com.mx\/api\/wp\/v2\/categories?post=119280"},{"taxonomy":"post_tag","embeddable":true,"href":"https:\/\/www.sonoraenequipo.com.mx\/api\/wp\/v2\/tags?post=119280"}],"curies":[{"name":"wp","href":"https:\/\/api.w.org\/{rel}","templated":true}]}}