{"id":119290,"date":"2021-07-28T06:00:08","date_gmt":"2021-07-28T13:00:08","guid":{"rendered":"https:\/\/www.sonoraenequipo.com.mx\/?p=119290"},"modified":"2021-07-28T10:59:27","modified_gmt":"2021-07-28T17:59:27","slug":"tribunal-concede-amparo-a-kamel-nacif-y-desestima-pruebas-de-lydia-cacho","status":"publish","type":"post","link":"https:\/\/www.sonoraenequipo.com.mx\/tribunal-concede-amparo-a-kamel-nacif-y-desestima-pruebas-de-lydia-cacho\/","title":{"rendered":"Tribunal concede amparo a Kamel Nacif y desestima pruebas de Lydia Cacho"},"content":{"rendered":"<p>CIUDAD DE M\u00c9XICO. MX. \u2014 Un tribunal mexicano concedi\u00f3 un amparo contra la captura del empresario Kamel Nacif Borge, presunto autor intelectual de la detenci\u00f3n y tortura de la periodista Lydia Cacho en 2006.<\/p>\n<p>&nbsp;<\/p>\n<p> <\/p>\n<p><em>\u00abLa justicia de la uni\u00f3n ampara y protege al quejoso<\/em>\u00ab, establece la sentencia.<\/p>\n<p>&nbsp;<\/p>\n<p>Nacif ten\u00eda una orden de captura en su contra emitida por un juzgado de Quintana Roo. El hombre de origen liban\u00e9s hab\u00eda sido vinculado a redes de explotaci\u00f3n sexual de menores junto con el tambi\u00e9n empresario Jean Succar Kuri en el libro \u00abLos Demonios del Ed\u00e9n\u00bb de Lydia Cacho.<\/p>\n<p>&nbsp;<\/p>\n<p>En 2005, Nacif acus\u00f3 a la periodista de calumnia y difamaci\u00f3n. Posteriormente, Cacho fue detenida en el balneario de Canc\u00fan y trasladada al estado de Puebla.<\/p>\n<p>&nbsp;<\/p>\n<p>La periodista denunci\u00f3 que durante el trayecto los agentes policiacos la torturaron.<\/p>\n<p>&nbsp;<\/p>\n<p>En enero de 2006, la periodista fue exonerada y un mes despu\u00e9s se filtr\u00f3 a la prensa una grabaci\u00f3n en la que el entonces gobernador de Puebla, Mario Mar\u00edn, le dec\u00eda a Nacif que le hab\u00eda propinado a la periodista un \u00abcoscorr\u00f3n a esta vieja cabrona\u00bb en represalia por su libro, y era parte de la evidencia de Cacho.<\/p>\n<p>&nbsp;<\/p>\n<p>Este martes, el tribunal desestim\u00f3 esa conversaci\u00f3n, al se\u00f1alar que la palabra \u00abvieja\u00bb en M\u00e9xico se utiliza para nombrar a personas de edad avanzada.<\/p>\n<p>&nbsp;<\/p>\n<p><em>\u00abAnte la falta de precisi\u00f3n de alg\u00fan nombre, no puede concluirse que entre todas las mujeres del mundo, los que intervinieron en la llamada se refer\u00edan a la sujeto pasivo (Lydia Cacho)\u00bb<\/em>, dice la sentencia.<\/p>\n<p>&nbsp;<\/p>\n<p>En respuesta, la periodista dijo en conferencia de prensa que esa argumentaci\u00f3n <em>\u00abes id\u00e9ntica a la del primer juez corrupto\u00bb<\/em> que comenz\u00f3 a llevar su caso.<\/p>\n<p>&nbsp;<\/p>\n<p>Araceli Andrade, abogada defensora, expuso que la sentencia sienta un precedente \u00abpeligroso\u00bb, pues el amparo promovido por el exgobernador Mario Mar\u00edn, preso desde febrero pasado por el mismo caso, ser\u00e1 dirimido en el mismo tribunal.<\/p>\n<p>&nbsp;<\/p>\n<p>En 2011 Succar Kuri fue sentenciado a 112 a\u00f1os de c\u00e1rcel por pornograf\u00eda infantil y abuso sexual, y aunque su sentencia fue revocada por supuestos vicios procesales, est\u00e1 preso.<\/p>\n<p>&nbsp;<\/p>\n<p>(Publicada el 28\/07\/2021)<\/p>\n","protected":false},"excerpt":{"rendered":"<p>CIUDAD DE M\u00c9XICO. MX. \u2014 Un tribunal mexicano concedi\u00f3 un amparo contra la captura del&#8230;<\/p>\n","protected":false},"author":1,"featured_media":119291,"comment_status":"open","ping_status":"open","sticky":false,"template":"","format":"standard","meta":{"_monsterinsights_skip_tracking":false,"_monsterinsights_sitenote_active":false,"_monsterinsights_sitenote_note":"","_monsterinsights_sitenote_category":0,"footnotes":""},"categories":[5],"tags":[],"class_list":["post"],"yoast_head":" \n<title>Sonora en Equipo. Tribunal concede amparo a Kamel Nacif y desestima pruebas de Lydia Cacho Rep\u00fablica<\/title>\n<meta name=\"description\" content=\"CIUDAD DE M\u00c9XICO. MX. \u2014 Un tribunal mexicano concedi\u00f3 un amparo contra la captura del empresario Kamel Nacif Borge, presunto autor intelectual de la En Sonora en Equipo publicamos toda la informaci\u00f3n de Sonora, M\u00e9xico y el Mundo de manera oportuna y busca que la libertad de expresi\u00f3n sea real. Visita nuestro medio informativo publicado desde Hermosillo, Sonora. %\" \/>\n<meta name=\"robots\" content=\"index, follow, max-snippet:-1, max-image-preview:large, max-video-preview:-1\" \/>\n<link rel=\"canonical\" href=\"https:\/\/www.sonoraenequipo.com.mx\/tribunal-concede-amparo-a-kamel-nacif-y-desestima-pruebas-de-lydia-cacho\/\" \/>\n<meta property=\"og:locale\" content=\"es_ES\" \/>\n<meta property=\"og:type\" content=\"article\" \/>\n<meta property=\"og:title\" content=\"Sonora en Equipo. Tribunal concede amparo a Kamel Nacif y desestima pruebas de Lydia Cacho Rep\u00fablica\" \/>\n<meta property=\"og:description\" content=\"CIUDAD DE M\u00c9XICO. MX. \u2014 Un tribunal mexicano concedi\u00f3 un amparo contra la captura del empresario Kamel Nacif Borge, presunto autor intelectual de la En Sonora en Equipo publicamos toda la informaci\u00f3n de Sonora, M\u00e9xico y el Mundo de manera oportuna y busca que la libertad de expresi\u00f3n sea real. Visita nuestro medio informativo publicado desde Hermosillo, Sonora. %\" \/>\n<meta property=\"og:url\" content=\"https:\/\/www.sonoraenequipo.com.mx\/tribunal-concede-amparo-a-kamel-nacif-y-desestima-pruebas-de-lydia-cacho\/\" \/>\n<meta property=\"og:site_name\" content=\"Sonora en Equipo.\" \/>\n<meta property=\"article:publisher\" content=\"https:\/\/www.facebook.com\/SonoraEE\/\" \/>\n<meta property=\"article:author\" content=\"https:\/\/www.facebook.com\/SonoraEE\" \/>\n<meta property=\"article:published_time\" content=\"2021-07-28T13:00:08+00:00\" \/>\n<meta property=\"article:modified_time\" content=\"2021-07-28T17:59:27+00:00\" \/>\n<meta property=\"og:image\" content=\"https:\/\/www.sonoraenequipo.com.mx\/storage\/2021\/07\/kamel_nacif_opt.jpg\" \/>\n\t<meta property=\"og:image:width\" content=\"700\" \/>\n\t<meta property=\"og:image:height\" content=\"400\" \/>\n\t<meta property=\"og:image:type\" content=\"image\/jpeg\" \/>\n<meta name=\"author\" content=\"enequipo\" \/>\n<meta name=\"twitter:card\" content=\"summary_large_image\" \/>\n<meta name=\"twitter:creator\" content=\"@sonoraenequipo\" \/>\n<meta name=\"twitter:site\" content=\"@sonoraenequipo\" \/>\n<meta name=\"twitter:label1\" content=\"Escrito por\" \/>\n\t<meta name=\"twitter:data1\" content=\"enequipo\" \/>\n\t<meta name=\"twitter:label2\" content=\"Tiempo de lectura\" \/>\n\t<meta name=\"twitter:data2\" content=\"2 minutos\" \/>\n<script type=\"application\/ld+json\" class=\"yoast-schema-graph\">{\"@context\":\"https:\/\/schema.org\",\"@graph\":[{\"@type\":\"Article\",\"@id\":\"https:\/\/www.sonoraenequipo.com.mx\/tribunal-concede-amparo-a-kamel-nacif-y-desestima-pruebas-de-lydia-cacho\/#article\",\"isPartOf\":{\"@id\":\"https:\/\/www.sonoraenequipo.com.mx\/tribunal-concede-amparo-a-kamel-nacif-y-desestima-pruebas-de-lydia-cacho\/\"},\"author\":{\"name\":\"enequipo\",\"@id\":\"https:\/\/www.sonoraenequipo.com.mx\/#\/schema\/person\/50102df0fb23a8fa9e8effad8fa81386\"},\"headline\":\"Tribunal concede amparo a Kamel Nacif y desestima pruebas de Lydia Cacho\",\"datePublished\":\"2021-07-28T13:00:08+00:00\",\"dateModified\":\"2021-07-28T17:59:27+00:00\",\"mainEntityOfPage\":{\"@id\":\"https:\/\/www.sonoraenequipo.com.mx\/tribunal-concede-amparo-a-kamel-nacif-y-desestima-pruebas-de-lydia-cacho\/\"},\"wordCount\":390,\"commentCount\":0,\"publisher\":{\"@id\":\"https:\/\/www.sonoraenequipo.com.mx\/#organization\"},\"image\":{\"@id\":\"https:\/\/www.sonoraenequipo.com.mx\/tribunal-concede-amparo-a-kamel-nacif-y-desestima-pruebas-de-lydia-cacho\/#primaryimage\"},\"thumbnailUrl\":\"https:\/\/www.sonoraenequipo.com.mx\/storage\/2021\/07\/kamel_nacif_opt.jpg\",\"articleSection\":[\"Rep\u00fablica\"],\"inLanguage\":\"es\",\"potentialAction\":[{\"@type\":\"CommentAction\",\"name\":\"Comment\",\"target\":[\"https:\/\/www.sonoraenequipo.com.mx\/tribunal-concede-amparo-a-kamel-nacif-y-desestima-pruebas-de-lydia-cacho\/#respond\"]}]},{\"@type\":\"WebPage\",\"@id\":\"https:\/\/www.sonoraenequipo.com.mx\/tribunal-concede-amparo-a-kamel-nacif-y-desestima-pruebas-de-lydia-cacho\/\",\"url\":\"https:\/\/www.sonoraenequipo.com.mx\/tribunal-concede-amparo-a-kamel-nacif-y-desestima-pruebas-de-lydia-cacho\/\",\"name\":\"Sonora en Equipo. Tribunal concede amparo a Kamel Nacif y desestima pruebas de Lydia Cacho Rep\u00fablica\",\"isPartOf\":{\"@id\":\"https:\/\/www.sonoraenequipo.com.mx\/#website\"},\"primaryImageOfPage\":{\"@id\":\"https:\/\/www.sonoraenequipo.com.mx\/tribunal-concede-amparo-a-kamel-nacif-y-desestima-pruebas-de-lydia-cacho\/#primaryimage\"},\"image\":{\"@id\":\"https:\/\/www.sonoraenequipo.com.mx\/tribunal-concede-amparo-a-kamel-nacif-y-desestima-pruebas-de-lydia-cacho\/#primaryimage\"},\"thumbnailUrl\":\"https:\/\/www.sonoraenequipo.com.mx\/storage\/2021\/07\/kamel_nacif_opt.jpg\",\"datePublished\":\"2021-07-28T13:00:08+00:00\",\"dateModified\":\"2021-07-28T17:59:27+00:00\",\"description\":\"CIUDAD DE M\u00c9XICO. MX. \u2014 Un tribunal mexicano concedi\u00f3 un amparo contra la captura del empresario Kamel Nacif Borge, presunto autor intelectual de la En Sonora en Equipo publicamos toda la informaci\u00f3n de Sonora, M\u00e9xico y el Mundo de manera oportuna y busca que la libertad de expresi\u00f3n sea real. Visita nuestro medio informativo publicado desde Hermosillo, Sonora. %\",\"breadcrumb\":{\"@id\":\"https:\/\/www.sonoraenequipo.com.mx\/tribunal-concede-amparo-a-kamel-nacif-y-desestima-pruebas-de-lydia-cacho\/#breadcrumb\"},\"inLanguage\":\"es\",\"potentialAction\":[{\"@type\":\"ReadAction\",\"target\":[\"https:\/\/www.sonoraenequipo.com.mx\/tribunal-concede-amparo-a-kamel-nacif-y-desestima-pruebas-de-lydia-cacho\/\"]}]},{\"@type\":\"ImageObject\",\"inLanguage\":\"es\",\"@id\":\"https:\/\/www.sonoraenequipo.com.mx\/tribunal-concede-amparo-a-kamel-nacif-y-desestima-pruebas-de-lydia-cacho\/#primaryimage\",\"url\":\"https:\/\/www.sonoraenequipo.com.mx\/storage\/2021\/07\/kamel_nacif_opt.jpg\",\"contentUrl\":\"https:\/\/www.sonoraenequipo.com.mx\/storage\/2021\/07\/kamel_nacif_opt.jpg\",\"width\":700,\"height\":400},{\"@type\":\"BreadcrumbList\",\"@id\":\"https:\/\/www.sonoraenequipo.com.mx\/tribunal-concede-amparo-a-kamel-nacif-y-desestima-pruebas-de-lydia-cacho\/#breadcrumb\",\"itemListElement\":[{\"@type\":\"ListItem\",\"position\":1,\"name\":\"Portada\",\"item\":\"https:\/\/www.sonoraenequipo.com.mx\/\"},{\"@type\":\"ListItem\",\"position\":2,\"name\":\"Tribunal concede amparo a Kamel Nacif y desestima pruebas de Lydia Cacho\"}]},{\"@type\":\"WebSite\",\"@id\":\"https:\/\/www.sonoraenequipo.com.mx\/#website\",\"url\":\"https:\/\/www.sonoraenequipo.com.mx\/\",\"name\":\"Sonora en Equipo.\",\"description\":\"Diario en l\u00ednea con Noticias desde Hermosillo, Sonora\",\"publisher\":{\"@id\":\"https:\/\/www.sonoraenequipo.com.mx\/#organization\"},\"potentialAction\":[{\"@type\":\"SearchAction\",\"target\":{\"@type\":\"EntryPoint\",\"urlTemplate\":\"https:\/\/www.sonoraenequipo.com.mx\/?s={search_term_string}\"},\"query-input\":{\"@type\":\"PropertyValueSpecification\",\"valueRequired\":true,\"valueName\":\"search_term_string\"}}],\"inLanguage\":\"es\"},{\"@type\":\"Organization\",\"@id\":\"https:\/\/www.sonoraenequipo.com.mx\/#organization\",\"name\":\"Sonoraenequipo.com.mx\",\"url\":\"https:\/\/www.sonoraenequipo.com.mx\/\",\"logo\":{\"@type\":\"ImageObject\",\"inLanguage\":\"es\",\"@id\":\"https:\/\/www.sonoraenequipo.com.mx\/#\/schema\/logo\/image\/\",\"url\":\"https:\/\/www.sonoraenequipo.com.mx\/storage\/2019\/01\/sonoraenequipo_opt.png\",\"contentUrl\":\"https:\/\/www.sonoraenequipo.com.mx\/storage\/2019\/01\/sonoraenequipo_opt.png\",\"width\":375,\"height\":125,\"caption\":\"Sonoraenequipo.com.mx\"},\"image\":{\"@id\":\"https:\/\/www.sonoraenequipo.com.mx\/#\/schema\/logo\/image\/\"},\"sameAs\":[\"https:\/\/www.facebook.com\/SonoraEE\/\",\"https:\/\/x.com\/sonoraenequipo\",\"https:\/\/www.youtube.com\/channel\/UC338nW-lPEYmJQs4ZABQ1SQ\"]},{\"@type\":\"Person\",\"@id\":\"https:\/\/www.sonoraenequipo.com.mx\/#\/schema\/person\/50102df0fb23a8fa9e8effad8fa81386\",\"name\":\"enequipo\",\"image\":{\"@type\":\"ImageObject\",\"inLanguage\":\"es\",\"@id\":\"https:\/\/www.sonoraenequipo.com.mx\/#\/schema\/person\/image\/\",\"url\":\"https:\/\/secure.gravatar.com\/avatar\/049821681b589dabc0bc20695993ccebb09f5b5d4d790cd9251b97faac7c652b?s=96&d=blank&r=g\",\"contentUrl\":\"https:\/\/secure.gravatar.com\/avatar\/049821681b589dabc0bc20695993ccebb09f5b5d4d790cd9251b97faac7c652b?s=96&d=blank&r=g\",\"caption\":\"enequipo\"},\"sameAs\":[\"https:\/\/www.facebook.com\/SonoraEE\"]}]}<\/script>\n ","yoast_head_json":{"title":"Sonora en Equipo. Tribunal concede amparo a Kamel Nacif y desestima pruebas de Lydia Cacho Rep\u00fablica","description":"CIUDAD DE M\u00c9XICO. MX. \u2014 Un tribunal mexicano concedi\u00f3 un amparo contra la captura del empresario Kamel Nacif Borge, presunto autor intelectual de la En Sonora en Equipo publicamos toda la informaci\u00f3n de Sonora, M\u00e9xico y el Mundo de manera oportuna y busca que la libertad de expresi\u00f3n sea real. Visita nuestro medio informativo publicado desde Hermosillo, Sonora. %","robots":{"index":"index","follow":"follow","max-snippet":"max-snippet:-1","max-image-preview":"max-image-preview:large","max-video-preview":"max-video-preview:-1"},"canonical":"https:\/\/www.sonoraenequipo.com.mx\/tribunal-concede-amparo-a-kamel-nacif-y-desestima-pruebas-de-lydia-cacho\/","og_locale":"es_ES","og_type":"article","og_title":"Sonora en Equipo. Tribunal concede amparo a Kamel Nacif y desestima pruebas de Lydia Cacho Rep\u00fablica","og_description":"CIUDAD DE M\u00c9XICO. MX. \u2014 Un tribunal mexicano concedi\u00f3 un amparo contra la captura del empresario Kamel Nacif Borge, presunto autor intelectual de la En Sonora en Equipo publicamos toda la informaci\u00f3n de Sonora, M\u00e9xico y el Mundo de manera oportuna y busca que la libertad de expresi\u00f3n sea real. Visita nuestro medio informativo publicado desde Hermosillo, Sonora. %","og_url":"https:\/\/www.sonoraenequipo.com.mx\/tribunal-concede-amparo-a-kamel-nacif-y-desestima-pruebas-de-lydia-cacho\/","og_site_name":"Sonora en Equipo.","article_publisher":"https:\/\/www.facebook.com\/SonoraEE\/","article_author":"https:\/\/www.facebook.com\/SonoraEE","article_published_time":"2021-07-28T13:00:08+00:00","article_modified_time":"2021-07-28T17:59:27+00:00","og_image":[{"width":700,"height":400,"url":"https:\/\/www.sonoraenequipo.com.mx\/storage\/2021\/07\/kamel_nacif_opt.jpg","type":"image\/jpeg"}],"author":"enequipo","twitter_card":"summary_large_image","twitter_creator":"@sonoraenequipo","twitter_site":"@sonoraenequipo","twitter_misc":{"Escrito por":"enequipo","Tiempo de lectura":"2 minutos"},"schema":{"@context":"https:\/\/schema.org","@graph":[{"@type":"Article","@id":"https:\/\/www.sonoraenequipo.com.mx\/tribunal-concede-amparo-a-kamel-nacif-y-desestima-pruebas-de-lydia-cacho\/#article","isPartOf":{"@id":"https:\/\/www.sonoraenequipo.com.mx\/tribunal-concede-amparo-a-kamel-nacif-y-desestima-pruebas-de-lydia-cacho\/"},"author":{"name":"enequipo","@id":"https:\/\/www.sonoraenequipo.com.mx\/#\/schema\/person\/50102df0fb23a8fa9e8effad8fa81386"},"headline":"Tribunal concede amparo a Kamel Nacif y desestima pruebas de Lydia Cacho","datePublished":"2021-07-28T13:00:08+00:00","dateModified":"2021-07-28T17:59:27+00:00","mainEntityOfPage":{"@id":"https:\/\/www.sonoraenequipo.com.mx\/tribunal-concede-amparo-a-kamel-nacif-y-desestima-pruebas-de-lydia-cacho\/"},"wordCount":390,"commentCount":0,"publisher":{"@id":"https:\/\/www.sonoraenequipo.com.mx\/#organization"},"image":{"@id":"https:\/\/www.sonoraenequipo.com.mx\/tribunal-concede-amparo-a-kamel-nacif-y-desestima-pruebas-de-lydia-cacho\/#primaryimage"},"thumbnailUrl":"https:\/\/www.sonoraenequipo.com.mx\/storage\/2021\/07\/kamel_nacif_opt.jpg","articleSection":["Rep\u00fablica"],"inLanguage":"es","potentialAction":[{"@type":"CommentAction","name":"Comment","target":["https:\/\/www.sonoraenequipo.com.mx\/tribunal-concede-amparo-a-kamel-nacif-y-desestima-pruebas-de-lydia-cacho\/#respond"]}]},{"@type":"WebPage","@id":"https:\/\/www.sonoraenequipo.com.mx\/tribunal-concede-amparo-a-kamel-nacif-y-desestima-pruebas-de-lydia-cacho\/","url":"https:\/\/www.sonoraenequipo.com.mx\/tribunal-concede-amparo-a-kamel-nacif-y-desestima-pruebas-de-lydia-cacho\/","name":"Sonora en Equipo. Tribunal concede amparo a Kamel Nacif y desestima pruebas de Lydia Cacho Rep\u00fablica","isPartOf":{"@id":"https:\/\/www.sonoraenequipo.com.mx\/#website"},"primaryImageOfPage":{"@id":"https:\/\/www.sonoraenequipo.com.mx\/tribunal-concede-amparo-a-kamel-nacif-y-desestima-pruebas-de-lydia-cacho\/#primaryimage"},"image":{"@id":"https:\/\/www.sonoraenequipo.com.mx\/tribunal-concede-amparo-a-kamel-nacif-y-desestima-pruebas-de-lydia-cacho\/#primaryimage"},"thumbnailUrl":"https:\/\/www.sonoraenequipo.com.mx\/storage\/2021\/07\/kamel_nacif_opt.jpg","datePublished":"2021-07-28T13:00:08+00:00","dateModified":"2021-07-28T17:59:27+00:00","description":"CIUDAD DE M\u00c9XICO. MX. \u2014 Un tribunal mexicano concedi\u00f3 un amparo contra la captura del empresario Kamel Nacif Borge, presunto autor intelectual de la En Sonora en Equipo publicamos toda la informaci\u00f3n de Sonora, M\u00e9xico y el Mundo de manera oportuna y busca que la libertad de expresi\u00f3n sea real. Visita nuestro medio informativo publicado desde Hermosillo, Sonora. %","breadcrumb":{"@id":"https:\/\/www.sonoraenequipo.com.mx\/tribunal-concede-amparo-a-kamel-nacif-y-desestima-pruebas-de-lydia-cacho\/#breadcrumb"},"inLanguage":"es","potentialAction":[{"@type":"ReadAction","target":["https:\/\/www.sonoraenequipo.com.mx\/tribunal-concede-amparo-a-kamel-nacif-y-desestima-pruebas-de-lydia-cacho\/"]}]},{"@type":"ImageObject","inLanguage":"es","@id":"https:\/\/www.sonoraenequipo.com.mx\/tribunal-concede-amparo-a-kamel-nacif-y-desestima-pruebas-de-lydia-cacho\/#primaryimage","url":"https:\/\/www.sonoraenequipo.com.mx\/storage\/2021\/07\/kamel_nacif_opt.jpg","contentUrl":"https:\/\/www.sonoraenequipo.com.mx\/storage\/2021\/07\/kamel_nacif_opt.jpg","width":700,"height":400},{"@type":"BreadcrumbList","@id":"https:\/\/www.sonoraenequipo.com.mx\/tribunal-concede-amparo-a-kamel-nacif-y-desestima-pruebas-de-lydia-cacho\/#breadcrumb","itemListElement":[{"@type":"ListItem","position":1,"name":"Portada","item":"https:\/\/www.sonoraenequipo.com.mx\/"},{"@type":"ListItem","position":2,"name":"Tribunal concede amparo a Kamel Nacif y desestima pruebas de Lydia Cacho"}]},{"@type":"WebSite","@id":"https:\/\/www.sonoraenequipo.com.mx\/#website","url":"https:\/\/www.sonoraenequipo.com.mx\/","name":"Sonora en Equipo.","description":"Diario en l\u00ednea con Noticias desde Hermosillo, Sonora","publisher":{"@id":"https:\/\/www.sonoraenequipo.com.mx\/#organization"},"potentialAction":[{"@type":"SearchAction","target":{"@type":"EntryPoint","urlTemplate":"https:\/\/www.sonoraenequipo.com.mx\/?s={search_term_string}"},"query-input":{"@type":"PropertyValueSpecification","valueRequired":true,"valueName":"search_term_string"}}],"inLanguage":"es"},{"@type":"Organization","@id":"https:\/\/www.sonoraenequipo.com.mx\/#organization","name":"Sonoraenequipo.com.mx","url":"https:\/\/www.sonoraenequipo.com.mx\/","logo":{"@type":"ImageObject","inLanguage":"es","@id":"https:\/\/www.sonoraenequipo.com.mx\/#\/schema\/logo\/image\/","url":"https:\/\/www.sonoraenequipo.com.mx\/storage\/2019\/01\/sonoraenequipo_opt.png","contentUrl":"https:\/\/www.sonoraenequipo.com.mx\/storage\/2019\/01\/sonoraenequipo_opt.png","width":375,"height":125,"caption":"Sonoraenequipo.com.mx"},"image":{"@id":"https:\/\/www.sonoraenequipo.com.mx\/#\/schema\/logo\/image\/"},"sameAs":["https:\/\/www.facebook.com\/SonoraEE\/","https:\/\/x.com\/sonoraenequipo","https:\/\/www.youtube.com\/channel\/UC338nW-lPEYmJQs4ZABQ1SQ"]},{"@type":"Person","@id":"https:\/\/www.sonoraenequipo.com.mx\/#\/schema\/person\/50102df0fb23a8fa9e8effad8fa81386","name":"enequipo","image":{"@type":"ImageObject","inLanguage":"es","@id":"https:\/\/www.sonoraenequipo.com.mx\/#\/schema\/person\/image\/","url":"https:\/\/secure.gravatar.com\/avatar\/049821681b589dabc0bc20695993ccebb09f5b5d4d790cd9251b97faac7c652b?s=96&d=blank&r=g","contentUrl":"https:\/\/secure.gravatar.com\/avatar\/049821681b589dabc0bc20695993ccebb09f5b5d4d790cd9251b97faac7c652b?s=96&d=blank&r=g","caption":"enequipo"},"sameAs":["https:\/\/www.facebook.com\/SonoraEE"]}]}},"jetpack_featured_media_url":"https:\/\/www.sonoraenequipo.com.mx\/storage\/2021\/07\/kamel_nacif_opt.jpg","_links":{"self":[{"href":"https:\/\/www.sonoraenequipo.com.mx\/api\/wp\/v2\/posts\/119290","targetHints":{"allow":["GET"]}}],"collection":[{"href":"https:\/\/www.sonoraenequipo.com.mx\/api\/wp\/v2\/posts"}],"about":[{"href":"https:\/\/www.sonoraenequipo.com.mx\/api\/wp\/v2\/types\/post"}],"author":[{"embeddable":true,"href":"https:\/\/www.sonoraenequipo.com.mx\/api\/wp\/v2\/users\/1"}],"replies":[{"embeddable":true,"href":"https:\/\/www.sonoraenequipo.com.mx\/api\/wp\/v2\/comments?post=119290"}],"version-history":[{"count":1,"href":"https:\/\/www.sonoraenequipo.com.mx\/api\/wp\/v2\/posts\/119290\/revisions"}],"predecessor-version":[{"id":119292,"href":"https:\/\/www.sonoraenequipo.com.mx\/api\/wp\/v2\/posts\/119290\/revisions\/119292"}],"wp:featuredmedia":[{"embeddable":true,"href":"https:\/\/www.sonoraenequipo.com.mx\/api\/wp\/v2\/media\/119291"}],"wp:attachment":[{"href":"https:\/\/www.sonoraenequipo.com.mx\/api\/wp\/v2\/media?parent=119290"}],"wp:term":[{"taxonomy":"category","embeddable":true,"href":"https:\/\/www.sonoraenequipo.com.mx\/api\/wp\/v2\/categories?post=119290"},{"taxonomy":"post_tag","embeddable":true,"href":"https:\/\/www.sonoraenequipo.com.mx\/api\/wp\/v2\/tags?post=119290"}],"curies":[{"name":"wp","href":"https:\/\/api.w.org\/{rel}","templated":true}]}}