{"id":119300,"date":"2021-07-28T11:28:36","date_gmt":"2021-07-28T18:28:36","guid":{"rendered":"https:\/\/www.sonoraenequipo.com.mx\/?p=119300"},"modified":"2021-07-28T14:33:22","modified_gmt":"2021-07-28T21:33:22","slug":"vinculan-a-proceso-a-nueve-presuntos-responsables-de-hechos-violentos-en-magdalena-de-kino","status":"publish","type":"post","link":"https:\/\/www.sonoraenequipo.com.mx\/vinculan-a-proceso-a-nueve-presuntos-responsables-de-hechos-violentos-en-magdalena-de-kino\/","title":{"rendered":"Vinculan a proceso a nueve presuntos responsables de hechos violentos en Magdalena de Kino"},"content":{"rendered":"<p>MAGDALENA DE KINO, SONORA. MX. \u2014 Se dict\u00f3 vinculaci\u00f3n a proceso y prisi\u00f3n preventiva a nueve sujetos por la probable responsabilidad en la comisi\u00f3n del delito de violaci\u00f3n a la Ley Federal de Armas de Fuego y Explosivos.<\/p>\n<p>&nbsp;<\/p>\n<p> <\/p>\n<p>&nbsp;<\/p>\n<p>De acuerdo con el comunicado de la Fiscal\u00eda General de la Rep\u00fablica (FGR), el caso de las nueve personas recluidas en prisi\u00f3n est\u00e1 relacionado con los hechos violentos suscitados en Magdalena de Kino.<\/p>\n<p>&nbsp;<\/p>\n<p>Las personas vinculadas a proceso son Juan Felipe \u201cS\u201d, Miguel \u00c1ngel \u201cL\u201d, Miguel Antonio \u201cG\u201d, Rams\u00e9s Ernesto \u201cE\u201d, Jos\u00e9 Ram\u00f3n \u201cS\u201d, Ram\u00f3n Alonso \u201cC\u201d, Manuel \u201cC\u201d, Jos\u00e9 Manuel \u201cR\u201d y C\u00e9sar \u201cY\u201d.<\/p>\n<p>&nbsp;<\/p>\n<p>La carpeta de investigaci\u00f3n detalla que los hechos ocurrieron en la colonia Industrial de Magdalena de Kino luego de suscitarse un enfrentamiento que result\u00f3 en la detenci\u00f3n de las nueve personas.<\/p>\n<p>&nbsp;<\/p>\n<p>El informe policial de la FGR detalla que a los hoy detenidos se les aseguraron cuatro armas largas y seis m\u00e1s de distintos calibres, adem\u00e1s 20 cargadores y 531 cartuchos \u00fatiles de diversos calibres.<\/p>\n<p>&nbsp;<\/p>\n<p>La FGR en Sonora present\u00f3 los datos de prueba al Juez de Control del Centro de Justicia Penal Federal en Sonora, quien calific\u00f3 de legal las detenciones y dict\u00f3 la mencionada vinculaci\u00f3n a proceso.<\/p>\n<p>&nbsp;<\/p>\n<p>&nbsp;<\/p>\n<p>(Publicada el 28\/07\/2021)<\/p>\n","protected":false},"excerpt":{"rendered":"<p>MAGDALENA DE KINO, SONORA. MX. \u2014 Se dict\u00f3 vinculaci\u00f3n a proceso y prisi\u00f3n preventiva a&#8230;<\/p>\n","protected":false},"author":1,"featured_media":119305,"comment_status":"open","ping_status":"open","sticky":false,"template":"","format":"standard","meta":{"_monsterinsights_skip_tracking":false,"_monsterinsights_sitenote_active":false,"_monsterinsights_sitenote_note":"","_monsterinsights_sitenote_category":0,"footnotes":""},"categories":[22],"tags":[],"class_list":["post"],"yoast_head":" \n<title>Sonora en Equipo. Vinculan a proceso a nueve presuntos responsables de hechos violentos en Magdalena de Kino Sonora<\/title>\n<meta name=\"description\" content=\"MAGDALENA DE KINO, SONORA. MX. \u2014 Se dict\u00f3 vinculaci\u00f3n a proceso y prisi\u00f3n preventiva a nueve sujetos por la probable responsabilidad en la comisi\u00f3n del En Sonora en Equipo publicamos toda la informaci\u00f3n de Sonora, M\u00e9xico y el Mundo de manera oportuna y busca que la libertad de expresi\u00f3n sea real. Visita nuestro medio informativo publicado desde Hermosillo, Sonora. %\" \/>\n<meta name=\"robots\" content=\"index, follow, max-snippet:-1, max-image-preview:large, max-video-preview:-1\" \/>\n<link rel=\"canonical\" href=\"https:\/\/www.sonoraenequipo.com.mx\/vinculan-a-proceso-a-nueve-presuntos-responsables-de-hechos-violentos-en-magdalena-de-kino\/\" \/>\n<meta property=\"og:locale\" content=\"es_ES\" \/>\n<meta property=\"og:type\" content=\"article\" \/>\n<meta property=\"og:title\" content=\"Sonora en Equipo. Vinculan a proceso a nueve presuntos responsables de hechos violentos en Magdalena de Kino Sonora\" \/>\n<meta property=\"og:description\" content=\"MAGDALENA DE KINO, SONORA. MX. \u2014 Se dict\u00f3 vinculaci\u00f3n a proceso y prisi\u00f3n preventiva a nueve sujetos por la probable responsabilidad en la comisi\u00f3n del En Sonora en Equipo publicamos toda la informaci\u00f3n de Sonora, M\u00e9xico y el Mundo de manera oportuna y busca que la libertad de expresi\u00f3n sea real. Visita nuestro medio informativo publicado desde Hermosillo, Sonora. %\" \/>\n<meta property=\"og:url\" content=\"https:\/\/www.sonoraenequipo.com.mx\/vinculan-a-proceso-a-nueve-presuntos-responsables-de-hechos-violentos-en-magdalena-de-kino\/\" \/>\n<meta property=\"og:site_name\" content=\"Sonora en Equipo.\" \/>\n<meta property=\"article:publisher\" content=\"https:\/\/www.facebook.com\/SonoraEE\/\" \/>\n<meta property=\"article:author\" content=\"https:\/\/www.facebook.com\/SonoraEE\" \/>\n<meta property=\"article:published_time\" content=\"2021-07-28T18:28:36+00:00\" \/>\n<meta property=\"article:modified_time\" content=\"2021-07-28T21:33:22+00:00\" \/>\n<meta property=\"og:image\" content=\"https:\/\/www.sonoraenequipo.com.mx\/storage\/2021\/07\/Magdalena-decomiso_opt.jpg\" \/>\n\t<meta property=\"og:image:width\" content=\"700\" \/>\n\t<meta property=\"og:image:height\" content=\"400\" \/>\n\t<meta property=\"og:image:type\" content=\"image\/jpeg\" \/>\n<meta name=\"author\" content=\"enequipo\" \/>\n<meta name=\"twitter:card\" content=\"summary_large_image\" \/>\n<meta name=\"twitter:creator\" content=\"@sonoraenequipo\" \/>\n<meta name=\"twitter:site\" content=\"@sonoraenequipo\" \/>\n<meta name=\"twitter:label1\" content=\"Escrito por\" \/>\n\t<meta name=\"twitter:data1\" content=\"enequipo\" \/>\n\t<meta name=\"twitter:label2\" content=\"Tiempo de lectura\" \/>\n\t<meta name=\"twitter:data2\" content=\"1 minuto\" \/>\n<script type=\"application\/ld+json\" class=\"yoast-schema-graph\">{\"@context\":\"https:\/\/schema.org\",\"@graph\":[{\"@type\":\"Article\",\"@id\":\"https:\/\/www.sonoraenequipo.com.mx\/vinculan-a-proceso-a-nueve-presuntos-responsables-de-hechos-violentos-en-magdalena-de-kino\/#article\",\"isPartOf\":{\"@id\":\"https:\/\/www.sonoraenequipo.com.mx\/vinculan-a-proceso-a-nueve-presuntos-responsables-de-hechos-violentos-en-magdalena-de-kino\/\"},\"author\":{\"name\":\"enequipo\",\"@id\":\"https:\/\/www.sonoraenequipo.com.mx\/#\/schema\/person\/50102df0fb23a8fa9e8effad8fa81386\"},\"headline\":\"Vinculan a proceso a nueve presuntos responsables de hechos violentos en Magdalena de Kino\",\"datePublished\":\"2021-07-28T18:28:36+00:00\",\"dateModified\":\"2021-07-28T21:33:22+00:00\",\"mainEntityOfPage\":{\"@id\":\"https:\/\/www.sonoraenequipo.com.mx\/vinculan-a-proceso-a-nueve-presuntos-responsables-de-hechos-violentos-en-magdalena-de-kino\/\"},\"wordCount\":239,\"commentCount\":0,\"publisher\":{\"@id\":\"https:\/\/www.sonoraenequipo.com.mx\/#organization\"},\"image\":{\"@id\":\"https:\/\/www.sonoraenequipo.com.mx\/vinculan-a-proceso-a-nueve-presuntos-responsables-de-hechos-violentos-en-magdalena-de-kino\/#primaryimage\"},\"thumbnailUrl\":\"https:\/\/www.sonoraenequipo.com.mx\/storage\/2021\/07\/Magdalena-decomiso_opt.jpg\",\"articleSection\":[\"Sonora\"],\"inLanguage\":\"es\",\"potentialAction\":[{\"@type\":\"CommentAction\",\"name\":\"Comment\",\"target\":[\"https:\/\/www.sonoraenequipo.com.mx\/vinculan-a-proceso-a-nueve-presuntos-responsables-de-hechos-violentos-en-magdalena-de-kino\/#respond\"]}]},{\"@type\":\"WebPage\",\"@id\":\"https:\/\/www.sonoraenequipo.com.mx\/vinculan-a-proceso-a-nueve-presuntos-responsables-de-hechos-violentos-en-magdalena-de-kino\/\",\"url\":\"https:\/\/www.sonoraenequipo.com.mx\/vinculan-a-proceso-a-nueve-presuntos-responsables-de-hechos-violentos-en-magdalena-de-kino\/\",\"name\":\"Sonora en Equipo. Vinculan a proceso a nueve presuntos responsables de hechos violentos en Magdalena de Kino Sonora\",\"isPartOf\":{\"@id\":\"https:\/\/www.sonoraenequipo.com.mx\/#website\"},\"primaryImageOfPage\":{\"@id\":\"https:\/\/www.sonoraenequipo.com.mx\/vinculan-a-proceso-a-nueve-presuntos-responsables-de-hechos-violentos-en-magdalena-de-kino\/#primaryimage\"},\"image\":{\"@id\":\"https:\/\/www.sonoraenequipo.com.mx\/vinculan-a-proceso-a-nueve-presuntos-responsables-de-hechos-violentos-en-magdalena-de-kino\/#primaryimage\"},\"thumbnailUrl\":\"https:\/\/www.sonoraenequipo.com.mx\/storage\/2021\/07\/Magdalena-decomiso_opt.jpg\",\"datePublished\":\"2021-07-28T18:28:36+00:00\",\"dateModified\":\"2021-07-28T21:33:22+00:00\",\"description\":\"MAGDALENA DE KINO, SONORA. MX. \u2014 Se dict\u00f3 vinculaci\u00f3n a proceso y prisi\u00f3n preventiva a nueve sujetos por la probable responsabilidad en la comisi\u00f3n del En Sonora en Equipo publicamos toda la informaci\u00f3n de Sonora, M\u00e9xico y el Mundo de manera oportuna y busca que la libertad de expresi\u00f3n sea real. Visita nuestro medio informativo publicado desde Hermosillo, Sonora. %\",\"breadcrumb\":{\"@id\":\"https:\/\/www.sonoraenequipo.com.mx\/vinculan-a-proceso-a-nueve-presuntos-responsables-de-hechos-violentos-en-magdalena-de-kino\/#breadcrumb\"},\"inLanguage\":\"es\",\"potentialAction\":[{\"@type\":\"ReadAction\",\"target\":[\"https:\/\/www.sonoraenequipo.com.mx\/vinculan-a-proceso-a-nueve-presuntos-responsables-de-hechos-violentos-en-magdalena-de-kino\/\"]}]},{\"@type\":\"ImageObject\",\"inLanguage\":\"es\",\"@id\":\"https:\/\/www.sonoraenequipo.com.mx\/vinculan-a-proceso-a-nueve-presuntos-responsables-de-hechos-violentos-en-magdalena-de-kino\/#primaryimage\",\"url\":\"https:\/\/www.sonoraenequipo.com.mx\/storage\/2021\/07\/Magdalena-decomiso_opt.jpg\",\"contentUrl\":\"https:\/\/www.sonoraenequipo.com.mx\/storage\/2021\/07\/Magdalena-decomiso_opt.jpg\",\"width\":700,\"height\":400},{\"@type\":\"BreadcrumbList\",\"@id\":\"https:\/\/www.sonoraenequipo.com.mx\/vinculan-a-proceso-a-nueve-presuntos-responsables-de-hechos-violentos-en-magdalena-de-kino\/#breadcrumb\",\"itemListElement\":[{\"@type\":\"ListItem\",\"position\":1,\"name\":\"Portada\",\"item\":\"https:\/\/www.sonoraenequipo.com.mx\/\"},{\"@type\":\"ListItem\",\"position\":2,\"name\":\"Vinculan a proceso a nueve presuntos responsables de hechos violentos en Magdalena de Kino\"}]},{\"@type\":\"WebSite\",\"@id\":\"https:\/\/www.sonoraenequipo.com.mx\/#website\",\"url\":\"https:\/\/www.sonoraenequipo.com.mx\/\",\"name\":\"Sonora en Equipo.\",\"description\":\"Diario en l\u00ednea con Noticias desde Hermosillo, Sonora\",\"publisher\":{\"@id\":\"https:\/\/www.sonoraenequipo.com.mx\/#organization\"},\"potentialAction\":[{\"@type\":\"SearchAction\",\"target\":{\"@type\":\"EntryPoint\",\"urlTemplate\":\"https:\/\/www.sonoraenequipo.com.mx\/?s={search_term_string}\"},\"query-input\":{\"@type\":\"PropertyValueSpecification\",\"valueRequired\":true,\"valueName\":\"search_term_string\"}}],\"inLanguage\":\"es\"},{\"@type\":\"Organization\",\"@id\":\"https:\/\/www.sonoraenequipo.com.mx\/#organization\",\"name\":\"Sonoraenequipo.com.mx\",\"url\":\"https:\/\/www.sonoraenequipo.com.mx\/\",\"logo\":{\"@type\":\"ImageObject\",\"inLanguage\":\"es\",\"@id\":\"https:\/\/www.sonoraenequipo.com.mx\/#\/schema\/logo\/image\/\",\"url\":\"https:\/\/www.sonoraenequipo.com.mx\/storage\/2019\/01\/sonoraenequipo_opt.png\",\"contentUrl\":\"https:\/\/www.sonoraenequipo.com.mx\/storage\/2019\/01\/sonoraenequipo_opt.png\",\"width\":375,\"height\":125,\"caption\":\"Sonoraenequipo.com.mx\"},\"image\":{\"@id\":\"https:\/\/www.sonoraenequipo.com.mx\/#\/schema\/logo\/image\/\"},\"sameAs\":[\"https:\/\/www.facebook.com\/SonoraEE\/\",\"https:\/\/x.com\/sonoraenequipo\",\"https:\/\/www.youtube.com\/channel\/UC338nW-lPEYmJQs4ZABQ1SQ\"]},{\"@type\":\"Person\",\"@id\":\"https:\/\/www.sonoraenequipo.com.mx\/#\/schema\/person\/50102df0fb23a8fa9e8effad8fa81386\",\"name\":\"enequipo\",\"image\":{\"@type\":\"ImageObject\",\"inLanguage\":\"es\",\"@id\":\"https:\/\/www.sonoraenequipo.com.mx\/#\/schema\/person\/image\/\",\"url\":\"https:\/\/secure.gravatar.com\/avatar\/049821681b589dabc0bc20695993ccebb09f5b5d4d790cd9251b97faac7c652b?s=96&d=blank&r=g\",\"contentUrl\":\"https:\/\/secure.gravatar.com\/avatar\/049821681b589dabc0bc20695993ccebb09f5b5d4d790cd9251b97faac7c652b?s=96&d=blank&r=g\",\"caption\":\"enequipo\"},\"sameAs\":[\"https:\/\/www.facebook.com\/SonoraEE\"]}]}<\/script>\n ","yoast_head_json":{"title":"Sonora en Equipo. Vinculan a proceso a nueve presuntos responsables de hechos violentos en Magdalena de Kino Sonora","description":"MAGDALENA DE KINO, SONORA. MX. \u2014 Se dict\u00f3 vinculaci\u00f3n a proceso y prisi\u00f3n preventiva a nueve sujetos por la probable responsabilidad en la comisi\u00f3n del En Sonora en Equipo publicamos toda la informaci\u00f3n de Sonora, M\u00e9xico y el Mundo de manera oportuna y busca que la libertad de expresi\u00f3n sea real. Visita nuestro medio informativo publicado desde Hermosillo, Sonora. %","robots":{"index":"index","follow":"follow","max-snippet":"max-snippet:-1","max-image-preview":"max-image-preview:large","max-video-preview":"max-video-preview:-1"},"canonical":"https:\/\/www.sonoraenequipo.com.mx\/vinculan-a-proceso-a-nueve-presuntos-responsables-de-hechos-violentos-en-magdalena-de-kino\/","og_locale":"es_ES","og_type":"article","og_title":"Sonora en Equipo. Vinculan a proceso a nueve presuntos responsables de hechos violentos en Magdalena de Kino Sonora","og_description":"MAGDALENA DE KINO, SONORA. MX. \u2014 Se dict\u00f3 vinculaci\u00f3n a proceso y prisi\u00f3n preventiva a nueve sujetos por la probable responsabilidad en la comisi\u00f3n del En Sonora en Equipo publicamos toda la informaci\u00f3n de Sonora, M\u00e9xico y el Mundo de manera oportuna y busca que la libertad de expresi\u00f3n sea real. Visita nuestro medio informativo publicado desde Hermosillo, Sonora. %","og_url":"https:\/\/www.sonoraenequipo.com.mx\/vinculan-a-proceso-a-nueve-presuntos-responsables-de-hechos-violentos-en-magdalena-de-kino\/","og_site_name":"Sonora en Equipo.","article_publisher":"https:\/\/www.facebook.com\/SonoraEE\/","article_author":"https:\/\/www.facebook.com\/SonoraEE","article_published_time":"2021-07-28T18:28:36+00:00","article_modified_time":"2021-07-28T21:33:22+00:00","og_image":[{"width":700,"height":400,"url":"https:\/\/www.sonoraenequipo.com.mx\/storage\/2021\/07\/Magdalena-decomiso_opt.jpg","type":"image\/jpeg"}],"author":"enequipo","twitter_card":"summary_large_image","twitter_creator":"@sonoraenequipo","twitter_site":"@sonoraenequipo","twitter_misc":{"Escrito por":"enequipo","Tiempo de lectura":"1 minuto"},"schema":{"@context":"https:\/\/schema.org","@graph":[{"@type":"Article","@id":"https:\/\/www.sonoraenequipo.com.mx\/vinculan-a-proceso-a-nueve-presuntos-responsables-de-hechos-violentos-en-magdalena-de-kino\/#article","isPartOf":{"@id":"https:\/\/www.sonoraenequipo.com.mx\/vinculan-a-proceso-a-nueve-presuntos-responsables-de-hechos-violentos-en-magdalena-de-kino\/"},"author":{"name":"enequipo","@id":"https:\/\/www.sonoraenequipo.com.mx\/#\/schema\/person\/50102df0fb23a8fa9e8effad8fa81386"},"headline":"Vinculan a proceso a nueve presuntos responsables de hechos violentos en Magdalena de Kino","datePublished":"2021-07-28T18:28:36+00:00","dateModified":"2021-07-28T21:33:22+00:00","mainEntityOfPage":{"@id":"https:\/\/www.sonoraenequipo.com.mx\/vinculan-a-proceso-a-nueve-presuntos-responsables-de-hechos-violentos-en-magdalena-de-kino\/"},"wordCount":239,"commentCount":0,"publisher":{"@id":"https:\/\/www.sonoraenequipo.com.mx\/#organization"},"image":{"@id":"https:\/\/www.sonoraenequipo.com.mx\/vinculan-a-proceso-a-nueve-presuntos-responsables-de-hechos-violentos-en-magdalena-de-kino\/#primaryimage"},"thumbnailUrl":"https:\/\/www.sonoraenequipo.com.mx\/storage\/2021\/07\/Magdalena-decomiso_opt.jpg","articleSection":["Sonora"],"inLanguage":"es","potentialAction":[{"@type":"CommentAction","name":"Comment","target":["https:\/\/www.sonoraenequipo.com.mx\/vinculan-a-proceso-a-nueve-presuntos-responsables-de-hechos-violentos-en-magdalena-de-kino\/#respond"]}]},{"@type":"WebPage","@id":"https:\/\/www.sonoraenequipo.com.mx\/vinculan-a-proceso-a-nueve-presuntos-responsables-de-hechos-violentos-en-magdalena-de-kino\/","url":"https:\/\/www.sonoraenequipo.com.mx\/vinculan-a-proceso-a-nueve-presuntos-responsables-de-hechos-violentos-en-magdalena-de-kino\/","name":"Sonora en Equipo. Vinculan a proceso a nueve presuntos responsables de hechos violentos en Magdalena de Kino Sonora","isPartOf":{"@id":"https:\/\/www.sonoraenequipo.com.mx\/#website"},"primaryImageOfPage":{"@id":"https:\/\/www.sonoraenequipo.com.mx\/vinculan-a-proceso-a-nueve-presuntos-responsables-de-hechos-violentos-en-magdalena-de-kino\/#primaryimage"},"image":{"@id":"https:\/\/www.sonoraenequipo.com.mx\/vinculan-a-proceso-a-nueve-presuntos-responsables-de-hechos-violentos-en-magdalena-de-kino\/#primaryimage"},"thumbnailUrl":"https:\/\/www.sonoraenequipo.com.mx\/storage\/2021\/07\/Magdalena-decomiso_opt.jpg","datePublished":"2021-07-28T18:28:36+00:00","dateModified":"2021-07-28T21:33:22+00:00","description":"MAGDALENA DE KINO, SONORA. MX. \u2014 Se dict\u00f3 vinculaci\u00f3n a proceso y prisi\u00f3n preventiva a nueve sujetos por la probable responsabilidad en la comisi\u00f3n del En Sonora en Equipo publicamos toda la informaci\u00f3n de Sonora, M\u00e9xico y el Mundo de manera oportuna y busca que la libertad de expresi\u00f3n sea real. Visita nuestro medio informativo publicado desde Hermosillo, Sonora. %","breadcrumb":{"@id":"https:\/\/www.sonoraenequipo.com.mx\/vinculan-a-proceso-a-nueve-presuntos-responsables-de-hechos-violentos-en-magdalena-de-kino\/#breadcrumb"},"inLanguage":"es","potentialAction":[{"@type":"ReadAction","target":["https:\/\/www.sonoraenequipo.com.mx\/vinculan-a-proceso-a-nueve-presuntos-responsables-de-hechos-violentos-en-magdalena-de-kino\/"]}]},{"@type":"ImageObject","inLanguage":"es","@id":"https:\/\/www.sonoraenequipo.com.mx\/vinculan-a-proceso-a-nueve-presuntos-responsables-de-hechos-violentos-en-magdalena-de-kino\/#primaryimage","url":"https:\/\/www.sonoraenequipo.com.mx\/storage\/2021\/07\/Magdalena-decomiso_opt.jpg","contentUrl":"https:\/\/www.sonoraenequipo.com.mx\/storage\/2021\/07\/Magdalena-decomiso_opt.jpg","width":700,"height":400},{"@type":"BreadcrumbList","@id":"https:\/\/www.sonoraenequipo.com.mx\/vinculan-a-proceso-a-nueve-presuntos-responsables-de-hechos-violentos-en-magdalena-de-kino\/#breadcrumb","itemListElement":[{"@type":"ListItem","position":1,"name":"Portada","item":"https:\/\/www.sonoraenequipo.com.mx\/"},{"@type":"ListItem","position":2,"name":"Vinculan a proceso a nueve presuntos responsables de hechos violentos en Magdalena de Kino"}]},{"@type":"WebSite","@id":"https:\/\/www.sonoraenequipo.com.mx\/#website","url":"https:\/\/www.sonoraenequipo.com.mx\/","name":"Sonora en Equipo.","description":"Diario en l\u00ednea con Noticias desde Hermosillo, Sonora","publisher":{"@id":"https:\/\/www.sonoraenequipo.com.mx\/#organization"},"potentialAction":[{"@type":"SearchAction","target":{"@type":"EntryPoint","urlTemplate":"https:\/\/www.sonoraenequipo.com.mx\/?s={search_term_string}"},"query-input":{"@type":"PropertyValueSpecification","valueRequired":true,"valueName":"search_term_string"}}],"inLanguage":"es"},{"@type":"Organization","@id":"https:\/\/www.sonoraenequipo.com.mx\/#organization","name":"Sonoraenequipo.com.mx","url":"https:\/\/www.sonoraenequipo.com.mx\/","logo":{"@type":"ImageObject","inLanguage":"es","@id":"https:\/\/www.sonoraenequipo.com.mx\/#\/schema\/logo\/image\/","url":"https:\/\/www.sonoraenequipo.com.mx\/storage\/2019\/01\/sonoraenequipo_opt.png","contentUrl":"https:\/\/www.sonoraenequipo.com.mx\/storage\/2019\/01\/sonoraenequipo_opt.png","width":375,"height":125,"caption":"Sonoraenequipo.com.mx"},"image":{"@id":"https:\/\/www.sonoraenequipo.com.mx\/#\/schema\/logo\/image\/"},"sameAs":["https:\/\/www.facebook.com\/SonoraEE\/","https:\/\/x.com\/sonoraenequipo","https:\/\/www.youtube.com\/channel\/UC338nW-lPEYmJQs4ZABQ1SQ"]},{"@type":"Person","@id":"https:\/\/www.sonoraenequipo.com.mx\/#\/schema\/person\/50102df0fb23a8fa9e8effad8fa81386","name":"enequipo","image":{"@type":"ImageObject","inLanguage":"es","@id":"https:\/\/www.sonoraenequipo.com.mx\/#\/schema\/person\/image\/","url":"https:\/\/secure.gravatar.com\/avatar\/049821681b589dabc0bc20695993ccebb09f5b5d4d790cd9251b97faac7c652b?s=96&d=blank&r=g","contentUrl":"https:\/\/secure.gravatar.com\/avatar\/049821681b589dabc0bc20695993ccebb09f5b5d4d790cd9251b97faac7c652b?s=96&d=blank&r=g","caption":"enequipo"},"sameAs":["https:\/\/www.facebook.com\/SonoraEE"]}]}},"jetpack_featured_media_url":"https:\/\/www.sonoraenequipo.com.mx\/storage\/2021\/07\/Magdalena-decomiso_opt.jpg","_links":{"self":[{"href":"https:\/\/www.sonoraenequipo.com.mx\/api\/wp\/v2\/posts\/119300","targetHints":{"allow":["GET"]}}],"collection":[{"href":"https:\/\/www.sonoraenequipo.com.mx\/api\/wp\/v2\/posts"}],"about":[{"href":"https:\/\/www.sonoraenequipo.com.mx\/api\/wp\/v2\/types\/post"}],"author":[{"embeddable":true,"href":"https:\/\/www.sonoraenequipo.com.mx\/api\/wp\/v2\/users\/1"}],"replies":[{"embeddable":true,"href":"https:\/\/www.sonoraenequipo.com.mx\/api\/wp\/v2\/comments?post=119300"}],"version-history":[{"count":3,"href":"https:\/\/www.sonoraenequipo.com.mx\/api\/wp\/v2\/posts\/119300\/revisions"}],"predecessor-version":[{"id":119314,"href":"https:\/\/www.sonoraenequipo.com.mx\/api\/wp\/v2\/posts\/119300\/revisions\/119314"}],"wp:featuredmedia":[{"embeddable":true,"href":"https:\/\/www.sonoraenequipo.com.mx\/api\/wp\/v2\/media\/119305"}],"wp:attachment":[{"href":"https:\/\/www.sonoraenequipo.com.mx\/api\/wp\/v2\/media?parent=119300"}],"wp:term":[{"taxonomy":"category","embeddable":true,"href":"https:\/\/www.sonoraenequipo.com.mx\/api\/wp\/v2\/categories?post=119300"},{"taxonomy":"post_tag","embeddable":true,"href":"https:\/\/www.sonoraenequipo.com.mx\/api\/wp\/v2\/tags?post=119300"}],"curies":[{"name":"wp","href":"https:\/\/api.w.org\/{rel}","templated":true}]}}