{"id":119321,"date":"2021-07-28T14:28:22","date_gmt":"2021-07-28T21:28:22","guid":{"rendered":"https:\/\/www.sonoraenequipo.com.mx\/?p=119321"},"modified":"2021-07-28T15:48:06","modified_gmt":"2021-07-28T22:48:06","slug":"gobierno-de-la-cdmx-dara-5-mil-pesos-mensuales-a-familias-afectadas-por-ampliacion-de-l12","status":"publish","type":"post","link":"https:\/\/www.sonoraenequipo.com.mx\/gobierno-de-la-cdmx-dara-5-mil-pesos-mensuales-a-familias-afectadas-por-ampliacion-de-l12\/","title":{"rendered":"Gobierno de la CDMX dar\u00e1 5 mil pesos mensuales a familias afectadas por ampliaci\u00f3n de L12"},"content":{"rendered":"<p>CDMX. M\u00c9XICO. \u2014 El gobierno capitalino inform\u00f3 hoy, que durante un a\u00f1o dar\u00e1 un apoyo econ\u00f3mico mensual de 5 mil 500 pesos a los habitantes de las colonias Cove y Minas de Cristo en la alcald\u00eda \u00c1lvaro Obreg\u00f3n, las cuales, se han visto afectadas por los trabajos de ampliaci\u00f3n de la L\u00ednea 12 del Metro que buscan conectar la terminal de Mixcoac con Observatorio.<\/p>\n<p>&nbsp;<\/p>\n<p> <\/p>\n<p>Se detall\u00f3 que el objetivo de dicho apoyo es ayudar a las familias que no tienen acceso a sus hogares, para que cuenten con una vivienda digna, mientras se reparan los da\u00f1os.<\/p>\n<p>&nbsp;<\/p>\n<p>En la Gaceta Oficial Capitalina se destac\u00f3 que dicho apoyo se dar\u00e1 del 1 de enero al 31 de diciembre de 2021, lo que representa un total de 66 mil pesos para fin de a\u00f1o.<\/p>\n<p>&nbsp;<\/p>\n<h3>\nEstos son los requisitos para ser acreedor del apoyo econ\u00f3mico:<\/h3>\n<p>&nbsp;<\/p>\n<p><strong>-Ser propietario o posesionario de casa-habitaci\u00f3n ubicada en el tramo ampliaci\u00f3n de la L\u00ednea 12 del Metro en las colonias Cove y Minas de Cristo.<\/p>\n<p><\/strong><\/p>\n<p><strong>-Estar incluido en el padr\u00f3n de inmuebles de la zona afectada por las obras de ampliaci\u00f3n de la L\u00ednea 12 del Metro.<\/strong><\/p>\n<p><strong>-Contar con una identificaci\u00f3n oficial vigente con fotograf\u00eda (INE, pasaporte, c\u00e9dula profesional o cartilla del Servicio Militar)<\/strong><\/p>\n<p><strong>-Clave \u00fanica de Registro de Poblaci\u00f3n (CURP)<\/strong><\/p>\n<p><strong>-Comprobantes de Domicilio: Predio, agua, luz tel\u00e9fono, televisi\u00f3n por cable o por sat\u00e9lite, con menos de tres meses de haber sido expedido.<\/strong><\/p>\n<p><strong>-Solicitud de apoyo a renta<\/strong><\/p>\n<p>El registro y recepci\u00f3n de documentos para poder acceder al programa ser\u00e1 en las oficinas de la Direcci\u00f3n General de Obras para el Transporte, ubicadas en Avenida Universidad n\u00famero 800, Santa Cruz Atoyac, 03310, de la alcald\u00eda Benito Ju\u00e1rez, de lunes a viernes en un horario de 9:00 a 15:00 horas y de 17:00 a 19:00 horas.<\/p>\n<h3>\nEn este mismo lugar, los solicitantes podr\u00e1n conocer el estado de su solicitud.<\/h3>\n<p>Posteriormente, la Direcci\u00f3n General de Obras para el Transporte analizar\u00e1 las solicitudes y la siguiente semana de publicada la convocatoria, dar\u00e1 a conocer los resultados a trav\u00e9s de la p\u00e1gina de internet.<\/p>\n<h3>\nGrupo Carso participar\u00e1 en la rehabilitaci\u00f3n de L12 del Metro, afirm\u00f3 Carlos Slim<\/h3>\n<p>Carlos Slim, asegur\u00f3 que la construcci\u00f3n de la L\u00ednea 12 del Metro de la Ciudad de M\u00e9xico no tuvo vicios ni fallas de origen y adelant\u00f3 que Grupo Carso, la firma constructora que particip\u00f3 en dicho proyecto, tambi\u00e9n formar\u00e1 parte de la rehabilitaci\u00f3n de la l\u00ednea.<\/p>\n<p>Despu\u00e9s de reunirse con el presidente Andr\u00e9s Manuel L\u00f3pez Obrador, el hombre m\u00e1s rico de M\u00e9xico dijo que, en un ambiente de concordia, dialogaron sobre proyectos de infraestructura nacional y los retos que plantean los programas de crecimiento econ\u00f3mico en Estado Unidos.<\/p>\n<p><em>\u201cEn el caso de la L\u00ednea 12 yo estoy convencido de que lo hicieron los mejores calculistas de M\u00e9xico, hicieron los c\u00e1lculos, el dise\u00f1o y si recordar\u00e1n en octubre del 2012 se dio el visto bueno del proyecto, ya lo que se hab\u00eda hecho por los expertos internacionales, lo cual yo estoy convencido que desde su origen no tiene vicios y tan es as\u00ed que se subi\u00f3 el presidente de la rep\u00fablica, el jefe de gobierno (del Distrito Federal ) y el jefe de gobierno electo\u201d,<\/em> dijo el ingeniero Slim Hel\u00fa al salir de Palacio Nacional el pasado 29 de junio.<\/p>\n<p>Respecto al proyecto en el que participar\u00e1 la firma de Slim, asegur\u00f3 que dejar\u00e1 una estructura completamente segura, en la cual podr\u00e1n circular millones de capitalinos como lo hab\u00eda venido haciendo hasta la noche del 3 de mayo, en la que el desplome de un tramo f\u00e9rreo a\u00e9reo le quit\u00f3 la vida a 26 personas.<\/p>\n<p>Bajo esta l\u00f3gica, asegur\u00f3 que los factores por los que debi\u00f3 de haberse derrumbado el tramo que corr\u00eda entre las estaciones Olivos y Tezonco debieron de ser externos.<\/p>\n<p>&nbsp;<\/p>\n<p>&nbsp;<\/p>\n<p>&nbsp;<\/p>\n<p>(Publicada el 28\/07\/2021)<\/p>\n","protected":false},"excerpt":{"rendered":"<p>CDMX. M\u00c9XICO. \u2014 El gobierno capitalino inform\u00f3 hoy, que durante un a\u00f1o dar\u00e1 un apoyo&#8230;<\/p>\n","protected":false},"author":1,"featured_media":119302,"comment_status":"open","ping_status":"open","sticky":false,"template":"","format":"standard","meta":{"_monsterinsights_skip_tracking":false,"_monsterinsights_sitenote_active":false,"_monsterinsights_sitenote_note":"","_monsterinsights_sitenote_category":0,"footnotes":""},"categories":[5],"tags":[],"class_list":["post"],"yoast_head":" \n<title>Sonora en Equipo. Gobierno de la CDMX dar\u00e1 5 mil pesos mensuales a familias afectadas por ampliaci\u00f3n de L12 Rep\u00fablica<\/title>\n<meta name=\"description\" content=\"CDMX. M\u00c9XICO. \u2014 El gobierno capitalino inform\u00f3 hoy, que durante un a\u00f1o dar\u00e1 un apoyo econ\u00f3mico mensual de 5 mil 500 pesos a los habitantes de las colonias En Sonora en Equipo publicamos toda la informaci\u00f3n de Sonora, M\u00e9xico y el Mundo de manera oportuna y busca que la libertad de expresi\u00f3n sea real. Visita nuestro medio informativo publicado desde Hermosillo, Sonora. %\" \/>\n<meta name=\"robots\" content=\"index, follow, max-snippet:-1, max-image-preview:large, max-video-preview:-1\" \/>\n<link rel=\"canonical\" href=\"https:\/\/www.sonoraenequipo.com.mx\/gobierno-de-la-cdmx-dara-5-mil-pesos-mensuales-a-familias-afectadas-por-ampliacion-de-l12\/\" \/>\n<meta property=\"og:locale\" content=\"es_ES\" \/>\n<meta property=\"og:type\" content=\"article\" \/>\n<meta property=\"og:title\" content=\"Sonora en Equipo. Gobierno de la CDMX dar\u00e1 5 mil pesos mensuales a familias afectadas por ampliaci\u00f3n de L12 Rep\u00fablica\" \/>\n<meta property=\"og:description\" content=\"CDMX. M\u00c9XICO. \u2014 El gobierno capitalino inform\u00f3 hoy, que durante un a\u00f1o dar\u00e1 un apoyo econ\u00f3mico mensual de 5 mil 500 pesos a los habitantes de las colonias En Sonora en Equipo publicamos toda la informaci\u00f3n de Sonora, M\u00e9xico y el Mundo de manera oportuna y busca que la libertad de expresi\u00f3n sea real. Visita nuestro medio informativo publicado desde Hermosillo, Sonora. %\" \/>\n<meta property=\"og:url\" content=\"https:\/\/www.sonoraenequipo.com.mx\/gobierno-de-la-cdmx-dara-5-mil-pesos-mensuales-a-familias-afectadas-por-ampliacion-de-l12\/\" \/>\n<meta property=\"og:site_name\" content=\"Sonora en Equipo.\" \/>\n<meta property=\"article:publisher\" content=\"https:\/\/www.facebook.com\/SonoraEE\/\" \/>\n<meta property=\"article:author\" content=\"https:\/\/www.facebook.com\/SonoraEE\" \/>\n<meta property=\"article:published_time\" content=\"2021-07-28T21:28:22+00:00\" \/>\n<meta property=\"article:modified_time\" content=\"2021-07-28T22:48:06+00:00\" \/>\n<meta property=\"og:image\" content=\"https:\/\/www.sonoraenequipo.com.mx\/storage\/2021\/07\/Metro-L12_opt.jpg\" \/>\n\t<meta property=\"og:image:width\" content=\"700\" \/>\n\t<meta property=\"og:image:height\" content=\"400\" \/>\n\t<meta property=\"og:image:type\" content=\"image\/jpeg\" \/>\n<meta name=\"author\" content=\"enequipo\" \/>\n<meta name=\"twitter:card\" content=\"summary_large_image\" \/>\n<meta name=\"twitter:creator\" content=\"@sonoraenequipo\" \/>\n<meta name=\"twitter:site\" content=\"@sonoraenequipo\" \/>\n<meta name=\"twitter:label1\" content=\"Escrito por\" \/>\n\t<meta name=\"twitter:data1\" content=\"enequipo\" \/>\n\t<meta name=\"twitter:label2\" content=\"Tiempo de lectura\" \/>\n\t<meta name=\"twitter:data2\" content=\"3 minutos\" \/>\n<script type=\"application\/ld+json\" class=\"yoast-schema-graph\">{\"@context\":\"https:\/\/schema.org\",\"@graph\":[{\"@type\":\"Article\",\"@id\":\"https:\/\/www.sonoraenequipo.com.mx\/gobierno-de-la-cdmx-dara-5-mil-pesos-mensuales-a-familias-afectadas-por-ampliacion-de-l12\/#article\",\"isPartOf\":{\"@id\":\"https:\/\/www.sonoraenequipo.com.mx\/gobierno-de-la-cdmx-dara-5-mil-pesos-mensuales-a-familias-afectadas-por-ampliacion-de-l12\/\"},\"author\":{\"name\":\"enequipo\",\"@id\":\"https:\/\/www.sonoraenequipo.com.mx\/#\/schema\/person\/50102df0fb23a8fa9e8effad8fa81386\"},\"headline\":\"Gobierno de la CDMX dar\u00e1 5 mil pesos mensuales a familias afectadas por ampliaci\u00f3n de L12\",\"datePublished\":\"2021-07-28T21:28:22+00:00\",\"dateModified\":\"2021-07-28T22:48:06+00:00\",\"mainEntityOfPage\":{\"@id\":\"https:\/\/www.sonoraenequipo.com.mx\/gobierno-de-la-cdmx-dara-5-mil-pesos-mensuales-a-familias-afectadas-por-ampliacion-de-l12\/\"},\"wordCount\":686,\"commentCount\":0,\"publisher\":{\"@id\":\"https:\/\/www.sonoraenequipo.com.mx\/#organization\"},\"image\":{\"@id\":\"https:\/\/www.sonoraenequipo.com.mx\/gobierno-de-la-cdmx-dara-5-mil-pesos-mensuales-a-familias-afectadas-por-ampliacion-de-l12\/#primaryimage\"},\"thumbnailUrl\":\"https:\/\/www.sonoraenequipo.com.mx\/storage\/2021\/07\/Metro-L12_opt.jpg\",\"articleSection\":[\"Rep\u00fablica\"],\"inLanguage\":\"es\",\"potentialAction\":[{\"@type\":\"CommentAction\",\"name\":\"Comment\",\"target\":[\"https:\/\/www.sonoraenequipo.com.mx\/gobierno-de-la-cdmx-dara-5-mil-pesos-mensuales-a-familias-afectadas-por-ampliacion-de-l12\/#respond\"]}]},{\"@type\":\"WebPage\",\"@id\":\"https:\/\/www.sonoraenequipo.com.mx\/gobierno-de-la-cdmx-dara-5-mil-pesos-mensuales-a-familias-afectadas-por-ampliacion-de-l12\/\",\"url\":\"https:\/\/www.sonoraenequipo.com.mx\/gobierno-de-la-cdmx-dara-5-mil-pesos-mensuales-a-familias-afectadas-por-ampliacion-de-l12\/\",\"name\":\"Sonora en Equipo. Gobierno de la CDMX dar\u00e1 5 mil pesos mensuales a familias afectadas por ampliaci\u00f3n de L12 Rep\u00fablica\",\"isPartOf\":{\"@id\":\"https:\/\/www.sonoraenequipo.com.mx\/#website\"},\"primaryImageOfPage\":{\"@id\":\"https:\/\/www.sonoraenequipo.com.mx\/gobierno-de-la-cdmx-dara-5-mil-pesos-mensuales-a-familias-afectadas-por-ampliacion-de-l12\/#primaryimage\"},\"image\":{\"@id\":\"https:\/\/www.sonoraenequipo.com.mx\/gobierno-de-la-cdmx-dara-5-mil-pesos-mensuales-a-familias-afectadas-por-ampliacion-de-l12\/#primaryimage\"},\"thumbnailUrl\":\"https:\/\/www.sonoraenequipo.com.mx\/storage\/2021\/07\/Metro-L12_opt.jpg\",\"datePublished\":\"2021-07-28T21:28:22+00:00\",\"dateModified\":\"2021-07-28T22:48:06+00:00\",\"description\":\"CDMX. M\u00c9XICO. \u2014 El gobierno capitalino inform\u00f3 hoy, que durante un a\u00f1o dar\u00e1 un apoyo econ\u00f3mico mensual de 5 mil 500 pesos a los habitantes de las colonias En Sonora en Equipo publicamos toda la informaci\u00f3n de Sonora, M\u00e9xico y el Mundo de manera oportuna y busca que la libertad de expresi\u00f3n sea real. Visita nuestro medio informativo publicado desde Hermosillo, Sonora. %\",\"breadcrumb\":{\"@id\":\"https:\/\/www.sonoraenequipo.com.mx\/gobierno-de-la-cdmx-dara-5-mil-pesos-mensuales-a-familias-afectadas-por-ampliacion-de-l12\/#breadcrumb\"},\"inLanguage\":\"es\",\"potentialAction\":[{\"@type\":\"ReadAction\",\"target\":[\"https:\/\/www.sonoraenequipo.com.mx\/gobierno-de-la-cdmx-dara-5-mil-pesos-mensuales-a-familias-afectadas-por-ampliacion-de-l12\/\"]}]},{\"@type\":\"ImageObject\",\"inLanguage\":\"es\",\"@id\":\"https:\/\/www.sonoraenequipo.com.mx\/gobierno-de-la-cdmx-dara-5-mil-pesos-mensuales-a-familias-afectadas-por-ampliacion-de-l12\/#primaryimage\",\"url\":\"https:\/\/www.sonoraenequipo.com.mx\/storage\/2021\/07\/Metro-L12_opt.jpg\",\"contentUrl\":\"https:\/\/www.sonoraenequipo.com.mx\/storage\/2021\/07\/Metro-L12_opt.jpg\",\"width\":700,\"height\":400},{\"@type\":\"BreadcrumbList\",\"@id\":\"https:\/\/www.sonoraenequipo.com.mx\/gobierno-de-la-cdmx-dara-5-mil-pesos-mensuales-a-familias-afectadas-por-ampliacion-de-l12\/#breadcrumb\",\"itemListElement\":[{\"@type\":\"ListItem\",\"position\":1,\"name\":\"Portada\",\"item\":\"https:\/\/www.sonoraenequipo.com.mx\/\"},{\"@type\":\"ListItem\",\"position\":2,\"name\":\"Gobierno de la CDMX dar\u00e1 5 mil pesos mensuales a familias afectadas por ampliaci\u00f3n de L12\"}]},{\"@type\":\"WebSite\",\"@id\":\"https:\/\/www.sonoraenequipo.com.mx\/#website\",\"url\":\"https:\/\/www.sonoraenequipo.com.mx\/\",\"name\":\"Sonora en Equipo.\",\"description\":\"Diario en l\u00ednea con Noticias desde Hermosillo, Sonora\",\"publisher\":{\"@id\":\"https:\/\/www.sonoraenequipo.com.mx\/#organization\"},\"potentialAction\":[{\"@type\":\"SearchAction\",\"target\":{\"@type\":\"EntryPoint\",\"urlTemplate\":\"https:\/\/www.sonoraenequipo.com.mx\/?s={search_term_string}\"},\"query-input\":{\"@type\":\"PropertyValueSpecification\",\"valueRequired\":true,\"valueName\":\"search_term_string\"}}],\"inLanguage\":\"es\"},{\"@type\":\"Organization\",\"@id\":\"https:\/\/www.sonoraenequipo.com.mx\/#organization\",\"name\":\"Sonoraenequipo.com.mx\",\"url\":\"https:\/\/www.sonoraenequipo.com.mx\/\",\"logo\":{\"@type\":\"ImageObject\",\"inLanguage\":\"es\",\"@id\":\"https:\/\/www.sonoraenequipo.com.mx\/#\/schema\/logo\/image\/\",\"url\":\"https:\/\/www.sonoraenequipo.com.mx\/storage\/2019\/01\/sonoraenequipo_opt.png\",\"contentUrl\":\"https:\/\/www.sonoraenequipo.com.mx\/storage\/2019\/01\/sonoraenequipo_opt.png\",\"width\":375,\"height\":125,\"caption\":\"Sonoraenequipo.com.mx\"},\"image\":{\"@id\":\"https:\/\/www.sonoraenequipo.com.mx\/#\/schema\/logo\/image\/\"},\"sameAs\":[\"https:\/\/www.facebook.com\/SonoraEE\/\",\"https:\/\/x.com\/sonoraenequipo\",\"https:\/\/www.youtube.com\/channel\/UC338nW-lPEYmJQs4ZABQ1SQ\"]},{\"@type\":\"Person\",\"@id\":\"https:\/\/www.sonoraenequipo.com.mx\/#\/schema\/person\/50102df0fb23a8fa9e8effad8fa81386\",\"name\":\"enequipo\",\"image\":{\"@type\":\"ImageObject\",\"inLanguage\":\"es\",\"@id\":\"https:\/\/www.sonoraenequipo.com.mx\/#\/schema\/person\/image\/\",\"url\":\"https:\/\/secure.gravatar.com\/avatar\/049821681b589dabc0bc20695993ccebb09f5b5d4d790cd9251b97faac7c652b?s=96&d=blank&r=g\",\"contentUrl\":\"https:\/\/secure.gravatar.com\/avatar\/049821681b589dabc0bc20695993ccebb09f5b5d4d790cd9251b97faac7c652b?s=96&d=blank&r=g\",\"caption\":\"enequipo\"},\"sameAs\":[\"https:\/\/www.facebook.com\/SonoraEE\"]}]}<\/script>\n ","yoast_head_json":{"title":"Sonora en Equipo. Gobierno de la CDMX dar\u00e1 5 mil pesos mensuales a familias afectadas por ampliaci\u00f3n de L12 Rep\u00fablica","description":"CDMX. M\u00c9XICO. \u2014 El gobierno capitalino inform\u00f3 hoy, que durante un a\u00f1o dar\u00e1 un apoyo econ\u00f3mico mensual de 5 mil 500 pesos a los habitantes de las colonias En Sonora en Equipo publicamos toda la informaci\u00f3n de Sonora, M\u00e9xico y el Mundo de manera oportuna y busca que la libertad de expresi\u00f3n sea real. Visita nuestro medio informativo publicado desde Hermosillo, Sonora. %","robots":{"index":"index","follow":"follow","max-snippet":"max-snippet:-1","max-image-preview":"max-image-preview:large","max-video-preview":"max-video-preview:-1"},"canonical":"https:\/\/www.sonoraenequipo.com.mx\/gobierno-de-la-cdmx-dara-5-mil-pesos-mensuales-a-familias-afectadas-por-ampliacion-de-l12\/","og_locale":"es_ES","og_type":"article","og_title":"Sonora en Equipo. Gobierno de la CDMX dar\u00e1 5 mil pesos mensuales a familias afectadas por ampliaci\u00f3n de L12 Rep\u00fablica","og_description":"CDMX. M\u00c9XICO. \u2014 El gobierno capitalino inform\u00f3 hoy, que durante un a\u00f1o dar\u00e1 un apoyo econ\u00f3mico mensual de 5 mil 500 pesos a los habitantes de las colonias En Sonora en Equipo publicamos toda la informaci\u00f3n de Sonora, M\u00e9xico y el Mundo de manera oportuna y busca que la libertad de expresi\u00f3n sea real. Visita nuestro medio informativo publicado desde Hermosillo, Sonora. %","og_url":"https:\/\/www.sonoraenequipo.com.mx\/gobierno-de-la-cdmx-dara-5-mil-pesos-mensuales-a-familias-afectadas-por-ampliacion-de-l12\/","og_site_name":"Sonora en Equipo.","article_publisher":"https:\/\/www.facebook.com\/SonoraEE\/","article_author":"https:\/\/www.facebook.com\/SonoraEE","article_published_time":"2021-07-28T21:28:22+00:00","article_modified_time":"2021-07-28T22:48:06+00:00","og_image":[{"width":700,"height":400,"url":"https:\/\/www.sonoraenequipo.com.mx\/storage\/2021\/07\/Metro-L12_opt.jpg","type":"image\/jpeg"}],"author":"enequipo","twitter_card":"summary_large_image","twitter_creator":"@sonoraenequipo","twitter_site":"@sonoraenequipo","twitter_misc":{"Escrito por":"enequipo","Tiempo de lectura":"3 minutos"},"schema":{"@context":"https:\/\/schema.org","@graph":[{"@type":"Article","@id":"https:\/\/www.sonoraenequipo.com.mx\/gobierno-de-la-cdmx-dara-5-mil-pesos-mensuales-a-familias-afectadas-por-ampliacion-de-l12\/#article","isPartOf":{"@id":"https:\/\/www.sonoraenequipo.com.mx\/gobierno-de-la-cdmx-dara-5-mil-pesos-mensuales-a-familias-afectadas-por-ampliacion-de-l12\/"},"author":{"name":"enequipo","@id":"https:\/\/www.sonoraenequipo.com.mx\/#\/schema\/person\/50102df0fb23a8fa9e8effad8fa81386"},"headline":"Gobierno de la CDMX dar\u00e1 5 mil pesos mensuales a familias afectadas por ampliaci\u00f3n de L12","datePublished":"2021-07-28T21:28:22+00:00","dateModified":"2021-07-28T22:48:06+00:00","mainEntityOfPage":{"@id":"https:\/\/www.sonoraenequipo.com.mx\/gobierno-de-la-cdmx-dara-5-mil-pesos-mensuales-a-familias-afectadas-por-ampliacion-de-l12\/"},"wordCount":686,"commentCount":0,"publisher":{"@id":"https:\/\/www.sonoraenequipo.com.mx\/#organization"},"image":{"@id":"https:\/\/www.sonoraenequipo.com.mx\/gobierno-de-la-cdmx-dara-5-mil-pesos-mensuales-a-familias-afectadas-por-ampliacion-de-l12\/#primaryimage"},"thumbnailUrl":"https:\/\/www.sonoraenequipo.com.mx\/storage\/2021\/07\/Metro-L12_opt.jpg","articleSection":["Rep\u00fablica"],"inLanguage":"es","potentialAction":[{"@type":"CommentAction","name":"Comment","target":["https:\/\/www.sonoraenequipo.com.mx\/gobierno-de-la-cdmx-dara-5-mil-pesos-mensuales-a-familias-afectadas-por-ampliacion-de-l12\/#respond"]}]},{"@type":"WebPage","@id":"https:\/\/www.sonoraenequipo.com.mx\/gobierno-de-la-cdmx-dara-5-mil-pesos-mensuales-a-familias-afectadas-por-ampliacion-de-l12\/","url":"https:\/\/www.sonoraenequipo.com.mx\/gobierno-de-la-cdmx-dara-5-mil-pesos-mensuales-a-familias-afectadas-por-ampliacion-de-l12\/","name":"Sonora en Equipo. Gobierno de la CDMX dar\u00e1 5 mil pesos mensuales a familias afectadas por ampliaci\u00f3n de L12 Rep\u00fablica","isPartOf":{"@id":"https:\/\/www.sonoraenequipo.com.mx\/#website"},"primaryImageOfPage":{"@id":"https:\/\/www.sonoraenequipo.com.mx\/gobierno-de-la-cdmx-dara-5-mil-pesos-mensuales-a-familias-afectadas-por-ampliacion-de-l12\/#primaryimage"},"image":{"@id":"https:\/\/www.sonoraenequipo.com.mx\/gobierno-de-la-cdmx-dara-5-mil-pesos-mensuales-a-familias-afectadas-por-ampliacion-de-l12\/#primaryimage"},"thumbnailUrl":"https:\/\/www.sonoraenequipo.com.mx\/storage\/2021\/07\/Metro-L12_opt.jpg","datePublished":"2021-07-28T21:28:22+00:00","dateModified":"2021-07-28T22:48:06+00:00","description":"CDMX. M\u00c9XICO. \u2014 El gobierno capitalino inform\u00f3 hoy, que durante un a\u00f1o dar\u00e1 un apoyo econ\u00f3mico mensual de 5 mil 500 pesos a los habitantes de las colonias En Sonora en Equipo publicamos toda la informaci\u00f3n de Sonora, M\u00e9xico y el Mundo de manera oportuna y busca que la libertad de expresi\u00f3n sea real. Visita nuestro medio informativo publicado desde Hermosillo, Sonora. %","breadcrumb":{"@id":"https:\/\/www.sonoraenequipo.com.mx\/gobierno-de-la-cdmx-dara-5-mil-pesos-mensuales-a-familias-afectadas-por-ampliacion-de-l12\/#breadcrumb"},"inLanguage":"es","potentialAction":[{"@type":"ReadAction","target":["https:\/\/www.sonoraenequipo.com.mx\/gobierno-de-la-cdmx-dara-5-mil-pesos-mensuales-a-familias-afectadas-por-ampliacion-de-l12\/"]}]},{"@type":"ImageObject","inLanguage":"es","@id":"https:\/\/www.sonoraenequipo.com.mx\/gobierno-de-la-cdmx-dara-5-mil-pesos-mensuales-a-familias-afectadas-por-ampliacion-de-l12\/#primaryimage","url":"https:\/\/www.sonoraenequipo.com.mx\/storage\/2021\/07\/Metro-L12_opt.jpg","contentUrl":"https:\/\/www.sonoraenequipo.com.mx\/storage\/2021\/07\/Metro-L12_opt.jpg","width":700,"height":400},{"@type":"BreadcrumbList","@id":"https:\/\/www.sonoraenequipo.com.mx\/gobierno-de-la-cdmx-dara-5-mil-pesos-mensuales-a-familias-afectadas-por-ampliacion-de-l12\/#breadcrumb","itemListElement":[{"@type":"ListItem","position":1,"name":"Portada","item":"https:\/\/www.sonoraenequipo.com.mx\/"},{"@type":"ListItem","position":2,"name":"Gobierno de la CDMX dar\u00e1 5 mil pesos mensuales a familias afectadas por ampliaci\u00f3n de L12"}]},{"@type":"WebSite","@id":"https:\/\/www.sonoraenequipo.com.mx\/#website","url":"https:\/\/www.sonoraenequipo.com.mx\/","name":"Sonora en Equipo.","description":"Diario en l\u00ednea con Noticias desde Hermosillo, Sonora","publisher":{"@id":"https:\/\/www.sonoraenequipo.com.mx\/#organization"},"potentialAction":[{"@type":"SearchAction","target":{"@type":"EntryPoint","urlTemplate":"https:\/\/www.sonoraenequipo.com.mx\/?s={search_term_string}"},"query-input":{"@type":"PropertyValueSpecification","valueRequired":true,"valueName":"search_term_string"}}],"inLanguage":"es"},{"@type":"Organization","@id":"https:\/\/www.sonoraenequipo.com.mx\/#organization","name":"Sonoraenequipo.com.mx","url":"https:\/\/www.sonoraenequipo.com.mx\/","logo":{"@type":"ImageObject","inLanguage":"es","@id":"https:\/\/www.sonoraenequipo.com.mx\/#\/schema\/logo\/image\/","url":"https:\/\/www.sonoraenequipo.com.mx\/storage\/2019\/01\/sonoraenequipo_opt.png","contentUrl":"https:\/\/www.sonoraenequipo.com.mx\/storage\/2019\/01\/sonoraenequipo_opt.png","width":375,"height":125,"caption":"Sonoraenequipo.com.mx"},"image":{"@id":"https:\/\/www.sonoraenequipo.com.mx\/#\/schema\/logo\/image\/"},"sameAs":["https:\/\/www.facebook.com\/SonoraEE\/","https:\/\/x.com\/sonoraenequipo","https:\/\/www.youtube.com\/channel\/UC338nW-lPEYmJQs4ZABQ1SQ"]},{"@type":"Person","@id":"https:\/\/www.sonoraenequipo.com.mx\/#\/schema\/person\/50102df0fb23a8fa9e8effad8fa81386","name":"enequipo","image":{"@type":"ImageObject","inLanguage":"es","@id":"https:\/\/www.sonoraenequipo.com.mx\/#\/schema\/person\/image\/","url":"https:\/\/secure.gravatar.com\/avatar\/049821681b589dabc0bc20695993ccebb09f5b5d4d790cd9251b97faac7c652b?s=96&d=blank&r=g","contentUrl":"https:\/\/secure.gravatar.com\/avatar\/049821681b589dabc0bc20695993ccebb09f5b5d4d790cd9251b97faac7c652b?s=96&d=blank&r=g","caption":"enequipo"},"sameAs":["https:\/\/www.facebook.com\/SonoraEE"]}]}},"jetpack_featured_media_url":"https:\/\/www.sonoraenequipo.com.mx\/storage\/2021\/07\/Metro-L12_opt.jpg","_links":{"self":[{"href":"https:\/\/www.sonoraenequipo.com.mx\/api\/wp\/v2\/posts\/119321","targetHints":{"allow":["GET"]}}],"collection":[{"href":"https:\/\/www.sonoraenequipo.com.mx\/api\/wp\/v2\/posts"}],"about":[{"href":"https:\/\/www.sonoraenequipo.com.mx\/api\/wp\/v2\/types\/post"}],"author":[{"embeddable":true,"href":"https:\/\/www.sonoraenequipo.com.mx\/api\/wp\/v2\/users\/1"}],"replies":[{"embeddable":true,"href":"https:\/\/www.sonoraenequipo.com.mx\/api\/wp\/v2\/comments?post=119321"}],"version-history":[{"count":1,"href":"https:\/\/www.sonoraenequipo.com.mx\/api\/wp\/v2\/posts\/119321\/revisions"}],"predecessor-version":[{"id":119322,"href":"https:\/\/www.sonoraenequipo.com.mx\/api\/wp\/v2\/posts\/119321\/revisions\/119322"}],"wp:featuredmedia":[{"embeddable":true,"href":"https:\/\/www.sonoraenequipo.com.mx\/api\/wp\/v2\/media\/119302"}],"wp:attachment":[{"href":"https:\/\/www.sonoraenequipo.com.mx\/api\/wp\/v2\/media?parent=119321"}],"wp:term":[{"taxonomy":"category","embeddable":true,"href":"https:\/\/www.sonoraenequipo.com.mx\/api\/wp\/v2\/categories?post=119321"},{"taxonomy":"post_tag","embeddable":true,"href":"https:\/\/www.sonoraenequipo.com.mx\/api\/wp\/v2\/tags?post=119321"}],"curies":[{"name":"wp","href":"https:\/\/api.w.org\/{rel}","templated":true}]}}