{"id":119323,"date":"2021-07-28T08:15:49","date_gmt":"2021-07-28T15:15:49","guid":{"rendered":"https:\/\/www.sonoraenequipo.com.mx\/?p=119323"},"modified":"2021-07-28T17:38:55","modified_gmt":"2021-07-29T00:38:55","slug":"julio-hernandez-lopez-acude-a-la-mananera-para-hacer-uso-de-su-derecho-de-replica","status":"publish","type":"post","link":"https:\/\/www.sonoraenequipo.com.mx\/julio-hernandez-lopez-acude-a-la-mananera-para-hacer-uso-de-su-derecho-de-replica\/","title":{"rendered":"Julio Hern\u00e1ndez L\u00f3pez acude a la ma\u00f1anera para hacer uso de su derecho de replica."},"content":{"rendered":"<p>CIUDAD DE M\u00c9XICO. MX. \u2014 El periodista Julio Hern\u00e1ndez L\u00f3pez, mejor conocido como <em>\u201cAstillero\u201d,<\/em> acudi\u00f3 a Palacio Nacional este mi\u00e9rcoles, a la conferencia del presidente mexicano, luego de que la semana pasada incluyeran una publicaci\u00f3n que \u00e9l realiz\u00f3 sobre el proyecto inmobiliario<em> \u201cLas Caba\u00f1as\u201d,<\/em> en la Sierra de San Miguelito, San Luis Potos\u00ed; en la secci\u00f3n semanal del \u201cQui\u00e9n es qui\u00e9n en las mentiras de la semana\u201d.<\/p>\n<p>&nbsp;<\/p>\n<p> <\/p>\n<p>El mi\u00e9rcoles pasado en la secci\u00f3n<em> \u201cqui\u00e9n es qui\u00e9n en las mentiras de la semana\u201d,<\/em> Elizabeth Garc\u00eda Vilchis, encargada de dicha secci\u00f3n, se\u00f1al\u00f3 tres supuestas mentiras del famoso columnista, al respecto, Julio Astillero le contest\u00f3 tanto al mandatario como a Garc\u00eda Vilchis.<\/p>\n<p>&nbsp;<\/p>\n<p>A trav\u00e9s de redes sociales y de su canal en YouTube, el periodista de investigaci\u00f3n sostuvo este mi\u00e9rcoles 28 de julio que los se\u00f1alamientos a los que fue sujeto durante la ma\u00f1anera fueron desproporcionados, pues su investigaci\u00f3n en torno a lo que est\u00e1 ocurriendo en la sierra de San Miguelito tiene fundamento sobre una investigaci\u00f3n consistente y documentada.<\/p>\n<p>&nbsp;<\/p>\n<p>Durante la conferencia matutina de hoy, el tambi\u00e9n abogado us\u00f3 su derecho de r\u00e9plica con el presidente sobre lo dicho la semana pasada:<\/p>\n<p>&nbsp;<\/p>\n<p><em>\u201cLa semana pasada fui se\u00f1alado de mentir aqu\u00ed, en tres ocasiones, en un ejercicio que me parece a m\u00ed, desproporcionada, sin fundamento y sin la autoridad period\u00edstica correspondiente para ese ejercicio\u201d<\/em>, dijo Astillero.<\/p>\n<p>&nbsp;<\/p>\n<p><em>\u201cVengo pues aqu\u00ed, a se\u00f1alar que no s\u00f3lo no he mentido, sino que tengo toda la documentaci\u00f3n y la argumentaci\u00f3n como periodista, para mostrar que el fondo del asunto, que es finalmente lo que aqu\u00ed importa, y ojal\u00e1 el resultado del ejercicio que estamos realizando hoy, desemboque en el posibilidad de que se frene el proceso de supresi\u00f3n 1,805 hect\u00e1reas&#8230;<\/em>\u201d agreg\u00f3 sobre el tema inicial de las acusaciones.<\/p>\n<p>&nbsp;<\/p>\n<p>&nbsp;<\/p>\n<p>Astillero explic\u00f3 en qu\u00e9 consiste el proyecto <em>\u201cLas Ca\u00f1adas\u201d<\/em> el cual, Mar\u00eda Luisa Albores Gonz\u00e1lez, titular de la Secretar\u00eda de Medio Ambiente dijo desconocer. Asimismo, mencion\u00f3 que cuenta con el material con lo que sostiene lo anterior y opt\u00f3 por mostrarlo m\u00e1s adelante a trav\u00e9s de sus redes sociales.<\/p>\n<p>&nbsp;<\/p>\n<p>Agreg\u00f3 que espera disculpas por parte de Elizabeth Garc\u00eda Vilchis, pues es lo que hace una persona cuando se equivoca y lo reconoce, de no ser as\u00ed, Astillero sostuvo que continuar\u00e1 con acciones legales ante instancias nacionales e internacionales.<\/p>\n<p>&nbsp;<\/p>\n<p>L\u00f3pez Obrador le dijo al periodista que tiene garantizado su derecho a manifestarse, a criticar y cuestionar, incluso a proceder legalmente, pero reiter\u00f3 que se le hace un desprop\u00f3sito comparar su gobierno con el de Vicente Fox.<\/p>\n<p>&nbsp;<\/p>\n<p>\u201cT<em>u tienes garantizado todo tu derecho a manifestarte a expresarte a criticar a cuestionar a proceder legalmente, nada m\u00e1s que si considero yo que es un desprop\u00f3sito compararnos con los que destruyeron el cerro de San pedro en San Luis Potos\u00ed, para la explotaci\u00f3n minera, o sea no te adelantes, todav\u00eda no hay un decreto que tiene que firmar el presidente\u201d<\/em>, subray\u00f3 el presidente.<\/p>\n<p>&nbsp;<\/p>\n<p>Al termino de la conferencia de prensa, L\u00f3pez Obrador agradeci\u00f3 a Julio Hern\u00e1ndez su presencia en la ma\u00f1anera.<\/p>\n<p>&nbsp;<\/p>\n<p><em>\u201cMuchas gracias Julio, por estar aqu\u00ed, hasta luego\u201d,<\/em> concluy\u00f3 el presidente de M\u00e9xico.<\/p>\n<p>&nbsp;<\/p>\n<p>&nbsp;<\/p>\n<p>&nbsp;<\/p>\n<p>(Publicada el 28\/07\/2021)<\/p>\n","protected":false},"excerpt":{"rendered":"<p>CIUDAD DE M\u00c9XICO. MX. \u2014 El periodista Julio Hern\u00e1ndez L\u00f3pez, mejor conocido como \u201cAstillero\u201d, acudi\u00f3&#8230;<\/p>\n","protected":false},"author":1,"featured_media":119307,"comment_status":"open","ping_status":"open","sticky":false,"template":"","format":"standard","meta":{"_monsterinsights_skip_tracking":false,"_monsterinsights_sitenote_active":false,"_monsterinsights_sitenote_note":"","_monsterinsights_sitenote_category":0,"footnotes":""},"categories":[5],"tags":[],"class_list":["post"],"yoast_head":" \n<title>Sonora en Equipo. Julio Hern\u00e1ndez L\u00f3pez acude a la ma\u00f1anera para hacer uso de su derecho de replica. Rep\u00fablica<\/title>\n<meta name=\"description\" content=\"CIUDAD DE M\u00c9XICO. MX. \u2014 El periodista Julio Hern\u00e1ndez L\u00f3pez, mejor conocido como \u201cAstillero\u201d, acudi\u00f3 a Palacio Nacional este mi\u00e9rcoles, a la conferencia En Sonora en Equipo publicamos toda la informaci\u00f3n de Sonora, M\u00e9xico y el Mundo de manera oportuna y busca que la libertad de expresi\u00f3n sea real. Visita nuestro medio informativo publicado desde Hermosillo, Sonora. %\" \/>\n<meta name=\"robots\" content=\"index, follow, max-snippet:-1, max-image-preview:large, max-video-preview:-1\" \/>\n<link rel=\"canonical\" href=\"https:\/\/www.sonoraenequipo.com.mx\/julio-hernandez-lopez-acude-a-la-mananera-para-hacer-uso-de-su-derecho-de-replica\/\" \/>\n<meta property=\"og:locale\" content=\"es_ES\" \/>\n<meta property=\"og:type\" content=\"article\" \/>\n<meta property=\"og:title\" content=\"Sonora en Equipo. Julio Hern\u00e1ndez L\u00f3pez acude a la ma\u00f1anera para hacer uso de su derecho de replica. Rep\u00fablica\" \/>\n<meta property=\"og:description\" content=\"CIUDAD DE M\u00c9XICO. MX. \u2014 El periodista Julio Hern\u00e1ndez L\u00f3pez, mejor conocido como \u201cAstillero\u201d, acudi\u00f3 a Palacio Nacional este mi\u00e9rcoles, a la conferencia En Sonora en Equipo publicamos toda la informaci\u00f3n de Sonora, M\u00e9xico y el Mundo de manera oportuna y busca que la libertad de expresi\u00f3n sea real. Visita nuestro medio informativo publicado desde Hermosillo, Sonora. %\" \/>\n<meta property=\"og:url\" content=\"https:\/\/www.sonoraenequipo.com.mx\/julio-hernandez-lopez-acude-a-la-mananera-para-hacer-uso-de-su-derecho-de-replica\/\" \/>\n<meta property=\"og:site_name\" content=\"Sonora en Equipo.\" \/>\n<meta property=\"article:publisher\" content=\"https:\/\/www.facebook.com\/SonoraEE\/\" \/>\n<meta property=\"article:author\" content=\"https:\/\/www.facebook.com\/SonoraEE\" \/>\n<meta property=\"article:published_time\" content=\"2021-07-28T15:15:49+00:00\" \/>\n<meta property=\"article:modified_time\" content=\"2021-07-29T00:38:55+00:00\" \/>\n<meta property=\"og:image\" content=\"https:\/\/www.sonoraenequipo.com.mx\/storage\/2021\/07\/Elizabeth-Garcia-Vilchis-Astillero_opt.jpg\" \/>\n\t<meta property=\"og:image:width\" content=\"700\" \/>\n\t<meta property=\"og:image:height\" content=\"400\" \/>\n\t<meta property=\"og:image:type\" content=\"image\/jpeg\" \/>\n<meta name=\"author\" content=\"enequipo\" \/>\n<meta name=\"twitter:card\" content=\"summary_large_image\" \/>\n<meta name=\"twitter:creator\" content=\"@sonoraenequipo\" \/>\n<meta name=\"twitter:site\" content=\"@sonoraenequipo\" \/>\n<meta name=\"twitter:label1\" content=\"Escrito por\" \/>\n\t<meta name=\"twitter:data1\" content=\"enequipo\" \/>\n\t<meta name=\"twitter:label2\" content=\"Tiempo de lectura\" \/>\n\t<meta name=\"twitter:data2\" content=\"3 minutos\" \/>\n<script type=\"application\/ld+json\" class=\"yoast-schema-graph\">{\"@context\":\"https:\/\/schema.org\",\"@graph\":[{\"@type\":\"Article\",\"@id\":\"https:\/\/www.sonoraenequipo.com.mx\/julio-hernandez-lopez-acude-a-la-mananera-para-hacer-uso-de-su-derecho-de-replica\/#article\",\"isPartOf\":{\"@id\":\"https:\/\/www.sonoraenequipo.com.mx\/julio-hernandez-lopez-acude-a-la-mananera-para-hacer-uso-de-su-derecho-de-replica\/\"},\"author\":{\"name\":\"enequipo\",\"@id\":\"https:\/\/www.sonoraenequipo.com.mx\/#\/schema\/person\/50102df0fb23a8fa9e8effad8fa81386\"},\"headline\":\"Julio Hern\u00e1ndez L\u00f3pez acude a la ma\u00f1anera para hacer uso de su derecho de replica.\",\"datePublished\":\"2021-07-28T15:15:49+00:00\",\"dateModified\":\"2021-07-29T00:38:55+00:00\",\"mainEntityOfPage\":{\"@id\":\"https:\/\/www.sonoraenequipo.com.mx\/julio-hernandez-lopez-acude-a-la-mananera-para-hacer-uso-de-su-derecho-de-replica\/\"},\"wordCount\":594,\"commentCount\":0,\"publisher\":{\"@id\":\"https:\/\/www.sonoraenequipo.com.mx\/#organization\"},\"image\":{\"@id\":\"https:\/\/www.sonoraenequipo.com.mx\/julio-hernandez-lopez-acude-a-la-mananera-para-hacer-uso-de-su-derecho-de-replica\/#primaryimage\"},\"thumbnailUrl\":\"https:\/\/www.sonoraenequipo.com.mx\/storage\/2021\/07\/Elizabeth-Garcia-Vilchis-Astillero_opt.jpg\",\"articleSection\":[\"Rep\u00fablica\"],\"inLanguage\":\"es\",\"potentialAction\":[{\"@type\":\"CommentAction\",\"name\":\"Comment\",\"target\":[\"https:\/\/www.sonoraenequipo.com.mx\/julio-hernandez-lopez-acude-a-la-mananera-para-hacer-uso-de-su-derecho-de-replica\/#respond\"]}]},{\"@type\":\"WebPage\",\"@id\":\"https:\/\/www.sonoraenequipo.com.mx\/julio-hernandez-lopez-acude-a-la-mananera-para-hacer-uso-de-su-derecho-de-replica\/\",\"url\":\"https:\/\/www.sonoraenequipo.com.mx\/julio-hernandez-lopez-acude-a-la-mananera-para-hacer-uso-de-su-derecho-de-replica\/\",\"name\":\"Sonora en Equipo. Julio Hern\u00e1ndez L\u00f3pez acude a la ma\u00f1anera para hacer uso de su derecho de replica. Rep\u00fablica\",\"isPartOf\":{\"@id\":\"https:\/\/www.sonoraenequipo.com.mx\/#website\"},\"primaryImageOfPage\":{\"@id\":\"https:\/\/www.sonoraenequipo.com.mx\/julio-hernandez-lopez-acude-a-la-mananera-para-hacer-uso-de-su-derecho-de-replica\/#primaryimage\"},\"image\":{\"@id\":\"https:\/\/www.sonoraenequipo.com.mx\/julio-hernandez-lopez-acude-a-la-mananera-para-hacer-uso-de-su-derecho-de-replica\/#primaryimage\"},\"thumbnailUrl\":\"https:\/\/www.sonoraenequipo.com.mx\/storage\/2021\/07\/Elizabeth-Garcia-Vilchis-Astillero_opt.jpg\",\"datePublished\":\"2021-07-28T15:15:49+00:00\",\"dateModified\":\"2021-07-29T00:38:55+00:00\",\"description\":\"CIUDAD DE M\u00c9XICO. MX. \u2014 El periodista Julio Hern\u00e1ndez L\u00f3pez, mejor conocido como \u201cAstillero\u201d, acudi\u00f3 a Palacio Nacional este mi\u00e9rcoles, a la conferencia En Sonora en Equipo publicamos toda la informaci\u00f3n de Sonora, M\u00e9xico y el Mundo de manera oportuna y busca que la libertad de expresi\u00f3n sea real. Visita nuestro medio informativo publicado desde Hermosillo, Sonora. %\",\"breadcrumb\":{\"@id\":\"https:\/\/www.sonoraenequipo.com.mx\/julio-hernandez-lopez-acude-a-la-mananera-para-hacer-uso-de-su-derecho-de-replica\/#breadcrumb\"},\"inLanguage\":\"es\",\"potentialAction\":[{\"@type\":\"ReadAction\",\"target\":[\"https:\/\/www.sonoraenequipo.com.mx\/julio-hernandez-lopez-acude-a-la-mananera-para-hacer-uso-de-su-derecho-de-replica\/\"]}]},{\"@type\":\"ImageObject\",\"inLanguage\":\"es\",\"@id\":\"https:\/\/www.sonoraenequipo.com.mx\/julio-hernandez-lopez-acude-a-la-mananera-para-hacer-uso-de-su-derecho-de-replica\/#primaryimage\",\"url\":\"https:\/\/www.sonoraenequipo.com.mx\/storage\/2021\/07\/Elizabeth-Garcia-Vilchis-Astillero_opt.jpg\",\"contentUrl\":\"https:\/\/www.sonoraenequipo.com.mx\/storage\/2021\/07\/Elizabeth-Garcia-Vilchis-Astillero_opt.jpg\",\"width\":700,\"height\":400},{\"@type\":\"BreadcrumbList\",\"@id\":\"https:\/\/www.sonoraenequipo.com.mx\/julio-hernandez-lopez-acude-a-la-mananera-para-hacer-uso-de-su-derecho-de-replica\/#breadcrumb\",\"itemListElement\":[{\"@type\":\"ListItem\",\"position\":1,\"name\":\"Portada\",\"item\":\"https:\/\/www.sonoraenequipo.com.mx\/\"},{\"@type\":\"ListItem\",\"position\":2,\"name\":\"Julio Hern\u00e1ndez L\u00f3pez acude a la ma\u00f1anera para hacer uso de su derecho de replica.\"}]},{\"@type\":\"WebSite\",\"@id\":\"https:\/\/www.sonoraenequipo.com.mx\/#website\",\"url\":\"https:\/\/www.sonoraenequipo.com.mx\/\",\"name\":\"Sonora en Equipo.\",\"description\":\"Diario en l\u00ednea con Noticias desde Hermosillo, Sonora\",\"publisher\":{\"@id\":\"https:\/\/www.sonoraenequipo.com.mx\/#organization\"},\"potentialAction\":[{\"@type\":\"SearchAction\",\"target\":{\"@type\":\"EntryPoint\",\"urlTemplate\":\"https:\/\/www.sonoraenequipo.com.mx\/?s={search_term_string}\"},\"query-input\":{\"@type\":\"PropertyValueSpecification\",\"valueRequired\":true,\"valueName\":\"search_term_string\"}}],\"inLanguage\":\"es\"},{\"@type\":\"Organization\",\"@id\":\"https:\/\/www.sonoraenequipo.com.mx\/#organization\",\"name\":\"Sonoraenequipo.com.mx\",\"url\":\"https:\/\/www.sonoraenequipo.com.mx\/\",\"logo\":{\"@type\":\"ImageObject\",\"inLanguage\":\"es\",\"@id\":\"https:\/\/www.sonoraenequipo.com.mx\/#\/schema\/logo\/image\/\",\"url\":\"https:\/\/www.sonoraenequipo.com.mx\/storage\/2019\/01\/sonoraenequipo_opt.png\",\"contentUrl\":\"https:\/\/www.sonoraenequipo.com.mx\/storage\/2019\/01\/sonoraenequipo_opt.png\",\"width\":375,\"height\":125,\"caption\":\"Sonoraenequipo.com.mx\"},\"image\":{\"@id\":\"https:\/\/www.sonoraenequipo.com.mx\/#\/schema\/logo\/image\/\"},\"sameAs\":[\"https:\/\/www.facebook.com\/SonoraEE\/\",\"https:\/\/x.com\/sonoraenequipo\",\"https:\/\/www.youtube.com\/channel\/UC338nW-lPEYmJQs4ZABQ1SQ\"]},{\"@type\":\"Person\",\"@id\":\"https:\/\/www.sonoraenequipo.com.mx\/#\/schema\/person\/50102df0fb23a8fa9e8effad8fa81386\",\"name\":\"enequipo\",\"image\":{\"@type\":\"ImageObject\",\"inLanguage\":\"es\",\"@id\":\"https:\/\/www.sonoraenequipo.com.mx\/#\/schema\/person\/image\/\",\"url\":\"https:\/\/secure.gravatar.com\/avatar\/049821681b589dabc0bc20695993ccebb09f5b5d4d790cd9251b97faac7c652b?s=96&d=blank&r=g\",\"contentUrl\":\"https:\/\/secure.gravatar.com\/avatar\/049821681b589dabc0bc20695993ccebb09f5b5d4d790cd9251b97faac7c652b?s=96&d=blank&r=g\",\"caption\":\"enequipo\"},\"sameAs\":[\"https:\/\/www.facebook.com\/SonoraEE\"]}]}<\/script>\n ","yoast_head_json":{"title":"Sonora en Equipo. Julio Hern\u00e1ndez L\u00f3pez acude a la ma\u00f1anera para hacer uso de su derecho de replica. Rep\u00fablica","description":"CIUDAD DE M\u00c9XICO. MX. \u2014 El periodista Julio Hern\u00e1ndez L\u00f3pez, mejor conocido como \u201cAstillero\u201d, acudi\u00f3 a Palacio Nacional este mi\u00e9rcoles, a la conferencia En Sonora en Equipo publicamos toda la informaci\u00f3n de Sonora, M\u00e9xico y el Mundo de manera oportuna y busca que la libertad de expresi\u00f3n sea real. Visita nuestro medio informativo publicado desde Hermosillo, Sonora. %","robots":{"index":"index","follow":"follow","max-snippet":"max-snippet:-1","max-image-preview":"max-image-preview:large","max-video-preview":"max-video-preview:-1"},"canonical":"https:\/\/www.sonoraenequipo.com.mx\/julio-hernandez-lopez-acude-a-la-mananera-para-hacer-uso-de-su-derecho-de-replica\/","og_locale":"es_ES","og_type":"article","og_title":"Sonora en Equipo. Julio Hern\u00e1ndez L\u00f3pez acude a la ma\u00f1anera para hacer uso de su derecho de replica. Rep\u00fablica","og_description":"CIUDAD DE M\u00c9XICO. MX. \u2014 El periodista Julio Hern\u00e1ndez L\u00f3pez, mejor conocido como \u201cAstillero\u201d, acudi\u00f3 a Palacio Nacional este mi\u00e9rcoles, a la conferencia En Sonora en Equipo publicamos toda la informaci\u00f3n de Sonora, M\u00e9xico y el Mundo de manera oportuna y busca que la libertad de expresi\u00f3n sea real. Visita nuestro medio informativo publicado desde Hermosillo, Sonora. %","og_url":"https:\/\/www.sonoraenequipo.com.mx\/julio-hernandez-lopez-acude-a-la-mananera-para-hacer-uso-de-su-derecho-de-replica\/","og_site_name":"Sonora en Equipo.","article_publisher":"https:\/\/www.facebook.com\/SonoraEE\/","article_author":"https:\/\/www.facebook.com\/SonoraEE","article_published_time":"2021-07-28T15:15:49+00:00","article_modified_time":"2021-07-29T00:38:55+00:00","og_image":[{"width":700,"height":400,"url":"https:\/\/www.sonoraenequipo.com.mx\/storage\/2021\/07\/Elizabeth-Garcia-Vilchis-Astillero_opt.jpg","type":"image\/jpeg"}],"author":"enequipo","twitter_card":"summary_large_image","twitter_creator":"@sonoraenequipo","twitter_site":"@sonoraenequipo","twitter_misc":{"Escrito por":"enequipo","Tiempo de lectura":"3 minutos"},"schema":{"@context":"https:\/\/schema.org","@graph":[{"@type":"Article","@id":"https:\/\/www.sonoraenequipo.com.mx\/julio-hernandez-lopez-acude-a-la-mananera-para-hacer-uso-de-su-derecho-de-replica\/#article","isPartOf":{"@id":"https:\/\/www.sonoraenequipo.com.mx\/julio-hernandez-lopez-acude-a-la-mananera-para-hacer-uso-de-su-derecho-de-replica\/"},"author":{"name":"enequipo","@id":"https:\/\/www.sonoraenequipo.com.mx\/#\/schema\/person\/50102df0fb23a8fa9e8effad8fa81386"},"headline":"Julio Hern\u00e1ndez L\u00f3pez acude a la ma\u00f1anera para hacer uso de su derecho de replica.","datePublished":"2021-07-28T15:15:49+00:00","dateModified":"2021-07-29T00:38:55+00:00","mainEntityOfPage":{"@id":"https:\/\/www.sonoraenequipo.com.mx\/julio-hernandez-lopez-acude-a-la-mananera-para-hacer-uso-de-su-derecho-de-replica\/"},"wordCount":594,"commentCount":0,"publisher":{"@id":"https:\/\/www.sonoraenequipo.com.mx\/#organization"},"image":{"@id":"https:\/\/www.sonoraenequipo.com.mx\/julio-hernandez-lopez-acude-a-la-mananera-para-hacer-uso-de-su-derecho-de-replica\/#primaryimage"},"thumbnailUrl":"https:\/\/www.sonoraenequipo.com.mx\/storage\/2021\/07\/Elizabeth-Garcia-Vilchis-Astillero_opt.jpg","articleSection":["Rep\u00fablica"],"inLanguage":"es","potentialAction":[{"@type":"CommentAction","name":"Comment","target":["https:\/\/www.sonoraenequipo.com.mx\/julio-hernandez-lopez-acude-a-la-mananera-para-hacer-uso-de-su-derecho-de-replica\/#respond"]}]},{"@type":"WebPage","@id":"https:\/\/www.sonoraenequipo.com.mx\/julio-hernandez-lopez-acude-a-la-mananera-para-hacer-uso-de-su-derecho-de-replica\/","url":"https:\/\/www.sonoraenequipo.com.mx\/julio-hernandez-lopez-acude-a-la-mananera-para-hacer-uso-de-su-derecho-de-replica\/","name":"Sonora en Equipo. Julio Hern\u00e1ndez L\u00f3pez acude a la ma\u00f1anera para hacer uso de su derecho de replica. Rep\u00fablica","isPartOf":{"@id":"https:\/\/www.sonoraenequipo.com.mx\/#website"},"primaryImageOfPage":{"@id":"https:\/\/www.sonoraenequipo.com.mx\/julio-hernandez-lopez-acude-a-la-mananera-para-hacer-uso-de-su-derecho-de-replica\/#primaryimage"},"image":{"@id":"https:\/\/www.sonoraenequipo.com.mx\/julio-hernandez-lopez-acude-a-la-mananera-para-hacer-uso-de-su-derecho-de-replica\/#primaryimage"},"thumbnailUrl":"https:\/\/www.sonoraenequipo.com.mx\/storage\/2021\/07\/Elizabeth-Garcia-Vilchis-Astillero_opt.jpg","datePublished":"2021-07-28T15:15:49+00:00","dateModified":"2021-07-29T00:38:55+00:00","description":"CIUDAD DE M\u00c9XICO. MX. \u2014 El periodista Julio Hern\u00e1ndez L\u00f3pez, mejor conocido como \u201cAstillero\u201d, acudi\u00f3 a Palacio Nacional este mi\u00e9rcoles, a la conferencia En Sonora en Equipo publicamos toda la informaci\u00f3n de Sonora, M\u00e9xico y el Mundo de manera oportuna y busca que la libertad de expresi\u00f3n sea real. Visita nuestro medio informativo publicado desde Hermosillo, Sonora. %","breadcrumb":{"@id":"https:\/\/www.sonoraenequipo.com.mx\/julio-hernandez-lopez-acude-a-la-mananera-para-hacer-uso-de-su-derecho-de-replica\/#breadcrumb"},"inLanguage":"es","potentialAction":[{"@type":"ReadAction","target":["https:\/\/www.sonoraenequipo.com.mx\/julio-hernandez-lopez-acude-a-la-mananera-para-hacer-uso-de-su-derecho-de-replica\/"]}]},{"@type":"ImageObject","inLanguage":"es","@id":"https:\/\/www.sonoraenequipo.com.mx\/julio-hernandez-lopez-acude-a-la-mananera-para-hacer-uso-de-su-derecho-de-replica\/#primaryimage","url":"https:\/\/www.sonoraenequipo.com.mx\/storage\/2021\/07\/Elizabeth-Garcia-Vilchis-Astillero_opt.jpg","contentUrl":"https:\/\/www.sonoraenequipo.com.mx\/storage\/2021\/07\/Elizabeth-Garcia-Vilchis-Astillero_opt.jpg","width":700,"height":400},{"@type":"BreadcrumbList","@id":"https:\/\/www.sonoraenequipo.com.mx\/julio-hernandez-lopez-acude-a-la-mananera-para-hacer-uso-de-su-derecho-de-replica\/#breadcrumb","itemListElement":[{"@type":"ListItem","position":1,"name":"Portada","item":"https:\/\/www.sonoraenequipo.com.mx\/"},{"@type":"ListItem","position":2,"name":"Julio Hern\u00e1ndez L\u00f3pez acude a la ma\u00f1anera para hacer uso de su derecho de replica."}]},{"@type":"WebSite","@id":"https:\/\/www.sonoraenequipo.com.mx\/#website","url":"https:\/\/www.sonoraenequipo.com.mx\/","name":"Sonora en Equipo.","description":"Diario en l\u00ednea con Noticias desde Hermosillo, Sonora","publisher":{"@id":"https:\/\/www.sonoraenequipo.com.mx\/#organization"},"potentialAction":[{"@type":"SearchAction","target":{"@type":"EntryPoint","urlTemplate":"https:\/\/www.sonoraenequipo.com.mx\/?s={search_term_string}"},"query-input":{"@type":"PropertyValueSpecification","valueRequired":true,"valueName":"search_term_string"}}],"inLanguage":"es"},{"@type":"Organization","@id":"https:\/\/www.sonoraenequipo.com.mx\/#organization","name":"Sonoraenequipo.com.mx","url":"https:\/\/www.sonoraenequipo.com.mx\/","logo":{"@type":"ImageObject","inLanguage":"es","@id":"https:\/\/www.sonoraenequipo.com.mx\/#\/schema\/logo\/image\/","url":"https:\/\/www.sonoraenequipo.com.mx\/storage\/2019\/01\/sonoraenequipo_opt.png","contentUrl":"https:\/\/www.sonoraenequipo.com.mx\/storage\/2019\/01\/sonoraenequipo_opt.png","width":375,"height":125,"caption":"Sonoraenequipo.com.mx"},"image":{"@id":"https:\/\/www.sonoraenequipo.com.mx\/#\/schema\/logo\/image\/"},"sameAs":["https:\/\/www.facebook.com\/SonoraEE\/","https:\/\/x.com\/sonoraenequipo","https:\/\/www.youtube.com\/channel\/UC338nW-lPEYmJQs4ZABQ1SQ"]},{"@type":"Person","@id":"https:\/\/www.sonoraenequipo.com.mx\/#\/schema\/person\/50102df0fb23a8fa9e8effad8fa81386","name":"enequipo","image":{"@type":"ImageObject","inLanguage":"es","@id":"https:\/\/www.sonoraenequipo.com.mx\/#\/schema\/person\/image\/","url":"https:\/\/secure.gravatar.com\/avatar\/049821681b589dabc0bc20695993ccebb09f5b5d4d790cd9251b97faac7c652b?s=96&d=blank&r=g","contentUrl":"https:\/\/secure.gravatar.com\/avatar\/049821681b589dabc0bc20695993ccebb09f5b5d4d790cd9251b97faac7c652b?s=96&d=blank&r=g","caption":"enequipo"},"sameAs":["https:\/\/www.facebook.com\/SonoraEE"]}]}},"jetpack_featured_media_url":"https:\/\/www.sonoraenequipo.com.mx\/storage\/2021\/07\/Elizabeth-Garcia-Vilchis-Astillero_opt.jpg","_links":{"self":[{"href":"https:\/\/www.sonoraenequipo.com.mx\/api\/wp\/v2\/posts\/119323","targetHints":{"allow":["GET"]}}],"collection":[{"href":"https:\/\/www.sonoraenequipo.com.mx\/api\/wp\/v2\/posts"}],"about":[{"href":"https:\/\/www.sonoraenequipo.com.mx\/api\/wp\/v2\/types\/post"}],"author":[{"embeddable":true,"href":"https:\/\/www.sonoraenequipo.com.mx\/api\/wp\/v2\/users\/1"}],"replies":[{"embeddable":true,"href":"https:\/\/www.sonoraenequipo.com.mx\/api\/wp\/v2\/comments?post=119323"}],"version-history":[{"count":1,"href":"https:\/\/www.sonoraenequipo.com.mx\/api\/wp\/v2\/posts\/119323\/revisions"}],"predecessor-version":[{"id":119326,"href":"https:\/\/www.sonoraenequipo.com.mx\/api\/wp\/v2\/posts\/119323\/revisions\/119326"}],"wp:featuredmedia":[{"embeddable":true,"href":"https:\/\/www.sonoraenequipo.com.mx\/api\/wp\/v2\/media\/119307"}],"wp:attachment":[{"href":"https:\/\/www.sonoraenequipo.com.mx\/api\/wp\/v2\/media?parent=119323"}],"wp:term":[{"taxonomy":"category","embeddable":true,"href":"https:\/\/www.sonoraenequipo.com.mx\/api\/wp\/v2\/categories?post=119323"},{"taxonomy":"post_tag","embeddable":true,"href":"https:\/\/www.sonoraenequipo.com.mx\/api\/wp\/v2\/tags?post=119323"}],"curies":[{"name":"wp","href":"https:\/\/api.w.org\/{rel}","templated":true}]}}