{"id":119324,"date":"2021-07-28T17:56:45","date_gmt":"2021-07-29T00:56:45","guid":{"rendered":"https:\/\/www.sonoraenequipo.com.mx\/?p=119324"},"modified":"2021-07-28T17:56:45","modified_gmt":"2021-07-29T00:56:45","slug":"bimbo","status":"publish","type":"post","link":"https:\/\/www.sonoraenequipo.com.mx\/bimbo\/","title":{"rendered":"Grupo Bimbo reporta r\u00e9cord en utilidades y m\u00e1rgenes para un segundo trimestre"},"content":{"rendered":"<p>CIUDAD DE M\u00c9XICO.\u2500\u2500\u201cEstoy muy orgulloso que nuestros equipos hayan alcanzado utilidades r\u00e9cord para un segundo trimestre y un crecimiento en las Ventas Netas del 6.6%, excluyendo el efecto del tipo de cambio. Continuamos viendo una demanda fuerte y tasas de crecimiento extraordinarias, mantuvimos y aumentamos nuestra participaci\u00f3n de mercado en nuestras categor\u00edas clave y vimos una recuperaci\u00f3n en aquellos canales y categor\u00edas m\u00e1s afectados durante la pandemia. Continuaremos invirtiendo en nuestros colaboradores, nuestras marcas, en la cadena de valor, en nuestra estrategia de sustentabilidad y en nuestros proyectos de transformaci\u00f3n digital para poder alcanzar nuestra Visi\u00f3n.\u201d Daniel Servitje, Presidente del Consejo y Director General<\/p>\n<p>&nbsp;<\/p>\n<p>\u201cEste segundo trimestre fue extraordinario, a pesar del comparativo complicado y del efecto de la conversi\u00f3n del tipo de cambio, alcanzamos utilidades r\u00e9cord y nuestro Retorno sobre el Capital se expandi\u00f3 280 puntos base. Fortalecimos nuestro balance al mejorar nuestro perfil de amortizaci\u00f3n y generamos un s\u00f3lido flujo de efectivo.\u201d expuso Diego Gaxiola, Director Global de Administraci\u00f3n y Finanzas, en el comunicado emitido, por la panificadora m\u00e1s grande del mundo .<\/p>\n<p>&nbsp;<\/p>\n<p>Los resultados de Grupo Bimbo alcanzaron cifras r\u00e9cord en utilidad para un segundo trimestre, como consecuencia del fuerte desempe\u00f1o de la compa\u00f1\u00eda, principalmente en Estados Unidos, M\u00e9xico y Europa, Asia y \u00c1frica (EAA).<\/p>\n<p>&nbsp;<\/p>\n<p>Las ventas netas de Grupo Bimbo en el segundo trimestre del 2021 sumaron $83,789 millones de pesos, donde es importante resaltar que, excluyendo el efecto del tipo de cambio, registraron un crecimiento de 6.6% en comparaci\u00f3n con el mismo periodo del a\u00f1o anterior; esto gracias al fuerte desempe\u00f1o del volumen en la mayor\u00eda de las regiones.<\/p>\n<p>&nbsp;<\/p>\n<p>Si bien en pesos mexicanos las ventas reflejan una disminuci\u00f3n de 2.9% con respecto al mismo periodo del 2020, esta es atribuible principalmente al reflejo del efecto del tipo de cambio y a un comparativo complicado, ya que en este periodo del a\u00f1o pasado la demanda aument\u00f3 de manera significativa por compras de p\u00e1nico relacionadas al Covid-19. Con respecto a 2019, estas muestran un incremento de 16.2%.<\/p>\n<p>&nbsp;<\/p>\n<p>En la regi\u00f3n de Norteam\u00e9rica, a pesar del comparativo complicado por el aumento del consumo en el segundo trimestre de 2020 explicado en el p\u00e1rrafo anterior, las ventas netas en d\u00f3lares estadounidenses crecieron 0.9% con respecto al mismo periodo del a\u00f1o pasado, por un fuerte desempe\u00f1o del negocio en la regi\u00f3n y la recuperaci\u00f3n del canal de foodservice. Las ventas netas en pesos disminuyeron 13.5%. Frente al segundo trimestre de 2019, las ventas netas registraron un aumento de 18% en pesos y 12.5% en d\u00f3lares estadounidenses.<\/p>\n<p>&nbsp;<\/p>\n<p>En M\u00e9xico, las ventas netas alcanzaron $28,233 millones de pesos; un aumento de 14.7% con respecto al mismo periodo de 2020, destacando, entre otros, crecimiento de los vol\u00famenes en canales y categor\u00edas, as\u00ed como la recuperaci\u00f3n de canales de conveniencia y autovend (m\u00e1quinas expendedoras de alimentos).<\/p>\n<p>&nbsp;<\/p>\n<p>En EAA los ingresos netos incrementaron 13.2% resaltando s\u00f3lido desempe\u00f1o en todos los pa\u00edses, especialmente en Iberia por la adquisici\u00f3n de dos plantas en Espa\u00f1a, por el crecimiento org\u00e1nico en Reino Unido y por la recuperaci\u00f3n del canal de comida r\u00e1pida (QSR) en toda la regi\u00f3n.<\/p>\n<p>&nbsp;<\/p>\n<p>En Latinoam\u00e9rica, las ventas netas en pesos disminuyeron 1.7%, y excluyendo el efecto del tipo de cambio, crecieron cerca de 13%. Destaca en la regi\u00f3n el sobresaliente desempe\u00f1o en vol\u00famenes y ventas en todas las organizaciones, resaltando Chile, Per\u00fa y Brasil, as\u00ed como en las categor\u00edas de boller\u00eda y tortillas.<\/p>\n<p>&nbsp;<\/p>\n<p>La utilidad bruta disminuy\u00f3 4.1% y el margen se contrajo 70 puntos base mientras que la utilidad de operaci\u00f3n en el trimestre registra un aumento de 2.5% con una expansi\u00f3n en el margen de 40 puntos base, alcanzando $7,058 millones de pesos mexicanos.<\/p>\n<p>&nbsp;<\/p>\n<p>La UAFIDA ajustada creci\u00f3 5.9%, a $12,056 millones de pesos, logrando una cifra r\u00e9cord para un segundo trimestre, con una expansi\u00f3n de margen de 120 puntos base, debido al s\u00f3lido desempe\u00f1o operativo, principalmente en Norteam\u00e9rica, M\u00e9xico y EAA. Con respecto al mismo periodo de 2019, esta creci\u00f3 36.9%, con una expansi\u00f3n de margen de 220 puntos base.<\/p>\n<p>&nbsp;<\/p>\n<p>La utilidad neta mayoritaria creci\u00f3 18.6% frente al mismo trimestre de 2020, con una expansi\u00f3n de margen de 70 puntos base, sumando $3,065 millones de pesos. En comparaci\u00f3n con el segundo trimestre de 2019, m\u00e1s que se duplic\u00f3 y el margen se expandi\u00f3 200 puntos base.<\/p>\n<p>&nbsp;<\/p>\n<p>La tasa efectiva de impuestos acumulada al segundo trimestre de 2021 fue de 36%.<\/p>\n<p>La raz\u00f3n de Deuda Neta a UAFIDA Ajustada, la cual no incluye el efecto de la NIIF16, fue de 1.8 veces comparada con 1.9 veces al 31 de diciembre del 2020. De igual forma, la empresa ha fortalecido su balance al mejorar el perfil de amortizaci\u00f3n y generar un s\u00f3lido flujo de efectivo.<\/p>\n<p>&nbsp;<\/p>\n<p>Entre los relevantes de este segundo trimestre destacan la adquisici\u00f3n de Emmy\u2019s Organics en Estados Unidos, l\u00edder en galletas org\u00e1nicas ultra-premium y un jugador relevante en productos de esta categor\u00eda libres de gluten.<\/p>\n<p>&nbsp;<\/p>\n<p>Tambi\u00e9n, este periodo se complet\u00f3 la adquisici\u00f3n de una panader\u00eda en Medina del Campo, Espa\u00f1a a Cerealto Siro Foods, logramos la migraci\u00f3n total a energ\u00eda el\u00e9ctrica 100% renovable en las operaciones de Chile y Panam\u00e1 y la marca Bimbo fue incluida en el ranking de Kantar Brand Footprint como la m\u00e1s elegida en la categor\u00eda de alimentos por los hogares en M\u00e9xico y en Latinoam\u00e9rica, y una de las m\u00e1s elegidas globalmente.<\/p>\n<p>&nbsp;<\/p>\n<p>Durante este periodo Grupo Bimbo realiz\u00f3 la emisi\u00f3n de US$600 millones en bonos internacionales a trav\u00e9s de la subsidiaria Bimbo Bakeries USA. Al respecto, Diego Gaxiola, Director Global de Administraci\u00f3n y Finanzas coment\u00f3: \u201cnuestra s\u00f3lida diversificaci\u00f3n y penetraci\u00f3n en mercados desarrollados contribuyeron en gran medida a atraer el inter\u00e9s de cerca de 180 inversionistas y a alcanzar una sobredemanda de 6.5 veces, reafirmando nuestro perfil global dentro de la industria de alimentos y nuestro compromiso de expandir la base de inversionistas\u201d. Agreg\u00f3 que \u201cesta transacci\u00f3n tiene un efecto neutral para la deuda de Grupo Bimbo y refuerza nuestro compromiso de optimizar nuestra estructura de capital y mantener un balance general s\u00f3lido y un perfil de deuda conservador\u201d.<\/p>\n<p>Fecha de Publicaci\u00f3n\u00a0 mi\u00e9rcoles \/ 28\u00a0\u00a0 \/ julio \/ 2021<\/p>\n","protected":false},"excerpt":{"rendered":"<p>CIUDAD DE M\u00c9XICO.\u2500\u2500\u201cEstoy muy orgulloso que nuestros equipos hayan alcanzado utilidades r\u00e9cord para un segundo&#8230;<\/p>\n","protected":false},"author":1,"featured_media":119330,"comment_status":"open","ping_status":"open","sticky":false,"template":"","format":"standard","meta":{"_monsterinsights_skip_tracking":false,"_monsterinsights_sitenote_active":false,"_monsterinsights_sitenote_note":"","_monsterinsights_sitenote_category":0,"footnotes":""},"categories":[5],"tags":[93,53],"class_list":["post"],"yoast_head":" \n<title>Sonora en Equipo. Grupo Bimbo reporta r\u00e9cord en utilidades y m\u00e1rgenes para un segundo trimestre Rep\u00fablica<\/title>\n<meta name=\"description\" content=\"CIUDAD DE M\u00c9XICO.\u2500\u2500\u201cEstoy muy orgulloso que nuestros equipos hayan alcanzado utilidades r\u00e9cord para un segundo trimestre y un crecimiento en las Ventas En Sonora en Equipo publicamos toda la informaci\u00f3n de Sonora, M\u00e9xico y el Mundo de manera oportuna y busca que la libertad de expresi\u00f3n sea real. Visita nuestro medio informativo publicado desde Hermosillo, Sonora. %\" \/>\n<meta name=\"robots\" content=\"index, follow, max-snippet:-1, max-image-preview:large, max-video-preview:-1\" \/>\n<link rel=\"canonical\" href=\"https:\/\/www.sonoraenequipo.com.mx\/bimbo\/\" \/>\n<meta property=\"og:locale\" content=\"es_ES\" \/>\n<meta property=\"og:type\" content=\"article\" \/>\n<meta property=\"og:title\" content=\"Sonora en Equipo. Grupo Bimbo reporta r\u00e9cord en utilidades y m\u00e1rgenes para un segundo trimestre Rep\u00fablica\" \/>\n<meta property=\"og:description\" content=\"CIUDAD DE M\u00c9XICO.\u2500\u2500\u201cEstoy muy orgulloso que nuestros equipos hayan alcanzado utilidades r\u00e9cord para un segundo trimestre y un crecimiento en las Ventas En Sonora en Equipo publicamos toda la informaci\u00f3n de Sonora, M\u00e9xico y el Mundo de manera oportuna y busca que la libertad de expresi\u00f3n sea real. Visita nuestro medio informativo publicado desde Hermosillo, Sonora. %\" \/>\n<meta property=\"og:url\" content=\"https:\/\/www.sonoraenequipo.com.mx\/bimbo\/\" \/>\n<meta property=\"og:site_name\" content=\"Sonora en Equipo.\" \/>\n<meta property=\"article:publisher\" content=\"https:\/\/www.facebook.com\/SonoraEE\/\" \/>\n<meta property=\"article:author\" content=\"https:\/\/www.facebook.com\/SonoraEE\" \/>\n<meta property=\"article:published_time\" content=\"2021-07-29T00:56:45+00:00\" \/>\n<meta property=\"og:image\" content=\"https:\/\/www.sonoraenequipo.com.mx\/storage\/2021\/07\/carro-bimbo.jpg\" \/>\n\t<meta property=\"og:image:width\" content=\"700\" \/>\n\t<meta property=\"og:image:height\" content=\"400\" \/>\n\t<meta property=\"og:image:type\" content=\"image\/jpeg\" \/>\n<meta name=\"author\" content=\"enequipo\" \/>\n<meta name=\"twitter:card\" content=\"summary_large_image\" \/>\n<meta name=\"twitter:creator\" content=\"@sonoraenequipo\" \/>\n<meta name=\"twitter:site\" content=\"@sonoraenequipo\" \/>\n<meta name=\"twitter:label1\" content=\"Escrito por\" \/>\n\t<meta name=\"twitter:data1\" content=\"enequipo\" \/>\n\t<meta name=\"twitter:label2\" content=\"Tiempo de lectura\" \/>\n\t<meta name=\"twitter:data2\" content=\"5 minutos\" \/>\n<script type=\"application\/ld+json\" class=\"yoast-schema-graph\">{\"@context\":\"https:\/\/schema.org\",\"@graph\":[{\"@type\":\"Article\",\"@id\":\"https:\/\/www.sonoraenequipo.com.mx\/bimbo\/#article\",\"isPartOf\":{\"@id\":\"https:\/\/www.sonoraenequipo.com.mx\/bimbo\/\"},\"author\":{\"name\":\"enequipo\",\"@id\":\"https:\/\/www.sonoraenequipo.com.mx\/#\/schema\/person\/50102df0fb23a8fa9e8effad8fa81386\"},\"headline\":\"Grupo Bimbo reporta r\u00e9cord en utilidades y m\u00e1rgenes para un segundo trimestre\",\"datePublished\":\"2021-07-29T00:56:45+00:00\",\"mainEntityOfPage\":{\"@id\":\"https:\/\/www.sonoraenequipo.com.mx\/bimbo\/\"},\"wordCount\":1079,\"commentCount\":0,\"publisher\":{\"@id\":\"https:\/\/www.sonoraenequipo.com.mx\/#organization\"},\"image\":{\"@id\":\"https:\/\/www.sonoraenequipo.com.mx\/bimbo\/#primaryimage\"},\"thumbnailUrl\":\"https:\/\/www.sonoraenequipo.com.mx\/storage\/2021\/07\/carro-bimbo.jpg\",\"keywords\":[\"econom\u00eda\",\"mexico\"],\"articleSection\":[\"Rep\u00fablica\"],\"inLanguage\":\"es\",\"potentialAction\":[{\"@type\":\"CommentAction\",\"name\":\"Comment\",\"target\":[\"https:\/\/www.sonoraenequipo.com.mx\/bimbo\/#respond\"]}]},{\"@type\":\"WebPage\",\"@id\":\"https:\/\/www.sonoraenequipo.com.mx\/bimbo\/\",\"url\":\"https:\/\/www.sonoraenequipo.com.mx\/bimbo\/\",\"name\":\"Sonora en Equipo. Grupo Bimbo reporta r\u00e9cord en utilidades y m\u00e1rgenes para un segundo trimestre Rep\u00fablica\",\"isPartOf\":{\"@id\":\"https:\/\/www.sonoraenequipo.com.mx\/#website\"},\"primaryImageOfPage\":{\"@id\":\"https:\/\/www.sonoraenequipo.com.mx\/bimbo\/#primaryimage\"},\"image\":{\"@id\":\"https:\/\/www.sonoraenequipo.com.mx\/bimbo\/#primaryimage\"},\"thumbnailUrl\":\"https:\/\/www.sonoraenequipo.com.mx\/storage\/2021\/07\/carro-bimbo.jpg\",\"datePublished\":\"2021-07-29T00:56:45+00:00\",\"description\":\"CIUDAD DE M\u00c9XICO.\u2500\u2500\u201cEstoy muy orgulloso que nuestros equipos hayan alcanzado utilidades r\u00e9cord para un segundo trimestre y un crecimiento en las Ventas En Sonora en Equipo publicamos toda la informaci\u00f3n de Sonora, M\u00e9xico y el Mundo de manera oportuna y busca que la libertad de expresi\u00f3n sea real. Visita nuestro medio informativo publicado desde Hermosillo, Sonora. %\",\"breadcrumb\":{\"@id\":\"https:\/\/www.sonoraenequipo.com.mx\/bimbo\/#breadcrumb\"},\"inLanguage\":\"es\",\"potentialAction\":[{\"@type\":\"ReadAction\",\"target\":[\"https:\/\/www.sonoraenequipo.com.mx\/bimbo\/\"]}]},{\"@type\":\"ImageObject\",\"inLanguage\":\"es\",\"@id\":\"https:\/\/www.sonoraenequipo.com.mx\/bimbo\/#primaryimage\",\"url\":\"https:\/\/www.sonoraenequipo.com.mx\/storage\/2021\/07\/carro-bimbo.jpg\",\"contentUrl\":\"https:\/\/www.sonoraenequipo.com.mx\/storage\/2021\/07\/carro-bimbo.jpg\",\"width\":700,\"height\":400},{\"@type\":\"BreadcrumbList\",\"@id\":\"https:\/\/www.sonoraenequipo.com.mx\/bimbo\/#breadcrumb\",\"itemListElement\":[{\"@type\":\"ListItem\",\"position\":1,\"name\":\"Portada\",\"item\":\"https:\/\/www.sonoraenequipo.com.mx\/\"},{\"@type\":\"ListItem\",\"position\":2,\"name\":\"Grupo Bimbo reporta r\u00e9cord en utilidades y m\u00e1rgenes para un segundo trimestre\"}]},{\"@type\":\"WebSite\",\"@id\":\"https:\/\/www.sonoraenequipo.com.mx\/#website\",\"url\":\"https:\/\/www.sonoraenequipo.com.mx\/\",\"name\":\"Sonora en Equipo.\",\"description\":\"Diario en l\u00ednea con Noticias desde Hermosillo, Sonora\",\"publisher\":{\"@id\":\"https:\/\/www.sonoraenequipo.com.mx\/#organization\"},\"potentialAction\":[{\"@type\":\"SearchAction\",\"target\":{\"@type\":\"EntryPoint\",\"urlTemplate\":\"https:\/\/www.sonoraenequipo.com.mx\/?s={search_term_string}\"},\"query-input\":{\"@type\":\"PropertyValueSpecification\",\"valueRequired\":true,\"valueName\":\"search_term_string\"}}],\"inLanguage\":\"es\"},{\"@type\":\"Organization\",\"@id\":\"https:\/\/www.sonoraenequipo.com.mx\/#organization\",\"name\":\"Sonoraenequipo.com.mx\",\"url\":\"https:\/\/www.sonoraenequipo.com.mx\/\",\"logo\":{\"@type\":\"ImageObject\",\"inLanguage\":\"es\",\"@id\":\"https:\/\/www.sonoraenequipo.com.mx\/#\/schema\/logo\/image\/\",\"url\":\"https:\/\/www.sonoraenequipo.com.mx\/storage\/2019\/01\/sonoraenequipo_opt.png\",\"contentUrl\":\"https:\/\/www.sonoraenequipo.com.mx\/storage\/2019\/01\/sonoraenequipo_opt.png\",\"width\":375,\"height\":125,\"caption\":\"Sonoraenequipo.com.mx\"},\"image\":{\"@id\":\"https:\/\/www.sonoraenequipo.com.mx\/#\/schema\/logo\/image\/\"},\"sameAs\":[\"https:\/\/www.facebook.com\/SonoraEE\/\",\"https:\/\/x.com\/sonoraenequipo\",\"https:\/\/www.youtube.com\/channel\/UC338nW-lPEYmJQs4ZABQ1SQ\"]},{\"@type\":\"Person\",\"@id\":\"https:\/\/www.sonoraenequipo.com.mx\/#\/schema\/person\/50102df0fb23a8fa9e8effad8fa81386\",\"name\":\"enequipo\",\"image\":{\"@type\":\"ImageObject\",\"inLanguage\":\"es\",\"@id\":\"https:\/\/www.sonoraenequipo.com.mx\/#\/schema\/person\/image\/\",\"url\":\"https:\/\/secure.gravatar.com\/avatar\/049821681b589dabc0bc20695993ccebb09f5b5d4d790cd9251b97faac7c652b?s=96&d=blank&r=g\",\"contentUrl\":\"https:\/\/secure.gravatar.com\/avatar\/049821681b589dabc0bc20695993ccebb09f5b5d4d790cd9251b97faac7c652b?s=96&d=blank&r=g\",\"caption\":\"enequipo\"},\"sameAs\":[\"https:\/\/www.facebook.com\/SonoraEE\"]}]}<\/script>\n ","yoast_head_json":{"title":"Sonora en Equipo. Grupo Bimbo reporta r\u00e9cord en utilidades y m\u00e1rgenes para un segundo trimestre Rep\u00fablica","description":"CIUDAD DE M\u00c9XICO.\u2500\u2500\u201cEstoy muy orgulloso que nuestros equipos hayan alcanzado utilidades r\u00e9cord para un segundo trimestre y un crecimiento en las Ventas En Sonora en Equipo publicamos toda la informaci\u00f3n de Sonora, M\u00e9xico y el Mundo de manera oportuna y busca que la libertad de expresi\u00f3n sea real. Visita nuestro medio informativo publicado desde Hermosillo, Sonora. %","robots":{"index":"index","follow":"follow","max-snippet":"max-snippet:-1","max-image-preview":"max-image-preview:large","max-video-preview":"max-video-preview:-1"},"canonical":"https:\/\/www.sonoraenequipo.com.mx\/bimbo\/","og_locale":"es_ES","og_type":"article","og_title":"Sonora en Equipo. Grupo Bimbo reporta r\u00e9cord en utilidades y m\u00e1rgenes para un segundo trimestre Rep\u00fablica","og_description":"CIUDAD DE M\u00c9XICO.\u2500\u2500\u201cEstoy muy orgulloso que nuestros equipos hayan alcanzado utilidades r\u00e9cord para un segundo trimestre y un crecimiento en las Ventas En Sonora en Equipo publicamos toda la informaci\u00f3n de Sonora, M\u00e9xico y el Mundo de manera oportuna y busca que la libertad de expresi\u00f3n sea real. Visita nuestro medio informativo publicado desde Hermosillo, Sonora. %","og_url":"https:\/\/www.sonoraenequipo.com.mx\/bimbo\/","og_site_name":"Sonora en Equipo.","article_publisher":"https:\/\/www.facebook.com\/SonoraEE\/","article_author":"https:\/\/www.facebook.com\/SonoraEE","article_published_time":"2021-07-29T00:56:45+00:00","og_image":[{"width":700,"height":400,"url":"https:\/\/www.sonoraenequipo.com.mx\/storage\/2021\/07\/carro-bimbo.jpg","type":"image\/jpeg"}],"author":"enequipo","twitter_card":"summary_large_image","twitter_creator":"@sonoraenequipo","twitter_site":"@sonoraenequipo","twitter_misc":{"Escrito por":"enequipo","Tiempo de lectura":"5 minutos"},"schema":{"@context":"https:\/\/schema.org","@graph":[{"@type":"Article","@id":"https:\/\/www.sonoraenequipo.com.mx\/bimbo\/#article","isPartOf":{"@id":"https:\/\/www.sonoraenequipo.com.mx\/bimbo\/"},"author":{"name":"enequipo","@id":"https:\/\/www.sonoraenequipo.com.mx\/#\/schema\/person\/50102df0fb23a8fa9e8effad8fa81386"},"headline":"Grupo Bimbo reporta r\u00e9cord en utilidades y m\u00e1rgenes para un segundo trimestre","datePublished":"2021-07-29T00:56:45+00:00","mainEntityOfPage":{"@id":"https:\/\/www.sonoraenequipo.com.mx\/bimbo\/"},"wordCount":1079,"commentCount":0,"publisher":{"@id":"https:\/\/www.sonoraenequipo.com.mx\/#organization"},"image":{"@id":"https:\/\/www.sonoraenequipo.com.mx\/bimbo\/#primaryimage"},"thumbnailUrl":"https:\/\/www.sonoraenequipo.com.mx\/storage\/2021\/07\/carro-bimbo.jpg","keywords":["econom\u00eda","mexico"],"articleSection":["Rep\u00fablica"],"inLanguage":"es","potentialAction":[{"@type":"CommentAction","name":"Comment","target":["https:\/\/www.sonoraenequipo.com.mx\/bimbo\/#respond"]}]},{"@type":"WebPage","@id":"https:\/\/www.sonoraenequipo.com.mx\/bimbo\/","url":"https:\/\/www.sonoraenequipo.com.mx\/bimbo\/","name":"Sonora en Equipo. Grupo Bimbo reporta r\u00e9cord en utilidades y m\u00e1rgenes para un segundo trimestre Rep\u00fablica","isPartOf":{"@id":"https:\/\/www.sonoraenequipo.com.mx\/#website"},"primaryImageOfPage":{"@id":"https:\/\/www.sonoraenequipo.com.mx\/bimbo\/#primaryimage"},"image":{"@id":"https:\/\/www.sonoraenequipo.com.mx\/bimbo\/#primaryimage"},"thumbnailUrl":"https:\/\/www.sonoraenequipo.com.mx\/storage\/2021\/07\/carro-bimbo.jpg","datePublished":"2021-07-29T00:56:45+00:00","description":"CIUDAD DE M\u00c9XICO.\u2500\u2500\u201cEstoy muy orgulloso que nuestros equipos hayan alcanzado utilidades r\u00e9cord para un segundo trimestre y un crecimiento en las Ventas En Sonora en Equipo publicamos toda la informaci\u00f3n de Sonora, M\u00e9xico y el Mundo de manera oportuna y busca que la libertad de expresi\u00f3n sea real. Visita nuestro medio informativo publicado desde Hermosillo, Sonora. %","breadcrumb":{"@id":"https:\/\/www.sonoraenequipo.com.mx\/bimbo\/#breadcrumb"},"inLanguage":"es","potentialAction":[{"@type":"ReadAction","target":["https:\/\/www.sonoraenequipo.com.mx\/bimbo\/"]}]},{"@type":"ImageObject","inLanguage":"es","@id":"https:\/\/www.sonoraenequipo.com.mx\/bimbo\/#primaryimage","url":"https:\/\/www.sonoraenequipo.com.mx\/storage\/2021\/07\/carro-bimbo.jpg","contentUrl":"https:\/\/www.sonoraenequipo.com.mx\/storage\/2021\/07\/carro-bimbo.jpg","width":700,"height":400},{"@type":"BreadcrumbList","@id":"https:\/\/www.sonoraenequipo.com.mx\/bimbo\/#breadcrumb","itemListElement":[{"@type":"ListItem","position":1,"name":"Portada","item":"https:\/\/www.sonoraenequipo.com.mx\/"},{"@type":"ListItem","position":2,"name":"Grupo Bimbo reporta r\u00e9cord en utilidades y m\u00e1rgenes para un segundo trimestre"}]},{"@type":"WebSite","@id":"https:\/\/www.sonoraenequipo.com.mx\/#website","url":"https:\/\/www.sonoraenequipo.com.mx\/","name":"Sonora en Equipo.","description":"Diario en l\u00ednea con Noticias desde Hermosillo, Sonora","publisher":{"@id":"https:\/\/www.sonoraenequipo.com.mx\/#organization"},"potentialAction":[{"@type":"SearchAction","target":{"@type":"EntryPoint","urlTemplate":"https:\/\/www.sonoraenequipo.com.mx\/?s={search_term_string}"},"query-input":{"@type":"PropertyValueSpecification","valueRequired":true,"valueName":"search_term_string"}}],"inLanguage":"es"},{"@type":"Organization","@id":"https:\/\/www.sonoraenequipo.com.mx\/#organization","name":"Sonoraenequipo.com.mx","url":"https:\/\/www.sonoraenequipo.com.mx\/","logo":{"@type":"ImageObject","inLanguage":"es","@id":"https:\/\/www.sonoraenequipo.com.mx\/#\/schema\/logo\/image\/","url":"https:\/\/www.sonoraenequipo.com.mx\/storage\/2019\/01\/sonoraenequipo_opt.png","contentUrl":"https:\/\/www.sonoraenequipo.com.mx\/storage\/2019\/01\/sonoraenequipo_opt.png","width":375,"height":125,"caption":"Sonoraenequipo.com.mx"},"image":{"@id":"https:\/\/www.sonoraenequipo.com.mx\/#\/schema\/logo\/image\/"},"sameAs":["https:\/\/www.facebook.com\/SonoraEE\/","https:\/\/x.com\/sonoraenequipo","https:\/\/www.youtube.com\/channel\/UC338nW-lPEYmJQs4ZABQ1SQ"]},{"@type":"Person","@id":"https:\/\/www.sonoraenequipo.com.mx\/#\/schema\/person\/50102df0fb23a8fa9e8effad8fa81386","name":"enequipo","image":{"@type":"ImageObject","inLanguage":"es","@id":"https:\/\/www.sonoraenequipo.com.mx\/#\/schema\/person\/image\/","url":"https:\/\/secure.gravatar.com\/avatar\/049821681b589dabc0bc20695993ccebb09f5b5d4d790cd9251b97faac7c652b?s=96&d=blank&r=g","contentUrl":"https:\/\/secure.gravatar.com\/avatar\/049821681b589dabc0bc20695993ccebb09f5b5d4d790cd9251b97faac7c652b?s=96&d=blank&r=g","caption":"enequipo"},"sameAs":["https:\/\/www.facebook.com\/SonoraEE"]}]}},"jetpack_featured_media_url":"https:\/\/www.sonoraenequipo.com.mx\/storage\/2021\/07\/carro-bimbo.jpg","_links":{"self":[{"href":"https:\/\/www.sonoraenequipo.com.mx\/api\/wp\/v2\/posts\/119324","targetHints":{"allow":["GET"]}}],"collection":[{"href":"https:\/\/www.sonoraenequipo.com.mx\/api\/wp\/v2\/posts"}],"about":[{"href":"https:\/\/www.sonoraenequipo.com.mx\/api\/wp\/v2\/types\/post"}],"author":[{"embeddable":true,"href":"https:\/\/www.sonoraenequipo.com.mx\/api\/wp\/v2\/users\/1"}],"replies":[{"embeddable":true,"href":"https:\/\/www.sonoraenequipo.com.mx\/api\/wp\/v2\/comments?post=119324"}],"version-history":[{"count":1,"href":"https:\/\/www.sonoraenequipo.com.mx\/api\/wp\/v2\/posts\/119324\/revisions"}],"predecessor-version":[{"id":119331,"href":"https:\/\/www.sonoraenequipo.com.mx\/api\/wp\/v2\/posts\/119324\/revisions\/119331"}],"wp:featuredmedia":[{"embeddable":true,"href":"https:\/\/www.sonoraenequipo.com.mx\/api\/wp\/v2\/media\/119330"}],"wp:attachment":[{"href":"https:\/\/www.sonoraenequipo.com.mx\/api\/wp\/v2\/media?parent=119324"}],"wp:term":[{"taxonomy":"category","embeddable":true,"href":"https:\/\/www.sonoraenequipo.com.mx\/api\/wp\/v2\/categories?post=119324"},{"taxonomy":"post_tag","embeddable":true,"href":"https:\/\/www.sonoraenequipo.com.mx\/api\/wp\/v2\/tags?post=119324"}],"curies":[{"name":"wp","href":"https:\/\/api.w.org\/{rel}","templated":true}]}}